{"id":103084,"date":"2019-03-21T12:12:21","date_gmt":"2019-03-21T11:12:21","guid":{"rendered":"http:\/\/www.bellunopress.it\/?p=103084"},"modified":"2019-03-21T16:17:15","modified_gmt":"2019-03-21T15:17:15","slug":"christian-liva-e-il-nuovo-vicedirettore-del-csv-di-belluno-dopo-quasi-due-anni-dal-saluto-di-angelo-paganin-viene-reintrodotta-la-figura-professionale-a-supporto-e-rinforzo-del-centro-bellunese","status":"publish","type":"post","link":"https:\/\/www.bellunopress.it\/fr\/2019\/03\/21\/christian-liva-e-il-nuovo-vicedirettore-del-csv-di-belluno-dopo-quasi-due-anni-dal-saluto-di-angelo-paganin-viene-reintrodotta-la-figura-professionale-a-supporto-e-rinforzo-del-centro-bellunese\/","title":{"rendered":"Christian Liva \u00e8 il nuovo vicedirettore del Csv di Belluno. Dopo quasi due anni dal saluto di Angelo Paganin viene reintrodotta la figura professionale a supporto e rinforzo del Centro bellunese"},"content":{"rendered":"<figure id=\"attachment_103085\" aria-describedby=\"caption-attachment-103085\" style=\"width: 223px\" class=\"wp-caption alignleft\"><a href=\"http:\/\/www.bellunopress.it\/fr\/2019\/03\/21\/christian-liva-e-il-nuovo-vicedirettore-del-csv-di-belluno-dopo-quasi-due-anni-dal-saluto-di-angelo-paganin-viene-reintrodotta-la-figura-professionale-a-supporto-e-rinforzo-del-centro-bellunese\/christian-liva-2\/\" rel=\"attachment wp-att-103085\"><img loading=\"lazy\" decoding=\"async\" class=\"size-full wp-image-103085\" src=\"http:\/\/www.bellunopress.it\/wp-content\/uploads\/2019\/03\/Christian-Liva-2.jpg\" alt=\"\" width=\"223\" height=\"300\" \/><\/a><figcaption id=\"caption-attachment-103085\" class=\"wp-caption-text\">Christian Liva<\/figcaption><\/figure>\n<p>Christian Liva \u00e8 il nuovo vicedirettore del Csv di Belluno. Succede, alla distanza temporale di quasi due anni, ad Angelo Paganin, che aveva lasciato il Centro di servizio per il volontariato ad agosto del 2017. Ad attenderlo ci sono sfide importanti come la paventata fusione con il Csv di Treviso, la riorganizzazione del personale, la programmazione triennale, le sfide lanciate con la riforma del terzo settore.<\/p>\n<p>Bellunese di nascita, laureato in Giurisprudenza all\u2019universit\u00e0 di Trento, pur appassionato di diritto entra nel mondo della finanza iniziando a lavorare a novembre 2000 per Banca Popolare FriulAdria. Cresce come consulente finanziario e nel 2014 supera l&#8217;esame per l&#8217;iscrizione all&#8217;Albo dei Consulenti Finanziari. Nel gennaio 2015 entra in Banca Mediolanum dove lavora come consulente finanziario in regime libero professionale. Parallelamente agli studi e alla professione nel mondo bancario-assicurativo, partecipa a seminari e corsi di crescita personale e di comunicazione, in particolare seguendo i programmi formativi del Centro Studi Podresca. Sempre attivamente in contatto con la realt\u00e0 del volontariato e dell&#8217;associazionismo, da giovane \u00e8 stato capo scout Agesci, poi obiettore di coscienza presso la Piccola Comunit\u00e0 di don Luigi Vian per la lotta alla tossicodipendenza, pi\u00f9 di recente come collaboratore della Casa delle Mamme di Belluno. \u00abIl mio contributo nell&#8217;ambito del Csv sar\u00e0 a sostegno del direttore Nevio Meneguz\u00bb, afferma Liva, \u00abcercher\u00f2 di dare il mio contributo studiando l&#8217;impatto della riforma del terzo settore sul tessuto associativo e cooperativo bellunese approfondendo gli aspetti di natura giuridica, finanziaria, e tributaria. Cercher\u00f2 anche di dare anche un contributo alla formazione attraverso la realizzazione di interventi e incontri volti a fornire informazioni, consulenze e approfondimenti alla realt\u00e0 del terzo settore nel bellunese\u00bb.<br \/>\n\u00abAl netto dell&#8217;inevitabile impatto che la Riforma sta riversando anche sulle realt\u00e0 bellunesi che si avvalgono della preziosa opera di tanti volontari, quella del Terzo Settore \u00e8 comunque una comunit\u00e0 che si sta muovendo con estremo dinamismo\u00bb, esordisce il direttore Nevio Meneguz, \u00abil tradizionale contributo che ogni cittadino forniva alle attivit\u00e0 volontaristiche sta assumendo nuovi connotati, meno definiti e programmabili. Al contempo i bisogni a cui rispondere sono in quotidiana crescita, e la popolazione segue un trend di affievolimento a causa dell&#8217;invecchiamento e dell&#8217;abbandono di un territorio fragile, soprattutto da parte dei giovani. Questo panorama, descritto in estrema sintesi, lancia nuove sfide che il Csv di Belluno deve affrontare con sempre maggiore competenza e organizzazione. L&#8217;affiancamento allo staff di un vicedirettore \u00e8 finalizzato a questo scopo. Quindi buon lavoro a Christian, a tutti gli operatori e a chi ci guida, ovvero il consiglio direttivo di Comitato d&#8217;Intesa e Csv\u00bb.<\/p>\n<p>\u00abCon l\u2019arrivo del nuovo vicedirettore si \u00e8 cos\u00ec completato l\u2019organico del Csv\u00bb, aggiunge il presidente Gianluca Corsetti, \u00absiamo pronti ad affrontare le nuove ed importanti sfide che il nuovo Codice del Terzo Settore ha riservato non solo per le organizzazioni di volontariato ma anche per i Csv. Raccogliamo con entusiasmo questo impegno, sicuri di poter contare su un team di professionisti di valore che in questi anno hanno saputo far crescere e maturare tutto il volontario bellunese. Il direttivo del Csv d\u00e0 quindi il suo benvenuto a Christian Liva\u00bb.<\/p>","protected":false},"excerpt":{"rendered":"<p>Christian Liva \u00e8 il nuovo vicedirettore del Csv di Belluno. Succede, alla distanza temporale di quasi due anni, ad Angelo Paganin, che aveva lasciato il Centro di servizio per il volontariato ad agosto del 2017. Ad attenderlo ci sono sfide importanti come la paventata fusione con il Csv di Treviso, la riorganizzazione del personale, la [&hellip;]<\/p>\n","protected":false},"author":2,"featured_media":0,"comment_status":"closed","ping_status":"open","sticky":false,"template":"","format":"standard","meta":{"footnotes":""},"categories":[26,8],"tags":[],"class_list":["post-103084","post","type-post","status-publish","format-standard","category-prima-pagina","category-societa-istituzioni"],"yoast_head":"<!-- This site is optimized with the Yoast SEO plugin v28.4 - https:\/\/yoast.com\/product\/yoast-seo-wordpress\/ -->\n<title>Christian Liva \u00e8 il nuovo vicedirettore del Csv di Belluno. Dopo quasi due anni dal saluto di Angelo Paganin viene reintrodotta la figura professionale a supporto e rinforzo del Centro bellunese - Bellunopress - Dolomiti<\/title>\n<meta name=\"robots\" content=\"index, follow, max-snippet:-1, max-image-preview:large, max-video-preview:-1\" \/>\n<link rel=\"canonical\" href=\"https:\/\/www.bellunopress.it\/fr\/2019\/03\/21\/christian-liva-e-il-nuovo-vicedirettore-del-csv-di-belluno-dopo-quasi-due-anni-dal-saluto-di-angelo-paganin-viene-reintrodotta-la-figura-professionale-a-supporto-e-rinforzo-del-centro-bellunese\/\" \/>\n<meta property=\"og:locale\" content=\"fr_FR\" \/>\n<meta property=\"og:type\" content=\"article\" \/>\n<meta property=\"og:title\" content=\"Christian Liva \u00e8 il nuovo vicedirettore del Csv di Belluno. Dopo quasi due anni dal saluto di Angelo Paganin viene reintrodotta la figura professionale a supporto e rinforzo del Centro bellunese - Bellunopress - Dolomiti\" \/>\n<meta property=\"og:description\" content=\"Christian Liva \u00e8 il nuovo vicedirettore del Csv di Belluno. Succede, alla distanza temporale di quasi due anni, ad Angelo Paganin, che aveva lasciato il Centro di servizio per il volontariato ad agosto del 2017. Ad attenderlo ci sono sfide importanti come la paventata fusione con il Csv di Treviso, la riorganizzazione del personale, la [&hellip;]\" \/>\n<meta property=\"og:url\" content=\"https:\/\/www.bellunopress.it\/fr\/2019\/03\/21\/christian-liva-e-il-nuovo-vicedirettore-del-csv-di-belluno-dopo-quasi-due-anni-dal-saluto-di-angelo-paganin-viene-reintrodotta-la-figura-professionale-a-supporto-e-rinforzo-del-centro-bellunese\/\" \/>\n<meta property=\"og:site_name\" content=\"Bellunopress - Dolomiti\" \/>\n<meta property=\"article:publisher\" content=\"https:\/\/www.facebook.com\/profile.php?id=100008943462799\" \/>\n<meta property=\"article:published_time\" content=\"2019-03-21T11:12:21+00:00\" \/>\n<meta property=\"article:modified_time\" content=\"2019-03-21T15:17:15+00:00\" \/>\n<meta property=\"og:image\" content=\"http:\/\/www.bellunopress.it\/wp-content\/uploads\/2019\/03\/Christian-Liva-2.jpg\" \/>\n<meta name=\"author\" content=\"redazione\" \/>\n<meta name=\"twitter:card\" content=\"summary_large_image\" \/>\n<meta name=\"twitter:creator\" content=\"@bellunopress\" \/>\n<meta name=\"twitter:site\" content=\"@bellunopress\" \/>\n<meta name=\"twitter:label1\" content=\"Written by\" \/>\n\t<meta name=\"twitter:data1\" content=\"redazione\" \/>\n\t<meta name=\"twitter:label2\" content=\"Est. reading time\" \/>\n\t<meta name=\"twitter:data2\" content=\"3 minutes\" \/>\n<script type=\"application\/ld+json\" class=\"yoast-schema-graph\">{\"@context\":\"https:\\\/\\\/schema.org\",\"@graph\":[{\"@type\":\"Article\",\"@id\":\"https:\\\/\\\/www.bellunopress.it\\\/2019\\\/03\\\/21\\\/christian-liva-e-il-nuovo-vicedirettore-del-csv-di-belluno-dopo-quasi-due-anni-dal-saluto-di-angelo-paganin-viene-reintrodotta-la-figura-professionale-a-supporto-e-rinforzo-del-centro-bellunese\\\/#article\",\"isPartOf\":{\"@id\":\"https:\\\/\\\/www.bellunopress.it\\\/2019\\\/03\\\/21\\\/christian-liva-e-il-nuovo-vicedirettore-del-csv-di-belluno-dopo-quasi-due-anni-dal-saluto-di-angelo-paganin-viene-reintrodotta-la-figura-professionale-a-supporto-e-rinforzo-del-centro-bellunese\\\/\"},\"author\":{\"name\":\"redazione\",\"@id\":\"https:\\\/\\\/www.bellunopress.it\\\/#\\\/schema\\\/person\\\/79bb06722b37ece1c03d3e94beb30d73\"},\"headline\":\"Christian Liva \u00e8 il nuovo vicedirettore del Csv di Belluno. Dopo quasi due anni dal saluto di Angelo Paganin viene reintrodotta la figura professionale a supporto e rinforzo del Centro bellunese\",\"datePublished\":\"2019-03-21T11:12:21+00:00\",\"dateModified\":\"2019-03-21T15:17:15+00:00\",\"mainEntityOfPage\":{\"@id\":\"https:\\\/\\\/www.bellunopress.it\\\/2019\\\/03\\\/21\\\/christian-liva-e-il-nuovo-vicedirettore-del-csv-di-belluno-dopo-quasi-due-anni-dal-saluto-di-angelo-paganin-viene-reintrodotta-la-figura-professionale-a-supporto-e-rinforzo-del-centro-bellunese\\\/\"},\"wordCount\":556,\"publisher\":{\"@id\":\"https:\\\/\\\/www.bellunopress.it\\\/#organization\"},\"image\":{\"@id\":\"https:\\\/\\\/www.bellunopress.it\\\/2019\\\/03\\\/21\\\/christian-liva-e-il-nuovo-vicedirettore-del-csv-di-belluno-dopo-quasi-due-anni-dal-saluto-di-angelo-paganin-viene-reintrodotta-la-figura-professionale-a-supporto-e-rinforzo-del-centro-bellunese\\\/#primaryimage\"},\"thumbnailUrl\":\"http:\\\/\\\/www.bellunopress.it\\\/wp-content\\\/uploads\\\/2019\\\/03\\\/Christian-Liva-2.jpg\",\"articleSection\":[\"Prima Pagina\",\"Societ\u00e0, Associazioni, Istituzioni\"],\"inLanguage\":\"fr-FR\"},{\"@type\":\"WebPage\",\"@id\":\"https:\\\/\\\/www.bellunopress.it\\\/2019\\\/03\\\/21\\\/christian-liva-e-il-nuovo-vicedirettore-del-csv-di-belluno-dopo-quasi-due-anni-dal-saluto-di-angelo-paganin-viene-reintrodotta-la-figura-professionale-a-supporto-e-rinforzo-del-centro-bellunese\\\/\",\"url\":\"https:\\\/\\\/www.bellunopress.it\\\/2019\\\/03\\\/21\\\/christian-liva-e-il-nuovo-vicedirettore-del-csv-di-belluno-dopo-quasi-due-anni-dal-saluto-di-angelo-paganin-viene-reintrodotta-la-figura-professionale-a-supporto-e-rinforzo-del-centro-bellunese\\\/\",\"name\":\"Christian Liva \u00e8 il nuovo vicedirettore del Csv di Belluno. Dopo quasi due anni dal saluto di Angelo Paganin viene reintrodotta la figura professionale a supporto e rinforzo del Centro bellunese - Bellunopress - Dolomiti\",\"isPartOf\":{\"@id\":\"https:\\\/\\\/www.bellunopress.it\\\/#website\"},\"primaryImageOfPage\":{\"@id\":\"https:\\\/\\\/www.bellunopress.it\\\/2019\\\/03\\\/21\\\/christian-liva-e-il-nuovo-vicedirettore-del-csv-di-belluno-dopo-quasi-due-anni-dal-saluto-di-angelo-paganin-viene-reintrodotta-la-figura-professionale-a-supporto-e-rinforzo-del-centro-bellunese\\\/#primaryimage\"},\"image\":{\"@id\":\"https:\\\/\\\/www.bellunopress.it\\\/2019\\\/03\\\/21\\\/christian-liva-e-il-nuovo-vicedirettore-del-csv-di-belluno-dopo-quasi-due-anni-dal-saluto-di-angelo-paganin-viene-reintrodotta-la-figura-professionale-a-supporto-e-rinforzo-del-centro-bellunese\\\/#primaryimage\"},\"thumbnailUrl\":\"http:\\\/\\\/www.bellunopress.it\\\/wp-content\\\/uploads\\\/2019\\\/03\\\/Christian-Liva-2.jpg\",\"datePublished\":\"2019-03-21T11:12:21+00:00\",\"dateModified\":\"2019-03-21T15:17:15+00:00\",\"breadcrumb\":{\"@id\":\"https:\\\/\\\/www.bellunopress.it\\\/2019\\\/03\\\/21\\\/christian-liva-e-il-nuovo-vicedirettore-del-csv-di-belluno-dopo-quasi-due-anni-dal-saluto-di-angelo-paganin-viene-reintrodotta-la-figura-professionale-a-supporto-e-rinforzo-del-centro-bellunese\\\/#breadcrumb\"},\"inLanguage\":\"fr-FR\",\"potentialAction\":[{\"@type\":\"ReadAction\",\"target\":[\"https:\\\/\\\/www.bellunopress.it\\\/2019\\\/03\\\/21\\\/christian-liva-e-il-nuovo-vicedirettore-del-csv-di-belluno-dopo-quasi-due-anni-dal-saluto-di-angelo-paganin-viene-reintrodotta-la-figura-professionale-a-supporto-e-rinforzo-del-centro-bellunese\\\/\"]}]},{\"@type\":\"ImageObject\",\"inLanguage\":\"fr-FR\",\"@id\":\"https:\\\/\\\/www.bellunopress.it\\\/2019\\\/03\\\/21\\\/christian-liva-e-il-nuovo-vicedirettore-del-csv-di-belluno-dopo-quasi-due-anni-dal-saluto-di-angelo-paganin-viene-reintrodotta-la-figura-professionale-a-supporto-e-rinforzo-del-centro-bellunese\\\/#primaryimage\",\"url\":\"http:\\\/\\\/www.bellunopress.it\\\/wp-content\\\/uploads\\\/2019\\\/03\\\/Christian-Liva-2.jpg\",\"contentUrl\":\"http:\\\/\\\/www.bellunopress.it\\\/wp-content\\\/uploads\\\/2019\\\/03\\\/Christian-Liva-2.jpg\"},{\"@type\":\"BreadcrumbList\",\"@id\":\"https:\\\/\\\/www.bellunopress.it\\\/2019\\\/03\\\/21\\\/christian-liva-e-il-nuovo-vicedirettore-del-csv-di-belluno-dopo-quasi-due-anni-dal-saluto-di-angelo-paganin-viene-reintrodotta-la-figura-professionale-a-supporto-e-rinforzo-del-centro-bellunese\\\/#breadcrumb\",\"itemListElement\":[{\"@type\":\"ListItem\",\"position\":1,\"name\":\"Home\",\"item\":\"https:\\\/\\\/www.bellunopress.it\\\/\"},{\"@type\":\"ListItem\",\"position\":2,\"name\":\"Christian Liva \u00e8 il nuovo vicedirettore del Csv di Belluno. Dopo quasi due anni dal saluto di Angelo Paganin viene reintrodotta la figura professionale a supporto e rinforzo del Centro bellunese\"}]},{\"@type\":\"WebSite\",\"@id\":\"https:\\\/\\\/www.bellunopress.it\\\/#website\",\"url\":\"https:\\\/\\\/www.bellunopress.it\\\/\",\"name\":\"Bellunopress - Dolomiti\",\"description\":\"e-mail: redazione@bellunopress.it\",\"publisher\":{\"@id\":\"https:\\\/\\\/www.bellunopress.it\\\/#organization\"},\"potentialAction\":[{\"@type\":\"SearchAction\",\"target\":{\"@type\":\"EntryPoint\",\"urlTemplate\":\"https:\\\/\\\/www.bellunopress.it\\\/?s={search_term_string}\"},\"query-input\":{\"@type\":\"PropertyValueSpecification\",\"valueRequired\":true,\"valueName\":\"search_term_string\"}}],\"inLanguage\":\"fr-FR\"},{\"@type\":\"Organization\",\"@id\":\"https:\\\/\\\/www.bellunopress.it\\\/#organization\",\"name\":\"Bellunopress\",\"url\":\"https:\\\/\\\/www.bellunopress.it\\\/\",\"logo\":{\"@type\":\"ImageObject\",\"inLanguage\":\"fr-FR\",\"@id\":\"https:\\\/\\\/www.bellunopress.it\\\/#\\\/schema\\\/logo\\\/image\\\/\",\"url\":\"https:\\\/\\\/www.bellunopress.it\\\/wp-content\\\/uploads\\\/2011\\\/05\\\/cropped-logo-bellunopress-.jpg\",\"contentUrl\":\"https:\\\/\\\/www.bellunopress.it\\\/wp-content\\\/uploads\\\/2011\\\/05\\\/cropped-logo-bellunopress-.jpg\",\"width\":512,\"height\":512,\"caption\":\"Bellunopress\"},\"image\":{\"@id\":\"https:\\\/\\\/www.bellunopress.it\\\/#\\\/schema\\\/logo\\\/image\\\/\"},\"sameAs\":[\"https:\\\/\\\/www.facebook.com\\\/profile.php?id=100008943462799\",\"https:\\\/\\\/x.com\\\/bellunopress\",\"https:\\\/\\\/www.linkedin.com\\\/hp\\\/?dnr=JBzUWaJfMUw8vbXJJ2tVW5-I3jZKvC4wsoxE&amp;amp;amp;amp;amp;amp;trk=nav_responsive_tab_home\",\"https:\\\/\\\/www.youtube.com\\\/channel\\\/UCxL0wu1uN0_3_7hGG0306cw\"]},{\"@type\":\"Person\",\"@id\":\"https:\\\/\\\/www.bellunopress.it\\\/#\\\/schema\\\/person\\\/79bb06722b37ece1c03d3e94beb30d73\",\"name\":\"redazione\",\"image\":{\"@type\":\"ImageObject\",\"inLanguage\":\"fr-FR\",\"@id\":\"https:\\\/\\\/secure.gravatar.com\\\/avatar\\\/37d968a2e67a6fd04c169c4bdef102d0bc5d31b2546345219e348575eb80e9a0?s=96&d=mm&r=g\",\"url\":\"https:\\\/\\\/secure.gravatar.com\\\/avatar\\\/37d968a2e67a6fd04c169c4bdef102d0bc5d31b2546345219e348575eb80e9a0?s=96&d=mm&r=g\",\"contentUrl\":\"https:\\\/\\\/secure.gravatar.com\\\/avatar\\\/37d968a2e67a6fd04c169c4bdef102d0bc5d31b2546345219e348575eb80e9a0?s=96&d=mm&r=g\",\"caption\":\"redazione\"},\"sameAs\":[\"http:\\\/\\\/www.bellunopress.it\",\"https:\\\/\\\/x.com\\\/bellunopress\"],\"url\":\"https:\\\/\\\/www.bellunopress.it\\\/fr\\\/author\\\/redazione\\\/\"}]}<\/script>\n<!-- \/ Yoast SEO plugin. -->","yoast_head_json":{"title":"Christian Liva \u00e8 il nuovo vicedirettore del Csv di Belluno. Dopo quasi due anni dal saluto di Angelo Paganin viene reintrodotta la figura professionale a supporto e rinforzo del Centro bellunese - Bellunopress - Dolomiti","robots":{"index":"index","follow":"follow","max-snippet":"max-snippet:-1","max-image-preview":"max-image-preview:large","max-video-preview":"max-video-preview:-1"},"canonical":"https:\/\/www.bellunopress.it\/fr\/2019\/03\/21\/christian-liva-e-il-nuovo-vicedirettore-del-csv-di-belluno-dopo-quasi-due-anni-dal-saluto-di-angelo-paganin-viene-reintrodotta-la-figura-professionale-a-supporto-e-rinforzo-del-centro-bellunese\/","og_locale":"fr_FR","og_type":"article","og_title":"Christian Liva \u00e8 il nuovo vicedirettore del Csv di Belluno. Dopo quasi due anni dal saluto di Angelo Paganin viene reintrodotta la figura professionale a supporto e rinforzo del Centro bellunese - Bellunopress - Dolomiti","og_description":"Christian Liva \u00e8 il nuovo vicedirettore del Csv di Belluno. Succede, alla distanza temporale di quasi due anni, ad Angelo Paganin, che aveva lasciato il Centro di servizio per il volontariato ad agosto del 2017. Ad attenderlo ci sono sfide importanti come la paventata fusione con il Csv di Treviso, la riorganizzazione del personale, la [&hellip;]","og_url":"https:\/\/www.bellunopress.it\/fr\/2019\/03\/21\/christian-liva-e-il-nuovo-vicedirettore-del-csv-di-belluno-dopo-quasi-due-anni-dal-saluto-di-angelo-paganin-viene-reintrodotta-la-figura-professionale-a-supporto-e-rinforzo-del-centro-bellunese\/","og_site_name":"Bellunopress - Dolomiti","article_publisher":"https:\/\/www.facebook.com\/profile.php?id=100008943462799","article_published_time":"2019-03-21T11:12:21+00:00","article_modified_time":"2019-03-21T15:17:15+00:00","og_image":[{"url":"http:\/\/www.bellunopress.it\/wp-content\/uploads\/2019\/03\/Christian-Liva-2.jpg","type":"","width":"","height":""}],"author":"redazione","twitter_card":"summary_large_image","twitter_creator":"@bellunopress","twitter_site":"@bellunopress","twitter_misc":{"Written by":"redazione","Est. reading time":"3 minutes"},"schema":{"@context":"https:\/\/schema.org","@graph":[{"@type":"Article","@id":"https:\/\/www.bellunopress.it\/2019\/03\/21\/christian-liva-e-il-nuovo-vicedirettore-del-csv-di-belluno-dopo-quasi-due-anni-dal-saluto-di-angelo-paganin-viene-reintrodotta-la-figura-professionale-a-supporto-e-rinforzo-del-centro-bellunese\/#article","isPartOf":{"@id":"https:\/\/www.bellunopress.it\/2019\/03\/21\/christian-liva-e-il-nuovo-vicedirettore-del-csv-di-belluno-dopo-quasi-due-anni-dal-saluto-di-angelo-paganin-viene-reintrodotta-la-figura-professionale-a-supporto-e-rinforzo-del-centro-bellunese\/"},"author":{"name":"redazione","@id":"https:\/\/www.bellunopress.it\/#\/schema\/person\/79bb06722b37ece1c03d3e94beb30d73"},"headline":"Christian Liva \u00e8 il nuovo vicedirettore del Csv di Belluno. Dopo quasi due anni dal saluto di Angelo Paganin viene reintrodotta la figura professionale a supporto e rinforzo del Centro bellunese","datePublished":"2019-03-21T11:12:21+00:00","dateModified":"2019-03-21T15:17:15+00:00","mainEntityOfPage":{"@id":"https:\/\/www.bellunopress.it\/2019\/03\/21\/christian-liva-e-il-nuovo-vicedirettore-del-csv-di-belluno-dopo-quasi-due-anni-dal-saluto-di-angelo-paganin-viene-reintrodotta-la-figura-professionale-a-supporto-e-rinforzo-del-centro-bellunese\/"},"wordCount":556,"publisher":{"@id":"https:\/\/www.bellunopress.it\/#organization"},"image":{"@id":"https:\/\/www.bellunopress.it\/2019\/03\/21\/christian-liva-e-il-nuovo-vicedirettore-del-csv-di-belluno-dopo-quasi-due-anni-dal-saluto-di-angelo-paganin-viene-reintrodotta-la-figura-professionale-a-supporto-e-rinforzo-del-centro-bellunese\/#primaryimage"},"thumbnailUrl":"http:\/\/www.bellunopress.it\/wp-content\/uploads\/2019\/03\/Christian-Liva-2.jpg","articleSection":["Prima Pagina","Societ\u00e0, Associazioni, Istituzioni"],"inLanguage":"fr-FR"},{"@type":"WebPage","@id":"https:\/\/www.bellunopress.it\/2019\/03\/21\/christian-liva-e-il-nuovo-vicedirettore-del-csv-di-belluno-dopo-quasi-due-anni-dal-saluto-di-angelo-paganin-viene-reintrodotta-la-figura-professionale-a-supporto-e-rinforzo-del-centro-bellunese\/","url":"https:\/\/www.bellunopress.it\/2019\/03\/21\/christian-liva-e-il-nuovo-vicedirettore-del-csv-di-belluno-dopo-quasi-due-anni-dal-saluto-di-angelo-paganin-viene-reintrodotta-la-figura-professionale-a-supporto-e-rinforzo-del-centro-bellunese\/","name":"Christian Liva \u00e8 il nuovo vicedirettore del Csv di Belluno. Dopo quasi due anni dal saluto di Angelo Paganin viene reintrodotta la figura professionale a supporto e rinforzo del Centro bellunese - Bellunopress - Dolomiti","isPartOf":{"@id":"https:\/\/www.bellunopress.it\/#website"},"primaryImageOfPage":{"@id":"https:\/\/www.bellunopress.it\/2019\/03\/21\/christian-liva-e-il-nuovo-vicedirettore-del-csv-di-belluno-dopo-quasi-due-anni-dal-saluto-di-angelo-paganin-viene-reintrodotta-la-figura-professionale-a-supporto-e-rinforzo-del-centro-bellunese\/#primaryimage"},"image":{"@id":"https:\/\/www.bellunopress.it\/2019\/03\/21\/christian-liva-e-il-nuovo-vicedirettore-del-csv-di-belluno-dopo-quasi-due-anni-dal-saluto-di-angelo-paganin-viene-reintrodotta-la-figura-professionale-a-supporto-e-rinforzo-del-centro-bellunese\/#primaryimage"},"thumbnailUrl":"http:\/\/www.bellunopress.it\/wp-content\/uploads\/2019\/03\/Christian-Liva-2.jpg","datePublished":"2019-03-21T11:12:21+00:00","dateModified":"2019-03-21T15:17:15+00:00","breadcrumb":{"@id":"https:\/\/www.bellunopress.it\/2019\/03\/21\/christian-liva-e-il-nuovo-vicedirettore-del-csv-di-belluno-dopo-quasi-due-anni-dal-saluto-di-angelo-paganin-viene-reintrodotta-la-figura-professionale-a-supporto-e-rinforzo-del-centro-bellunese\/#breadcrumb"},"inLanguage":"fr-FR","potentialAction":[{"@type":"ReadAction","target":["https:\/\/www.bellunopress.it\/2019\/03\/21\/christian-liva-e-il-nuovo-vicedirettore-del-csv-di-belluno-dopo-quasi-due-anni-dal-saluto-di-angelo-paganin-viene-reintrodotta-la-figura-professionale-a-supporto-e-rinforzo-del-centro-bellunese\/"]}]},{"@type":"ImageObject","inLanguage":"fr-FR","@id":"https:\/\/www.bellunopress.it\/2019\/03\/21\/christian-liva-e-il-nuovo-vicedirettore-del-csv-di-belluno-dopo-quasi-due-anni-dal-saluto-di-angelo-paganin-viene-reintrodotta-la-figura-professionale-a-supporto-e-rinforzo-del-centro-bellunese\/#primaryimage","url":"http:\/\/www.bellunopress.it\/wp-content\/uploads\/2019\/03\/Christian-Liva-2.jpg","contentUrl":"http:\/\/www.bellunopress.it\/wp-content\/uploads\/2019\/03\/Christian-Liva-2.jpg"},{"@type":"BreadcrumbList","@id":"https:\/\/www.bellunopress.it\/2019\/03\/21\/christian-liva-e-il-nuovo-vicedirettore-del-csv-di-belluno-dopo-quasi-due-anni-dal-saluto-di-angelo-paganin-viene-reintrodotta-la-figura-professionale-a-supporto-e-rinforzo-del-centro-bellunese\/#breadcrumb","itemListElement":[{"@type":"ListItem","position":1,"name":"Home","item":"https:\/\/www.bellunopress.it\/"},{"@type":"ListItem","position":2,"name":"Christian Liva \u00e8 il nuovo vicedirettore del Csv di Belluno. Dopo quasi due anni dal saluto di Angelo Paganin viene reintrodotta la figura professionale a supporto e rinforzo del Centro bellunese"}]},{"@type":"WebSite","@id":"https:\/\/www.bellunopress.it\/#website","url":"https:\/\/www.bellunopress.it\/","name":"Bellunopress - Dolomiti","description":"e-mail: redazione@bellunopress.it","publisher":{"@id":"https:\/\/www.bellunopress.it\/#organization"},"potentialAction":[{"@type":"SearchAction","target":{"@type":"EntryPoint","urlTemplate":"https:\/\/www.bellunopress.it\/?s={search_term_string}"},"query-input":{"@type":"PropertyValueSpecification","valueRequired":true,"valueName":"search_term_string"}}],"inLanguage":"fr-FR"},{"@type":"Organization","@id":"https:\/\/www.bellunopress.it\/#organization","name":"Bellunopress","url":"https:\/\/www.bellunopress.it\/","logo":{"@type":"ImageObject","inLanguage":"fr-FR","@id":"https:\/\/www.bellunopress.it\/#\/schema\/logo\/image\/","url":"https:\/\/www.bellunopress.it\/wp-content\/uploads\/2011\/05\/cropped-logo-bellunopress-.jpg","contentUrl":"https:\/\/www.bellunopress.it\/wp-content\/uploads\/2011\/05\/cropped-logo-bellunopress-.jpg","width":512,"height":512,"caption":"Bellunopress"},"image":{"@id":"https:\/\/www.bellunopress.it\/#\/schema\/logo\/image\/"},"sameAs":["https:\/\/www.facebook.com\/profile.php?id=100008943462799","https:\/\/x.com\/bellunopress","https:\/\/www.linkedin.com\/hp\/?dnr=JBzUWaJfMUw8vbXJJ2tVW5-I3jZKvC4wsoxE&amp;amp;amp;amp;amp;amp;trk=nav_responsive_tab_home","https:\/\/www.youtube.com\/channel\/UCxL0wu1uN0_3_7hGG0306cw"]},{"@type":"Person","@id":"https:\/\/www.bellunopress.it\/#\/schema\/person\/79bb06722b37ece1c03d3e94beb30d73","name":"r\u00e9daction","image":{"@type":"ImageObject","inLanguage":"fr-FR","@id":"https:\/\/secure.gravatar.com\/avatar\/37d968a2e67a6fd04c169c4bdef102d0bc5d31b2546345219e348575eb80e9a0?s=96&d=mm&r=g","url":"https:\/\/secure.gravatar.com\/avatar\/37d968a2e67a6fd04c169c4bdef102d0bc5d31b2546345219e348575eb80e9a0?s=96&d=mm&r=g","contentUrl":"https:\/\/secure.gravatar.com\/avatar\/37d968a2e67a6fd04c169c4bdef102d0bc5d31b2546345219e348575eb80e9a0?s=96&d=mm&r=g","caption":"redazione"},"sameAs":["http:\/\/www.bellunopress.it","https:\/\/x.com\/bellunopress"],"url":"https:\/\/www.bellunopress.it\/fr\/author\/redazione\/"}]}},"_links":{"self":[{"href":"https:\/\/www.bellunopress.it\/fr\/wp-json\/wp\/v2\/posts\/103084","targetHints":{"allow":["GET"]}}],"collection":[{"href":"https:\/\/www.bellunopress.it\/fr\/wp-json\/wp\/v2\/posts"}],"about":[{"href":"https:\/\/www.bellunopress.it\/fr\/wp-json\/wp\/v2\/types\/post"}],"author":[{"embeddable":true,"href":"https:\/\/www.bellunopress.it\/fr\/wp-json\/wp\/v2\/users\/2"}],"replies":[{"embeddable":true,"href":"https:\/\/www.bellunopress.it\/fr\/wp-json\/wp\/v2\/comments?post=103084"}],"version-history":[{"count":2,"href":"https:\/\/www.bellunopress.it\/fr\/wp-json\/wp\/v2\/posts\/103084\/revisions"}],"predecessor-version":[{"id":103087,"href":"https:\/\/www.bellunopress.it\/fr\/wp-json\/wp\/v2\/posts\/103084\/revisions\/103087"}],"wp:attachment":[{"href":"https:\/\/www.bellunopress.it\/fr\/wp-json\/wp\/v2\/media?parent=103084"}],"wp:term":[{"taxonomy":"category","embeddable":true,"href":"https:\/\/www.bellunopress.it\/fr\/wp-json\/wp\/v2\/categories?post=103084"},{"taxonomy":"post_tag","embeddable":true,"href":"https:\/\/www.bellunopress.it\/fr\/wp-json\/wp\/v2\/tags?post=103084"}],"curies":[{"name":"wp","href":"https:\/\/api.w.org\/{rel}","templated":true}]}}