{"id":103080,"date":"2019-03-21T16:02:33","date_gmt":"2019-03-21T15:02:33","guid":{"rendered":"http:\/\/www.bellunopress.it\/?p=103080"},"modified":"2019-03-21T16:02:33","modified_gmt":"2019-03-21T15:02:33","slug":"manutenzione-e-sicurezza-di-stufe-e-caldaie-siglato-laccordo-con-appia-cna","status":"publish","type":"post","link":"https:\/\/www.bellunopress.it\/fr\/2019\/03\/21\/manutenzione-e-sicurezza-di-stufe-e-caldaie-siglato-laccordo-con-appia-cna\/","title":{"rendered":"Manutenzione e sicurezza di stufe e caldaie: siglato l&#8217;accordo con Appia Cna"},"content":{"rendered":"<figure id=\"attachment_100526\" aria-describedby=\"caption-attachment-100526\" style=\"width: 235px\" class=\"wp-caption alignleft\"><a href=\"http:\/\/www.bellunopress.it\/fr\/2018\/12\/18\/nuova-ordinanza-antismog-a-belluno-ganz-nessuna-limitazione-per-ultra75enni-e-redditi-isee-sotto-i-15mila\/stefania-ganz-assessore\/\" rel=\"attachment wp-att-100526\"><img loading=\"lazy\" decoding=\"async\" class=\"size-full wp-image-100526\" src=\"http:\/\/www.bellunopress.it\/wp-content\/uploads\/2018\/12\/stefania-ganz-assessore.jpg\" alt=\"\" width=\"235\" height=\"300\" \/><\/a><figcaption id=\"caption-attachment-100526\" class=\"wp-caption-text\">Stefania Ganz, assessore<\/figcaption><\/figure>\n<p>Siglato questa mattina l&#8217;accordo tra il Comune di Belluno e Appia CNA di Belluno per la promozione di buone pratiche d&#8217;uso e per la corretta manutenzione di stufe e caldaie: a sottoscrivere il documento, l&#8217;assessore alle politiche ambientali, Stefania Ganz, e il presidente di Appia Belluno, Massimo Sposato.<\/p>\n<p>\u00abQuesto accordo rientra nell&#8217;ambito delle attivit\u00e0 legate all&#8217;accordo del bacino padano sull&#8217;inquinamento atmosferico. &#8211; ricorda l&#8217;assessore \u2013 Nella nostra provincia, \u00e8 necessario fare un serio ragionamento sulla qualit\u00e0 dell&#8217;aria legato all&#8217;uso di impianti di combustione a biomassa, come le caldaie e le stufe: le utilizziamo tutti da sempre, ma forse non dedichiamo abbastanza attenzione alla manutenzione e ai corretti modi d&#8217;uso\u00bb.<br \/>\nSposato ne fa anche una questione economica e di sicurezza: \u00abIn Italia, ogni anno si verificano circa 10mila incendi di canne fumarie, con danni per i singoli e per la collettivit\u00e0, basti pensare ai costi degli interventi delle squadre dei Vigili del Fuoco per domare un incendio. Inoltre, le assicurazioni sempre di pi\u00f9 vanno a verificare la corretta manutenzione degli impianti, e se questa non \u00e8 regolare non riconoscono il danno\u00bb.<\/p>\n<p>Per questo, Comune sta lavorando con tutti i partner per formare i cittadini \u2013 previsto nelle prossime settimane un incontro pubblico per affrontare i temi della combustione domestica, della manutenzione e dell&#8217;inquinamento atmosferico \u2013 e i tecnici: sono circa 200 in provincia le aziende di termo-idraulica associate ad Appia CNA. \u00abLavoreremo sulla formazione degli installatori e manutentori certificati, \u2013 sottolinea Sposato \u2013 ma c&#8217;\u00e8 anche da far crescere una cultura sull&#8217;acquisto della materia prima\u00bb; \u00abIl controllo della filiera \u00e8 importante, &#8211; ha rimarcato Ganz &#8211; non si possono mettere sullo stesso piano di emissioni di CO2 la legna fatta nel proprio bosco dietro casa e il pellet importato da lontani paesi esteri\u00bb.<br \/>\n\u00ab\u00c8 importante iniziare a lavorare fin da adesso in vista del prossimo inverno; &#8211; sottolinea l&#8217;assessore \u2013 la bella stagione \u00e8 il periodo migliore per le manutenzioni e la pulizia degli impianti. Operazioni importanti non solo per l&#8217;ambiente esterno, ma anche per quello domestico: un impianto mal funzionante porta a una bassa qualit\u00e0 dell&#8217;aria dentro l&#8217;abitazione, oltre a costi pi\u00f9 alti di gestione e una minor vita dell&#8217;impianto\u00bb.<\/p>\n<p>L&#8217;assessore ha poi sottolineato come sia ancora in vigore l&#8217;ordinanza antismog: \u00abFino al 31 marzo resteranno in vigore le prescrizioni relative al traffico e all&#8217;accensione di fuochi all&#8217;aperto. &#8211; conclude Ganz \u2013 Se rester\u00e0 in vigore l&#8217;attuale allerta verde, ci sar\u00e0 una deroga per i tradizionali fuochi del \u201cbrusa la vecia\u201d, che dovranno per\u00f2 essere comunicati al Comune, dovranno bruciare solamente materiale di origine vegetale e dovranno essere di dimensioni contenute\u00bb.<\/p>","protected":false},"excerpt":{"rendered":"<p>Siglato questa mattina l&#8217;accordo tra il Comune di Belluno e Appia CNA di Belluno per la promozione di buone pratiche d&#8217;uso e per la corretta manutenzione di stufe e caldaie: a sottoscrivere il documento, l&#8217;assessore alle politiche ambientali, Stefania Ganz, e il presidente di Appia Belluno, Massimo Sposato. \u00abQuesto accordo rientra nell&#8217;ambito delle attivit\u00e0 legate [&hellip;]<\/p>\n","protected":false},"author":2,"featured_media":0,"comment_status":"closed","ping_status":"open","sticky":false,"template":"","format":"standard","meta":{"footnotes":""},"categories":[5,26],"tags":[],"class_list":["post-103080","post","type-post","status-publish","format-standard","category-cronaca","category-prima-pagina"],"yoast_head":"<!-- This site is optimized with the Yoast SEO plugin v28.4 - https:\/\/yoast.com\/product\/yoast-seo-wordpress\/ -->\n<title>Manutenzione e sicurezza di stufe e caldaie: siglato l&#039;accordo con Appia Cna - Bellunopress - Dolomiti<\/title>\n<meta name=\"robots\" content=\"index, follow, max-snippet:-1, max-image-preview:large, max-video-preview:-1\" \/>\n<link rel=\"canonical\" href=\"https:\/\/www.bellunopress.it\/fr\/2019\/03\/21\/manutenzione-e-sicurezza-di-stufe-e-caldaie-siglato-laccordo-con-appia-cna\/\" \/>\n<meta property=\"og:locale\" content=\"fr_FR\" \/>\n<meta property=\"og:type\" content=\"article\" \/>\n<meta property=\"og:title\" content=\"Manutenzione e sicurezza di stufe e caldaie: siglato l&#039;accordo con Appia Cna - Bellunopress - Dolomiti\" \/>\n<meta property=\"og:description\" content=\"Siglato questa mattina l&#8217;accordo tra il Comune di Belluno e Appia CNA di Belluno per la promozione di buone pratiche d&#8217;uso e per la corretta manutenzione di stufe e caldaie: a sottoscrivere il documento, l&#8217;assessore alle politiche ambientali, Stefania Ganz, e il presidente di Appia Belluno, Massimo Sposato. \u00abQuesto accordo rientra nell&#8217;ambito delle attivit\u00e0 legate [&hellip;]\" \/>\n<meta property=\"og:url\" content=\"https:\/\/www.bellunopress.it\/fr\/2019\/03\/21\/manutenzione-e-sicurezza-di-stufe-e-caldaie-siglato-laccordo-con-appia-cna\/\" \/>\n<meta property=\"og:site_name\" content=\"Bellunopress - Dolomiti\" \/>\n<meta property=\"article:publisher\" content=\"https:\/\/www.facebook.com\/profile.php?id=100008943462799\" \/>\n<meta property=\"article:published_time\" content=\"2019-03-21T15:02:33+00:00\" \/>\n<meta property=\"og:image\" content=\"http:\/\/www.bellunopress.it\/wp-content\/uploads\/2018\/12\/stefania-ganz-assessore.jpg\" \/>\n<meta name=\"author\" content=\"redazione\" \/>\n<meta name=\"twitter:card\" content=\"summary_large_image\" \/>\n<meta name=\"twitter:creator\" content=\"@bellunopress\" \/>\n<meta name=\"twitter:site\" content=\"@bellunopress\" \/>\n<meta name=\"twitter:label1\" content=\"\u00c9crit par\" \/>\n\t<meta name=\"twitter:data1\" content=\"redazione\" \/>\n\t<meta name=\"twitter:label2\" content=\"Dur\u00e9e de lecture estim\u00e9e\" \/>\n\t<meta name=\"twitter:data2\" content=\"2 minutes\" \/>\n<script type=\"application\/ld+json\" class=\"yoast-schema-graph\">{\"@context\":\"https:\\\/\\\/schema.org\",\"@graph\":[{\"@type\":\"Article\",\"@id\":\"https:\\\/\\\/www.bellunopress.it\\\/2019\\\/03\\\/21\\\/manutenzione-e-sicurezza-di-stufe-e-caldaie-siglato-laccordo-con-appia-cna\\\/#article\",\"isPartOf\":{\"@id\":\"https:\\\/\\\/www.bellunopress.it\\\/2019\\\/03\\\/21\\\/manutenzione-e-sicurezza-di-stufe-e-caldaie-siglato-laccordo-con-appia-cna\\\/\"},\"author\":{\"name\":\"redazione\",\"@id\":\"https:\\\/\\\/www.bellunopress.it\\\/#\\\/schema\\\/person\\\/79bb06722b37ece1c03d3e94beb30d73\"},\"headline\":\"Manutenzione e sicurezza di stufe e caldaie: siglato l&#8217;accordo con Appia Cna\",\"datePublished\":\"2019-03-21T15:02:33+00:00\",\"mainEntityOfPage\":{\"@id\":\"https:\\\/\\\/www.bellunopress.it\\\/2019\\\/03\\\/21\\\/manutenzione-e-sicurezza-di-stufe-e-caldaie-siglato-laccordo-con-appia-cna\\\/\"},\"wordCount\":462,\"publisher\":{\"@id\":\"https:\\\/\\\/www.bellunopress.it\\\/#organization\"},\"image\":{\"@id\":\"https:\\\/\\\/www.bellunopress.it\\\/2019\\\/03\\\/21\\\/manutenzione-e-sicurezza-di-stufe-e-caldaie-siglato-laccordo-con-appia-cna\\\/#primaryimage\"},\"thumbnailUrl\":\"http:\\\/\\\/www.bellunopress.it\\\/wp-content\\\/uploads\\\/2018\\\/12\\\/stefania-ganz-assessore.jpg\",\"articleSection\":[\"Cronaca\\\/Politica\",\"Prima Pagina\"],\"inLanguage\":\"fr-FR\"},{\"@type\":\"WebPage\",\"@id\":\"https:\\\/\\\/www.bellunopress.it\\\/2019\\\/03\\\/21\\\/manutenzione-e-sicurezza-di-stufe-e-caldaie-siglato-laccordo-con-appia-cna\\\/\",\"url\":\"https:\\\/\\\/www.bellunopress.it\\\/2019\\\/03\\\/21\\\/manutenzione-e-sicurezza-di-stufe-e-caldaie-siglato-laccordo-con-appia-cna\\\/\",\"name\":\"Manutenzione e sicurezza di stufe e caldaie: siglato l'accordo con Appia Cna - Bellunopress - Dolomiti\",\"isPartOf\":{\"@id\":\"https:\\\/\\\/www.bellunopress.it\\\/#website\"},\"primaryImageOfPage\":{\"@id\":\"https:\\\/\\\/www.bellunopress.it\\\/2019\\\/03\\\/21\\\/manutenzione-e-sicurezza-di-stufe-e-caldaie-siglato-laccordo-con-appia-cna\\\/#primaryimage\"},\"image\":{\"@id\":\"https:\\\/\\\/www.bellunopress.it\\\/2019\\\/03\\\/21\\\/manutenzione-e-sicurezza-di-stufe-e-caldaie-siglato-laccordo-con-appia-cna\\\/#primaryimage\"},\"thumbnailUrl\":\"http:\\\/\\\/www.bellunopress.it\\\/wp-content\\\/uploads\\\/2018\\\/12\\\/stefania-ganz-assessore.jpg\",\"datePublished\":\"2019-03-21T15:02:33+00:00\",\"breadcrumb\":{\"@id\":\"https:\\\/\\\/www.bellunopress.it\\\/2019\\\/03\\\/21\\\/manutenzione-e-sicurezza-di-stufe-e-caldaie-siglato-laccordo-con-appia-cna\\\/#breadcrumb\"},\"inLanguage\":\"fr-FR\",\"potentialAction\":[{\"@type\":\"ReadAction\",\"target\":[\"https:\\\/\\\/www.bellunopress.it\\\/2019\\\/03\\\/21\\\/manutenzione-e-sicurezza-di-stufe-e-caldaie-siglato-laccordo-con-appia-cna\\\/\"]}]},{\"@type\":\"ImageObject\",\"inLanguage\":\"fr-FR\",\"@id\":\"https:\\\/\\\/www.bellunopress.it\\\/2019\\\/03\\\/21\\\/manutenzione-e-sicurezza-di-stufe-e-caldaie-siglato-laccordo-con-appia-cna\\\/#primaryimage\",\"url\":\"http:\\\/\\\/www.bellunopress.it\\\/wp-content\\\/uploads\\\/2018\\\/12\\\/stefania-ganz-assessore.jpg\",\"contentUrl\":\"http:\\\/\\\/www.bellunopress.it\\\/wp-content\\\/uploads\\\/2018\\\/12\\\/stefania-ganz-assessore.jpg\"},{\"@type\":\"BreadcrumbList\",\"@id\":\"https:\\\/\\\/www.bellunopress.it\\\/2019\\\/03\\\/21\\\/manutenzione-e-sicurezza-di-stufe-e-caldaie-siglato-laccordo-con-appia-cna\\\/#breadcrumb\",\"itemListElement\":[{\"@type\":\"ListItem\",\"position\":1,\"name\":\"Home\",\"item\":\"https:\\\/\\\/www.bellunopress.it\\\/\"},{\"@type\":\"ListItem\",\"position\":2,\"name\":\"Manutenzione e sicurezza di stufe e caldaie: siglato l&#8217;accordo con Appia Cna\"}]},{\"@type\":\"WebSite\",\"@id\":\"https:\\\/\\\/www.bellunopress.it\\\/#website\",\"url\":\"https:\\\/\\\/www.bellunopress.it\\\/\",\"name\":\"Bellunopress - Dolomiti\",\"description\":\"e-mail: redazione@bellunopress.it\",\"publisher\":{\"@id\":\"https:\\\/\\\/www.bellunopress.it\\\/#organization\"},\"potentialAction\":[{\"@type\":\"SearchAction\",\"target\":{\"@type\":\"EntryPoint\",\"urlTemplate\":\"https:\\\/\\\/www.bellunopress.it\\\/?s={search_term_string}\"},\"query-input\":{\"@type\":\"PropertyValueSpecification\",\"valueRequired\":true,\"valueName\":\"search_term_string\"}}],\"inLanguage\":\"fr-FR\"},{\"@type\":\"Organization\",\"@id\":\"https:\\\/\\\/www.bellunopress.it\\\/#organization\",\"name\":\"Bellunopress\",\"url\":\"https:\\\/\\\/www.bellunopress.it\\\/\",\"logo\":{\"@type\":\"ImageObject\",\"inLanguage\":\"fr-FR\",\"@id\":\"https:\\\/\\\/www.bellunopress.it\\\/#\\\/schema\\\/logo\\\/image\\\/\",\"url\":\"https:\\\/\\\/www.bellunopress.it\\\/wp-content\\\/uploads\\\/2011\\\/05\\\/cropped-logo-bellunopress-.jpg\",\"contentUrl\":\"https:\\\/\\\/www.bellunopress.it\\\/wp-content\\\/uploads\\\/2011\\\/05\\\/cropped-logo-bellunopress-.jpg\",\"width\":512,\"height\":512,\"caption\":\"Bellunopress\"},\"image\":{\"@id\":\"https:\\\/\\\/www.bellunopress.it\\\/#\\\/schema\\\/logo\\\/image\\\/\"},\"sameAs\":[\"https:\\\/\\\/www.facebook.com\\\/profile.php?id=100008943462799\",\"https:\\\/\\\/x.com\\\/bellunopress\",\"https:\\\/\\\/www.linkedin.com\\\/hp\\\/?dnr=JBzUWaJfMUw8vbXJJ2tVW5-I3jZKvC4wsoxE&amp;amp;amp;amp;amp;amp;trk=nav_responsive_tab_home\",\"https:\\\/\\\/www.youtube.com\\\/channel\\\/UCxL0wu1uN0_3_7hGG0306cw\"]},{\"@type\":\"Person\",\"@id\":\"https:\\\/\\\/www.bellunopress.it\\\/#\\\/schema\\\/person\\\/79bb06722b37ece1c03d3e94beb30d73\",\"name\":\"redazione\",\"image\":{\"@type\":\"ImageObject\",\"inLanguage\":\"fr-FR\",\"@id\":\"https:\\\/\\\/secure.gravatar.com\\\/avatar\\\/37d968a2e67a6fd04c169c4bdef102d0bc5d31b2546345219e348575eb80e9a0?s=96&d=mm&r=g\",\"url\":\"https:\\\/\\\/secure.gravatar.com\\\/avatar\\\/37d968a2e67a6fd04c169c4bdef102d0bc5d31b2546345219e348575eb80e9a0?s=96&d=mm&r=g\",\"contentUrl\":\"https:\\\/\\\/secure.gravatar.com\\\/avatar\\\/37d968a2e67a6fd04c169c4bdef102d0bc5d31b2546345219e348575eb80e9a0?s=96&d=mm&r=g\",\"caption\":\"redazione\"},\"sameAs\":[\"http:\\\/\\\/www.bellunopress.it\",\"https:\\\/\\\/x.com\\\/bellunopress\"],\"url\":\"https:\\\/\\\/www.bellunopress.it\\\/fr\\\/author\\\/redazione\\\/\"}]}<\/script>\n<!-- \/ Yoast SEO plugin. -->","yoast_head_json":{"title":"Manutenzione e sicurezza di stufe e caldaie: siglato l'accordo con Appia Cna - Bellunopress - Dolomiti","robots":{"index":"index","follow":"follow","max-snippet":"max-snippet:-1","max-image-preview":"max-image-preview:large","max-video-preview":"max-video-preview:-1"},"canonical":"https:\/\/www.bellunopress.it\/fr\/2019\/03\/21\/manutenzione-e-sicurezza-di-stufe-e-caldaie-siglato-laccordo-con-appia-cna\/","og_locale":"fr_FR","og_type":"article","og_title":"Manutenzione e sicurezza di stufe e caldaie: siglato l'accordo con Appia Cna - Bellunopress - Dolomiti","og_description":"Siglato questa mattina l&#8217;accordo tra il Comune di Belluno e Appia CNA di Belluno per la promozione di buone pratiche d&#8217;uso e per la corretta manutenzione di stufe e caldaie: a sottoscrivere il documento, l&#8217;assessore alle politiche ambientali, Stefania Ganz, e il presidente di Appia Belluno, Massimo Sposato. \u00abQuesto accordo rientra nell&#8217;ambito delle attivit\u00e0 legate [&hellip;]","og_url":"https:\/\/www.bellunopress.it\/fr\/2019\/03\/21\/manutenzione-e-sicurezza-di-stufe-e-caldaie-siglato-laccordo-con-appia-cna\/","og_site_name":"Bellunopress - Dolomiti","article_publisher":"https:\/\/www.facebook.com\/profile.php?id=100008943462799","article_published_time":"2019-03-21T15:02:33+00:00","og_image":[{"url":"http:\/\/www.bellunopress.it\/wp-content\/uploads\/2018\/12\/stefania-ganz-assessore.jpg","type":"","width":"","height":""}],"author":"redazione","twitter_card":"summary_large_image","twitter_creator":"@bellunopress","twitter_site":"@bellunopress","twitter_misc":{"\u00c9crit par":"redazione","Dur\u00e9e de lecture estim\u00e9e":"2 minutes"},"schema":{"@context":"https:\/\/schema.org","@graph":[{"@type":"Article","@id":"https:\/\/www.bellunopress.it\/2019\/03\/21\/manutenzione-e-sicurezza-di-stufe-e-caldaie-siglato-laccordo-con-appia-cna\/#article","isPartOf":{"@id":"https:\/\/www.bellunopress.it\/2019\/03\/21\/manutenzione-e-sicurezza-di-stufe-e-caldaie-siglato-laccordo-con-appia-cna\/"},"author":{"name":"redazione","@id":"https:\/\/www.bellunopress.it\/#\/schema\/person\/79bb06722b37ece1c03d3e94beb30d73"},"headline":"Manutenzione e sicurezza di stufe e caldaie: siglato l&#8217;accordo con Appia Cna","datePublished":"2019-03-21T15:02:33+00:00","mainEntityOfPage":{"@id":"https:\/\/www.bellunopress.it\/2019\/03\/21\/manutenzione-e-sicurezza-di-stufe-e-caldaie-siglato-laccordo-con-appia-cna\/"},"wordCount":462,"publisher":{"@id":"https:\/\/www.bellunopress.it\/#organization"},"image":{"@id":"https:\/\/www.bellunopress.it\/2019\/03\/21\/manutenzione-e-sicurezza-di-stufe-e-caldaie-siglato-laccordo-con-appia-cna\/#primaryimage"},"thumbnailUrl":"http:\/\/www.bellunopress.it\/wp-content\/uploads\/2018\/12\/stefania-ganz-assessore.jpg","articleSection":["Cronaca\/Politica","Prima Pagina"],"inLanguage":"fr-FR"},{"@type":"WebPage","@id":"https:\/\/www.bellunopress.it\/2019\/03\/21\/manutenzione-e-sicurezza-di-stufe-e-caldaie-siglato-laccordo-con-appia-cna\/","url":"https:\/\/www.bellunopress.it\/2019\/03\/21\/manutenzione-e-sicurezza-di-stufe-e-caldaie-siglato-laccordo-con-appia-cna\/","name":"Manutenzione e sicurezza di stufe e caldaie: siglato l'accordo con Appia Cna - Bellunopress - Dolomiti","isPartOf":{"@id":"https:\/\/www.bellunopress.it\/#website"},"primaryImageOfPage":{"@id":"https:\/\/www.bellunopress.it\/2019\/03\/21\/manutenzione-e-sicurezza-di-stufe-e-caldaie-siglato-laccordo-con-appia-cna\/#primaryimage"},"image":{"@id":"https:\/\/www.bellunopress.it\/2019\/03\/21\/manutenzione-e-sicurezza-di-stufe-e-caldaie-siglato-laccordo-con-appia-cna\/#primaryimage"},"thumbnailUrl":"http:\/\/www.bellunopress.it\/wp-content\/uploads\/2018\/12\/stefania-ganz-assessore.jpg","datePublished":"2019-03-21T15:02:33+00:00","breadcrumb":{"@id":"https:\/\/www.bellunopress.it\/2019\/03\/21\/manutenzione-e-sicurezza-di-stufe-e-caldaie-siglato-laccordo-con-appia-cna\/#breadcrumb"},"inLanguage":"fr-FR","potentialAction":[{"@type":"ReadAction","target":["https:\/\/www.bellunopress.it\/2019\/03\/21\/manutenzione-e-sicurezza-di-stufe-e-caldaie-siglato-laccordo-con-appia-cna\/"]}]},{"@type":"ImageObject","inLanguage":"fr-FR","@id":"https:\/\/www.bellunopress.it\/2019\/03\/21\/manutenzione-e-sicurezza-di-stufe-e-caldaie-siglato-laccordo-con-appia-cna\/#primaryimage","url":"http:\/\/www.bellunopress.it\/wp-content\/uploads\/2018\/12\/stefania-ganz-assessore.jpg","contentUrl":"http:\/\/www.bellunopress.it\/wp-content\/uploads\/2018\/12\/stefania-ganz-assessore.jpg"},{"@type":"BreadcrumbList","@id":"https:\/\/www.bellunopress.it\/2019\/03\/21\/manutenzione-e-sicurezza-di-stufe-e-caldaie-siglato-laccordo-con-appia-cna\/#breadcrumb","itemListElement":[{"@type":"ListItem","position":1,"name":"Home","item":"https:\/\/www.bellunopress.it\/"},{"@type":"ListItem","position":2,"name":"Manutenzione e sicurezza di stufe e caldaie: siglato l&#8217;accordo con Appia Cna"}]},{"@type":"WebSite","@id":"https:\/\/www.bellunopress.it\/#website","url":"https:\/\/www.bellunopress.it\/","name":"Bellunopress - Dolomiti","description":"e-mail: redazione@bellunopress.it","publisher":{"@id":"https:\/\/www.bellunopress.it\/#organization"},"potentialAction":[{"@type":"SearchAction","target":{"@type":"EntryPoint","urlTemplate":"https:\/\/www.bellunopress.it\/?s={search_term_string}"},"query-input":{"@type":"PropertyValueSpecification","valueRequired":true,"valueName":"search_term_string"}}],"inLanguage":"fr-FR"},{"@type":"Organization","@id":"https:\/\/www.bellunopress.it\/#organization","name":"Bellunopress","url":"https:\/\/www.bellunopress.it\/","logo":{"@type":"ImageObject","inLanguage":"fr-FR","@id":"https:\/\/www.bellunopress.it\/#\/schema\/logo\/image\/","url":"https:\/\/www.bellunopress.it\/wp-content\/uploads\/2011\/05\/cropped-logo-bellunopress-.jpg","contentUrl":"https:\/\/www.bellunopress.it\/wp-content\/uploads\/2011\/05\/cropped-logo-bellunopress-.jpg","width":512,"height":512,"caption":"Bellunopress"},"image":{"@id":"https:\/\/www.bellunopress.it\/#\/schema\/logo\/image\/"},"sameAs":["https:\/\/www.facebook.com\/profile.php?id=100008943462799","https:\/\/x.com\/bellunopress","https:\/\/www.linkedin.com\/hp\/?dnr=JBzUWaJfMUw8vbXJJ2tVW5-I3jZKvC4wsoxE&amp;amp;amp;amp;amp;amp;trk=nav_responsive_tab_home","https:\/\/www.youtube.com\/channel\/UCxL0wu1uN0_3_7hGG0306cw"]},{"@type":"Person","@id":"https:\/\/www.bellunopress.it\/#\/schema\/person\/79bb06722b37ece1c03d3e94beb30d73","name":"r\u00e9daction","image":{"@type":"ImageObject","inLanguage":"fr-FR","@id":"https:\/\/secure.gravatar.com\/avatar\/37d968a2e67a6fd04c169c4bdef102d0bc5d31b2546345219e348575eb80e9a0?s=96&d=mm&r=g","url":"https:\/\/secure.gravatar.com\/avatar\/37d968a2e67a6fd04c169c4bdef102d0bc5d31b2546345219e348575eb80e9a0?s=96&d=mm&r=g","contentUrl":"https:\/\/secure.gravatar.com\/avatar\/37d968a2e67a6fd04c169c4bdef102d0bc5d31b2546345219e348575eb80e9a0?s=96&d=mm&r=g","caption":"redazione"},"sameAs":["http:\/\/www.bellunopress.it","https:\/\/x.com\/bellunopress"],"url":"https:\/\/www.bellunopress.it\/fr\/author\/redazione\/"}]}},"_links":{"self":[{"href":"https:\/\/www.bellunopress.it\/fr\/wp-json\/wp\/v2\/posts\/103080","targetHints":{"allow":["GET"]}}],"collection":[{"href":"https:\/\/www.bellunopress.it\/fr\/wp-json\/wp\/v2\/posts"}],"about":[{"href":"https:\/\/www.bellunopress.it\/fr\/wp-json\/wp\/v2\/types\/post"}],"author":[{"embeddable":true,"href":"https:\/\/www.bellunopress.it\/fr\/wp-json\/wp\/v2\/users\/2"}],"replies":[{"embeddable":true,"href":"https:\/\/www.bellunopress.it\/fr\/wp-json\/wp\/v2\/comments?post=103080"}],"version-history":[{"count":1,"href":"https:\/\/www.bellunopress.it\/fr\/wp-json\/wp\/v2\/posts\/103080\/revisions"}],"predecessor-version":[{"id":103081,"href":"https:\/\/www.bellunopress.it\/fr\/wp-json\/wp\/v2\/posts\/103080\/revisions\/103081"}],"wp:attachment":[{"href":"https:\/\/www.bellunopress.it\/fr\/wp-json\/wp\/v2\/media?parent=103080"}],"wp:term":[{"taxonomy":"category","embeddable":true,"href":"https:\/\/www.bellunopress.it\/fr\/wp-json\/wp\/v2\/categories?post=103080"},{"taxonomy":"post_tag","embeddable":true,"href":"https:\/\/www.bellunopress.it\/fr\/wp-json\/wp\/v2\/tags?post=103080"}],"curies":[{"name":"wp","href":"https:\/\/api.w.org\/{rel}","templated":true}]}}