{"id":103071,"date":"2019-03-21T12:07:34","date_gmt":"2019-03-21T11:07:34","guid":{"rendered":"http:\/\/www.bellunopress.it\/?p=103071"},"modified":"2019-03-21T12:07:34","modified_gmt":"2019-03-21T11:07:34","slug":"turismo-veneto-da-record-oltre-195-milioni-di-visitatori-nel-2018-caner-69-milioni-di-notti-trascorse-in-strutture-ma-non-dobbiamo-mollare-la-presa","status":"publish","type":"post","link":"https:\/\/www.bellunopress.it\/fr\/2019\/03\/21\/turismo-veneto-da-record-oltre-195-milioni-di-visitatori-nel-2018-caner-69-milioni-di-notti-trascorse-in-strutture-ma-non-dobbiamo-mollare-la-presa\/","title":{"rendered":"Turismo. Veneto da record, oltre 19,5 milioni di visitatori nel 2018. Caner: &#8220;69 milioni di notti trascorse in strutture, ma non dobbiamo mollare la presa&#8221;"},"content":{"rendered":"<p><a href=\"http:\/\/www.bellunopress.it\/fr\/2018\/09\/28\/wine-south-america-lassessore-caner-in-brasile-la-vitivinicoltura-continua-a-crescere-in-sudamerica-e-il-veneto-e-presente\/caner\/\" rel=\"attachment wp-att-98275\"><img loading=\"lazy\" decoding=\"async\" class=\"alignleft size-full wp-image-98275\" src=\"http:\/\/www.bellunopress.it\/wp-content\/uploads\/2018\/09\/Caner.jpg\" alt=\"\" width=\"212\" height=\"300\" \/><\/a>Venezia, 21 marzo 2019 \u00a0&#8211; \u00a0\u201cPensare di demolire ogni anno i record di arrivi e presenze sarebbe ancor prima che illusorio sbagliato. Non sto dicendo che i saldi positivi del movimento turistico non rappresentino un traguardo da salutare con soddisfazione, ma \u00e8 oggettivamente impossibile puntare a un incessante incremento degli ospiti e soprattutto pu\u00f2 essere ingannevole valutare unicamente attraverso questo indicatore il livello di competitivit\u00e0 della nostra offerta turistica. Ci\u00f2 detto, anche l\u2019anno scorso, rispetto al precedente, pur registrando qualche arretramento in alcuni comprensori, il bilancio numerico del turismo nel Veneto si chiude ancora una volta con il segno pi\u00f9 sia alla voce arrivi, +2,2%, sia alla voce presenze, +0,2%\u201d.<\/p>\n<p>Partendo da queste riflessioni l\u2019assessore veneto al turismo, Federico Caner, illustra i dati definitivi del 2018, raccolti ed elaborati dall\u2019Ufficio di Statistica regionale, sull\u2019andamento turistico della regione numero uno in Italia nell\u2019industria dei viaggi e vacanze.<\/p>\n<p>\u201cReduci da un continuo crescendo sfociato nel 2017 in primati difficilmente ripetibili \u2013 continua l\u2019assessore \u2013, i dati del 2018 confermano pienamente la forte capacit\u00e0 attrattiva del Veneto: ritoccato in rialzo il numero dei visitatori, che superano i 19,5 milioni, grazie all\u2019aumento di arrivi sia stranieri (+1,8%) che italiani (+2,8%), \u00e8 stato consolidato quello delle notti da loro trascorse nelle strutture ricettive, oltre 69 milioni, con l\u2019aumento di italiani (+1,6%) che compensa la leggera flessione di stranieri (-0,4%)\u201d.<\/p>\n<p>\u201cUna flessione non preoccupante ma da non trascurare \u2013 precisa Caner \u2013, soprattutto se si incrocia questo dato con altri. Valutandolo, a esempio, insieme al meno 1,8% di arrivi e al meno 3,8% di presenze del comprensorio balneare, abbiamo la conferma che, seppur faticosamente, alcuni players mediterranei e nordafricani, storicamente competitivi sul piano dell\u2019economicit\u00e0 dei loro pacchetti di vacanza ma fortemente penalizzati dall\u2019instabilit\u00e0 politica e dall\u2019insicurezza dovuta al terrorismo, si stanno riposizionando sui mercati internazionali. Da ci\u00f2 deriva la necessit\u00e0 di continuare a investire in termini di idee e creativit\u00e0, di innalzamento qualitativo delle strutture e dei servizi, soprattutto negli ambiti pi\u00f9 maturi della nostra offerta, come il mare, appunto, ma anche la montagna, che pure ha fatto segnare nel 2018 un aumento del 4,4% degli arrivi e una sostanziale tenuta nelle presenze, e che nella sola stagione invernale, grazie alle abbondanti nevicate dello scorso anno, ha registrato un +12,9% di arrivi e un +6,7% delle presenze. In altre parole, proprio i prodotti pi\u00f9 tradizionali dell\u2019offerta veneta sono anche quelli che si devono misurare con una concorrenza pi\u00f9 ampia e pi\u00f9 forte e risultano pertanto pi\u00f9 vulnerabili: sta a noi saperci rinnovare con continuit\u00e0\u201d.<\/p>\n<p>Un\u2019importante prerogativa del Veneto, sottolinea l\u2019assessore, \u00e8 la sua sempre pi\u00f9 evidente capacit\u00e0 di catalizzare l\u2019interesse dei mercati internazionali: quasi il 70% delle presenze totali, infatti, sono straniere. I tedeschi, pur segnando un calo, rimangono i clienti stranieri pi\u00f9 affezionati e numerosi (15,6 milioni di presenze, quasi un quarto del dato complessivo), seguiti a notevole distanza da austriaci (3,8 milioni) e inglesi (2,6 milioni). Ottime le performance per quanto riguarda gli americani (+14,1% di presenze), cinesi (+5,2%) e russi (+7,9%).<\/p>\n<p>Queste elaborazioni statistiche, inoltre, certificano un\u2019attitudine che si sta manifestando ormai da qualche anno: la continua e progressiva riduzione dei pi\u00f9 lunghi soggiorni in occasione delle classiche ferie estive, sostituiti da vacanze brevi in localit\u00e0 e in periodi diversi. In altre parole, siano vacanze di scoperta o di svago, culturali o avventurose, attive o riposanti, sportive o enogastronomiche, oppure un mix di queste, la tendenza \u00e8 quella di scaglionare le proprie uscite, accorciandole e ricercando mete e fattori stimolanti diversi.<\/p>\n<p>\u201cSegnali in questo senso \u2013 evidenzia l\u2019assessore \u2013 vengono dall\u2019attenuazione del fenomeno della stagionalit\u00e0 nelle citt\u00e0 d\u2019arte, nelle localit\u00e0 lacuali e montane, ma anche dalla crescita attrattiva di province come Vicenza (+ 4,3% di arrivi e +4% di presenze), Treviso (+ 3,1% di arrivi e +6,5% di presenze) e Verona (+ 2,9% di arrivi e +2,1% di presenze), i cui territori offrono nuove e interessanti opportunit\u00e0 di vacanza, espressione di quel turismo esperienziale ed emozionale sempre pi\u00f9 gettonato, legato all\u2019originalit\u00e0 dei luoghi, alle caratteristiche di ospitalit\u00e0 e di soggiorno, all\u2019autenticit\u00e0 dei prodotti, siano essi enogastronomici o artigianali. Non a caso, anche nella scelta delle strutture nelle quali alloggiare, i turisti guardano, e non solo per una questione di minor spesa, con sempre maggior favore agli agriturismi (+ 8,3%) o ai b&amp;b e simili (+ 3,4%)\u201d.<\/p>\n<p>\u201cIn ultima analisi \u2013 conclude Caner \u2013 il Veneto del turismo ha la consapevolezza sia dei suoi punti di forza sia delle insidie che possono, anche repentinamente, mutare l\u2019attuale scenario favorevole. Obbligatorio \u00e8 non stare fermi e non accontentarsi, ma continuare a indagare i modi attraverso i quali gran parte degli uomini intende soddisfare i bisogni atavici di viaggiare e di conoscere\u201d.<\/p>\n<p>&nbsp;<\/p>\n<p><strong>Presenze \u00a02018 &#8211;\u00a0Variazione % 2018\/17 &#8211;\u00a0Totale Italiani Stranieri<\/strong><br \/>\nBelluno 3.703.328 -0,1 -5,1 10,4<br \/>\nPadova 5.489.361 0,2 3,0 -3,3<br \/>\nRovigo 1.523.337 -1,8 0,4 -3,9<br \/>\nTreviso 2.142.766 6,5 4,1 8,9<br \/>\nVenezia 36.628.413 -1,1 -0,3 -1,4<br \/>\nVerona 17.663.215 2,1 7,1 0,7<br \/>\nVicenza 2.078.672 4,0 7,7 -1,7<\/p>\n<p>Totale Veneto 69.229.092 0,2 1,6 -0,4<\/p>\n<p>Fonte: Elaborazioni dell\u2019Ufficio di Statistica della Regione del Veneto su dati provvisori Istat &#8211; Regione Veneto<\/p>\n<p>&nbsp;<\/p>","protected":false},"excerpt":{"rendered":"<p>Venezia, 21 marzo 2019 \u00a0&#8211; \u00a0\u201cPensare di demolire ogni anno i record di arrivi e presenze sarebbe ancor prima che illusorio sbagliato. Non sto dicendo che i saldi positivi del movimento turistico non rappresentino un traguardo da salutare con soddisfazione, ma \u00e8 oggettivamente impossibile puntare a un incessante incremento degli ospiti e soprattutto pu\u00f2 essere [&hellip;]<\/p>\n","protected":false},"author":2,"featured_media":0,"comment_status":"closed","ping_status":"open","sticky":false,"template":"","format":"standard","meta":{"footnotes":""},"categories":[36,26],"tags":[],"class_list":["post-103071","post","type-post","status-publish","format-standard","category-lavoro-economia","category-prima-pagina"],"yoast_head":"<!-- This site is optimized with the Yoast SEO plugin v28.4 - https:\/\/yoast.com\/product\/yoast-seo-wordpress\/ -->\n<title>Turismo. Veneto da record, oltre 19,5 milioni di visitatori nel 2018. Caner: &quot;69 milioni di notti trascorse in strutture, ma non dobbiamo mollare la presa&quot; - Bellunopress - Dolomiti<\/title>\n<meta name=\"robots\" content=\"index, follow, max-snippet:-1, max-image-preview:large, max-video-preview:-1\" \/>\n<link rel=\"canonical\" href=\"https:\/\/www.bellunopress.it\/fr\/2019\/03\/21\/turismo-veneto-da-record-oltre-195-milioni-di-visitatori-nel-2018-caner-69-milioni-di-notti-trascorse-in-strutture-ma-non-dobbiamo-mollare-la-presa\/\" \/>\n<meta property=\"og:locale\" content=\"fr_FR\" \/>\n<meta property=\"og:type\" content=\"article\" \/>\n<meta property=\"og:title\" content=\"Turismo. Veneto da record, oltre 19,5 milioni di visitatori nel 2018. Caner: &quot;69 milioni di notti trascorse in strutture, ma non dobbiamo mollare la presa&quot; - Bellunopress - Dolomiti\" \/>\n<meta property=\"og:description\" content=\"Venezia, 21 marzo 2019 \u00a0&#8211; \u00a0\u201cPensare di demolire ogni anno i record di arrivi e presenze sarebbe ancor prima che illusorio sbagliato. Non sto dicendo che i saldi positivi del movimento turistico non rappresentino un traguardo da salutare con soddisfazione, ma \u00e8 oggettivamente impossibile puntare a un incessante incremento degli ospiti e soprattutto pu\u00f2 essere [&hellip;]\" \/>\n<meta property=\"og:url\" content=\"https:\/\/www.bellunopress.it\/fr\/2019\/03\/21\/turismo-veneto-da-record-oltre-195-milioni-di-visitatori-nel-2018-caner-69-milioni-di-notti-trascorse-in-strutture-ma-non-dobbiamo-mollare-la-presa\/\" \/>\n<meta property=\"og:site_name\" content=\"Bellunopress - Dolomiti\" \/>\n<meta property=\"article:publisher\" content=\"https:\/\/www.facebook.com\/profile.php?id=100008943462799\" \/>\n<meta property=\"article:published_time\" content=\"2019-03-21T11:07:34+00:00\" \/>\n<meta property=\"og:image\" content=\"http:\/\/www.bellunopress.it\/wp-content\/uploads\/2018\/09\/Caner.jpg\" \/>\n<meta name=\"author\" content=\"redazione\" \/>\n<meta name=\"twitter:card\" content=\"summary_large_image\" \/>\n<meta name=\"twitter:creator\" content=\"@bellunopress\" \/>\n<meta name=\"twitter:site\" content=\"@bellunopress\" \/>\n<meta name=\"twitter:label1\" content=\"\u00c9crit par\" \/>\n\t<meta name=\"twitter:data1\" content=\"redazione\" \/>\n\t<meta name=\"twitter:label2\" content=\"Dur\u00e9e de lecture estim\u00e9e\" \/>\n\t<meta name=\"twitter:data2\" content=\"4 minutes\" \/>\n<script type=\"application\/ld+json\" class=\"yoast-schema-graph\">{\"@context\":\"https:\\\/\\\/schema.org\",\"@graph\":[{\"@type\":\"Article\",\"@id\":\"https:\\\/\\\/www.bellunopress.it\\\/2019\\\/03\\\/21\\\/turismo-veneto-da-record-oltre-195-milioni-di-visitatori-nel-2018-caner-69-milioni-di-notti-trascorse-in-strutture-ma-non-dobbiamo-mollare-la-presa\\\/#article\",\"isPartOf\":{\"@id\":\"https:\\\/\\\/www.bellunopress.it\\\/2019\\\/03\\\/21\\\/turismo-veneto-da-record-oltre-195-milioni-di-visitatori-nel-2018-caner-69-milioni-di-notti-trascorse-in-strutture-ma-non-dobbiamo-mollare-la-presa\\\/\"},\"author\":{\"name\":\"redazione\",\"@id\":\"https:\\\/\\\/www.bellunopress.it\\\/#\\\/schema\\\/person\\\/79bb06722b37ece1c03d3e94beb30d73\"},\"headline\":\"Turismo. Veneto da record, oltre 19,5 milioni di visitatori nel 2018. Caner: &#8220;69 milioni di notti trascorse in strutture, ma non dobbiamo mollare la presa&#8221;\",\"datePublished\":\"2019-03-21T11:07:34+00:00\",\"mainEntityOfPage\":{\"@id\":\"https:\\\/\\\/www.bellunopress.it\\\/2019\\\/03\\\/21\\\/turismo-veneto-da-record-oltre-195-milioni-di-visitatori-nel-2018-caner-69-milioni-di-notti-trascorse-in-strutture-ma-non-dobbiamo-mollare-la-presa\\\/\"},\"wordCount\":815,\"publisher\":{\"@id\":\"https:\\\/\\\/www.bellunopress.it\\\/#organization\"},\"image\":{\"@id\":\"https:\\\/\\\/www.bellunopress.it\\\/2019\\\/03\\\/21\\\/turismo-veneto-da-record-oltre-195-milioni-di-visitatori-nel-2018-caner-69-milioni-di-notti-trascorse-in-strutture-ma-non-dobbiamo-mollare-la-presa\\\/#primaryimage\"},\"thumbnailUrl\":\"http:\\\/\\\/www.bellunopress.it\\\/wp-content\\\/uploads\\\/2018\\\/09\\\/Caner.jpg\",\"articleSection\":[\"Lavoro, Economia, Turismo\",\"Prima Pagina\"],\"inLanguage\":\"fr-FR\"},{\"@type\":\"WebPage\",\"@id\":\"https:\\\/\\\/www.bellunopress.it\\\/2019\\\/03\\\/21\\\/turismo-veneto-da-record-oltre-195-milioni-di-visitatori-nel-2018-caner-69-milioni-di-notti-trascorse-in-strutture-ma-non-dobbiamo-mollare-la-presa\\\/\",\"url\":\"https:\\\/\\\/www.bellunopress.it\\\/2019\\\/03\\\/21\\\/turismo-veneto-da-record-oltre-195-milioni-di-visitatori-nel-2018-caner-69-milioni-di-notti-trascorse-in-strutture-ma-non-dobbiamo-mollare-la-presa\\\/\",\"name\":\"Turismo. Veneto da record, oltre 19,5 milioni di visitatori nel 2018. Caner: \\\"69 milioni di notti trascorse in strutture, ma non dobbiamo mollare la presa\\\" - Bellunopress - Dolomiti\",\"isPartOf\":{\"@id\":\"https:\\\/\\\/www.bellunopress.it\\\/#website\"},\"primaryImageOfPage\":{\"@id\":\"https:\\\/\\\/www.bellunopress.it\\\/2019\\\/03\\\/21\\\/turismo-veneto-da-record-oltre-195-milioni-di-visitatori-nel-2018-caner-69-milioni-di-notti-trascorse-in-strutture-ma-non-dobbiamo-mollare-la-presa\\\/#primaryimage\"},\"image\":{\"@id\":\"https:\\\/\\\/www.bellunopress.it\\\/2019\\\/03\\\/21\\\/turismo-veneto-da-record-oltre-195-milioni-di-visitatori-nel-2018-caner-69-milioni-di-notti-trascorse-in-strutture-ma-non-dobbiamo-mollare-la-presa\\\/#primaryimage\"},\"thumbnailUrl\":\"http:\\\/\\\/www.bellunopress.it\\\/wp-content\\\/uploads\\\/2018\\\/09\\\/Caner.jpg\",\"datePublished\":\"2019-03-21T11:07:34+00:00\",\"breadcrumb\":{\"@id\":\"https:\\\/\\\/www.bellunopress.it\\\/2019\\\/03\\\/21\\\/turismo-veneto-da-record-oltre-195-milioni-di-visitatori-nel-2018-caner-69-milioni-di-notti-trascorse-in-strutture-ma-non-dobbiamo-mollare-la-presa\\\/#breadcrumb\"},\"inLanguage\":\"fr-FR\",\"potentialAction\":[{\"@type\":\"ReadAction\",\"target\":[\"https:\\\/\\\/www.bellunopress.it\\\/2019\\\/03\\\/21\\\/turismo-veneto-da-record-oltre-195-milioni-di-visitatori-nel-2018-caner-69-milioni-di-notti-trascorse-in-strutture-ma-non-dobbiamo-mollare-la-presa\\\/\"]}]},{\"@type\":\"ImageObject\",\"inLanguage\":\"fr-FR\",\"@id\":\"https:\\\/\\\/www.bellunopress.it\\\/2019\\\/03\\\/21\\\/turismo-veneto-da-record-oltre-195-milioni-di-visitatori-nel-2018-caner-69-milioni-di-notti-trascorse-in-strutture-ma-non-dobbiamo-mollare-la-presa\\\/#primaryimage\",\"url\":\"http:\\\/\\\/www.bellunopress.it\\\/wp-content\\\/uploads\\\/2018\\\/09\\\/Caner.jpg\",\"contentUrl\":\"http:\\\/\\\/www.bellunopress.it\\\/wp-content\\\/uploads\\\/2018\\\/09\\\/Caner.jpg\"},{\"@type\":\"BreadcrumbList\",\"@id\":\"https:\\\/\\\/www.bellunopress.it\\\/2019\\\/03\\\/21\\\/turismo-veneto-da-record-oltre-195-milioni-di-visitatori-nel-2018-caner-69-milioni-di-notti-trascorse-in-strutture-ma-non-dobbiamo-mollare-la-presa\\\/#breadcrumb\",\"itemListElement\":[{\"@type\":\"ListItem\",\"position\":1,\"name\":\"Home\",\"item\":\"https:\\\/\\\/www.bellunopress.it\\\/\"},{\"@type\":\"ListItem\",\"position\":2,\"name\":\"Turismo. Veneto da record, oltre 19,5 milioni di visitatori nel 2018. Caner: &#8220;69 milioni di notti trascorse in strutture, ma non dobbiamo mollare la presa&#8221;\"}]},{\"@type\":\"WebSite\",\"@id\":\"https:\\\/\\\/www.bellunopress.it\\\/#website\",\"url\":\"https:\\\/\\\/www.bellunopress.it\\\/\",\"name\":\"Bellunopress - Dolomiti\",\"description\":\"e-mail: redazione@bellunopress.it\",\"publisher\":{\"@id\":\"https:\\\/\\\/www.bellunopress.it\\\/#organization\"},\"potentialAction\":[{\"@type\":\"SearchAction\",\"target\":{\"@type\":\"EntryPoint\",\"urlTemplate\":\"https:\\\/\\\/www.bellunopress.it\\\/?s={search_term_string}\"},\"query-input\":{\"@type\":\"PropertyValueSpecification\",\"valueRequired\":true,\"valueName\":\"search_term_string\"}}],\"inLanguage\":\"fr-FR\"},{\"@type\":\"Organization\",\"@id\":\"https:\\\/\\\/www.bellunopress.it\\\/#organization\",\"name\":\"Bellunopress\",\"url\":\"https:\\\/\\\/www.bellunopress.it\\\/\",\"logo\":{\"@type\":\"ImageObject\",\"inLanguage\":\"fr-FR\",\"@id\":\"https:\\\/\\\/www.bellunopress.it\\\/#\\\/schema\\\/logo\\\/image\\\/\",\"url\":\"https:\\\/\\\/www.bellunopress.it\\\/wp-content\\\/uploads\\\/2011\\\/05\\\/cropped-logo-bellunopress-.jpg\",\"contentUrl\":\"https:\\\/\\\/www.bellunopress.it\\\/wp-content\\\/uploads\\\/2011\\\/05\\\/cropped-logo-bellunopress-.jpg\",\"width\":512,\"height\":512,\"caption\":\"Bellunopress\"},\"image\":{\"@id\":\"https:\\\/\\\/www.bellunopress.it\\\/#\\\/schema\\\/logo\\\/image\\\/\"},\"sameAs\":[\"https:\\\/\\\/www.facebook.com\\\/profile.php?id=100008943462799\",\"https:\\\/\\\/x.com\\\/bellunopress\",\"https:\\\/\\\/www.linkedin.com\\\/hp\\\/?dnr=JBzUWaJfMUw8vbXJJ2tVW5-I3jZKvC4wsoxE&amp;amp;amp;amp;amp;amp;trk=nav_responsive_tab_home\",\"https:\\\/\\\/www.youtube.com\\\/channel\\\/UCxL0wu1uN0_3_7hGG0306cw\"]},{\"@type\":\"Person\",\"@id\":\"https:\\\/\\\/www.bellunopress.it\\\/#\\\/schema\\\/person\\\/79bb06722b37ece1c03d3e94beb30d73\",\"name\":\"redazione\",\"image\":{\"@type\":\"ImageObject\",\"inLanguage\":\"fr-FR\",\"@id\":\"https:\\\/\\\/secure.gravatar.com\\\/avatar\\\/37d968a2e67a6fd04c169c4bdef102d0bc5d31b2546345219e348575eb80e9a0?s=96&d=mm&r=g\",\"url\":\"https:\\\/\\\/secure.gravatar.com\\\/avatar\\\/37d968a2e67a6fd04c169c4bdef102d0bc5d31b2546345219e348575eb80e9a0?s=96&d=mm&r=g\",\"contentUrl\":\"https:\\\/\\\/secure.gravatar.com\\\/avatar\\\/37d968a2e67a6fd04c169c4bdef102d0bc5d31b2546345219e348575eb80e9a0?s=96&d=mm&r=g\",\"caption\":\"redazione\"},\"sameAs\":[\"http:\\\/\\\/www.bellunopress.it\",\"https:\\\/\\\/x.com\\\/bellunopress\"],\"url\":\"https:\\\/\\\/www.bellunopress.it\\\/fr\\\/author\\\/redazione\\\/\"}]}<\/script>\n<!-- \/ Yoast SEO plugin. -->","yoast_head_json":{"title":"Turismo. Veneto da record, oltre 19,5 milioni di visitatori nel 2018. Caner: \"69 milioni di notti trascorse in strutture, ma non dobbiamo mollare la presa\" - Bellunopress - Dolomiti","robots":{"index":"index","follow":"follow","max-snippet":"max-snippet:-1","max-image-preview":"max-image-preview:large","max-video-preview":"max-video-preview:-1"},"canonical":"https:\/\/www.bellunopress.it\/fr\/2019\/03\/21\/turismo-veneto-da-record-oltre-195-milioni-di-visitatori-nel-2018-caner-69-milioni-di-notti-trascorse-in-strutture-ma-non-dobbiamo-mollare-la-presa\/","og_locale":"fr_FR","og_type":"article","og_title":"Turismo. Veneto da record, oltre 19,5 milioni di visitatori nel 2018. Caner: \"69 milioni di notti trascorse in strutture, ma non dobbiamo mollare la presa\" - Bellunopress - Dolomiti","og_description":"Venezia, 21 marzo 2019 \u00a0&#8211; \u00a0\u201cPensare di demolire ogni anno i record di arrivi e presenze sarebbe ancor prima che illusorio sbagliato. Non sto dicendo che i saldi positivi del movimento turistico non rappresentino un traguardo da salutare con soddisfazione, ma \u00e8 oggettivamente impossibile puntare a un incessante incremento degli ospiti e soprattutto pu\u00f2 essere [&hellip;]","og_url":"https:\/\/www.bellunopress.it\/fr\/2019\/03\/21\/turismo-veneto-da-record-oltre-195-milioni-di-visitatori-nel-2018-caner-69-milioni-di-notti-trascorse-in-strutture-ma-non-dobbiamo-mollare-la-presa\/","og_site_name":"Bellunopress - Dolomiti","article_publisher":"https:\/\/www.facebook.com\/profile.php?id=100008943462799","article_published_time":"2019-03-21T11:07:34+00:00","og_image":[{"url":"http:\/\/www.bellunopress.it\/wp-content\/uploads\/2018\/09\/Caner.jpg","type":"","width":"","height":""}],"author":"redazione","twitter_card":"summary_large_image","twitter_creator":"@bellunopress","twitter_site":"@bellunopress","twitter_misc":{"\u00c9crit par":"redazione","Dur\u00e9e de lecture estim\u00e9e":"4 minutes"},"schema":{"@context":"https:\/\/schema.org","@graph":[{"@type":"Article","@id":"https:\/\/www.bellunopress.it\/2019\/03\/21\/turismo-veneto-da-record-oltre-195-milioni-di-visitatori-nel-2018-caner-69-milioni-di-notti-trascorse-in-strutture-ma-non-dobbiamo-mollare-la-presa\/#article","isPartOf":{"@id":"https:\/\/www.bellunopress.it\/2019\/03\/21\/turismo-veneto-da-record-oltre-195-milioni-di-visitatori-nel-2018-caner-69-milioni-di-notti-trascorse-in-strutture-ma-non-dobbiamo-mollare-la-presa\/"},"author":{"name":"redazione","@id":"https:\/\/www.bellunopress.it\/#\/schema\/person\/79bb06722b37ece1c03d3e94beb30d73"},"headline":"Turismo. Veneto da record, oltre 19,5 milioni di visitatori nel 2018. Caner: &#8220;69 milioni di notti trascorse in strutture, ma non dobbiamo mollare la presa&#8221;","datePublished":"2019-03-21T11:07:34+00:00","mainEntityOfPage":{"@id":"https:\/\/www.bellunopress.it\/2019\/03\/21\/turismo-veneto-da-record-oltre-195-milioni-di-visitatori-nel-2018-caner-69-milioni-di-notti-trascorse-in-strutture-ma-non-dobbiamo-mollare-la-presa\/"},"wordCount":815,"publisher":{"@id":"https:\/\/www.bellunopress.it\/#organization"},"image":{"@id":"https:\/\/www.bellunopress.it\/2019\/03\/21\/turismo-veneto-da-record-oltre-195-milioni-di-visitatori-nel-2018-caner-69-milioni-di-notti-trascorse-in-strutture-ma-non-dobbiamo-mollare-la-presa\/#primaryimage"},"thumbnailUrl":"http:\/\/www.bellunopress.it\/wp-content\/uploads\/2018\/09\/Caner.jpg","articleSection":["Lavoro, Economia, Turismo","Prima Pagina"],"inLanguage":"fr-FR"},{"@type":"WebPage","@id":"https:\/\/www.bellunopress.it\/2019\/03\/21\/turismo-veneto-da-record-oltre-195-milioni-di-visitatori-nel-2018-caner-69-milioni-di-notti-trascorse-in-strutture-ma-non-dobbiamo-mollare-la-presa\/","url":"https:\/\/www.bellunopress.it\/2019\/03\/21\/turismo-veneto-da-record-oltre-195-milioni-di-visitatori-nel-2018-caner-69-milioni-di-notti-trascorse-in-strutture-ma-non-dobbiamo-mollare-la-presa\/","name":"Turismo. Veneto da record, oltre 19,5 milioni di visitatori nel 2018. Caner: \"69 milioni di notti trascorse in strutture, ma non dobbiamo mollare la presa\" - Bellunopress - Dolomiti","isPartOf":{"@id":"https:\/\/www.bellunopress.it\/#website"},"primaryImageOfPage":{"@id":"https:\/\/www.bellunopress.it\/2019\/03\/21\/turismo-veneto-da-record-oltre-195-milioni-di-visitatori-nel-2018-caner-69-milioni-di-notti-trascorse-in-strutture-ma-non-dobbiamo-mollare-la-presa\/#primaryimage"},"image":{"@id":"https:\/\/www.bellunopress.it\/2019\/03\/21\/turismo-veneto-da-record-oltre-195-milioni-di-visitatori-nel-2018-caner-69-milioni-di-notti-trascorse-in-strutture-ma-non-dobbiamo-mollare-la-presa\/#primaryimage"},"thumbnailUrl":"http:\/\/www.bellunopress.it\/wp-content\/uploads\/2018\/09\/Caner.jpg","datePublished":"2019-03-21T11:07:34+00:00","breadcrumb":{"@id":"https:\/\/www.bellunopress.it\/2019\/03\/21\/turismo-veneto-da-record-oltre-195-milioni-di-visitatori-nel-2018-caner-69-milioni-di-notti-trascorse-in-strutture-ma-non-dobbiamo-mollare-la-presa\/#breadcrumb"},"inLanguage":"fr-FR","potentialAction":[{"@type":"ReadAction","target":["https:\/\/www.bellunopress.it\/2019\/03\/21\/turismo-veneto-da-record-oltre-195-milioni-di-visitatori-nel-2018-caner-69-milioni-di-notti-trascorse-in-strutture-ma-non-dobbiamo-mollare-la-presa\/"]}]},{"@type":"ImageObject","inLanguage":"fr-FR","@id":"https:\/\/www.bellunopress.it\/2019\/03\/21\/turismo-veneto-da-record-oltre-195-milioni-di-visitatori-nel-2018-caner-69-milioni-di-notti-trascorse-in-strutture-ma-non-dobbiamo-mollare-la-presa\/#primaryimage","url":"http:\/\/www.bellunopress.it\/wp-content\/uploads\/2018\/09\/Caner.jpg","contentUrl":"http:\/\/www.bellunopress.it\/wp-content\/uploads\/2018\/09\/Caner.jpg"},{"@type":"BreadcrumbList","@id":"https:\/\/www.bellunopress.it\/2019\/03\/21\/turismo-veneto-da-record-oltre-195-milioni-di-visitatori-nel-2018-caner-69-milioni-di-notti-trascorse-in-strutture-ma-non-dobbiamo-mollare-la-presa\/#breadcrumb","itemListElement":[{"@type":"ListItem","position":1,"name":"Home","item":"https:\/\/www.bellunopress.it\/"},{"@type":"ListItem","position":2,"name":"Turismo. Veneto da record, oltre 19,5 milioni di visitatori nel 2018. Caner: &#8220;69 milioni di notti trascorse in strutture, ma non dobbiamo mollare la presa&#8221;"}]},{"@type":"WebSite","@id":"https:\/\/www.bellunopress.it\/#website","url":"https:\/\/www.bellunopress.it\/","name":"Bellunopress - Dolomiti","description":"e-mail: redazione@bellunopress.it","publisher":{"@id":"https:\/\/www.bellunopress.it\/#organization"},"potentialAction":[{"@type":"SearchAction","target":{"@type":"EntryPoint","urlTemplate":"https:\/\/www.bellunopress.it\/?s={search_term_string}"},"query-input":{"@type":"PropertyValueSpecification","valueRequired":true,"valueName":"search_term_string"}}],"inLanguage":"fr-FR"},{"@type":"Organization","@id":"https:\/\/www.bellunopress.it\/#organization","name":"Bellunopress","url":"https:\/\/www.bellunopress.it\/","logo":{"@type":"ImageObject","inLanguage":"fr-FR","@id":"https:\/\/www.bellunopress.it\/#\/schema\/logo\/image\/","url":"https:\/\/www.bellunopress.it\/wp-content\/uploads\/2011\/05\/cropped-logo-bellunopress-.jpg","contentUrl":"https:\/\/www.bellunopress.it\/wp-content\/uploads\/2011\/05\/cropped-logo-bellunopress-.jpg","width":512,"height":512,"caption":"Bellunopress"},"image":{"@id":"https:\/\/www.bellunopress.it\/#\/schema\/logo\/image\/"},"sameAs":["https:\/\/www.facebook.com\/profile.php?id=100008943462799","https:\/\/x.com\/bellunopress","https:\/\/www.linkedin.com\/hp\/?dnr=JBzUWaJfMUw8vbXJJ2tVW5-I3jZKvC4wsoxE&amp;amp;amp;amp;amp;amp;trk=nav_responsive_tab_home","https:\/\/www.youtube.com\/channel\/UCxL0wu1uN0_3_7hGG0306cw"]},{"@type":"Person","@id":"https:\/\/www.bellunopress.it\/#\/schema\/person\/79bb06722b37ece1c03d3e94beb30d73","name":"r\u00e9daction","image":{"@type":"ImageObject","inLanguage":"fr-FR","@id":"https:\/\/secure.gravatar.com\/avatar\/37d968a2e67a6fd04c169c4bdef102d0bc5d31b2546345219e348575eb80e9a0?s=96&d=mm&r=g","url":"https:\/\/secure.gravatar.com\/avatar\/37d968a2e67a6fd04c169c4bdef102d0bc5d31b2546345219e348575eb80e9a0?s=96&d=mm&r=g","contentUrl":"https:\/\/secure.gravatar.com\/avatar\/37d968a2e67a6fd04c169c4bdef102d0bc5d31b2546345219e348575eb80e9a0?s=96&d=mm&r=g","caption":"redazione"},"sameAs":["http:\/\/www.bellunopress.it","https:\/\/x.com\/bellunopress"],"url":"https:\/\/www.bellunopress.it\/fr\/author\/redazione\/"}]}},"_links":{"self":[{"href":"https:\/\/www.bellunopress.it\/fr\/wp-json\/wp\/v2\/posts\/103071","targetHints":{"allow":["GET"]}}],"collection":[{"href":"https:\/\/www.bellunopress.it\/fr\/wp-json\/wp\/v2\/posts"}],"about":[{"href":"https:\/\/www.bellunopress.it\/fr\/wp-json\/wp\/v2\/types\/post"}],"author":[{"embeddable":true,"href":"https:\/\/www.bellunopress.it\/fr\/wp-json\/wp\/v2\/users\/2"}],"replies":[{"embeddable":true,"href":"https:\/\/www.bellunopress.it\/fr\/wp-json\/wp\/v2\/comments?post=103071"}],"version-history":[{"count":1,"href":"https:\/\/www.bellunopress.it\/fr\/wp-json\/wp\/v2\/posts\/103071\/revisions"}],"predecessor-version":[{"id":103072,"href":"https:\/\/www.bellunopress.it\/fr\/wp-json\/wp\/v2\/posts\/103071\/revisions\/103072"}],"wp:attachment":[{"href":"https:\/\/www.bellunopress.it\/fr\/wp-json\/wp\/v2\/media?parent=103071"}],"wp:term":[{"taxonomy":"category","embeddable":true,"href":"https:\/\/www.bellunopress.it\/fr\/wp-json\/wp\/v2\/categories?post=103071"},{"taxonomy":"post_tag","embeddable":true,"href":"https:\/\/www.bellunopress.it\/fr\/wp-json\/wp\/v2\/tags?post=103071"}],"curies":[{"name":"wp","href":"https:\/\/api.w.org\/{rel}","templated":true}]}}