{"id":103065,"date":"2019-03-21T10:08:18","date_gmt":"2019-03-21T09:08:18","guid":{"rendered":"http:\/\/www.bellunopress.it\/?p=103065"},"modified":"2019-03-21T10:08:18","modified_gmt":"2019-03-21T09:08:18","slug":"colli-berici-a-vinitaly-2019-tre-masterclass-per-scoprire-la-doc-al-pad-8-stand-l5-tre-giorni-di-degustazioni-con-le-eccellenze-enologiche-del-vicentino-martedi-alle-11-30-il-confronto-con-i-colli","status":"publish","type":"post","link":"https:\/\/www.bellunopress.it\/fr\/2019\/03\/21\/colli-berici-a-vinitaly-2019-tre-masterclass-per-scoprire-la-doc-al-pad-8-stand-l5-tre-giorni-di-degustazioni-con-le-eccellenze-enologiche-del-vicentino-martedi-alle-11-30-il-confronto-con-i-colli\/","title":{"rendered":"Colli Berici a Vinitaly 2019: tre masterclass per scoprire la Doc. Al Pad. 8 stand L5 tre giorni di degustazioni con le eccellenze enologiche del vicentino. Marted\u00ec alle 11.30 il confronto con i Colli Euganei condotto dal winewriter Giampaolo Giacobbo"},"content":{"rendered":"<p><a href=\"http:\/\/www.bellunopress.it\/fr\/2019\/03\/21\/colli-berici-a-vinitaly-2019-tre-masterclass-per-scoprire-la-doc-al-pad-8-stand-l5-tre-giorni-di-degustazioni-con-le-eccellenze-enologiche-del-vicentino-martedi-alle-11-30-il-confronto-con-i-colli\/consorzio-vini-colli-berici\/\" rel=\"attachment wp-att-103066\"><img loading=\"lazy\" decoding=\"async\" class=\"alignleft size-full wp-image-103066\" src=\"http:\/\/www.bellunopress.it\/wp-content\/uploads\/2019\/03\/Consorzio-vini-Colli-Berici.jpg\" alt=\"\" width=\"300\" height=\"184\" \/><\/a>Tre degustazioni guidate per scoprire i vini dei Colli Berici. A Vinitaly 2019 il Consorzio Vini Colli Berici e Vicenza presenter\u00e0 i vini espressione del proprio territorio. Le masterclass si terranno nelle giornate di domenica 7, luned\u00ec 8 e marted\u00ec 9 aprile all\u2019interno dello stand consortile al Padiglione 8 stand L5.<\/p>\n<p>Il primo appuntamento sar\u00e0 domenica alle ore 14.00 con la degustazione aperta al pubblico #Palladiowines \u2013 Anteprima dell\u2019annata 2018, quando il Direttore Giovanni Ponchia presenter\u00e0 tre vini bianchi e tre rossi Colli Berici DOC per analizzare e riflettere sull\u2019andamento della vendemmia dello scorso anno. Nel calice ci saranno i frutti dei vitigni cardine della produzione dei Colli Berici come Tai Rosso, Carm\u00e9n\u00e8re, Pinot Bianco, Sauvignon e Pinot Grigio.<br \/>\nLuned\u00ec 8 aprile alle 11.30 si confronteranno invece le realt\u00e0 enologiche dei Colli Berici e dei Colli Euganei durante la masterclass Sangue e menta: Colli Berici ed Euganei tra note ematiche e note ferrose. A condurla sar\u00e0 Gianpaolo Giacobbo, coautore della guida Slow Wine, che porter\u00e0 in degustazione tre rossi rappresentativi dell\u2019area berica, con un gioco di annate che va dal 2016 al 2008, e tre della DOC Colli Euganei.<\/p>\n<p>Marted\u00ec alle 11.30 il terzo appuntamento con l\u2019incontro Vulcanici dentro \u2013 Dal terreno al calice nella DOC Gambellara: Giovanni Ponchia far\u00e0 conoscere al pubblico quattro etichette del Consorzio Gambellara, che dai primi giorni di febbraio si trova sotto il coordinamento del Consorzio Vini Colli Berici e Vicenza.<br \/>\nA chiudere gli incontri di Vinitaly 2019 sar\u00e0 il banco d&#8217;assaggio di mercoled\u00ec 10 aprile Viaggio tra i prodotti tipici di Vicenza, organizzata dalla Strada dei Vini Colli Berici assieme alle altre strade del vino della Provincia di Vicenza. Alle 10.30 presso lo stand della Regione Veneto (Pad. 4) il pubblico potr\u00e0 conoscere le principali specialit\u00e0 gastronomiche dell\u2019area vicentina, abbinate a un calice di Sauvignon DOC Vicenza e uno di Tai Rosso, vitigno simbolo dei Colli Berici.<\/p>\n<p>\u00c8 possibile riservare gratuitamente il proprio posto alle degustazioni dei Colli Berici a Vinitaly 2019 a questo link bit.ly\/collibericivinitaly2019<\/p>","protected":false},"excerpt":{"rendered":"<p>Tre degustazioni guidate per scoprire i vini dei Colli Berici. A Vinitaly 2019 il Consorzio Vini Colli Berici e Vicenza presenter\u00e0 i vini espressione del proprio territorio. Le masterclass si terranno nelle giornate di domenica 7, luned\u00ec 8 e marted\u00ec 9 aprile all\u2019interno dello stand consortile al Padiglione 8 stand L5. Il primo appuntamento sar\u00e0 [&hellip;]<\/p>\n","protected":false},"author":2,"featured_media":0,"comment_status":"closed","ping_status":"open","sticky":false,"template":"","format":"standard","meta":{"footnotes":""},"categories":[3393],"tags":[],"class_list":["post-103065","post","type-post","status-publish","format-standard","category-eventi-enogastronomici"],"yoast_head":"<!-- This site is optimized with the Yoast SEO plugin v28.4 - https:\/\/yoast.com\/product\/yoast-seo-wordpress\/ -->\n<title>Colli Berici a Vinitaly 2019: tre masterclass per scoprire la Doc. Al Pad. 8 stand L5 tre giorni di degustazioni con le eccellenze enologiche del vicentino. Marted\u00ec alle 11.30 il confronto con i Colli Euganei condotto dal winewriter Giampaolo Giacobbo - Bellunopress - Dolomiti<\/title>\n<meta name=\"robots\" content=\"index, follow, max-snippet:-1, max-image-preview:large, max-video-preview:-1\" \/>\n<link rel=\"canonical\" href=\"https:\/\/www.bellunopress.it\/fr\/2019\/03\/21\/colli-berici-a-vinitaly-2019-tre-masterclass-per-scoprire-la-doc-al-pad-8-stand-l5-tre-giorni-di-degustazioni-con-le-eccellenze-enologiche-del-vicentino-martedi-alle-11-30-il-confronto-con-i-colli\/\" \/>\n<meta property=\"og:locale\" content=\"fr_FR\" \/>\n<meta property=\"og:type\" content=\"article\" \/>\n<meta property=\"og:title\" content=\"Colli Berici a Vinitaly 2019: tre masterclass per scoprire la Doc. Al Pad. 8 stand L5 tre giorni di degustazioni con le eccellenze enologiche del vicentino. Marted\u00ec alle 11.30 il confronto con i Colli Euganei condotto dal winewriter Giampaolo Giacobbo - Bellunopress - Dolomiti\" \/>\n<meta property=\"og:description\" content=\"Tre degustazioni guidate per scoprire i vini dei Colli Berici. A Vinitaly 2019 il Consorzio Vini Colli Berici e Vicenza presenter\u00e0 i vini espressione del proprio territorio. Le masterclass si terranno nelle giornate di domenica 7, luned\u00ec 8 e marted\u00ec 9 aprile all\u2019interno dello stand consortile al Padiglione 8 stand L5. Il primo appuntamento sar\u00e0 [&hellip;]\" \/>\n<meta property=\"og:url\" content=\"https:\/\/www.bellunopress.it\/fr\/2019\/03\/21\/colli-berici-a-vinitaly-2019-tre-masterclass-per-scoprire-la-doc-al-pad-8-stand-l5-tre-giorni-di-degustazioni-con-le-eccellenze-enologiche-del-vicentino-martedi-alle-11-30-il-confronto-con-i-colli\/\" \/>\n<meta property=\"og:site_name\" content=\"Bellunopress - Dolomiti\" \/>\n<meta property=\"article:publisher\" content=\"https:\/\/www.facebook.com\/profile.php?id=100008943462799\" \/>\n<meta property=\"article:published_time\" content=\"2019-03-21T09:08:18+00:00\" \/>\n<meta property=\"og:image\" content=\"http:\/\/www.bellunopress.it\/wp-content\/uploads\/2019\/03\/Consorzio-vini-Colli-Berici.jpg\" \/>\n<meta name=\"author\" content=\"redazione\" \/>\n<meta name=\"twitter:card\" content=\"summary_large_image\" \/>\n<meta name=\"twitter:creator\" content=\"@bellunopress\" \/>\n<meta name=\"twitter:site\" content=\"@bellunopress\" \/>\n<meta name=\"twitter:label1\" content=\"Written by\" \/>\n\t<meta name=\"twitter:data1\" content=\"redazione\" \/>\n\t<meta name=\"twitter:label2\" content=\"Est. reading time\" \/>\n\t<meta name=\"twitter:data2\" content=\"2 minutes\" \/>\n<script type=\"application\/ld+json\" class=\"yoast-schema-graph\">{\"@context\":\"https:\\\/\\\/schema.org\",\"@graph\":[{\"@type\":\"Article\",\"@id\":\"https:\\\/\\\/www.bellunopress.it\\\/2019\\\/03\\\/21\\\/colli-berici-a-vinitaly-2019-tre-masterclass-per-scoprire-la-doc-al-pad-8-stand-l5-tre-giorni-di-degustazioni-con-le-eccellenze-enologiche-del-vicentino-martedi-alle-11-30-il-confronto-con-i-colli\\\/#article\",\"isPartOf\":{\"@id\":\"https:\\\/\\\/www.bellunopress.it\\\/2019\\\/03\\\/21\\\/colli-berici-a-vinitaly-2019-tre-masterclass-per-scoprire-la-doc-al-pad-8-stand-l5-tre-giorni-di-degustazioni-con-le-eccellenze-enologiche-del-vicentino-martedi-alle-11-30-il-confronto-con-i-colli\\\/\"},\"author\":{\"name\":\"redazione\",\"@id\":\"https:\\\/\\\/www.bellunopress.it\\\/#\\\/schema\\\/person\\\/79bb06722b37ece1c03d3e94beb30d73\"},\"headline\":\"Colli Berici a Vinitaly 2019: tre masterclass per scoprire la Doc. Al Pad. 8 stand L5 tre giorni di degustazioni con le eccellenze enologiche del vicentino. Marted\u00ec alle 11.30 il confronto con i Colli Euganei condotto dal winewriter Giampaolo Giacobbo\",\"datePublished\":\"2019-03-21T09:08:18+00:00\",\"mainEntityOfPage\":{\"@id\":\"https:\\\/\\\/www.bellunopress.it\\\/2019\\\/03\\\/21\\\/colli-berici-a-vinitaly-2019-tre-masterclass-per-scoprire-la-doc-al-pad-8-stand-l5-tre-giorni-di-degustazioni-con-le-eccellenze-enologiche-del-vicentino-martedi-alle-11-30-il-confronto-con-i-colli\\\/\"},\"wordCount\":360,\"publisher\":{\"@id\":\"https:\\\/\\\/www.bellunopress.it\\\/#organization\"},\"image\":{\"@id\":\"https:\\\/\\\/www.bellunopress.it\\\/2019\\\/03\\\/21\\\/colli-berici-a-vinitaly-2019-tre-masterclass-per-scoprire-la-doc-al-pad-8-stand-l5-tre-giorni-di-degustazioni-con-le-eccellenze-enologiche-del-vicentino-martedi-alle-11-30-il-confronto-con-i-colli\\\/#primaryimage\"},\"thumbnailUrl\":\"http:\\\/\\\/www.bellunopress.it\\\/wp-content\\\/uploads\\\/2019\\\/03\\\/Consorzio-vini-Colli-Berici.jpg\",\"articleSection\":[\"Eventi enogastronomici\"],\"inLanguage\":\"fr-FR\"},{\"@type\":\"WebPage\",\"@id\":\"https:\\\/\\\/www.bellunopress.it\\\/2019\\\/03\\\/21\\\/colli-berici-a-vinitaly-2019-tre-masterclass-per-scoprire-la-doc-al-pad-8-stand-l5-tre-giorni-di-degustazioni-con-le-eccellenze-enologiche-del-vicentino-martedi-alle-11-30-il-confronto-con-i-colli\\\/\",\"url\":\"https:\\\/\\\/www.bellunopress.it\\\/2019\\\/03\\\/21\\\/colli-berici-a-vinitaly-2019-tre-masterclass-per-scoprire-la-doc-al-pad-8-stand-l5-tre-giorni-di-degustazioni-con-le-eccellenze-enologiche-del-vicentino-martedi-alle-11-30-il-confronto-con-i-colli\\\/\",\"name\":\"Colli Berici a Vinitaly 2019: tre masterclass per scoprire la Doc. Al Pad. 8 stand L5 tre giorni di degustazioni con le eccellenze enologiche del vicentino. Marted\u00ec alle 11.30 il confronto con i Colli Euganei condotto dal winewriter Giampaolo Giacobbo - Bellunopress - Dolomiti\",\"isPartOf\":{\"@id\":\"https:\\\/\\\/www.bellunopress.it\\\/#website\"},\"primaryImageOfPage\":{\"@id\":\"https:\\\/\\\/www.bellunopress.it\\\/2019\\\/03\\\/21\\\/colli-berici-a-vinitaly-2019-tre-masterclass-per-scoprire-la-doc-al-pad-8-stand-l5-tre-giorni-di-degustazioni-con-le-eccellenze-enologiche-del-vicentino-martedi-alle-11-30-il-confronto-con-i-colli\\\/#primaryimage\"},\"image\":{\"@id\":\"https:\\\/\\\/www.bellunopress.it\\\/2019\\\/03\\\/21\\\/colli-berici-a-vinitaly-2019-tre-masterclass-per-scoprire-la-doc-al-pad-8-stand-l5-tre-giorni-di-degustazioni-con-le-eccellenze-enologiche-del-vicentino-martedi-alle-11-30-il-confronto-con-i-colli\\\/#primaryimage\"},\"thumbnailUrl\":\"http:\\\/\\\/www.bellunopress.it\\\/wp-content\\\/uploads\\\/2019\\\/03\\\/Consorzio-vini-Colli-Berici.jpg\",\"datePublished\":\"2019-03-21T09:08:18+00:00\",\"breadcrumb\":{\"@id\":\"https:\\\/\\\/www.bellunopress.it\\\/2019\\\/03\\\/21\\\/colli-berici-a-vinitaly-2019-tre-masterclass-per-scoprire-la-doc-al-pad-8-stand-l5-tre-giorni-di-degustazioni-con-le-eccellenze-enologiche-del-vicentino-martedi-alle-11-30-il-confronto-con-i-colli\\\/#breadcrumb\"},\"inLanguage\":\"fr-FR\",\"potentialAction\":[{\"@type\":\"ReadAction\",\"target\":[\"https:\\\/\\\/www.bellunopress.it\\\/2019\\\/03\\\/21\\\/colli-berici-a-vinitaly-2019-tre-masterclass-per-scoprire-la-doc-al-pad-8-stand-l5-tre-giorni-di-degustazioni-con-le-eccellenze-enologiche-del-vicentino-martedi-alle-11-30-il-confronto-con-i-colli\\\/\"]}]},{\"@type\":\"ImageObject\",\"inLanguage\":\"fr-FR\",\"@id\":\"https:\\\/\\\/www.bellunopress.it\\\/2019\\\/03\\\/21\\\/colli-berici-a-vinitaly-2019-tre-masterclass-per-scoprire-la-doc-al-pad-8-stand-l5-tre-giorni-di-degustazioni-con-le-eccellenze-enologiche-del-vicentino-martedi-alle-11-30-il-confronto-con-i-colli\\\/#primaryimage\",\"url\":\"http:\\\/\\\/www.bellunopress.it\\\/wp-content\\\/uploads\\\/2019\\\/03\\\/Consorzio-vini-Colli-Berici.jpg\",\"contentUrl\":\"http:\\\/\\\/www.bellunopress.it\\\/wp-content\\\/uploads\\\/2019\\\/03\\\/Consorzio-vini-Colli-Berici.jpg\"},{\"@type\":\"BreadcrumbList\",\"@id\":\"https:\\\/\\\/www.bellunopress.it\\\/2019\\\/03\\\/21\\\/colli-berici-a-vinitaly-2019-tre-masterclass-per-scoprire-la-doc-al-pad-8-stand-l5-tre-giorni-di-degustazioni-con-le-eccellenze-enologiche-del-vicentino-martedi-alle-11-30-il-confronto-con-i-colli\\\/#breadcrumb\",\"itemListElement\":[{\"@type\":\"ListItem\",\"position\":1,\"name\":\"Home\",\"item\":\"https:\\\/\\\/www.bellunopress.it\\\/\"},{\"@type\":\"ListItem\",\"position\":2,\"name\":\"Colli Berici a Vinitaly 2019: tre masterclass per scoprire la Doc. Al Pad. 8 stand L5 tre giorni di degustazioni con le eccellenze enologiche del vicentino. Marted\u00ec alle 11.30 il confronto con i Colli Euganei condotto dal winewriter Giampaolo Giacobbo\"}]},{\"@type\":\"WebSite\",\"@id\":\"https:\\\/\\\/www.bellunopress.it\\\/#website\",\"url\":\"https:\\\/\\\/www.bellunopress.it\\\/\",\"name\":\"Bellunopress - Dolomiti\",\"description\":\"e-mail: redazione@bellunopress.it\",\"publisher\":{\"@id\":\"https:\\\/\\\/www.bellunopress.it\\\/#organization\"},\"potentialAction\":[{\"@type\":\"SearchAction\",\"target\":{\"@type\":\"EntryPoint\",\"urlTemplate\":\"https:\\\/\\\/www.bellunopress.it\\\/?s={search_term_string}\"},\"query-input\":{\"@type\":\"PropertyValueSpecification\",\"valueRequired\":true,\"valueName\":\"search_term_string\"}}],\"inLanguage\":\"fr-FR\"},{\"@type\":\"Organization\",\"@id\":\"https:\\\/\\\/www.bellunopress.it\\\/#organization\",\"name\":\"Bellunopress\",\"url\":\"https:\\\/\\\/www.bellunopress.it\\\/\",\"logo\":{\"@type\":\"ImageObject\",\"inLanguage\":\"fr-FR\",\"@id\":\"https:\\\/\\\/www.bellunopress.it\\\/#\\\/schema\\\/logo\\\/image\\\/\",\"url\":\"https:\\\/\\\/www.bellunopress.it\\\/wp-content\\\/uploads\\\/2011\\\/05\\\/cropped-logo-bellunopress-.jpg\",\"contentUrl\":\"https:\\\/\\\/www.bellunopress.it\\\/wp-content\\\/uploads\\\/2011\\\/05\\\/cropped-logo-bellunopress-.jpg\",\"width\":512,\"height\":512,\"caption\":\"Bellunopress\"},\"image\":{\"@id\":\"https:\\\/\\\/www.bellunopress.it\\\/#\\\/schema\\\/logo\\\/image\\\/\"},\"sameAs\":[\"https:\\\/\\\/www.facebook.com\\\/profile.php?id=100008943462799\",\"https:\\\/\\\/x.com\\\/bellunopress\",\"https:\\\/\\\/www.linkedin.com\\\/hp\\\/?dnr=JBzUWaJfMUw8vbXJJ2tVW5-I3jZKvC4wsoxE&amp;amp;amp;amp;amp;amp;trk=nav_responsive_tab_home\",\"https:\\\/\\\/www.youtube.com\\\/channel\\\/UCxL0wu1uN0_3_7hGG0306cw\"]},{\"@type\":\"Person\",\"@id\":\"https:\\\/\\\/www.bellunopress.it\\\/#\\\/schema\\\/person\\\/79bb06722b37ece1c03d3e94beb30d73\",\"name\":\"redazione\",\"image\":{\"@type\":\"ImageObject\",\"inLanguage\":\"fr-FR\",\"@id\":\"https:\\\/\\\/secure.gravatar.com\\\/avatar\\\/37d968a2e67a6fd04c169c4bdef102d0bc5d31b2546345219e348575eb80e9a0?s=96&d=mm&r=g\",\"url\":\"https:\\\/\\\/secure.gravatar.com\\\/avatar\\\/37d968a2e67a6fd04c169c4bdef102d0bc5d31b2546345219e348575eb80e9a0?s=96&d=mm&r=g\",\"contentUrl\":\"https:\\\/\\\/secure.gravatar.com\\\/avatar\\\/37d968a2e67a6fd04c169c4bdef102d0bc5d31b2546345219e348575eb80e9a0?s=96&d=mm&r=g\",\"caption\":\"redazione\"},\"sameAs\":[\"http:\\\/\\\/www.bellunopress.it\",\"https:\\\/\\\/x.com\\\/bellunopress\"],\"url\":\"https:\\\/\\\/www.bellunopress.it\\\/fr\\\/author\\\/redazione\\\/\"}]}<\/script>\n<!-- \/ Yoast SEO plugin. -->","yoast_head_json":{"title":"Colli Berici a Vinitaly 2019: tre masterclass per scoprire la Doc. Al Pad. 8 stand L5 tre giorni di degustazioni con le eccellenze enologiche del vicentino. Marted\u00ec alle 11.30 il confronto con i Colli Euganei condotto dal winewriter Giampaolo Giacobbo - Bellunopress - Dolomiti","robots":{"index":"index","follow":"follow","max-snippet":"max-snippet:-1","max-image-preview":"max-image-preview:large","max-video-preview":"max-video-preview:-1"},"canonical":"https:\/\/www.bellunopress.it\/fr\/2019\/03\/21\/colli-berici-a-vinitaly-2019-tre-masterclass-per-scoprire-la-doc-al-pad-8-stand-l5-tre-giorni-di-degustazioni-con-le-eccellenze-enologiche-del-vicentino-martedi-alle-11-30-il-confronto-con-i-colli\/","og_locale":"fr_FR","og_type":"article","og_title":"Colli Berici a Vinitaly 2019: tre masterclass per scoprire la Doc. Al Pad. 8 stand L5 tre giorni di degustazioni con le eccellenze enologiche del vicentino. Marted\u00ec alle 11.30 il confronto con i Colli Euganei condotto dal winewriter Giampaolo Giacobbo - Bellunopress - Dolomiti","og_description":"Tre degustazioni guidate per scoprire i vini dei Colli Berici. A Vinitaly 2019 il Consorzio Vini Colli Berici e Vicenza presenter\u00e0 i vini espressione del proprio territorio. Le masterclass si terranno nelle giornate di domenica 7, luned\u00ec 8 e marted\u00ec 9 aprile all\u2019interno dello stand consortile al Padiglione 8 stand L5. Il primo appuntamento sar\u00e0 [&hellip;]","og_url":"https:\/\/www.bellunopress.it\/fr\/2019\/03\/21\/colli-berici-a-vinitaly-2019-tre-masterclass-per-scoprire-la-doc-al-pad-8-stand-l5-tre-giorni-di-degustazioni-con-le-eccellenze-enologiche-del-vicentino-martedi-alle-11-30-il-confronto-con-i-colli\/","og_site_name":"Bellunopress - Dolomiti","article_publisher":"https:\/\/www.facebook.com\/profile.php?id=100008943462799","article_published_time":"2019-03-21T09:08:18+00:00","og_image":[{"url":"http:\/\/www.bellunopress.it\/wp-content\/uploads\/2019\/03\/Consorzio-vini-Colli-Berici.jpg","type":"","width":"","height":""}],"author":"redazione","twitter_card":"summary_large_image","twitter_creator":"@bellunopress","twitter_site":"@bellunopress","twitter_misc":{"Written by":"redazione","Est. reading time":"2 minutes"},"schema":{"@context":"https:\/\/schema.org","@graph":[{"@type":"Article","@id":"https:\/\/www.bellunopress.it\/2019\/03\/21\/colli-berici-a-vinitaly-2019-tre-masterclass-per-scoprire-la-doc-al-pad-8-stand-l5-tre-giorni-di-degustazioni-con-le-eccellenze-enologiche-del-vicentino-martedi-alle-11-30-il-confronto-con-i-colli\/#article","isPartOf":{"@id":"https:\/\/www.bellunopress.it\/2019\/03\/21\/colli-berici-a-vinitaly-2019-tre-masterclass-per-scoprire-la-doc-al-pad-8-stand-l5-tre-giorni-di-degustazioni-con-le-eccellenze-enologiche-del-vicentino-martedi-alle-11-30-il-confronto-con-i-colli\/"},"author":{"name":"redazione","@id":"https:\/\/www.bellunopress.it\/#\/schema\/person\/79bb06722b37ece1c03d3e94beb30d73"},"headline":"Colli Berici a Vinitaly 2019: tre masterclass per scoprire la Doc. Al Pad. 8 stand L5 tre giorni di degustazioni con le eccellenze enologiche del vicentino. Marted\u00ec alle 11.30 il confronto con i Colli Euganei condotto dal winewriter Giampaolo Giacobbo","datePublished":"2019-03-21T09:08:18+00:00","mainEntityOfPage":{"@id":"https:\/\/www.bellunopress.it\/2019\/03\/21\/colli-berici-a-vinitaly-2019-tre-masterclass-per-scoprire-la-doc-al-pad-8-stand-l5-tre-giorni-di-degustazioni-con-le-eccellenze-enologiche-del-vicentino-martedi-alle-11-30-il-confronto-con-i-colli\/"},"wordCount":360,"publisher":{"@id":"https:\/\/www.bellunopress.it\/#organization"},"image":{"@id":"https:\/\/www.bellunopress.it\/2019\/03\/21\/colli-berici-a-vinitaly-2019-tre-masterclass-per-scoprire-la-doc-al-pad-8-stand-l5-tre-giorni-di-degustazioni-con-le-eccellenze-enologiche-del-vicentino-martedi-alle-11-30-il-confronto-con-i-colli\/#primaryimage"},"thumbnailUrl":"http:\/\/www.bellunopress.it\/wp-content\/uploads\/2019\/03\/Consorzio-vini-Colli-Berici.jpg","articleSection":["Eventi enogastronomici"],"inLanguage":"fr-FR"},{"@type":"WebPage","@id":"https:\/\/www.bellunopress.it\/2019\/03\/21\/colli-berici-a-vinitaly-2019-tre-masterclass-per-scoprire-la-doc-al-pad-8-stand-l5-tre-giorni-di-degustazioni-con-le-eccellenze-enologiche-del-vicentino-martedi-alle-11-30-il-confronto-con-i-colli\/","url":"https:\/\/www.bellunopress.it\/2019\/03\/21\/colli-berici-a-vinitaly-2019-tre-masterclass-per-scoprire-la-doc-al-pad-8-stand-l5-tre-giorni-di-degustazioni-con-le-eccellenze-enologiche-del-vicentino-martedi-alle-11-30-il-confronto-con-i-colli\/","name":"Colli Berici a Vinitaly 2019: tre masterclass per scoprire la Doc. Al Pad. 8 stand L5 tre giorni di degustazioni con le eccellenze enologiche del vicentino. Marted\u00ec alle 11.30 il confronto con i Colli Euganei condotto dal winewriter Giampaolo Giacobbo - Bellunopress - Dolomiti","isPartOf":{"@id":"https:\/\/www.bellunopress.it\/#website"},"primaryImageOfPage":{"@id":"https:\/\/www.bellunopress.it\/2019\/03\/21\/colli-berici-a-vinitaly-2019-tre-masterclass-per-scoprire-la-doc-al-pad-8-stand-l5-tre-giorni-di-degustazioni-con-le-eccellenze-enologiche-del-vicentino-martedi-alle-11-30-il-confronto-con-i-colli\/#primaryimage"},"image":{"@id":"https:\/\/www.bellunopress.it\/2019\/03\/21\/colli-berici-a-vinitaly-2019-tre-masterclass-per-scoprire-la-doc-al-pad-8-stand-l5-tre-giorni-di-degustazioni-con-le-eccellenze-enologiche-del-vicentino-martedi-alle-11-30-il-confronto-con-i-colli\/#primaryimage"},"thumbnailUrl":"http:\/\/www.bellunopress.it\/wp-content\/uploads\/2019\/03\/Consorzio-vini-Colli-Berici.jpg","datePublished":"2019-03-21T09:08:18+00:00","breadcrumb":{"@id":"https:\/\/www.bellunopress.it\/2019\/03\/21\/colli-berici-a-vinitaly-2019-tre-masterclass-per-scoprire-la-doc-al-pad-8-stand-l5-tre-giorni-di-degustazioni-con-le-eccellenze-enologiche-del-vicentino-martedi-alle-11-30-il-confronto-con-i-colli\/#breadcrumb"},"inLanguage":"fr-FR","potentialAction":[{"@type":"ReadAction","target":["https:\/\/www.bellunopress.it\/2019\/03\/21\/colli-berici-a-vinitaly-2019-tre-masterclass-per-scoprire-la-doc-al-pad-8-stand-l5-tre-giorni-di-degustazioni-con-le-eccellenze-enologiche-del-vicentino-martedi-alle-11-30-il-confronto-con-i-colli\/"]}]},{"@type":"ImageObject","inLanguage":"fr-FR","@id":"https:\/\/www.bellunopress.it\/2019\/03\/21\/colli-berici-a-vinitaly-2019-tre-masterclass-per-scoprire-la-doc-al-pad-8-stand-l5-tre-giorni-di-degustazioni-con-le-eccellenze-enologiche-del-vicentino-martedi-alle-11-30-il-confronto-con-i-colli\/#primaryimage","url":"http:\/\/www.bellunopress.it\/wp-content\/uploads\/2019\/03\/Consorzio-vini-Colli-Berici.jpg","contentUrl":"http:\/\/www.bellunopress.it\/wp-content\/uploads\/2019\/03\/Consorzio-vini-Colli-Berici.jpg"},{"@type":"BreadcrumbList","@id":"https:\/\/www.bellunopress.it\/2019\/03\/21\/colli-berici-a-vinitaly-2019-tre-masterclass-per-scoprire-la-doc-al-pad-8-stand-l5-tre-giorni-di-degustazioni-con-le-eccellenze-enologiche-del-vicentino-martedi-alle-11-30-il-confronto-con-i-colli\/#breadcrumb","itemListElement":[{"@type":"ListItem","position":1,"name":"Home","item":"https:\/\/www.bellunopress.it\/"},{"@type":"ListItem","position":2,"name":"Colli Berici a Vinitaly 2019: tre masterclass per scoprire la Doc. Al Pad. 8 stand L5 tre giorni di degustazioni con le eccellenze enologiche del vicentino. Marted\u00ec alle 11.30 il confronto con i Colli Euganei condotto dal winewriter Giampaolo Giacobbo"}]},{"@type":"WebSite","@id":"https:\/\/www.bellunopress.it\/#website","url":"https:\/\/www.bellunopress.it\/","name":"Bellunopress - Dolomiti","description":"e-mail: redazione@bellunopress.it","publisher":{"@id":"https:\/\/www.bellunopress.it\/#organization"},"potentialAction":[{"@type":"SearchAction","target":{"@type":"EntryPoint","urlTemplate":"https:\/\/www.bellunopress.it\/?s={search_term_string}"},"query-input":{"@type":"PropertyValueSpecification","valueRequired":true,"valueName":"search_term_string"}}],"inLanguage":"fr-FR"},{"@type":"Organization","@id":"https:\/\/www.bellunopress.it\/#organization","name":"Bellunopress","url":"https:\/\/www.bellunopress.it\/","logo":{"@type":"ImageObject","inLanguage":"fr-FR","@id":"https:\/\/www.bellunopress.it\/#\/schema\/logo\/image\/","url":"https:\/\/www.bellunopress.it\/wp-content\/uploads\/2011\/05\/cropped-logo-bellunopress-.jpg","contentUrl":"https:\/\/www.bellunopress.it\/wp-content\/uploads\/2011\/05\/cropped-logo-bellunopress-.jpg","width":512,"height":512,"caption":"Bellunopress"},"image":{"@id":"https:\/\/www.bellunopress.it\/#\/schema\/logo\/image\/"},"sameAs":["https:\/\/www.facebook.com\/profile.php?id=100008943462799","https:\/\/x.com\/bellunopress","https:\/\/www.linkedin.com\/hp\/?dnr=JBzUWaJfMUw8vbXJJ2tVW5-I3jZKvC4wsoxE&amp;amp;amp;amp;amp;amp;trk=nav_responsive_tab_home","https:\/\/www.youtube.com\/channel\/UCxL0wu1uN0_3_7hGG0306cw"]},{"@type":"Person","@id":"https:\/\/www.bellunopress.it\/#\/schema\/person\/79bb06722b37ece1c03d3e94beb30d73","name":"r\u00e9daction","image":{"@type":"ImageObject","inLanguage":"fr-FR","@id":"https:\/\/secure.gravatar.com\/avatar\/37d968a2e67a6fd04c169c4bdef102d0bc5d31b2546345219e348575eb80e9a0?s=96&d=mm&r=g","url":"https:\/\/secure.gravatar.com\/avatar\/37d968a2e67a6fd04c169c4bdef102d0bc5d31b2546345219e348575eb80e9a0?s=96&d=mm&r=g","contentUrl":"https:\/\/secure.gravatar.com\/avatar\/37d968a2e67a6fd04c169c4bdef102d0bc5d31b2546345219e348575eb80e9a0?s=96&d=mm&r=g","caption":"redazione"},"sameAs":["http:\/\/www.bellunopress.it","https:\/\/x.com\/bellunopress"],"url":"https:\/\/www.bellunopress.it\/fr\/author\/redazione\/"}]}},"_links":{"self":[{"href":"https:\/\/www.bellunopress.it\/fr\/wp-json\/wp\/v2\/posts\/103065","targetHints":{"allow":["GET"]}}],"collection":[{"href":"https:\/\/www.bellunopress.it\/fr\/wp-json\/wp\/v2\/posts"}],"about":[{"href":"https:\/\/www.bellunopress.it\/fr\/wp-json\/wp\/v2\/types\/post"}],"author":[{"embeddable":true,"href":"https:\/\/www.bellunopress.it\/fr\/wp-json\/wp\/v2\/users\/2"}],"replies":[{"embeddable":true,"href":"https:\/\/www.bellunopress.it\/fr\/wp-json\/wp\/v2\/comments?post=103065"}],"version-history":[{"count":2,"href":"https:\/\/www.bellunopress.it\/fr\/wp-json\/wp\/v2\/posts\/103065\/revisions"}],"predecessor-version":[{"id":103068,"href":"https:\/\/www.bellunopress.it\/fr\/wp-json\/wp\/v2\/posts\/103065\/revisions\/103068"}],"wp:attachment":[{"href":"https:\/\/www.bellunopress.it\/fr\/wp-json\/wp\/v2\/media?parent=103065"}],"wp:term":[{"taxonomy":"category","embeddable":true,"href":"https:\/\/www.bellunopress.it\/fr\/wp-json\/wp\/v2\/categories?post=103065"},{"taxonomy":"post_tag","embeddable":true,"href":"https:\/\/www.bellunopress.it\/fr\/wp-json\/wp\/v2\/tags?post=103065"}],"curies":[{"name":"wp","href":"https:\/\/api.w.org\/{rel}","templated":true}]}}