{"id":103063,"date":"2019-03-21T08:17:01","date_gmt":"2019-03-21T07:17:01","guid":{"rendered":"http:\/\/www.bellunopress.it\/?p=103063"},"modified":"2019-03-21T08:17:01","modified_gmt":"2019-03-21T07:17:01","slug":"questo-fine-settimana-via-al-34mo-rally-bellunese-intitolato-al-compianto-maurizio-da-lan-orari-e-chiusure-strade","status":"publish","type":"post","link":"https:\/\/www.bellunopress.it\/fr\/2019\/03\/21\/questo-fine-settimana-via-al-34mo-rally-bellunese-intitolato-al-compianto-maurizio-da-lan-orari-e-chiusure-strade\/","title":{"rendered":"Questo fine settimana via al 34mo Rally Bellunese intitolato al compianto Maurizio Da Lan. Orari e chiusure strade"},"content":{"rendered":"<p><a href=\"http:\/\/www.bellunopress.it\/fr\/2018\/08\/16\/rally-del-bellunese-33ma-edizione-fissata-la-nuova-data-per-sabato-27-e-domenica-28-ottobre\/rally-del-bellunese\/\" rel=\"attachment wp-att-97193\"><img loading=\"lazy\" decoding=\"async\" class=\"alignleft size-full wp-image-97193\" src=\"http:\/\/www.bellunopress.it\/wp-content\/uploads\/2018\/08\/rally-del-bellunese.jpg\" alt=\"\" width=\"300\" height=\"231\" \/><\/a>Anche il 34\u00b0 Rally Bellunese \u00e8 intitolato a Maurizio Da Lan, l&#8217;appassionatissimo sportivo di Santa Giustina, instancabile e competente collaboratore dell&#8217;Asd Tre Cime Promotor, prematuramente scomparso tre anni fa. Proprio da tre anni il Bellunese, la gara che Maurizio tanto amava e per la promozione della quale, in molti lustri di spassionato impegno, profuse tutto s\u00e9 stesso, per condivisa, unanime volont\u00e0 del gruppo organizzatore, lo ricorda con grande semplicit\u00e0, dote che sempre ne contraddistinse l&#8217;operato. Il suo immancabile, coinvolgente sorriso e il suo ricordo rimangono nel cuore di quanti lo hanno conosciuto ed apprezzato. Il tributo a Maurizio Da Lan culminer\u00e0 domenica, al termine del 34\u00b0 Rally Bellunese, con la consegna alla giovane figlia Elena di un omaggio floreale donato dalla Fioreria Fantasia di Santa Giustina.<\/p>\n<p>Su indicazione del presidente Achille &#8220;Brik&#8221; Selvestrel, quest&#8217;anno l&#8217;Asd Tre Cime Promotor ha deciso di ricordare, a pochissimi giorni dall&#8217;improvvisa, prematura scomparsa, un altro grande amico dell&#8217;automobilismo e del Rally Bellunese. In memoria del meccanico e preparatore Andrea Cortese, dell&#8217;autofficina STM Garage di Mel, un premio speciale dedicato sar\u00e0 attribuito ai componenti l&#8217;assistenza dell&#8217;equipaggio bellunese (quello composto da pilota e navigatore entrambi nati in provincia di Belluno) che risulter\u00e0 meglio piazzato nella classifica finale assoluta della corsa.<\/p>\n<p>Nei giorni scorsi l&#8217;organizzazione ha acquisto l&#8217;autorizzazione di competenza della Provincia e il Decreto di chiusura delle strade interessate, emesso dalla Prefettura di Belluno. Tre Cime Promotor rivolge un sentito ringraziamento a tutte le Pubbliche Amministrazioni coinvolte e ai loro Funzionari, per la grande collaborazione e la disponibilit\u00e0 dimostrate, indispensabili per consentire l&#8217;organizzazione della manifestazione. Il presidente Selvestrel ha dichiarato: &#8220;Siamo consapevoli che lo sport dell&#8217;automobilismo pu\u00f2 non piacere o non essere apprezzato da tutti, ma da sempre ci impegniamo per ridurre al minimo gli eventuali disagi. Anche attraverso queste manifestazioni, nel nostro piccolo, cerchiamo di promuovere il territorio Bellunese portando in vallata un turismo che altrimenti faticherebbe ad arrivare&#8221;.<br \/>\nIeri, intanto, lungo il percorso di gara \u00e8 stato completato l&#8217;allestimento in sicurezza delle prove speciali. Queste saranno 9 ed avranno uno sviluppo totale di 82 chilometri e 380 metri, su un tracciato complessivo di 263 chilometri e 560 metri con partenza ed arrivo nella piazza Maggiore di Santa Giustina. Lo spettacolo non mancher\u00e0 di sicuro.<\/p>\n<p>Lo shakedown si svolger\u00e0 sabato 23 marzo, dalle 12.00 alle 15.00, lungo via Felice Cavallotti di Lentiai, in Comune di Borgo Valbelluna. Gli orari di transito sulle prove speciali previsti per il primo equipaggio sono invece questi: PS 1 &#8220;Oasi Circuit&#8221;, alle 19.29 di sabato 23 marzo; PS 2-5-8 &#8220;Lentiai&#8221;, alle 8.56, 12.19 e 15.42 di domenica; PS 3-6 &#8220;Cesio&#8221;, alle 9.18 e 12.41 di domenica; PS 4-7-9 &#8220;Melere&#8221;, alle 9.58, 13.21 e 16.21 di domenica 24 marzo.<\/p>\n<p>&nbsp;<\/p>\n<p><strong><a href=\"http:\/\/www.bellunopress.it\/fr\/2018\/10\/22\/33mo-rally-del-bellunese-illuminate-le-postazioni-per-il-pubblico-di-oasi-circuit-la-prova-spettacolo-che-aprira-la-gara\/rally-bellunese\/\" rel=\"attachment wp-att-98804\"><img loading=\"lazy\" decoding=\"async\" class=\"alignleft size-full wp-image-98804\" src=\"http:\/\/www.bellunopress.it\/wp-content\/uploads\/2018\/10\/rally-bellunese.jpg\" alt=\"\" width=\"300\" height=\"177\" \/><\/a>Orari di sospensione della circolazione lungo i tratti di strada interessati dallo svolgimento del 34\u00b0 Rally Bellunese, disposti con decreto dall&#8217;Ufficio Territoriale del Governo \u2013 Prefettura di Belluno per le giornate di sabato 23 e domenica 24 marzo 2019<\/strong><\/p>\n<p><strong>Sabato 23 marzo 2019<\/strong><br \/>\nShakedown (test con vetture da gara) di km 2,030<br \/>\nComune di Borgo Valbelluna \u2013 localit\u00e0 Lentiai, strada comunale: via Felice Cavallotti, dalle 11.00 alle 15.30 e comunque fino al passaggio della vettura &#8220;scopa&#8221;.<\/p>\n<p>Prova speciale 1 \u2013 &#8220;Oasi Circuit&#8221; di km 3,530 da ripetersi una volta<br \/>\nComune di Limana, strade comunali: via Cros da innesto con via Triches, via Triches e via Muiere, dalle 18.15 alle 23.40 e comunque fino al passaggio della vettura &#8220;scopa&#8221;.<\/p>\n<p><strong>Domenica 24 marzo 2019<\/strong><br \/>\nProva speciale 2-5-8 &#8220;Lentiai&#8221; di km 7,200 da ripetersi tre volte<br \/>\nComune di Borgo Valbelluna \u2013 localit\u00e0 Lentiai, strade comunali: via delle Molade innesto con via Angelo Bortolini, via Gino Rocca, via Felice Cavallotti, localit\u00e0 Canai fino a via Antonio Solagna, dalle 7.45 alle 17.45 e comunque fino al passaggio della vettura &#8220;scopa&#8221;. Il percorso sar\u00e0 riaperto tra una prova speciale e l&#8217;altra.<\/p>\n<p>Prova speciale 3-6 &#8220;Cesio&#8221; di km 6,800 da ripetersi due volte<br \/>\nComune di Cesiomaggiore, strade comunali. Via Rive de Paoletti, via Villa delle Centenere, via Centenere verso Pullir, via Busette di Pullir, via Capitel, via Nalgher, via Pradaghe, via Sotto Calliol e via Calliol, dalle 8.15 alle 14.50 e comunque fino al passaggio della vettura &#8220;scopa&#8221;.<\/p>\n<p>Prova speciale 4-7-9 &#8220;Melere&#8221; di km 14,550 da ripetersi tre volte<br \/>\nComune di Borgo Valbelluna \u2013 localit\u00e0 Trichiana, strade comunali: via Frontin, localit\u00e0 Noal, localit\u00e0 Pranolz da bivio Pranolz-Nate verso localit\u00e0 Nate fino al bivio Valmorel-Pianezze, continua in localit\u00e0 Pranolz per Melere;<br \/>\nComune di Limana, strade comunali: via Peden, via Valmorel, via Navenze e via Triches, dalle 8.45 alle 18.40 e comunque fino al passaggio della vettura &#8220;scopa&#8221;.<br \/>\nIl direttore di gara, se le condizioni di sicurezza lo consentiranno, conceder\u00e0 una breve riapertura dei percorsi tra i passaggi delle prove speciali.<\/p>","protected":false},"excerpt":{"rendered":"<p>Anche il 34\u00b0 Rally Bellunese \u00e8 intitolato a Maurizio Da Lan, l&#8217;appassionatissimo sportivo di Santa Giustina, instancabile e competente collaboratore dell&#8217;Asd Tre Cime Promotor, prematuramente scomparso tre anni fa. Proprio da tre anni il Bellunese, la gara che Maurizio tanto amava e per la promozione della quale, in molti lustri di spassionato impegno, profuse tutto [&hellip;]<\/p>\n","protected":false},"author":2,"featured_media":0,"comment_status":"closed","ping_status":"open","sticky":false,"template":"","format":"standard","meta":{"footnotes":""},"categories":[27,4],"tags":[],"class_list":["post-103063","post","type-post","status-publish","format-standard","category-appuntamenti","category-sport"],"yoast_head":"<!-- This site is optimized with the Yoast SEO plugin v28.4 - https:\/\/yoast.com\/product\/yoast-seo-wordpress\/ -->\n<title>Questo fine settimana via al 34mo Rally Bellunese intitolato al compianto Maurizio Da Lan. Orari e chiusure strade - Bellunopress - Dolomiti<\/title>\n<meta name=\"robots\" content=\"index, follow, max-snippet:-1, max-image-preview:large, max-video-preview:-1\" \/>\n<link rel=\"canonical\" href=\"https:\/\/www.bellunopress.it\/fr\/2019\/03\/21\/questo-fine-settimana-via-al-34mo-rally-bellunese-intitolato-al-compianto-maurizio-da-lan-orari-e-chiusure-strade\/\" \/>\n<meta property=\"og:locale\" content=\"fr_FR\" \/>\n<meta property=\"og:type\" content=\"article\" \/>\n<meta property=\"og:title\" content=\"Questo fine settimana via al 34mo Rally Bellunese intitolato al compianto Maurizio Da Lan. Orari e chiusure strade - Bellunopress - Dolomiti\" \/>\n<meta property=\"og:description\" content=\"Anche il 34\u00b0 Rally Bellunese \u00e8 intitolato a Maurizio Da Lan, l&#8217;appassionatissimo sportivo di Santa Giustina, instancabile e competente collaboratore dell&#8217;Asd Tre Cime Promotor, prematuramente scomparso tre anni fa. Proprio da tre anni il Bellunese, la gara che Maurizio tanto amava e per la promozione della quale, in molti lustri di spassionato impegno, profuse tutto [&hellip;]\" \/>\n<meta property=\"og:url\" content=\"https:\/\/www.bellunopress.it\/fr\/2019\/03\/21\/questo-fine-settimana-via-al-34mo-rally-bellunese-intitolato-al-compianto-maurizio-da-lan-orari-e-chiusure-strade\/\" \/>\n<meta property=\"og:site_name\" content=\"Bellunopress - Dolomiti\" \/>\n<meta property=\"article:publisher\" content=\"https:\/\/www.facebook.com\/profile.php?id=100008943462799\" \/>\n<meta property=\"article:published_time\" content=\"2019-03-21T07:17:01+00:00\" \/>\n<meta property=\"og:image\" content=\"http:\/\/www.bellunopress.it\/wp-content\/uploads\/2018\/08\/rally-del-bellunese.jpg\" \/>\n<meta name=\"author\" content=\"redazione\" \/>\n<meta name=\"twitter:card\" content=\"summary_large_image\" \/>\n<meta name=\"twitter:creator\" content=\"@bellunopress\" \/>\n<meta name=\"twitter:site\" content=\"@bellunopress\" \/>\n<meta name=\"twitter:label1\" content=\"\u00c9crit par\" \/>\n\t<meta name=\"twitter:data1\" content=\"redazione\" \/>\n\t<meta name=\"twitter:label2\" content=\"Dur\u00e9e de lecture estim\u00e9e\" \/>\n\t<meta name=\"twitter:data2\" content=\"4 minutes\" \/>\n<script type=\"application\/ld+json\" class=\"yoast-schema-graph\">{\"@context\":\"https:\\\/\\\/schema.org\",\"@graph\":[{\"@type\":\"Article\",\"@id\":\"https:\\\/\\\/www.bellunopress.it\\\/2019\\\/03\\\/21\\\/questo-fine-settimana-via-al-34mo-rally-bellunese-intitolato-al-compianto-maurizio-da-lan-orari-e-chiusure-strade\\\/#article\",\"isPartOf\":{\"@id\":\"https:\\\/\\\/www.bellunopress.it\\\/2019\\\/03\\\/21\\\/questo-fine-settimana-via-al-34mo-rally-bellunese-intitolato-al-compianto-maurizio-da-lan-orari-e-chiusure-strade\\\/\"},\"author\":{\"name\":\"redazione\",\"@id\":\"https:\\\/\\\/www.bellunopress.it\\\/#\\\/schema\\\/person\\\/79bb06722b37ece1c03d3e94beb30d73\"},\"headline\":\"Questo fine settimana via al 34mo Rally Bellunese intitolato al compianto Maurizio Da Lan. Orari e chiusure strade\",\"datePublished\":\"2019-03-21T07:17:01+00:00\",\"mainEntityOfPage\":{\"@id\":\"https:\\\/\\\/www.bellunopress.it\\\/2019\\\/03\\\/21\\\/questo-fine-settimana-via-al-34mo-rally-bellunese-intitolato-al-compianto-maurizio-da-lan-orari-e-chiusure-strade\\\/\"},\"wordCount\":766,\"publisher\":{\"@id\":\"https:\\\/\\\/www.bellunopress.it\\\/#organization\"},\"image\":{\"@id\":\"https:\\\/\\\/www.bellunopress.it\\\/2019\\\/03\\\/21\\\/questo-fine-settimana-via-al-34mo-rally-bellunese-intitolato-al-compianto-maurizio-da-lan-orari-e-chiusure-strade\\\/#primaryimage\"},\"thumbnailUrl\":\"http:\\\/\\\/www.bellunopress.it\\\/wp-content\\\/uploads\\\/2018\\\/08\\\/rally-del-bellunese.jpg\",\"articleSection\":[\"Appuntamenti, Eventi\",\"Sport, tempo libero\"],\"inLanguage\":\"fr-FR\"},{\"@type\":\"WebPage\",\"@id\":\"https:\\\/\\\/www.bellunopress.it\\\/2019\\\/03\\\/21\\\/questo-fine-settimana-via-al-34mo-rally-bellunese-intitolato-al-compianto-maurizio-da-lan-orari-e-chiusure-strade\\\/\",\"url\":\"https:\\\/\\\/www.bellunopress.it\\\/2019\\\/03\\\/21\\\/questo-fine-settimana-via-al-34mo-rally-bellunese-intitolato-al-compianto-maurizio-da-lan-orari-e-chiusure-strade\\\/\",\"name\":\"Questo fine settimana via al 34mo Rally Bellunese intitolato al compianto Maurizio Da Lan. Orari e chiusure strade - Bellunopress - Dolomiti\",\"isPartOf\":{\"@id\":\"https:\\\/\\\/www.bellunopress.it\\\/#website\"},\"primaryImageOfPage\":{\"@id\":\"https:\\\/\\\/www.bellunopress.it\\\/2019\\\/03\\\/21\\\/questo-fine-settimana-via-al-34mo-rally-bellunese-intitolato-al-compianto-maurizio-da-lan-orari-e-chiusure-strade\\\/#primaryimage\"},\"image\":{\"@id\":\"https:\\\/\\\/www.bellunopress.it\\\/2019\\\/03\\\/21\\\/questo-fine-settimana-via-al-34mo-rally-bellunese-intitolato-al-compianto-maurizio-da-lan-orari-e-chiusure-strade\\\/#primaryimage\"},\"thumbnailUrl\":\"http:\\\/\\\/www.bellunopress.it\\\/wp-content\\\/uploads\\\/2018\\\/08\\\/rally-del-bellunese.jpg\",\"datePublished\":\"2019-03-21T07:17:01+00:00\",\"breadcrumb\":{\"@id\":\"https:\\\/\\\/www.bellunopress.it\\\/2019\\\/03\\\/21\\\/questo-fine-settimana-via-al-34mo-rally-bellunese-intitolato-al-compianto-maurizio-da-lan-orari-e-chiusure-strade\\\/#breadcrumb\"},\"inLanguage\":\"fr-FR\",\"potentialAction\":[{\"@type\":\"ReadAction\",\"target\":[\"https:\\\/\\\/www.bellunopress.it\\\/2019\\\/03\\\/21\\\/questo-fine-settimana-via-al-34mo-rally-bellunese-intitolato-al-compianto-maurizio-da-lan-orari-e-chiusure-strade\\\/\"]}]},{\"@type\":\"ImageObject\",\"inLanguage\":\"fr-FR\",\"@id\":\"https:\\\/\\\/www.bellunopress.it\\\/2019\\\/03\\\/21\\\/questo-fine-settimana-via-al-34mo-rally-bellunese-intitolato-al-compianto-maurizio-da-lan-orari-e-chiusure-strade\\\/#primaryimage\",\"url\":\"http:\\\/\\\/www.bellunopress.it\\\/wp-content\\\/uploads\\\/2018\\\/08\\\/rally-del-bellunese.jpg\",\"contentUrl\":\"http:\\\/\\\/www.bellunopress.it\\\/wp-content\\\/uploads\\\/2018\\\/08\\\/rally-del-bellunese.jpg\"},{\"@type\":\"BreadcrumbList\",\"@id\":\"https:\\\/\\\/www.bellunopress.it\\\/2019\\\/03\\\/21\\\/questo-fine-settimana-via-al-34mo-rally-bellunese-intitolato-al-compianto-maurizio-da-lan-orari-e-chiusure-strade\\\/#breadcrumb\",\"itemListElement\":[{\"@type\":\"ListItem\",\"position\":1,\"name\":\"Home\",\"item\":\"https:\\\/\\\/www.bellunopress.it\\\/\"},{\"@type\":\"ListItem\",\"position\":2,\"name\":\"Questo fine settimana via al 34mo Rally Bellunese intitolato al compianto Maurizio Da Lan. Orari e chiusure strade\"}]},{\"@type\":\"WebSite\",\"@id\":\"https:\\\/\\\/www.bellunopress.it\\\/#website\",\"url\":\"https:\\\/\\\/www.bellunopress.it\\\/\",\"name\":\"Bellunopress - Dolomiti\",\"description\":\"e-mail: redazione@bellunopress.it\",\"publisher\":{\"@id\":\"https:\\\/\\\/www.bellunopress.it\\\/#organization\"},\"potentialAction\":[{\"@type\":\"SearchAction\",\"target\":{\"@type\":\"EntryPoint\",\"urlTemplate\":\"https:\\\/\\\/www.bellunopress.it\\\/?s={search_term_string}\"},\"query-input\":{\"@type\":\"PropertyValueSpecification\",\"valueRequired\":true,\"valueName\":\"search_term_string\"}}],\"inLanguage\":\"fr-FR\"},{\"@type\":\"Organization\",\"@id\":\"https:\\\/\\\/www.bellunopress.it\\\/#organization\",\"name\":\"Bellunopress\",\"url\":\"https:\\\/\\\/www.bellunopress.it\\\/\",\"logo\":{\"@type\":\"ImageObject\",\"inLanguage\":\"fr-FR\",\"@id\":\"https:\\\/\\\/www.bellunopress.it\\\/#\\\/schema\\\/logo\\\/image\\\/\",\"url\":\"https:\\\/\\\/www.bellunopress.it\\\/wp-content\\\/uploads\\\/2011\\\/05\\\/cropped-logo-bellunopress-.jpg\",\"contentUrl\":\"https:\\\/\\\/www.bellunopress.it\\\/wp-content\\\/uploads\\\/2011\\\/05\\\/cropped-logo-bellunopress-.jpg\",\"width\":512,\"height\":512,\"caption\":\"Bellunopress\"},\"image\":{\"@id\":\"https:\\\/\\\/www.bellunopress.it\\\/#\\\/schema\\\/logo\\\/image\\\/\"},\"sameAs\":[\"https:\\\/\\\/www.facebook.com\\\/profile.php?id=100008943462799\",\"https:\\\/\\\/x.com\\\/bellunopress\",\"https:\\\/\\\/www.linkedin.com\\\/hp\\\/?dnr=JBzUWaJfMUw8vbXJJ2tVW5-I3jZKvC4wsoxE&amp;amp;amp;amp;amp;amp;trk=nav_responsive_tab_home\",\"https:\\\/\\\/www.youtube.com\\\/channel\\\/UCxL0wu1uN0_3_7hGG0306cw\"]},{\"@type\":\"Person\",\"@id\":\"https:\\\/\\\/www.bellunopress.it\\\/#\\\/schema\\\/person\\\/79bb06722b37ece1c03d3e94beb30d73\",\"name\":\"redazione\",\"image\":{\"@type\":\"ImageObject\",\"inLanguage\":\"fr-FR\",\"@id\":\"https:\\\/\\\/secure.gravatar.com\\\/avatar\\\/37d968a2e67a6fd04c169c4bdef102d0bc5d31b2546345219e348575eb80e9a0?s=96&d=mm&r=g\",\"url\":\"https:\\\/\\\/secure.gravatar.com\\\/avatar\\\/37d968a2e67a6fd04c169c4bdef102d0bc5d31b2546345219e348575eb80e9a0?s=96&d=mm&r=g\",\"contentUrl\":\"https:\\\/\\\/secure.gravatar.com\\\/avatar\\\/37d968a2e67a6fd04c169c4bdef102d0bc5d31b2546345219e348575eb80e9a0?s=96&d=mm&r=g\",\"caption\":\"redazione\"},\"sameAs\":[\"http:\\\/\\\/www.bellunopress.it\",\"https:\\\/\\\/x.com\\\/bellunopress\"],\"url\":\"https:\\\/\\\/www.bellunopress.it\\\/fr\\\/author\\\/redazione\\\/\"}]}<\/script>\n<!-- \/ Yoast SEO plugin. -->","yoast_head_json":{"title":"Questo fine settimana via al 34mo Rally Bellunese intitolato al compianto Maurizio Da Lan. Orari e chiusure strade - Bellunopress - Dolomiti","robots":{"index":"index","follow":"follow","max-snippet":"max-snippet:-1","max-image-preview":"max-image-preview:large","max-video-preview":"max-video-preview:-1"},"canonical":"https:\/\/www.bellunopress.it\/fr\/2019\/03\/21\/questo-fine-settimana-via-al-34mo-rally-bellunese-intitolato-al-compianto-maurizio-da-lan-orari-e-chiusure-strade\/","og_locale":"fr_FR","og_type":"article","og_title":"Questo fine settimana via al 34mo Rally Bellunese intitolato al compianto Maurizio Da Lan. Orari e chiusure strade - Bellunopress - Dolomiti","og_description":"Anche il 34\u00b0 Rally Bellunese \u00e8 intitolato a Maurizio Da Lan, l&#8217;appassionatissimo sportivo di Santa Giustina, instancabile e competente collaboratore dell&#8217;Asd Tre Cime Promotor, prematuramente scomparso tre anni fa. Proprio da tre anni il Bellunese, la gara che Maurizio tanto amava e per la promozione della quale, in molti lustri di spassionato impegno, profuse tutto [&hellip;]","og_url":"https:\/\/www.bellunopress.it\/fr\/2019\/03\/21\/questo-fine-settimana-via-al-34mo-rally-bellunese-intitolato-al-compianto-maurizio-da-lan-orari-e-chiusure-strade\/","og_site_name":"Bellunopress - Dolomiti","article_publisher":"https:\/\/www.facebook.com\/profile.php?id=100008943462799","article_published_time":"2019-03-21T07:17:01+00:00","og_image":[{"url":"http:\/\/www.bellunopress.it\/wp-content\/uploads\/2018\/08\/rally-del-bellunese.jpg","type":"","width":"","height":""}],"author":"redazione","twitter_card":"summary_large_image","twitter_creator":"@bellunopress","twitter_site":"@bellunopress","twitter_misc":{"\u00c9crit par":"redazione","Dur\u00e9e de lecture estim\u00e9e":"4 minutes"},"schema":{"@context":"https:\/\/schema.org","@graph":[{"@type":"Article","@id":"https:\/\/www.bellunopress.it\/2019\/03\/21\/questo-fine-settimana-via-al-34mo-rally-bellunese-intitolato-al-compianto-maurizio-da-lan-orari-e-chiusure-strade\/#article","isPartOf":{"@id":"https:\/\/www.bellunopress.it\/2019\/03\/21\/questo-fine-settimana-via-al-34mo-rally-bellunese-intitolato-al-compianto-maurizio-da-lan-orari-e-chiusure-strade\/"},"author":{"name":"redazione","@id":"https:\/\/www.bellunopress.it\/#\/schema\/person\/79bb06722b37ece1c03d3e94beb30d73"},"headline":"Questo fine settimana via al 34mo Rally Bellunese intitolato al compianto Maurizio Da Lan. Orari e chiusure strade","datePublished":"2019-03-21T07:17:01+00:00","mainEntityOfPage":{"@id":"https:\/\/www.bellunopress.it\/2019\/03\/21\/questo-fine-settimana-via-al-34mo-rally-bellunese-intitolato-al-compianto-maurizio-da-lan-orari-e-chiusure-strade\/"},"wordCount":766,"publisher":{"@id":"https:\/\/www.bellunopress.it\/#organization"},"image":{"@id":"https:\/\/www.bellunopress.it\/2019\/03\/21\/questo-fine-settimana-via-al-34mo-rally-bellunese-intitolato-al-compianto-maurizio-da-lan-orari-e-chiusure-strade\/#primaryimage"},"thumbnailUrl":"http:\/\/www.bellunopress.it\/wp-content\/uploads\/2018\/08\/rally-del-bellunese.jpg","articleSection":["Appuntamenti, Eventi","Sport, tempo libero"],"inLanguage":"fr-FR"},{"@type":"WebPage","@id":"https:\/\/www.bellunopress.it\/2019\/03\/21\/questo-fine-settimana-via-al-34mo-rally-bellunese-intitolato-al-compianto-maurizio-da-lan-orari-e-chiusure-strade\/","url":"https:\/\/www.bellunopress.it\/2019\/03\/21\/questo-fine-settimana-via-al-34mo-rally-bellunese-intitolato-al-compianto-maurizio-da-lan-orari-e-chiusure-strade\/","name":"Questo fine settimana via al 34mo Rally Bellunese intitolato al compianto Maurizio Da Lan. Orari e chiusure strade - Bellunopress - Dolomiti","isPartOf":{"@id":"https:\/\/www.bellunopress.it\/#website"},"primaryImageOfPage":{"@id":"https:\/\/www.bellunopress.it\/2019\/03\/21\/questo-fine-settimana-via-al-34mo-rally-bellunese-intitolato-al-compianto-maurizio-da-lan-orari-e-chiusure-strade\/#primaryimage"},"image":{"@id":"https:\/\/www.bellunopress.it\/2019\/03\/21\/questo-fine-settimana-via-al-34mo-rally-bellunese-intitolato-al-compianto-maurizio-da-lan-orari-e-chiusure-strade\/#primaryimage"},"thumbnailUrl":"http:\/\/www.bellunopress.it\/wp-content\/uploads\/2018\/08\/rally-del-bellunese.jpg","datePublished":"2019-03-21T07:17:01+00:00","breadcrumb":{"@id":"https:\/\/www.bellunopress.it\/2019\/03\/21\/questo-fine-settimana-via-al-34mo-rally-bellunese-intitolato-al-compianto-maurizio-da-lan-orari-e-chiusure-strade\/#breadcrumb"},"inLanguage":"fr-FR","potentialAction":[{"@type":"ReadAction","target":["https:\/\/www.bellunopress.it\/2019\/03\/21\/questo-fine-settimana-via-al-34mo-rally-bellunese-intitolato-al-compianto-maurizio-da-lan-orari-e-chiusure-strade\/"]}]},{"@type":"ImageObject","inLanguage":"fr-FR","@id":"https:\/\/www.bellunopress.it\/2019\/03\/21\/questo-fine-settimana-via-al-34mo-rally-bellunese-intitolato-al-compianto-maurizio-da-lan-orari-e-chiusure-strade\/#primaryimage","url":"http:\/\/www.bellunopress.it\/wp-content\/uploads\/2018\/08\/rally-del-bellunese.jpg","contentUrl":"http:\/\/www.bellunopress.it\/wp-content\/uploads\/2018\/08\/rally-del-bellunese.jpg"},{"@type":"BreadcrumbList","@id":"https:\/\/www.bellunopress.it\/2019\/03\/21\/questo-fine-settimana-via-al-34mo-rally-bellunese-intitolato-al-compianto-maurizio-da-lan-orari-e-chiusure-strade\/#breadcrumb","itemListElement":[{"@type":"ListItem","position":1,"name":"Home","item":"https:\/\/www.bellunopress.it\/"},{"@type":"ListItem","position":2,"name":"Questo fine settimana via al 34mo Rally Bellunese intitolato al compianto Maurizio Da Lan. Orari e chiusure strade"}]},{"@type":"WebSite","@id":"https:\/\/www.bellunopress.it\/#website","url":"https:\/\/www.bellunopress.it\/","name":"Bellunopress - Dolomiti","description":"e-mail: redazione@bellunopress.it","publisher":{"@id":"https:\/\/www.bellunopress.it\/#organization"},"potentialAction":[{"@type":"SearchAction","target":{"@type":"EntryPoint","urlTemplate":"https:\/\/www.bellunopress.it\/?s={search_term_string}"},"query-input":{"@type":"PropertyValueSpecification","valueRequired":true,"valueName":"search_term_string"}}],"inLanguage":"fr-FR"},{"@type":"Organization","@id":"https:\/\/www.bellunopress.it\/#organization","name":"Bellunopress","url":"https:\/\/www.bellunopress.it\/","logo":{"@type":"ImageObject","inLanguage":"fr-FR","@id":"https:\/\/www.bellunopress.it\/#\/schema\/logo\/image\/","url":"https:\/\/www.bellunopress.it\/wp-content\/uploads\/2011\/05\/cropped-logo-bellunopress-.jpg","contentUrl":"https:\/\/www.bellunopress.it\/wp-content\/uploads\/2011\/05\/cropped-logo-bellunopress-.jpg","width":512,"height":512,"caption":"Bellunopress"},"image":{"@id":"https:\/\/www.bellunopress.it\/#\/schema\/logo\/image\/"},"sameAs":["https:\/\/www.facebook.com\/profile.php?id=100008943462799","https:\/\/x.com\/bellunopress","https:\/\/www.linkedin.com\/hp\/?dnr=JBzUWaJfMUw8vbXJJ2tVW5-I3jZKvC4wsoxE&amp;amp;amp;amp;amp;amp;trk=nav_responsive_tab_home","https:\/\/www.youtube.com\/channel\/UCxL0wu1uN0_3_7hGG0306cw"]},{"@type":"Person","@id":"https:\/\/www.bellunopress.it\/#\/schema\/person\/79bb06722b37ece1c03d3e94beb30d73","name":"r\u00e9daction","image":{"@type":"ImageObject","inLanguage":"fr-FR","@id":"https:\/\/secure.gravatar.com\/avatar\/37d968a2e67a6fd04c169c4bdef102d0bc5d31b2546345219e348575eb80e9a0?s=96&d=mm&r=g","url":"https:\/\/secure.gravatar.com\/avatar\/37d968a2e67a6fd04c169c4bdef102d0bc5d31b2546345219e348575eb80e9a0?s=96&d=mm&r=g","contentUrl":"https:\/\/secure.gravatar.com\/avatar\/37d968a2e67a6fd04c169c4bdef102d0bc5d31b2546345219e348575eb80e9a0?s=96&d=mm&r=g","caption":"redazione"},"sameAs":["http:\/\/www.bellunopress.it","https:\/\/x.com\/bellunopress"],"url":"https:\/\/www.bellunopress.it\/fr\/author\/redazione\/"}]}},"_links":{"self":[{"href":"https:\/\/www.bellunopress.it\/fr\/wp-json\/wp\/v2\/posts\/103063","targetHints":{"allow":["GET"]}}],"collection":[{"href":"https:\/\/www.bellunopress.it\/fr\/wp-json\/wp\/v2\/posts"}],"about":[{"href":"https:\/\/www.bellunopress.it\/fr\/wp-json\/wp\/v2\/types\/post"}],"author":[{"embeddable":true,"href":"https:\/\/www.bellunopress.it\/fr\/wp-json\/wp\/v2\/users\/2"}],"replies":[{"embeddable":true,"href":"https:\/\/www.bellunopress.it\/fr\/wp-json\/wp\/v2\/comments?post=103063"}],"version-history":[{"count":1,"href":"https:\/\/www.bellunopress.it\/fr\/wp-json\/wp\/v2\/posts\/103063\/revisions"}],"predecessor-version":[{"id":103064,"href":"https:\/\/www.bellunopress.it\/fr\/wp-json\/wp\/v2\/posts\/103063\/revisions\/103064"}],"wp:attachment":[{"href":"https:\/\/www.bellunopress.it\/fr\/wp-json\/wp\/v2\/media?parent=103063"}],"wp:term":[{"taxonomy":"category","embeddable":true,"href":"https:\/\/www.bellunopress.it\/fr\/wp-json\/wp\/v2\/categories?post=103063"},{"taxonomy":"post_tag","embeddable":true,"href":"https:\/\/www.bellunopress.it\/fr\/wp-json\/wp\/v2\/tags?post=103063"}],"curies":[{"name":"wp","href":"https:\/\/api.w.org\/{rel}","templated":true}]}}