{"id":103055,"date":"2019-03-20T18:36:21","date_gmt":"2019-03-20T17:36:21","guid":{"rendered":"http:\/\/www.bellunopress.it\/?p=103055"},"modified":"2019-03-20T18:36:21","modified_gmt":"2019-03-20T17:36:21","slug":"feltre-ripristinata-lilluminazione-pubblica-stradale-in-via-monte-grappa","status":"publish","type":"post","link":"https:\/\/www.bellunopress.it\/fr\/2019\/03\/20\/feltre-ripristinata-lilluminazione-pubblica-stradale-in-via-monte-grappa\/","title":{"rendered":"Feltre, ripristinata l\u2019illuminazione pubblica stradale in via Monte Grappa"},"content":{"rendered":"<figure id=\"attachment_95451\" aria-describedby=\"caption-attachment-95451\" style=\"width: 300px\" class=\"wp-caption alignleft\"><a href=\"http:\/\/www.bellunopress.it\/fr\/2018\/05\/31\/lavori-pubblici-nel-comune-di-feltre-progetti-in-corso-finanziati-per-oltre-17-milioni-di-euro\/adis-zatta\/\" rel=\"attachment wp-att-95451\"><img loading=\"lazy\" decoding=\"async\" class=\"size-full wp-image-95451\" src=\"http:\/\/www.bellunopress.it\/wp-content\/uploads\/2018\/05\/adis-zatta.jpg\" alt=\"\" width=\"300\" height=\"254\" \/><\/a><figcaption id=\"caption-attachment-95451\" class=\"wp-caption-text\">Adis Zatta, assessore<\/figcaption><\/figure>\n<p>Feltre, 20 marzo 2019\u00a0 &#8211;\u00a0 Passata l\u2019emergenza, non si sono certo conclusi gli interventi sul territorio comunale per cercare di ripristinare la lunga serie di beni e servizi pubblici compromessi dalla terribile ondata di maltempo di fine ottobre.<br \/>\nGli operari comunali sono al lavoro in questi giorni su pi\u00f9 fronti; in particolare, grazie ad un intervento di sostituzione di alcuni pali piegati dal vento e di riallaccio dei cavi elettrici, \u00e8 stata ripristinata in queste ore l\u2019illuminazione pubblica stradale sul tratto di via Monte Grappa compreso tra l\u2019incrocio con via Montelungo e il monumento ai caduti, dove le folate di vento avevano abbattuto tutti gli alberi al lato della carreggiata.<\/p>\n<p>Le squadre comunali sono anche al lavoro, con l\u2019ausilio di alcune ditte esterne impegnate con l\u2019idrospurgo, per la pulizia delle caditoie stradali in alcuni punti della citt\u00e0, mentre presso il cimitero urbano sono in corso le ultime operazioni di recupero e asportazione di materiali legnosi dopo l\u2019intervento di taglio delle piante abbattute o gravemente danneggiate dal vento.<\/p>\n<p>\u201cApprofittando di queste belle giornate di sole abbiamo deciso di far uscire sul territorio comunale tutti gli uomini a disposizione per alcuni interventi di ripristino e pulizia resisi necessari a seguito della tempesta Vaia\u201d, commenta l\u2019assessore alle manutenzioni e ai lavori pubblici Adis Zatta. \u201cLa \u201clista della spesa\u201d \u00e8 ancora lunga e impegnativa, aggiunge Zatta, e le risorse a disposizione limitate, ma contiamo di utilizzare questa favorevole finestra primaverile anche per altri interventi, non ultimi quelli che saranno condotti nel fine settimana in concomitanza con l\u2019esercitazione di protezione civile dell\u2019 ANA nella zona del Bosco drio le Rive\u201d.<\/p>","protected":false},"excerpt":{"rendered":"<p>Feltre, 20 marzo 2019\u00a0 &#8211;\u00a0 Passata l\u2019emergenza, non si sono certo conclusi gli interventi sul territorio comunale per cercare di ripristinare la lunga serie di beni e servizi pubblici compromessi dalla terribile ondata di maltempo di fine ottobre. Gli operari comunali sono al lavoro in questi giorni su pi\u00f9 fronti; in particolare, grazie ad un [&hellip;]<\/p>\n","protected":false},"author":2,"featured_media":0,"comment_status":"closed","ping_status":"open","sticky":false,"template":"","format":"standard","meta":{"footnotes":""},"categories":[5,26],"tags":[],"class_list":["post-103055","post","type-post","status-publish","format-standard","category-cronaca","category-prima-pagina"],"yoast_head":"<!-- This site is optimized with the Yoast SEO plugin v28.4 - https:\/\/yoast.com\/product\/yoast-seo-wordpress\/ -->\n<title>Feltre, ripristinata l\u2019illuminazione pubblica stradale in via Monte Grappa - Bellunopress - Dolomiti<\/title>\n<meta name=\"robots\" content=\"index, follow, max-snippet:-1, max-image-preview:large, max-video-preview:-1\" \/>\n<link rel=\"canonical\" href=\"https:\/\/www.bellunopress.it\/fr\/2019\/03\/20\/feltre-ripristinata-lilluminazione-pubblica-stradale-in-via-monte-grappa\/\" \/>\n<meta property=\"og:locale\" content=\"fr_FR\" \/>\n<meta property=\"og:type\" content=\"article\" \/>\n<meta property=\"og:title\" content=\"Feltre, ripristinata l\u2019illuminazione pubblica stradale in via Monte Grappa - Bellunopress - Dolomiti\" \/>\n<meta property=\"og:description\" content=\"Feltre, 20 marzo 2019\u00a0 &#8211;\u00a0 Passata l\u2019emergenza, non si sono certo conclusi gli interventi sul territorio comunale per cercare di ripristinare la lunga serie di beni e servizi pubblici compromessi dalla terribile ondata di maltempo di fine ottobre. Gli operari comunali sono al lavoro in questi giorni su pi\u00f9 fronti; in particolare, grazie ad un [&hellip;]\" \/>\n<meta property=\"og:url\" content=\"https:\/\/www.bellunopress.it\/fr\/2019\/03\/20\/feltre-ripristinata-lilluminazione-pubblica-stradale-in-via-monte-grappa\/\" \/>\n<meta property=\"og:site_name\" content=\"Bellunopress - Dolomiti\" \/>\n<meta property=\"article:publisher\" content=\"https:\/\/www.facebook.com\/profile.php?id=100008943462799\" \/>\n<meta property=\"article:published_time\" content=\"2019-03-20T17:36:21+00:00\" \/>\n<meta property=\"og:image\" content=\"http:\/\/www.bellunopress.it\/wp-content\/uploads\/2018\/05\/adis-zatta.jpg\" \/>\n<meta name=\"author\" content=\"redazione\" \/>\n<meta name=\"twitter:card\" content=\"summary_large_image\" \/>\n<meta name=\"twitter:creator\" content=\"@bellunopress\" \/>\n<meta name=\"twitter:site\" content=\"@bellunopress\" \/>\n<meta name=\"twitter:label1\" content=\"\u00c9crit par\" \/>\n\t<meta name=\"twitter:data1\" content=\"redazione\" \/>\n\t<meta name=\"twitter:label2\" content=\"Dur\u00e9e de lecture estim\u00e9e\" \/>\n\t<meta name=\"twitter:data2\" content=\"1 minute\" \/>\n<script type=\"application\/ld+json\" class=\"yoast-schema-graph\">{\"@context\":\"https:\\\/\\\/schema.org\",\"@graph\":[{\"@type\":\"Article\",\"@id\":\"https:\\\/\\\/www.bellunopress.it\\\/2019\\\/03\\\/20\\\/feltre-ripristinata-lilluminazione-pubblica-stradale-in-via-monte-grappa\\\/#article\",\"isPartOf\":{\"@id\":\"https:\\\/\\\/www.bellunopress.it\\\/2019\\\/03\\\/20\\\/feltre-ripristinata-lilluminazione-pubblica-stradale-in-via-monte-grappa\\\/\"},\"author\":{\"name\":\"redazione\",\"@id\":\"https:\\\/\\\/www.bellunopress.it\\\/#\\\/schema\\\/person\\\/79bb06722b37ece1c03d3e94beb30d73\"},\"headline\":\"Feltre, ripristinata l\u2019illuminazione pubblica stradale in via Monte Grappa\",\"datePublished\":\"2019-03-20T17:36:21+00:00\",\"mainEntityOfPage\":{\"@id\":\"https:\\\/\\\/www.bellunopress.it\\\/2019\\\/03\\\/20\\\/feltre-ripristinata-lilluminazione-pubblica-stradale-in-via-monte-grappa\\\/\"},\"wordCount\":289,\"publisher\":{\"@id\":\"https:\\\/\\\/www.bellunopress.it\\\/#organization\"},\"image\":{\"@id\":\"https:\\\/\\\/www.bellunopress.it\\\/2019\\\/03\\\/20\\\/feltre-ripristinata-lilluminazione-pubblica-stradale-in-via-monte-grappa\\\/#primaryimage\"},\"thumbnailUrl\":\"http:\\\/\\\/www.bellunopress.it\\\/wp-content\\\/uploads\\\/2018\\\/05\\\/adis-zatta.jpg\",\"articleSection\":[\"Cronaca\\\/Politica\",\"Prima Pagina\"],\"inLanguage\":\"fr-FR\"},{\"@type\":\"WebPage\",\"@id\":\"https:\\\/\\\/www.bellunopress.it\\\/2019\\\/03\\\/20\\\/feltre-ripristinata-lilluminazione-pubblica-stradale-in-via-monte-grappa\\\/\",\"url\":\"https:\\\/\\\/www.bellunopress.it\\\/2019\\\/03\\\/20\\\/feltre-ripristinata-lilluminazione-pubblica-stradale-in-via-monte-grappa\\\/\",\"name\":\"Feltre, ripristinata l\u2019illuminazione pubblica stradale in via Monte Grappa - Bellunopress - Dolomiti\",\"isPartOf\":{\"@id\":\"https:\\\/\\\/www.bellunopress.it\\\/#website\"},\"primaryImageOfPage\":{\"@id\":\"https:\\\/\\\/www.bellunopress.it\\\/2019\\\/03\\\/20\\\/feltre-ripristinata-lilluminazione-pubblica-stradale-in-via-monte-grappa\\\/#primaryimage\"},\"image\":{\"@id\":\"https:\\\/\\\/www.bellunopress.it\\\/2019\\\/03\\\/20\\\/feltre-ripristinata-lilluminazione-pubblica-stradale-in-via-monte-grappa\\\/#primaryimage\"},\"thumbnailUrl\":\"http:\\\/\\\/www.bellunopress.it\\\/wp-content\\\/uploads\\\/2018\\\/05\\\/adis-zatta.jpg\",\"datePublished\":\"2019-03-20T17:36:21+00:00\",\"breadcrumb\":{\"@id\":\"https:\\\/\\\/www.bellunopress.it\\\/2019\\\/03\\\/20\\\/feltre-ripristinata-lilluminazione-pubblica-stradale-in-via-monte-grappa\\\/#breadcrumb\"},\"inLanguage\":\"fr-FR\",\"potentialAction\":[{\"@type\":\"ReadAction\",\"target\":[\"https:\\\/\\\/www.bellunopress.it\\\/2019\\\/03\\\/20\\\/feltre-ripristinata-lilluminazione-pubblica-stradale-in-via-monte-grappa\\\/\"]}]},{\"@type\":\"ImageObject\",\"inLanguage\":\"fr-FR\",\"@id\":\"https:\\\/\\\/www.bellunopress.it\\\/2019\\\/03\\\/20\\\/feltre-ripristinata-lilluminazione-pubblica-stradale-in-via-monte-grappa\\\/#primaryimage\",\"url\":\"http:\\\/\\\/www.bellunopress.it\\\/wp-content\\\/uploads\\\/2018\\\/05\\\/adis-zatta.jpg\",\"contentUrl\":\"http:\\\/\\\/www.bellunopress.it\\\/wp-content\\\/uploads\\\/2018\\\/05\\\/adis-zatta.jpg\"},{\"@type\":\"BreadcrumbList\",\"@id\":\"https:\\\/\\\/www.bellunopress.it\\\/2019\\\/03\\\/20\\\/feltre-ripristinata-lilluminazione-pubblica-stradale-in-via-monte-grappa\\\/#breadcrumb\",\"itemListElement\":[{\"@type\":\"ListItem\",\"position\":1,\"name\":\"Home\",\"item\":\"https:\\\/\\\/www.bellunopress.it\\\/\"},{\"@type\":\"ListItem\",\"position\":2,\"name\":\"Feltre, ripristinata l\u2019illuminazione pubblica stradale in via Monte Grappa\"}]},{\"@type\":\"WebSite\",\"@id\":\"https:\\\/\\\/www.bellunopress.it\\\/#website\",\"url\":\"https:\\\/\\\/www.bellunopress.it\\\/\",\"name\":\"Bellunopress - Dolomiti\",\"description\":\"e-mail: redazione@bellunopress.it\",\"publisher\":{\"@id\":\"https:\\\/\\\/www.bellunopress.it\\\/#organization\"},\"potentialAction\":[{\"@type\":\"SearchAction\",\"target\":{\"@type\":\"EntryPoint\",\"urlTemplate\":\"https:\\\/\\\/www.bellunopress.it\\\/?s={search_term_string}\"},\"query-input\":{\"@type\":\"PropertyValueSpecification\",\"valueRequired\":true,\"valueName\":\"search_term_string\"}}],\"inLanguage\":\"fr-FR\"},{\"@type\":\"Organization\",\"@id\":\"https:\\\/\\\/www.bellunopress.it\\\/#organization\",\"name\":\"Bellunopress\",\"url\":\"https:\\\/\\\/www.bellunopress.it\\\/\",\"logo\":{\"@type\":\"ImageObject\",\"inLanguage\":\"fr-FR\",\"@id\":\"https:\\\/\\\/www.bellunopress.it\\\/#\\\/schema\\\/logo\\\/image\\\/\",\"url\":\"https:\\\/\\\/www.bellunopress.it\\\/wp-content\\\/uploads\\\/2011\\\/05\\\/cropped-logo-bellunopress-.jpg\",\"contentUrl\":\"https:\\\/\\\/www.bellunopress.it\\\/wp-content\\\/uploads\\\/2011\\\/05\\\/cropped-logo-bellunopress-.jpg\",\"width\":512,\"height\":512,\"caption\":\"Bellunopress\"},\"image\":{\"@id\":\"https:\\\/\\\/www.bellunopress.it\\\/#\\\/schema\\\/logo\\\/image\\\/\"},\"sameAs\":[\"https:\\\/\\\/www.facebook.com\\\/profile.php?id=100008943462799\",\"https:\\\/\\\/x.com\\\/bellunopress\",\"https:\\\/\\\/www.linkedin.com\\\/hp\\\/?dnr=JBzUWaJfMUw8vbXJJ2tVW5-I3jZKvC4wsoxE&amp;amp;amp;amp;amp;amp;trk=nav_responsive_tab_home\",\"https:\\\/\\\/www.youtube.com\\\/channel\\\/UCxL0wu1uN0_3_7hGG0306cw\"]},{\"@type\":\"Person\",\"@id\":\"https:\\\/\\\/www.bellunopress.it\\\/#\\\/schema\\\/person\\\/79bb06722b37ece1c03d3e94beb30d73\",\"name\":\"redazione\",\"image\":{\"@type\":\"ImageObject\",\"inLanguage\":\"fr-FR\",\"@id\":\"https:\\\/\\\/secure.gravatar.com\\\/avatar\\\/37d968a2e67a6fd04c169c4bdef102d0bc5d31b2546345219e348575eb80e9a0?s=96&d=mm&r=g\",\"url\":\"https:\\\/\\\/secure.gravatar.com\\\/avatar\\\/37d968a2e67a6fd04c169c4bdef102d0bc5d31b2546345219e348575eb80e9a0?s=96&d=mm&r=g\",\"contentUrl\":\"https:\\\/\\\/secure.gravatar.com\\\/avatar\\\/37d968a2e67a6fd04c169c4bdef102d0bc5d31b2546345219e348575eb80e9a0?s=96&d=mm&r=g\",\"caption\":\"redazione\"},\"sameAs\":[\"http:\\\/\\\/www.bellunopress.it\",\"https:\\\/\\\/x.com\\\/bellunopress\"],\"url\":\"https:\\\/\\\/www.bellunopress.it\\\/fr\\\/author\\\/redazione\\\/\"}]}<\/script>\n<!-- \/ Yoast SEO plugin. -->","yoast_head_json":{"title":"Feltre, ripristinata l\u2019illuminazione pubblica stradale in via Monte Grappa - Bellunopress - Dolomiti","robots":{"index":"index","follow":"follow","max-snippet":"max-snippet:-1","max-image-preview":"max-image-preview:large","max-video-preview":"max-video-preview:-1"},"canonical":"https:\/\/www.bellunopress.it\/fr\/2019\/03\/20\/feltre-ripristinata-lilluminazione-pubblica-stradale-in-via-monte-grappa\/","og_locale":"fr_FR","og_type":"article","og_title":"Feltre, ripristinata l\u2019illuminazione pubblica stradale in via Monte Grappa - Bellunopress - Dolomiti","og_description":"Feltre, 20 marzo 2019\u00a0 &#8211;\u00a0 Passata l\u2019emergenza, non si sono certo conclusi gli interventi sul territorio comunale per cercare di ripristinare la lunga serie di beni e servizi pubblici compromessi dalla terribile ondata di maltempo di fine ottobre. Gli operari comunali sono al lavoro in questi giorni su pi\u00f9 fronti; in particolare, grazie ad un [&hellip;]","og_url":"https:\/\/www.bellunopress.it\/fr\/2019\/03\/20\/feltre-ripristinata-lilluminazione-pubblica-stradale-in-via-monte-grappa\/","og_site_name":"Bellunopress - Dolomiti","article_publisher":"https:\/\/www.facebook.com\/profile.php?id=100008943462799","article_published_time":"2019-03-20T17:36:21+00:00","og_image":[{"url":"http:\/\/www.bellunopress.it\/wp-content\/uploads\/2018\/05\/adis-zatta.jpg","type":"","width":"","height":""}],"author":"redazione","twitter_card":"summary_large_image","twitter_creator":"@bellunopress","twitter_site":"@bellunopress","twitter_misc":{"\u00c9crit par":"redazione","Dur\u00e9e de lecture estim\u00e9e":"1 minute"},"schema":{"@context":"https:\/\/schema.org","@graph":[{"@type":"Article","@id":"https:\/\/www.bellunopress.it\/2019\/03\/20\/feltre-ripristinata-lilluminazione-pubblica-stradale-in-via-monte-grappa\/#article","isPartOf":{"@id":"https:\/\/www.bellunopress.it\/2019\/03\/20\/feltre-ripristinata-lilluminazione-pubblica-stradale-in-via-monte-grappa\/"},"author":{"name":"redazione","@id":"https:\/\/www.bellunopress.it\/#\/schema\/person\/79bb06722b37ece1c03d3e94beb30d73"},"headline":"Feltre, ripristinata l\u2019illuminazione pubblica stradale in via Monte Grappa","datePublished":"2019-03-20T17:36:21+00:00","mainEntityOfPage":{"@id":"https:\/\/www.bellunopress.it\/2019\/03\/20\/feltre-ripristinata-lilluminazione-pubblica-stradale-in-via-monte-grappa\/"},"wordCount":289,"publisher":{"@id":"https:\/\/www.bellunopress.it\/#organization"},"image":{"@id":"https:\/\/www.bellunopress.it\/2019\/03\/20\/feltre-ripristinata-lilluminazione-pubblica-stradale-in-via-monte-grappa\/#primaryimage"},"thumbnailUrl":"http:\/\/www.bellunopress.it\/wp-content\/uploads\/2018\/05\/adis-zatta.jpg","articleSection":["Cronaca\/Politica","Prima Pagina"],"inLanguage":"fr-FR"},{"@type":"WebPage","@id":"https:\/\/www.bellunopress.it\/2019\/03\/20\/feltre-ripristinata-lilluminazione-pubblica-stradale-in-via-monte-grappa\/","url":"https:\/\/www.bellunopress.it\/2019\/03\/20\/feltre-ripristinata-lilluminazione-pubblica-stradale-in-via-monte-grappa\/","name":"Feltre, ripristinata l\u2019illuminazione pubblica stradale in via Monte Grappa - Bellunopress - Dolomiti","isPartOf":{"@id":"https:\/\/www.bellunopress.it\/#website"},"primaryImageOfPage":{"@id":"https:\/\/www.bellunopress.it\/2019\/03\/20\/feltre-ripristinata-lilluminazione-pubblica-stradale-in-via-monte-grappa\/#primaryimage"},"image":{"@id":"https:\/\/www.bellunopress.it\/2019\/03\/20\/feltre-ripristinata-lilluminazione-pubblica-stradale-in-via-monte-grappa\/#primaryimage"},"thumbnailUrl":"http:\/\/www.bellunopress.it\/wp-content\/uploads\/2018\/05\/adis-zatta.jpg","datePublished":"2019-03-20T17:36:21+00:00","breadcrumb":{"@id":"https:\/\/www.bellunopress.it\/2019\/03\/20\/feltre-ripristinata-lilluminazione-pubblica-stradale-in-via-monte-grappa\/#breadcrumb"},"inLanguage":"fr-FR","potentialAction":[{"@type":"ReadAction","target":["https:\/\/www.bellunopress.it\/2019\/03\/20\/feltre-ripristinata-lilluminazione-pubblica-stradale-in-via-monte-grappa\/"]}]},{"@type":"ImageObject","inLanguage":"fr-FR","@id":"https:\/\/www.bellunopress.it\/2019\/03\/20\/feltre-ripristinata-lilluminazione-pubblica-stradale-in-via-monte-grappa\/#primaryimage","url":"http:\/\/www.bellunopress.it\/wp-content\/uploads\/2018\/05\/adis-zatta.jpg","contentUrl":"http:\/\/www.bellunopress.it\/wp-content\/uploads\/2018\/05\/adis-zatta.jpg"},{"@type":"BreadcrumbList","@id":"https:\/\/www.bellunopress.it\/2019\/03\/20\/feltre-ripristinata-lilluminazione-pubblica-stradale-in-via-monte-grappa\/#breadcrumb","itemListElement":[{"@type":"ListItem","position":1,"name":"Home","item":"https:\/\/www.bellunopress.it\/"},{"@type":"ListItem","position":2,"name":"Feltre, ripristinata l\u2019illuminazione pubblica stradale in via Monte Grappa"}]},{"@type":"WebSite","@id":"https:\/\/www.bellunopress.it\/#website","url":"https:\/\/www.bellunopress.it\/","name":"Bellunopress - Dolomiti","description":"e-mail: redazione@bellunopress.it","publisher":{"@id":"https:\/\/www.bellunopress.it\/#organization"},"potentialAction":[{"@type":"SearchAction","target":{"@type":"EntryPoint","urlTemplate":"https:\/\/www.bellunopress.it\/?s={search_term_string}"},"query-input":{"@type":"PropertyValueSpecification","valueRequired":true,"valueName":"search_term_string"}}],"inLanguage":"fr-FR"},{"@type":"Organization","@id":"https:\/\/www.bellunopress.it\/#organization","name":"Bellunopress","url":"https:\/\/www.bellunopress.it\/","logo":{"@type":"ImageObject","inLanguage":"fr-FR","@id":"https:\/\/www.bellunopress.it\/#\/schema\/logo\/image\/","url":"https:\/\/www.bellunopress.it\/wp-content\/uploads\/2011\/05\/cropped-logo-bellunopress-.jpg","contentUrl":"https:\/\/www.bellunopress.it\/wp-content\/uploads\/2011\/05\/cropped-logo-bellunopress-.jpg","width":512,"height":512,"caption":"Bellunopress"},"image":{"@id":"https:\/\/www.bellunopress.it\/#\/schema\/logo\/image\/"},"sameAs":["https:\/\/www.facebook.com\/profile.php?id=100008943462799","https:\/\/x.com\/bellunopress","https:\/\/www.linkedin.com\/hp\/?dnr=JBzUWaJfMUw8vbXJJ2tVW5-I3jZKvC4wsoxE&amp;amp;amp;amp;amp;amp;trk=nav_responsive_tab_home","https:\/\/www.youtube.com\/channel\/UCxL0wu1uN0_3_7hGG0306cw"]},{"@type":"Person","@id":"https:\/\/www.bellunopress.it\/#\/schema\/person\/79bb06722b37ece1c03d3e94beb30d73","name":"r\u00e9daction","image":{"@type":"ImageObject","inLanguage":"fr-FR","@id":"https:\/\/secure.gravatar.com\/avatar\/37d968a2e67a6fd04c169c4bdef102d0bc5d31b2546345219e348575eb80e9a0?s=96&d=mm&r=g","url":"https:\/\/secure.gravatar.com\/avatar\/37d968a2e67a6fd04c169c4bdef102d0bc5d31b2546345219e348575eb80e9a0?s=96&d=mm&r=g","contentUrl":"https:\/\/secure.gravatar.com\/avatar\/37d968a2e67a6fd04c169c4bdef102d0bc5d31b2546345219e348575eb80e9a0?s=96&d=mm&r=g","caption":"redazione"},"sameAs":["http:\/\/www.bellunopress.it","https:\/\/x.com\/bellunopress"],"url":"https:\/\/www.bellunopress.it\/fr\/author\/redazione\/"}]}},"_links":{"self":[{"href":"https:\/\/www.bellunopress.it\/fr\/wp-json\/wp\/v2\/posts\/103055","targetHints":{"allow":["GET"]}}],"collection":[{"href":"https:\/\/www.bellunopress.it\/fr\/wp-json\/wp\/v2\/posts"}],"about":[{"href":"https:\/\/www.bellunopress.it\/fr\/wp-json\/wp\/v2\/types\/post"}],"author":[{"embeddable":true,"href":"https:\/\/www.bellunopress.it\/fr\/wp-json\/wp\/v2\/users\/2"}],"replies":[{"embeddable":true,"href":"https:\/\/www.bellunopress.it\/fr\/wp-json\/wp\/v2\/comments?post=103055"}],"version-history":[{"count":1,"href":"https:\/\/www.bellunopress.it\/fr\/wp-json\/wp\/v2\/posts\/103055\/revisions"}],"predecessor-version":[{"id":103056,"href":"https:\/\/www.bellunopress.it\/fr\/wp-json\/wp\/v2\/posts\/103055\/revisions\/103056"}],"wp:attachment":[{"href":"https:\/\/www.bellunopress.it\/fr\/wp-json\/wp\/v2\/media?parent=103055"}],"wp:term":[{"taxonomy":"category","embeddable":true,"href":"https:\/\/www.bellunopress.it\/fr\/wp-json\/wp\/v2\/categories?post=103055"},{"taxonomy":"post_tag","embeddable":true,"href":"https:\/\/www.bellunopress.it\/fr\/wp-json\/wp\/v2\/tags?post=103055"}],"curies":[{"name":"wp","href":"https:\/\/api.w.org\/{rel}","templated":true}]}}