{"id":102999,"date":"2019-03-19T13:51:46","date_gmt":"2019-03-19T12:51:46","guid":{"rendered":"http:\/\/www.bellunopress.it\/?p=102999"},"modified":"2019-03-19T13:51:46","modified_gmt":"2019-03-19T12:51:46","slug":"7-milioni-per-linnovazione-e-la-cultura-digitale-bando-regionale-per-le-amministrazioni-comunali-del-veneto","status":"publish","type":"post","link":"https:\/\/www.bellunopress.it\/fr\/2019\/03\/19\/7-milioni-per-linnovazione-e-la-cultura-digitale-bando-regionale-per-le-amministrazioni-comunali-del-veneto\/","title":{"rendered":"7 milioni per l&#8217;innovazione e la cultura digitale. Bando regionale per le amministrazioni comunali del Veneto"},"content":{"rendered":"<figure id=\"attachment_74116\" aria-describedby=\"caption-attachment-74116\" style=\"width: 142px\" class=\"wp-caption alignleft\"><a href=\"http:\/\/www.bellunopress.it\/fr\/2015\/12\/21\/passano-alla-regione-i-dipendenti-in-soprannumero-delle-province\/gianluca-forcolin\/\" rel=\"attachment wp-att-74116\"><img loading=\"lazy\" decoding=\"async\" class=\"size-full wp-image-74116\" src=\"http:\/\/www.bellunopress.it\/wp-content\/uploads\/2015\/12\/gianluca-forcolin.jpg\" alt=\"\" width=\"142\" height=\"190\" \/><\/a><figcaption id=\"caption-attachment-74116\" class=\"wp-caption-text\">Gianluca Forcolin<\/figcaption><\/figure>\n<p>Venezia, 19 marzo 2019 \u00a0&#8211; \u00a0Per favorire l\u2019innovazione nei territori, la Regione ha approvato l\u2019apertura di un bando che mette a disposizione dei comuni 7 milioni di euro, con risorse provenienti dall\u2019Asse 2 del Por-Fesr 2014-2020, nell\u2019ambito dell\u2019attuazione dell\u2019Agenda Digitale del Veneto 2020. Il provvedimento \u00e8 stato adottato su proposta dell\u2019assessore ai fondi europei Federico Caner di concerto con il vicepresidente Gianluca Forcolin.<\/p>\n<p>Verranno finanziate le proposte che riusciranno ad aggregare amministrazioni comunali in grado di gestire luoghi di innovazione aperta (\u201cInnovation Lab\u201d) e spazi di acculturazione digitale (\u201cPalestre digitali\u201d) con l\u2019obiettivo di co-progettare e sviluppare nuovi servizi, partendo dai dati aperti della pubblica amministrazione, e promuovere iniziative e percorsi di diffusione di conoscenze e competenze digitali.<\/p>\n<p>\u201cE\u2019 un altro tassello della nostra azione per attuare l\u2019Agenda Digitale del Veneto \u2013 sottolinea il vicepresidente Forcolin \u2013 con il quale vogliamo spingere a sperimentare la creazione condivisa di servizi digitali, puntando al coinvolgimento dei cittadini in questi nuovi spazi di innovazione aperta. Con le Palestre Digitali in particolare proveremo a dare delle risposte concrete alla richieste di acculturazione digitale che arrivano dal territorio e che rappresentano una precondizione importante per la diffusione dei servizi digitali\u201d.<\/p>\n<p>\u201cSi tratta di un\u2019azione a forte connotazione creativa e innovativa \u2013 commenta l\u2019assessore Caner &#8211; che ha come soggetti beneficiari le amministrazioni comunali venete, ma come target finale chiunque voglia cimentarsi con l\u2019Innovazione Aperta (Open Innovation), favorendo un approccio partecipato alla creazione, ammodernamento e diffusione dei servizi digitali\u201d.<\/p>\n<p>Il bando intende quindi sostenere dei \u201cluoghi\u201d dove si potr\u00e0 fare innovazione con l\u2019obiettivo di creare servizi e applicazioni digitali facili, usabili e di forte impatto. Gli Innovation Lab fungeranno da polo d\u2019intermediazione tra la Regione e le proposte e le iniziative espresse dal territorio in modo che possano essere realizzate contribuendo a qualificare le competenze, a incrementare la consapevolezza sui temi dell\u2019Innovazione Sociale, dello sviluppo locale e della partecipazione, oltre che a individuare le pratiche e le potenzialit\u00e0 pi\u00f9 distintive del territorio veneto.<\/p>","protected":false},"excerpt":{"rendered":"<p>Venezia, 19 marzo 2019 \u00a0&#8211; \u00a0Per favorire l\u2019innovazione nei territori, la Regione ha approvato l\u2019apertura di un bando che mette a disposizione dei comuni 7 milioni di euro, con risorse provenienti dall\u2019Asse 2 del Por-Fesr 2014-2020, nell\u2019ambito dell\u2019attuazione dell\u2019Agenda Digitale del Veneto 2020. Il provvedimento \u00e8 stato adottato su proposta dell\u2019assessore ai fondi europei Federico [&hellip;]<\/p>\n","protected":false},"author":2,"featured_media":0,"comment_status":"closed","ping_status":"open","sticky":false,"template":"","format":"standard","meta":{"footnotes":""},"categories":[5,26],"tags":[],"class_list":["post-102999","post","type-post","status-publish","format-standard","category-cronaca","category-prima-pagina"],"yoast_head":"<!-- This site is optimized with the Yoast SEO plugin v28.4 - https:\/\/yoast.com\/product\/yoast-seo-wordpress\/ -->\n<title>7 milioni per l&#039;innovazione e la cultura digitale. Bando regionale per le amministrazioni comunali del Veneto - Bellunopress - Dolomiti<\/title>\n<meta name=\"robots\" content=\"index, follow, max-snippet:-1, max-image-preview:large, max-video-preview:-1\" \/>\n<link rel=\"canonical\" href=\"https:\/\/www.bellunopress.it\/fr\/2019\/03\/19\/7-milioni-per-linnovazione-e-la-cultura-digitale-bando-regionale-per-le-amministrazioni-comunali-del-veneto\/\" \/>\n<meta property=\"og:locale\" content=\"fr_FR\" \/>\n<meta property=\"og:type\" content=\"article\" \/>\n<meta property=\"og:title\" content=\"7 milioni per l&#039;innovazione e la cultura digitale. Bando regionale per le amministrazioni comunali del Veneto - Bellunopress - Dolomiti\" \/>\n<meta property=\"og:description\" content=\"Venezia, 19 marzo 2019 \u00a0&#8211; \u00a0Per favorire l\u2019innovazione nei territori, la Regione ha approvato l\u2019apertura di un bando che mette a disposizione dei comuni 7 milioni di euro, con risorse provenienti dall\u2019Asse 2 del Por-Fesr 2014-2020, nell\u2019ambito dell\u2019attuazione dell\u2019Agenda Digitale del Veneto 2020. Il provvedimento \u00e8 stato adottato su proposta dell\u2019assessore ai fondi europei Federico [&hellip;]\" \/>\n<meta property=\"og:url\" content=\"https:\/\/www.bellunopress.it\/fr\/2019\/03\/19\/7-milioni-per-linnovazione-e-la-cultura-digitale-bando-regionale-per-le-amministrazioni-comunali-del-veneto\/\" \/>\n<meta property=\"og:site_name\" content=\"Bellunopress - Dolomiti\" \/>\n<meta property=\"article:publisher\" content=\"https:\/\/www.facebook.com\/profile.php?id=100008943462799\" \/>\n<meta property=\"article:published_time\" content=\"2019-03-19T12:51:46+00:00\" \/>\n<meta property=\"og:image\" content=\"http:\/\/www.bellunopress.it\/wp-content\/uploads\/2015\/12\/gianluca-forcolin.jpg\" \/>\n<meta name=\"author\" content=\"redazione\" \/>\n<meta name=\"twitter:card\" content=\"summary_large_image\" \/>\n<meta name=\"twitter:creator\" content=\"@bellunopress\" \/>\n<meta name=\"twitter:site\" content=\"@bellunopress\" \/>\n<meta name=\"twitter:label1\" content=\"\u00c9crit par\" \/>\n\t<meta name=\"twitter:data1\" content=\"redazione\" \/>\n\t<meta name=\"twitter:label2\" content=\"Dur\u00e9e de lecture estim\u00e9e\" \/>\n\t<meta name=\"twitter:data2\" content=\"2 minutes\" \/>\n<script type=\"application\/ld+json\" class=\"yoast-schema-graph\">{\"@context\":\"https:\\\/\\\/schema.org\",\"@graph\":[{\"@type\":\"Article\",\"@id\":\"https:\\\/\\\/www.bellunopress.it\\\/2019\\\/03\\\/19\\\/7-milioni-per-linnovazione-e-la-cultura-digitale-bando-regionale-per-le-amministrazioni-comunali-del-veneto\\\/#article\",\"isPartOf\":{\"@id\":\"https:\\\/\\\/www.bellunopress.it\\\/2019\\\/03\\\/19\\\/7-milioni-per-linnovazione-e-la-cultura-digitale-bando-regionale-per-le-amministrazioni-comunali-del-veneto\\\/\"},\"author\":{\"name\":\"redazione\",\"@id\":\"https:\\\/\\\/www.bellunopress.it\\\/#\\\/schema\\\/person\\\/79bb06722b37ece1c03d3e94beb30d73\"},\"headline\":\"7 milioni per l&#8217;innovazione e la cultura digitale. Bando regionale per le amministrazioni comunali del Veneto\",\"datePublished\":\"2019-03-19T12:51:46+00:00\",\"mainEntityOfPage\":{\"@id\":\"https:\\\/\\\/www.bellunopress.it\\\/2019\\\/03\\\/19\\\/7-milioni-per-linnovazione-e-la-cultura-digitale-bando-regionale-per-le-amministrazioni-comunali-del-veneto\\\/\"},\"wordCount\":357,\"publisher\":{\"@id\":\"https:\\\/\\\/www.bellunopress.it\\\/#organization\"},\"image\":{\"@id\":\"https:\\\/\\\/www.bellunopress.it\\\/2019\\\/03\\\/19\\\/7-milioni-per-linnovazione-e-la-cultura-digitale-bando-regionale-per-le-amministrazioni-comunali-del-veneto\\\/#primaryimage\"},\"thumbnailUrl\":\"http:\\\/\\\/www.bellunopress.it\\\/wp-content\\\/uploads\\\/2015\\\/12\\\/gianluca-forcolin.jpg\",\"articleSection\":[\"Cronaca\\\/Politica\",\"Prima Pagina\"],\"inLanguage\":\"fr-FR\"},{\"@type\":\"WebPage\",\"@id\":\"https:\\\/\\\/www.bellunopress.it\\\/2019\\\/03\\\/19\\\/7-milioni-per-linnovazione-e-la-cultura-digitale-bando-regionale-per-le-amministrazioni-comunali-del-veneto\\\/\",\"url\":\"https:\\\/\\\/www.bellunopress.it\\\/2019\\\/03\\\/19\\\/7-milioni-per-linnovazione-e-la-cultura-digitale-bando-regionale-per-le-amministrazioni-comunali-del-veneto\\\/\",\"name\":\"7 milioni per l'innovazione e la cultura digitale. Bando regionale per le amministrazioni comunali del Veneto - Bellunopress - Dolomiti\",\"isPartOf\":{\"@id\":\"https:\\\/\\\/www.bellunopress.it\\\/#website\"},\"primaryImageOfPage\":{\"@id\":\"https:\\\/\\\/www.bellunopress.it\\\/2019\\\/03\\\/19\\\/7-milioni-per-linnovazione-e-la-cultura-digitale-bando-regionale-per-le-amministrazioni-comunali-del-veneto\\\/#primaryimage\"},\"image\":{\"@id\":\"https:\\\/\\\/www.bellunopress.it\\\/2019\\\/03\\\/19\\\/7-milioni-per-linnovazione-e-la-cultura-digitale-bando-regionale-per-le-amministrazioni-comunali-del-veneto\\\/#primaryimage\"},\"thumbnailUrl\":\"http:\\\/\\\/www.bellunopress.it\\\/wp-content\\\/uploads\\\/2015\\\/12\\\/gianluca-forcolin.jpg\",\"datePublished\":\"2019-03-19T12:51:46+00:00\",\"breadcrumb\":{\"@id\":\"https:\\\/\\\/www.bellunopress.it\\\/2019\\\/03\\\/19\\\/7-milioni-per-linnovazione-e-la-cultura-digitale-bando-regionale-per-le-amministrazioni-comunali-del-veneto\\\/#breadcrumb\"},\"inLanguage\":\"fr-FR\",\"potentialAction\":[{\"@type\":\"ReadAction\",\"target\":[\"https:\\\/\\\/www.bellunopress.it\\\/2019\\\/03\\\/19\\\/7-milioni-per-linnovazione-e-la-cultura-digitale-bando-regionale-per-le-amministrazioni-comunali-del-veneto\\\/\"]}]},{\"@type\":\"ImageObject\",\"inLanguage\":\"fr-FR\",\"@id\":\"https:\\\/\\\/www.bellunopress.it\\\/2019\\\/03\\\/19\\\/7-milioni-per-linnovazione-e-la-cultura-digitale-bando-regionale-per-le-amministrazioni-comunali-del-veneto\\\/#primaryimage\",\"url\":\"http:\\\/\\\/www.bellunopress.it\\\/wp-content\\\/uploads\\\/2015\\\/12\\\/gianluca-forcolin.jpg\",\"contentUrl\":\"http:\\\/\\\/www.bellunopress.it\\\/wp-content\\\/uploads\\\/2015\\\/12\\\/gianluca-forcolin.jpg\"},{\"@type\":\"BreadcrumbList\",\"@id\":\"https:\\\/\\\/www.bellunopress.it\\\/2019\\\/03\\\/19\\\/7-milioni-per-linnovazione-e-la-cultura-digitale-bando-regionale-per-le-amministrazioni-comunali-del-veneto\\\/#breadcrumb\",\"itemListElement\":[{\"@type\":\"ListItem\",\"position\":1,\"name\":\"Home\",\"item\":\"https:\\\/\\\/www.bellunopress.it\\\/\"},{\"@type\":\"ListItem\",\"position\":2,\"name\":\"7 milioni per l&#8217;innovazione e la cultura digitale. Bando regionale per le amministrazioni comunali del Veneto\"}]},{\"@type\":\"WebSite\",\"@id\":\"https:\\\/\\\/www.bellunopress.it\\\/#website\",\"url\":\"https:\\\/\\\/www.bellunopress.it\\\/\",\"name\":\"Bellunopress - Dolomiti\",\"description\":\"e-mail: redazione@bellunopress.it\",\"publisher\":{\"@id\":\"https:\\\/\\\/www.bellunopress.it\\\/#organization\"},\"potentialAction\":[{\"@type\":\"SearchAction\",\"target\":{\"@type\":\"EntryPoint\",\"urlTemplate\":\"https:\\\/\\\/www.bellunopress.it\\\/?s={search_term_string}\"},\"query-input\":{\"@type\":\"PropertyValueSpecification\",\"valueRequired\":true,\"valueName\":\"search_term_string\"}}],\"inLanguage\":\"fr-FR\"},{\"@type\":\"Organization\",\"@id\":\"https:\\\/\\\/www.bellunopress.it\\\/#organization\",\"name\":\"Bellunopress\",\"url\":\"https:\\\/\\\/www.bellunopress.it\\\/\",\"logo\":{\"@type\":\"ImageObject\",\"inLanguage\":\"fr-FR\",\"@id\":\"https:\\\/\\\/www.bellunopress.it\\\/#\\\/schema\\\/logo\\\/image\\\/\",\"url\":\"https:\\\/\\\/www.bellunopress.it\\\/wp-content\\\/uploads\\\/2011\\\/05\\\/cropped-logo-bellunopress-.jpg\",\"contentUrl\":\"https:\\\/\\\/www.bellunopress.it\\\/wp-content\\\/uploads\\\/2011\\\/05\\\/cropped-logo-bellunopress-.jpg\",\"width\":512,\"height\":512,\"caption\":\"Bellunopress\"},\"image\":{\"@id\":\"https:\\\/\\\/www.bellunopress.it\\\/#\\\/schema\\\/logo\\\/image\\\/\"},\"sameAs\":[\"https:\\\/\\\/www.facebook.com\\\/profile.php?id=100008943462799\",\"https:\\\/\\\/x.com\\\/bellunopress\",\"https:\\\/\\\/www.linkedin.com\\\/hp\\\/?dnr=JBzUWaJfMUw8vbXJJ2tVW5-I3jZKvC4wsoxE&amp;amp;amp;amp;amp;amp;trk=nav_responsive_tab_home\",\"https:\\\/\\\/www.youtube.com\\\/channel\\\/UCxL0wu1uN0_3_7hGG0306cw\"]},{\"@type\":\"Person\",\"@id\":\"https:\\\/\\\/www.bellunopress.it\\\/#\\\/schema\\\/person\\\/79bb06722b37ece1c03d3e94beb30d73\",\"name\":\"redazione\",\"image\":{\"@type\":\"ImageObject\",\"inLanguage\":\"fr-FR\",\"@id\":\"https:\\\/\\\/secure.gravatar.com\\\/avatar\\\/37d968a2e67a6fd04c169c4bdef102d0bc5d31b2546345219e348575eb80e9a0?s=96&d=mm&r=g\",\"url\":\"https:\\\/\\\/secure.gravatar.com\\\/avatar\\\/37d968a2e67a6fd04c169c4bdef102d0bc5d31b2546345219e348575eb80e9a0?s=96&d=mm&r=g\",\"contentUrl\":\"https:\\\/\\\/secure.gravatar.com\\\/avatar\\\/37d968a2e67a6fd04c169c4bdef102d0bc5d31b2546345219e348575eb80e9a0?s=96&d=mm&r=g\",\"caption\":\"redazione\"},\"sameAs\":[\"http:\\\/\\\/www.bellunopress.it\",\"https:\\\/\\\/x.com\\\/bellunopress\"],\"url\":\"https:\\\/\\\/www.bellunopress.it\\\/fr\\\/author\\\/redazione\\\/\"}]}<\/script>\n<!-- \/ Yoast SEO plugin. -->","yoast_head_json":{"title":"7 milioni per l'innovazione e la cultura digitale. Bando regionale per le amministrazioni comunali del Veneto - Bellunopress - Dolomiti","robots":{"index":"index","follow":"follow","max-snippet":"max-snippet:-1","max-image-preview":"max-image-preview:large","max-video-preview":"max-video-preview:-1"},"canonical":"https:\/\/www.bellunopress.it\/fr\/2019\/03\/19\/7-milioni-per-linnovazione-e-la-cultura-digitale-bando-regionale-per-le-amministrazioni-comunali-del-veneto\/","og_locale":"fr_FR","og_type":"article","og_title":"7 milioni per l'innovazione e la cultura digitale. Bando regionale per le amministrazioni comunali del Veneto - Bellunopress - Dolomiti","og_description":"Venezia, 19 marzo 2019 \u00a0&#8211; \u00a0Per favorire l\u2019innovazione nei territori, la Regione ha approvato l\u2019apertura di un bando che mette a disposizione dei comuni 7 milioni di euro, con risorse provenienti dall\u2019Asse 2 del Por-Fesr 2014-2020, nell\u2019ambito dell\u2019attuazione dell\u2019Agenda Digitale del Veneto 2020. Il provvedimento \u00e8 stato adottato su proposta dell\u2019assessore ai fondi europei Federico [&hellip;]","og_url":"https:\/\/www.bellunopress.it\/fr\/2019\/03\/19\/7-milioni-per-linnovazione-e-la-cultura-digitale-bando-regionale-per-le-amministrazioni-comunali-del-veneto\/","og_site_name":"Bellunopress - Dolomiti","article_publisher":"https:\/\/www.facebook.com\/profile.php?id=100008943462799","article_published_time":"2019-03-19T12:51:46+00:00","og_image":[{"url":"http:\/\/www.bellunopress.it\/wp-content\/uploads\/2015\/12\/gianluca-forcolin.jpg","type":"","width":"","height":""}],"author":"redazione","twitter_card":"summary_large_image","twitter_creator":"@bellunopress","twitter_site":"@bellunopress","twitter_misc":{"\u00c9crit par":"redazione","Dur\u00e9e de lecture estim\u00e9e":"2 minutes"},"schema":{"@context":"https:\/\/schema.org","@graph":[{"@type":"Article","@id":"https:\/\/www.bellunopress.it\/2019\/03\/19\/7-milioni-per-linnovazione-e-la-cultura-digitale-bando-regionale-per-le-amministrazioni-comunali-del-veneto\/#article","isPartOf":{"@id":"https:\/\/www.bellunopress.it\/2019\/03\/19\/7-milioni-per-linnovazione-e-la-cultura-digitale-bando-regionale-per-le-amministrazioni-comunali-del-veneto\/"},"author":{"name":"redazione","@id":"https:\/\/www.bellunopress.it\/#\/schema\/person\/79bb06722b37ece1c03d3e94beb30d73"},"headline":"7 milioni per l&#8217;innovazione e la cultura digitale. Bando regionale per le amministrazioni comunali del Veneto","datePublished":"2019-03-19T12:51:46+00:00","mainEntityOfPage":{"@id":"https:\/\/www.bellunopress.it\/2019\/03\/19\/7-milioni-per-linnovazione-e-la-cultura-digitale-bando-regionale-per-le-amministrazioni-comunali-del-veneto\/"},"wordCount":357,"publisher":{"@id":"https:\/\/www.bellunopress.it\/#organization"},"image":{"@id":"https:\/\/www.bellunopress.it\/2019\/03\/19\/7-milioni-per-linnovazione-e-la-cultura-digitale-bando-regionale-per-le-amministrazioni-comunali-del-veneto\/#primaryimage"},"thumbnailUrl":"http:\/\/www.bellunopress.it\/wp-content\/uploads\/2015\/12\/gianluca-forcolin.jpg","articleSection":["Cronaca\/Politica","Prima Pagina"],"inLanguage":"fr-FR"},{"@type":"WebPage","@id":"https:\/\/www.bellunopress.it\/2019\/03\/19\/7-milioni-per-linnovazione-e-la-cultura-digitale-bando-regionale-per-le-amministrazioni-comunali-del-veneto\/","url":"https:\/\/www.bellunopress.it\/2019\/03\/19\/7-milioni-per-linnovazione-e-la-cultura-digitale-bando-regionale-per-le-amministrazioni-comunali-del-veneto\/","name":"7 milioni per l'innovazione e la cultura digitale. Bando regionale per le amministrazioni comunali del Veneto - Bellunopress - Dolomiti","isPartOf":{"@id":"https:\/\/www.bellunopress.it\/#website"},"primaryImageOfPage":{"@id":"https:\/\/www.bellunopress.it\/2019\/03\/19\/7-milioni-per-linnovazione-e-la-cultura-digitale-bando-regionale-per-le-amministrazioni-comunali-del-veneto\/#primaryimage"},"image":{"@id":"https:\/\/www.bellunopress.it\/2019\/03\/19\/7-milioni-per-linnovazione-e-la-cultura-digitale-bando-regionale-per-le-amministrazioni-comunali-del-veneto\/#primaryimage"},"thumbnailUrl":"http:\/\/www.bellunopress.it\/wp-content\/uploads\/2015\/12\/gianluca-forcolin.jpg","datePublished":"2019-03-19T12:51:46+00:00","breadcrumb":{"@id":"https:\/\/www.bellunopress.it\/2019\/03\/19\/7-milioni-per-linnovazione-e-la-cultura-digitale-bando-regionale-per-le-amministrazioni-comunali-del-veneto\/#breadcrumb"},"inLanguage":"fr-FR","potentialAction":[{"@type":"ReadAction","target":["https:\/\/www.bellunopress.it\/2019\/03\/19\/7-milioni-per-linnovazione-e-la-cultura-digitale-bando-regionale-per-le-amministrazioni-comunali-del-veneto\/"]}]},{"@type":"ImageObject","inLanguage":"fr-FR","@id":"https:\/\/www.bellunopress.it\/2019\/03\/19\/7-milioni-per-linnovazione-e-la-cultura-digitale-bando-regionale-per-le-amministrazioni-comunali-del-veneto\/#primaryimage","url":"http:\/\/www.bellunopress.it\/wp-content\/uploads\/2015\/12\/gianluca-forcolin.jpg","contentUrl":"http:\/\/www.bellunopress.it\/wp-content\/uploads\/2015\/12\/gianluca-forcolin.jpg"},{"@type":"BreadcrumbList","@id":"https:\/\/www.bellunopress.it\/2019\/03\/19\/7-milioni-per-linnovazione-e-la-cultura-digitale-bando-regionale-per-le-amministrazioni-comunali-del-veneto\/#breadcrumb","itemListElement":[{"@type":"ListItem","position":1,"name":"Home","item":"https:\/\/www.bellunopress.it\/"},{"@type":"ListItem","position":2,"name":"7 milioni per l&#8217;innovazione e la cultura digitale. Bando regionale per le amministrazioni comunali del Veneto"}]},{"@type":"WebSite","@id":"https:\/\/www.bellunopress.it\/#website","url":"https:\/\/www.bellunopress.it\/","name":"Bellunopress - Dolomiti","description":"e-mail: redazione@bellunopress.it","publisher":{"@id":"https:\/\/www.bellunopress.it\/#organization"},"potentialAction":[{"@type":"SearchAction","target":{"@type":"EntryPoint","urlTemplate":"https:\/\/www.bellunopress.it\/?s={search_term_string}"},"query-input":{"@type":"PropertyValueSpecification","valueRequired":true,"valueName":"search_term_string"}}],"inLanguage":"fr-FR"},{"@type":"Organization","@id":"https:\/\/www.bellunopress.it\/#organization","name":"Bellunopress","url":"https:\/\/www.bellunopress.it\/","logo":{"@type":"ImageObject","inLanguage":"fr-FR","@id":"https:\/\/www.bellunopress.it\/#\/schema\/logo\/image\/","url":"https:\/\/www.bellunopress.it\/wp-content\/uploads\/2011\/05\/cropped-logo-bellunopress-.jpg","contentUrl":"https:\/\/www.bellunopress.it\/wp-content\/uploads\/2011\/05\/cropped-logo-bellunopress-.jpg","width":512,"height":512,"caption":"Bellunopress"},"image":{"@id":"https:\/\/www.bellunopress.it\/#\/schema\/logo\/image\/"},"sameAs":["https:\/\/www.facebook.com\/profile.php?id=100008943462799","https:\/\/x.com\/bellunopress","https:\/\/www.linkedin.com\/hp\/?dnr=JBzUWaJfMUw8vbXJJ2tVW5-I3jZKvC4wsoxE&amp;amp;amp;amp;amp;amp;trk=nav_responsive_tab_home","https:\/\/www.youtube.com\/channel\/UCxL0wu1uN0_3_7hGG0306cw"]},{"@type":"Person","@id":"https:\/\/www.bellunopress.it\/#\/schema\/person\/79bb06722b37ece1c03d3e94beb30d73","name":"r\u00e9daction","image":{"@type":"ImageObject","inLanguage":"fr-FR","@id":"https:\/\/secure.gravatar.com\/avatar\/37d968a2e67a6fd04c169c4bdef102d0bc5d31b2546345219e348575eb80e9a0?s=96&d=mm&r=g","url":"https:\/\/secure.gravatar.com\/avatar\/37d968a2e67a6fd04c169c4bdef102d0bc5d31b2546345219e348575eb80e9a0?s=96&d=mm&r=g","contentUrl":"https:\/\/secure.gravatar.com\/avatar\/37d968a2e67a6fd04c169c4bdef102d0bc5d31b2546345219e348575eb80e9a0?s=96&d=mm&r=g","caption":"redazione"},"sameAs":["http:\/\/www.bellunopress.it","https:\/\/x.com\/bellunopress"],"url":"https:\/\/www.bellunopress.it\/fr\/author\/redazione\/"}]}},"_links":{"self":[{"href":"https:\/\/www.bellunopress.it\/fr\/wp-json\/wp\/v2\/posts\/102999","targetHints":{"allow":["GET"]}}],"collection":[{"href":"https:\/\/www.bellunopress.it\/fr\/wp-json\/wp\/v2\/posts"}],"about":[{"href":"https:\/\/www.bellunopress.it\/fr\/wp-json\/wp\/v2\/types\/post"}],"author":[{"embeddable":true,"href":"https:\/\/www.bellunopress.it\/fr\/wp-json\/wp\/v2\/users\/2"}],"replies":[{"embeddable":true,"href":"https:\/\/www.bellunopress.it\/fr\/wp-json\/wp\/v2\/comments?post=102999"}],"version-history":[{"count":1,"href":"https:\/\/www.bellunopress.it\/fr\/wp-json\/wp\/v2\/posts\/102999\/revisions"}],"predecessor-version":[{"id":103000,"href":"https:\/\/www.bellunopress.it\/fr\/wp-json\/wp\/v2\/posts\/102999\/revisions\/103000"}],"wp:attachment":[{"href":"https:\/\/www.bellunopress.it\/fr\/wp-json\/wp\/v2\/media?parent=102999"}],"wp:term":[{"taxonomy":"category","embeddable":true,"href":"https:\/\/www.bellunopress.it\/fr\/wp-json\/wp\/v2\/categories?post=102999"},{"taxonomy":"post_tag","embeddable":true,"href":"https:\/\/www.bellunopress.it\/fr\/wp-json\/wp\/v2\/tags?post=102999"}],"curies":[{"name":"wp","href":"https:\/\/api.w.org\/{rel}","templated":true}]}}