{"id":102997,"date":"2019-03-19T13:30:06","date_gmt":"2019-03-19T12:30:06","guid":{"rendered":"http:\/\/www.bellunopress.it\/?p=102997"},"modified":"2019-03-19T13:30:06","modified_gmt":"2019-03-19T12:30:06","slug":"tempesta-vaja-la-regione-da-il-via-alle-domande-di-ristoro-per-le-imprese-agricole-bellunesi-e-vicentine-danneggiate","status":"publish","type":"post","link":"https:\/\/www.bellunopress.it\/fr\/2019\/03\/19\/tempesta-vaja-la-regione-da-il-via-alle-domande-di-ristoro-per-le-imprese-agricole-bellunesi-e-vicentine-danneggiate\/","title":{"rendered":"Tempesta &#8220;Vaja&#8221;. La Regione d\u00e0 il via alle domande di ristoro per le imprese agricole bellunesi e vicentine danneggiate"},"content":{"rendered":"<figure id=\"attachment_90995\" aria-describedby=\"caption-attachment-90995\" style=\"width: 232px\" class=\"wp-caption alignleft\"><a href=\"http:\/\/www.bellunopress.it\/fr\/2017\/11\/24\/fondi-sviluppo-rurale-395-milioni-per-lagricoltura-di-montagna-assessore-pan-la-regione-dedica-oltre-un-terzo-dei-fondi-psr-2014-2020-alle-terre-alte\/assessore-pan\/\" rel=\"attachment wp-att-90995\"><img loading=\"lazy\" decoding=\"async\" class=\"size-full wp-image-90995\" src=\"http:\/\/www.bellunopress.it\/wp-content\/uploads\/2017\/11\/assessore-Pan.jpg\" alt=\"\" width=\"232\" height=\"289\" \/><\/a><figcaption id=\"caption-attachment-90995\" class=\"wp-caption-text\">Giuseppe Pan, assessore regionale<\/figcaption><\/figure>\n<p>Venezia, 19 marzo 2019 \u00a0&#8211; \u00a0Per le imprese agricole di montagna del Bellunese e del Vicentino colpite della tempesta \u2018Vaja\u2019 di fine ottobre si apre ora la possibilit\u00e0 di presentare domanda per accedere ai ristori agli interventi finanziari sostenuti dal Fondo di solidariet\u00e0 nazionale. Oggi la Giunta regionale, ora che sono stati completati i rilievi effettuati dalle strutture periferiche di Avepa, ha richiesto al Ministero delle politiche agricole alimentari e forestali &#8211; su proposta dell&#8217;assessore all\u2019agricoltura Giuseppe Pan &#8211; l&#8217;attivazione delle procedure del Fondo di Solidariet\u00e0 Nazionale per fronteggiare le devastazione provocate dall&#8217;ondata di maltempo che ha colpito il Veneto tra fine ottobre ed inizio novembre 2018. Con la proposta di declaratoria per le eccezionali avversit\u00e0 atmosferiche e di delimitazione delle aree danneggiate si creano le condizioni di aiuto in favore delle imprese agricole per interventi di ripristino del capitale fondiario e delle scorte danneggiate. La pubblicazione del provvedimento consente ora agli agricoltori della provincia di Belluno e a quelli dell\u2019Altopiano di Asiago, di Cismon del Grappa e di Recoaro Terme di poter presentazione le richieste di aiuto alle strutture competenti di Avepa (sedi di Belluno e di Vicenza).<\/p>\n<p>\u201cLe eventuali risorse, non ancora quantificabili \u2013 precisa Pan &#8211; potranno essere complementari a quelle presenti nelle assegnazioni disposte dalla Presidenza del Consiglio con decreto del 27 febbraio 2019, secondo le modalit\u00e0 di intervento dei Soggetti attuatori individuati nell&#8217;ambito della gestione Commissariale degli interventi per il superamento dell&#8217;emergenza\u201d.<\/p>\n<p>&nbsp;<\/p>\n<p><strong>Le zone territoriali interessate dove le imprese possono chiedere sostegno per il ripristino dei danni subiti alle strutture aziendali e alle scorte sono:<\/strong><br \/>\n<strong>l\u2019intero territorio della provincia di Belluno<\/strong><br \/>\nAsiago (via Rendola, via Cassordar, via Morar, via Groter e localit\u00e0 Kaberlaba),<br \/>\nCismon del Grappa (via Lazzaretti e via Vicinale Brenta),<br \/>\nConco (via Contr\u00e0 Brunello),<br \/>\nEnego (via Lambara e localit\u00e0 Tombal),<br \/>\nFoza (via Chigner, via Ori-Chiomenti, via Gavelle, via Chiomenti, via Carpanedi e via Labental),<br \/>\nGallio (Malga Tanzan, via Stella, via Leghen e via Xebo),<br \/>\nRecoaro Terme (via Contrada Canova di Sotto),<br \/>\nRoana (via Ostarelli, via Rebeschini e via Waister).<\/p>","protected":false},"excerpt":{"rendered":"<p>Venezia, 19 marzo 2019 \u00a0&#8211; \u00a0Per le imprese agricole di montagna del Bellunese e del Vicentino colpite della tempesta \u2018Vaja\u2019 di fine ottobre si apre ora la possibilit\u00e0 di presentare domanda per accedere ai ristori agli interventi finanziari sostenuti dal Fondo di solidariet\u00e0 nazionale. Oggi la Giunta regionale, ora che sono stati completati i rilievi [&hellip;]<\/p>\n","protected":false},"author":2,"featured_media":0,"comment_status":"closed","ping_status":"open","sticky":false,"template":"","format":"standard","meta":{"footnotes":""},"categories":[5,36,26],"tags":[],"class_list":["post-102997","post","type-post","status-publish","format-standard","category-cronaca","category-lavoro-economia","category-prima-pagina"],"yoast_head":"<!-- This site is optimized with the Yoast SEO plugin v28.4 - https:\/\/yoast.com\/product\/yoast-seo-wordpress\/ -->\n<title>Tempesta &quot;Vaja&quot;. La Regione d\u00e0 il via alle domande di ristoro per le imprese agricole bellunesi e vicentine danneggiate - Bellunopress - Dolomiti<\/title>\n<meta name=\"robots\" content=\"index, follow, max-snippet:-1, max-image-preview:large, max-video-preview:-1\" \/>\n<link rel=\"canonical\" href=\"https:\/\/www.bellunopress.it\/fr\/2019\/03\/19\/tempesta-vaja-la-regione-da-il-via-alle-domande-di-ristoro-per-le-imprese-agricole-bellunesi-e-vicentine-danneggiate\/\" \/>\n<meta property=\"og:locale\" content=\"fr_FR\" \/>\n<meta property=\"og:type\" content=\"article\" \/>\n<meta property=\"og:title\" content=\"Tempesta &quot;Vaja&quot;. La Regione d\u00e0 il via alle domande di ristoro per le imprese agricole bellunesi e vicentine danneggiate - Bellunopress - Dolomiti\" \/>\n<meta property=\"og:description\" content=\"Venezia, 19 marzo 2019 \u00a0&#8211; \u00a0Per le imprese agricole di montagna del Bellunese e del Vicentino colpite della tempesta \u2018Vaja\u2019 di fine ottobre si apre ora la possibilit\u00e0 di presentare domanda per accedere ai ristori agli interventi finanziari sostenuti dal Fondo di solidariet\u00e0 nazionale. Oggi la Giunta regionale, ora che sono stati completati i rilievi [&hellip;]\" \/>\n<meta property=\"og:url\" content=\"https:\/\/www.bellunopress.it\/fr\/2019\/03\/19\/tempesta-vaja-la-regione-da-il-via-alle-domande-di-ristoro-per-le-imprese-agricole-bellunesi-e-vicentine-danneggiate\/\" \/>\n<meta property=\"og:site_name\" content=\"Bellunopress - Dolomiti\" \/>\n<meta property=\"article:publisher\" content=\"https:\/\/www.facebook.com\/profile.php?id=100008943462799\" \/>\n<meta property=\"article:published_time\" content=\"2019-03-19T12:30:06+00:00\" \/>\n<meta property=\"og:image\" content=\"http:\/\/www.bellunopress.it\/wp-content\/uploads\/2017\/11\/assessore-Pan.jpg\" \/>\n<meta name=\"author\" content=\"redazione\" \/>\n<meta name=\"twitter:card\" content=\"summary_large_image\" \/>\n<meta name=\"twitter:creator\" content=\"@bellunopress\" \/>\n<meta name=\"twitter:site\" content=\"@bellunopress\" \/>\n<meta name=\"twitter:label1\" content=\"\u00c9crit par\" \/>\n\t<meta name=\"twitter:data1\" content=\"redazione\" \/>\n\t<meta name=\"twitter:label2\" content=\"Dur\u00e9e de lecture estim\u00e9e\" \/>\n\t<meta name=\"twitter:data2\" content=\"2 minutes\" \/>\n<script type=\"application\/ld+json\" class=\"yoast-schema-graph\">{\"@context\":\"https:\\\/\\\/schema.org\",\"@graph\":[{\"@type\":\"Article\",\"@id\":\"https:\\\/\\\/www.bellunopress.it\\\/2019\\\/03\\\/19\\\/tempesta-vaja-la-regione-da-il-via-alle-domande-di-ristoro-per-le-imprese-agricole-bellunesi-e-vicentine-danneggiate\\\/#article\",\"isPartOf\":{\"@id\":\"https:\\\/\\\/www.bellunopress.it\\\/2019\\\/03\\\/19\\\/tempesta-vaja-la-regione-da-il-via-alle-domande-di-ristoro-per-le-imprese-agricole-bellunesi-e-vicentine-danneggiate\\\/\"},\"author\":{\"name\":\"redazione\",\"@id\":\"https:\\\/\\\/www.bellunopress.it\\\/#\\\/schema\\\/person\\\/79bb06722b37ece1c03d3e94beb30d73\"},\"headline\":\"Tempesta &#8220;Vaja&#8221;. La Regione d\u00e0 il via alle domande di ristoro per le imprese agricole bellunesi e vicentine danneggiate\",\"datePublished\":\"2019-03-19T12:30:06+00:00\",\"mainEntityOfPage\":{\"@id\":\"https:\\\/\\\/www.bellunopress.it\\\/2019\\\/03\\\/19\\\/tempesta-vaja-la-regione-da-il-via-alle-domande-di-ristoro-per-le-imprese-agricole-bellunesi-e-vicentine-danneggiate\\\/\"},\"wordCount\":369,\"publisher\":{\"@id\":\"https:\\\/\\\/www.bellunopress.it\\\/#organization\"},\"image\":{\"@id\":\"https:\\\/\\\/www.bellunopress.it\\\/2019\\\/03\\\/19\\\/tempesta-vaja-la-regione-da-il-via-alle-domande-di-ristoro-per-le-imprese-agricole-bellunesi-e-vicentine-danneggiate\\\/#primaryimage\"},\"thumbnailUrl\":\"http:\\\/\\\/www.bellunopress.it\\\/wp-content\\\/uploads\\\/2017\\\/11\\\/assessore-Pan.jpg\",\"articleSection\":[\"Cronaca\\\/Politica\",\"Lavoro, Economia, Turismo\",\"Prima Pagina\"],\"inLanguage\":\"fr-FR\"},{\"@type\":\"WebPage\",\"@id\":\"https:\\\/\\\/www.bellunopress.it\\\/2019\\\/03\\\/19\\\/tempesta-vaja-la-regione-da-il-via-alle-domande-di-ristoro-per-le-imprese-agricole-bellunesi-e-vicentine-danneggiate\\\/\",\"url\":\"https:\\\/\\\/www.bellunopress.it\\\/2019\\\/03\\\/19\\\/tempesta-vaja-la-regione-da-il-via-alle-domande-di-ristoro-per-le-imprese-agricole-bellunesi-e-vicentine-danneggiate\\\/\",\"name\":\"Tempesta \\\"Vaja\\\". La Regione d\u00e0 il via alle domande di ristoro per le imprese agricole bellunesi e vicentine danneggiate - Bellunopress - Dolomiti\",\"isPartOf\":{\"@id\":\"https:\\\/\\\/www.bellunopress.it\\\/#website\"},\"primaryImageOfPage\":{\"@id\":\"https:\\\/\\\/www.bellunopress.it\\\/2019\\\/03\\\/19\\\/tempesta-vaja-la-regione-da-il-via-alle-domande-di-ristoro-per-le-imprese-agricole-bellunesi-e-vicentine-danneggiate\\\/#primaryimage\"},\"image\":{\"@id\":\"https:\\\/\\\/www.bellunopress.it\\\/2019\\\/03\\\/19\\\/tempesta-vaja-la-regione-da-il-via-alle-domande-di-ristoro-per-le-imprese-agricole-bellunesi-e-vicentine-danneggiate\\\/#primaryimage\"},\"thumbnailUrl\":\"http:\\\/\\\/www.bellunopress.it\\\/wp-content\\\/uploads\\\/2017\\\/11\\\/assessore-Pan.jpg\",\"datePublished\":\"2019-03-19T12:30:06+00:00\",\"breadcrumb\":{\"@id\":\"https:\\\/\\\/www.bellunopress.it\\\/2019\\\/03\\\/19\\\/tempesta-vaja-la-regione-da-il-via-alle-domande-di-ristoro-per-le-imprese-agricole-bellunesi-e-vicentine-danneggiate\\\/#breadcrumb\"},\"inLanguage\":\"fr-FR\",\"potentialAction\":[{\"@type\":\"ReadAction\",\"target\":[\"https:\\\/\\\/www.bellunopress.it\\\/2019\\\/03\\\/19\\\/tempesta-vaja-la-regione-da-il-via-alle-domande-di-ristoro-per-le-imprese-agricole-bellunesi-e-vicentine-danneggiate\\\/\"]}]},{\"@type\":\"ImageObject\",\"inLanguage\":\"fr-FR\",\"@id\":\"https:\\\/\\\/www.bellunopress.it\\\/2019\\\/03\\\/19\\\/tempesta-vaja-la-regione-da-il-via-alle-domande-di-ristoro-per-le-imprese-agricole-bellunesi-e-vicentine-danneggiate\\\/#primaryimage\",\"url\":\"http:\\\/\\\/www.bellunopress.it\\\/wp-content\\\/uploads\\\/2017\\\/11\\\/assessore-Pan.jpg\",\"contentUrl\":\"http:\\\/\\\/www.bellunopress.it\\\/wp-content\\\/uploads\\\/2017\\\/11\\\/assessore-Pan.jpg\"},{\"@type\":\"BreadcrumbList\",\"@id\":\"https:\\\/\\\/www.bellunopress.it\\\/2019\\\/03\\\/19\\\/tempesta-vaja-la-regione-da-il-via-alle-domande-di-ristoro-per-le-imprese-agricole-bellunesi-e-vicentine-danneggiate\\\/#breadcrumb\",\"itemListElement\":[{\"@type\":\"ListItem\",\"position\":1,\"name\":\"Home\",\"item\":\"https:\\\/\\\/www.bellunopress.it\\\/\"},{\"@type\":\"ListItem\",\"position\":2,\"name\":\"Tempesta &#8220;Vaja&#8221;. La Regione d\u00e0 il via alle domande di ristoro per le imprese agricole bellunesi e vicentine danneggiate\"}]},{\"@type\":\"WebSite\",\"@id\":\"https:\\\/\\\/www.bellunopress.it\\\/#website\",\"url\":\"https:\\\/\\\/www.bellunopress.it\\\/\",\"name\":\"Bellunopress - Dolomiti\",\"description\":\"e-mail: redazione@bellunopress.it\",\"publisher\":{\"@id\":\"https:\\\/\\\/www.bellunopress.it\\\/#organization\"},\"potentialAction\":[{\"@type\":\"SearchAction\",\"target\":{\"@type\":\"EntryPoint\",\"urlTemplate\":\"https:\\\/\\\/www.bellunopress.it\\\/?s={search_term_string}\"},\"query-input\":{\"@type\":\"PropertyValueSpecification\",\"valueRequired\":true,\"valueName\":\"search_term_string\"}}],\"inLanguage\":\"fr-FR\"},{\"@type\":\"Organization\",\"@id\":\"https:\\\/\\\/www.bellunopress.it\\\/#organization\",\"name\":\"Bellunopress\",\"url\":\"https:\\\/\\\/www.bellunopress.it\\\/\",\"logo\":{\"@type\":\"ImageObject\",\"inLanguage\":\"fr-FR\",\"@id\":\"https:\\\/\\\/www.bellunopress.it\\\/#\\\/schema\\\/logo\\\/image\\\/\",\"url\":\"https:\\\/\\\/www.bellunopress.it\\\/wp-content\\\/uploads\\\/2011\\\/05\\\/cropped-logo-bellunopress-.jpg\",\"contentUrl\":\"https:\\\/\\\/www.bellunopress.it\\\/wp-content\\\/uploads\\\/2011\\\/05\\\/cropped-logo-bellunopress-.jpg\",\"width\":512,\"height\":512,\"caption\":\"Bellunopress\"},\"image\":{\"@id\":\"https:\\\/\\\/www.bellunopress.it\\\/#\\\/schema\\\/logo\\\/image\\\/\"},\"sameAs\":[\"https:\\\/\\\/www.facebook.com\\\/profile.php?id=100008943462799\",\"https:\\\/\\\/x.com\\\/bellunopress\",\"https:\\\/\\\/www.linkedin.com\\\/hp\\\/?dnr=JBzUWaJfMUw8vbXJJ2tVW5-I3jZKvC4wsoxE&amp;amp;amp;amp;amp;amp;trk=nav_responsive_tab_home\",\"https:\\\/\\\/www.youtube.com\\\/channel\\\/UCxL0wu1uN0_3_7hGG0306cw\"]},{\"@type\":\"Person\",\"@id\":\"https:\\\/\\\/www.bellunopress.it\\\/#\\\/schema\\\/person\\\/79bb06722b37ece1c03d3e94beb30d73\",\"name\":\"redazione\",\"image\":{\"@type\":\"ImageObject\",\"inLanguage\":\"fr-FR\",\"@id\":\"https:\\\/\\\/secure.gravatar.com\\\/avatar\\\/37d968a2e67a6fd04c169c4bdef102d0bc5d31b2546345219e348575eb80e9a0?s=96&d=mm&r=g\",\"url\":\"https:\\\/\\\/secure.gravatar.com\\\/avatar\\\/37d968a2e67a6fd04c169c4bdef102d0bc5d31b2546345219e348575eb80e9a0?s=96&d=mm&r=g\",\"contentUrl\":\"https:\\\/\\\/secure.gravatar.com\\\/avatar\\\/37d968a2e67a6fd04c169c4bdef102d0bc5d31b2546345219e348575eb80e9a0?s=96&d=mm&r=g\",\"caption\":\"redazione\"},\"sameAs\":[\"http:\\\/\\\/www.bellunopress.it\",\"https:\\\/\\\/x.com\\\/bellunopress\"],\"url\":\"https:\\\/\\\/www.bellunopress.it\\\/fr\\\/author\\\/redazione\\\/\"}]}<\/script>\n<!-- \/ Yoast SEO plugin. -->","yoast_head_json":{"title":"Tempesta \"Vaja\". La Regione d\u00e0 il via alle domande di ristoro per le imprese agricole bellunesi e vicentine danneggiate - Bellunopress - Dolomiti","robots":{"index":"index","follow":"follow","max-snippet":"max-snippet:-1","max-image-preview":"max-image-preview:large","max-video-preview":"max-video-preview:-1"},"canonical":"https:\/\/www.bellunopress.it\/fr\/2019\/03\/19\/tempesta-vaja-la-regione-da-il-via-alle-domande-di-ristoro-per-le-imprese-agricole-bellunesi-e-vicentine-danneggiate\/","og_locale":"fr_FR","og_type":"article","og_title":"Tempesta \"Vaja\". La Regione d\u00e0 il via alle domande di ristoro per le imprese agricole bellunesi e vicentine danneggiate - Bellunopress - Dolomiti","og_description":"Venezia, 19 marzo 2019 \u00a0&#8211; \u00a0Per le imprese agricole di montagna del Bellunese e del Vicentino colpite della tempesta \u2018Vaja\u2019 di fine ottobre si apre ora la possibilit\u00e0 di presentare domanda per accedere ai ristori agli interventi finanziari sostenuti dal Fondo di solidariet\u00e0 nazionale. Oggi la Giunta regionale, ora che sono stati completati i rilievi [&hellip;]","og_url":"https:\/\/www.bellunopress.it\/fr\/2019\/03\/19\/tempesta-vaja-la-regione-da-il-via-alle-domande-di-ristoro-per-le-imprese-agricole-bellunesi-e-vicentine-danneggiate\/","og_site_name":"Bellunopress - Dolomiti","article_publisher":"https:\/\/www.facebook.com\/profile.php?id=100008943462799","article_published_time":"2019-03-19T12:30:06+00:00","og_image":[{"url":"http:\/\/www.bellunopress.it\/wp-content\/uploads\/2017\/11\/assessore-Pan.jpg","type":"","width":"","height":""}],"author":"redazione","twitter_card":"summary_large_image","twitter_creator":"@bellunopress","twitter_site":"@bellunopress","twitter_misc":{"\u00c9crit par":"redazione","Dur\u00e9e de lecture estim\u00e9e":"2 minutes"},"schema":{"@context":"https:\/\/schema.org","@graph":[{"@type":"Article","@id":"https:\/\/www.bellunopress.it\/2019\/03\/19\/tempesta-vaja-la-regione-da-il-via-alle-domande-di-ristoro-per-le-imprese-agricole-bellunesi-e-vicentine-danneggiate\/#article","isPartOf":{"@id":"https:\/\/www.bellunopress.it\/2019\/03\/19\/tempesta-vaja-la-regione-da-il-via-alle-domande-di-ristoro-per-le-imprese-agricole-bellunesi-e-vicentine-danneggiate\/"},"author":{"name":"redazione","@id":"https:\/\/www.bellunopress.it\/#\/schema\/person\/79bb06722b37ece1c03d3e94beb30d73"},"headline":"Tempesta &#8220;Vaja&#8221;. La Regione d\u00e0 il via alle domande di ristoro per le imprese agricole bellunesi e vicentine danneggiate","datePublished":"2019-03-19T12:30:06+00:00","mainEntityOfPage":{"@id":"https:\/\/www.bellunopress.it\/2019\/03\/19\/tempesta-vaja-la-regione-da-il-via-alle-domande-di-ristoro-per-le-imprese-agricole-bellunesi-e-vicentine-danneggiate\/"},"wordCount":369,"publisher":{"@id":"https:\/\/www.bellunopress.it\/#organization"},"image":{"@id":"https:\/\/www.bellunopress.it\/2019\/03\/19\/tempesta-vaja-la-regione-da-il-via-alle-domande-di-ristoro-per-le-imprese-agricole-bellunesi-e-vicentine-danneggiate\/#primaryimage"},"thumbnailUrl":"http:\/\/www.bellunopress.it\/wp-content\/uploads\/2017\/11\/assessore-Pan.jpg","articleSection":["Cronaca\/Politica","Lavoro, Economia, Turismo","Prima Pagina"],"inLanguage":"fr-FR"},{"@type":"WebPage","@id":"https:\/\/www.bellunopress.it\/2019\/03\/19\/tempesta-vaja-la-regione-da-il-via-alle-domande-di-ristoro-per-le-imprese-agricole-bellunesi-e-vicentine-danneggiate\/","url":"https:\/\/www.bellunopress.it\/2019\/03\/19\/tempesta-vaja-la-regione-da-il-via-alle-domande-di-ristoro-per-le-imprese-agricole-bellunesi-e-vicentine-danneggiate\/","name":"Tempesta \"Vaja\". La Regione d\u00e0 il via alle domande di ristoro per le imprese agricole bellunesi e vicentine danneggiate - Bellunopress - Dolomiti","isPartOf":{"@id":"https:\/\/www.bellunopress.it\/#website"},"primaryImageOfPage":{"@id":"https:\/\/www.bellunopress.it\/2019\/03\/19\/tempesta-vaja-la-regione-da-il-via-alle-domande-di-ristoro-per-le-imprese-agricole-bellunesi-e-vicentine-danneggiate\/#primaryimage"},"image":{"@id":"https:\/\/www.bellunopress.it\/2019\/03\/19\/tempesta-vaja-la-regione-da-il-via-alle-domande-di-ristoro-per-le-imprese-agricole-bellunesi-e-vicentine-danneggiate\/#primaryimage"},"thumbnailUrl":"http:\/\/www.bellunopress.it\/wp-content\/uploads\/2017\/11\/assessore-Pan.jpg","datePublished":"2019-03-19T12:30:06+00:00","breadcrumb":{"@id":"https:\/\/www.bellunopress.it\/2019\/03\/19\/tempesta-vaja-la-regione-da-il-via-alle-domande-di-ristoro-per-le-imprese-agricole-bellunesi-e-vicentine-danneggiate\/#breadcrumb"},"inLanguage":"fr-FR","potentialAction":[{"@type":"ReadAction","target":["https:\/\/www.bellunopress.it\/2019\/03\/19\/tempesta-vaja-la-regione-da-il-via-alle-domande-di-ristoro-per-le-imprese-agricole-bellunesi-e-vicentine-danneggiate\/"]}]},{"@type":"ImageObject","inLanguage":"fr-FR","@id":"https:\/\/www.bellunopress.it\/2019\/03\/19\/tempesta-vaja-la-regione-da-il-via-alle-domande-di-ristoro-per-le-imprese-agricole-bellunesi-e-vicentine-danneggiate\/#primaryimage","url":"http:\/\/www.bellunopress.it\/wp-content\/uploads\/2017\/11\/assessore-Pan.jpg","contentUrl":"http:\/\/www.bellunopress.it\/wp-content\/uploads\/2017\/11\/assessore-Pan.jpg"},{"@type":"BreadcrumbList","@id":"https:\/\/www.bellunopress.it\/2019\/03\/19\/tempesta-vaja-la-regione-da-il-via-alle-domande-di-ristoro-per-le-imprese-agricole-bellunesi-e-vicentine-danneggiate\/#breadcrumb","itemListElement":[{"@type":"ListItem","position":1,"name":"Home","item":"https:\/\/www.bellunopress.it\/"},{"@type":"ListItem","position":2,"name":"Tempesta &#8220;Vaja&#8221;. La Regione d\u00e0 il via alle domande di ristoro per le imprese agricole bellunesi e vicentine danneggiate"}]},{"@type":"WebSite","@id":"https:\/\/www.bellunopress.it\/#website","url":"https:\/\/www.bellunopress.it\/","name":"Bellunopress - Dolomiti","description":"e-mail: redazione@bellunopress.it","publisher":{"@id":"https:\/\/www.bellunopress.it\/#organization"},"potentialAction":[{"@type":"SearchAction","target":{"@type":"EntryPoint","urlTemplate":"https:\/\/www.bellunopress.it\/?s={search_term_string}"},"query-input":{"@type":"PropertyValueSpecification","valueRequired":true,"valueName":"search_term_string"}}],"inLanguage":"fr-FR"},{"@type":"Organization","@id":"https:\/\/www.bellunopress.it\/#organization","name":"Bellunopress","url":"https:\/\/www.bellunopress.it\/","logo":{"@type":"ImageObject","inLanguage":"fr-FR","@id":"https:\/\/www.bellunopress.it\/#\/schema\/logo\/image\/","url":"https:\/\/www.bellunopress.it\/wp-content\/uploads\/2011\/05\/cropped-logo-bellunopress-.jpg","contentUrl":"https:\/\/www.bellunopress.it\/wp-content\/uploads\/2011\/05\/cropped-logo-bellunopress-.jpg","width":512,"height":512,"caption":"Bellunopress"},"image":{"@id":"https:\/\/www.bellunopress.it\/#\/schema\/logo\/image\/"},"sameAs":["https:\/\/www.facebook.com\/profile.php?id=100008943462799","https:\/\/x.com\/bellunopress","https:\/\/www.linkedin.com\/hp\/?dnr=JBzUWaJfMUw8vbXJJ2tVW5-I3jZKvC4wsoxE&amp;amp;amp;amp;amp;amp;trk=nav_responsive_tab_home","https:\/\/www.youtube.com\/channel\/UCxL0wu1uN0_3_7hGG0306cw"]},{"@type":"Person","@id":"https:\/\/www.bellunopress.it\/#\/schema\/person\/79bb06722b37ece1c03d3e94beb30d73","name":"r\u00e9daction","image":{"@type":"ImageObject","inLanguage":"fr-FR","@id":"https:\/\/secure.gravatar.com\/avatar\/37d968a2e67a6fd04c169c4bdef102d0bc5d31b2546345219e348575eb80e9a0?s=96&d=mm&r=g","url":"https:\/\/secure.gravatar.com\/avatar\/37d968a2e67a6fd04c169c4bdef102d0bc5d31b2546345219e348575eb80e9a0?s=96&d=mm&r=g","contentUrl":"https:\/\/secure.gravatar.com\/avatar\/37d968a2e67a6fd04c169c4bdef102d0bc5d31b2546345219e348575eb80e9a0?s=96&d=mm&r=g","caption":"redazione"},"sameAs":["http:\/\/www.bellunopress.it","https:\/\/x.com\/bellunopress"],"url":"https:\/\/www.bellunopress.it\/fr\/author\/redazione\/"}]}},"_links":{"self":[{"href":"https:\/\/www.bellunopress.it\/fr\/wp-json\/wp\/v2\/posts\/102997","targetHints":{"allow":["GET"]}}],"collection":[{"href":"https:\/\/www.bellunopress.it\/fr\/wp-json\/wp\/v2\/posts"}],"about":[{"href":"https:\/\/www.bellunopress.it\/fr\/wp-json\/wp\/v2\/types\/post"}],"author":[{"embeddable":true,"href":"https:\/\/www.bellunopress.it\/fr\/wp-json\/wp\/v2\/users\/2"}],"replies":[{"embeddable":true,"href":"https:\/\/www.bellunopress.it\/fr\/wp-json\/wp\/v2\/comments?post=102997"}],"version-history":[{"count":1,"href":"https:\/\/www.bellunopress.it\/fr\/wp-json\/wp\/v2\/posts\/102997\/revisions"}],"predecessor-version":[{"id":102998,"href":"https:\/\/www.bellunopress.it\/fr\/wp-json\/wp\/v2\/posts\/102997\/revisions\/102998"}],"wp:attachment":[{"href":"https:\/\/www.bellunopress.it\/fr\/wp-json\/wp\/v2\/media?parent=102997"}],"wp:term":[{"taxonomy":"category","embeddable":true,"href":"https:\/\/www.bellunopress.it\/fr\/wp-json\/wp\/v2\/categories?post=102997"},{"taxonomy":"post_tag","embeddable":true,"href":"https:\/\/www.bellunopress.it\/fr\/wp-json\/wp\/v2\/tags?post=102997"}],"curies":[{"name":"wp","href":"https:\/\/api.w.org\/{rel}","templated":true}]}}