{"id":102989,"date":"2019-03-18T17:42:12","date_gmt":"2019-03-18T16:42:12","guid":{"rendered":"http:\/\/www.bellunopress.it\/?p=102989"},"modified":"2019-03-18T17:42:12","modified_gmt":"2019-03-18T16:42:12","slug":"edilizia-domenico-limana-sblocca-cantieri-piano-casa-cortina-2021-e-il-momento-di-ripartire-sabato-a-roma-la-protesta","status":"publish","type":"post","link":"https:\/\/www.bellunopress.it\/fr\/2019\/03\/18\/edilizia-domenico-limana-sblocca-cantieri-piano-casa-cortina-2021-e-il-momento-di-ripartire-sabato-a-roma-la-protesta\/","title":{"rendered":"Edilizia. Domenico Limana: &#8220;Sblocca cantieri, Piano casa, Cortina 2021. E&#8217; il momento di ripartire&#8221;. Sabato a Roma la protesta"},"content":{"rendered":"<p><a href=\"http:\/\/www.bellunopress.it\/fr\/2013\/02\/11\/sospensione-dalla-circolazione-mezzi-pesanti-mauro-formenti-lasciateci-lavorare-e-piu-facile-fermare-i-tir-che-pulire-le-strade\/confindustria-belluno-dolomiti-2\/\" rel=\"attachment wp-att-46616\"><img loading=\"lazy\" decoding=\"async\" class=\"alignleft size-full wp-image-46616\" src=\"http:\/\/www.bellunopress.it\/wp-content\/uploads\/2013\/02\/confindustria-belluno-dolomiti.jpg\" alt=\"\" width=\"240\" height=\"56\" \/><\/a>Belluno, 18 marzo 2019 \u2013 \u00abLa partita per rilanciare l\u2019edilizia va combattuta su tre piani: nazionale, regionale, locale. Solo cos\u00ec, potremo ripartire: dallo sblocca-cantieri a Roma al nuovo piano casa a Venezia, passando per un vero gioco di squadra in vista di Cortina 2021. Il momento, per il settore delle costruzioni, \u00e8 cruciale dopo oltre un decennio di crisi. Come Confindustria siamo impegnati a 360 gradi per riattivare un circuito virtuoso di investimenti pubblici e privati. Il comparto \u00e8 allo stremo\u00bb.<\/p>\n<p>A dirlo, a pochi giorni dalla protesta dei lavoratori dell\u2019edilizia a Roma e dall\u2019incontro tra parti sociali, Ance e Governo, \u00e8 Domenico Limana, delegato alle Infrastrutture di Confindustria Belluno Dolomiti.<\/p>\n<p>\u00abLo sblocca-cantieri, al quale sta lavorando il Governo, \u00e8 urgente e necessario, cos\u00ec come il via libera definitivo al nuovo Piano Casa del Veneto, approvato nei giorni scorsi dalla Seconda Commissione Urbanistica a Venezia. Ora, ci auguriamo che il provvedimento venga varato dall\u2019aula di Palazzo Ferro-Fini quanto prima, apportando quelle modifiche ancora necessarie\u00bb, afferma Limana. \u00abIl Piano casa ha dimostrato di funzionare e di coniugare sostenibilit\u00e0 e nuove tecnologie, riconversione e rivalorizzazione, tutti concetti chiave per l\u2019edilizia del futuro, in particolare nelle nostre aree montane\u00bb.<\/p>\n<p>A livello locale resta l\u2019appello a fare squadra e costruire un percorso virtuoso: \u00abLe sfide in vista di Cortina 2021 sono note. I grandi eventi senza infrastrutture rischiano di diventare un boomerang. Per questo, occorre fare presto e promuovere il dialogo tra Anas, Istituzioni e categorie. L\u2019unico modo per garantire cantieri veloci e puntuali sta nel coinvolgere attivamente le imprese locali che hanno la struttura, la responsabilit\u00e0 e la conoscenza del territorio utili per centrare l\u2019obiettivo\u00bb, la conclusione di Limana.<\/p>","protected":false},"excerpt":{"rendered":"<p>Belluno, 18 marzo 2019 \u2013 \u00abLa partita per rilanciare l\u2019edilizia va combattuta su tre piani: nazionale, regionale, locale. Solo cos\u00ec, potremo ripartire: dallo sblocca-cantieri a Roma al nuovo piano casa a Venezia, passando per un vero gioco di squadra in vista di Cortina 2021. Il momento, per il settore delle costruzioni, \u00e8 cruciale dopo oltre [&hellip;]<\/p>\n","protected":false},"author":2,"featured_media":0,"comment_status":"closed","ping_status":"open","sticky":false,"template":"","format":"standard","meta":{"footnotes":""},"categories":[36,26],"tags":[],"class_list":["post-102989","post","type-post","status-publish","format-standard","category-lavoro-economia","category-prima-pagina"],"yoast_head":"<!-- This site is optimized with the Yoast SEO plugin v28.4 - https:\/\/yoast.com\/product\/yoast-seo-wordpress\/ -->\n<title>Edilizia. Domenico Limana: &quot;Sblocca cantieri, Piano casa, Cortina 2021. E&#039; il momento di ripartire&quot;. Sabato a Roma la protesta - Bellunopress - Dolomiti<\/title>\n<meta name=\"robots\" content=\"index, follow, max-snippet:-1, max-image-preview:large, max-video-preview:-1\" \/>\n<link rel=\"canonical\" href=\"https:\/\/www.bellunopress.it\/fr\/2019\/03\/18\/edilizia-domenico-limana-sblocca-cantieri-piano-casa-cortina-2021-e-il-momento-di-ripartire-sabato-a-roma-la-protesta\/\" \/>\n<meta property=\"og:locale\" content=\"fr_FR\" \/>\n<meta property=\"og:type\" content=\"article\" \/>\n<meta property=\"og:title\" content=\"Edilizia. Domenico Limana: &quot;Sblocca cantieri, Piano casa, Cortina 2021. E&#039; il momento di ripartire&quot;. Sabato a Roma la protesta - Bellunopress - Dolomiti\" \/>\n<meta property=\"og:description\" content=\"Belluno, 18 marzo 2019 \u2013 \u00abLa partita per rilanciare l\u2019edilizia va combattuta su tre piani: nazionale, regionale, locale. Solo cos\u00ec, potremo ripartire: dallo sblocca-cantieri a Roma al nuovo piano casa a Venezia, passando per un vero gioco di squadra in vista di Cortina 2021. Il momento, per il settore delle costruzioni, \u00e8 cruciale dopo oltre [&hellip;]\" \/>\n<meta property=\"og:url\" content=\"https:\/\/www.bellunopress.it\/fr\/2019\/03\/18\/edilizia-domenico-limana-sblocca-cantieri-piano-casa-cortina-2021-e-il-momento-di-ripartire-sabato-a-roma-la-protesta\/\" \/>\n<meta property=\"og:site_name\" content=\"Bellunopress - Dolomiti\" \/>\n<meta property=\"article:publisher\" content=\"https:\/\/www.facebook.com\/profile.php?id=100008943462799\" \/>\n<meta property=\"article:published_time\" content=\"2019-03-18T16:42:12+00:00\" \/>\n<meta property=\"og:image\" content=\"http:\/\/www.bellunopress.it\/wp-content\/uploads\/2013\/02\/confindustria-belluno-dolomiti.jpg\" \/>\n<meta name=\"author\" content=\"redazione\" \/>\n<meta name=\"twitter:card\" content=\"summary_large_image\" \/>\n<meta name=\"twitter:creator\" content=\"@bellunopress\" \/>\n<meta name=\"twitter:site\" content=\"@bellunopress\" \/>\n<meta name=\"twitter:label1\" content=\"\u00c9crit par\" \/>\n\t<meta name=\"twitter:data1\" content=\"redazione\" \/>\n\t<meta name=\"twitter:label2\" content=\"Dur\u00e9e de lecture estim\u00e9e\" \/>\n\t<meta name=\"twitter:data2\" content=\"1 minute\" \/>\n<script type=\"application\/ld+json\" class=\"yoast-schema-graph\">{\"@context\":\"https:\\\/\\\/schema.org\",\"@graph\":[{\"@type\":\"Article\",\"@id\":\"https:\\\/\\\/www.bellunopress.it\\\/2019\\\/03\\\/18\\\/edilizia-domenico-limana-sblocca-cantieri-piano-casa-cortina-2021-e-il-momento-di-ripartire-sabato-a-roma-la-protesta\\\/#article\",\"isPartOf\":{\"@id\":\"https:\\\/\\\/www.bellunopress.it\\\/2019\\\/03\\\/18\\\/edilizia-domenico-limana-sblocca-cantieri-piano-casa-cortina-2021-e-il-momento-di-ripartire-sabato-a-roma-la-protesta\\\/\"},\"author\":{\"name\":\"redazione\",\"@id\":\"https:\\\/\\\/www.bellunopress.it\\\/#\\\/schema\\\/person\\\/79bb06722b37ece1c03d3e94beb30d73\"},\"headline\":\"Edilizia. Domenico Limana: &#8220;Sblocca cantieri, Piano casa, Cortina 2021. E&#8217; il momento di ripartire&#8221;. Sabato a Roma la protesta\",\"datePublished\":\"2019-03-18T16:42:12+00:00\",\"mainEntityOfPage\":{\"@id\":\"https:\\\/\\\/www.bellunopress.it\\\/2019\\\/03\\\/18\\\/edilizia-domenico-limana-sblocca-cantieri-piano-casa-cortina-2021-e-il-momento-di-ripartire-sabato-a-roma-la-protesta\\\/\"},\"wordCount\":292,\"publisher\":{\"@id\":\"https:\\\/\\\/www.bellunopress.it\\\/#organization\"},\"image\":{\"@id\":\"https:\\\/\\\/www.bellunopress.it\\\/2019\\\/03\\\/18\\\/edilizia-domenico-limana-sblocca-cantieri-piano-casa-cortina-2021-e-il-momento-di-ripartire-sabato-a-roma-la-protesta\\\/#primaryimage\"},\"thumbnailUrl\":\"http:\\\/\\\/www.bellunopress.it\\\/wp-content\\\/uploads\\\/2013\\\/02\\\/confindustria-belluno-dolomiti.jpg\",\"articleSection\":[\"Lavoro, Economia, Turismo\",\"Prima Pagina\"],\"inLanguage\":\"fr-FR\"},{\"@type\":\"WebPage\",\"@id\":\"https:\\\/\\\/www.bellunopress.it\\\/2019\\\/03\\\/18\\\/edilizia-domenico-limana-sblocca-cantieri-piano-casa-cortina-2021-e-il-momento-di-ripartire-sabato-a-roma-la-protesta\\\/\",\"url\":\"https:\\\/\\\/www.bellunopress.it\\\/2019\\\/03\\\/18\\\/edilizia-domenico-limana-sblocca-cantieri-piano-casa-cortina-2021-e-il-momento-di-ripartire-sabato-a-roma-la-protesta\\\/\",\"name\":\"Edilizia. Domenico Limana: \\\"Sblocca cantieri, Piano casa, Cortina 2021. E' il momento di ripartire\\\". Sabato a Roma la protesta - Bellunopress - Dolomiti\",\"isPartOf\":{\"@id\":\"https:\\\/\\\/www.bellunopress.it\\\/#website\"},\"primaryImageOfPage\":{\"@id\":\"https:\\\/\\\/www.bellunopress.it\\\/2019\\\/03\\\/18\\\/edilizia-domenico-limana-sblocca-cantieri-piano-casa-cortina-2021-e-il-momento-di-ripartire-sabato-a-roma-la-protesta\\\/#primaryimage\"},\"image\":{\"@id\":\"https:\\\/\\\/www.bellunopress.it\\\/2019\\\/03\\\/18\\\/edilizia-domenico-limana-sblocca-cantieri-piano-casa-cortina-2021-e-il-momento-di-ripartire-sabato-a-roma-la-protesta\\\/#primaryimage\"},\"thumbnailUrl\":\"http:\\\/\\\/www.bellunopress.it\\\/wp-content\\\/uploads\\\/2013\\\/02\\\/confindustria-belluno-dolomiti.jpg\",\"datePublished\":\"2019-03-18T16:42:12+00:00\",\"breadcrumb\":{\"@id\":\"https:\\\/\\\/www.bellunopress.it\\\/2019\\\/03\\\/18\\\/edilizia-domenico-limana-sblocca-cantieri-piano-casa-cortina-2021-e-il-momento-di-ripartire-sabato-a-roma-la-protesta\\\/#breadcrumb\"},\"inLanguage\":\"fr-FR\",\"potentialAction\":[{\"@type\":\"ReadAction\",\"target\":[\"https:\\\/\\\/www.bellunopress.it\\\/2019\\\/03\\\/18\\\/edilizia-domenico-limana-sblocca-cantieri-piano-casa-cortina-2021-e-il-momento-di-ripartire-sabato-a-roma-la-protesta\\\/\"]}]},{\"@type\":\"ImageObject\",\"inLanguage\":\"fr-FR\",\"@id\":\"https:\\\/\\\/www.bellunopress.it\\\/2019\\\/03\\\/18\\\/edilizia-domenico-limana-sblocca-cantieri-piano-casa-cortina-2021-e-il-momento-di-ripartire-sabato-a-roma-la-protesta\\\/#primaryimage\",\"url\":\"http:\\\/\\\/www.bellunopress.it\\\/wp-content\\\/uploads\\\/2013\\\/02\\\/confindustria-belluno-dolomiti.jpg\",\"contentUrl\":\"http:\\\/\\\/www.bellunopress.it\\\/wp-content\\\/uploads\\\/2013\\\/02\\\/confindustria-belluno-dolomiti.jpg\"},{\"@type\":\"BreadcrumbList\",\"@id\":\"https:\\\/\\\/www.bellunopress.it\\\/2019\\\/03\\\/18\\\/edilizia-domenico-limana-sblocca-cantieri-piano-casa-cortina-2021-e-il-momento-di-ripartire-sabato-a-roma-la-protesta\\\/#breadcrumb\",\"itemListElement\":[{\"@type\":\"ListItem\",\"position\":1,\"name\":\"Home\",\"item\":\"https:\\\/\\\/www.bellunopress.it\\\/\"},{\"@type\":\"ListItem\",\"position\":2,\"name\":\"Edilizia. Domenico Limana: &#8220;Sblocca cantieri, Piano casa, Cortina 2021. E&#8217; il momento di ripartire&#8221;. Sabato a Roma la protesta\"}]},{\"@type\":\"WebSite\",\"@id\":\"https:\\\/\\\/www.bellunopress.it\\\/#website\",\"url\":\"https:\\\/\\\/www.bellunopress.it\\\/\",\"name\":\"Bellunopress - Dolomiti\",\"description\":\"e-mail: redazione@bellunopress.it\",\"publisher\":{\"@id\":\"https:\\\/\\\/www.bellunopress.it\\\/#organization\"},\"potentialAction\":[{\"@type\":\"SearchAction\",\"target\":{\"@type\":\"EntryPoint\",\"urlTemplate\":\"https:\\\/\\\/www.bellunopress.it\\\/?s={search_term_string}\"},\"query-input\":{\"@type\":\"PropertyValueSpecification\",\"valueRequired\":true,\"valueName\":\"search_term_string\"}}],\"inLanguage\":\"fr-FR\"},{\"@type\":\"Organization\",\"@id\":\"https:\\\/\\\/www.bellunopress.it\\\/#organization\",\"name\":\"Bellunopress\",\"url\":\"https:\\\/\\\/www.bellunopress.it\\\/\",\"logo\":{\"@type\":\"ImageObject\",\"inLanguage\":\"fr-FR\",\"@id\":\"https:\\\/\\\/www.bellunopress.it\\\/#\\\/schema\\\/logo\\\/image\\\/\",\"url\":\"https:\\\/\\\/www.bellunopress.it\\\/wp-content\\\/uploads\\\/2011\\\/05\\\/cropped-logo-bellunopress-.jpg\",\"contentUrl\":\"https:\\\/\\\/www.bellunopress.it\\\/wp-content\\\/uploads\\\/2011\\\/05\\\/cropped-logo-bellunopress-.jpg\",\"width\":512,\"height\":512,\"caption\":\"Bellunopress\"},\"image\":{\"@id\":\"https:\\\/\\\/www.bellunopress.it\\\/#\\\/schema\\\/logo\\\/image\\\/\"},\"sameAs\":[\"https:\\\/\\\/www.facebook.com\\\/profile.php?id=100008943462799\",\"https:\\\/\\\/x.com\\\/bellunopress\",\"https:\\\/\\\/www.linkedin.com\\\/hp\\\/?dnr=JBzUWaJfMUw8vbXJJ2tVW5-I3jZKvC4wsoxE&amp;amp;amp;amp;amp;amp;trk=nav_responsive_tab_home\",\"https:\\\/\\\/www.youtube.com\\\/channel\\\/UCxL0wu1uN0_3_7hGG0306cw\"]},{\"@type\":\"Person\",\"@id\":\"https:\\\/\\\/www.bellunopress.it\\\/#\\\/schema\\\/person\\\/79bb06722b37ece1c03d3e94beb30d73\",\"name\":\"redazione\",\"image\":{\"@type\":\"ImageObject\",\"inLanguage\":\"fr-FR\",\"@id\":\"https:\\\/\\\/secure.gravatar.com\\\/avatar\\\/37d968a2e67a6fd04c169c4bdef102d0bc5d31b2546345219e348575eb80e9a0?s=96&d=mm&r=g\",\"url\":\"https:\\\/\\\/secure.gravatar.com\\\/avatar\\\/37d968a2e67a6fd04c169c4bdef102d0bc5d31b2546345219e348575eb80e9a0?s=96&d=mm&r=g\",\"contentUrl\":\"https:\\\/\\\/secure.gravatar.com\\\/avatar\\\/37d968a2e67a6fd04c169c4bdef102d0bc5d31b2546345219e348575eb80e9a0?s=96&d=mm&r=g\",\"caption\":\"redazione\"},\"sameAs\":[\"http:\\\/\\\/www.bellunopress.it\",\"https:\\\/\\\/x.com\\\/bellunopress\"],\"url\":\"https:\\\/\\\/www.bellunopress.it\\\/fr\\\/author\\\/redazione\\\/\"}]}<\/script>\n<!-- \/ Yoast SEO plugin. -->","yoast_head_json":{"title":"Edilizia. Domenico Limana: \"Sblocca cantieri, Piano casa, Cortina 2021. E' il momento di ripartire\". Sabato a Roma la protesta - Bellunopress - Dolomiti","robots":{"index":"index","follow":"follow","max-snippet":"max-snippet:-1","max-image-preview":"max-image-preview:large","max-video-preview":"max-video-preview:-1"},"canonical":"https:\/\/www.bellunopress.it\/fr\/2019\/03\/18\/edilizia-domenico-limana-sblocca-cantieri-piano-casa-cortina-2021-e-il-momento-di-ripartire-sabato-a-roma-la-protesta\/","og_locale":"fr_FR","og_type":"article","og_title":"Edilizia. Domenico Limana: \"Sblocca cantieri, Piano casa, Cortina 2021. E' il momento di ripartire\". Sabato a Roma la protesta - Bellunopress - Dolomiti","og_description":"Belluno, 18 marzo 2019 \u2013 \u00abLa partita per rilanciare l\u2019edilizia va combattuta su tre piani: nazionale, regionale, locale. Solo cos\u00ec, potremo ripartire: dallo sblocca-cantieri a Roma al nuovo piano casa a Venezia, passando per un vero gioco di squadra in vista di Cortina 2021. Il momento, per il settore delle costruzioni, \u00e8 cruciale dopo oltre [&hellip;]","og_url":"https:\/\/www.bellunopress.it\/fr\/2019\/03\/18\/edilizia-domenico-limana-sblocca-cantieri-piano-casa-cortina-2021-e-il-momento-di-ripartire-sabato-a-roma-la-protesta\/","og_site_name":"Bellunopress - Dolomiti","article_publisher":"https:\/\/www.facebook.com\/profile.php?id=100008943462799","article_published_time":"2019-03-18T16:42:12+00:00","og_image":[{"url":"http:\/\/www.bellunopress.it\/wp-content\/uploads\/2013\/02\/confindustria-belluno-dolomiti.jpg","type":"","width":"","height":""}],"author":"redazione","twitter_card":"summary_large_image","twitter_creator":"@bellunopress","twitter_site":"@bellunopress","twitter_misc":{"\u00c9crit par":"redazione","Dur\u00e9e de lecture estim\u00e9e":"1 minute"},"schema":{"@context":"https:\/\/schema.org","@graph":[{"@type":"Article","@id":"https:\/\/www.bellunopress.it\/2019\/03\/18\/edilizia-domenico-limana-sblocca-cantieri-piano-casa-cortina-2021-e-il-momento-di-ripartire-sabato-a-roma-la-protesta\/#article","isPartOf":{"@id":"https:\/\/www.bellunopress.it\/2019\/03\/18\/edilizia-domenico-limana-sblocca-cantieri-piano-casa-cortina-2021-e-il-momento-di-ripartire-sabato-a-roma-la-protesta\/"},"author":{"name":"redazione","@id":"https:\/\/www.bellunopress.it\/#\/schema\/person\/79bb06722b37ece1c03d3e94beb30d73"},"headline":"Edilizia. Domenico Limana: &#8220;Sblocca cantieri, Piano casa, Cortina 2021. E&#8217; il momento di ripartire&#8221;. Sabato a Roma la protesta","datePublished":"2019-03-18T16:42:12+00:00","mainEntityOfPage":{"@id":"https:\/\/www.bellunopress.it\/2019\/03\/18\/edilizia-domenico-limana-sblocca-cantieri-piano-casa-cortina-2021-e-il-momento-di-ripartire-sabato-a-roma-la-protesta\/"},"wordCount":292,"publisher":{"@id":"https:\/\/www.bellunopress.it\/#organization"},"image":{"@id":"https:\/\/www.bellunopress.it\/2019\/03\/18\/edilizia-domenico-limana-sblocca-cantieri-piano-casa-cortina-2021-e-il-momento-di-ripartire-sabato-a-roma-la-protesta\/#primaryimage"},"thumbnailUrl":"http:\/\/www.bellunopress.it\/wp-content\/uploads\/2013\/02\/confindustria-belluno-dolomiti.jpg","articleSection":["Lavoro, Economia, Turismo","Prima Pagina"],"inLanguage":"fr-FR"},{"@type":"WebPage","@id":"https:\/\/www.bellunopress.it\/2019\/03\/18\/edilizia-domenico-limana-sblocca-cantieri-piano-casa-cortina-2021-e-il-momento-di-ripartire-sabato-a-roma-la-protesta\/","url":"https:\/\/www.bellunopress.it\/2019\/03\/18\/edilizia-domenico-limana-sblocca-cantieri-piano-casa-cortina-2021-e-il-momento-di-ripartire-sabato-a-roma-la-protesta\/","name":"Edilizia. Domenico Limana: \"Sblocca cantieri, Piano casa, Cortina 2021. E' il momento di ripartire\". Sabato a Roma la protesta - Bellunopress - Dolomiti","isPartOf":{"@id":"https:\/\/www.bellunopress.it\/#website"},"primaryImageOfPage":{"@id":"https:\/\/www.bellunopress.it\/2019\/03\/18\/edilizia-domenico-limana-sblocca-cantieri-piano-casa-cortina-2021-e-il-momento-di-ripartire-sabato-a-roma-la-protesta\/#primaryimage"},"image":{"@id":"https:\/\/www.bellunopress.it\/2019\/03\/18\/edilizia-domenico-limana-sblocca-cantieri-piano-casa-cortina-2021-e-il-momento-di-ripartire-sabato-a-roma-la-protesta\/#primaryimage"},"thumbnailUrl":"http:\/\/www.bellunopress.it\/wp-content\/uploads\/2013\/02\/confindustria-belluno-dolomiti.jpg","datePublished":"2019-03-18T16:42:12+00:00","breadcrumb":{"@id":"https:\/\/www.bellunopress.it\/2019\/03\/18\/edilizia-domenico-limana-sblocca-cantieri-piano-casa-cortina-2021-e-il-momento-di-ripartire-sabato-a-roma-la-protesta\/#breadcrumb"},"inLanguage":"fr-FR","potentialAction":[{"@type":"ReadAction","target":["https:\/\/www.bellunopress.it\/2019\/03\/18\/edilizia-domenico-limana-sblocca-cantieri-piano-casa-cortina-2021-e-il-momento-di-ripartire-sabato-a-roma-la-protesta\/"]}]},{"@type":"ImageObject","inLanguage":"fr-FR","@id":"https:\/\/www.bellunopress.it\/2019\/03\/18\/edilizia-domenico-limana-sblocca-cantieri-piano-casa-cortina-2021-e-il-momento-di-ripartire-sabato-a-roma-la-protesta\/#primaryimage","url":"http:\/\/www.bellunopress.it\/wp-content\/uploads\/2013\/02\/confindustria-belluno-dolomiti.jpg","contentUrl":"http:\/\/www.bellunopress.it\/wp-content\/uploads\/2013\/02\/confindustria-belluno-dolomiti.jpg"},{"@type":"BreadcrumbList","@id":"https:\/\/www.bellunopress.it\/2019\/03\/18\/edilizia-domenico-limana-sblocca-cantieri-piano-casa-cortina-2021-e-il-momento-di-ripartire-sabato-a-roma-la-protesta\/#breadcrumb","itemListElement":[{"@type":"ListItem","position":1,"name":"Home","item":"https:\/\/www.bellunopress.it\/"},{"@type":"ListItem","position":2,"name":"Edilizia. Domenico Limana: &#8220;Sblocca cantieri, Piano casa, Cortina 2021. E&#8217; il momento di ripartire&#8221;. Sabato a Roma la protesta"}]},{"@type":"WebSite","@id":"https:\/\/www.bellunopress.it\/#website","url":"https:\/\/www.bellunopress.it\/","name":"Bellunopress - Dolomiti","description":"e-mail: redazione@bellunopress.it","publisher":{"@id":"https:\/\/www.bellunopress.it\/#organization"},"potentialAction":[{"@type":"SearchAction","target":{"@type":"EntryPoint","urlTemplate":"https:\/\/www.bellunopress.it\/?s={search_term_string}"},"query-input":{"@type":"PropertyValueSpecification","valueRequired":true,"valueName":"search_term_string"}}],"inLanguage":"fr-FR"},{"@type":"Organization","@id":"https:\/\/www.bellunopress.it\/#organization","name":"Bellunopress","url":"https:\/\/www.bellunopress.it\/","logo":{"@type":"ImageObject","inLanguage":"fr-FR","@id":"https:\/\/www.bellunopress.it\/#\/schema\/logo\/image\/","url":"https:\/\/www.bellunopress.it\/wp-content\/uploads\/2011\/05\/cropped-logo-bellunopress-.jpg","contentUrl":"https:\/\/www.bellunopress.it\/wp-content\/uploads\/2011\/05\/cropped-logo-bellunopress-.jpg","width":512,"height":512,"caption":"Bellunopress"},"image":{"@id":"https:\/\/www.bellunopress.it\/#\/schema\/logo\/image\/"},"sameAs":["https:\/\/www.facebook.com\/profile.php?id=100008943462799","https:\/\/x.com\/bellunopress","https:\/\/www.linkedin.com\/hp\/?dnr=JBzUWaJfMUw8vbXJJ2tVW5-I3jZKvC4wsoxE&amp;amp;amp;amp;amp;amp;trk=nav_responsive_tab_home","https:\/\/www.youtube.com\/channel\/UCxL0wu1uN0_3_7hGG0306cw"]},{"@type":"Person","@id":"https:\/\/www.bellunopress.it\/#\/schema\/person\/79bb06722b37ece1c03d3e94beb30d73","name":"r\u00e9daction","image":{"@type":"ImageObject","inLanguage":"fr-FR","@id":"https:\/\/secure.gravatar.com\/avatar\/37d968a2e67a6fd04c169c4bdef102d0bc5d31b2546345219e348575eb80e9a0?s=96&d=mm&r=g","url":"https:\/\/secure.gravatar.com\/avatar\/37d968a2e67a6fd04c169c4bdef102d0bc5d31b2546345219e348575eb80e9a0?s=96&d=mm&r=g","contentUrl":"https:\/\/secure.gravatar.com\/avatar\/37d968a2e67a6fd04c169c4bdef102d0bc5d31b2546345219e348575eb80e9a0?s=96&d=mm&r=g","caption":"redazione"},"sameAs":["http:\/\/www.bellunopress.it","https:\/\/x.com\/bellunopress"],"url":"https:\/\/www.bellunopress.it\/fr\/author\/redazione\/"}]}},"_links":{"self":[{"href":"https:\/\/www.bellunopress.it\/fr\/wp-json\/wp\/v2\/posts\/102989","targetHints":{"allow":["GET"]}}],"collection":[{"href":"https:\/\/www.bellunopress.it\/fr\/wp-json\/wp\/v2\/posts"}],"about":[{"href":"https:\/\/www.bellunopress.it\/fr\/wp-json\/wp\/v2\/types\/post"}],"author":[{"embeddable":true,"href":"https:\/\/www.bellunopress.it\/fr\/wp-json\/wp\/v2\/users\/2"}],"replies":[{"embeddable":true,"href":"https:\/\/www.bellunopress.it\/fr\/wp-json\/wp\/v2\/comments?post=102989"}],"version-history":[{"count":1,"href":"https:\/\/www.bellunopress.it\/fr\/wp-json\/wp\/v2\/posts\/102989\/revisions"}],"predecessor-version":[{"id":102990,"href":"https:\/\/www.bellunopress.it\/fr\/wp-json\/wp\/v2\/posts\/102989\/revisions\/102990"}],"wp:attachment":[{"href":"https:\/\/www.bellunopress.it\/fr\/wp-json\/wp\/v2\/media?parent=102989"}],"wp:term":[{"taxonomy":"category","embeddable":true,"href":"https:\/\/www.bellunopress.it\/fr\/wp-json\/wp\/v2\/categories?post=102989"},{"taxonomy":"post_tag","embeddable":true,"href":"https:\/\/www.bellunopress.it\/fr\/wp-json\/wp\/v2\/tags?post=102989"}],"curies":[{"name":"wp","href":"https:\/\/api.w.org\/{rel}","templated":true}]}}