{"id":102951,"date":"2019-03-17T21:47:40","date_gmt":"2019-03-17T20:47:40","guid":{"rendered":"http:\/\/www.bellunopress.it\/?p=102951"},"modified":"2019-03-17T21:47:40","modified_gmt":"2019-03-17T20:47:40","slug":"cortinametraggio-2019-inizia-il-festival-piu-ad-alta-quota-ditalia-con-larrivo-di-barbara-bouchet","status":"publish","type":"post","link":"https:\/\/www.bellunopress.it\/fr\/2019\/03\/17\/cortinametraggio-2019-inizia-il-festival-piu-ad-alta-quota-ditalia-con-larrivo-di-barbara-bouchet\/","title":{"rendered":"Cortinametraggio 2019, inizia il festival pi\u00f9 ad alta quota d&#8217;Italia, con l&#8217;arrivo di Barbara Bouchet"},"content":{"rendered":"<figure id=\"attachment_93844\" aria-describedby=\"caption-attachment-93844\" style=\"width: 300px\" class=\"wp-caption alignleft\"><a href=\"http:\/\/www.bellunopress.it\/fr\/2018\/03\/24\/cortinametraggio-2018-cani-di-razza-di-riccardo-antonaroli-e-matteo-nicoletta-vince-il-premio-al-miglior-corto-assoluto-il-premio-del-pubblico-va-a-la-madeleine-e-lo-straniero-di-alessandra-ca\/maddalena-mayneri-dsc_0247-foto-di-stefano-giorgini\/\" rel=\"attachment wp-att-93844\"><img loading=\"lazy\" decoding=\"async\" class=\"size-full wp-image-93844\" src=\"http:\/\/www.bellunopress.it\/wp-content\/uploads\/2018\/03\/Maddalena-Mayneri-DSC_0247-foto-di-Stefano-Giorgini.jpg\" alt=\"\" width=\"300\" height=\"201\" \/><\/a><figcaption id=\"caption-attachment-93844\" class=\"wp-caption-text\">Maddalena Mayneri ( foto di Stefano Giorgini)<\/figcaption><\/figure>\n<p>Inizia ufficialmente la XIV edizione di Cortinametraggio il festival pi\u00f9 ad alta quota d&#8217;Italia ideato e diretto da Maddalena Mayneri.<\/p>\n<p>Arriva alla kermesse l&#8217;ospite d&#8217;onore Barbara Bouchet insieme ai presentatori delle serate Roberto Ciufoli, Stefano Amadio, direttore di Cinemaitaliano.info e Elettra Mallaby, vincitrice lo scorso anno a Cortina del Premio Miglior Talento Emergente Regione del Veneto. Con loro il &#8220;mago dei VIP&#8221; Walter Di Francesco che sorprender\u00e0 il pubblico del festival con i suoi trucchi e Isabel Russinova, che presenter\u00e0 il giorno successivo il suo romanzo &#8220;La Regina delle rose&#8221; edito da Armando Curcio.<\/p>\n<p>Attesissimo al Festival anche Daniele Luchetti che terr\u00e0 il 21 e 22 marzo un workshop di recitazione e regia in collaborazione con il CSC. Tra i primi arrivi anche quello di Anna Ferzetti, che fa parte della giuria Colonna Sonora.<\/p>\n<p>La prima giornata vedr\u00e0 l&#8217;avvio del concorso ufficiale con le proiezioni dei corti a partire dalle 19.00 al Cinema Eden. Condominium di Giovanni Battista Origo, vincitore nella scorsa edizione del Premiere Film Award, vede nel cast Riccardo de Filippis, Giorgio Colangeli, Andrea Moretti e Matteo Quinzi ed \u00e8 ambientato in un futuro distopico segnato dal susseguirsi di evoluzioni industriali ed economiche. The Divine Way di Ilaria di Carlo, che del corto \u00e8 anche interprete, \u00e8 liberamente ispirato alla Divina Commedia di Dante, The Divine Way ci accompagna lungo la discesa epica della protagonista attraverso un labirinto infinito di scale. Ci (ri)porta nel mondo del cinema e degli attori Cena per due di Niccol\u00f2 Valentino, Azzurra e Tommaso organizzano un appuntamento al buio a due amici che cercheranno di vendicarsi. Nel cast Marina Rocco, Alessandro Sampaoli, Mercedes Casali, Federico Mariotti. In Piano terra di Natalino Zangaro la protagonista Gloria \u00e8 una giovane carcerata incinta del ghetto di Roma. Una parabola sulla maternit\u00e0 e sulla vita, che vede nel cast Sandra Ceccarelli, Pino Calabrese e Daphne Scoccia.<\/p>\n<p>Seguiranno i primi eventi speciali di Cortinametraggio 2019. Comealberi di Roberto Bristot nasce da un&#8217;idea del laboratorio Inquadrati del CSV di Belluno per raccontare attraverso le immagini e non le parole gli effetti dell&#8217;alluvione di fine ottobre in provincia di Belluno, partendo dalla similitudine &#8220;gli uomini sono come gli alberi&#8221; , ma una volta caduti possono rialzarsi pi\u00f9 forti di prima.<\/p>\n<p>Per la vetrina dei Branded Entertainment, un nuovo tipo di comunicazione in corto, la campagna Elezioni Natale 2018 realizzata per la Motta da Alessandro D&#8217;Ambrosi e Santa De Santis, vincitori nel 2017 a Cortinametraggio con il corto Buffet. Una sfida politica per la conquista del Natale: uniti per la tradizione \u2013 partito scontroso e potente, contro il partito del tartufone \u2013 un movimento sexy e ribelle ai poteri forti in un piano metanarrativo che simula un talk show politico e un amore nato dietro le quinte. Feel the Mountains \u00e8 diretto per Dolomia da Alessandra Cardone, vincitrice di numerosi premi lo scorso anno al Festival con il corto La madeleine e lo straniero. In Feel the Mountains la protagonista vede il mondo che la circonda diverso, dopo essersi applicata sul viso un fluido protettivo Dolomia al punto da credersi addirittura in montagna.<\/p>\n<p>Stazione ad altissima automazione di Enrico Protti \u00e8 una delle infinite declinazioni del rapporto uomo-macchina. A chi non \u00e8 capitato, almeno una volta, di trovarsi a un casello autostradale completamente automatico alle prese solo con una voce registrata? In Italians di Tommaso Gorani al centro il tema dell&#8217;immigrazione. Protagonista \u00e8 un cittadino italiano, appena rientrato in italia dopo aver studiato all&#8217;estero, che si vede negata la cittadinanza. Dovr\u00e0 frequentare un corso di aggiornamento e passare un test finale per essere reintegrato nella societ\u00e0. In Nightcall di Liliana Fiorelli \u00e8 notte. Pietro \u00e8 sospeso su una finestra, Liliana \u00e8 nel suo letto al caldo. si conoscono appena, ma entrambi condividono il dolore di una perdita. lui, in bilico tra dolore e mancanza. lei, apparentemente pi\u00f9 stabile e risolta. da dietro uno schermo, riusciranno a parlarsi a volto scoperto. Alcune cicatrici hanno bisogno di anni per guarire, ma per salvarsi la vita \u00e8 questione di attimi.<\/p>\n<p>Da quest&#8217;anno inoltre Cortinametraggio celebra la suggestiva cornice che da 14 anni ospita il festival grazie al progetto &#8220;Proiezione Futuro&#8221; in collaborazione con Rai Cinema Channel e West 46th Films. Il progetto si svolger\u00e0 in collaborazione con la Cooperativa di Cortina dove il pubblico potr\u00e0 visionare, attraverso l&#8217;uso dei visori in Virtual Reality, i corti di Rai Cinema Channel e della West 46th Films realizzati mediante innovativi sistemi di ripresa in soggettiva a 360\u00b0 godendosi cos\u00ec un&#8217;esperienza unica attraverso le immagini realizzate da Alessandro Parrello.<\/p>\n<p>Chiuder\u00e0 la prima giornata la proiezione sempre al Cinema Eden di In viaggio con Adele opera prima di Alessandro Capitani, che torna a Cortinametraggio dove vinse con il corto Bellissima vincitore anche del David di Donatello. Protagonisti del lungometraggio Alessandro Haber e Sara Serraiocco nei panni di un padre e una figlia che si ritrovano attraverso un viaggio on the road.<\/p>\n<p>Tra i Partners istituzionali della XIV edizione di Cortinametraggio il Sindacato Nazionale Giornalisti Cinematografici Italiani, SNGCI, RAI, Nuovo IMAIE. Il Festival ha il Patrocinio del MiBAC &#8211; Ministero pe i Beni e le Attivit\u00e0 Culturali, della Regione del Veneto, della Provincia di Belluno, del Comune di Cortina d&#8217;Ampezzo, il supporto di Cortina Marketing Se.Am., con loro la Rete Eventi Cultura, l&#8217;Anec, la Fice, il CSC &#8211; Centro Sperimentale di Cinematografia.<\/p>\n<p>Main sponsor del festival Medusa Film, Vision Distribution, Universal Music Publishing Group, Audi, Dolomia, Farecantine, I Santi di Diso. Main Media Partner Radio Montecarlo, Vanity Fair, Ciak. Main sponsor hospitality Grand Hotel Savoia di Cortina D&#8217;Ampezzo, Hotel de La Poste. Gold sponsor Trieste Caff\u00e8, Levi&#8217;s, Riva, Italo, Franz Kraler, Mia Bag, Theresianer, Pariniassociati, Art Handlers, L&#8217;Or\u00e9al.<\/p>\n<p>&nbsp;<\/p>","protected":false},"excerpt":{"rendered":"<p>Inizia ufficialmente la XIV edizione di Cortinametraggio il festival pi\u00f9 ad alta quota d&#8217;Italia ideato e diretto da Maddalena Mayneri. Arriva alla kermesse l&#8217;ospite d&#8217;onore Barbara Bouchet insieme ai presentatori delle serate Roberto Ciufoli, Stefano Amadio, direttore di Cinemaitaliano.info e Elettra Mallaby, vincitrice lo scorso anno a Cortina del Premio Miglior Talento Emergente Regione del [&hellip;]<\/p>\n","protected":false},"author":2,"featured_media":0,"comment_status":"closed","ping_status":"open","sticky":false,"template":"","format":"standard","meta":{"footnotes":""},"categories":[27,3,26],"tags":[],"class_list":["post-102951","post","type-post","status-publish","format-standard","category-appuntamenti","category-arte-cultura-spettacoli-scienza-archivi","category-prima-pagina"],"yoast_head":"<!-- This site is optimized with the Yoast SEO plugin v28.4 - https:\/\/yoast.com\/product\/yoast-seo-wordpress\/ -->\n<title>Cortinametraggio 2019, inizia il festival pi\u00f9 ad alta quota d&#039;Italia, con l&#039;arrivo di Barbara Bouchet - Bellunopress - Dolomiti<\/title>\n<meta name=\"robots\" content=\"index, follow, max-snippet:-1, max-image-preview:large, max-video-preview:-1\" \/>\n<link rel=\"canonical\" href=\"https:\/\/www.bellunopress.it\/fr\/2019\/03\/17\/cortinametraggio-2019-inizia-il-festival-piu-ad-alta-quota-ditalia-con-larrivo-di-barbara-bouchet\/\" \/>\n<meta property=\"og:locale\" content=\"fr_FR\" \/>\n<meta property=\"og:type\" content=\"article\" \/>\n<meta property=\"og:title\" content=\"Cortinametraggio 2019, inizia il festival pi\u00f9 ad alta quota d&#039;Italia, con l&#039;arrivo di Barbara Bouchet - Bellunopress - Dolomiti\" \/>\n<meta property=\"og:description\" content=\"Inizia ufficialmente la XIV edizione di Cortinametraggio il festival pi\u00f9 ad alta quota d&#8217;Italia ideato e diretto da Maddalena Mayneri. Arriva alla kermesse l&#8217;ospite d&#8217;onore Barbara Bouchet insieme ai presentatori delle serate Roberto Ciufoli, Stefano Amadio, direttore di Cinemaitaliano.info e Elettra Mallaby, vincitrice lo scorso anno a Cortina del Premio Miglior Talento Emergente Regione del [&hellip;]\" \/>\n<meta property=\"og:url\" content=\"https:\/\/www.bellunopress.it\/fr\/2019\/03\/17\/cortinametraggio-2019-inizia-il-festival-piu-ad-alta-quota-ditalia-con-larrivo-di-barbara-bouchet\/\" \/>\n<meta property=\"og:site_name\" content=\"Bellunopress - Dolomiti\" \/>\n<meta property=\"article:publisher\" content=\"https:\/\/www.facebook.com\/profile.php?id=100008943462799\" \/>\n<meta property=\"article:published_time\" content=\"2019-03-17T20:47:40+00:00\" \/>\n<meta property=\"og:image\" content=\"http:\/\/www.bellunopress.it\/wp-content\/uploads\/2018\/03\/Maddalena-Mayneri-DSC_0247-foto-di-Stefano-Giorgini.jpg\" \/>\n<meta name=\"author\" content=\"redazione\" \/>\n<meta name=\"twitter:card\" content=\"summary_large_image\" \/>\n<meta name=\"twitter:creator\" content=\"@bellunopress\" \/>\n<meta name=\"twitter:site\" content=\"@bellunopress\" \/>\n<meta name=\"twitter:label1\" content=\"\u00c9crit par\" \/>\n\t<meta name=\"twitter:data1\" content=\"redazione\" \/>\n\t<meta name=\"twitter:label2\" content=\"Dur\u00e9e de lecture estim\u00e9e\" \/>\n\t<meta name=\"twitter:data2\" content=\"5 minutes\" \/>\n<script type=\"application\/ld+json\" class=\"yoast-schema-graph\">{\"@context\":\"https:\\\/\\\/schema.org\",\"@graph\":[{\"@type\":\"Article\",\"@id\":\"https:\\\/\\\/www.bellunopress.it\\\/2019\\\/03\\\/17\\\/cortinametraggio-2019-inizia-il-festival-piu-ad-alta-quota-ditalia-con-larrivo-di-barbara-bouchet\\\/#article\",\"isPartOf\":{\"@id\":\"https:\\\/\\\/www.bellunopress.it\\\/2019\\\/03\\\/17\\\/cortinametraggio-2019-inizia-il-festival-piu-ad-alta-quota-ditalia-con-larrivo-di-barbara-bouchet\\\/\"},\"author\":{\"name\":\"redazione\",\"@id\":\"https:\\\/\\\/www.bellunopress.it\\\/#\\\/schema\\\/person\\\/79bb06722b37ece1c03d3e94beb30d73\"},\"headline\":\"Cortinametraggio 2019, inizia il festival pi\u00f9 ad alta quota d&#8217;Italia, con l&#8217;arrivo di Barbara Bouchet\",\"datePublished\":\"2019-03-17T20:47:40+00:00\",\"mainEntityOfPage\":{\"@id\":\"https:\\\/\\\/www.bellunopress.it\\\/2019\\\/03\\\/17\\\/cortinametraggio-2019-inizia-il-festival-piu-ad-alta-quota-ditalia-con-larrivo-di-barbara-bouchet\\\/\"},\"wordCount\":966,\"publisher\":{\"@id\":\"https:\\\/\\\/www.bellunopress.it\\\/#organization\"},\"image\":{\"@id\":\"https:\\\/\\\/www.bellunopress.it\\\/2019\\\/03\\\/17\\\/cortinametraggio-2019-inizia-il-festival-piu-ad-alta-quota-ditalia-con-larrivo-di-barbara-bouchet\\\/#primaryimage\"},\"thumbnailUrl\":\"http:\\\/\\\/www.bellunopress.it\\\/wp-content\\\/uploads\\\/2018\\\/03\\\/Maddalena-Mayneri-DSC_0247-foto-di-Stefano-Giorgini.jpg\",\"articleSection\":[\"Appuntamenti, Eventi\",\"Arte, Cultura, Spettacoli, Scienza\",\"Prima Pagina\"],\"inLanguage\":\"fr-FR\"},{\"@type\":\"WebPage\",\"@id\":\"https:\\\/\\\/www.bellunopress.it\\\/2019\\\/03\\\/17\\\/cortinametraggio-2019-inizia-il-festival-piu-ad-alta-quota-ditalia-con-larrivo-di-barbara-bouchet\\\/\",\"url\":\"https:\\\/\\\/www.bellunopress.it\\\/2019\\\/03\\\/17\\\/cortinametraggio-2019-inizia-il-festival-piu-ad-alta-quota-ditalia-con-larrivo-di-barbara-bouchet\\\/\",\"name\":\"Cortinametraggio 2019, inizia il festival pi\u00f9 ad alta quota d'Italia, con l'arrivo di Barbara Bouchet - Bellunopress - Dolomiti\",\"isPartOf\":{\"@id\":\"https:\\\/\\\/www.bellunopress.it\\\/#website\"},\"primaryImageOfPage\":{\"@id\":\"https:\\\/\\\/www.bellunopress.it\\\/2019\\\/03\\\/17\\\/cortinametraggio-2019-inizia-il-festival-piu-ad-alta-quota-ditalia-con-larrivo-di-barbara-bouchet\\\/#primaryimage\"},\"image\":{\"@id\":\"https:\\\/\\\/www.bellunopress.it\\\/2019\\\/03\\\/17\\\/cortinametraggio-2019-inizia-il-festival-piu-ad-alta-quota-ditalia-con-larrivo-di-barbara-bouchet\\\/#primaryimage\"},\"thumbnailUrl\":\"http:\\\/\\\/www.bellunopress.it\\\/wp-content\\\/uploads\\\/2018\\\/03\\\/Maddalena-Mayneri-DSC_0247-foto-di-Stefano-Giorgini.jpg\",\"datePublished\":\"2019-03-17T20:47:40+00:00\",\"breadcrumb\":{\"@id\":\"https:\\\/\\\/www.bellunopress.it\\\/2019\\\/03\\\/17\\\/cortinametraggio-2019-inizia-il-festival-piu-ad-alta-quota-ditalia-con-larrivo-di-barbara-bouchet\\\/#breadcrumb\"},\"inLanguage\":\"fr-FR\",\"potentialAction\":[{\"@type\":\"ReadAction\",\"target\":[\"https:\\\/\\\/www.bellunopress.it\\\/2019\\\/03\\\/17\\\/cortinametraggio-2019-inizia-il-festival-piu-ad-alta-quota-ditalia-con-larrivo-di-barbara-bouchet\\\/\"]}]},{\"@type\":\"ImageObject\",\"inLanguage\":\"fr-FR\",\"@id\":\"https:\\\/\\\/www.bellunopress.it\\\/2019\\\/03\\\/17\\\/cortinametraggio-2019-inizia-il-festival-piu-ad-alta-quota-ditalia-con-larrivo-di-barbara-bouchet\\\/#primaryimage\",\"url\":\"http:\\\/\\\/www.bellunopress.it\\\/wp-content\\\/uploads\\\/2018\\\/03\\\/Maddalena-Mayneri-DSC_0247-foto-di-Stefano-Giorgini.jpg\",\"contentUrl\":\"http:\\\/\\\/www.bellunopress.it\\\/wp-content\\\/uploads\\\/2018\\\/03\\\/Maddalena-Mayneri-DSC_0247-foto-di-Stefano-Giorgini.jpg\"},{\"@type\":\"BreadcrumbList\",\"@id\":\"https:\\\/\\\/www.bellunopress.it\\\/2019\\\/03\\\/17\\\/cortinametraggio-2019-inizia-il-festival-piu-ad-alta-quota-ditalia-con-larrivo-di-barbara-bouchet\\\/#breadcrumb\",\"itemListElement\":[{\"@type\":\"ListItem\",\"position\":1,\"name\":\"Home\",\"item\":\"https:\\\/\\\/www.bellunopress.it\\\/\"},{\"@type\":\"ListItem\",\"position\":2,\"name\":\"Cortinametraggio 2019, inizia il festival pi\u00f9 ad alta quota d&#8217;Italia, con l&#8217;arrivo di Barbara Bouchet\"}]},{\"@type\":\"WebSite\",\"@id\":\"https:\\\/\\\/www.bellunopress.it\\\/#website\",\"url\":\"https:\\\/\\\/www.bellunopress.it\\\/\",\"name\":\"Bellunopress - Dolomiti\",\"description\":\"e-mail: redazione@bellunopress.it\",\"publisher\":{\"@id\":\"https:\\\/\\\/www.bellunopress.it\\\/#organization\"},\"potentialAction\":[{\"@type\":\"SearchAction\",\"target\":{\"@type\":\"EntryPoint\",\"urlTemplate\":\"https:\\\/\\\/www.bellunopress.it\\\/?s={search_term_string}\"},\"query-input\":{\"@type\":\"PropertyValueSpecification\",\"valueRequired\":true,\"valueName\":\"search_term_string\"}}],\"inLanguage\":\"fr-FR\"},{\"@type\":\"Organization\",\"@id\":\"https:\\\/\\\/www.bellunopress.it\\\/#organization\",\"name\":\"Bellunopress\",\"url\":\"https:\\\/\\\/www.bellunopress.it\\\/\",\"logo\":{\"@type\":\"ImageObject\",\"inLanguage\":\"fr-FR\",\"@id\":\"https:\\\/\\\/www.bellunopress.it\\\/#\\\/schema\\\/logo\\\/image\\\/\",\"url\":\"https:\\\/\\\/www.bellunopress.it\\\/wp-content\\\/uploads\\\/2011\\\/05\\\/cropped-logo-bellunopress-.jpg\",\"contentUrl\":\"https:\\\/\\\/www.bellunopress.it\\\/wp-content\\\/uploads\\\/2011\\\/05\\\/cropped-logo-bellunopress-.jpg\",\"width\":512,\"height\":512,\"caption\":\"Bellunopress\"},\"image\":{\"@id\":\"https:\\\/\\\/www.bellunopress.it\\\/#\\\/schema\\\/logo\\\/image\\\/\"},\"sameAs\":[\"https:\\\/\\\/www.facebook.com\\\/profile.php?id=100008943462799\",\"https:\\\/\\\/x.com\\\/bellunopress\",\"https:\\\/\\\/www.linkedin.com\\\/hp\\\/?dnr=JBzUWaJfMUw8vbXJJ2tVW5-I3jZKvC4wsoxE&amp;amp;amp;amp;amp;amp;trk=nav_responsive_tab_home\",\"https:\\\/\\\/www.youtube.com\\\/channel\\\/UCxL0wu1uN0_3_7hGG0306cw\"]},{\"@type\":\"Person\",\"@id\":\"https:\\\/\\\/www.bellunopress.it\\\/#\\\/schema\\\/person\\\/79bb06722b37ece1c03d3e94beb30d73\",\"name\":\"redazione\",\"image\":{\"@type\":\"ImageObject\",\"inLanguage\":\"fr-FR\",\"@id\":\"https:\\\/\\\/secure.gravatar.com\\\/avatar\\\/37d968a2e67a6fd04c169c4bdef102d0bc5d31b2546345219e348575eb80e9a0?s=96&d=mm&r=g\",\"url\":\"https:\\\/\\\/secure.gravatar.com\\\/avatar\\\/37d968a2e67a6fd04c169c4bdef102d0bc5d31b2546345219e348575eb80e9a0?s=96&d=mm&r=g\",\"contentUrl\":\"https:\\\/\\\/secure.gravatar.com\\\/avatar\\\/37d968a2e67a6fd04c169c4bdef102d0bc5d31b2546345219e348575eb80e9a0?s=96&d=mm&r=g\",\"caption\":\"redazione\"},\"sameAs\":[\"http:\\\/\\\/www.bellunopress.it\",\"https:\\\/\\\/x.com\\\/bellunopress\"],\"url\":\"https:\\\/\\\/www.bellunopress.it\\\/fr\\\/author\\\/redazione\\\/\"}]}<\/script>\n<!-- \/ Yoast SEO plugin. -->","yoast_head_json":{"title":"Cortinametraggio 2019, inizia il festival pi\u00f9 ad alta quota d'Italia, con l'arrivo di Barbara Bouchet - Bellunopress - Dolomiti","robots":{"index":"index","follow":"follow","max-snippet":"max-snippet:-1","max-image-preview":"max-image-preview:large","max-video-preview":"max-video-preview:-1"},"canonical":"https:\/\/www.bellunopress.it\/fr\/2019\/03\/17\/cortinametraggio-2019-inizia-il-festival-piu-ad-alta-quota-ditalia-con-larrivo-di-barbara-bouchet\/","og_locale":"fr_FR","og_type":"article","og_title":"Cortinametraggio 2019, inizia il festival pi\u00f9 ad alta quota d'Italia, con l'arrivo di Barbara Bouchet - Bellunopress - Dolomiti","og_description":"Inizia ufficialmente la XIV edizione di Cortinametraggio il festival pi\u00f9 ad alta quota d&#8217;Italia ideato e diretto da Maddalena Mayneri. Arriva alla kermesse l&#8217;ospite d&#8217;onore Barbara Bouchet insieme ai presentatori delle serate Roberto Ciufoli, Stefano Amadio, direttore di Cinemaitaliano.info e Elettra Mallaby, vincitrice lo scorso anno a Cortina del Premio Miglior Talento Emergente Regione del [&hellip;]","og_url":"https:\/\/www.bellunopress.it\/fr\/2019\/03\/17\/cortinametraggio-2019-inizia-il-festival-piu-ad-alta-quota-ditalia-con-larrivo-di-barbara-bouchet\/","og_site_name":"Bellunopress - Dolomiti","article_publisher":"https:\/\/www.facebook.com\/profile.php?id=100008943462799","article_published_time":"2019-03-17T20:47:40+00:00","og_image":[{"url":"http:\/\/www.bellunopress.it\/wp-content\/uploads\/2018\/03\/Maddalena-Mayneri-DSC_0247-foto-di-Stefano-Giorgini.jpg","type":"","width":"","height":""}],"author":"redazione","twitter_card":"summary_large_image","twitter_creator":"@bellunopress","twitter_site":"@bellunopress","twitter_misc":{"\u00c9crit par":"redazione","Dur\u00e9e de lecture estim\u00e9e":"5 minutes"},"schema":{"@context":"https:\/\/schema.org","@graph":[{"@type":"Article","@id":"https:\/\/www.bellunopress.it\/2019\/03\/17\/cortinametraggio-2019-inizia-il-festival-piu-ad-alta-quota-ditalia-con-larrivo-di-barbara-bouchet\/#article","isPartOf":{"@id":"https:\/\/www.bellunopress.it\/2019\/03\/17\/cortinametraggio-2019-inizia-il-festival-piu-ad-alta-quota-ditalia-con-larrivo-di-barbara-bouchet\/"},"author":{"name":"redazione","@id":"https:\/\/www.bellunopress.it\/#\/schema\/person\/79bb06722b37ece1c03d3e94beb30d73"},"headline":"Cortinametraggio 2019, inizia il festival pi\u00f9 ad alta quota d&#8217;Italia, con l&#8217;arrivo di Barbara Bouchet","datePublished":"2019-03-17T20:47:40+00:00","mainEntityOfPage":{"@id":"https:\/\/www.bellunopress.it\/2019\/03\/17\/cortinametraggio-2019-inizia-il-festival-piu-ad-alta-quota-ditalia-con-larrivo-di-barbara-bouchet\/"},"wordCount":966,"publisher":{"@id":"https:\/\/www.bellunopress.it\/#organization"},"image":{"@id":"https:\/\/www.bellunopress.it\/2019\/03\/17\/cortinametraggio-2019-inizia-il-festival-piu-ad-alta-quota-ditalia-con-larrivo-di-barbara-bouchet\/#primaryimage"},"thumbnailUrl":"http:\/\/www.bellunopress.it\/wp-content\/uploads\/2018\/03\/Maddalena-Mayneri-DSC_0247-foto-di-Stefano-Giorgini.jpg","articleSection":["Appuntamenti, Eventi","Arte, Cultura, Spettacoli, Scienza","Prima Pagina"],"inLanguage":"fr-FR"},{"@type":"WebPage","@id":"https:\/\/www.bellunopress.it\/2019\/03\/17\/cortinametraggio-2019-inizia-il-festival-piu-ad-alta-quota-ditalia-con-larrivo-di-barbara-bouchet\/","url":"https:\/\/www.bellunopress.it\/2019\/03\/17\/cortinametraggio-2019-inizia-il-festival-piu-ad-alta-quota-ditalia-con-larrivo-di-barbara-bouchet\/","name":"Cortinametraggio 2019, inizia il festival pi\u00f9 ad alta quota d'Italia, con l'arrivo di Barbara Bouchet - Bellunopress - Dolomiti","isPartOf":{"@id":"https:\/\/www.bellunopress.it\/#website"},"primaryImageOfPage":{"@id":"https:\/\/www.bellunopress.it\/2019\/03\/17\/cortinametraggio-2019-inizia-il-festival-piu-ad-alta-quota-ditalia-con-larrivo-di-barbara-bouchet\/#primaryimage"},"image":{"@id":"https:\/\/www.bellunopress.it\/2019\/03\/17\/cortinametraggio-2019-inizia-il-festival-piu-ad-alta-quota-ditalia-con-larrivo-di-barbara-bouchet\/#primaryimage"},"thumbnailUrl":"http:\/\/www.bellunopress.it\/wp-content\/uploads\/2018\/03\/Maddalena-Mayneri-DSC_0247-foto-di-Stefano-Giorgini.jpg","datePublished":"2019-03-17T20:47:40+00:00","breadcrumb":{"@id":"https:\/\/www.bellunopress.it\/2019\/03\/17\/cortinametraggio-2019-inizia-il-festival-piu-ad-alta-quota-ditalia-con-larrivo-di-barbara-bouchet\/#breadcrumb"},"inLanguage":"fr-FR","potentialAction":[{"@type":"ReadAction","target":["https:\/\/www.bellunopress.it\/2019\/03\/17\/cortinametraggio-2019-inizia-il-festival-piu-ad-alta-quota-ditalia-con-larrivo-di-barbara-bouchet\/"]}]},{"@type":"ImageObject","inLanguage":"fr-FR","@id":"https:\/\/www.bellunopress.it\/2019\/03\/17\/cortinametraggio-2019-inizia-il-festival-piu-ad-alta-quota-ditalia-con-larrivo-di-barbara-bouchet\/#primaryimage","url":"http:\/\/www.bellunopress.it\/wp-content\/uploads\/2018\/03\/Maddalena-Mayneri-DSC_0247-foto-di-Stefano-Giorgini.jpg","contentUrl":"http:\/\/www.bellunopress.it\/wp-content\/uploads\/2018\/03\/Maddalena-Mayneri-DSC_0247-foto-di-Stefano-Giorgini.jpg"},{"@type":"BreadcrumbList","@id":"https:\/\/www.bellunopress.it\/2019\/03\/17\/cortinametraggio-2019-inizia-il-festival-piu-ad-alta-quota-ditalia-con-larrivo-di-barbara-bouchet\/#breadcrumb","itemListElement":[{"@type":"ListItem","position":1,"name":"Home","item":"https:\/\/www.bellunopress.it\/"},{"@type":"ListItem","position":2,"name":"Cortinametraggio 2019, inizia il festival pi\u00f9 ad alta quota d&#8217;Italia, con l&#8217;arrivo di Barbara Bouchet"}]},{"@type":"WebSite","@id":"https:\/\/www.bellunopress.it\/#website","url":"https:\/\/www.bellunopress.it\/","name":"Bellunopress - Dolomiti","description":"e-mail: redazione@bellunopress.it","publisher":{"@id":"https:\/\/www.bellunopress.it\/#organization"},"potentialAction":[{"@type":"SearchAction","target":{"@type":"EntryPoint","urlTemplate":"https:\/\/www.bellunopress.it\/?s={search_term_string}"},"query-input":{"@type":"PropertyValueSpecification","valueRequired":true,"valueName":"search_term_string"}}],"inLanguage":"fr-FR"},{"@type":"Organization","@id":"https:\/\/www.bellunopress.it\/#organization","name":"Bellunopress","url":"https:\/\/www.bellunopress.it\/","logo":{"@type":"ImageObject","inLanguage":"fr-FR","@id":"https:\/\/www.bellunopress.it\/#\/schema\/logo\/image\/","url":"https:\/\/www.bellunopress.it\/wp-content\/uploads\/2011\/05\/cropped-logo-bellunopress-.jpg","contentUrl":"https:\/\/www.bellunopress.it\/wp-content\/uploads\/2011\/05\/cropped-logo-bellunopress-.jpg","width":512,"height":512,"caption":"Bellunopress"},"image":{"@id":"https:\/\/www.bellunopress.it\/#\/schema\/logo\/image\/"},"sameAs":["https:\/\/www.facebook.com\/profile.php?id=100008943462799","https:\/\/x.com\/bellunopress","https:\/\/www.linkedin.com\/hp\/?dnr=JBzUWaJfMUw8vbXJJ2tVW5-I3jZKvC4wsoxE&amp;amp;amp;amp;amp;amp;trk=nav_responsive_tab_home","https:\/\/www.youtube.com\/channel\/UCxL0wu1uN0_3_7hGG0306cw"]},{"@type":"Person","@id":"https:\/\/www.bellunopress.it\/#\/schema\/person\/79bb06722b37ece1c03d3e94beb30d73","name":"r\u00e9daction","image":{"@type":"ImageObject","inLanguage":"fr-FR","@id":"https:\/\/secure.gravatar.com\/avatar\/37d968a2e67a6fd04c169c4bdef102d0bc5d31b2546345219e348575eb80e9a0?s=96&d=mm&r=g","url":"https:\/\/secure.gravatar.com\/avatar\/37d968a2e67a6fd04c169c4bdef102d0bc5d31b2546345219e348575eb80e9a0?s=96&d=mm&r=g","contentUrl":"https:\/\/secure.gravatar.com\/avatar\/37d968a2e67a6fd04c169c4bdef102d0bc5d31b2546345219e348575eb80e9a0?s=96&d=mm&r=g","caption":"redazione"},"sameAs":["http:\/\/www.bellunopress.it","https:\/\/x.com\/bellunopress"],"url":"https:\/\/www.bellunopress.it\/fr\/author\/redazione\/"}]}},"_links":{"self":[{"href":"https:\/\/www.bellunopress.it\/fr\/wp-json\/wp\/v2\/posts\/102951","targetHints":{"allow":["GET"]}}],"collection":[{"href":"https:\/\/www.bellunopress.it\/fr\/wp-json\/wp\/v2\/posts"}],"about":[{"href":"https:\/\/www.bellunopress.it\/fr\/wp-json\/wp\/v2\/types\/post"}],"author":[{"embeddable":true,"href":"https:\/\/www.bellunopress.it\/fr\/wp-json\/wp\/v2\/users\/2"}],"replies":[{"embeddable":true,"href":"https:\/\/www.bellunopress.it\/fr\/wp-json\/wp\/v2\/comments?post=102951"}],"version-history":[{"count":1,"href":"https:\/\/www.bellunopress.it\/fr\/wp-json\/wp\/v2\/posts\/102951\/revisions"}],"predecessor-version":[{"id":102952,"href":"https:\/\/www.bellunopress.it\/fr\/wp-json\/wp\/v2\/posts\/102951\/revisions\/102952"}],"wp:attachment":[{"href":"https:\/\/www.bellunopress.it\/fr\/wp-json\/wp\/v2\/media?parent=102951"}],"wp:term":[{"taxonomy":"category","embeddable":true,"href":"https:\/\/www.bellunopress.it\/fr\/wp-json\/wp\/v2\/categories?post=102951"},{"taxonomy":"post_tag","embeddable":true,"href":"https:\/\/www.bellunopress.it\/fr\/wp-json\/wp\/v2\/tags?post=102951"}],"curies":[{"name":"wp","href":"https:\/\/api.w.org\/{rel}","templated":true}]}}