{"id":102939,"date":"2019-03-17T14:21:22","date_gmt":"2019-03-17T13:21:22","guid":{"rendered":"http:\/\/www.bellunopress.it\/?p=102939"},"modified":"2019-03-17T14:21:23","modified_gmt":"2019-03-17T13:21:23","slug":"cortina-si-prepara-ai-campionati-italiani-assoluti-di-sci-alpino","status":"publish","type":"post","link":"https:\/\/www.bellunopress.it\/fr\/2019\/03\/17\/cortina-si-prepara-ai-campionati-italiani-assoluti-di-sci-alpino\/","title":{"rendered":"Cortina si prepara ai Campionati Italiani Assoluti di Sci Alpino"},"content":{"rendered":"<p><a href=\"http:\/\/www.bellunopress.it\/fr\/2019\/03\/17\/cortina-si-prepara-ai-campionati-italiani-assoluti-di-sci-alpino\/cortina-vertigine-druscie-a\/\" rel=\"attachment wp-att-102940\"><img loading=\"lazy\" decoding=\"async\" class=\"alignleft size-full wp-image-102940\" src=\"http:\/\/www.bellunopress.it\/wp-content\/uploads\/2019\/03\/Cortina-Vertigine-Drusci\u00e9-A.jpeg\" alt=\"\" width=\"300\" height=\"257\" \/><\/a>Sono ormai alle porte i Campionati Italiani Assoluti di Sci Alpino, in programma a Cortina d&#8217;Ampezzo dal 19 al 24 marzo: un appuntamento assegnato da FISI \u2013 Federazione Italiana Sport Invernali a Fondazione Cortina 2021 quale ulteriore banco di prova per testare le piste, i team e l&#8217;intera macchina organizzativa in previsione delle Finali di Coppa del Mondo 2020 e poi dei Mondiali del 2021.<\/p>\n<p>Dopo gli ottimi risultati organizzativi e di pubblico fatti registrare dalla tappa ampezzana della Coppa del Mondo del gennaio scorso infatti, gli Assoluti rappresentano un test tecnico che vedr\u00e0 l&#8217;inaugurazione, da parte degli Azzurri, delle piste gi\u00e0 predisposte per l&#8217;evento mondiale: la nuova Vertigine, destinata a ospitare le competizioni maschili, e la rinnovata Drusci\u00e9 A, dove si disputeranno le gare di slalom.<\/p>\n<p>Sulle Tofane sono gi\u00e0 al lavoro uomini e mezzi messi a disposizione dal Consorzio Impianti a Fune ed in particolare da Ista SPA e Tofana \u2013 Freccia nel Cielo Srl che per l&#8217;occasione chiuderanno le piste rendendo cos\u00ec possibile un evento che si configura dal punto di vista organizzativo, come una piccola Coppa del Mondo.<\/p>\n<p>Un test tecnico, ma anche un test organizzativo, per far conoscere a stakeholder e aziende le potenzialit\u00e0 di un territorio unico come quello di Cortina d&#8217;Ampezzo. Per questo motivo, in occasione delle giornate dei Campionati Italiani Assoluti, Fondazione ha cos\u00ec deciso di ideare una serie di attivit\u00e0 di promozione finalizzate a vivere una nuova tappa del percorso iridato coinvolgendo i principali soggetti economici e sociali del territorio insieme a Partner e media.<\/p>\n<p>Da martedi 19 a venerdi 22 Marzo all&#8217;interno dell&#8217;Hotel Cortina proprio di fronte al campanile, sar\u00e0 allestita la Cortina 2021 Lounge, un&#8217;area hospitality aperta su invito ogni giorno &#8211; dalle ore 14,30 alle ore 19,00 \u2013 che sar\u00e0 dedicata ai numerosi progetti di Fondazione ed ospiter\u00e0, oltre agli atleti, i rappresentanti di aziende e istituzioni.<\/p>\n<p>Venerdi 22 Marzo si svolger\u00e0 poi un esclusivo educational tour dedicato ai media lungo le nuove piste. Accompagnati da Alessandro Benetton, Presidente di Fondazione Cortina 2021 e Alberto Ghezze, responsabile dell&#8217;area sportiva, i giornalisti testeranno per la prima volta anche loro la nuova Vertigine e la Drusci\u00e9 A, raccogliendo tutte le informazioni relative anche agli investimenti in infrastrutture sportive di qualit\u00e0 di cui la Conca si sta dotando in vista del 2021. Questa possibilit\u00e0 sar\u00e0 riservata anche ai Partner di Fondazione Cortina 2021, con l&#8217;obiettivo di far vivere un&#8217;esperienza unica illustrando in maniera dettagliata le attivit\u00e0 e le possibilit\u00e0 che la Regina delle Dolomiti offre da un punto di vista turistico e sportivo.<\/p>","protected":false},"excerpt":{"rendered":"<p>Sono ormai alle porte i Campionati Italiani Assoluti di Sci Alpino, in programma a Cortina d&#8217;Ampezzo dal 19 al 24 marzo: un appuntamento assegnato da FISI \u2013 Federazione Italiana Sport Invernali a Fondazione Cortina 2021 quale ulteriore banco di prova per testare le piste, i team e l&#8217;intera macchina organizzativa in previsione delle Finali di [&hellip;]<\/p>\n","protected":false},"author":2,"featured_media":0,"comment_status":"closed","ping_status":"open","sticky":false,"template":"","format":"standard","meta":{"footnotes":""},"categories":[27,26,4],"tags":[],"class_list":["post-102939","post","type-post","status-publish","format-standard","category-appuntamenti","category-prima-pagina","category-sport"],"yoast_head":"<!-- This site is optimized with the Yoast SEO plugin v28.4 - https:\/\/yoast.com\/product\/yoast-seo-wordpress\/ -->\n<title>Cortina si prepara ai Campionati Italiani Assoluti di Sci Alpino - Bellunopress - Dolomiti<\/title>\n<meta name=\"robots\" content=\"index, follow, max-snippet:-1, max-image-preview:large, max-video-preview:-1\" \/>\n<link rel=\"canonical\" href=\"https:\/\/www.bellunopress.it\/fr\/2019\/03\/17\/cortina-si-prepara-ai-campionati-italiani-assoluti-di-sci-alpino\/\" \/>\n<meta property=\"og:locale\" content=\"fr_FR\" \/>\n<meta property=\"og:type\" content=\"article\" \/>\n<meta property=\"og:title\" content=\"Cortina si prepara ai Campionati Italiani Assoluti di Sci Alpino - Bellunopress - Dolomiti\" \/>\n<meta property=\"og:description\" content=\"Sono ormai alle porte i Campionati Italiani Assoluti di Sci Alpino, in programma a Cortina d&#8217;Ampezzo dal 19 al 24 marzo: un appuntamento assegnato da FISI \u2013 Federazione Italiana Sport Invernali a Fondazione Cortina 2021 quale ulteriore banco di prova per testare le piste, i team e l&#8217;intera macchina organizzativa in previsione delle Finali di [&hellip;]\" \/>\n<meta property=\"og:url\" content=\"https:\/\/www.bellunopress.it\/fr\/2019\/03\/17\/cortina-si-prepara-ai-campionati-italiani-assoluti-di-sci-alpino\/\" \/>\n<meta property=\"og:site_name\" content=\"Bellunopress - Dolomiti\" \/>\n<meta property=\"article:publisher\" content=\"https:\/\/www.facebook.com\/profile.php?id=100008943462799\" \/>\n<meta property=\"article:published_time\" content=\"2019-03-17T13:21:22+00:00\" \/>\n<meta property=\"article:modified_time\" content=\"2019-03-17T13:21:23+00:00\" \/>\n<meta property=\"og:image\" content=\"http:\/\/www.bellunopress.it\/wp-content\/uploads\/2019\/03\/Cortina-Vertigine-Drusci\u00e9-A.jpeg\" \/>\n<meta name=\"author\" content=\"redazione\" \/>\n<meta name=\"twitter:card\" content=\"summary_large_image\" \/>\n<meta name=\"twitter:creator\" content=\"@bellunopress\" \/>\n<meta name=\"twitter:site\" content=\"@bellunopress\" \/>\n<meta name=\"twitter:label1\" content=\"\u00c9crit par\" \/>\n\t<meta name=\"twitter:data1\" content=\"redazione\" \/>\n\t<meta name=\"twitter:label2\" content=\"Dur\u00e9e de lecture estim\u00e9e\" \/>\n\t<meta name=\"twitter:data2\" content=\"2 minutes\" \/>\n<script type=\"application\/ld+json\" class=\"yoast-schema-graph\">{\"@context\":\"https:\\\/\\\/schema.org\",\"@graph\":[{\"@type\":\"Article\",\"@id\":\"https:\\\/\\\/www.bellunopress.it\\\/2019\\\/03\\\/17\\\/cortina-si-prepara-ai-campionati-italiani-assoluti-di-sci-alpino\\\/#article\",\"isPartOf\":{\"@id\":\"https:\\\/\\\/www.bellunopress.it\\\/2019\\\/03\\\/17\\\/cortina-si-prepara-ai-campionati-italiani-assoluti-di-sci-alpino\\\/\"},\"author\":{\"name\":\"redazione\",\"@id\":\"https:\\\/\\\/www.bellunopress.it\\\/#\\\/schema\\\/person\\\/79bb06722b37ece1c03d3e94beb30d73\"},\"headline\":\"Cortina si prepara ai Campionati Italiani Assoluti di Sci Alpino\",\"datePublished\":\"2019-03-17T13:21:22+00:00\",\"dateModified\":\"2019-03-17T13:21:23+00:00\",\"mainEntityOfPage\":{\"@id\":\"https:\\\/\\\/www.bellunopress.it\\\/2019\\\/03\\\/17\\\/cortina-si-prepara-ai-campionati-italiani-assoluti-di-sci-alpino\\\/\"},\"wordCount\":427,\"publisher\":{\"@id\":\"https:\\\/\\\/www.bellunopress.it\\\/#organization\"},\"articleSection\":[\"Appuntamenti, Eventi\",\"Prima Pagina\",\"Sport, tempo libero\"],\"inLanguage\":\"fr-FR\"},{\"@type\":\"WebPage\",\"@id\":\"https:\\\/\\\/www.bellunopress.it\\\/2019\\\/03\\\/17\\\/cortina-si-prepara-ai-campionati-italiani-assoluti-di-sci-alpino\\\/\",\"url\":\"https:\\\/\\\/www.bellunopress.it\\\/2019\\\/03\\\/17\\\/cortina-si-prepara-ai-campionati-italiani-assoluti-di-sci-alpino\\\/\",\"name\":\"Cortina si prepara ai Campionati Italiani Assoluti di Sci Alpino - Bellunopress - Dolomiti\",\"isPartOf\":{\"@id\":\"https:\\\/\\\/www.bellunopress.it\\\/#website\"},\"datePublished\":\"2019-03-17T13:21:22+00:00\",\"dateModified\":\"2019-03-17T13:21:23+00:00\",\"breadcrumb\":{\"@id\":\"https:\\\/\\\/www.bellunopress.it\\\/2019\\\/03\\\/17\\\/cortina-si-prepara-ai-campionati-italiani-assoluti-di-sci-alpino\\\/#breadcrumb\"},\"inLanguage\":\"fr-FR\",\"potentialAction\":[{\"@type\":\"ReadAction\",\"target\":[\"https:\\\/\\\/www.bellunopress.it\\\/2019\\\/03\\\/17\\\/cortina-si-prepara-ai-campionati-italiani-assoluti-di-sci-alpino\\\/\"]}]},{\"@type\":\"BreadcrumbList\",\"@id\":\"https:\\\/\\\/www.bellunopress.it\\\/2019\\\/03\\\/17\\\/cortina-si-prepara-ai-campionati-italiani-assoluti-di-sci-alpino\\\/#breadcrumb\",\"itemListElement\":[{\"@type\":\"ListItem\",\"position\":1,\"name\":\"Home\",\"item\":\"https:\\\/\\\/www.bellunopress.it\\\/\"},{\"@type\":\"ListItem\",\"position\":2,\"name\":\"Cortina si prepara ai Campionati Italiani Assoluti di Sci Alpino\"}]},{\"@type\":\"WebSite\",\"@id\":\"https:\\\/\\\/www.bellunopress.it\\\/#website\",\"url\":\"https:\\\/\\\/www.bellunopress.it\\\/\",\"name\":\"Bellunopress - Dolomiti\",\"description\":\"e-mail: redazione@bellunopress.it\",\"publisher\":{\"@id\":\"https:\\\/\\\/www.bellunopress.it\\\/#organization\"},\"potentialAction\":[{\"@type\":\"SearchAction\",\"target\":{\"@type\":\"EntryPoint\",\"urlTemplate\":\"https:\\\/\\\/www.bellunopress.it\\\/?s={search_term_string}\"},\"query-input\":{\"@type\":\"PropertyValueSpecification\",\"valueRequired\":true,\"valueName\":\"search_term_string\"}}],\"inLanguage\":\"fr-FR\"},{\"@type\":\"Organization\",\"@id\":\"https:\\\/\\\/www.bellunopress.it\\\/#organization\",\"name\":\"Bellunopress\",\"url\":\"https:\\\/\\\/www.bellunopress.it\\\/\",\"logo\":{\"@type\":\"ImageObject\",\"inLanguage\":\"fr-FR\",\"@id\":\"https:\\\/\\\/www.bellunopress.it\\\/#\\\/schema\\\/logo\\\/image\\\/\",\"url\":\"https:\\\/\\\/www.bellunopress.it\\\/wp-content\\\/uploads\\\/2011\\\/05\\\/cropped-logo-bellunopress-.jpg\",\"contentUrl\":\"https:\\\/\\\/www.bellunopress.it\\\/wp-content\\\/uploads\\\/2011\\\/05\\\/cropped-logo-bellunopress-.jpg\",\"width\":512,\"height\":512,\"caption\":\"Bellunopress\"},\"image\":{\"@id\":\"https:\\\/\\\/www.bellunopress.it\\\/#\\\/schema\\\/logo\\\/image\\\/\"},\"sameAs\":[\"https:\\\/\\\/www.facebook.com\\\/profile.php?id=100008943462799\",\"https:\\\/\\\/x.com\\\/bellunopress\",\"https:\\\/\\\/www.linkedin.com\\\/hp\\\/?dnr=JBzUWaJfMUw8vbXJJ2tVW5-I3jZKvC4wsoxE&amp;amp;amp;amp;amp;amp;trk=nav_responsive_tab_home\",\"https:\\\/\\\/www.youtube.com\\\/channel\\\/UCxL0wu1uN0_3_7hGG0306cw\"]},{\"@type\":\"Person\",\"@id\":\"https:\\\/\\\/www.bellunopress.it\\\/#\\\/schema\\\/person\\\/79bb06722b37ece1c03d3e94beb30d73\",\"name\":\"redazione\",\"image\":{\"@type\":\"ImageObject\",\"inLanguage\":\"fr-FR\",\"@id\":\"https:\\\/\\\/secure.gravatar.com\\\/avatar\\\/37d968a2e67a6fd04c169c4bdef102d0bc5d31b2546345219e348575eb80e9a0?s=96&d=mm&r=g\",\"url\":\"https:\\\/\\\/secure.gravatar.com\\\/avatar\\\/37d968a2e67a6fd04c169c4bdef102d0bc5d31b2546345219e348575eb80e9a0?s=96&d=mm&r=g\",\"contentUrl\":\"https:\\\/\\\/secure.gravatar.com\\\/avatar\\\/37d968a2e67a6fd04c169c4bdef102d0bc5d31b2546345219e348575eb80e9a0?s=96&d=mm&r=g\",\"caption\":\"redazione\"},\"sameAs\":[\"http:\\\/\\\/www.bellunopress.it\",\"https:\\\/\\\/x.com\\\/bellunopress\"],\"url\":\"https:\\\/\\\/www.bellunopress.it\\\/fr\\\/author\\\/redazione\\\/\"}]}<\/script>\n<!-- \/ Yoast SEO plugin. -->","yoast_head_json":{"title":"Cortina si prepara ai Campionati Italiani Assoluti di Sci Alpino - Bellunopress - Dolomiti","robots":{"index":"index","follow":"follow","max-snippet":"max-snippet:-1","max-image-preview":"max-image-preview:large","max-video-preview":"max-video-preview:-1"},"canonical":"https:\/\/www.bellunopress.it\/fr\/2019\/03\/17\/cortina-si-prepara-ai-campionati-italiani-assoluti-di-sci-alpino\/","og_locale":"fr_FR","og_type":"article","og_title":"Cortina si prepara ai Campionati Italiani Assoluti di Sci Alpino - Bellunopress - Dolomiti","og_description":"Sono ormai alle porte i Campionati Italiani Assoluti di Sci Alpino, in programma a Cortina d&#8217;Ampezzo dal 19 al 24 marzo: un appuntamento assegnato da FISI \u2013 Federazione Italiana Sport Invernali a Fondazione Cortina 2021 quale ulteriore banco di prova per testare le piste, i team e l&#8217;intera macchina organizzativa in previsione delle Finali di [&hellip;]","og_url":"https:\/\/www.bellunopress.it\/fr\/2019\/03\/17\/cortina-si-prepara-ai-campionati-italiani-assoluti-di-sci-alpino\/","og_site_name":"Bellunopress - Dolomiti","article_publisher":"https:\/\/www.facebook.com\/profile.php?id=100008943462799","article_published_time":"2019-03-17T13:21:22+00:00","article_modified_time":"2019-03-17T13:21:23+00:00","og_image":[{"url":"http:\/\/www.bellunopress.it\/wp-content\/uploads\/2019\/03\/Cortina-Vertigine-Drusci\u00e9-A.jpeg","type":"","width":"","height":""}],"author":"redazione","twitter_card":"summary_large_image","twitter_creator":"@bellunopress","twitter_site":"@bellunopress","twitter_misc":{"\u00c9crit par":"redazione","Dur\u00e9e de lecture estim\u00e9e":"2 minutes"},"schema":{"@context":"https:\/\/schema.org","@graph":[{"@type":"Article","@id":"https:\/\/www.bellunopress.it\/2019\/03\/17\/cortina-si-prepara-ai-campionati-italiani-assoluti-di-sci-alpino\/#article","isPartOf":{"@id":"https:\/\/www.bellunopress.it\/2019\/03\/17\/cortina-si-prepara-ai-campionati-italiani-assoluti-di-sci-alpino\/"},"author":{"name":"redazione","@id":"https:\/\/www.bellunopress.it\/#\/schema\/person\/79bb06722b37ece1c03d3e94beb30d73"},"headline":"Cortina si prepara ai Campionati Italiani Assoluti di Sci Alpino","datePublished":"2019-03-17T13:21:22+00:00","dateModified":"2019-03-17T13:21:23+00:00","mainEntityOfPage":{"@id":"https:\/\/www.bellunopress.it\/2019\/03\/17\/cortina-si-prepara-ai-campionati-italiani-assoluti-di-sci-alpino\/"},"wordCount":427,"publisher":{"@id":"https:\/\/www.bellunopress.it\/#organization"},"articleSection":["Appuntamenti, Eventi","Prima Pagina","Sport, tempo libero"],"inLanguage":"fr-FR"},{"@type":"WebPage","@id":"https:\/\/www.bellunopress.it\/2019\/03\/17\/cortina-si-prepara-ai-campionati-italiani-assoluti-di-sci-alpino\/","url":"https:\/\/www.bellunopress.it\/2019\/03\/17\/cortina-si-prepara-ai-campionati-italiani-assoluti-di-sci-alpino\/","name":"Cortina si prepara ai Campionati Italiani Assoluti di Sci Alpino - Bellunopress - Dolomiti","isPartOf":{"@id":"https:\/\/www.bellunopress.it\/#website"},"datePublished":"2019-03-17T13:21:22+00:00","dateModified":"2019-03-17T13:21:23+00:00","breadcrumb":{"@id":"https:\/\/www.bellunopress.it\/2019\/03\/17\/cortina-si-prepara-ai-campionati-italiani-assoluti-di-sci-alpino\/#breadcrumb"},"inLanguage":"fr-FR","potentialAction":[{"@type":"ReadAction","target":["https:\/\/www.bellunopress.it\/2019\/03\/17\/cortina-si-prepara-ai-campionati-italiani-assoluti-di-sci-alpino\/"]}]},{"@type":"BreadcrumbList","@id":"https:\/\/www.bellunopress.it\/2019\/03\/17\/cortina-si-prepara-ai-campionati-italiani-assoluti-di-sci-alpino\/#breadcrumb","itemListElement":[{"@type":"ListItem","position":1,"name":"Home","item":"https:\/\/www.bellunopress.it\/"},{"@type":"ListItem","position":2,"name":"Cortina si prepara ai Campionati Italiani Assoluti di Sci Alpino"}]},{"@type":"WebSite","@id":"https:\/\/www.bellunopress.it\/#website","url":"https:\/\/www.bellunopress.it\/","name":"Bellunopress - Dolomiti","description":"e-mail: redazione@bellunopress.it","publisher":{"@id":"https:\/\/www.bellunopress.it\/#organization"},"potentialAction":[{"@type":"SearchAction","target":{"@type":"EntryPoint","urlTemplate":"https:\/\/www.bellunopress.it\/?s={search_term_string}"},"query-input":{"@type":"PropertyValueSpecification","valueRequired":true,"valueName":"search_term_string"}}],"inLanguage":"fr-FR"},{"@type":"Organization","@id":"https:\/\/www.bellunopress.it\/#organization","name":"Bellunopress","url":"https:\/\/www.bellunopress.it\/","logo":{"@type":"ImageObject","inLanguage":"fr-FR","@id":"https:\/\/www.bellunopress.it\/#\/schema\/logo\/image\/","url":"https:\/\/www.bellunopress.it\/wp-content\/uploads\/2011\/05\/cropped-logo-bellunopress-.jpg","contentUrl":"https:\/\/www.bellunopress.it\/wp-content\/uploads\/2011\/05\/cropped-logo-bellunopress-.jpg","width":512,"height":512,"caption":"Bellunopress"},"image":{"@id":"https:\/\/www.bellunopress.it\/#\/schema\/logo\/image\/"},"sameAs":["https:\/\/www.facebook.com\/profile.php?id=100008943462799","https:\/\/x.com\/bellunopress","https:\/\/www.linkedin.com\/hp\/?dnr=JBzUWaJfMUw8vbXJJ2tVW5-I3jZKvC4wsoxE&amp;amp;amp;amp;amp;amp;trk=nav_responsive_tab_home","https:\/\/www.youtube.com\/channel\/UCxL0wu1uN0_3_7hGG0306cw"]},{"@type":"Person","@id":"https:\/\/www.bellunopress.it\/#\/schema\/person\/79bb06722b37ece1c03d3e94beb30d73","name":"r\u00e9daction","image":{"@type":"ImageObject","inLanguage":"fr-FR","@id":"https:\/\/secure.gravatar.com\/avatar\/37d968a2e67a6fd04c169c4bdef102d0bc5d31b2546345219e348575eb80e9a0?s=96&d=mm&r=g","url":"https:\/\/secure.gravatar.com\/avatar\/37d968a2e67a6fd04c169c4bdef102d0bc5d31b2546345219e348575eb80e9a0?s=96&d=mm&r=g","contentUrl":"https:\/\/secure.gravatar.com\/avatar\/37d968a2e67a6fd04c169c4bdef102d0bc5d31b2546345219e348575eb80e9a0?s=96&d=mm&r=g","caption":"redazione"},"sameAs":["http:\/\/www.bellunopress.it","https:\/\/x.com\/bellunopress"],"url":"https:\/\/www.bellunopress.it\/fr\/author\/redazione\/"}]}},"_links":{"self":[{"href":"https:\/\/www.bellunopress.it\/fr\/wp-json\/wp\/v2\/posts\/102939","targetHints":{"allow":["GET"]}}],"collection":[{"href":"https:\/\/www.bellunopress.it\/fr\/wp-json\/wp\/v2\/posts"}],"about":[{"href":"https:\/\/www.bellunopress.it\/fr\/wp-json\/wp\/v2\/types\/post"}],"author":[{"embeddable":true,"href":"https:\/\/www.bellunopress.it\/fr\/wp-json\/wp\/v2\/users\/2"}],"replies":[{"embeddable":true,"href":"https:\/\/www.bellunopress.it\/fr\/wp-json\/wp\/v2\/comments?post=102939"}],"version-history":[{"count":2,"href":"https:\/\/www.bellunopress.it\/fr\/wp-json\/wp\/v2\/posts\/102939\/revisions"}],"predecessor-version":[{"id":102942,"href":"https:\/\/www.bellunopress.it\/fr\/wp-json\/wp\/v2\/posts\/102939\/revisions\/102942"}],"wp:attachment":[{"href":"https:\/\/www.bellunopress.it\/fr\/wp-json\/wp\/v2\/media?parent=102939"}],"wp:term":[{"taxonomy":"category","embeddable":true,"href":"https:\/\/www.bellunopress.it\/fr\/wp-json\/wp\/v2\/categories?post=102939"},{"taxonomy":"post_tag","embeddable":true,"href":"https:\/\/www.bellunopress.it\/fr\/wp-json\/wp\/v2\/tags?post=102939"}],"curies":[{"name":"wp","href":"https:\/\/api.w.org\/{rel}","templated":true}]}}