{"id":102933,"date":"2019-03-17T13:40:41","date_gmt":"2019-03-17T12:40:41","guid":{"rendered":"http:\/\/www.bellunopress.it\/?p=102933"},"modified":"2019-03-22T14:13:18","modified_gmt":"2019-03-22T13:13:18","slug":"102933","status":"publish","type":"post","link":"https:\/\/www.bellunopress.it\/fr\/2019\/03\/17\/102933\/","title":{"rendered":"Emigrazione, immigrazione e societ\u00e0. Storia, religione, integrazione&#8221;. Gioved\u00ec sera all&#8217;Albergo Cappello di Belluno"},"content":{"rendered":"<p>Il &#8220;Comitato di azione civile \u2013 Democrazia Belluno&#8221; organizza per il 21 marzo 2019 alle ore 20,30 all&#8217;Albergo Cappello (Sala convegni 2\u00b0 piano) in via Carrera a Belluno l&#8217;incontro dal titolo &#8220;Emigrazione, immigrazione e societ\u00e0. Storia, religione, integrazione&#8221;.<\/p>\n<p>Interverranno:<\/p>\n<ul>\n<li>Gaetano Rizzo, coordinatore Comitato Democrazia Belluno<\/li>\n<li>Mario Svaluto Moreolo, politico, ex amministratore pubblico<\/li>\n<li>Angelo Zampol D&#8217;Ortia, docente di Storia<\/li>\n<li>Doriano Lavina, esperto comunicazione<\/li>\n<li>Hayat Sbai, immigrata dal Marocco<\/li>\n<\/ul>\n<p>Ospite della serata lo scrittore Antonio G. Bortoluzzi che interverr\u00e0 sul tema &#8220;La comunit\u00e0 nei piccoli borghi di montagna&#8221;.<\/p>\n<p>Modera l&#8217;incontro Maria Croce, responsabile della comunicazione del Comitato.<\/p>\n<figure id=\"attachment_13899\" aria-describedby=\"caption-attachment-13899\" style=\"width: 140px\" class=\"wp-caption alignleft\"><a href=\"http:\/\/www.bellunopress.it\/fr\/2010\/03\/26\/la-letterasul-taglio-allisbrec-le-considerazioni-di-mario-svaluto-moreolo\/mario-svaluto-moreolo\/\" rel=\"attachment wp-att-13899\"><img loading=\"lazy\" decoding=\"async\" class=\"size-full wp-image-13899\" src=\"http:\/\/www.bellunopress.it\/wp-content\/uploads\/2010\/03\/mario-svaluto-moreolo.jpg\" alt=\"\" width=\"140\" height=\"140\" \/><\/a><figcaption id=\"caption-attachment-13899\" class=\"wp-caption-text\">Mario Svaluto Moreolo<\/figcaption><\/figure>\n<p>I Comitati Civici\u00a0 &#8211; spiega Mario Svaluto Moreolo &#8211; sono espressione del progetto culturale della &#8220;Leopolda&#8221; rappresentano un lodevole e prezioso tentativo di coinvolgere i cittadini nel dibattito culturale e politico che, a fianco del Partito Democratico, risvegli l&#8217;interesse per la politica e per la partecipazione attiva a fronte di una pericolosa deriva antidemocratica oggi perseguita dagli attuali governanti.<\/p>\n<p>Questa forma di partecipazione attiva non \u00e8 una cosa nuova.<\/p>\n<p>Gi\u00e0 nel dopo guerra a fronte del cosiddetto &#8220;pericolo comunista&#8221; a latere della Democrazia Cristiana vennero istituiti i Comitati Civici per iniziativa soprattutto del mondo cattolico.<\/p>\n<p>Pur con una impostazione precisa e qualche venatura di integralismo questi Comitati hanno sollecitato le masse popolari alla partecipazione ed al dibattito.<\/p>\n<p>Per iniziativa della Gerarchia Ecclesiastica si affianc\u00f2 anche un atto religioso che consisteva nel portare in processione la statua della cosiddetta &#8220;Madonna pellegrina&#8221; in tutte le contrade e nei paesi anche i pi\u00f9 isolati.<\/p>\n<p>Al di l\u00e0 di queste caratteristiche tipiche del tempo, i Comitati hanno instradato tantissimi giovani ed anche meno giovani all&#8217;interesse per la politica e la partecipazione alla &#8220;ricostruzione&#8221; postbellica.<\/p>\n<p>In definitiva i comunisti si avvalevano delle &#8220;Frattocchie&#8221; i democristiani dei &#8220;Comitati Civici&#8221;.<\/p>\n<p>Sono stati la fucina che ha formato e preparato intere classi politiche e classi dirigenti.<\/p>\n<p>Io ha fatto parte di quella storia.<\/p>\n<p>Mi permetto anche di &#8220;tranquillizzare&#8221; alcuni amici del Partito Democratico che hanno interpretato ed interpretano l&#8217;iniziativa in parola quale formula subdola di presenza immanente di Matteo Renzi atta a condizionare il Partito Democratico.<\/p>\n<p>Dobbiamo tutti uscire da questa forma di &#8220;mediocre provincialismo&#8221; perch\u00e9 altra \u00e8 la battaglia che dobbiamo affrontare stante l&#8217;attuale &#8220;crisi di valori e di sistema&#8221;.<\/p>\n<p>Questa formazione &#8220;pre-politica&#8221;- conclude Mario Svaluto Moreolo &#8211;\u00a0 \u00e8 indispensabile a tutti: ai responsabili politici, ai responsabile amministrativi ed anche a tutti i cittadini disponibili a &#8220;dare una mano&#8221; per difendere quanto conquistato con la democrazia ed allontanare l&#8217;antipolitica e la l&#8217;arroganza degli attuali governanti che praticano di fatto metodi e decisioni tipici di un clima di &#8220;prefascismo&#8221;.<\/p>\n<p>&nbsp;<\/p>","protected":false},"excerpt":{"rendered":"<p>Il &#8220;Comitato di azione civile \u2013 Democrazia Belluno&#8221; organizza per il 21 marzo 2019 alle ore 20,30 all&#8217;Albergo Cappello (Sala convegni 2\u00b0 piano) in via Carrera a Belluno l&#8217;incontro dal titolo &#8220;Emigrazione, immigrazione e societ\u00e0. Storia, religione, integrazione&#8221;. Interverranno: Gaetano Rizzo, coordinatore Comitato Democrazia Belluno Mario Svaluto Moreolo, politico, ex amministratore pubblico Angelo Zampol D&#8217;Ortia, [&hellip;]<\/p>\n","protected":false},"author":2,"featured_media":0,"comment_status":"closed","ping_status":"open","sticky":false,"template":"","format":"standard","meta":{"footnotes":""},"categories":[27,5],"tags":[],"class_list":["post-102933","post","type-post","status-publish","format-standard","category-appuntamenti","category-cronaca"],"yoast_head":"<!-- This site is optimized with the Yoast SEO plugin v28.4 - https:\/\/yoast.com\/product\/yoast-seo-wordpress\/ -->\n<title>Emigrazione, immigrazione e societ\u00e0. Storia, religione, integrazione&quot;. Gioved\u00ec sera all&#039;Albergo Cappello di Belluno - Bellunopress - Dolomiti<\/title>\n<meta name=\"robots\" content=\"index, follow, max-snippet:-1, max-image-preview:large, max-video-preview:-1\" \/>\n<link rel=\"canonical\" href=\"https:\/\/www.bellunopress.it\/fr\/2019\/03\/17\/102933\/\" \/>\n<meta property=\"og:locale\" content=\"fr_FR\" \/>\n<meta property=\"og:type\" content=\"article\" \/>\n<meta property=\"og:title\" content=\"Emigrazione, immigrazione e societ\u00e0. Storia, religione, integrazione&quot;. Gioved\u00ec sera all&#039;Albergo Cappello di Belluno - Bellunopress - Dolomiti\" \/>\n<meta property=\"og:description\" content=\"Il &#8220;Comitato di azione civile \u2013 Democrazia Belluno&#8221; organizza per il 21 marzo 2019 alle ore 20,30 all&#8217;Albergo Cappello (Sala convegni 2\u00b0 piano) in via Carrera a Belluno l&#8217;incontro dal titolo &#8220;Emigrazione, immigrazione e societ\u00e0. Storia, religione, integrazione&#8221;. Interverranno: Gaetano Rizzo, coordinatore Comitato Democrazia Belluno Mario Svaluto Moreolo, politico, ex amministratore pubblico Angelo Zampol D&#8217;Ortia, [&hellip;]\" \/>\n<meta property=\"og:url\" content=\"https:\/\/www.bellunopress.it\/fr\/2019\/03\/17\/102933\/\" \/>\n<meta property=\"og:site_name\" content=\"Bellunopress - Dolomiti\" \/>\n<meta property=\"article:publisher\" content=\"https:\/\/www.facebook.com\/profile.php?id=100008943462799\" \/>\n<meta property=\"article:published_time\" content=\"2019-03-17T12:40:41+00:00\" \/>\n<meta property=\"article:modified_time\" content=\"2019-03-22T13:13:18+00:00\" \/>\n<meta property=\"og:image\" content=\"http:\/\/www.bellunopress.it\/wp-content\/uploads\/2010\/03\/mario-svaluto-moreolo.jpg\" \/>\n<meta name=\"author\" content=\"redazione\" \/>\n<meta name=\"twitter:card\" content=\"summary_large_image\" \/>\n<meta name=\"twitter:creator\" content=\"@bellunopress\" \/>\n<meta name=\"twitter:site\" content=\"@bellunopress\" \/>\n<meta name=\"twitter:label1\" content=\"\u00c9crit par\" \/>\n\t<meta name=\"twitter:data1\" content=\"redazione\" \/>\n\t<meta name=\"twitter:label2\" content=\"Dur\u00e9e de lecture estim\u00e9e\" \/>\n\t<meta name=\"twitter:data2\" content=\"2 minutes\" \/>\n<script type=\"application\/ld+json\" class=\"yoast-schema-graph\">{\"@context\":\"https:\\\/\\\/schema.org\",\"@graph\":[{\"@type\":\"Article\",\"@id\":\"https:\\\/\\\/www.bellunopress.it\\\/2019\\\/03\\\/17\\\/102933\\\/#article\",\"isPartOf\":{\"@id\":\"https:\\\/\\\/www.bellunopress.it\\\/2019\\\/03\\\/17\\\/102933\\\/\"},\"author\":{\"name\":\"redazione\",\"@id\":\"https:\\\/\\\/www.bellunopress.it\\\/#\\\/schema\\\/person\\\/79bb06722b37ece1c03d3e94beb30d73\"},\"headline\":\"Emigrazione, immigrazione e societ\u00e0. Storia, religione, integrazione&#8221;. Gioved\u00ec sera all&#8217;Albergo Cappello di Belluno\",\"datePublished\":\"2019-03-17T12:40:41+00:00\",\"dateModified\":\"2019-03-22T13:13:18+00:00\",\"mainEntityOfPage\":{\"@id\":\"https:\\\/\\\/www.bellunopress.it\\\/2019\\\/03\\\/17\\\/102933\\\/\"},\"wordCount\":454,\"publisher\":{\"@id\":\"https:\\\/\\\/www.bellunopress.it\\\/#organization\"},\"image\":{\"@id\":\"https:\\\/\\\/www.bellunopress.it\\\/2019\\\/03\\\/17\\\/102933\\\/#primaryimage\"},\"thumbnailUrl\":\"http:\\\/\\\/www.bellunopress.it\\\/wp-content\\\/uploads\\\/2010\\\/03\\\/mario-svaluto-moreolo.jpg\",\"articleSection\":[\"Appuntamenti, Eventi\",\"Cronaca\\\/Politica\"],\"inLanguage\":\"fr-FR\"},{\"@type\":\"WebPage\",\"@id\":\"https:\\\/\\\/www.bellunopress.it\\\/2019\\\/03\\\/17\\\/102933\\\/\",\"url\":\"https:\\\/\\\/www.bellunopress.it\\\/2019\\\/03\\\/17\\\/102933\\\/\",\"name\":\"Emigrazione, immigrazione e societ\u00e0. Storia, religione, integrazione\\\". Gioved\u00ec sera all'Albergo Cappello di Belluno - Bellunopress - Dolomiti\",\"isPartOf\":{\"@id\":\"https:\\\/\\\/www.bellunopress.it\\\/#website\"},\"primaryImageOfPage\":{\"@id\":\"https:\\\/\\\/www.bellunopress.it\\\/2019\\\/03\\\/17\\\/102933\\\/#primaryimage\"},\"image\":{\"@id\":\"https:\\\/\\\/www.bellunopress.it\\\/2019\\\/03\\\/17\\\/102933\\\/#primaryimage\"},\"thumbnailUrl\":\"http:\\\/\\\/www.bellunopress.it\\\/wp-content\\\/uploads\\\/2010\\\/03\\\/mario-svaluto-moreolo.jpg\",\"datePublished\":\"2019-03-17T12:40:41+00:00\",\"dateModified\":\"2019-03-22T13:13:18+00:00\",\"breadcrumb\":{\"@id\":\"https:\\\/\\\/www.bellunopress.it\\\/2019\\\/03\\\/17\\\/102933\\\/#breadcrumb\"},\"inLanguage\":\"fr-FR\",\"potentialAction\":[{\"@type\":\"ReadAction\",\"target\":[\"https:\\\/\\\/www.bellunopress.it\\\/2019\\\/03\\\/17\\\/102933\\\/\"]}]},{\"@type\":\"ImageObject\",\"inLanguage\":\"fr-FR\",\"@id\":\"https:\\\/\\\/www.bellunopress.it\\\/2019\\\/03\\\/17\\\/102933\\\/#primaryimage\",\"url\":\"http:\\\/\\\/www.bellunopress.it\\\/wp-content\\\/uploads\\\/2010\\\/03\\\/mario-svaluto-moreolo.jpg\",\"contentUrl\":\"http:\\\/\\\/www.bellunopress.it\\\/wp-content\\\/uploads\\\/2010\\\/03\\\/mario-svaluto-moreolo.jpg\"},{\"@type\":\"BreadcrumbList\",\"@id\":\"https:\\\/\\\/www.bellunopress.it\\\/2019\\\/03\\\/17\\\/102933\\\/#breadcrumb\",\"itemListElement\":[{\"@type\":\"ListItem\",\"position\":1,\"name\":\"Home\",\"item\":\"https:\\\/\\\/www.bellunopress.it\\\/\"},{\"@type\":\"ListItem\",\"position\":2,\"name\":\"Emigrazione, immigrazione e societ\u00e0. Storia, religione, integrazione&#8221;. Gioved\u00ec sera all&#8217;Albergo Cappello di Belluno\"}]},{\"@type\":\"WebSite\",\"@id\":\"https:\\\/\\\/www.bellunopress.it\\\/#website\",\"url\":\"https:\\\/\\\/www.bellunopress.it\\\/\",\"name\":\"Bellunopress - Dolomiti\",\"description\":\"e-mail: redazione@bellunopress.it\",\"publisher\":{\"@id\":\"https:\\\/\\\/www.bellunopress.it\\\/#organization\"},\"potentialAction\":[{\"@type\":\"SearchAction\",\"target\":{\"@type\":\"EntryPoint\",\"urlTemplate\":\"https:\\\/\\\/www.bellunopress.it\\\/?s={search_term_string}\"},\"query-input\":{\"@type\":\"PropertyValueSpecification\",\"valueRequired\":true,\"valueName\":\"search_term_string\"}}],\"inLanguage\":\"fr-FR\"},{\"@type\":\"Organization\",\"@id\":\"https:\\\/\\\/www.bellunopress.it\\\/#organization\",\"name\":\"Bellunopress\",\"url\":\"https:\\\/\\\/www.bellunopress.it\\\/\",\"logo\":{\"@type\":\"ImageObject\",\"inLanguage\":\"fr-FR\",\"@id\":\"https:\\\/\\\/www.bellunopress.it\\\/#\\\/schema\\\/logo\\\/image\\\/\",\"url\":\"https:\\\/\\\/www.bellunopress.it\\\/wp-content\\\/uploads\\\/2011\\\/05\\\/cropped-logo-bellunopress-.jpg\",\"contentUrl\":\"https:\\\/\\\/www.bellunopress.it\\\/wp-content\\\/uploads\\\/2011\\\/05\\\/cropped-logo-bellunopress-.jpg\",\"width\":512,\"height\":512,\"caption\":\"Bellunopress\"},\"image\":{\"@id\":\"https:\\\/\\\/www.bellunopress.it\\\/#\\\/schema\\\/logo\\\/image\\\/\"},\"sameAs\":[\"https:\\\/\\\/www.facebook.com\\\/profile.php?id=100008943462799\",\"https:\\\/\\\/x.com\\\/bellunopress\",\"https:\\\/\\\/www.linkedin.com\\\/hp\\\/?dnr=JBzUWaJfMUw8vbXJJ2tVW5-I3jZKvC4wsoxE&amp;amp;amp;amp;amp;amp;trk=nav_responsive_tab_home\",\"https:\\\/\\\/www.youtube.com\\\/channel\\\/UCxL0wu1uN0_3_7hGG0306cw\"]},{\"@type\":\"Person\",\"@id\":\"https:\\\/\\\/www.bellunopress.it\\\/#\\\/schema\\\/person\\\/79bb06722b37ece1c03d3e94beb30d73\",\"name\":\"redazione\",\"image\":{\"@type\":\"ImageObject\",\"inLanguage\":\"fr-FR\",\"@id\":\"https:\\\/\\\/secure.gravatar.com\\\/avatar\\\/37d968a2e67a6fd04c169c4bdef102d0bc5d31b2546345219e348575eb80e9a0?s=96&d=mm&r=g\",\"url\":\"https:\\\/\\\/secure.gravatar.com\\\/avatar\\\/37d968a2e67a6fd04c169c4bdef102d0bc5d31b2546345219e348575eb80e9a0?s=96&d=mm&r=g\",\"contentUrl\":\"https:\\\/\\\/secure.gravatar.com\\\/avatar\\\/37d968a2e67a6fd04c169c4bdef102d0bc5d31b2546345219e348575eb80e9a0?s=96&d=mm&r=g\",\"caption\":\"redazione\"},\"sameAs\":[\"http:\\\/\\\/www.bellunopress.it\",\"https:\\\/\\\/x.com\\\/bellunopress\"],\"url\":\"https:\\\/\\\/www.bellunopress.it\\\/fr\\\/author\\\/redazione\\\/\"}]}<\/script>\n<!-- \/ Yoast SEO plugin. -->","yoast_head_json":{"title":"Emigrazione, immigrazione e societ\u00e0. Storia, religione, integrazione\". Gioved\u00ec sera all'Albergo Cappello di Belluno - Bellunopress - Dolomiti","robots":{"index":"index","follow":"follow","max-snippet":"max-snippet:-1","max-image-preview":"max-image-preview:large","max-video-preview":"max-video-preview:-1"},"canonical":"https:\/\/www.bellunopress.it\/fr\/2019\/03\/17\/102933\/","og_locale":"fr_FR","og_type":"article","og_title":"Emigrazione, immigrazione e societ\u00e0. Storia, religione, integrazione\". Gioved\u00ec sera all'Albergo Cappello di Belluno - Bellunopress - Dolomiti","og_description":"Il &#8220;Comitato di azione civile \u2013 Democrazia Belluno&#8221; organizza per il 21 marzo 2019 alle ore 20,30 all&#8217;Albergo Cappello (Sala convegni 2\u00b0 piano) in via Carrera a Belluno l&#8217;incontro dal titolo &#8220;Emigrazione, immigrazione e societ\u00e0. Storia, religione, integrazione&#8221;. Interverranno: Gaetano Rizzo, coordinatore Comitato Democrazia Belluno Mario Svaluto Moreolo, politico, ex amministratore pubblico Angelo Zampol D&#8217;Ortia, [&hellip;]","og_url":"https:\/\/www.bellunopress.it\/fr\/2019\/03\/17\/102933\/","og_site_name":"Bellunopress - Dolomiti","article_publisher":"https:\/\/www.facebook.com\/profile.php?id=100008943462799","article_published_time":"2019-03-17T12:40:41+00:00","article_modified_time":"2019-03-22T13:13:18+00:00","og_image":[{"url":"http:\/\/www.bellunopress.it\/wp-content\/uploads\/2010\/03\/mario-svaluto-moreolo.jpg","type":"","width":"","height":""}],"author":"redazione","twitter_card":"summary_large_image","twitter_creator":"@bellunopress","twitter_site":"@bellunopress","twitter_misc":{"\u00c9crit par":"redazione","Dur\u00e9e de lecture estim\u00e9e":"2 minutes"},"schema":{"@context":"https:\/\/schema.org","@graph":[{"@type":"Article","@id":"https:\/\/www.bellunopress.it\/2019\/03\/17\/102933\/#article","isPartOf":{"@id":"https:\/\/www.bellunopress.it\/2019\/03\/17\/102933\/"},"author":{"name":"redazione","@id":"https:\/\/www.bellunopress.it\/#\/schema\/person\/79bb06722b37ece1c03d3e94beb30d73"},"headline":"Emigrazione, immigrazione e societ\u00e0. Storia, religione, integrazione&#8221;. Gioved\u00ec sera all&#8217;Albergo Cappello di Belluno","datePublished":"2019-03-17T12:40:41+00:00","dateModified":"2019-03-22T13:13:18+00:00","mainEntityOfPage":{"@id":"https:\/\/www.bellunopress.it\/2019\/03\/17\/102933\/"},"wordCount":454,"publisher":{"@id":"https:\/\/www.bellunopress.it\/#organization"},"image":{"@id":"https:\/\/www.bellunopress.it\/2019\/03\/17\/102933\/#primaryimage"},"thumbnailUrl":"http:\/\/www.bellunopress.it\/wp-content\/uploads\/2010\/03\/mario-svaluto-moreolo.jpg","articleSection":["Appuntamenti, Eventi","Cronaca\/Politica"],"inLanguage":"fr-FR"},{"@type":"WebPage","@id":"https:\/\/www.bellunopress.it\/2019\/03\/17\/102933\/","url":"https:\/\/www.bellunopress.it\/2019\/03\/17\/102933\/","name":"Emigrazione, immigrazione e societ\u00e0. Storia, religione, integrazione\". Gioved\u00ec sera all'Albergo Cappello di Belluno - Bellunopress - Dolomiti","isPartOf":{"@id":"https:\/\/www.bellunopress.it\/#website"},"primaryImageOfPage":{"@id":"https:\/\/www.bellunopress.it\/2019\/03\/17\/102933\/#primaryimage"},"image":{"@id":"https:\/\/www.bellunopress.it\/2019\/03\/17\/102933\/#primaryimage"},"thumbnailUrl":"http:\/\/www.bellunopress.it\/wp-content\/uploads\/2010\/03\/mario-svaluto-moreolo.jpg","datePublished":"2019-03-17T12:40:41+00:00","dateModified":"2019-03-22T13:13:18+00:00","breadcrumb":{"@id":"https:\/\/www.bellunopress.it\/2019\/03\/17\/102933\/#breadcrumb"},"inLanguage":"fr-FR","potentialAction":[{"@type":"ReadAction","target":["https:\/\/www.bellunopress.it\/2019\/03\/17\/102933\/"]}]},{"@type":"ImageObject","inLanguage":"fr-FR","@id":"https:\/\/www.bellunopress.it\/2019\/03\/17\/102933\/#primaryimage","url":"http:\/\/www.bellunopress.it\/wp-content\/uploads\/2010\/03\/mario-svaluto-moreolo.jpg","contentUrl":"http:\/\/www.bellunopress.it\/wp-content\/uploads\/2010\/03\/mario-svaluto-moreolo.jpg"},{"@type":"BreadcrumbList","@id":"https:\/\/www.bellunopress.it\/2019\/03\/17\/102933\/#breadcrumb","itemListElement":[{"@type":"ListItem","position":1,"name":"Home","item":"https:\/\/www.bellunopress.it\/"},{"@type":"ListItem","position":2,"name":"Emigrazione, immigrazione e societ\u00e0. Storia, religione, integrazione&#8221;. Gioved\u00ec sera all&#8217;Albergo Cappello di Belluno"}]},{"@type":"WebSite","@id":"https:\/\/www.bellunopress.it\/#website","url":"https:\/\/www.bellunopress.it\/","name":"Bellunopress - Dolomiti","description":"e-mail: redazione@bellunopress.it","publisher":{"@id":"https:\/\/www.bellunopress.it\/#organization"},"potentialAction":[{"@type":"SearchAction","target":{"@type":"EntryPoint","urlTemplate":"https:\/\/www.bellunopress.it\/?s={search_term_string}"},"query-input":{"@type":"PropertyValueSpecification","valueRequired":true,"valueName":"search_term_string"}}],"inLanguage":"fr-FR"},{"@type":"Organization","@id":"https:\/\/www.bellunopress.it\/#organization","name":"Bellunopress","url":"https:\/\/www.bellunopress.it\/","logo":{"@type":"ImageObject","inLanguage":"fr-FR","@id":"https:\/\/www.bellunopress.it\/#\/schema\/logo\/image\/","url":"https:\/\/www.bellunopress.it\/wp-content\/uploads\/2011\/05\/cropped-logo-bellunopress-.jpg","contentUrl":"https:\/\/www.bellunopress.it\/wp-content\/uploads\/2011\/05\/cropped-logo-bellunopress-.jpg","width":512,"height":512,"caption":"Bellunopress"},"image":{"@id":"https:\/\/www.bellunopress.it\/#\/schema\/logo\/image\/"},"sameAs":["https:\/\/www.facebook.com\/profile.php?id=100008943462799","https:\/\/x.com\/bellunopress","https:\/\/www.linkedin.com\/hp\/?dnr=JBzUWaJfMUw8vbXJJ2tVW5-I3jZKvC4wsoxE&amp;amp;amp;amp;amp;amp;trk=nav_responsive_tab_home","https:\/\/www.youtube.com\/channel\/UCxL0wu1uN0_3_7hGG0306cw"]},{"@type":"Person","@id":"https:\/\/www.bellunopress.it\/#\/schema\/person\/79bb06722b37ece1c03d3e94beb30d73","name":"r\u00e9daction","image":{"@type":"ImageObject","inLanguage":"fr-FR","@id":"https:\/\/secure.gravatar.com\/avatar\/37d968a2e67a6fd04c169c4bdef102d0bc5d31b2546345219e348575eb80e9a0?s=96&d=mm&r=g","url":"https:\/\/secure.gravatar.com\/avatar\/37d968a2e67a6fd04c169c4bdef102d0bc5d31b2546345219e348575eb80e9a0?s=96&d=mm&r=g","contentUrl":"https:\/\/secure.gravatar.com\/avatar\/37d968a2e67a6fd04c169c4bdef102d0bc5d31b2546345219e348575eb80e9a0?s=96&d=mm&r=g","caption":"redazione"},"sameAs":["http:\/\/www.bellunopress.it","https:\/\/x.com\/bellunopress"],"url":"https:\/\/www.bellunopress.it\/fr\/author\/redazione\/"}]}},"_links":{"self":[{"href":"https:\/\/www.bellunopress.it\/fr\/wp-json\/wp\/v2\/posts\/102933","targetHints":{"allow":["GET"]}}],"collection":[{"href":"https:\/\/www.bellunopress.it\/fr\/wp-json\/wp\/v2\/posts"}],"about":[{"href":"https:\/\/www.bellunopress.it\/fr\/wp-json\/wp\/v2\/types\/post"}],"author":[{"embeddable":true,"href":"https:\/\/www.bellunopress.it\/fr\/wp-json\/wp\/v2\/users\/2"}],"replies":[{"embeddable":true,"href":"https:\/\/www.bellunopress.it\/fr\/wp-json\/wp\/v2\/comments?post=102933"}],"version-history":[{"count":3,"href":"https:\/\/www.bellunopress.it\/fr\/wp-json\/wp\/v2\/posts\/102933\/revisions"}],"predecessor-version":[{"id":102936,"href":"https:\/\/www.bellunopress.it\/fr\/wp-json\/wp\/v2\/posts\/102933\/revisions\/102936"}],"wp:attachment":[{"href":"https:\/\/www.bellunopress.it\/fr\/wp-json\/wp\/v2\/media?parent=102933"}],"wp:term":[{"taxonomy":"category","embeddable":true,"href":"https:\/\/www.bellunopress.it\/fr\/wp-json\/wp\/v2\/categories?post=102933"},{"taxonomy":"post_tag","embeddable":true,"href":"https:\/\/www.bellunopress.it\/fr\/wp-json\/wp\/v2\/tags?post=102933"}],"curies":[{"name":"wp","href":"https:\/\/api.w.org\/{rel}","templated":true}]}}