{"id":102895,"date":"2019-03-17T13:57:36","date_gmt":"2019-03-17T12:57:36","guid":{"rendered":"http:\/\/www.bellunopress.it\/?p=102895"},"modified":"2019-03-20T07:57:59","modified_gmt":"2019-03-20T06:57:59","slug":"riccardo-alfare-architetto-del-secolo-breve-martedi-laperitivo-bibliotecario-con-marta-azzalini","status":"publish","type":"post","link":"https:\/\/www.bellunopress.it\/fr\/2019\/03\/17\/riccardo-alfare-architetto-del-secolo-breve-martedi-laperitivo-bibliotecario-con-marta-azzalini\/","title":{"rendered":"\u201cRiccardo Alfar\u00e8, architetto del Secolo breve\u201d. Marted\u00ec\u00a0l\u2019\u201caperitivo bibliotecario\u201d con Marta Azzalini"},"content":{"rendered":"<p>Si recupera marted\u00ec 19 marzo alle 18.15, nella Sala di lettura della Biblioteca civica di Belluno, l\u201daperitivo bibliotecario\u201d dedicato a \u201cRiccardo Alfar\u00e8, architetto del Secolo breve\u201d, che era stato rinviato.<\/p>\n<figure id=\"attachment_10610\" aria-describedby=\"caption-attachment-10610\" style=\"width: 270px\" class=\"wp-caption alignleft\"><a href=\"http:\/\/www.bellunopress.it\/fr\/2009\/12\/12\/presentazione-candidature-per-tirocini-in-biblioteca-civica-domande-entro-il-31-dicembre-valide-per-il-2010\/crepadona\/\" rel=\"attachment wp-att-10610\"><img loading=\"lazy\" decoding=\"async\" class=\"size-full wp-image-10610\" src=\"http:\/\/www.bellunopress.it\/wp-content\/uploads\/2009\/12\/crepadona.jpg\" alt=\"\" width=\"270\" height=\"202\" \/><\/a><figcaption id=\"caption-attachment-10610\" class=\"wp-caption-text\">Palazzo Crepadona, sede della Biblioteca civica di Belluno<\/figcaption><\/figure>\n<p>L\u2019architetto bellunese, la cui famiglia era originaria del Comelico, ha realizzato numerosi progetti, a Belluno e non solo, a partire dai primi anni del XX secolo, ed \u00e8 stato uno dei protagonisti della trasformazione urbanistica di Belluno.<br \/>\nI suoi progetti si contraddistinguono per il rimando al Liberty ma anche all\u2019architettura rinascimentale e si distaccano completamente, durante il Ventennio, dall\u2019architettura razionalista, rinominata \u201crazionalista\u201d, esaltata dal Fascismo.<\/p>\n<p>La serata intende far riscoprire questo architetto che con il suo stile seppe dare un nuovo volto a Belluno durante il Secolo breve e le cui creazioni, come il garage Tonegutti Bellotti del 1922 in Via Caffi e il Cinema Italia del 1926, ancora oggi si possono ammirare passeggiando per la citt\u00e0.<\/p>\n<p>L\u2019incontro \u00e8 aperto alla libera partecipazione di tutti.<br \/>\nPer informazioni: email biblioteca@comune.belluno.it o telefono 0437 948093.<\/p>","protected":false},"excerpt":{"rendered":"<p>Si recupera marted\u00ec 19 marzo alle 18.15, nella Sala di lettura della Biblioteca civica di Belluno, l\u201daperitivo bibliotecario\u201d dedicato a \u201cRiccardo Alfar\u00e8, architetto del Secolo breve\u201d, che era stato rinviato. L\u2019architetto bellunese, la cui famiglia era originaria del Comelico, ha realizzato numerosi progetti, a Belluno e non solo, a partire dai primi anni del XX [&hellip;]<\/p>\n","protected":false},"author":2,"featured_media":0,"comment_status":"closed","ping_status":"open","sticky":false,"template":"","format":"standard","meta":{"footnotes":""},"categories":[27,3],"tags":[],"class_list":["post-102895","post","type-post","status-publish","format-standard","category-appuntamenti","category-arte-cultura-spettacoli-scienza-archivi"],"yoast_head":"<!-- This site is optimized with the Yoast SEO plugin v28.4 - https:\/\/yoast.com\/product\/yoast-seo-wordpress\/ -->\n<title>\u201cRiccardo Alfar\u00e8, architetto del Secolo breve\u201d. Marted\u00ec\u00a0l\u2019\u201caperitivo bibliotecario\u201d con Marta Azzalini - Bellunopress - Dolomiti<\/title>\n<meta name=\"robots\" content=\"index, follow, max-snippet:-1, max-image-preview:large, max-video-preview:-1\" \/>\n<link rel=\"canonical\" href=\"https:\/\/www.bellunopress.it\/fr\/2019\/03\/17\/riccardo-alfare-architetto-del-secolo-breve-martedi-laperitivo-bibliotecario-con-marta-azzalini\/\" \/>\n<meta property=\"og:locale\" content=\"fr_FR\" \/>\n<meta property=\"og:type\" content=\"article\" \/>\n<meta property=\"og:title\" content=\"\u201cRiccardo Alfar\u00e8, architetto del Secolo breve\u201d. Marted\u00ec\u00a0l\u2019\u201caperitivo bibliotecario\u201d con Marta Azzalini - Bellunopress - Dolomiti\" \/>\n<meta property=\"og:description\" content=\"Si recupera marted\u00ec 19 marzo alle 18.15, nella Sala di lettura della Biblioteca civica di Belluno, l\u201daperitivo bibliotecario\u201d dedicato a \u201cRiccardo Alfar\u00e8, architetto del Secolo breve\u201d, che era stato rinviato. L\u2019architetto bellunese, la cui famiglia era originaria del Comelico, ha realizzato numerosi progetti, a Belluno e non solo, a partire dai primi anni del XX [&hellip;]\" \/>\n<meta property=\"og:url\" content=\"https:\/\/www.bellunopress.it\/fr\/2019\/03\/17\/riccardo-alfare-architetto-del-secolo-breve-martedi-laperitivo-bibliotecario-con-marta-azzalini\/\" \/>\n<meta property=\"og:site_name\" content=\"Bellunopress - Dolomiti\" \/>\n<meta property=\"article:publisher\" content=\"https:\/\/www.facebook.com\/profile.php?id=100008943462799\" \/>\n<meta property=\"article:published_time\" content=\"2019-03-17T12:57:36+00:00\" \/>\n<meta property=\"article:modified_time\" content=\"2019-03-20T06:57:59+00:00\" \/>\n<meta property=\"og:image\" content=\"http:\/\/www.bellunopress.it\/wp-content\/uploads\/2009\/12\/crepadona.jpg\" \/>\n<meta name=\"author\" content=\"redazione\" \/>\n<meta name=\"twitter:card\" content=\"summary_large_image\" \/>\n<meta name=\"twitter:creator\" content=\"@bellunopress\" \/>\n<meta name=\"twitter:site\" content=\"@bellunopress\" \/>\n<meta name=\"twitter:label1\" content=\"\u00c9crit par\" \/>\n\t<meta name=\"twitter:data1\" content=\"redazione\" \/>\n\t<meta name=\"twitter:label2\" content=\"Dur\u00e9e de lecture estim\u00e9e\" \/>\n\t<meta name=\"twitter:data2\" content=\"1 minute\" \/>\n<script type=\"application\/ld+json\" class=\"yoast-schema-graph\">{\"@context\":\"https:\\\/\\\/schema.org\",\"@graph\":[{\"@type\":\"Article\",\"@id\":\"https:\\\/\\\/www.bellunopress.it\\\/2019\\\/03\\\/17\\\/riccardo-alfare-architetto-del-secolo-breve-martedi-laperitivo-bibliotecario-con-marta-azzalini\\\/#article\",\"isPartOf\":{\"@id\":\"https:\\\/\\\/www.bellunopress.it\\\/2019\\\/03\\\/17\\\/riccardo-alfare-architetto-del-secolo-breve-martedi-laperitivo-bibliotecario-con-marta-azzalini\\\/\"},\"author\":{\"name\":\"redazione\",\"@id\":\"https:\\\/\\\/www.bellunopress.it\\\/#\\\/schema\\\/person\\\/79bb06722b37ece1c03d3e94beb30d73\"},\"headline\":\"\u201cRiccardo Alfar\u00e8, architetto del Secolo breve\u201d. Marted\u00ec\u00a0l\u2019\u201caperitivo bibliotecario\u201d con Marta Azzalini\",\"datePublished\":\"2019-03-17T12:57:36+00:00\",\"dateModified\":\"2019-03-20T06:57:59+00:00\",\"mainEntityOfPage\":{\"@id\":\"https:\\\/\\\/www.bellunopress.it\\\/2019\\\/03\\\/17\\\/riccardo-alfare-architetto-del-secolo-breve-martedi-laperitivo-bibliotecario-con-marta-azzalini\\\/\"},\"wordCount\":191,\"publisher\":{\"@id\":\"https:\\\/\\\/www.bellunopress.it\\\/#organization\"},\"image\":{\"@id\":\"https:\\\/\\\/www.bellunopress.it\\\/2019\\\/03\\\/17\\\/riccardo-alfare-architetto-del-secolo-breve-martedi-laperitivo-bibliotecario-con-marta-azzalini\\\/#primaryimage\"},\"thumbnailUrl\":\"http:\\\/\\\/www.bellunopress.it\\\/wp-content\\\/uploads\\\/2009\\\/12\\\/crepadona.jpg\",\"articleSection\":[\"Appuntamenti, Eventi\",\"Arte, Cultura, Spettacoli, Scienza\"],\"inLanguage\":\"fr-FR\"},{\"@type\":\"WebPage\",\"@id\":\"https:\\\/\\\/www.bellunopress.it\\\/2019\\\/03\\\/17\\\/riccardo-alfare-architetto-del-secolo-breve-martedi-laperitivo-bibliotecario-con-marta-azzalini\\\/\",\"url\":\"https:\\\/\\\/www.bellunopress.it\\\/2019\\\/03\\\/17\\\/riccardo-alfare-architetto-del-secolo-breve-martedi-laperitivo-bibliotecario-con-marta-azzalini\\\/\",\"name\":\"\u201cRiccardo Alfar\u00e8, architetto del Secolo breve\u201d. Marted\u00ec\u00a0l\u2019\u201caperitivo bibliotecario\u201d con Marta Azzalini - Bellunopress - Dolomiti\",\"isPartOf\":{\"@id\":\"https:\\\/\\\/www.bellunopress.it\\\/#website\"},\"primaryImageOfPage\":{\"@id\":\"https:\\\/\\\/www.bellunopress.it\\\/2019\\\/03\\\/17\\\/riccardo-alfare-architetto-del-secolo-breve-martedi-laperitivo-bibliotecario-con-marta-azzalini\\\/#primaryimage\"},\"image\":{\"@id\":\"https:\\\/\\\/www.bellunopress.it\\\/2019\\\/03\\\/17\\\/riccardo-alfare-architetto-del-secolo-breve-martedi-laperitivo-bibliotecario-con-marta-azzalini\\\/#primaryimage\"},\"thumbnailUrl\":\"http:\\\/\\\/www.bellunopress.it\\\/wp-content\\\/uploads\\\/2009\\\/12\\\/crepadona.jpg\",\"datePublished\":\"2019-03-17T12:57:36+00:00\",\"dateModified\":\"2019-03-20T06:57:59+00:00\",\"breadcrumb\":{\"@id\":\"https:\\\/\\\/www.bellunopress.it\\\/2019\\\/03\\\/17\\\/riccardo-alfare-architetto-del-secolo-breve-martedi-laperitivo-bibliotecario-con-marta-azzalini\\\/#breadcrumb\"},\"inLanguage\":\"fr-FR\",\"potentialAction\":[{\"@type\":\"ReadAction\",\"target\":[\"https:\\\/\\\/www.bellunopress.it\\\/2019\\\/03\\\/17\\\/riccardo-alfare-architetto-del-secolo-breve-martedi-laperitivo-bibliotecario-con-marta-azzalini\\\/\"]}]},{\"@type\":\"ImageObject\",\"inLanguage\":\"fr-FR\",\"@id\":\"https:\\\/\\\/www.bellunopress.it\\\/2019\\\/03\\\/17\\\/riccardo-alfare-architetto-del-secolo-breve-martedi-laperitivo-bibliotecario-con-marta-azzalini\\\/#primaryimage\",\"url\":\"http:\\\/\\\/www.bellunopress.it\\\/wp-content\\\/uploads\\\/2009\\\/12\\\/crepadona.jpg\",\"contentUrl\":\"http:\\\/\\\/www.bellunopress.it\\\/wp-content\\\/uploads\\\/2009\\\/12\\\/crepadona.jpg\"},{\"@type\":\"BreadcrumbList\",\"@id\":\"https:\\\/\\\/www.bellunopress.it\\\/2019\\\/03\\\/17\\\/riccardo-alfare-architetto-del-secolo-breve-martedi-laperitivo-bibliotecario-con-marta-azzalini\\\/#breadcrumb\",\"itemListElement\":[{\"@type\":\"ListItem\",\"position\":1,\"name\":\"Home\",\"item\":\"https:\\\/\\\/www.bellunopress.it\\\/\"},{\"@type\":\"ListItem\",\"position\":2,\"name\":\"\u201cRiccardo Alfar\u00e8, architetto del Secolo breve\u201d. Marted\u00ec\u00a0l\u2019\u201caperitivo bibliotecario\u201d con Marta Azzalini\"}]},{\"@type\":\"WebSite\",\"@id\":\"https:\\\/\\\/www.bellunopress.it\\\/#website\",\"url\":\"https:\\\/\\\/www.bellunopress.it\\\/\",\"name\":\"Bellunopress - Dolomiti\",\"description\":\"e-mail: redazione@bellunopress.it\",\"publisher\":{\"@id\":\"https:\\\/\\\/www.bellunopress.it\\\/#organization\"},\"potentialAction\":[{\"@type\":\"SearchAction\",\"target\":{\"@type\":\"EntryPoint\",\"urlTemplate\":\"https:\\\/\\\/www.bellunopress.it\\\/?s={search_term_string}\"},\"query-input\":{\"@type\":\"PropertyValueSpecification\",\"valueRequired\":true,\"valueName\":\"search_term_string\"}}],\"inLanguage\":\"fr-FR\"},{\"@type\":\"Organization\",\"@id\":\"https:\\\/\\\/www.bellunopress.it\\\/#organization\",\"name\":\"Bellunopress\",\"url\":\"https:\\\/\\\/www.bellunopress.it\\\/\",\"logo\":{\"@type\":\"ImageObject\",\"inLanguage\":\"fr-FR\",\"@id\":\"https:\\\/\\\/www.bellunopress.it\\\/#\\\/schema\\\/logo\\\/image\\\/\",\"url\":\"https:\\\/\\\/www.bellunopress.it\\\/wp-content\\\/uploads\\\/2011\\\/05\\\/cropped-logo-bellunopress-.jpg\",\"contentUrl\":\"https:\\\/\\\/www.bellunopress.it\\\/wp-content\\\/uploads\\\/2011\\\/05\\\/cropped-logo-bellunopress-.jpg\",\"width\":512,\"height\":512,\"caption\":\"Bellunopress\"},\"image\":{\"@id\":\"https:\\\/\\\/www.bellunopress.it\\\/#\\\/schema\\\/logo\\\/image\\\/\"},\"sameAs\":[\"https:\\\/\\\/www.facebook.com\\\/profile.php?id=100008943462799\",\"https:\\\/\\\/x.com\\\/bellunopress\",\"https:\\\/\\\/www.linkedin.com\\\/hp\\\/?dnr=JBzUWaJfMUw8vbXJJ2tVW5-I3jZKvC4wsoxE&amp;amp;amp;amp;amp;amp;trk=nav_responsive_tab_home\",\"https:\\\/\\\/www.youtube.com\\\/channel\\\/UCxL0wu1uN0_3_7hGG0306cw\"]},{\"@type\":\"Person\",\"@id\":\"https:\\\/\\\/www.bellunopress.it\\\/#\\\/schema\\\/person\\\/79bb06722b37ece1c03d3e94beb30d73\",\"name\":\"redazione\",\"image\":{\"@type\":\"ImageObject\",\"inLanguage\":\"fr-FR\",\"@id\":\"https:\\\/\\\/secure.gravatar.com\\\/avatar\\\/37d968a2e67a6fd04c169c4bdef102d0bc5d31b2546345219e348575eb80e9a0?s=96&d=mm&r=g\",\"url\":\"https:\\\/\\\/secure.gravatar.com\\\/avatar\\\/37d968a2e67a6fd04c169c4bdef102d0bc5d31b2546345219e348575eb80e9a0?s=96&d=mm&r=g\",\"contentUrl\":\"https:\\\/\\\/secure.gravatar.com\\\/avatar\\\/37d968a2e67a6fd04c169c4bdef102d0bc5d31b2546345219e348575eb80e9a0?s=96&d=mm&r=g\",\"caption\":\"redazione\"},\"sameAs\":[\"http:\\\/\\\/www.bellunopress.it\",\"https:\\\/\\\/x.com\\\/bellunopress\"],\"url\":\"https:\\\/\\\/www.bellunopress.it\\\/fr\\\/author\\\/redazione\\\/\"}]}<\/script>\n<!-- \/ Yoast SEO plugin. -->","yoast_head_json":{"title":"\u201cRiccardo Alfar\u00e8, architetto del Secolo breve\u201d. Marted\u00ec\u00a0l\u2019\u201caperitivo bibliotecario\u201d con Marta Azzalini - Bellunopress - Dolomiti","robots":{"index":"index","follow":"follow","max-snippet":"max-snippet:-1","max-image-preview":"max-image-preview:large","max-video-preview":"max-video-preview:-1"},"canonical":"https:\/\/www.bellunopress.it\/fr\/2019\/03\/17\/riccardo-alfare-architetto-del-secolo-breve-martedi-laperitivo-bibliotecario-con-marta-azzalini\/","og_locale":"fr_FR","og_type":"article","og_title":"\u201cRiccardo Alfar\u00e8, architetto del Secolo breve\u201d. Marted\u00ec\u00a0l\u2019\u201caperitivo bibliotecario\u201d con Marta Azzalini - Bellunopress - Dolomiti","og_description":"Si recupera marted\u00ec 19 marzo alle 18.15, nella Sala di lettura della Biblioteca civica di Belluno, l\u201daperitivo bibliotecario\u201d dedicato a \u201cRiccardo Alfar\u00e8, architetto del Secolo breve\u201d, che era stato rinviato. L\u2019architetto bellunese, la cui famiglia era originaria del Comelico, ha realizzato numerosi progetti, a Belluno e non solo, a partire dai primi anni del XX [&hellip;]","og_url":"https:\/\/www.bellunopress.it\/fr\/2019\/03\/17\/riccardo-alfare-architetto-del-secolo-breve-martedi-laperitivo-bibliotecario-con-marta-azzalini\/","og_site_name":"Bellunopress - Dolomiti","article_publisher":"https:\/\/www.facebook.com\/profile.php?id=100008943462799","article_published_time":"2019-03-17T12:57:36+00:00","article_modified_time":"2019-03-20T06:57:59+00:00","og_image":[{"url":"http:\/\/www.bellunopress.it\/wp-content\/uploads\/2009\/12\/crepadona.jpg","type":"","width":"","height":""}],"author":"redazione","twitter_card":"summary_large_image","twitter_creator":"@bellunopress","twitter_site":"@bellunopress","twitter_misc":{"\u00c9crit par":"redazione","Dur\u00e9e de lecture estim\u00e9e":"1 minute"},"schema":{"@context":"https:\/\/schema.org","@graph":[{"@type":"Article","@id":"https:\/\/www.bellunopress.it\/2019\/03\/17\/riccardo-alfare-architetto-del-secolo-breve-martedi-laperitivo-bibliotecario-con-marta-azzalini\/#article","isPartOf":{"@id":"https:\/\/www.bellunopress.it\/2019\/03\/17\/riccardo-alfare-architetto-del-secolo-breve-martedi-laperitivo-bibliotecario-con-marta-azzalini\/"},"author":{"name":"redazione","@id":"https:\/\/www.bellunopress.it\/#\/schema\/person\/79bb06722b37ece1c03d3e94beb30d73"},"headline":"\u201cRiccardo Alfar\u00e8, architetto del Secolo breve\u201d. Marted\u00ec\u00a0l\u2019\u201caperitivo bibliotecario\u201d con Marta Azzalini","datePublished":"2019-03-17T12:57:36+00:00","dateModified":"2019-03-20T06:57:59+00:00","mainEntityOfPage":{"@id":"https:\/\/www.bellunopress.it\/2019\/03\/17\/riccardo-alfare-architetto-del-secolo-breve-martedi-laperitivo-bibliotecario-con-marta-azzalini\/"},"wordCount":191,"publisher":{"@id":"https:\/\/www.bellunopress.it\/#organization"},"image":{"@id":"https:\/\/www.bellunopress.it\/2019\/03\/17\/riccardo-alfare-architetto-del-secolo-breve-martedi-laperitivo-bibliotecario-con-marta-azzalini\/#primaryimage"},"thumbnailUrl":"http:\/\/www.bellunopress.it\/wp-content\/uploads\/2009\/12\/crepadona.jpg","articleSection":["Appuntamenti, Eventi","Arte, Cultura, Spettacoli, Scienza"],"inLanguage":"fr-FR"},{"@type":"WebPage","@id":"https:\/\/www.bellunopress.it\/2019\/03\/17\/riccardo-alfare-architetto-del-secolo-breve-martedi-laperitivo-bibliotecario-con-marta-azzalini\/","url":"https:\/\/www.bellunopress.it\/2019\/03\/17\/riccardo-alfare-architetto-del-secolo-breve-martedi-laperitivo-bibliotecario-con-marta-azzalini\/","name":"\u201cRiccardo Alfar\u00e8, architetto del Secolo breve\u201d. Marted\u00ec\u00a0l\u2019\u201caperitivo bibliotecario\u201d con Marta Azzalini - Bellunopress - Dolomiti","isPartOf":{"@id":"https:\/\/www.bellunopress.it\/#website"},"primaryImageOfPage":{"@id":"https:\/\/www.bellunopress.it\/2019\/03\/17\/riccardo-alfare-architetto-del-secolo-breve-martedi-laperitivo-bibliotecario-con-marta-azzalini\/#primaryimage"},"image":{"@id":"https:\/\/www.bellunopress.it\/2019\/03\/17\/riccardo-alfare-architetto-del-secolo-breve-martedi-laperitivo-bibliotecario-con-marta-azzalini\/#primaryimage"},"thumbnailUrl":"http:\/\/www.bellunopress.it\/wp-content\/uploads\/2009\/12\/crepadona.jpg","datePublished":"2019-03-17T12:57:36+00:00","dateModified":"2019-03-20T06:57:59+00:00","breadcrumb":{"@id":"https:\/\/www.bellunopress.it\/2019\/03\/17\/riccardo-alfare-architetto-del-secolo-breve-martedi-laperitivo-bibliotecario-con-marta-azzalini\/#breadcrumb"},"inLanguage":"fr-FR","potentialAction":[{"@type":"ReadAction","target":["https:\/\/www.bellunopress.it\/2019\/03\/17\/riccardo-alfare-architetto-del-secolo-breve-martedi-laperitivo-bibliotecario-con-marta-azzalini\/"]}]},{"@type":"ImageObject","inLanguage":"fr-FR","@id":"https:\/\/www.bellunopress.it\/2019\/03\/17\/riccardo-alfare-architetto-del-secolo-breve-martedi-laperitivo-bibliotecario-con-marta-azzalini\/#primaryimage","url":"http:\/\/www.bellunopress.it\/wp-content\/uploads\/2009\/12\/crepadona.jpg","contentUrl":"http:\/\/www.bellunopress.it\/wp-content\/uploads\/2009\/12\/crepadona.jpg"},{"@type":"BreadcrumbList","@id":"https:\/\/www.bellunopress.it\/2019\/03\/17\/riccardo-alfare-architetto-del-secolo-breve-martedi-laperitivo-bibliotecario-con-marta-azzalini\/#breadcrumb","itemListElement":[{"@type":"ListItem","position":1,"name":"Home","item":"https:\/\/www.bellunopress.it\/"},{"@type":"ListItem","position":2,"name":"\u201cRiccardo Alfar\u00e8, architetto del Secolo breve\u201d. Marted\u00ec\u00a0l\u2019\u201caperitivo bibliotecario\u201d con Marta Azzalini"}]},{"@type":"WebSite","@id":"https:\/\/www.bellunopress.it\/#website","url":"https:\/\/www.bellunopress.it\/","name":"Bellunopress - Dolomiti","description":"e-mail: redazione@bellunopress.it","publisher":{"@id":"https:\/\/www.bellunopress.it\/#organization"},"potentialAction":[{"@type":"SearchAction","target":{"@type":"EntryPoint","urlTemplate":"https:\/\/www.bellunopress.it\/?s={search_term_string}"},"query-input":{"@type":"PropertyValueSpecification","valueRequired":true,"valueName":"search_term_string"}}],"inLanguage":"fr-FR"},{"@type":"Organization","@id":"https:\/\/www.bellunopress.it\/#organization","name":"Bellunopress","url":"https:\/\/www.bellunopress.it\/","logo":{"@type":"ImageObject","inLanguage":"fr-FR","@id":"https:\/\/www.bellunopress.it\/#\/schema\/logo\/image\/","url":"https:\/\/www.bellunopress.it\/wp-content\/uploads\/2011\/05\/cropped-logo-bellunopress-.jpg","contentUrl":"https:\/\/www.bellunopress.it\/wp-content\/uploads\/2011\/05\/cropped-logo-bellunopress-.jpg","width":512,"height":512,"caption":"Bellunopress"},"image":{"@id":"https:\/\/www.bellunopress.it\/#\/schema\/logo\/image\/"},"sameAs":["https:\/\/www.facebook.com\/profile.php?id=100008943462799","https:\/\/x.com\/bellunopress","https:\/\/www.linkedin.com\/hp\/?dnr=JBzUWaJfMUw8vbXJJ2tVW5-I3jZKvC4wsoxE&amp;amp;amp;amp;amp;amp;trk=nav_responsive_tab_home","https:\/\/www.youtube.com\/channel\/UCxL0wu1uN0_3_7hGG0306cw"]},{"@type":"Person","@id":"https:\/\/www.bellunopress.it\/#\/schema\/person\/79bb06722b37ece1c03d3e94beb30d73","name":"r\u00e9daction","image":{"@type":"ImageObject","inLanguage":"fr-FR","@id":"https:\/\/secure.gravatar.com\/avatar\/37d968a2e67a6fd04c169c4bdef102d0bc5d31b2546345219e348575eb80e9a0?s=96&d=mm&r=g","url":"https:\/\/secure.gravatar.com\/avatar\/37d968a2e67a6fd04c169c4bdef102d0bc5d31b2546345219e348575eb80e9a0?s=96&d=mm&r=g","contentUrl":"https:\/\/secure.gravatar.com\/avatar\/37d968a2e67a6fd04c169c4bdef102d0bc5d31b2546345219e348575eb80e9a0?s=96&d=mm&r=g","caption":"redazione"},"sameAs":["http:\/\/www.bellunopress.it","https:\/\/x.com\/bellunopress"],"url":"https:\/\/www.bellunopress.it\/fr\/author\/redazione\/"}]}},"_links":{"self":[{"href":"https:\/\/www.bellunopress.it\/fr\/wp-json\/wp\/v2\/posts\/102895","targetHints":{"allow":["GET"]}}],"collection":[{"href":"https:\/\/www.bellunopress.it\/fr\/wp-json\/wp\/v2\/posts"}],"about":[{"href":"https:\/\/www.bellunopress.it\/fr\/wp-json\/wp\/v2\/types\/post"}],"author":[{"embeddable":true,"href":"https:\/\/www.bellunopress.it\/fr\/wp-json\/wp\/v2\/users\/2"}],"replies":[{"embeddable":true,"href":"https:\/\/www.bellunopress.it\/fr\/wp-json\/wp\/v2\/comments?post=102895"}],"version-history":[{"count":1,"href":"https:\/\/www.bellunopress.it\/fr\/wp-json\/wp\/v2\/posts\/102895\/revisions"}],"predecessor-version":[{"id":102896,"href":"https:\/\/www.bellunopress.it\/fr\/wp-json\/wp\/v2\/posts\/102895\/revisions\/102896"}],"wp:attachment":[{"href":"https:\/\/www.bellunopress.it\/fr\/wp-json\/wp\/v2\/media?parent=102895"}],"wp:term":[{"taxonomy":"category","embeddable":true,"href":"https:\/\/www.bellunopress.it\/fr\/wp-json\/wp\/v2\/categories?post=102895"},{"taxonomy":"post_tag","embeddable":true,"href":"https:\/\/www.bellunopress.it\/fr\/wp-json\/wp\/v2\/tags?post=102895"}],"curies":[{"name":"wp","href":"https:\/\/api.w.org\/{rel}","templated":true}]}}