{"id":102860,"date":"2019-03-14T14:44:00","date_gmt":"2019-03-14T13:44:00","guid":{"rendered":"http:\/\/www.bellunopress.it\/?p=102860"},"modified":"2019-03-14T14:44:00","modified_gmt":"2019-03-14T13:44:00","slug":"simbolo-di-eleganza-e-tecnologia-italiane-per-i-tedeschi-vespa-e-il-miglior-scooter-al-mondo-il-mensile-motorrad-elegge-la-gts-moto-dellanno","status":"publish","type":"post","link":"https:\/\/www.bellunopress.it\/fr\/2019\/03\/14\/simbolo-di-eleganza-e-tecnologia-italiane-per-i-tedeschi-vespa-e-il-miglior-scooter-al-mondo-il-mensile-motorrad-elegge-la-gts-moto-dellanno\/","title":{"rendered":"Simbolo di eleganza e tecnologia italiane. Per i tedeschi Vespa \u00e8 il miglior scooter al mondo. Il mensile Motorrad elegge la Gts &#8220;Moto dell&#8217;anno&#8221;"},"content":{"rendered":"<p><a href=\"http:\/\/www.bellunopress.it\/fr\/2019\/03\/14\/simbolo-di-eleganza-e-tecnologia-italiane-per-i-tedeschi-vespa-e-il-miglior-scooter-al-mondo-il-mensile-motorrad-elegge-la-gts-moto-dellanno\/vespa-gts-300-hpe\/\" rel=\"attachment wp-att-102861\"><img loading=\"lazy\" decoding=\"async\" class=\"alignleft size-full wp-image-102861\" src=\"http:\/\/www.bellunopress.it\/wp-content\/uploads\/2019\/03\/vespa-gts-300-hpe.jpg\" alt=\"\" width=\"290\" height=\"223\" \/><\/a>Milano, 14 mar 2019 &#8211; Per i tedeschi non ci sono dubbi, Vespa, brand simbolo della tecnologia e dello stile italiano, \u00e8 lo scooter migliore al mondo.<br \/>\nCos\u00ec oltre 47mila lettori dell\u2019autorevole mensile Motorrad, una delle \u201cbibbie\u201d a livello mondiale per i motociclisti, hanno votato Vespa Gts come \u201cMoto dell\u2019Anno\u201d nella categoria scooter. E\u2019 lei, l&#8217;italiana dalle forme eleganti e sinuose, unica nel suo corpo interamente in acciaio, la migliore in assoluto, la pi\u00f9 desiderabile nel campo scooter, addirittura precedendo anche alcuni \u201cpadroni di casa\u201d come il BmwW CEvolution, il Bmw C 650 oltre che il giapponese Yamaha T-Max DX.<\/p>\n<p>Vespa ha gi\u00e0 ottenuto pi\u00f9 volte questo importante riconoscimento tanto che il sito web del mensile commenta: \u201cNon importa quanta potenza o tecnica gli altri scooter mettano in campo, alla fine in cima al podio c\u2019\u00e8 sempre questa ragazza italiana\u201d.<\/p>\n<p>Vespa festeggia cos\u00ec uno dei momenti pi\u00f9 felici nella sua storia. Nel 2018 le vendite sono cresciute del 16% rispetto ai numeri da record fatti segnare nel 2017, superando la cifra straordinaria di 210mila pezzi.<br \/>\nE negli ultimi dieci anni oltre 1,6 milioni di nuove Vespa sono state prodotte e vendute in tutto il mondo.<\/p>\n<p>Vespa Gts raccoglie l\u2019eredit\u00e0 del mitico \u201cVespone\u201d, cos\u00ec sono sempre state chiamate le Vespa con la scocca pi\u00f9 grande. Vespa con le quali muoversi elegantemente in citt\u00e0 ma anche pronte al viaggio. E per il 2019 l\u2019intera famiglia Vespa Gts migliora prestazioni, comfort e stile. Grazie, soprattutto, al nuovo motore 300 hpe, pi\u00f9 evoluto ed efficiente in termini di contenimento di emissioni e consumi. Con oltre 23 Cv, \u00e8 il motore pi\u00f9 potente mai adottato su una Vespa.<\/p>","protected":false},"excerpt":{"rendered":"<p>Milano, 14 mar 2019 &#8211; Per i tedeschi non ci sono dubbi, Vespa, brand simbolo della tecnologia e dello stile italiano, \u00e8 lo scooter migliore al mondo. Cos\u00ec oltre 47mila lettori dell\u2019autorevole mensile Motorrad, una delle \u201cbibbie\u201d a livello mondiale per i motociclisti, hanno votato Vespa Gts come \u201cMoto dell\u2019Anno\u201d nella categoria scooter. E\u2019 lei, [&hellip;]<\/p>\n","protected":false},"author":2,"featured_media":0,"comment_status":"closed","ping_status":"open","sticky":false,"template":"","format":"standard","meta":{"footnotes":""},"categories":[36,26],"tags":[],"class_list":["post-102860","post","type-post","status-publish","format-standard","category-lavoro-economia","category-prima-pagina"],"yoast_head":"<!-- This site is optimized with the Yoast SEO plugin v28.4 - https:\/\/yoast.com\/product\/yoast-seo-wordpress\/ -->\n<title>Simbolo di eleganza e tecnologia italiane. Per i tedeschi Vespa \u00e8 il miglior scooter al mondo. Il mensile Motorrad elegge la Gts &quot;Moto dell&#039;anno&quot; - Bellunopress - Dolomiti<\/title>\n<meta name=\"robots\" content=\"index, follow, max-snippet:-1, max-image-preview:large, max-video-preview:-1\" \/>\n<link rel=\"canonical\" href=\"https:\/\/www.bellunopress.it\/fr\/2019\/03\/14\/simbolo-di-eleganza-e-tecnologia-italiane-per-i-tedeschi-vespa-e-il-miglior-scooter-al-mondo-il-mensile-motorrad-elegge-la-gts-moto-dellanno\/\" \/>\n<meta property=\"og:locale\" content=\"fr_FR\" \/>\n<meta property=\"og:type\" content=\"article\" \/>\n<meta property=\"og:title\" content=\"Simbolo di eleganza e tecnologia italiane. Per i tedeschi Vespa \u00e8 il miglior scooter al mondo. Il mensile Motorrad elegge la Gts &quot;Moto dell&#039;anno&quot; - Bellunopress - Dolomiti\" \/>\n<meta property=\"og:description\" content=\"Milano, 14 mar 2019 &#8211; Per i tedeschi non ci sono dubbi, Vespa, brand simbolo della tecnologia e dello stile italiano, \u00e8 lo scooter migliore al mondo. Cos\u00ec oltre 47mila lettori dell\u2019autorevole mensile Motorrad, una delle \u201cbibbie\u201d a livello mondiale per i motociclisti, hanno votato Vespa Gts come \u201cMoto dell\u2019Anno\u201d nella categoria scooter. E\u2019 lei, [&hellip;]\" \/>\n<meta property=\"og:url\" content=\"https:\/\/www.bellunopress.it\/fr\/2019\/03\/14\/simbolo-di-eleganza-e-tecnologia-italiane-per-i-tedeschi-vespa-e-il-miglior-scooter-al-mondo-il-mensile-motorrad-elegge-la-gts-moto-dellanno\/\" \/>\n<meta property=\"og:site_name\" content=\"Bellunopress - Dolomiti\" \/>\n<meta property=\"article:publisher\" content=\"https:\/\/www.facebook.com\/profile.php?id=100008943462799\" \/>\n<meta property=\"article:published_time\" content=\"2019-03-14T13:44:00+00:00\" \/>\n<meta property=\"og:image\" content=\"http:\/\/www.bellunopress.it\/wp-content\/uploads\/2019\/03\/vespa-gts-300-hpe.jpg\" \/>\n<meta name=\"author\" content=\"redazione\" \/>\n<meta name=\"twitter:card\" content=\"summary_large_image\" \/>\n<meta name=\"twitter:creator\" content=\"@bellunopress\" \/>\n<meta name=\"twitter:site\" content=\"@bellunopress\" \/>\n<meta name=\"twitter:label1\" content=\"\u00c9crit par\" \/>\n\t<meta name=\"twitter:data1\" content=\"redazione\" \/>\n\t<meta name=\"twitter:label2\" content=\"Dur\u00e9e de lecture estim\u00e9e\" \/>\n\t<meta name=\"twitter:data2\" content=\"1 minute\" \/>\n<script type=\"application\/ld+json\" class=\"yoast-schema-graph\">{\"@context\":\"https:\\\/\\\/schema.org\",\"@graph\":[{\"@type\":\"Article\",\"@id\":\"https:\\\/\\\/www.bellunopress.it\\\/2019\\\/03\\\/14\\\/simbolo-di-eleganza-e-tecnologia-italiane-per-i-tedeschi-vespa-e-il-miglior-scooter-al-mondo-il-mensile-motorrad-elegge-la-gts-moto-dellanno\\\/#article\",\"isPartOf\":{\"@id\":\"https:\\\/\\\/www.bellunopress.it\\\/2019\\\/03\\\/14\\\/simbolo-di-eleganza-e-tecnologia-italiane-per-i-tedeschi-vespa-e-il-miglior-scooter-al-mondo-il-mensile-motorrad-elegge-la-gts-moto-dellanno\\\/\"},\"author\":{\"name\":\"redazione\",\"@id\":\"https:\\\/\\\/www.bellunopress.it\\\/#\\\/schema\\\/person\\\/79bb06722b37ece1c03d3e94beb30d73\"},\"headline\":\"Simbolo di eleganza e tecnologia italiane. Per i tedeschi Vespa \u00e8 il miglior scooter al mondo. Il mensile Motorrad elegge la Gts &#8220;Moto dell&#8217;anno&#8221;\",\"datePublished\":\"2019-03-14T13:44:00+00:00\",\"mainEntityOfPage\":{\"@id\":\"https:\\\/\\\/www.bellunopress.it\\\/2019\\\/03\\\/14\\\/simbolo-di-eleganza-e-tecnologia-italiane-per-i-tedeschi-vespa-e-il-miglior-scooter-al-mondo-il-mensile-motorrad-elegge-la-gts-moto-dellanno\\\/\"},\"wordCount\":290,\"publisher\":{\"@id\":\"https:\\\/\\\/www.bellunopress.it\\\/#organization\"},\"image\":{\"@id\":\"https:\\\/\\\/www.bellunopress.it\\\/2019\\\/03\\\/14\\\/simbolo-di-eleganza-e-tecnologia-italiane-per-i-tedeschi-vespa-e-il-miglior-scooter-al-mondo-il-mensile-motorrad-elegge-la-gts-moto-dellanno\\\/#primaryimage\"},\"thumbnailUrl\":\"http:\\\/\\\/www.bellunopress.it\\\/wp-content\\\/uploads\\\/2019\\\/03\\\/vespa-gts-300-hpe.jpg\",\"articleSection\":[\"Lavoro, Economia, Turismo\",\"Prima Pagina\"],\"inLanguage\":\"fr-FR\"},{\"@type\":\"WebPage\",\"@id\":\"https:\\\/\\\/www.bellunopress.it\\\/2019\\\/03\\\/14\\\/simbolo-di-eleganza-e-tecnologia-italiane-per-i-tedeschi-vespa-e-il-miglior-scooter-al-mondo-il-mensile-motorrad-elegge-la-gts-moto-dellanno\\\/\",\"url\":\"https:\\\/\\\/www.bellunopress.it\\\/2019\\\/03\\\/14\\\/simbolo-di-eleganza-e-tecnologia-italiane-per-i-tedeschi-vespa-e-il-miglior-scooter-al-mondo-il-mensile-motorrad-elegge-la-gts-moto-dellanno\\\/\",\"name\":\"Simbolo di eleganza e tecnologia italiane. Per i tedeschi Vespa \u00e8 il miglior scooter al mondo. Il mensile Motorrad elegge la Gts \\\"Moto dell'anno\\\" - Bellunopress - Dolomiti\",\"isPartOf\":{\"@id\":\"https:\\\/\\\/www.bellunopress.it\\\/#website\"},\"primaryImageOfPage\":{\"@id\":\"https:\\\/\\\/www.bellunopress.it\\\/2019\\\/03\\\/14\\\/simbolo-di-eleganza-e-tecnologia-italiane-per-i-tedeschi-vespa-e-il-miglior-scooter-al-mondo-il-mensile-motorrad-elegge-la-gts-moto-dellanno\\\/#primaryimage\"},\"image\":{\"@id\":\"https:\\\/\\\/www.bellunopress.it\\\/2019\\\/03\\\/14\\\/simbolo-di-eleganza-e-tecnologia-italiane-per-i-tedeschi-vespa-e-il-miglior-scooter-al-mondo-il-mensile-motorrad-elegge-la-gts-moto-dellanno\\\/#primaryimage\"},\"thumbnailUrl\":\"http:\\\/\\\/www.bellunopress.it\\\/wp-content\\\/uploads\\\/2019\\\/03\\\/vespa-gts-300-hpe.jpg\",\"datePublished\":\"2019-03-14T13:44:00+00:00\",\"breadcrumb\":{\"@id\":\"https:\\\/\\\/www.bellunopress.it\\\/2019\\\/03\\\/14\\\/simbolo-di-eleganza-e-tecnologia-italiane-per-i-tedeschi-vespa-e-il-miglior-scooter-al-mondo-il-mensile-motorrad-elegge-la-gts-moto-dellanno\\\/#breadcrumb\"},\"inLanguage\":\"fr-FR\",\"potentialAction\":[{\"@type\":\"ReadAction\",\"target\":[\"https:\\\/\\\/www.bellunopress.it\\\/2019\\\/03\\\/14\\\/simbolo-di-eleganza-e-tecnologia-italiane-per-i-tedeschi-vespa-e-il-miglior-scooter-al-mondo-il-mensile-motorrad-elegge-la-gts-moto-dellanno\\\/\"]}]},{\"@type\":\"ImageObject\",\"inLanguage\":\"fr-FR\",\"@id\":\"https:\\\/\\\/www.bellunopress.it\\\/2019\\\/03\\\/14\\\/simbolo-di-eleganza-e-tecnologia-italiane-per-i-tedeschi-vespa-e-il-miglior-scooter-al-mondo-il-mensile-motorrad-elegge-la-gts-moto-dellanno\\\/#primaryimage\",\"url\":\"http:\\\/\\\/www.bellunopress.it\\\/wp-content\\\/uploads\\\/2019\\\/03\\\/vespa-gts-300-hpe.jpg\",\"contentUrl\":\"http:\\\/\\\/www.bellunopress.it\\\/wp-content\\\/uploads\\\/2019\\\/03\\\/vespa-gts-300-hpe.jpg\"},{\"@type\":\"BreadcrumbList\",\"@id\":\"https:\\\/\\\/www.bellunopress.it\\\/2019\\\/03\\\/14\\\/simbolo-di-eleganza-e-tecnologia-italiane-per-i-tedeschi-vespa-e-il-miglior-scooter-al-mondo-il-mensile-motorrad-elegge-la-gts-moto-dellanno\\\/#breadcrumb\",\"itemListElement\":[{\"@type\":\"ListItem\",\"position\":1,\"name\":\"Home\",\"item\":\"https:\\\/\\\/www.bellunopress.it\\\/\"},{\"@type\":\"ListItem\",\"position\":2,\"name\":\"Simbolo di eleganza e tecnologia italiane. Per i tedeschi Vespa \u00e8 il miglior scooter al mondo. Il mensile Motorrad elegge la Gts &#8220;Moto dell&#8217;anno&#8221;\"}]},{\"@type\":\"WebSite\",\"@id\":\"https:\\\/\\\/www.bellunopress.it\\\/#website\",\"url\":\"https:\\\/\\\/www.bellunopress.it\\\/\",\"name\":\"Bellunopress - Dolomiti\",\"description\":\"e-mail: redazione@bellunopress.it\",\"publisher\":{\"@id\":\"https:\\\/\\\/www.bellunopress.it\\\/#organization\"},\"potentialAction\":[{\"@type\":\"SearchAction\",\"target\":{\"@type\":\"EntryPoint\",\"urlTemplate\":\"https:\\\/\\\/www.bellunopress.it\\\/?s={search_term_string}\"},\"query-input\":{\"@type\":\"PropertyValueSpecification\",\"valueRequired\":true,\"valueName\":\"search_term_string\"}}],\"inLanguage\":\"fr-FR\"},{\"@type\":\"Organization\",\"@id\":\"https:\\\/\\\/www.bellunopress.it\\\/#organization\",\"name\":\"Bellunopress\",\"url\":\"https:\\\/\\\/www.bellunopress.it\\\/\",\"logo\":{\"@type\":\"ImageObject\",\"inLanguage\":\"fr-FR\",\"@id\":\"https:\\\/\\\/www.bellunopress.it\\\/#\\\/schema\\\/logo\\\/image\\\/\",\"url\":\"https:\\\/\\\/www.bellunopress.it\\\/wp-content\\\/uploads\\\/2011\\\/05\\\/cropped-logo-bellunopress-.jpg\",\"contentUrl\":\"https:\\\/\\\/www.bellunopress.it\\\/wp-content\\\/uploads\\\/2011\\\/05\\\/cropped-logo-bellunopress-.jpg\",\"width\":512,\"height\":512,\"caption\":\"Bellunopress\"},\"image\":{\"@id\":\"https:\\\/\\\/www.bellunopress.it\\\/#\\\/schema\\\/logo\\\/image\\\/\"},\"sameAs\":[\"https:\\\/\\\/www.facebook.com\\\/profile.php?id=100008943462799\",\"https:\\\/\\\/x.com\\\/bellunopress\",\"https:\\\/\\\/www.linkedin.com\\\/hp\\\/?dnr=JBzUWaJfMUw8vbXJJ2tVW5-I3jZKvC4wsoxE&amp;amp;amp;amp;amp;amp;trk=nav_responsive_tab_home\",\"https:\\\/\\\/www.youtube.com\\\/channel\\\/UCxL0wu1uN0_3_7hGG0306cw\"]},{\"@type\":\"Person\",\"@id\":\"https:\\\/\\\/www.bellunopress.it\\\/#\\\/schema\\\/person\\\/79bb06722b37ece1c03d3e94beb30d73\",\"name\":\"redazione\",\"image\":{\"@type\":\"ImageObject\",\"inLanguage\":\"fr-FR\",\"@id\":\"https:\\\/\\\/secure.gravatar.com\\\/avatar\\\/37d968a2e67a6fd04c169c4bdef102d0bc5d31b2546345219e348575eb80e9a0?s=96&d=mm&r=g\",\"url\":\"https:\\\/\\\/secure.gravatar.com\\\/avatar\\\/37d968a2e67a6fd04c169c4bdef102d0bc5d31b2546345219e348575eb80e9a0?s=96&d=mm&r=g\",\"contentUrl\":\"https:\\\/\\\/secure.gravatar.com\\\/avatar\\\/37d968a2e67a6fd04c169c4bdef102d0bc5d31b2546345219e348575eb80e9a0?s=96&d=mm&r=g\",\"caption\":\"redazione\"},\"sameAs\":[\"http:\\\/\\\/www.bellunopress.it\",\"https:\\\/\\\/x.com\\\/bellunopress\"],\"url\":\"https:\\\/\\\/www.bellunopress.it\\\/fr\\\/author\\\/redazione\\\/\"}]}<\/script>\n<!-- \/ Yoast SEO plugin. -->","yoast_head_json":{"title":"Simbolo di eleganza e tecnologia italiane. Per i tedeschi Vespa \u00e8 il miglior scooter al mondo. Il mensile Motorrad elegge la Gts \"Moto dell'anno\" - Bellunopress - Dolomiti","robots":{"index":"index","follow":"follow","max-snippet":"max-snippet:-1","max-image-preview":"max-image-preview:large","max-video-preview":"max-video-preview:-1"},"canonical":"https:\/\/www.bellunopress.it\/fr\/2019\/03\/14\/simbolo-di-eleganza-e-tecnologia-italiane-per-i-tedeschi-vespa-e-il-miglior-scooter-al-mondo-il-mensile-motorrad-elegge-la-gts-moto-dellanno\/","og_locale":"fr_FR","og_type":"article","og_title":"Simbolo di eleganza e tecnologia italiane. Per i tedeschi Vespa \u00e8 il miglior scooter al mondo. Il mensile Motorrad elegge la Gts \"Moto dell'anno\" - Bellunopress - Dolomiti","og_description":"Milano, 14 mar 2019 &#8211; Per i tedeschi non ci sono dubbi, Vespa, brand simbolo della tecnologia e dello stile italiano, \u00e8 lo scooter migliore al mondo. Cos\u00ec oltre 47mila lettori dell\u2019autorevole mensile Motorrad, una delle \u201cbibbie\u201d a livello mondiale per i motociclisti, hanno votato Vespa Gts come \u201cMoto dell\u2019Anno\u201d nella categoria scooter. E\u2019 lei, [&hellip;]","og_url":"https:\/\/www.bellunopress.it\/fr\/2019\/03\/14\/simbolo-di-eleganza-e-tecnologia-italiane-per-i-tedeschi-vespa-e-il-miglior-scooter-al-mondo-il-mensile-motorrad-elegge-la-gts-moto-dellanno\/","og_site_name":"Bellunopress - Dolomiti","article_publisher":"https:\/\/www.facebook.com\/profile.php?id=100008943462799","article_published_time":"2019-03-14T13:44:00+00:00","og_image":[{"url":"http:\/\/www.bellunopress.it\/wp-content\/uploads\/2019\/03\/vespa-gts-300-hpe.jpg","type":"","width":"","height":""}],"author":"redazione","twitter_card":"summary_large_image","twitter_creator":"@bellunopress","twitter_site":"@bellunopress","twitter_misc":{"\u00c9crit par":"redazione","Dur\u00e9e de lecture estim\u00e9e":"1 minute"},"schema":{"@context":"https:\/\/schema.org","@graph":[{"@type":"Article","@id":"https:\/\/www.bellunopress.it\/2019\/03\/14\/simbolo-di-eleganza-e-tecnologia-italiane-per-i-tedeschi-vespa-e-il-miglior-scooter-al-mondo-il-mensile-motorrad-elegge-la-gts-moto-dellanno\/#article","isPartOf":{"@id":"https:\/\/www.bellunopress.it\/2019\/03\/14\/simbolo-di-eleganza-e-tecnologia-italiane-per-i-tedeschi-vespa-e-il-miglior-scooter-al-mondo-il-mensile-motorrad-elegge-la-gts-moto-dellanno\/"},"author":{"name":"redazione","@id":"https:\/\/www.bellunopress.it\/#\/schema\/person\/79bb06722b37ece1c03d3e94beb30d73"},"headline":"Simbolo di eleganza e tecnologia italiane. Per i tedeschi Vespa \u00e8 il miglior scooter al mondo. Il mensile Motorrad elegge la Gts &#8220;Moto dell&#8217;anno&#8221;","datePublished":"2019-03-14T13:44:00+00:00","mainEntityOfPage":{"@id":"https:\/\/www.bellunopress.it\/2019\/03\/14\/simbolo-di-eleganza-e-tecnologia-italiane-per-i-tedeschi-vespa-e-il-miglior-scooter-al-mondo-il-mensile-motorrad-elegge-la-gts-moto-dellanno\/"},"wordCount":290,"publisher":{"@id":"https:\/\/www.bellunopress.it\/#organization"},"image":{"@id":"https:\/\/www.bellunopress.it\/2019\/03\/14\/simbolo-di-eleganza-e-tecnologia-italiane-per-i-tedeschi-vespa-e-il-miglior-scooter-al-mondo-il-mensile-motorrad-elegge-la-gts-moto-dellanno\/#primaryimage"},"thumbnailUrl":"http:\/\/www.bellunopress.it\/wp-content\/uploads\/2019\/03\/vespa-gts-300-hpe.jpg","articleSection":["Lavoro, Economia, Turismo","Prima Pagina"],"inLanguage":"fr-FR"},{"@type":"WebPage","@id":"https:\/\/www.bellunopress.it\/2019\/03\/14\/simbolo-di-eleganza-e-tecnologia-italiane-per-i-tedeschi-vespa-e-il-miglior-scooter-al-mondo-il-mensile-motorrad-elegge-la-gts-moto-dellanno\/","url":"https:\/\/www.bellunopress.it\/2019\/03\/14\/simbolo-di-eleganza-e-tecnologia-italiane-per-i-tedeschi-vespa-e-il-miglior-scooter-al-mondo-il-mensile-motorrad-elegge-la-gts-moto-dellanno\/","name":"Simbolo di eleganza e tecnologia italiane. Per i tedeschi Vespa \u00e8 il miglior scooter al mondo. Il mensile Motorrad elegge la Gts \"Moto dell'anno\" - Bellunopress - Dolomiti","isPartOf":{"@id":"https:\/\/www.bellunopress.it\/#website"},"primaryImageOfPage":{"@id":"https:\/\/www.bellunopress.it\/2019\/03\/14\/simbolo-di-eleganza-e-tecnologia-italiane-per-i-tedeschi-vespa-e-il-miglior-scooter-al-mondo-il-mensile-motorrad-elegge-la-gts-moto-dellanno\/#primaryimage"},"image":{"@id":"https:\/\/www.bellunopress.it\/2019\/03\/14\/simbolo-di-eleganza-e-tecnologia-italiane-per-i-tedeschi-vespa-e-il-miglior-scooter-al-mondo-il-mensile-motorrad-elegge-la-gts-moto-dellanno\/#primaryimage"},"thumbnailUrl":"http:\/\/www.bellunopress.it\/wp-content\/uploads\/2019\/03\/vespa-gts-300-hpe.jpg","datePublished":"2019-03-14T13:44:00+00:00","breadcrumb":{"@id":"https:\/\/www.bellunopress.it\/2019\/03\/14\/simbolo-di-eleganza-e-tecnologia-italiane-per-i-tedeschi-vespa-e-il-miglior-scooter-al-mondo-il-mensile-motorrad-elegge-la-gts-moto-dellanno\/#breadcrumb"},"inLanguage":"fr-FR","potentialAction":[{"@type":"ReadAction","target":["https:\/\/www.bellunopress.it\/2019\/03\/14\/simbolo-di-eleganza-e-tecnologia-italiane-per-i-tedeschi-vespa-e-il-miglior-scooter-al-mondo-il-mensile-motorrad-elegge-la-gts-moto-dellanno\/"]}]},{"@type":"ImageObject","inLanguage":"fr-FR","@id":"https:\/\/www.bellunopress.it\/2019\/03\/14\/simbolo-di-eleganza-e-tecnologia-italiane-per-i-tedeschi-vespa-e-il-miglior-scooter-al-mondo-il-mensile-motorrad-elegge-la-gts-moto-dellanno\/#primaryimage","url":"http:\/\/www.bellunopress.it\/wp-content\/uploads\/2019\/03\/vespa-gts-300-hpe.jpg","contentUrl":"http:\/\/www.bellunopress.it\/wp-content\/uploads\/2019\/03\/vespa-gts-300-hpe.jpg"},{"@type":"BreadcrumbList","@id":"https:\/\/www.bellunopress.it\/2019\/03\/14\/simbolo-di-eleganza-e-tecnologia-italiane-per-i-tedeschi-vespa-e-il-miglior-scooter-al-mondo-il-mensile-motorrad-elegge-la-gts-moto-dellanno\/#breadcrumb","itemListElement":[{"@type":"ListItem","position":1,"name":"Home","item":"https:\/\/www.bellunopress.it\/"},{"@type":"ListItem","position":2,"name":"Simbolo di eleganza e tecnologia italiane. Per i tedeschi Vespa \u00e8 il miglior scooter al mondo. Il mensile Motorrad elegge la Gts &#8220;Moto dell&#8217;anno&#8221;"}]},{"@type":"WebSite","@id":"https:\/\/www.bellunopress.it\/#website","url":"https:\/\/www.bellunopress.it\/","name":"Bellunopress - Dolomiti","description":"e-mail: redazione@bellunopress.it","publisher":{"@id":"https:\/\/www.bellunopress.it\/#organization"},"potentialAction":[{"@type":"SearchAction","target":{"@type":"EntryPoint","urlTemplate":"https:\/\/www.bellunopress.it\/?s={search_term_string}"},"query-input":{"@type":"PropertyValueSpecification","valueRequired":true,"valueName":"search_term_string"}}],"inLanguage":"fr-FR"},{"@type":"Organization","@id":"https:\/\/www.bellunopress.it\/#organization","name":"Bellunopress","url":"https:\/\/www.bellunopress.it\/","logo":{"@type":"ImageObject","inLanguage":"fr-FR","@id":"https:\/\/www.bellunopress.it\/#\/schema\/logo\/image\/","url":"https:\/\/www.bellunopress.it\/wp-content\/uploads\/2011\/05\/cropped-logo-bellunopress-.jpg","contentUrl":"https:\/\/www.bellunopress.it\/wp-content\/uploads\/2011\/05\/cropped-logo-bellunopress-.jpg","width":512,"height":512,"caption":"Bellunopress"},"image":{"@id":"https:\/\/www.bellunopress.it\/#\/schema\/logo\/image\/"},"sameAs":["https:\/\/www.facebook.com\/profile.php?id=100008943462799","https:\/\/x.com\/bellunopress","https:\/\/www.linkedin.com\/hp\/?dnr=JBzUWaJfMUw8vbXJJ2tVW5-I3jZKvC4wsoxE&amp;amp;amp;amp;amp;amp;trk=nav_responsive_tab_home","https:\/\/www.youtube.com\/channel\/UCxL0wu1uN0_3_7hGG0306cw"]},{"@type":"Person","@id":"https:\/\/www.bellunopress.it\/#\/schema\/person\/79bb06722b37ece1c03d3e94beb30d73","name":"r\u00e9daction","image":{"@type":"ImageObject","inLanguage":"fr-FR","@id":"https:\/\/secure.gravatar.com\/avatar\/37d968a2e67a6fd04c169c4bdef102d0bc5d31b2546345219e348575eb80e9a0?s=96&d=mm&r=g","url":"https:\/\/secure.gravatar.com\/avatar\/37d968a2e67a6fd04c169c4bdef102d0bc5d31b2546345219e348575eb80e9a0?s=96&d=mm&r=g","contentUrl":"https:\/\/secure.gravatar.com\/avatar\/37d968a2e67a6fd04c169c4bdef102d0bc5d31b2546345219e348575eb80e9a0?s=96&d=mm&r=g","caption":"redazione"},"sameAs":["http:\/\/www.bellunopress.it","https:\/\/x.com\/bellunopress"],"url":"https:\/\/www.bellunopress.it\/fr\/author\/redazione\/"}]}},"_links":{"self":[{"href":"https:\/\/www.bellunopress.it\/fr\/wp-json\/wp\/v2\/posts\/102860","targetHints":{"allow":["GET"]}}],"collection":[{"href":"https:\/\/www.bellunopress.it\/fr\/wp-json\/wp\/v2\/posts"}],"about":[{"href":"https:\/\/www.bellunopress.it\/fr\/wp-json\/wp\/v2\/types\/post"}],"author":[{"embeddable":true,"href":"https:\/\/www.bellunopress.it\/fr\/wp-json\/wp\/v2\/users\/2"}],"replies":[{"embeddable":true,"href":"https:\/\/www.bellunopress.it\/fr\/wp-json\/wp\/v2\/comments?post=102860"}],"version-history":[{"count":2,"href":"https:\/\/www.bellunopress.it\/fr\/wp-json\/wp\/v2\/posts\/102860\/revisions"}],"predecessor-version":[{"id":102863,"href":"https:\/\/www.bellunopress.it\/fr\/wp-json\/wp\/v2\/posts\/102860\/revisions\/102863"}],"wp:attachment":[{"href":"https:\/\/www.bellunopress.it\/fr\/wp-json\/wp\/v2\/media?parent=102860"}],"wp:term":[{"taxonomy":"category","embeddable":true,"href":"https:\/\/www.bellunopress.it\/fr\/wp-json\/wp\/v2\/categories?post=102860"},{"taxonomy":"post_tag","embeddable":true,"href":"https:\/\/www.bellunopress.it\/fr\/wp-json\/wp\/v2\/tags?post=102860"}],"curies":[{"name":"wp","href":"https:\/\/api.w.org\/{rel}","templated":true}]}}