{"id":102842,"date":"2019-03-13T20:49:04","date_gmt":"2019-03-13T19:49:04","guid":{"rendered":"http:\/\/www.bellunopress.it\/?p=102842"},"modified":"2019-03-13T20:49:04","modified_gmt":"2019-03-13T19:49:04","slug":"cercasi-esperto-paghe-e-contributi-per-importante-studio-di-consulenza-di-cortina-dampezzo","status":"publish","type":"post","link":"https:\/\/www.bellunopress.it\/fr\/2019\/03\/13\/cercasi-esperto-paghe-e-contributi-per-importante-studio-di-consulenza-di-cortina-dampezzo\/","title":{"rendered":"Cercasi esperto paghe e contributi per importante studio di consulenza di Cortina D&#8217;Ampezzo"},"content":{"rendered":"<p><a href=\"http:\/\/www.bellunopress.it\/fr\/2016\/12\/15\/belluno-digitale-oggi-la-ricerca-di-lavoro-e-a-portata-di-click\/lavoro-pc\/\" rel=\"attachment wp-att-82955\"><img loading=\"lazy\" decoding=\"async\" class=\"alignleft size-full wp-image-82955\" src=\"http:\/\/www.bellunopress.it\/wp-content\/uploads\/2016\/12\/lavoro-pc.jpg\" alt=\"\" width=\"300\" height=\"199\" \/><\/a>Addetto paghe e contributi da inserire in qualit\u00e0 di dipendente, in un noto e strutturato studio professionale di Cortina d&#8217;Ampezzo.<\/p>\n<p>Profilo ideale:<\/p>\n<p>1.Diploma di ragioneria e\/o Laurea in Economia, Consulenza del Lavoro o Giurisprudenza con ottimo curriculum studiorum;<br \/>\n2.Consolidata esperienza nel ruolo, maturata presso Studi Professionali, strutturati e modernamente organizzati;<br \/>\n3.Ottima conoscenza dei principali contratti collettivi nazionali di lavoro (es: turismo, commercio, metalmeccanici, pubblici esercizi, edilizia);<br \/>\n4.Ottima conoscenza della gestione Enti e Fondi; piena padronanza della gestione ferie\/permessi\/rol;<br \/>\n5.Ottime capacit\u00e0 relazionali, in particolare con i clienti; capacit\u00e0 di gestione di una pluralit\u00e0 di posizioni, cortesia;<br \/>\n6.Forte propensione all&#8217;approfondimento; capacit\u00e0 analitiche, rigore e precisione;<br \/>\n7.Persona collaborativa, organizzata, educata, molto serena ed equilibrata;<br \/>\n8.Candidato\/a autonomo\/a, ordinato, riservato, socievole; seria moralit\u00e0, responsabile e di assoluta fiducia;<br \/>\n9.Ottimo uso PC, pacchetto Office: Word, Excel, posta elettronica; conoscenza dei pi\u00f9 diffusi applicativi per gestione\/elaborazione paghe; costituir\u00e0 titolo preferenziale la conoscenza del gestionale Job sistemi;<br \/>\n10.Domicilio a Cortina d&#8217;Ampezzo\/Belluno o nell&#8217;immediato hinterland e comunque in aree limitrofe allo Studio, o piena disponibilit\u00e0 al trasferimento.<\/p>\n<p>Mansioni da svolgere:<\/p>\n<p>Il candidato ideale sar\u00e0 in grado di svolgere in completa autonomia le seguenti attivit\u00e0:<\/p>\n<p>Elaborazione dei cedolini e relativi adempimenti fiscali e contributivi;<br \/>\nGestione degli adempimenti annuali concernenti la gestione del personale dipendente (modelli CU\/certificazione unica &#8211; Modello 770 &#8211; Autoliquidazione INAIL &#8211; F24\u0085.) e degli adempimenti periodici (Modello Uniemens &#8211; \u0085.);<br \/>\nConsulenza ai clienti in materia giuslavoristica;<br \/>\nGestione di pratiche di assunzione, trasformazione e cessazione dei rapporti di lavoro;<br \/>\nElaborazione del Libro Unico dipendenti e collaboratori;<br \/>\nElaborazione comunicazioni online con centri per l&#8217;impiego, istituti ed enti di previdenza;<br \/>\nGestire in autonomia un pacchetto di clienti per i quali cura la consulenza in materia di diritto del lavoro e contrattualistica;<br \/>\nPrestare consulenza ai Clienti;<br \/>\nAltri adempimenti legati alla mansione.<\/p>\n<p>Inserimento: immediato.<br \/>\nSede di lavoro: Cortina d&#8217;Ampezzo o Belluno.<br \/>\nInquadramento e retribuzione indicativi: contratto di lavoro subordinato da concordare, full-time, con adeguato periodo di prova; retribuzione in linea con le capacit\u00e0 e con le esperienze effettivamente maturate.<\/p>\n<p>I candidati interessati sono invitati a leggere l&#8217;informativa sulla privacy http:\/\/www.iqmselezione.it\/privacy_candidato.php e a inviare la propria candidatura a ericadesena@iqmselezione.it citando il riferimento IQM\/190088<br \/>\nLa selezione rispetta il principio delle pari opportunit\u00e0 (L.903\/77).<br \/>\nAut. Min. 1314 RS<\/p>","protected":false},"excerpt":{"rendered":"<p>Addetto paghe e contributi da inserire in qualit\u00e0 di dipendente, in un noto e strutturato studio professionale di Cortina d&#8217;Ampezzo. Profilo ideale: 1.Diploma di ragioneria e\/o Laurea in Economia, Consulenza del Lavoro o Giurisprudenza con ottimo curriculum studiorum; 2.Consolidata esperienza nel ruolo, maturata presso Studi Professionali, strutturati e modernamente organizzati; 3.Ottima conoscenza dei principali contratti [&hellip;]<\/p>\n","protected":false},"author":2,"featured_media":0,"comment_status":"closed","ping_status":"open","sticky":false,"template":"","format":"standard","meta":{"footnotes":""},"categories":[36,26],"tags":[],"class_list":["post-102842","post","type-post","status-publish","format-standard","category-lavoro-economia","category-prima-pagina"],"yoast_head":"<!-- This site is optimized with the Yoast SEO plugin v28.4 - https:\/\/yoast.com\/product\/yoast-seo-wordpress\/ -->\n<title>Cercasi esperto paghe e contributi per importante studio di consulenza di Cortina D&#039;Ampezzo - Bellunopress - Dolomiti<\/title>\n<meta name=\"robots\" content=\"index, follow, max-snippet:-1, max-image-preview:large, max-video-preview:-1\" \/>\n<link rel=\"canonical\" href=\"https:\/\/www.bellunopress.it\/fr\/2019\/03\/13\/cercasi-esperto-paghe-e-contributi-per-importante-studio-di-consulenza-di-cortina-dampezzo\/\" \/>\n<meta property=\"og:locale\" content=\"fr_FR\" \/>\n<meta property=\"og:type\" content=\"article\" \/>\n<meta property=\"og:title\" content=\"Cercasi esperto paghe e contributi per importante studio di consulenza di Cortina D&#039;Ampezzo - Bellunopress - Dolomiti\" \/>\n<meta property=\"og:description\" content=\"Addetto paghe e contributi da inserire in qualit\u00e0 di dipendente, in un noto e strutturato studio professionale di Cortina d&#8217;Ampezzo. Profilo ideale: 1.Diploma di ragioneria e\/o Laurea in Economia, Consulenza del Lavoro o Giurisprudenza con ottimo curriculum studiorum; 2.Consolidata esperienza nel ruolo, maturata presso Studi Professionali, strutturati e modernamente organizzati; 3.Ottima conoscenza dei principali contratti [&hellip;]\" \/>\n<meta property=\"og:url\" content=\"https:\/\/www.bellunopress.it\/fr\/2019\/03\/13\/cercasi-esperto-paghe-e-contributi-per-importante-studio-di-consulenza-di-cortina-dampezzo\/\" \/>\n<meta property=\"og:site_name\" content=\"Bellunopress - Dolomiti\" \/>\n<meta property=\"article:publisher\" content=\"https:\/\/www.facebook.com\/profile.php?id=100008943462799\" \/>\n<meta property=\"article:published_time\" content=\"2019-03-13T19:49:04+00:00\" \/>\n<meta property=\"og:image\" content=\"http:\/\/www.bellunopress.it\/wp-content\/uploads\/2016\/12\/lavoro-pc.jpg\" \/>\n<meta name=\"author\" content=\"redazione\" \/>\n<meta name=\"twitter:card\" content=\"summary_large_image\" \/>\n<meta name=\"twitter:creator\" content=\"@bellunopress\" \/>\n<meta name=\"twitter:site\" content=\"@bellunopress\" \/>\n<meta name=\"twitter:label1\" content=\"\u00c9crit par\" \/>\n\t<meta name=\"twitter:data1\" content=\"redazione\" \/>\n\t<meta name=\"twitter:label2\" content=\"Dur\u00e9e de lecture estim\u00e9e\" \/>\n\t<meta name=\"twitter:data2\" content=\"2 minutes\" \/>\n<script type=\"application\/ld+json\" class=\"yoast-schema-graph\">{\"@context\":\"https:\\\/\\\/schema.org\",\"@graph\":[{\"@type\":\"Article\",\"@id\":\"https:\\\/\\\/www.bellunopress.it\\\/2019\\\/03\\\/13\\\/cercasi-esperto-paghe-e-contributi-per-importante-studio-di-consulenza-di-cortina-dampezzo\\\/#article\",\"isPartOf\":{\"@id\":\"https:\\\/\\\/www.bellunopress.it\\\/2019\\\/03\\\/13\\\/cercasi-esperto-paghe-e-contributi-per-importante-studio-di-consulenza-di-cortina-dampezzo\\\/\"},\"author\":{\"name\":\"redazione\",\"@id\":\"https:\\\/\\\/www.bellunopress.it\\\/#\\\/schema\\\/person\\\/79bb06722b37ece1c03d3e94beb30d73\"},\"headline\":\"Cercasi esperto paghe e contributi per importante studio di consulenza di Cortina D&#8217;Ampezzo\",\"datePublished\":\"2019-03-13T19:49:04+00:00\",\"mainEntityOfPage\":{\"@id\":\"https:\\\/\\\/www.bellunopress.it\\\/2019\\\/03\\\/13\\\/cercasi-esperto-paghe-e-contributi-per-importante-studio-di-consulenza-di-cortina-dampezzo\\\/\"},\"wordCount\":397,\"publisher\":{\"@id\":\"https:\\\/\\\/www.bellunopress.it\\\/#organization\"},\"image\":{\"@id\":\"https:\\\/\\\/www.bellunopress.it\\\/2019\\\/03\\\/13\\\/cercasi-esperto-paghe-e-contributi-per-importante-studio-di-consulenza-di-cortina-dampezzo\\\/#primaryimage\"},\"thumbnailUrl\":\"http:\\\/\\\/www.bellunopress.it\\\/wp-content\\\/uploads\\\/2016\\\/12\\\/lavoro-pc.jpg\",\"articleSection\":[\"Lavoro, Economia, Turismo\",\"Prima Pagina\"],\"inLanguage\":\"fr-FR\"},{\"@type\":\"WebPage\",\"@id\":\"https:\\\/\\\/www.bellunopress.it\\\/2019\\\/03\\\/13\\\/cercasi-esperto-paghe-e-contributi-per-importante-studio-di-consulenza-di-cortina-dampezzo\\\/\",\"url\":\"https:\\\/\\\/www.bellunopress.it\\\/2019\\\/03\\\/13\\\/cercasi-esperto-paghe-e-contributi-per-importante-studio-di-consulenza-di-cortina-dampezzo\\\/\",\"name\":\"Cercasi esperto paghe e contributi per importante studio di consulenza di Cortina D'Ampezzo - Bellunopress - Dolomiti\",\"isPartOf\":{\"@id\":\"https:\\\/\\\/www.bellunopress.it\\\/#website\"},\"primaryImageOfPage\":{\"@id\":\"https:\\\/\\\/www.bellunopress.it\\\/2019\\\/03\\\/13\\\/cercasi-esperto-paghe-e-contributi-per-importante-studio-di-consulenza-di-cortina-dampezzo\\\/#primaryimage\"},\"image\":{\"@id\":\"https:\\\/\\\/www.bellunopress.it\\\/2019\\\/03\\\/13\\\/cercasi-esperto-paghe-e-contributi-per-importante-studio-di-consulenza-di-cortina-dampezzo\\\/#primaryimage\"},\"thumbnailUrl\":\"http:\\\/\\\/www.bellunopress.it\\\/wp-content\\\/uploads\\\/2016\\\/12\\\/lavoro-pc.jpg\",\"datePublished\":\"2019-03-13T19:49:04+00:00\",\"breadcrumb\":{\"@id\":\"https:\\\/\\\/www.bellunopress.it\\\/2019\\\/03\\\/13\\\/cercasi-esperto-paghe-e-contributi-per-importante-studio-di-consulenza-di-cortina-dampezzo\\\/#breadcrumb\"},\"inLanguage\":\"fr-FR\",\"potentialAction\":[{\"@type\":\"ReadAction\",\"target\":[\"https:\\\/\\\/www.bellunopress.it\\\/2019\\\/03\\\/13\\\/cercasi-esperto-paghe-e-contributi-per-importante-studio-di-consulenza-di-cortina-dampezzo\\\/\"]}]},{\"@type\":\"ImageObject\",\"inLanguage\":\"fr-FR\",\"@id\":\"https:\\\/\\\/www.bellunopress.it\\\/2019\\\/03\\\/13\\\/cercasi-esperto-paghe-e-contributi-per-importante-studio-di-consulenza-di-cortina-dampezzo\\\/#primaryimage\",\"url\":\"http:\\\/\\\/www.bellunopress.it\\\/wp-content\\\/uploads\\\/2016\\\/12\\\/lavoro-pc.jpg\",\"contentUrl\":\"http:\\\/\\\/www.bellunopress.it\\\/wp-content\\\/uploads\\\/2016\\\/12\\\/lavoro-pc.jpg\"},{\"@type\":\"BreadcrumbList\",\"@id\":\"https:\\\/\\\/www.bellunopress.it\\\/2019\\\/03\\\/13\\\/cercasi-esperto-paghe-e-contributi-per-importante-studio-di-consulenza-di-cortina-dampezzo\\\/#breadcrumb\",\"itemListElement\":[{\"@type\":\"ListItem\",\"position\":1,\"name\":\"Home\",\"item\":\"https:\\\/\\\/www.bellunopress.it\\\/\"},{\"@type\":\"ListItem\",\"position\":2,\"name\":\"Cercasi esperto paghe e contributi per importante studio di consulenza di Cortina D&#8217;Ampezzo\"}]},{\"@type\":\"WebSite\",\"@id\":\"https:\\\/\\\/www.bellunopress.it\\\/#website\",\"url\":\"https:\\\/\\\/www.bellunopress.it\\\/\",\"name\":\"Bellunopress - Dolomiti\",\"description\":\"e-mail: redazione@bellunopress.it\",\"publisher\":{\"@id\":\"https:\\\/\\\/www.bellunopress.it\\\/#organization\"},\"potentialAction\":[{\"@type\":\"SearchAction\",\"target\":{\"@type\":\"EntryPoint\",\"urlTemplate\":\"https:\\\/\\\/www.bellunopress.it\\\/?s={search_term_string}\"},\"query-input\":{\"@type\":\"PropertyValueSpecification\",\"valueRequired\":true,\"valueName\":\"search_term_string\"}}],\"inLanguage\":\"fr-FR\"},{\"@type\":\"Organization\",\"@id\":\"https:\\\/\\\/www.bellunopress.it\\\/#organization\",\"name\":\"Bellunopress\",\"url\":\"https:\\\/\\\/www.bellunopress.it\\\/\",\"logo\":{\"@type\":\"ImageObject\",\"inLanguage\":\"fr-FR\",\"@id\":\"https:\\\/\\\/www.bellunopress.it\\\/#\\\/schema\\\/logo\\\/image\\\/\",\"url\":\"https:\\\/\\\/www.bellunopress.it\\\/wp-content\\\/uploads\\\/2011\\\/05\\\/cropped-logo-bellunopress-.jpg\",\"contentUrl\":\"https:\\\/\\\/www.bellunopress.it\\\/wp-content\\\/uploads\\\/2011\\\/05\\\/cropped-logo-bellunopress-.jpg\",\"width\":512,\"height\":512,\"caption\":\"Bellunopress\"},\"image\":{\"@id\":\"https:\\\/\\\/www.bellunopress.it\\\/#\\\/schema\\\/logo\\\/image\\\/\"},\"sameAs\":[\"https:\\\/\\\/www.facebook.com\\\/profile.php?id=100008943462799\",\"https:\\\/\\\/x.com\\\/bellunopress\",\"https:\\\/\\\/www.linkedin.com\\\/hp\\\/?dnr=JBzUWaJfMUw8vbXJJ2tVW5-I3jZKvC4wsoxE&amp;amp;amp;amp;amp;amp;trk=nav_responsive_tab_home\",\"https:\\\/\\\/www.youtube.com\\\/channel\\\/UCxL0wu1uN0_3_7hGG0306cw\"]},{\"@type\":\"Person\",\"@id\":\"https:\\\/\\\/www.bellunopress.it\\\/#\\\/schema\\\/person\\\/79bb06722b37ece1c03d3e94beb30d73\",\"name\":\"redazione\",\"image\":{\"@type\":\"ImageObject\",\"inLanguage\":\"fr-FR\",\"@id\":\"https:\\\/\\\/secure.gravatar.com\\\/avatar\\\/37d968a2e67a6fd04c169c4bdef102d0bc5d31b2546345219e348575eb80e9a0?s=96&d=mm&r=g\",\"url\":\"https:\\\/\\\/secure.gravatar.com\\\/avatar\\\/37d968a2e67a6fd04c169c4bdef102d0bc5d31b2546345219e348575eb80e9a0?s=96&d=mm&r=g\",\"contentUrl\":\"https:\\\/\\\/secure.gravatar.com\\\/avatar\\\/37d968a2e67a6fd04c169c4bdef102d0bc5d31b2546345219e348575eb80e9a0?s=96&d=mm&r=g\",\"caption\":\"redazione\"},\"sameAs\":[\"http:\\\/\\\/www.bellunopress.it\",\"https:\\\/\\\/x.com\\\/bellunopress\"],\"url\":\"https:\\\/\\\/www.bellunopress.it\\\/fr\\\/author\\\/redazione\\\/\"}]}<\/script>\n<!-- \/ Yoast SEO plugin. -->","yoast_head_json":{"title":"Cercasi esperto paghe e contributi per importante studio di consulenza di Cortina D'Ampezzo - Bellunopress - Dolomiti","robots":{"index":"index","follow":"follow","max-snippet":"max-snippet:-1","max-image-preview":"max-image-preview:large","max-video-preview":"max-video-preview:-1"},"canonical":"https:\/\/www.bellunopress.it\/fr\/2019\/03\/13\/cercasi-esperto-paghe-e-contributi-per-importante-studio-di-consulenza-di-cortina-dampezzo\/","og_locale":"fr_FR","og_type":"article","og_title":"Cercasi esperto paghe e contributi per importante studio di consulenza di Cortina D'Ampezzo - Bellunopress - Dolomiti","og_description":"Addetto paghe e contributi da inserire in qualit\u00e0 di dipendente, in un noto e strutturato studio professionale di Cortina d&#8217;Ampezzo. Profilo ideale: 1.Diploma di ragioneria e\/o Laurea in Economia, Consulenza del Lavoro o Giurisprudenza con ottimo curriculum studiorum; 2.Consolidata esperienza nel ruolo, maturata presso Studi Professionali, strutturati e modernamente organizzati; 3.Ottima conoscenza dei principali contratti [&hellip;]","og_url":"https:\/\/www.bellunopress.it\/fr\/2019\/03\/13\/cercasi-esperto-paghe-e-contributi-per-importante-studio-di-consulenza-di-cortina-dampezzo\/","og_site_name":"Bellunopress - Dolomiti","article_publisher":"https:\/\/www.facebook.com\/profile.php?id=100008943462799","article_published_time":"2019-03-13T19:49:04+00:00","og_image":[{"url":"http:\/\/www.bellunopress.it\/wp-content\/uploads\/2016\/12\/lavoro-pc.jpg","type":"","width":"","height":""}],"author":"redazione","twitter_card":"summary_large_image","twitter_creator":"@bellunopress","twitter_site":"@bellunopress","twitter_misc":{"\u00c9crit par":"redazione","Dur\u00e9e de lecture estim\u00e9e":"2 minutes"},"schema":{"@context":"https:\/\/schema.org","@graph":[{"@type":"Article","@id":"https:\/\/www.bellunopress.it\/2019\/03\/13\/cercasi-esperto-paghe-e-contributi-per-importante-studio-di-consulenza-di-cortina-dampezzo\/#article","isPartOf":{"@id":"https:\/\/www.bellunopress.it\/2019\/03\/13\/cercasi-esperto-paghe-e-contributi-per-importante-studio-di-consulenza-di-cortina-dampezzo\/"},"author":{"name":"redazione","@id":"https:\/\/www.bellunopress.it\/#\/schema\/person\/79bb06722b37ece1c03d3e94beb30d73"},"headline":"Cercasi esperto paghe e contributi per importante studio di consulenza di Cortina D&#8217;Ampezzo","datePublished":"2019-03-13T19:49:04+00:00","mainEntityOfPage":{"@id":"https:\/\/www.bellunopress.it\/2019\/03\/13\/cercasi-esperto-paghe-e-contributi-per-importante-studio-di-consulenza-di-cortina-dampezzo\/"},"wordCount":397,"publisher":{"@id":"https:\/\/www.bellunopress.it\/#organization"},"image":{"@id":"https:\/\/www.bellunopress.it\/2019\/03\/13\/cercasi-esperto-paghe-e-contributi-per-importante-studio-di-consulenza-di-cortina-dampezzo\/#primaryimage"},"thumbnailUrl":"http:\/\/www.bellunopress.it\/wp-content\/uploads\/2016\/12\/lavoro-pc.jpg","articleSection":["Lavoro, Economia, Turismo","Prima Pagina"],"inLanguage":"fr-FR"},{"@type":"WebPage","@id":"https:\/\/www.bellunopress.it\/2019\/03\/13\/cercasi-esperto-paghe-e-contributi-per-importante-studio-di-consulenza-di-cortina-dampezzo\/","url":"https:\/\/www.bellunopress.it\/2019\/03\/13\/cercasi-esperto-paghe-e-contributi-per-importante-studio-di-consulenza-di-cortina-dampezzo\/","name":"Cercasi esperto paghe e contributi per importante studio di consulenza di Cortina D'Ampezzo - Bellunopress - Dolomiti","isPartOf":{"@id":"https:\/\/www.bellunopress.it\/#website"},"primaryImageOfPage":{"@id":"https:\/\/www.bellunopress.it\/2019\/03\/13\/cercasi-esperto-paghe-e-contributi-per-importante-studio-di-consulenza-di-cortina-dampezzo\/#primaryimage"},"image":{"@id":"https:\/\/www.bellunopress.it\/2019\/03\/13\/cercasi-esperto-paghe-e-contributi-per-importante-studio-di-consulenza-di-cortina-dampezzo\/#primaryimage"},"thumbnailUrl":"http:\/\/www.bellunopress.it\/wp-content\/uploads\/2016\/12\/lavoro-pc.jpg","datePublished":"2019-03-13T19:49:04+00:00","breadcrumb":{"@id":"https:\/\/www.bellunopress.it\/2019\/03\/13\/cercasi-esperto-paghe-e-contributi-per-importante-studio-di-consulenza-di-cortina-dampezzo\/#breadcrumb"},"inLanguage":"fr-FR","potentialAction":[{"@type":"ReadAction","target":["https:\/\/www.bellunopress.it\/2019\/03\/13\/cercasi-esperto-paghe-e-contributi-per-importante-studio-di-consulenza-di-cortina-dampezzo\/"]}]},{"@type":"ImageObject","inLanguage":"fr-FR","@id":"https:\/\/www.bellunopress.it\/2019\/03\/13\/cercasi-esperto-paghe-e-contributi-per-importante-studio-di-consulenza-di-cortina-dampezzo\/#primaryimage","url":"http:\/\/www.bellunopress.it\/wp-content\/uploads\/2016\/12\/lavoro-pc.jpg","contentUrl":"http:\/\/www.bellunopress.it\/wp-content\/uploads\/2016\/12\/lavoro-pc.jpg"},{"@type":"BreadcrumbList","@id":"https:\/\/www.bellunopress.it\/2019\/03\/13\/cercasi-esperto-paghe-e-contributi-per-importante-studio-di-consulenza-di-cortina-dampezzo\/#breadcrumb","itemListElement":[{"@type":"ListItem","position":1,"name":"Home","item":"https:\/\/www.bellunopress.it\/"},{"@type":"ListItem","position":2,"name":"Cercasi esperto paghe e contributi per importante studio di consulenza di Cortina D&#8217;Ampezzo"}]},{"@type":"WebSite","@id":"https:\/\/www.bellunopress.it\/#website","url":"https:\/\/www.bellunopress.it\/","name":"Bellunopress - Dolomiti","description":"e-mail: redazione@bellunopress.it","publisher":{"@id":"https:\/\/www.bellunopress.it\/#organization"},"potentialAction":[{"@type":"SearchAction","target":{"@type":"EntryPoint","urlTemplate":"https:\/\/www.bellunopress.it\/?s={search_term_string}"},"query-input":{"@type":"PropertyValueSpecification","valueRequired":true,"valueName":"search_term_string"}}],"inLanguage":"fr-FR"},{"@type":"Organization","@id":"https:\/\/www.bellunopress.it\/#organization","name":"Bellunopress","url":"https:\/\/www.bellunopress.it\/","logo":{"@type":"ImageObject","inLanguage":"fr-FR","@id":"https:\/\/www.bellunopress.it\/#\/schema\/logo\/image\/","url":"https:\/\/www.bellunopress.it\/wp-content\/uploads\/2011\/05\/cropped-logo-bellunopress-.jpg","contentUrl":"https:\/\/www.bellunopress.it\/wp-content\/uploads\/2011\/05\/cropped-logo-bellunopress-.jpg","width":512,"height":512,"caption":"Bellunopress"},"image":{"@id":"https:\/\/www.bellunopress.it\/#\/schema\/logo\/image\/"},"sameAs":["https:\/\/www.facebook.com\/profile.php?id=100008943462799","https:\/\/x.com\/bellunopress","https:\/\/www.linkedin.com\/hp\/?dnr=JBzUWaJfMUw8vbXJJ2tVW5-I3jZKvC4wsoxE&amp;amp;amp;amp;amp;amp;trk=nav_responsive_tab_home","https:\/\/www.youtube.com\/channel\/UCxL0wu1uN0_3_7hGG0306cw"]},{"@type":"Person","@id":"https:\/\/www.bellunopress.it\/#\/schema\/person\/79bb06722b37ece1c03d3e94beb30d73","name":"r\u00e9daction","image":{"@type":"ImageObject","inLanguage":"fr-FR","@id":"https:\/\/secure.gravatar.com\/avatar\/37d968a2e67a6fd04c169c4bdef102d0bc5d31b2546345219e348575eb80e9a0?s=96&d=mm&r=g","url":"https:\/\/secure.gravatar.com\/avatar\/37d968a2e67a6fd04c169c4bdef102d0bc5d31b2546345219e348575eb80e9a0?s=96&d=mm&r=g","contentUrl":"https:\/\/secure.gravatar.com\/avatar\/37d968a2e67a6fd04c169c4bdef102d0bc5d31b2546345219e348575eb80e9a0?s=96&d=mm&r=g","caption":"redazione"},"sameAs":["http:\/\/www.bellunopress.it","https:\/\/x.com\/bellunopress"],"url":"https:\/\/www.bellunopress.it\/fr\/author\/redazione\/"}]}},"_links":{"self":[{"href":"https:\/\/www.bellunopress.it\/fr\/wp-json\/wp\/v2\/posts\/102842","targetHints":{"allow":["GET"]}}],"collection":[{"href":"https:\/\/www.bellunopress.it\/fr\/wp-json\/wp\/v2\/posts"}],"about":[{"href":"https:\/\/www.bellunopress.it\/fr\/wp-json\/wp\/v2\/types\/post"}],"author":[{"embeddable":true,"href":"https:\/\/www.bellunopress.it\/fr\/wp-json\/wp\/v2\/users\/2"}],"replies":[{"embeddable":true,"href":"https:\/\/www.bellunopress.it\/fr\/wp-json\/wp\/v2\/comments?post=102842"}],"version-history":[{"count":1,"href":"https:\/\/www.bellunopress.it\/fr\/wp-json\/wp\/v2\/posts\/102842\/revisions"}],"predecessor-version":[{"id":102843,"href":"https:\/\/www.bellunopress.it\/fr\/wp-json\/wp\/v2\/posts\/102842\/revisions\/102843"}],"wp:attachment":[{"href":"https:\/\/www.bellunopress.it\/fr\/wp-json\/wp\/v2\/media?parent=102842"}],"wp:term":[{"taxonomy":"category","embeddable":true,"href":"https:\/\/www.bellunopress.it\/fr\/wp-json\/wp\/v2\/categories?post=102842"},{"taxonomy":"post_tag","embeddable":true,"href":"https:\/\/www.bellunopress.it\/fr\/wp-json\/wp\/v2\/tags?post=102842"}],"curies":[{"name":"wp","href":"https:\/\/api.w.org\/{rel}","templated":true}]}}