{"id":102840,"date":"2019-03-13T20:23:19","date_gmt":"2019-03-13T19:23:19","guid":{"rendered":"http:\/\/www.bellunopress.it\/?p=102840"},"modified":"2019-03-13T20:23:19","modified_gmt":"2019-03-13T19:23:19","slug":"il-grande-jazz-americano-sabato-allunisono-di-feltre-con-robert-bonisolo-trio","status":"publish","type":"post","link":"https:\/\/www.bellunopress.it\/fr\/2019\/03\/13\/il-grande-jazz-americano-sabato-allunisono-di-feltre-con-robert-bonisolo-trio\/","title":{"rendered":"Il grande jazz americano sabato all&#8217;Unisono di Feltre con Robert Bonisolo Trio"},"content":{"rendered":"<p>Feltre \u2013 E\u2019 nato in America, ha studiato tra Boston e New York e oggi vive a Vicenza. Robert Bonisolo \u00e8 un sassofonista di prima classe, musicista accanto ad artisti come Tom Harrell, Lee Konitz, Kenny Wheeler, Steve Swallow, Carla Bley, Maria Schneider, George Roberts, Alex Sipiagin, Dado Moroni, Antonio Fara\u00f2, Sandro Gibellini, Paolo Birro, Ben Perowsky e vincitore di innumerevoli premi.<\/p>\n<p><a href=\"http:\/\/www.bellunopress.it\/fr\/2014\/11\/19\/giornata-per-leliminazione-della-violenza-contro-le-donne-giovedi-sera-allunisono-jazz-cafe-di-feltre-proiezione-con-cena\/unisono-jazz\/\" rel=\"attachment wp-att-64280\"><img loading=\"lazy\" decoding=\"async\" class=\"alignleft size-full wp-image-64280\" src=\"http:\/\/www.bellunopress.it\/wp-content\/uploads\/2014\/11\/unisono-jazz.jpg\" alt=\"\" width=\"290\" height=\"249\" \/><\/a>Sabato 16 marzo alle 21.15\u00a0 sar\u00e0 all\u2019Unisono, per un concerto a base della pi\u00f9 pura improvvisazione jazz.<\/p>\n<p>Con lui Marc Abrams al basso e Marco Sold\u00e0 alla batteria. Insieme formano il Robert Bonisolo Trio, un un ensemble dal suono fortemente americano. Il repertorio si fonda su standard, brani evergreens della musica jazz, mescolati a brani originali, destinati a creare atmosfere tipiche della tradizione jazzistica americana. Robert Bonisolo infatti, anche se nato a Niagara Falls in Canada, si e&#8217; formato musicalmente prima a Boston e poi a New York.<br \/>\nMa in quanto alla scaletta, non si sapr\u00e0 fino all\u2019ultimo momento. Anzi, fino a quando i tre artisti non saliranno sul palco della sala concerti di Palazzo Guarnieri e inizieranno a suonare. Come nella migliore tradizione jazzistica, infatti, la scaletta non viene comunicata prima ma annunciata durante il live. Il motivo \u00e8 semplice: l&#8217;ordine e la scelta definitiva dei pezzi avvengono qualche ora prima dell&#8217;inizio, spesso anche durante lo svolgimento della serata. L&#8217;ispirazione e la creativit\u00e0, d\u2019altra parte, sono chiavi di lettura di questa musica e una scaletta troppo rigida, i tre ne sono convinti, pu\u00f2 influire negativamente.<\/p>\n<p>\u201cSiamo felici di ospitare Bonisolo e il suo trio all\u2019interno della nostra rassegna Jazz Time \u2013 commenta il direttore artistico del Centro di Musica Unisono, Nicol\u00f2 Ferrari Bravo -. E\u2019 un musicista eccezionale, ha suonato insieme ai pi\u00f9 grandi della musica jazz, regala ogni volta sensazioni uniche\u201d.<\/p>\n<p>Nella convinzione che no, il jazz non sia una musica di nicchia n\u00e9 riservata ad una certa fascia d\u2019et\u00e0, per il live di sabato sono previsti sconti per gli studenti. I ragazzi iscritti a scuole di musica potranno acquistare il biglietto a 10 euro, il codice sconto da inserire nel sito \u00e8 STUDENTIRB.<\/p>\n<p>Inizio concerto alle 21.15. Biglietti 15 euro, prima fila 20, prevendita 3 euro. Acquisto possibile anche online al sito www.centrodimusicaunisono.com<\/p>\n<p>&nbsp;<\/p>\n<p><strong>Robert Bonisolo<\/strong> &#8211; Sassofonista canadese, \u00e8 nato a Niagara Falls nel 1966 e si \u00e8 diplomato al Berklee College of Music di Boston (con John Laporta e Jerry Bergonzi); ha quindi studiato alla Banff School of Fine Arts di New York con Dave Holland e Joe Lovano. Vincitore di numerosi premi per giovani musicisti americani emergenti, suona negli Stati Uniti, fra gli altri, con la Tommy Dorsey Orchestra, Rob Mc Donnel and the Boss Band, Tom Harrel, Niels Lan Doky, Mike Stern The Carla Bley Big Band, Steve Swallow, Don Alias, Larry Willis, Hiram Bullock, Steve Jordan. Stabilitosi in Italia, suona con Franco Ambrosetti, Gianni Cazzola, Giulio Capiozzo, Antonio Fara\u00f2, Renato Chicco, Paolo Birro, Lee Konitz, Kenny Wheeler, Elliot Zigmund, Dado Moroni\u0085; in ambito pop con Rossana Casale. Suona ed incide con la Lydian Sound Orchestra , con &#8220;The Edge &#8221; di Michele Calgaro e con Antonio Fara\u00f2, Glauco Venier, Gianantonio De Vincenzo; in ambito pop con Federico Zecchin e la voce recitante di Giorgio Albertazzi. Attualmente \u00e8 impegnato con il suo progetto &#8220;B.B.B. Trio&#8221; assieme ai musicisti di New York Ben Perowsky (batteria) e Ben Street (basso). E&#8217; docente di sassofono alla scuola di musica Thelonious-Arci (Vicenza).<\/p>\n<p><strong>Marc Abrams<\/strong> &#8211;\u00a0E\u2019 nato a New York nel 1958, ma vive in Italia ormai da molti anni. Si \u00e8 diplomato all&#8217;University of Massachusetts (Music Scholarship Recipient) ed al Hartt Conservatory of Music. Ha collaborato e registrato con Chet Baker (Timeless Records), Karl Berger (Douglas Music), Paolo Birro, Herman Breuer (Enja Records), Dennis Charles, Kenny Clarke, Johannes Enders (Enja Records), Gil Evans, Al Foster (Jazzline Records), Benny Golson, Slide Hampton, Eddie Henderson, Keptorchestra (guest artists: Steve Lacy, Lee Konitz, Loe Lovano), Tony Lakatos, Kirk Lightsey, Munich Contemporary Chamber Music (MCCM Records), Joe Nay (PTA Music), Sal Nistico (Enja Records), Mike Nock, Pietro Tonolo. Ha effettuato registrazioni radiofoniche e televisive, tenuto concerti e tourn\u00e9es in Austria, Bulgaria, Francia, Germania, Grecia, Olanda, Israele, Italia, Polonia, Russia, Svizzera, Turchia, Stati Uniti, Slovenia, Croazia e Spagna. Tiene lezioni di contrabbasso\/basso elettrico e conferenze sul jazz e l&#8217;improvvisazione per l&#8217;Arci di Padova, la &#8220;Thelonious Monk School&#8221; e &#8220;Suono Improvviso&#8221; di Venezia e la Duke University di Durham, North Carolina.<\/p>\n<p><strong>Marco Sold\u00e0<\/strong> &#8211; Inizia lo studio della batteria all\u2019et\u00e0 di 9 anni, dedicandosi allo studio di pi\u00f9 generi musical; fin dagli inizi della sua attivit\u00e0 entra in contatto con formazioni che spaziano fra i generi jazz, pop, blues e rock, con cui frequentemente si esibisce e partecipa a concorsi nazionali. Nel 2010 partecipa a lavori di pre-produzione con il produttore Ronan Chris Murphy mentre nel 2014 si diploma con il maestro Mauro Beggio al Conservatorio di Vicenza; studia e collabora con musicisti di fama internazionale come Paolo Birro, Pietro Tonolo, Riccardo Brazzale. Nello stesso periodo suona con la \u201cMingus Project Big Band\u201d con il trombettista Alex Sipiagin e il sassofonista Ettore Martin, con il quale si esibisce frequentemente in quintetto. Partecipa a seminari e clinic con artisti di fama mondiale e internazionale come J. Kyle Gregory, Steve Smith, Steve Gadd, Christian Meyer, Maxx Furian e molti altri; nel 2012 partecipa alle masterclass di \u201cLa Spezia Jazz\u201d, studiando e suonando con musicisti di fama mondiale: Francisco Mela, Eddie Gomez, Lage Lund, Dave Liebman. Nel 2013 studia per sei mesi al Codarts, conservatorio di musica di Rotterdam, in cui ha l\u2019opportunit\u00e0 di lavorare e suonare con molti musicisti del nord Europa.<\/p>","protected":false},"excerpt":{"rendered":"<p>Feltre \u2013 E\u2019 nato in America, ha studiato tra Boston e New York e oggi vive a Vicenza. Robert Bonisolo \u00e8 un sassofonista di prima classe, musicista accanto ad artisti come Tom Harrell, Lee Konitz, Kenny Wheeler, Steve Swallow, Carla Bley, Maria Schneider, George Roberts, Alex Sipiagin, Dado Moroni, Antonio Fara\u00f2, Sandro Gibellini, Paolo Birro, [&hellip;]<\/p>\n","protected":false},"author":2,"featured_media":0,"comment_status":"closed","ping_status":"open","sticky":false,"template":"","format":"standard","meta":{"footnotes":""},"categories":[27,3,25],"tags":[],"class_list":["post-102840","post","type-post","status-publish","format-standard","category-appuntamenti","category-arte-cultura-spettacoli-scienza-archivi","category-pausa-caffe"],"yoast_head":"<!-- This site is optimized with the Yoast SEO plugin v28.4 - https:\/\/yoast.com\/product\/yoast-seo-wordpress\/ -->\n<title>Il grande jazz americano sabato all&#039;Unisono di Feltre con Robert Bonisolo Trio - Bellunopress - Dolomiti<\/title>\n<meta name=\"robots\" content=\"index, follow, max-snippet:-1, max-image-preview:large, max-video-preview:-1\" \/>\n<link rel=\"canonical\" href=\"https:\/\/www.bellunopress.it\/fr\/2019\/03\/13\/il-grande-jazz-americano-sabato-allunisono-di-feltre-con-robert-bonisolo-trio\/\" \/>\n<meta property=\"og:locale\" content=\"fr_FR\" \/>\n<meta property=\"og:type\" content=\"article\" \/>\n<meta property=\"og:title\" content=\"Il grande jazz americano sabato all&#039;Unisono di Feltre con Robert Bonisolo Trio - Bellunopress - Dolomiti\" \/>\n<meta property=\"og:description\" content=\"Feltre \u2013 E\u2019 nato in America, ha studiato tra Boston e New York e oggi vive a Vicenza. Robert Bonisolo \u00e8 un sassofonista di prima classe, musicista accanto ad artisti come Tom Harrell, Lee Konitz, Kenny Wheeler, Steve Swallow, Carla Bley, Maria Schneider, George Roberts, Alex Sipiagin, Dado Moroni, Antonio Fara\u00f2, Sandro Gibellini, Paolo Birro, [&hellip;]\" \/>\n<meta property=\"og:url\" content=\"https:\/\/www.bellunopress.it\/fr\/2019\/03\/13\/il-grande-jazz-americano-sabato-allunisono-di-feltre-con-robert-bonisolo-trio\/\" \/>\n<meta property=\"og:site_name\" content=\"Bellunopress - Dolomiti\" \/>\n<meta property=\"article:publisher\" content=\"https:\/\/www.facebook.com\/profile.php?id=100008943462799\" \/>\n<meta property=\"article:published_time\" content=\"2019-03-13T19:23:19+00:00\" \/>\n<meta property=\"og:image\" content=\"http:\/\/www.bellunopress.it\/wp-content\/uploads\/2014\/11\/unisono-jazz.jpg\" \/>\n<meta name=\"author\" content=\"redazione\" \/>\n<meta name=\"twitter:card\" content=\"summary_large_image\" \/>\n<meta name=\"twitter:creator\" content=\"@bellunopress\" \/>\n<meta name=\"twitter:site\" content=\"@bellunopress\" \/>\n<meta name=\"twitter:label1\" content=\"\u00c9crit par\" \/>\n\t<meta name=\"twitter:data1\" content=\"redazione\" \/>\n\t<meta name=\"twitter:label2\" content=\"Dur\u00e9e de lecture estim\u00e9e\" \/>\n\t<meta name=\"twitter:data2\" content=\"5 minutes\" \/>\n<script type=\"application\/ld+json\" class=\"yoast-schema-graph\">{\"@context\":\"https:\\\/\\\/schema.org\",\"@graph\":[{\"@type\":\"Article\",\"@id\":\"https:\\\/\\\/www.bellunopress.it\\\/2019\\\/03\\\/13\\\/il-grande-jazz-americano-sabato-allunisono-di-feltre-con-robert-bonisolo-trio\\\/#article\",\"isPartOf\":{\"@id\":\"https:\\\/\\\/www.bellunopress.it\\\/2019\\\/03\\\/13\\\/il-grande-jazz-americano-sabato-allunisono-di-feltre-con-robert-bonisolo-trio\\\/\"},\"author\":{\"name\":\"redazione\",\"@id\":\"https:\\\/\\\/www.bellunopress.it\\\/#\\\/schema\\\/person\\\/79bb06722b37ece1c03d3e94beb30d73\"},\"headline\":\"Il grande jazz americano sabato all&#8217;Unisono di Feltre con Robert Bonisolo Trio\",\"datePublished\":\"2019-03-13T19:23:19+00:00\",\"mainEntityOfPage\":{\"@id\":\"https:\\\/\\\/www.bellunopress.it\\\/2019\\\/03\\\/13\\\/il-grande-jazz-americano-sabato-allunisono-di-feltre-con-robert-bonisolo-trio\\\/\"},\"wordCount\":937,\"publisher\":{\"@id\":\"https:\\\/\\\/www.bellunopress.it\\\/#organization\"},\"image\":{\"@id\":\"https:\\\/\\\/www.bellunopress.it\\\/2019\\\/03\\\/13\\\/il-grande-jazz-americano-sabato-allunisono-di-feltre-con-robert-bonisolo-trio\\\/#primaryimage\"},\"thumbnailUrl\":\"http:\\\/\\\/www.bellunopress.it\\\/wp-content\\\/uploads\\\/2014\\\/11\\\/unisono-jazz.jpg\",\"articleSection\":[\"Appuntamenti, Eventi\",\"Arte, Cultura, Spettacoli, Scienza\",\"Pausa Caff\u00e8\"],\"inLanguage\":\"fr-FR\"},{\"@type\":\"WebPage\",\"@id\":\"https:\\\/\\\/www.bellunopress.it\\\/2019\\\/03\\\/13\\\/il-grande-jazz-americano-sabato-allunisono-di-feltre-con-robert-bonisolo-trio\\\/\",\"url\":\"https:\\\/\\\/www.bellunopress.it\\\/2019\\\/03\\\/13\\\/il-grande-jazz-americano-sabato-allunisono-di-feltre-con-robert-bonisolo-trio\\\/\",\"name\":\"Il grande jazz americano sabato all'Unisono di Feltre con Robert Bonisolo Trio - Bellunopress - Dolomiti\",\"isPartOf\":{\"@id\":\"https:\\\/\\\/www.bellunopress.it\\\/#website\"},\"primaryImageOfPage\":{\"@id\":\"https:\\\/\\\/www.bellunopress.it\\\/2019\\\/03\\\/13\\\/il-grande-jazz-americano-sabato-allunisono-di-feltre-con-robert-bonisolo-trio\\\/#primaryimage\"},\"image\":{\"@id\":\"https:\\\/\\\/www.bellunopress.it\\\/2019\\\/03\\\/13\\\/il-grande-jazz-americano-sabato-allunisono-di-feltre-con-robert-bonisolo-trio\\\/#primaryimage\"},\"thumbnailUrl\":\"http:\\\/\\\/www.bellunopress.it\\\/wp-content\\\/uploads\\\/2014\\\/11\\\/unisono-jazz.jpg\",\"datePublished\":\"2019-03-13T19:23:19+00:00\",\"breadcrumb\":{\"@id\":\"https:\\\/\\\/www.bellunopress.it\\\/2019\\\/03\\\/13\\\/il-grande-jazz-americano-sabato-allunisono-di-feltre-con-robert-bonisolo-trio\\\/#breadcrumb\"},\"inLanguage\":\"fr-FR\",\"potentialAction\":[{\"@type\":\"ReadAction\",\"target\":[\"https:\\\/\\\/www.bellunopress.it\\\/2019\\\/03\\\/13\\\/il-grande-jazz-americano-sabato-allunisono-di-feltre-con-robert-bonisolo-trio\\\/\"]}]},{\"@type\":\"ImageObject\",\"inLanguage\":\"fr-FR\",\"@id\":\"https:\\\/\\\/www.bellunopress.it\\\/2019\\\/03\\\/13\\\/il-grande-jazz-americano-sabato-allunisono-di-feltre-con-robert-bonisolo-trio\\\/#primaryimage\",\"url\":\"http:\\\/\\\/www.bellunopress.it\\\/wp-content\\\/uploads\\\/2014\\\/11\\\/unisono-jazz.jpg\",\"contentUrl\":\"http:\\\/\\\/www.bellunopress.it\\\/wp-content\\\/uploads\\\/2014\\\/11\\\/unisono-jazz.jpg\"},{\"@type\":\"BreadcrumbList\",\"@id\":\"https:\\\/\\\/www.bellunopress.it\\\/2019\\\/03\\\/13\\\/il-grande-jazz-americano-sabato-allunisono-di-feltre-con-robert-bonisolo-trio\\\/#breadcrumb\",\"itemListElement\":[{\"@type\":\"ListItem\",\"position\":1,\"name\":\"Home\",\"item\":\"https:\\\/\\\/www.bellunopress.it\\\/\"},{\"@type\":\"ListItem\",\"position\":2,\"name\":\"Il grande jazz americano sabato all&#8217;Unisono di Feltre con Robert Bonisolo Trio\"}]},{\"@type\":\"WebSite\",\"@id\":\"https:\\\/\\\/www.bellunopress.it\\\/#website\",\"url\":\"https:\\\/\\\/www.bellunopress.it\\\/\",\"name\":\"Bellunopress - Dolomiti\",\"description\":\"e-mail: redazione@bellunopress.it\",\"publisher\":{\"@id\":\"https:\\\/\\\/www.bellunopress.it\\\/#organization\"},\"potentialAction\":[{\"@type\":\"SearchAction\",\"target\":{\"@type\":\"EntryPoint\",\"urlTemplate\":\"https:\\\/\\\/www.bellunopress.it\\\/?s={search_term_string}\"},\"query-input\":{\"@type\":\"PropertyValueSpecification\",\"valueRequired\":true,\"valueName\":\"search_term_string\"}}],\"inLanguage\":\"fr-FR\"},{\"@type\":\"Organization\",\"@id\":\"https:\\\/\\\/www.bellunopress.it\\\/#organization\",\"name\":\"Bellunopress\",\"url\":\"https:\\\/\\\/www.bellunopress.it\\\/\",\"logo\":{\"@type\":\"ImageObject\",\"inLanguage\":\"fr-FR\",\"@id\":\"https:\\\/\\\/www.bellunopress.it\\\/#\\\/schema\\\/logo\\\/image\\\/\",\"url\":\"https:\\\/\\\/www.bellunopress.it\\\/wp-content\\\/uploads\\\/2011\\\/05\\\/cropped-logo-bellunopress-.jpg\",\"contentUrl\":\"https:\\\/\\\/www.bellunopress.it\\\/wp-content\\\/uploads\\\/2011\\\/05\\\/cropped-logo-bellunopress-.jpg\",\"width\":512,\"height\":512,\"caption\":\"Bellunopress\"},\"image\":{\"@id\":\"https:\\\/\\\/www.bellunopress.it\\\/#\\\/schema\\\/logo\\\/image\\\/\"},\"sameAs\":[\"https:\\\/\\\/www.facebook.com\\\/profile.php?id=100008943462799\",\"https:\\\/\\\/x.com\\\/bellunopress\",\"https:\\\/\\\/www.linkedin.com\\\/hp\\\/?dnr=JBzUWaJfMUw8vbXJJ2tVW5-I3jZKvC4wsoxE&amp;amp;amp;amp;amp;amp;trk=nav_responsive_tab_home\",\"https:\\\/\\\/www.youtube.com\\\/channel\\\/UCxL0wu1uN0_3_7hGG0306cw\"]},{\"@type\":\"Person\",\"@id\":\"https:\\\/\\\/www.bellunopress.it\\\/#\\\/schema\\\/person\\\/79bb06722b37ece1c03d3e94beb30d73\",\"name\":\"redazione\",\"image\":{\"@type\":\"ImageObject\",\"inLanguage\":\"fr-FR\",\"@id\":\"https:\\\/\\\/secure.gravatar.com\\\/avatar\\\/37d968a2e67a6fd04c169c4bdef102d0bc5d31b2546345219e348575eb80e9a0?s=96&d=mm&r=g\",\"url\":\"https:\\\/\\\/secure.gravatar.com\\\/avatar\\\/37d968a2e67a6fd04c169c4bdef102d0bc5d31b2546345219e348575eb80e9a0?s=96&d=mm&r=g\",\"contentUrl\":\"https:\\\/\\\/secure.gravatar.com\\\/avatar\\\/37d968a2e67a6fd04c169c4bdef102d0bc5d31b2546345219e348575eb80e9a0?s=96&d=mm&r=g\",\"caption\":\"redazione\"},\"sameAs\":[\"http:\\\/\\\/www.bellunopress.it\",\"https:\\\/\\\/x.com\\\/bellunopress\"],\"url\":\"https:\\\/\\\/www.bellunopress.it\\\/fr\\\/author\\\/redazione\\\/\"}]}<\/script>\n<!-- \/ Yoast SEO plugin. -->","yoast_head_json":{"title":"Il grande jazz americano sabato all'Unisono di Feltre con Robert Bonisolo Trio - Bellunopress - Dolomiti","robots":{"index":"index","follow":"follow","max-snippet":"max-snippet:-1","max-image-preview":"max-image-preview:large","max-video-preview":"max-video-preview:-1"},"canonical":"https:\/\/www.bellunopress.it\/fr\/2019\/03\/13\/il-grande-jazz-americano-sabato-allunisono-di-feltre-con-robert-bonisolo-trio\/","og_locale":"fr_FR","og_type":"article","og_title":"Il grande jazz americano sabato all'Unisono di Feltre con Robert Bonisolo Trio - Bellunopress - Dolomiti","og_description":"Feltre \u2013 E\u2019 nato in America, ha studiato tra Boston e New York e oggi vive a Vicenza. Robert Bonisolo \u00e8 un sassofonista di prima classe, musicista accanto ad artisti come Tom Harrell, Lee Konitz, Kenny Wheeler, Steve Swallow, Carla Bley, Maria Schneider, George Roberts, Alex Sipiagin, Dado Moroni, Antonio Fara\u00f2, Sandro Gibellini, Paolo Birro, [&hellip;]","og_url":"https:\/\/www.bellunopress.it\/fr\/2019\/03\/13\/il-grande-jazz-americano-sabato-allunisono-di-feltre-con-robert-bonisolo-trio\/","og_site_name":"Bellunopress - Dolomiti","article_publisher":"https:\/\/www.facebook.com\/profile.php?id=100008943462799","article_published_time":"2019-03-13T19:23:19+00:00","og_image":[{"url":"http:\/\/www.bellunopress.it\/wp-content\/uploads\/2014\/11\/unisono-jazz.jpg","type":"","width":"","height":""}],"author":"redazione","twitter_card":"summary_large_image","twitter_creator":"@bellunopress","twitter_site":"@bellunopress","twitter_misc":{"\u00c9crit par":"redazione","Dur\u00e9e de lecture estim\u00e9e":"5 minutes"},"schema":{"@context":"https:\/\/schema.org","@graph":[{"@type":"Article","@id":"https:\/\/www.bellunopress.it\/2019\/03\/13\/il-grande-jazz-americano-sabato-allunisono-di-feltre-con-robert-bonisolo-trio\/#article","isPartOf":{"@id":"https:\/\/www.bellunopress.it\/2019\/03\/13\/il-grande-jazz-americano-sabato-allunisono-di-feltre-con-robert-bonisolo-trio\/"},"author":{"name":"redazione","@id":"https:\/\/www.bellunopress.it\/#\/schema\/person\/79bb06722b37ece1c03d3e94beb30d73"},"headline":"Il grande jazz americano sabato all&#8217;Unisono di Feltre con Robert Bonisolo Trio","datePublished":"2019-03-13T19:23:19+00:00","mainEntityOfPage":{"@id":"https:\/\/www.bellunopress.it\/2019\/03\/13\/il-grande-jazz-americano-sabato-allunisono-di-feltre-con-robert-bonisolo-trio\/"},"wordCount":937,"publisher":{"@id":"https:\/\/www.bellunopress.it\/#organization"},"image":{"@id":"https:\/\/www.bellunopress.it\/2019\/03\/13\/il-grande-jazz-americano-sabato-allunisono-di-feltre-con-robert-bonisolo-trio\/#primaryimage"},"thumbnailUrl":"http:\/\/www.bellunopress.it\/wp-content\/uploads\/2014\/11\/unisono-jazz.jpg","articleSection":["Appuntamenti, Eventi","Arte, Cultura, Spettacoli, Scienza","Pausa Caff\u00e8"],"inLanguage":"fr-FR"},{"@type":"WebPage","@id":"https:\/\/www.bellunopress.it\/2019\/03\/13\/il-grande-jazz-americano-sabato-allunisono-di-feltre-con-robert-bonisolo-trio\/","url":"https:\/\/www.bellunopress.it\/2019\/03\/13\/il-grande-jazz-americano-sabato-allunisono-di-feltre-con-robert-bonisolo-trio\/","name":"Il grande jazz americano sabato all'Unisono di Feltre con Robert Bonisolo Trio - Bellunopress - Dolomiti","isPartOf":{"@id":"https:\/\/www.bellunopress.it\/#website"},"primaryImageOfPage":{"@id":"https:\/\/www.bellunopress.it\/2019\/03\/13\/il-grande-jazz-americano-sabato-allunisono-di-feltre-con-robert-bonisolo-trio\/#primaryimage"},"image":{"@id":"https:\/\/www.bellunopress.it\/2019\/03\/13\/il-grande-jazz-americano-sabato-allunisono-di-feltre-con-robert-bonisolo-trio\/#primaryimage"},"thumbnailUrl":"http:\/\/www.bellunopress.it\/wp-content\/uploads\/2014\/11\/unisono-jazz.jpg","datePublished":"2019-03-13T19:23:19+00:00","breadcrumb":{"@id":"https:\/\/www.bellunopress.it\/2019\/03\/13\/il-grande-jazz-americano-sabato-allunisono-di-feltre-con-robert-bonisolo-trio\/#breadcrumb"},"inLanguage":"fr-FR","potentialAction":[{"@type":"ReadAction","target":["https:\/\/www.bellunopress.it\/2019\/03\/13\/il-grande-jazz-americano-sabato-allunisono-di-feltre-con-robert-bonisolo-trio\/"]}]},{"@type":"ImageObject","inLanguage":"fr-FR","@id":"https:\/\/www.bellunopress.it\/2019\/03\/13\/il-grande-jazz-americano-sabato-allunisono-di-feltre-con-robert-bonisolo-trio\/#primaryimage","url":"http:\/\/www.bellunopress.it\/wp-content\/uploads\/2014\/11\/unisono-jazz.jpg","contentUrl":"http:\/\/www.bellunopress.it\/wp-content\/uploads\/2014\/11\/unisono-jazz.jpg"},{"@type":"BreadcrumbList","@id":"https:\/\/www.bellunopress.it\/2019\/03\/13\/il-grande-jazz-americano-sabato-allunisono-di-feltre-con-robert-bonisolo-trio\/#breadcrumb","itemListElement":[{"@type":"ListItem","position":1,"name":"Home","item":"https:\/\/www.bellunopress.it\/"},{"@type":"ListItem","position":2,"name":"Il grande jazz americano sabato all&#8217;Unisono di Feltre con Robert Bonisolo Trio"}]},{"@type":"WebSite","@id":"https:\/\/www.bellunopress.it\/#website","url":"https:\/\/www.bellunopress.it\/","name":"Bellunopress - Dolomiti","description":"e-mail: redazione@bellunopress.it","publisher":{"@id":"https:\/\/www.bellunopress.it\/#organization"},"potentialAction":[{"@type":"SearchAction","target":{"@type":"EntryPoint","urlTemplate":"https:\/\/www.bellunopress.it\/?s={search_term_string}"},"query-input":{"@type":"PropertyValueSpecification","valueRequired":true,"valueName":"search_term_string"}}],"inLanguage":"fr-FR"},{"@type":"Organization","@id":"https:\/\/www.bellunopress.it\/#organization","name":"Bellunopress","url":"https:\/\/www.bellunopress.it\/","logo":{"@type":"ImageObject","inLanguage":"fr-FR","@id":"https:\/\/www.bellunopress.it\/#\/schema\/logo\/image\/","url":"https:\/\/www.bellunopress.it\/wp-content\/uploads\/2011\/05\/cropped-logo-bellunopress-.jpg","contentUrl":"https:\/\/www.bellunopress.it\/wp-content\/uploads\/2011\/05\/cropped-logo-bellunopress-.jpg","width":512,"height":512,"caption":"Bellunopress"},"image":{"@id":"https:\/\/www.bellunopress.it\/#\/schema\/logo\/image\/"},"sameAs":["https:\/\/www.facebook.com\/profile.php?id=100008943462799","https:\/\/x.com\/bellunopress","https:\/\/www.linkedin.com\/hp\/?dnr=JBzUWaJfMUw8vbXJJ2tVW5-I3jZKvC4wsoxE&amp;amp;amp;amp;amp;amp;trk=nav_responsive_tab_home","https:\/\/www.youtube.com\/channel\/UCxL0wu1uN0_3_7hGG0306cw"]},{"@type":"Person","@id":"https:\/\/www.bellunopress.it\/#\/schema\/person\/79bb06722b37ece1c03d3e94beb30d73","name":"r\u00e9daction","image":{"@type":"ImageObject","inLanguage":"fr-FR","@id":"https:\/\/secure.gravatar.com\/avatar\/37d968a2e67a6fd04c169c4bdef102d0bc5d31b2546345219e348575eb80e9a0?s=96&d=mm&r=g","url":"https:\/\/secure.gravatar.com\/avatar\/37d968a2e67a6fd04c169c4bdef102d0bc5d31b2546345219e348575eb80e9a0?s=96&d=mm&r=g","contentUrl":"https:\/\/secure.gravatar.com\/avatar\/37d968a2e67a6fd04c169c4bdef102d0bc5d31b2546345219e348575eb80e9a0?s=96&d=mm&r=g","caption":"redazione"},"sameAs":["http:\/\/www.bellunopress.it","https:\/\/x.com\/bellunopress"],"url":"https:\/\/www.bellunopress.it\/fr\/author\/redazione\/"}]}},"_links":{"self":[{"href":"https:\/\/www.bellunopress.it\/fr\/wp-json\/wp\/v2\/posts\/102840","targetHints":{"allow":["GET"]}}],"collection":[{"href":"https:\/\/www.bellunopress.it\/fr\/wp-json\/wp\/v2\/posts"}],"about":[{"href":"https:\/\/www.bellunopress.it\/fr\/wp-json\/wp\/v2\/types\/post"}],"author":[{"embeddable":true,"href":"https:\/\/www.bellunopress.it\/fr\/wp-json\/wp\/v2\/users\/2"}],"replies":[{"embeddable":true,"href":"https:\/\/www.bellunopress.it\/fr\/wp-json\/wp\/v2\/comments?post=102840"}],"version-history":[{"count":1,"href":"https:\/\/www.bellunopress.it\/fr\/wp-json\/wp\/v2\/posts\/102840\/revisions"}],"predecessor-version":[{"id":102841,"href":"https:\/\/www.bellunopress.it\/fr\/wp-json\/wp\/v2\/posts\/102840\/revisions\/102841"}],"wp:attachment":[{"href":"https:\/\/www.bellunopress.it\/fr\/wp-json\/wp\/v2\/media?parent=102840"}],"wp:term":[{"taxonomy":"category","embeddable":true,"href":"https:\/\/www.bellunopress.it\/fr\/wp-json\/wp\/v2\/categories?post=102840"},{"taxonomy":"post_tag","embeddable":true,"href":"https:\/\/www.bellunopress.it\/fr\/wp-json\/wp\/v2\/tags?post=102840"}],"curies":[{"name":"wp","href":"https:\/\/api.w.org\/{rel}","templated":true}]}}