{"id":102823,"date":"2019-03-13T21:40:18","date_gmt":"2019-03-13T20:40:18","guid":{"rendered":"http:\/\/www.bellunopress.it\/?p=102823"},"modified":"2019-03-14T10:59:24","modified_gmt":"2019-03-14T09:59:24","slug":"aderisce-a-una-promozione-telefonica-pay-tv-e-gli-affibbiano-un-altro-abbonamento-solo-lintervento-dellassociazione-io-mi-tutelo-fa-cessare-la-doppia-fatturazione","status":"publish","type":"post","link":"https:\/\/www.bellunopress.it\/fr\/2019\/03\/13\/aderisce-a-una-promozione-telefonica-pay-tv-e-gli-affibbiano-un-altro-abbonamento-solo-lintervento-dellassociazione-io-mi-tutelo-fa-cessare-la-doppia-fatturazione\/","title":{"rendered":"Aderisce a una promozione telefonica pay tv e gli affibbiano un altro abbonamento. Solo l&#8217;intervento dell&#8217;Associazione Io mi tutelo fa cessare la doppia fatturazione"},"content":{"rendered":"<figure id=\"attachment_102857\" aria-describedby=\"caption-attachment-102857\" style=\"width: 229px\" class=\"wp-caption alignleft\"><a href=\"http:\/\/www.bellunopress.it\/fr\/2019\/03\/13\/aderisce-a-una-promozione-telefonica-pay-tv-e-gli-affibbiano-un-altro-abbonamento-solo-lintervento-dellassociazione-io-mi-tutelo-fa-cessare-la-doppia-fatturazione\/andrea-brumruelli-io-mi-tutelo-2\/\" rel=\"attachment wp-att-102857\"><img loading=\"lazy\" decoding=\"async\" class=\"size-full wp-image-102857\" src=\"http:\/\/www.bellunopress.it\/wp-content\/uploads\/2019\/03\/Andrea-Brumruelli-Io-mi-tutelo-2.jpg\" alt=\"\" width=\"229\" height=\"290\" \/><\/a><figcaption id=\"caption-attachment-102857\" class=\"wp-caption-text\">Andrea Brumurelli<\/figcaption><\/figure>\n<p>E&#8217; successo nei giorni scorsi nel Feltrino, dove un abbonato ad una pay tv satellitare, quella, per capirci, che si riceve a casa tramite un\u2019antenna parabolica, \u00e8 stato contattato da un call center. L&#8217;offerta \u00e8 formidabile, anche perch\u00e9 \u00e8 lo stesso gestore che gi\u00e0 possedeva tutti i dati del cliente a proporla, quindi credibile e affidabile. L&#8217;offerta prevedeva un ulteriore pacchetto con vari canali televisivi allo stesso prezzo gi\u00e0 pagato in abbonamento, senza nessuna maggiorazione. Dunque una super offerta irrinunciabile con nuovi prodotti tv senza nessun costo aggiuntivo. L&#8217;abbonato accetta entusiasta e procede alla registrazione telefonica del contratto.<\/p>\n<p>Solo che il mese successivo arriva la sorpresa. Gli vengono recapitate due fatture, una per il vecchio e una per il nuovo abbonamento pay tv, quello che doveva essere gratuito. La doppia fatturazione prosegue per circa sei mesi. E non c&#8217;\u00e8 nulla da fare, perch\u00e9 ogni tentativo di contattare il call center per interrompere il contratto risulta vano. La disdetta per uscita anticipata, tra l&#8217;altro, conteneva ulteriori costi per penali. Un percorso ad ostacoli insomma, con un abbonamento sul groppone facilissimo da accettare, ma di cui era praticamente impossibile liberarsene. E&#8217; a questo punto che l&#8217;abbonato decide di rivolgersi all&#8217;Associazione &#8220;Io mi tutelo&#8221; per far cessare la doppia fatturazione.<\/p>\n<p>&#8220;Abbiamo innanzitutto recuperato la telefonata con la quale l&#8217;abbonato aveva aderito alla promozione &#8211; spiega Andrea Brumurelli, fondatore dell&#8217;Associazione consumatori Io mi tutelo con sede a Feltre &#8211; dopodich\u00e9 abbiamo inoltrato il reclamo al gestore sottolineando la circostanza che il call center agiva in nome e per conto del gestore stesso. Dobbiamo riconoscere che in tempi brevi il gestore ha riconosciuto l&#8217;abuso, provvedendo all&#8217;intero rimborso a favore dell&#8217;utente. Oltre ad aver agito nei confronti del call center esterno &#8211; ci ha riferito il gestore &#8211; per la condotta scorretta messa in atto nei confronti di un cliente&#8221;.<\/p>","protected":false},"excerpt":{"rendered":"<p>E&#8217; successo nei giorni scorsi nel Feltrino, dove un abbonato ad una pay tv satellitare, quella, per capirci, che si riceve a casa tramite un\u2019antenna parabolica, \u00e8 stato contattato da un call center. L&#8217;offerta \u00e8 formidabile, anche perch\u00e9 \u00e8 lo stesso gestore che gi\u00e0 possedeva tutti i dati del cliente a proporla, quindi credibile e [&hellip;]<\/p>\n","protected":false},"author":2,"featured_media":0,"comment_status":"closed","ping_status":"open","sticky":false,"template":"","format":"standard","meta":{"footnotes":""},"categories":[26,8],"tags":[],"class_list":["post-102823","post","type-post","status-publish","format-standard","category-prima-pagina","category-societa-istituzioni"],"yoast_head":"<!-- This site is optimized with the Yoast SEO plugin v28.4 - https:\/\/yoast.com\/product\/yoast-seo-wordpress\/ -->\n<title>Aderisce a una promozione telefonica pay tv e gli affibbiano un altro abbonamento. Solo l&#039;intervento dell&#039;Associazione Io mi tutelo fa cessare la doppia fatturazione - Bellunopress - Dolomiti<\/title>\n<meta name=\"robots\" content=\"index, follow, max-snippet:-1, max-image-preview:large, max-video-preview:-1\" \/>\n<link rel=\"canonical\" href=\"https:\/\/www.bellunopress.it\/fr\/2019\/03\/13\/aderisce-a-una-promozione-telefonica-pay-tv-e-gli-affibbiano-un-altro-abbonamento-solo-lintervento-dellassociazione-io-mi-tutelo-fa-cessare-la-doppia-fatturazione\/\" \/>\n<meta property=\"og:locale\" content=\"fr_FR\" \/>\n<meta property=\"og:type\" content=\"article\" \/>\n<meta property=\"og:title\" content=\"Aderisce a una promozione telefonica pay tv e gli affibbiano un altro abbonamento. Solo l&#039;intervento dell&#039;Associazione Io mi tutelo fa cessare la doppia fatturazione - Bellunopress - Dolomiti\" \/>\n<meta property=\"og:description\" content=\"E&#8217; successo nei giorni scorsi nel Feltrino, dove un abbonato ad una pay tv satellitare, quella, per capirci, che si riceve a casa tramite un\u2019antenna parabolica, \u00e8 stato contattato da un call center. L&#8217;offerta \u00e8 formidabile, anche perch\u00e9 \u00e8 lo stesso gestore che gi\u00e0 possedeva tutti i dati del cliente a proporla, quindi credibile e [&hellip;]\" \/>\n<meta property=\"og:url\" content=\"https:\/\/www.bellunopress.it\/fr\/2019\/03\/13\/aderisce-a-una-promozione-telefonica-pay-tv-e-gli-affibbiano-un-altro-abbonamento-solo-lintervento-dellassociazione-io-mi-tutelo-fa-cessare-la-doppia-fatturazione\/\" \/>\n<meta property=\"og:site_name\" content=\"Bellunopress - Dolomiti\" \/>\n<meta property=\"article:publisher\" content=\"https:\/\/www.facebook.com\/profile.php?id=100008943462799\" \/>\n<meta property=\"article:published_time\" content=\"2019-03-13T20:40:18+00:00\" \/>\n<meta property=\"article:modified_time\" content=\"2019-03-14T09:59:24+00:00\" \/>\n<meta property=\"og:image\" content=\"http:\/\/www.bellunopress.it\/wp-content\/uploads\/2019\/03\/Andrea-Brumruelli-Io-mi-tutelo-2.jpg\" \/>\n<meta name=\"author\" content=\"redazione\" \/>\n<meta name=\"twitter:card\" content=\"summary_large_image\" \/>\n<meta name=\"twitter:creator\" content=\"@bellunopress\" \/>\n<meta name=\"twitter:site\" content=\"@bellunopress\" \/>\n<meta name=\"twitter:label1\" content=\"\u00c9crit par\" \/>\n\t<meta name=\"twitter:data1\" content=\"redazione\" \/>\n\t<meta name=\"twitter:label2\" content=\"Dur\u00e9e de lecture estim\u00e9e\" \/>\n\t<meta name=\"twitter:data2\" content=\"2 minutes\" \/>\n<script type=\"application\/ld+json\" class=\"yoast-schema-graph\">{\"@context\":\"https:\\\/\\\/schema.org\",\"@graph\":[{\"@type\":\"Article\",\"@id\":\"https:\\\/\\\/www.bellunopress.it\\\/2019\\\/03\\\/13\\\/aderisce-a-una-promozione-telefonica-pay-tv-e-gli-affibbiano-un-altro-abbonamento-solo-lintervento-dellassociazione-io-mi-tutelo-fa-cessare-la-doppia-fatturazione\\\/#article\",\"isPartOf\":{\"@id\":\"https:\\\/\\\/www.bellunopress.it\\\/2019\\\/03\\\/13\\\/aderisce-a-una-promozione-telefonica-pay-tv-e-gli-affibbiano-un-altro-abbonamento-solo-lintervento-dellassociazione-io-mi-tutelo-fa-cessare-la-doppia-fatturazione\\\/\"},\"author\":{\"name\":\"redazione\",\"@id\":\"https:\\\/\\\/www.bellunopress.it\\\/#\\\/schema\\\/person\\\/79bb06722b37ece1c03d3e94beb30d73\"},\"headline\":\"Aderisce a una promozione telefonica pay tv e gli affibbiano un altro abbonamento. Solo l&#8217;intervento dell&#8217;Associazione Io mi tutelo fa cessare la doppia fatturazione\",\"datePublished\":\"2019-03-13T20:40:18+00:00\",\"dateModified\":\"2019-03-14T09:59:24+00:00\",\"mainEntityOfPage\":{\"@id\":\"https:\\\/\\\/www.bellunopress.it\\\/2019\\\/03\\\/13\\\/aderisce-a-una-promozione-telefonica-pay-tv-e-gli-affibbiano-un-altro-abbonamento-solo-lintervento-dellassociazione-io-mi-tutelo-fa-cessare-la-doppia-fatturazione\\\/\"},\"wordCount\":348,\"publisher\":{\"@id\":\"https:\\\/\\\/www.bellunopress.it\\\/#organization\"},\"image\":{\"@id\":\"https:\\\/\\\/www.bellunopress.it\\\/2019\\\/03\\\/13\\\/aderisce-a-una-promozione-telefonica-pay-tv-e-gli-affibbiano-un-altro-abbonamento-solo-lintervento-dellassociazione-io-mi-tutelo-fa-cessare-la-doppia-fatturazione\\\/#primaryimage\"},\"thumbnailUrl\":\"http:\\\/\\\/www.bellunopress.it\\\/wp-content\\\/uploads\\\/2019\\\/03\\\/Andrea-Brumruelli-Io-mi-tutelo-2.jpg\",\"articleSection\":[\"Prima Pagina\",\"Societ\u00e0, Associazioni, Istituzioni\"],\"inLanguage\":\"fr-FR\"},{\"@type\":\"WebPage\",\"@id\":\"https:\\\/\\\/www.bellunopress.it\\\/2019\\\/03\\\/13\\\/aderisce-a-una-promozione-telefonica-pay-tv-e-gli-affibbiano-un-altro-abbonamento-solo-lintervento-dellassociazione-io-mi-tutelo-fa-cessare-la-doppia-fatturazione\\\/\",\"url\":\"https:\\\/\\\/www.bellunopress.it\\\/2019\\\/03\\\/13\\\/aderisce-a-una-promozione-telefonica-pay-tv-e-gli-affibbiano-un-altro-abbonamento-solo-lintervento-dellassociazione-io-mi-tutelo-fa-cessare-la-doppia-fatturazione\\\/\",\"name\":\"Aderisce a una promozione telefonica pay tv e gli affibbiano un altro abbonamento. Solo l'intervento dell'Associazione Io mi tutelo fa cessare la doppia fatturazione - Bellunopress - Dolomiti\",\"isPartOf\":{\"@id\":\"https:\\\/\\\/www.bellunopress.it\\\/#website\"},\"primaryImageOfPage\":{\"@id\":\"https:\\\/\\\/www.bellunopress.it\\\/2019\\\/03\\\/13\\\/aderisce-a-una-promozione-telefonica-pay-tv-e-gli-affibbiano-un-altro-abbonamento-solo-lintervento-dellassociazione-io-mi-tutelo-fa-cessare-la-doppia-fatturazione\\\/#primaryimage\"},\"image\":{\"@id\":\"https:\\\/\\\/www.bellunopress.it\\\/2019\\\/03\\\/13\\\/aderisce-a-una-promozione-telefonica-pay-tv-e-gli-affibbiano-un-altro-abbonamento-solo-lintervento-dellassociazione-io-mi-tutelo-fa-cessare-la-doppia-fatturazione\\\/#primaryimage\"},\"thumbnailUrl\":\"http:\\\/\\\/www.bellunopress.it\\\/wp-content\\\/uploads\\\/2019\\\/03\\\/Andrea-Brumruelli-Io-mi-tutelo-2.jpg\",\"datePublished\":\"2019-03-13T20:40:18+00:00\",\"dateModified\":\"2019-03-14T09:59:24+00:00\",\"breadcrumb\":{\"@id\":\"https:\\\/\\\/www.bellunopress.it\\\/2019\\\/03\\\/13\\\/aderisce-a-una-promozione-telefonica-pay-tv-e-gli-affibbiano-un-altro-abbonamento-solo-lintervento-dellassociazione-io-mi-tutelo-fa-cessare-la-doppia-fatturazione\\\/#breadcrumb\"},\"inLanguage\":\"fr-FR\",\"potentialAction\":[{\"@type\":\"ReadAction\",\"target\":[\"https:\\\/\\\/www.bellunopress.it\\\/2019\\\/03\\\/13\\\/aderisce-a-una-promozione-telefonica-pay-tv-e-gli-affibbiano-un-altro-abbonamento-solo-lintervento-dellassociazione-io-mi-tutelo-fa-cessare-la-doppia-fatturazione\\\/\"]}]},{\"@type\":\"ImageObject\",\"inLanguage\":\"fr-FR\",\"@id\":\"https:\\\/\\\/www.bellunopress.it\\\/2019\\\/03\\\/13\\\/aderisce-a-una-promozione-telefonica-pay-tv-e-gli-affibbiano-un-altro-abbonamento-solo-lintervento-dellassociazione-io-mi-tutelo-fa-cessare-la-doppia-fatturazione\\\/#primaryimage\",\"url\":\"http:\\\/\\\/www.bellunopress.it\\\/wp-content\\\/uploads\\\/2019\\\/03\\\/Andrea-Brumruelli-Io-mi-tutelo-2.jpg\",\"contentUrl\":\"http:\\\/\\\/www.bellunopress.it\\\/wp-content\\\/uploads\\\/2019\\\/03\\\/Andrea-Brumruelli-Io-mi-tutelo-2.jpg\"},{\"@type\":\"BreadcrumbList\",\"@id\":\"https:\\\/\\\/www.bellunopress.it\\\/2019\\\/03\\\/13\\\/aderisce-a-una-promozione-telefonica-pay-tv-e-gli-affibbiano-un-altro-abbonamento-solo-lintervento-dellassociazione-io-mi-tutelo-fa-cessare-la-doppia-fatturazione\\\/#breadcrumb\",\"itemListElement\":[{\"@type\":\"ListItem\",\"position\":1,\"name\":\"Home\",\"item\":\"https:\\\/\\\/www.bellunopress.it\\\/\"},{\"@type\":\"ListItem\",\"position\":2,\"name\":\"Aderisce a una promozione telefonica pay tv e gli affibbiano un altro abbonamento. Solo l&#8217;intervento dell&#8217;Associazione Io mi tutelo fa cessare la doppia fatturazione\"}]},{\"@type\":\"WebSite\",\"@id\":\"https:\\\/\\\/www.bellunopress.it\\\/#website\",\"url\":\"https:\\\/\\\/www.bellunopress.it\\\/\",\"name\":\"Bellunopress - Dolomiti\",\"description\":\"e-mail: redazione@bellunopress.it\",\"publisher\":{\"@id\":\"https:\\\/\\\/www.bellunopress.it\\\/#organization\"},\"potentialAction\":[{\"@type\":\"SearchAction\",\"target\":{\"@type\":\"EntryPoint\",\"urlTemplate\":\"https:\\\/\\\/www.bellunopress.it\\\/?s={search_term_string}\"},\"query-input\":{\"@type\":\"PropertyValueSpecification\",\"valueRequired\":true,\"valueName\":\"search_term_string\"}}],\"inLanguage\":\"fr-FR\"},{\"@type\":\"Organization\",\"@id\":\"https:\\\/\\\/www.bellunopress.it\\\/#organization\",\"name\":\"Bellunopress\",\"url\":\"https:\\\/\\\/www.bellunopress.it\\\/\",\"logo\":{\"@type\":\"ImageObject\",\"inLanguage\":\"fr-FR\",\"@id\":\"https:\\\/\\\/www.bellunopress.it\\\/#\\\/schema\\\/logo\\\/image\\\/\",\"url\":\"https:\\\/\\\/www.bellunopress.it\\\/wp-content\\\/uploads\\\/2011\\\/05\\\/cropped-logo-bellunopress-.jpg\",\"contentUrl\":\"https:\\\/\\\/www.bellunopress.it\\\/wp-content\\\/uploads\\\/2011\\\/05\\\/cropped-logo-bellunopress-.jpg\",\"width\":512,\"height\":512,\"caption\":\"Bellunopress\"},\"image\":{\"@id\":\"https:\\\/\\\/www.bellunopress.it\\\/#\\\/schema\\\/logo\\\/image\\\/\"},\"sameAs\":[\"https:\\\/\\\/www.facebook.com\\\/profile.php?id=100008943462799\",\"https:\\\/\\\/x.com\\\/bellunopress\",\"https:\\\/\\\/www.linkedin.com\\\/hp\\\/?dnr=JBzUWaJfMUw8vbXJJ2tVW5-I3jZKvC4wsoxE&amp;amp;amp;amp;amp;amp;trk=nav_responsive_tab_home\",\"https:\\\/\\\/www.youtube.com\\\/channel\\\/UCxL0wu1uN0_3_7hGG0306cw\"]},{\"@type\":\"Person\",\"@id\":\"https:\\\/\\\/www.bellunopress.it\\\/#\\\/schema\\\/person\\\/79bb06722b37ece1c03d3e94beb30d73\",\"name\":\"redazione\",\"image\":{\"@type\":\"ImageObject\",\"inLanguage\":\"fr-FR\",\"@id\":\"https:\\\/\\\/secure.gravatar.com\\\/avatar\\\/37d968a2e67a6fd04c169c4bdef102d0bc5d31b2546345219e348575eb80e9a0?s=96&d=mm&r=g\",\"url\":\"https:\\\/\\\/secure.gravatar.com\\\/avatar\\\/37d968a2e67a6fd04c169c4bdef102d0bc5d31b2546345219e348575eb80e9a0?s=96&d=mm&r=g\",\"contentUrl\":\"https:\\\/\\\/secure.gravatar.com\\\/avatar\\\/37d968a2e67a6fd04c169c4bdef102d0bc5d31b2546345219e348575eb80e9a0?s=96&d=mm&r=g\",\"caption\":\"redazione\"},\"sameAs\":[\"http:\\\/\\\/www.bellunopress.it\",\"https:\\\/\\\/x.com\\\/bellunopress\"],\"url\":\"https:\\\/\\\/www.bellunopress.it\\\/fr\\\/author\\\/redazione\\\/\"}]}<\/script>\n<!-- \/ Yoast SEO plugin. -->","yoast_head_json":{"title":"Aderisce a una promozione telefonica pay tv e gli affibbiano un altro abbonamento. Solo l'intervento dell'Associazione Io mi tutelo fa cessare la doppia fatturazione - Bellunopress - Dolomiti","robots":{"index":"index","follow":"follow","max-snippet":"max-snippet:-1","max-image-preview":"max-image-preview:large","max-video-preview":"max-video-preview:-1"},"canonical":"https:\/\/www.bellunopress.it\/fr\/2019\/03\/13\/aderisce-a-una-promozione-telefonica-pay-tv-e-gli-affibbiano-un-altro-abbonamento-solo-lintervento-dellassociazione-io-mi-tutelo-fa-cessare-la-doppia-fatturazione\/","og_locale":"fr_FR","og_type":"article","og_title":"Aderisce a una promozione telefonica pay tv e gli affibbiano un altro abbonamento. Solo l'intervento dell'Associazione Io mi tutelo fa cessare la doppia fatturazione - Bellunopress - Dolomiti","og_description":"E&#8217; successo nei giorni scorsi nel Feltrino, dove un abbonato ad una pay tv satellitare, quella, per capirci, che si riceve a casa tramite un\u2019antenna parabolica, \u00e8 stato contattato da un call center. L&#8217;offerta \u00e8 formidabile, anche perch\u00e9 \u00e8 lo stesso gestore che gi\u00e0 possedeva tutti i dati del cliente a proporla, quindi credibile e [&hellip;]","og_url":"https:\/\/www.bellunopress.it\/fr\/2019\/03\/13\/aderisce-a-una-promozione-telefonica-pay-tv-e-gli-affibbiano-un-altro-abbonamento-solo-lintervento-dellassociazione-io-mi-tutelo-fa-cessare-la-doppia-fatturazione\/","og_site_name":"Bellunopress - Dolomiti","article_publisher":"https:\/\/www.facebook.com\/profile.php?id=100008943462799","article_published_time":"2019-03-13T20:40:18+00:00","article_modified_time":"2019-03-14T09:59:24+00:00","og_image":[{"url":"http:\/\/www.bellunopress.it\/wp-content\/uploads\/2019\/03\/Andrea-Brumruelli-Io-mi-tutelo-2.jpg","type":"","width":"","height":""}],"author":"redazione","twitter_card":"summary_large_image","twitter_creator":"@bellunopress","twitter_site":"@bellunopress","twitter_misc":{"\u00c9crit par":"redazione","Dur\u00e9e de lecture estim\u00e9e":"2 minutes"},"schema":{"@context":"https:\/\/schema.org","@graph":[{"@type":"Article","@id":"https:\/\/www.bellunopress.it\/2019\/03\/13\/aderisce-a-una-promozione-telefonica-pay-tv-e-gli-affibbiano-un-altro-abbonamento-solo-lintervento-dellassociazione-io-mi-tutelo-fa-cessare-la-doppia-fatturazione\/#article","isPartOf":{"@id":"https:\/\/www.bellunopress.it\/2019\/03\/13\/aderisce-a-una-promozione-telefonica-pay-tv-e-gli-affibbiano-un-altro-abbonamento-solo-lintervento-dellassociazione-io-mi-tutelo-fa-cessare-la-doppia-fatturazione\/"},"author":{"name":"redazione","@id":"https:\/\/www.bellunopress.it\/#\/schema\/person\/79bb06722b37ece1c03d3e94beb30d73"},"headline":"Aderisce a una promozione telefonica pay tv e gli affibbiano un altro abbonamento. Solo l&#8217;intervento dell&#8217;Associazione Io mi tutelo fa cessare la doppia fatturazione","datePublished":"2019-03-13T20:40:18+00:00","dateModified":"2019-03-14T09:59:24+00:00","mainEntityOfPage":{"@id":"https:\/\/www.bellunopress.it\/2019\/03\/13\/aderisce-a-una-promozione-telefonica-pay-tv-e-gli-affibbiano-un-altro-abbonamento-solo-lintervento-dellassociazione-io-mi-tutelo-fa-cessare-la-doppia-fatturazione\/"},"wordCount":348,"publisher":{"@id":"https:\/\/www.bellunopress.it\/#organization"},"image":{"@id":"https:\/\/www.bellunopress.it\/2019\/03\/13\/aderisce-a-una-promozione-telefonica-pay-tv-e-gli-affibbiano-un-altro-abbonamento-solo-lintervento-dellassociazione-io-mi-tutelo-fa-cessare-la-doppia-fatturazione\/#primaryimage"},"thumbnailUrl":"http:\/\/www.bellunopress.it\/wp-content\/uploads\/2019\/03\/Andrea-Brumruelli-Io-mi-tutelo-2.jpg","articleSection":["Prima Pagina","Societ\u00e0, Associazioni, Istituzioni"],"inLanguage":"fr-FR"},{"@type":"WebPage","@id":"https:\/\/www.bellunopress.it\/2019\/03\/13\/aderisce-a-una-promozione-telefonica-pay-tv-e-gli-affibbiano-un-altro-abbonamento-solo-lintervento-dellassociazione-io-mi-tutelo-fa-cessare-la-doppia-fatturazione\/","url":"https:\/\/www.bellunopress.it\/2019\/03\/13\/aderisce-a-una-promozione-telefonica-pay-tv-e-gli-affibbiano-un-altro-abbonamento-solo-lintervento-dellassociazione-io-mi-tutelo-fa-cessare-la-doppia-fatturazione\/","name":"Aderisce a una promozione telefonica pay tv e gli affibbiano un altro abbonamento. Solo l'intervento dell'Associazione Io mi tutelo fa cessare la doppia fatturazione - Bellunopress - Dolomiti","isPartOf":{"@id":"https:\/\/www.bellunopress.it\/#website"},"primaryImageOfPage":{"@id":"https:\/\/www.bellunopress.it\/2019\/03\/13\/aderisce-a-una-promozione-telefonica-pay-tv-e-gli-affibbiano-un-altro-abbonamento-solo-lintervento-dellassociazione-io-mi-tutelo-fa-cessare-la-doppia-fatturazione\/#primaryimage"},"image":{"@id":"https:\/\/www.bellunopress.it\/2019\/03\/13\/aderisce-a-una-promozione-telefonica-pay-tv-e-gli-affibbiano-un-altro-abbonamento-solo-lintervento-dellassociazione-io-mi-tutelo-fa-cessare-la-doppia-fatturazione\/#primaryimage"},"thumbnailUrl":"http:\/\/www.bellunopress.it\/wp-content\/uploads\/2019\/03\/Andrea-Brumruelli-Io-mi-tutelo-2.jpg","datePublished":"2019-03-13T20:40:18+00:00","dateModified":"2019-03-14T09:59:24+00:00","breadcrumb":{"@id":"https:\/\/www.bellunopress.it\/2019\/03\/13\/aderisce-a-una-promozione-telefonica-pay-tv-e-gli-affibbiano-un-altro-abbonamento-solo-lintervento-dellassociazione-io-mi-tutelo-fa-cessare-la-doppia-fatturazione\/#breadcrumb"},"inLanguage":"fr-FR","potentialAction":[{"@type":"ReadAction","target":["https:\/\/www.bellunopress.it\/2019\/03\/13\/aderisce-a-una-promozione-telefonica-pay-tv-e-gli-affibbiano-un-altro-abbonamento-solo-lintervento-dellassociazione-io-mi-tutelo-fa-cessare-la-doppia-fatturazione\/"]}]},{"@type":"ImageObject","inLanguage":"fr-FR","@id":"https:\/\/www.bellunopress.it\/2019\/03\/13\/aderisce-a-una-promozione-telefonica-pay-tv-e-gli-affibbiano-un-altro-abbonamento-solo-lintervento-dellassociazione-io-mi-tutelo-fa-cessare-la-doppia-fatturazione\/#primaryimage","url":"http:\/\/www.bellunopress.it\/wp-content\/uploads\/2019\/03\/Andrea-Brumruelli-Io-mi-tutelo-2.jpg","contentUrl":"http:\/\/www.bellunopress.it\/wp-content\/uploads\/2019\/03\/Andrea-Brumruelli-Io-mi-tutelo-2.jpg"},{"@type":"BreadcrumbList","@id":"https:\/\/www.bellunopress.it\/2019\/03\/13\/aderisce-a-una-promozione-telefonica-pay-tv-e-gli-affibbiano-un-altro-abbonamento-solo-lintervento-dellassociazione-io-mi-tutelo-fa-cessare-la-doppia-fatturazione\/#breadcrumb","itemListElement":[{"@type":"ListItem","position":1,"name":"Home","item":"https:\/\/www.bellunopress.it\/"},{"@type":"ListItem","position":2,"name":"Aderisce a una promozione telefonica pay tv e gli affibbiano un altro abbonamento. Solo l&#8217;intervento dell&#8217;Associazione Io mi tutelo fa cessare la doppia fatturazione"}]},{"@type":"WebSite","@id":"https:\/\/www.bellunopress.it\/#website","url":"https:\/\/www.bellunopress.it\/","name":"Bellunopress - Dolomiti","description":"e-mail: redazione@bellunopress.it","publisher":{"@id":"https:\/\/www.bellunopress.it\/#organization"},"potentialAction":[{"@type":"SearchAction","target":{"@type":"EntryPoint","urlTemplate":"https:\/\/www.bellunopress.it\/?s={search_term_string}"},"query-input":{"@type":"PropertyValueSpecification","valueRequired":true,"valueName":"search_term_string"}}],"inLanguage":"fr-FR"},{"@type":"Organization","@id":"https:\/\/www.bellunopress.it\/#organization","name":"Bellunopress","url":"https:\/\/www.bellunopress.it\/","logo":{"@type":"ImageObject","inLanguage":"fr-FR","@id":"https:\/\/www.bellunopress.it\/#\/schema\/logo\/image\/","url":"https:\/\/www.bellunopress.it\/wp-content\/uploads\/2011\/05\/cropped-logo-bellunopress-.jpg","contentUrl":"https:\/\/www.bellunopress.it\/wp-content\/uploads\/2011\/05\/cropped-logo-bellunopress-.jpg","width":512,"height":512,"caption":"Bellunopress"},"image":{"@id":"https:\/\/www.bellunopress.it\/#\/schema\/logo\/image\/"},"sameAs":["https:\/\/www.facebook.com\/profile.php?id=100008943462799","https:\/\/x.com\/bellunopress","https:\/\/www.linkedin.com\/hp\/?dnr=JBzUWaJfMUw8vbXJJ2tVW5-I3jZKvC4wsoxE&amp;amp;amp;amp;amp;amp;trk=nav_responsive_tab_home","https:\/\/www.youtube.com\/channel\/UCxL0wu1uN0_3_7hGG0306cw"]},{"@type":"Person","@id":"https:\/\/www.bellunopress.it\/#\/schema\/person\/79bb06722b37ece1c03d3e94beb30d73","name":"r\u00e9daction","image":{"@type":"ImageObject","inLanguage":"fr-FR","@id":"https:\/\/secure.gravatar.com\/avatar\/37d968a2e67a6fd04c169c4bdef102d0bc5d31b2546345219e348575eb80e9a0?s=96&d=mm&r=g","url":"https:\/\/secure.gravatar.com\/avatar\/37d968a2e67a6fd04c169c4bdef102d0bc5d31b2546345219e348575eb80e9a0?s=96&d=mm&r=g","contentUrl":"https:\/\/secure.gravatar.com\/avatar\/37d968a2e67a6fd04c169c4bdef102d0bc5d31b2546345219e348575eb80e9a0?s=96&d=mm&r=g","caption":"redazione"},"sameAs":["http:\/\/www.bellunopress.it","https:\/\/x.com\/bellunopress"],"url":"https:\/\/www.bellunopress.it\/fr\/author\/redazione\/"}]}},"_links":{"self":[{"href":"https:\/\/www.bellunopress.it\/fr\/wp-json\/wp\/v2\/posts\/102823","targetHints":{"allow":["GET"]}}],"collection":[{"href":"https:\/\/www.bellunopress.it\/fr\/wp-json\/wp\/v2\/posts"}],"about":[{"href":"https:\/\/www.bellunopress.it\/fr\/wp-json\/wp\/v2\/types\/post"}],"author":[{"embeddable":true,"href":"https:\/\/www.bellunopress.it\/fr\/wp-json\/wp\/v2\/users\/2"}],"replies":[{"embeddable":true,"href":"https:\/\/www.bellunopress.it\/fr\/wp-json\/wp\/v2\/comments?post=102823"}],"version-history":[{"count":2,"href":"https:\/\/www.bellunopress.it\/fr\/wp-json\/wp\/v2\/posts\/102823\/revisions"}],"predecessor-version":[{"id":102858,"href":"https:\/\/www.bellunopress.it\/fr\/wp-json\/wp\/v2\/posts\/102823\/revisions\/102858"}],"wp:attachment":[{"href":"https:\/\/www.bellunopress.it\/fr\/wp-json\/wp\/v2\/media?parent=102823"}],"wp:term":[{"taxonomy":"category","embeddable":true,"href":"https:\/\/www.bellunopress.it\/fr\/wp-json\/wp\/v2\/categories?post=102823"},{"taxonomy":"post_tag","embeddable":true,"href":"https:\/\/www.bellunopress.it\/fr\/wp-json\/wp\/v2\/tags?post=102823"}],"curies":[{"name":"wp","href":"https:\/\/api.w.org\/{rel}","templated":true}]}}