{"id":102816,"date":"2019-03-12T22:07:34","date_gmt":"2019-03-12T21:07:34","guid":{"rendered":"http:\/\/www.bellunopress.it\/?p=102816"},"modified":"2019-03-12T22:07:34","modified_gmt":"2019-03-12T21:07:34","slug":"sessantatre-anni-fa-lallora-presidente-della-repubblica-gronchi-a-belluno-per-i-vii-giochi-olimpici-invernali-di-cortina","status":"publish","type":"post","link":"https:\/\/www.bellunopress.it\/fr\/2019\/03\/12\/sessantatre-anni-fa-lallora-presidente-della-repubblica-gronchi-a-belluno-per-i-vii-giochi-olimpici-invernali-di-cortina\/","title":{"rendered":"Sessantatr\u00e8 anni fa l&#8217;allora presidente della Repubblica Gronchi a Belluno per i VII Giochi olimpici invernali di Cortina"},"content":{"rendered":"<figure id=\"attachment_78862\" aria-describedby=\"caption-attachment-78862\" style=\"width: 211px\" class=\"wp-caption alignleft\"><a href=\"http:\/\/www.bellunopress.it\/fr\/2016\/07\/02\/sessantanni-gronchi-belluno-parla-solidarieta-giustizia-nel-suo-discorso-presidente-richiama-le-parole-dette-allatto-del-suo-insediamento\/giovanni_gronchi\/\" rel=\"attachment wp-att-78862\"><img loading=\"lazy\" decoding=\"async\" class=\"size-full wp-image-78862\" src=\"http:\/\/www.bellunopress.it\/wp-content\/uploads\/2016\/07\/Giovanni_Gronchi.jpg\" alt=\"\" width=\"211\" height=\"320\" \/><\/a><figcaption id=\"caption-attachment-78862\" class=\"wp-caption-text\">Giovanni Gronchi<\/figcaption><\/figure>\n<p>Belluno, 12 marzo 2019\u00a0 &#8211;\u00a0 Oggi il Presidente della Repubblica Sergio Mattarella in visita a Belluno, ha dato il suo pieno sostegno alla candidatura Milano &#8211; Cortina 2026 delle Olimpiadi invernali.<\/p>\n<p>Sessantatr\u00e8 anni fa a Belluno un altro Capo dello Stato fece visita a Belluno proprio in occasione della VIIma edizione dei Giochi olimpici invernali che si tennero a Cortina d&#8217;Ampezzo.<\/p>\n<p>Ecco il discorso che pronunci\u00f2 il 28 gennaio 1956 in Municipio, dinanzi al sindaco di Belluno Barcelloni Corte, i 40 consiglieri comunali e gli altri sindaci della provincia Giovanni Gronchi, primo democristiano ad essere eletto presidente e terzo della Repubblica Italiana dal 1955 al 1962.\u00a0 Barcelloni Corte, a nome del Comune di Belluno, dona al presidente Gronchi un vaso artistico in argento massiccio.<\/p>\n<p>\u201cAvevo con Belluno un vecchio debito, che il mio arduo ufficio di presidente della Camera non mi aveva mai permesso di assolvere. Sono perci\u00f2 doppiamente lieto che le Olimpiadi di Cortina mi abbiano offerto l\u2019occasione per venire a testimoniarvi il mio ricordo e l\u2019animo solidale con cui io ho spesso seguito le vicende interne della vostra provincia\u201d.<\/p>\n<p>Nella stessa mattinata, Gronchi era stato accolto in Duomo dall\u2019arcivescovo Muccin, volontario della I^ Guerra mondiale e decorato al valore. Ed aveva fatto visita alle Caserme del 7\u00b0 Reggimento Alpini e del 6\u00b0 Reggimento Artiglieria da montagna, dove aveva invitato i comandanti a condonare le punizioni in occasione della sua visita.<\/p>\n<p>\u201cSo come l\u2019attuale mio compito sia duro \u2013 prosegue il presidente \u2013 e tutte le volte che dalle autorit\u00e0 locali, con parole lusinghiere che certo non merito, ci si riferisce ai miei propositi, voi dovete credere che mi trema l\u2019animo per il timore che, malgrado la mia tenace volont\u00e0, io non riesca ad assolverli come l\u2019aspettativa popolare si attende. Ed \u00e8 perci\u00f2 che mi tornano gradite le cordiali manifestazioni come le vostre, non perch\u00e9 solletichino una mia vanit\u00e0, che credo non esista, ma perch\u00e9 ho la fiducia di ritenerle un atto di collaborazione. Di collaborazione, infatti, vi \u00e8 bisogno, se le parole del messaggio devono per l\u2019Italia diventare fatti. Meditai a lungo prima di rivolgere la mia parola al popolo italiano, all\u2019atto dell\u2019insediamento; sapevo che avrei incontrato critiche per la forma inusitata del mio indirizzo, ma ritenni che il popolo italiano qualche cosa si attendesse, dopo che in dieci anni di durissima fatica e di durissimi sacrifici esso era riuscito per virt\u00f9 di tutti, dei governanti, come delle masse lavoratrici, dei ceti medi, come dei ceti abbienti, a risalire la china dolorosa della sua rovina. Ritengo che si dovesse dire al nostro Paese quali potevano essere le mete; se esso voleva continuare nella sua tradizione di fornire esempio al mondo di un saggio reggimento interno e, insieme, di un illuminato e ardito progresso. Ed \u00e8 questa la ragione per cui rivolgendo di muovo agli italiani breve parole per l\u2019anno nuovo, ho voluto richiamarli a quanto era stato il risultato del loro lavoro di questi dieci anni; non perch\u00e9 essi se ne compiacessero, quasi gi\u00e0 il fatto fosse un punto di arrivo, ma perch\u00e9 avessero la coscienza di quanto era stato compiuto e lo considerassero come un punto di partenza verso le pi\u00f9 alte conquiste, verso una pi\u00f9 compiuta espressione della nostra civilt\u00e0.<\/p>\n<p>In vostro vescovo nel salutarmi si \u00e8 augurato che alla spada della forza possa essere sostituita, per virt\u00f9 dei governanti,la bilancia della giustizia e la forza del diritto\u201d\u2026 \u201cMi dicevano ieri a Pieve di Cadore che in certi paesi la guerra ha dato percentuali impressionanti fra dispersi e caduti; cifra cos\u00ec alta che forma insieme il rimpianto dei vostri cuori, ma anche la gloria e l\u2019orgoglio della vostra dedizione al nostro Paese. E Dio voglia che questi sacrifici non siano pi\u00f9 necessari\u2026\u201d.<\/p>\n<p>La visita a Belluno del presidente Gronchi si \u00e8 conclusa nella sede della Provincia dove ad attenderlo c\u2019erano le giunte provinciali venete. Dopodich\u00e9 l\u2019auto presidenziale ha raggiunto Feltre dove il sindaco, onorevole Riva ha donato una medaglia raffigurante Vittorino da Feltre, una monografia di Panfilo Castaldi e un bronzo del Beato Bernardino.<\/p>\n<p>Roberto De Nart<\/p>","protected":false},"excerpt":{"rendered":"<p>Belluno, 12 marzo 2019\u00a0 &#8211;\u00a0 Oggi il Presidente della Repubblica Sergio Mattarella in visita a Belluno, ha dato il suo pieno sostegno alla candidatura Milano &#8211; Cortina 2026 delle Olimpiadi invernali. Sessantatr\u00e8 anni fa a Belluno un altro Capo dello Stato fece visita a Belluno proprio in occasione della VIIma edizione dei Giochi olimpici invernali [&hellip;]<\/p>\n","protected":false},"author":2,"featured_media":0,"comment_status":"closed","ping_status":"open","sticky":false,"template":"","format":"standard","meta":{"footnotes":""},"categories":[5,3394,26],"tags":[],"class_list":["post-102816","post","type-post","status-publish","format-standard","category-cronaca","category-cultura-e-spettacoli-fuori-provincia","category-prima-pagina"],"yoast_head":"<!-- This site is optimized with the Yoast SEO plugin v28.4 - https:\/\/yoast.com\/product\/yoast-seo-wordpress\/ -->\n<title>Sessantatr\u00e8 anni fa l&#039;allora presidente della Repubblica Gronchi a Belluno per i VII Giochi olimpici invernali di Cortina - Bellunopress - Dolomiti<\/title>\n<meta name=\"robots\" content=\"index, follow, max-snippet:-1, max-image-preview:large, max-video-preview:-1\" \/>\n<link rel=\"canonical\" href=\"https:\/\/www.bellunopress.it\/fr\/2019\/03\/12\/sessantatre-anni-fa-lallora-presidente-della-repubblica-gronchi-a-belluno-per-i-vii-giochi-olimpici-invernali-di-cortina\/\" \/>\n<meta property=\"og:locale\" content=\"fr_FR\" \/>\n<meta property=\"og:type\" content=\"article\" \/>\n<meta property=\"og:title\" content=\"Sessantatr\u00e8 anni fa l&#039;allora presidente della Repubblica Gronchi a Belluno per i VII Giochi olimpici invernali di Cortina - Bellunopress - Dolomiti\" \/>\n<meta property=\"og:description\" content=\"Belluno, 12 marzo 2019\u00a0 &#8211;\u00a0 Oggi il Presidente della Repubblica Sergio Mattarella in visita a Belluno, ha dato il suo pieno sostegno alla candidatura Milano &#8211; Cortina 2026 delle Olimpiadi invernali. Sessantatr\u00e8 anni fa a Belluno un altro Capo dello Stato fece visita a Belluno proprio in occasione della VIIma edizione dei Giochi olimpici invernali [&hellip;]\" \/>\n<meta property=\"og:url\" content=\"https:\/\/www.bellunopress.it\/fr\/2019\/03\/12\/sessantatre-anni-fa-lallora-presidente-della-repubblica-gronchi-a-belluno-per-i-vii-giochi-olimpici-invernali-di-cortina\/\" \/>\n<meta property=\"og:site_name\" content=\"Bellunopress - Dolomiti\" \/>\n<meta property=\"article:publisher\" content=\"https:\/\/www.facebook.com\/profile.php?id=100008943462799\" \/>\n<meta property=\"article:published_time\" content=\"2019-03-12T21:07:34+00:00\" \/>\n<meta property=\"og:image\" content=\"http:\/\/www.bellunopress.it\/wp-content\/uploads\/2016\/07\/Giovanni_Gronchi.jpg\" \/>\n<meta name=\"author\" content=\"redazione\" \/>\n<meta name=\"twitter:card\" content=\"summary_large_image\" \/>\n<meta name=\"twitter:creator\" content=\"@bellunopress\" \/>\n<meta name=\"twitter:site\" content=\"@bellunopress\" \/>\n<meta name=\"twitter:label1\" content=\"\u00c9crit par\" \/>\n\t<meta name=\"twitter:data1\" content=\"redazione\" \/>\n\t<meta name=\"twitter:label2\" content=\"Dur\u00e9e de lecture estim\u00e9e\" \/>\n\t<meta name=\"twitter:data2\" content=\"3 minutes\" \/>\n<script type=\"application\/ld+json\" class=\"yoast-schema-graph\">{\"@context\":\"https:\\\/\\\/schema.org\",\"@graph\":[{\"@type\":\"Article\",\"@id\":\"https:\\\/\\\/www.bellunopress.it\\\/2019\\\/03\\\/12\\\/sessantatre-anni-fa-lallora-presidente-della-repubblica-gronchi-a-belluno-per-i-vii-giochi-olimpici-invernali-di-cortina\\\/#article\",\"isPartOf\":{\"@id\":\"https:\\\/\\\/www.bellunopress.it\\\/2019\\\/03\\\/12\\\/sessantatre-anni-fa-lallora-presidente-della-repubblica-gronchi-a-belluno-per-i-vii-giochi-olimpici-invernali-di-cortina\\\/\"},\"author\":{\"name\":\"redazione\",\"@id\":\"https:\\\/\\\/www.bellunopress.it\\\/#\\\/schema\\\/person\\\/79bb06722b37ece1c03d3e94beb30d73\"},\"headline\":\"Sessantatr\u00e8 anni fa l&#8217;allora presidente della Repubblica Gronchi a Belluno per i VII Giochi olimpici invernali di Cortina\",\"datePublished\":\"2019-03-12T21:07:34+00:00\",\"mainEntityOfPage\":{\"@id\":\"https:\\\/\\\/www.bellunopress.it\\\/2019\\\/03\\\/12\\\/sessantatre-anni-fa-lallora-presidente-della-repubblica-gronchi-a-belluno-per-i-vii-giochi-olimpici-invernali-di-cortina\\\/\"},\"wordCount\":697,\"publisher\":{\"@id\":\"https:\\\/\\\/www.bellunopress.it\\\/#organization\"},\"image\":{\"@id\":\"https:\\\/\\\/www.bellunopress.it\\\/2019\\\/03\\\/12\\\/sessantatre-anni-fa-lallora-presidente-della-repubblica-gronchi-a-belluno-per-i-vii-giochi-olimpici-invernali-di-cortina\\\/#primaryimage\"},\"thumbnailUrl\":\"http:\\\/\\\/www.bellunopress.it\\\/wp-content\\\/uploads\\\/2016\\\/07\\\/Giovanni_Gronchi.jpg\",\"articleSection\":[\"Cronaca\\\/Politica\",\"Cultura e spettacoli, tempo libero, benessere, fuori provincia\",\"Prima Pagina\"],\"inLanguage\":\"fr-FR\"},{\"@type\":\"WebPage\",\"@id\":\"https:\\\/\\\/www.bellunopress.it\\\/2019\\\/03\\\/12\\\/sessantatre-anni-fa-lallora-presidente-della-repubblica-gronchi-a-belluno-per-i-vii-giochi-olimpici-invernali-di-cortina\\\/\",\"url\":\"https:\\\/\\\/www.bellunopress.it\\\/2019\\\/03\\\/12\\\/sessantatre-anni-fa-lallora-presidente-della-repubblica-gronchi-a-belluno-per-i-vii-giochi-olimpici-invernali-di-cortina\\\/\",\"name\":\"Sessantatr\u00e8 anni fa l'allora presidente della Repubblica Gronchi a Belluno per i VII Giochi olimpici invernali di Cortina - Bellunopress - Dolomiti\",\"isPartOf\":{\"@id\":\"https:\\\/\\\/www.bellunopress.it\\\/#website\"},\"primaryImageOfPage\":{\"@id\":\"https:\\\/\\\/www.bellunopress.it\\\/2019\\\/03\\\/12\\\/sessantatre-anni-fa-lallora-presidente-della-repubblica-gronchi-a-belluno-per-i-vii-giochi-olimpici-invernali-di-cortina\\\/#primaryimage\"},\"image\":{\"@id\":\"https:\\\/\\\/www.bellunopress.it\\\/2019\\\/03\\\/12\\\/sessantatre-anni-fa-lallora-presidente-della-repubblica-gronchi-a-belluno-per-i-vii-giochi-olimpici-invernali-di-cortina\\\/#primaryimage\"},\"thumbnailUrl\":\"http:\\\/\\\/www.bellunopress.it\\\/wp-content\\\/uploads\\\/2016\\\/07\\\/Giovanni_Gronchi.jpg\",\"datePublished\":\"2019-03-12T21:07:34+00:00\",\"breadcrumb\":{\"@id\":\"https:\\\/\\\/www.bellunopress.it\\\/2019\\\/03\\\/12\\\/sessantatre-anni-fa-lallora-presidente-della-repubblica-gronchi-a-belluno-per-i-vii-giochi-olimpici-invernali-di-cortina\\\/#breadcrumb\"},\"inLanguage\":\"fr-FR\",\"potentialAction\":[{\"@type\":\"ReadAction\",\"target\":[\"https:\\\/\\\/www.bellunopress.it\\\/2019\\\/03\\\/12\\\/sessantatre-anni-fa-lallora-presidente-della-repubblica-gronchi-a-belluno-per-i-vii-giochi-olimpici-invernali-di-cortina\\\/\"]}]},{\"@type\":\"ImageObject\",\"inLanguage\":\"fr-FR\",\"@id\":\"https:\\\/\\\/www.bellunopress.it\\\/2019\\\/03\\\/12\\\/sessantatre-anni-fa-lallora-presidente-della-repubblica-gronchi-a-belluno-per-i-vii-giochi-olimpici-invernali-di-cortina\\\/#primaryimage\",\"url\":\"http:\\\/\\\/www.bellunopress.it\\\/wp-content\\\/uploads\\\/2016\\\/07\\\/Giovanni_Gronchi.jpg\",\"contentUrl\":\"http:\\\/\\\/www.bellunopress.it\\\/wp-content\\\/uploads\\\/2016\\\/07\\\/Giovanni_Gronchi.jpg\"},{\"@type\":\"BreadcrumbList\",\"@id\":\"https:\\\/\\\/www.bellunopress.it\\\/2019\\\/03\\\/12\\\/sessantatre-anni-fa-lallora-presidente-della-repubblica-gronchi-a-belluno-per-i-vii-giochi-olimpici-invernali-di-cortina\\\/#breadcrumb\",\"itemListElement\":[{\"@type\":\"ListItem\",\"position\":1,\"name\":\"Home\",\"item\":\"https:\\\/\\\/www.bellunopress.it\\\/\"},{\"@type\":\"ListItem\",\"position\":2,\"name\":\"Sessantatr\u00e8 anni fa l&#8217;allora presidente della Repubblica Gronchi a Belluno per i VII Giochi olimpici invernali di Cortina\"}]},{\"@type\":\"WebSite\",\"@id\":\"https:\\\/\\\/www.bellunopress.it\\\/#website\",\"url\":\"https:\\\/\\\/www.bellunopress.it\\\/\",\"name\":\"Bellunopress - Dolomiti\",\"description\":\"e-mail: redazione@bellunopress.it\",\"publisher\":{\"@id\":\"https:\\\/\\\/www.bellunopress.it\\\/#organization\"},\"potentialAction\":[{\"@type\":\"SearchAction\",\"target\":{\"@type\":\"EntryPoint\",\"urlTemplate\":\"https:\\\/\\\/www.bellunopress.it\\\/?s={search_term_string}\"},\"query-input\":{\"@type\":\"PropertyValueSpecification\",\"valueRequired\":true,\"valueName\":\"search_term_string\"}}],\"inLanguage\":\"fr-FR\"},{\"@type\":\"Organization\",\"@id\":\"https:\\\/\\\/www.bellunopress.it\\\/#organization\",\"name\":\"Bellunopress\",\"url\":\"https:\\\/\\\/www.bellunopress.it\\\/\",\"logo\":{\"@type\":\"ImageObject\",\"inLanguage\":\"fr-FR\",\"@id\":\"https:\\\/\\\/www.bellunopress.it\\\/#\\\/schema\\\/logo\\\/image\\\/\",\"url\":\"https:\\\/\\\/www.bellunopress.it\\\/wp-content\\\/uploads\\\/2011\\\/05\\\/cropped-logo-bellunopress-.jpg\",\"contentUrl\":\"https:\\\/\\\/www.bellunopress.it\\\/wp-content\\\/uploads\\\/2011\\\/05\\\/cropped-logo-bellunopress-.jpg\",\"width\":512,\"height\":512,\"caption\":\"Bellunopress\"},\"image\":{\"@id\":\"https:\\\/\\\/www.bellunopress.it\\\/#\\\/schema\\\/logo\\\/image\\\/\"},\"sameAs\":[\"https:\\\/\\\/www.facebook.com\\\/profile.php?id=100008943462799\",\"https:\\\/\\\/x.com\\\/bellunopress\",\"https:\\\/\\\/www.linkedin.com\\\/hp\\\/?dnr=JBzUWaJfMUw8vbXJJ2tVW5-I3jZKvC4wsoxE&amp;amp;amp;amp;amp;amp;trk=nav_responsive_tab_home\",\"https:\\\/\\\/www.youtube.com\\\/channel\\\/UCxL0wu1uN0_3_7hGG0306cw\"]},{\"@type\":\"Person\",\"@id\":\"https:\\\/\\\/www.bellunopress.it\\\/#\\\/schema\\\/person\\\/79bb06722b37ece1c03d3e94beb30d73\",\"name\":\"redazione\",\"image\":{\"@type\":\"ImageObject\",\"inLanguage\":\"fr-FR\",\"@id\":\"https:\\\/\\\/secure.gravatar.com\\\/avatar\\\/37d968a2e67a6fd04c169c4bdef102d0bc5d31b2546345219e348575eb80e9a0?s=96&d=mm&r=g\",\"url\":\"https:\\\/\\\/secure.gravatar.com\\\/avatar\\\/37d968a2e67a6fd04c169c4bdef102d0bc5d31b2546345219e348575eb80e9a0?s=96&d=mm&r=g\",\"contentUrl\":\"https:\\\/\\\/secure.gravatar.com\\\/avatar\\\/37d968a2e67a6fd04c169c4bdef102d0bc5d31b2546345219e348575eb80e9a0?s=96&d=mm&r=g\",\"caption\":\"redazione\"},\"sameAs\":[\"http:\\\/\\\/www.bellunopress.it\",\"https:\\\/\\\/x.com\\\/bellunopress\"],\"url\":\"https:\\\/\\\/www.bellunopress.it\\\/fr\\\/author\\\/redazione\\\/\"}]}<\/script>\n<!-- \/ Yoast SEO plugin. -->","yoast_head_json":{"title":"Sessantatr\u00e8 anni fa l'allora presidente della Repubblica Gronchi a Belluno per i VII Giochi olimpici invernali di Cortina - Bellunopress - Dolomiti","robots":{"index":"index","follow":"follow","max-snippet":"max-snippet:-1","max-image-preview":"max-image-preview:large","max-video-preview":"max-video-preview:-1"},"canonical":"https:\/\/www.bellunopress.it\/fr\/2019\/03\/12\/sessantatre-anni-fa-lallora-presidente-della-repubblica-gronchi-a-belluno-per-i-vii-giochi-olimpici-invernali-di-cortina\/","og_locale":"fr_FR","og_type":"article","og_title":"Sessantatr\u00e8 anni fa l'allora presidente della Repubblica Gronchi a Belluno per i VII Giochi olimpici invernali di Cortina - Bellunopress - Dolomiti","og_description":"Belluno, 12 marzo 2019\u00a0 &#8211;\u00a0 Oggi il Presidente della Repubblica Sergio Mattarella in visita a Belluno, ha dato il suo pieno sostegno alla candidatura Milano &#8211; Cortina 2026 delle Olimpiadi invernali. Sessantatr\u00e8 anni fa a Belluno un altro Capo dello Stato fece visita a Belluno proprio in occasione della VIIma edizione dei Giochi olimpici invernali [&hellip;]","og_url":"https:\/\/www.bellunopress.it\/fr\/2019\/03\/12\/sessantatre-anni-fa-lallora-presidente-della-repubblica-gronchi-a-belluno-per-i-vii-giochi-olimpici-invernali-di-cortina\/","og_site_name":"Bellunopress - Dolomiti","article_publisher":"https:\/\/www.facebook.com\/profile.php?id=100008943462799","article_published_time":"2019-03-12T21:07:34+00:00","og_image":[{"url":"http:\/\/www.bellunopress.it\/wp-content\/uploads\/2016\/07\/Giovanni_Gronchi.jpg","type":"","width":"","height":""}],"author":"redazione","twitter_card":"summary_large_image","twitter_creator":"@bellunopress","twitter_site":"@bellunopress","twitter_misc":{"\u00c9crit par":"redazione","Dur\u00e9e de lecture estim\u00e9e":"3 minutes"},"schema":{"@context":"https:\/\/schema.org","@graph":[{"@type":"Article","@id":"https:\/\/www.bellunopress.it\/2019\/03\/12\/sessantatre-anni-fa-lallora-presidente-della-repubblica-gronchi-a-belluno-per-i-vii-giochi-olimpici-invernali-di-cortina\/#article","isPartOf":{"@id":"https:\/\/www.bellunopress.it\/2019\/03\/12\/sessantatre-anni-fa-lallora-presidente-della-repubblica-gronchi-a-belluno-per-i-vii-giochi-olimpici-invernali-di-cortina\/"},"author":{"name":"redazione","@id":"https:\/\/www.bellunopress.it\/#\/schema\/person\/79bb06722b37ece1c03d3e94beb30d73"},"headline":"Sessantatr\u00e8 anni fa l&#8217;allora presidente della Repubblica Gronchi a Belluno per i VII Giochi olimpici invernali di Cortina","datePublished":"2019-03-12T21:07:34+00:00","mainEntityOfPage":{"@id":"https:\/\/www.bellunopress.it\/2019\/03\/12\/sessantatre-anni-fa-lallora-presidente-della-repubblica-gronchi-a-belluno-per-i-vii-giochi-olimpici-invernali-di-cortina\/"},"wordCount":697,"publisher":{"@id":"https:\/\/www.bellunopress.it\/#organization"},"image":{"@id":"https:\/\/www.bellunopress.it\/2019\/03\/12\/sessantatre-anni-fa-lallora-presidente-della-repubblica-gronchi-a-belluno-per-i-vii-giochi-olimpici-invernali-di-cortina\/#primaryimage"},"thumbnailUrl":"http:\/\/www.bellunopress.it\/wp-content\/uploads\/2016\/07\/Giovanni_Gronchi.jpg","articleSection":["Cronaca\/Politica","Cultura e spettacoli, tempo libero, benessere, fuori provincia","Prima Pagina"],"inLanguage":"fr-FR"},{"@type":"WebPage","@id":"https:\/\/www.bellunopress.it\/2019\/03\/12\/sessantatre-anni-fa-lallora-presidente-della-repubblica-gronchi-a-belluno-per-i-vii-giochi-olimpici-invernali-di-cortina\/","url":"https:\/\/www.bellunopress.it\/2019\/03\/12\/sessantatre-anni-fa-lallora-presidente-della-repubblica-gronchi-a-belluno-per-i-vii-giochi-olimpici-invernali-di-cortina\/","name":"Sessantatr\u00e8 anni fa l'allora presidente della Repubblica Gronchi a Belluno per i VII Giochi olimpici invernali di Cortina - Bellunopress - Dolomiti","isPartOf":{"@id":"https:\/\/www.bellunopress.it\/#website"},"primaryImageOfPage":{"@id":"https:\/\/www.bellunopress.it\/2019\/03\/12\/sessantatre-anni-fa-lallora-presidente-della-repubblica-gronchi-a-belluno-per-i-vii-giochi-olimpici-invernali-di-cortina\/#primaryimage"},"image":{"@id":"https:\/\/www.bellunopress.it\/2019\/03\/12\/sessantatre-anni-fa-lallora-presidente-della-repubblica-gronchi-a-belluno-per-i-vii-giochi-olimpici-invernali-di-cortina\/#primaryimage"},"thumbnailUrl":"http:\/\/www.bellunopress.it\/wp-content\/uploads\/2016\/07\/Giovanni_Gronchi.jpg","datePublished":"2019-03-12T21:07:34+00:00","breadcrumb":{"@id":"https:\/\/www.bellunopress.it\/2019\/03\/12\/sessantatre-anni-fa-lallora-presidente-della-repubblica-gronchi-a-belluno-per-i-vii-giochi-olimpici-invernali-di-cortina\/#breadcrumb"},"inLanguage":"fr-FR","potentialAction":[{"@type":"ReadAction","target":["https:\/\/www.bellunopress.it\/2019\/03\/12\/sessantatre-anni-fa-lallora-presidente-della-repubblica-gronchi-a-belluno-per-i-vii-giochi-olimpici-invernali-di-cortina\/"]}]},{"@type":"ImageObject","inLanguage":"fr-FR","@id":"https:\/\/www.bellunopress.it\/2019\/03\/12\/sessantatre-anni-fa-lallora-presidente-della-repubblica-gronchi-a-belluno-per-i-vii-giochi-olimpici-invernali-di-cortina\/#primaryimage","url":"http:\/\/www.bellunopress.it\/wp-content\/uploads\/2016\/07\/Giovanni_Gronchi.jpg","contentUrl":"http:\/\/www.bellunopress.it\/wp-content\/uploads\/2016\/07\/Giovanni_Gronchi.jpg"},{"@type":"BreadcrumbList","@id":"https:\/\/www.bellunopress.it\/2019\/03\/12\/sessantatre-anni-fa-lallora-presidente-della-repubblica-gronchi-a-belluno-per-i-vii-giochi-olimpici-invernali-di-cortina\/#breadcrumb","itemListElement":[{"@type":"ListItem","position":1,"name":"Home","item":"https:\/\/www.bellunopress.it\/"},{"@type":"ListItem","position":2,"name":"Sessantatr\u00e8 anni fa l&#8217;allora presidente della Repubblica Gronchi a Belluno per i VII Giochi olimpici invernali di Cortina"}]},{"@type":"WebSite","@id":"https:\/\/www.bellunopress.it\/#website","url":"https:\/\/www.bellunopress.it\/","name":"Bellunopress - Dolomiti","description":"e-mail: redazione@bellunopress.it","publisher":{"@id":"https:\/\/www.bellunopress.it\/#organization"},"potentialAction":[{"@type":"SearchAction","target":{"@type":"EntryPoint","urlTemplate":"https:\/\/www.bellunopress.it\/?s={search_term_string}"},"query-input":{"@type":"PropertyValueSpecification","valueRequired":true,"valueName":"search_term_string"}}],"inLanguage":"fr-FR"},{"@type":"Organization","@id":"https:\/\/www.bellunopress.it\/#organization","name":"Bellunopress","url":"https:\/\/www.bellunopress.it\/","logo":{"@type":"ImageObject","inLanguage":"fr-FR","@id":"https:\/\/www.bellunopress.it\/#\/schema\/logo\/image\/","url":"https:\/\/www.bellunopress.it\/wp-content\/uploads\/2011\/05\/cropped-logo-bellunopress-.jpg","contentUrl":"https:\/\/www.bellunopress.it\/wp-content\/uploads\/2011\/05\/cropped-logo-bellunopress-.jpg","width":512,"height":512,"caption":"Bellunopress"},"image":{"@id":"https:\/\/www.bellunopress.it\/#\/schema\/logo\/image\/"},"sameAs":["https:\/\/www.facebook.com\/profile.php?id=100008943462799","https:\/\/x.com\/bellunopress","https:\/\/www.linkedin.com\/hp\/?dnr=JBzUWaJfMUw8vbXJJ2tVW5-I3jZKvC4wsoxE&amp;amp;amp;amp;amp;amp;trk=nav_responsive_tab_home","https:\/\/www.youtube.com\/channel\/UCxL0wu1uN0_3_7hGG0306cw"]},{"@type":"Person","@id":"https:\/\/www.bellunopress.it\/#\/schema\/person\/79bb06722b37ece1c03d3e94beb30d73","name":"r\u00e9daction","image":{"@type":"ImageObject","inLanguage":"fr-FR","@id":"https:\/\/secure.gravatar.com\/avatar\/37d968a2e67a6fd04c169c4bdef102d0bc5d31b2546345219e348575eb80e9a0?s=96&d=mm&r=g","url":"https:\/\/secure.gravatar.com\/avatar\/37d968a2e67a6fd04c169c4bdef102d0bc5d31b2546345219e348575eb80e9a0?s=96&d=mm&r=g","contentUrl":"https:\/\/secure.gravatar.com\/avatar\/37d968a2e67a6fd04c169c4bdef102d0bc5d31b2546345219e348575eb80e9a0?s=96&d=mm&r=g","caption":"redazione"},"sameAs":["http:\/\/www.bellunopress.it","https:\/\/x.com\/bellunopress"],"url":"https:\/\/www.bellunopress.it\/fr\/author\/redazione\/"}]}},"_links":{"self":[{"href":"https:\/\/www.bellunopress.it\/fr\/wp-json\/wp\/v2\/posts\/102816","targetHints":{"allow":["GET"]}}],"collection":[{"href":"https:\/\/www.bellunopress.it\/fr\/wp-json\/wp\/v2\/posts"}],"about":[{"href":"https:\/\/www.bellunopress.it\/fr\/wp-json\/wp\/v2\/types\/post"}],"author":[{"embeddable":true,"href":"https:\/\/www.bellunopress.it\/fr\/wp-json\/wp\/v2\/users\/2"}],"replies":[{"embeddable":true,"href":"https:\/\/www.bellunopress.it\/fr\/wp-json\/wp\/v2\/comments?post=102816"}],"version-history":[{"count":1,"href":"https:\/\/www.bellunopress.it\/fr\/wp-json\/wp\/v2\/posts\/102816\/revisions"}],"predecessor-version":[{"id":102817,"href":"https:\/\/www.bellunopress.it\/fr\/wp-json\/wp\/v2\/posts\/102816\/revisions\/102817"}],"wp:attachment":[{"href":"https:\/\/www.bellunopress.it\/fr\/wp-json\/wp\/v2\/media?parent=102816"}],"wp:term":[{"taxonomy":"category","embeddable":true,"href":"https:\/\/www.bellunopress.it\/fr\/wp-json\/wp\/v2\/categories?post=102816"},{"taxonomy":"post_tag","embeddable":true,"href":"https:\/\/www.bellunopress.it\/fr\/wp-json\/wp\/v2\/tags?post=102816"}],"curies":[{"name":"wp","href":"https:\/\/api.w.org\/{rel}","templated":true}]}}