{"id":102703,"date":"2019-03-08T15:46:43","date_gmt":"2019-03-08T14:46:43","guid":{"rendered":"http:\/\/www.bellunopress.it\/?p=102703"},"modified":"2019-03-08T15:46:43","modified_gmt":"2019-03-08T14:46:43","slug":"lupo-196-predazioni-in-veneto-46-nel-bellunese-lassessore-pan-vuole-un-piano-nazionale-di-gestione-del-grande-carnivoro","status":"publish","type":"post","link":"https:\/\/www.bellunopress.it\/fr\/2019\/03\/08\/lupo-196-predazioni-in-veneto-46-nel-bellunese-lassessore-pan-vuole-un-piano-nazionale-di-gestione-del-grande-carnivoro\/","title":{"rendered":"Lupo, 196 predazioni in Veneto, 46 nel Bellunese. L&#8217;assessore Pan vuole un piano nazionale di gestione del grande carnivoro"},"content":{"rendered":"<figure id=\"attachment_93922\" aria-describedby=\"caption-attachment-93922\" style=\"width: 220px\" class=\"wp-caption alignleft\"><a href=\"http:\/\/www.bellunopress.it\/fr\/2018\/03\/27\/un-settore-vitivinicolo-sostenibile-al-via-il-gruppo-di-lavoro-pan-report-ministeriale-conferma-che-il-vino-veneto-e-senza-irregolarita\/assessore-pan-2\/\" rel=\"attachment wp-att-93922\"><img loading=\"lazy\" decoding=\"async\" class=\"size-full wp-image-93922\" src=\"http:\/\/www.bellunopress.it\/wp-content\/uploads\/2018\/03\/assessore-Pan.jpg\" alt=\"\" width=\"220\" height=\"300\" \/><\/a><figcaption id=\"caption-attachment-93922\" class=\"wp-caption-text\">Giuseppe Pan, assessore regionale<\/figcaption><\/figure>\n<p>Venezia, 8 marzo 2019\u00a0 &#8211;\u00a0\u00a0Nel corso del 2018 il lupo in Veneto ha ucciso 400 capi di bestiame e ne ha feriti 50. Le prede preferite sono state pecore e capre (282 capi tra morti e feriti), seguiti dai bovini (125 capi tra morti e feriti) e dagli asini (33 capi). Altri 125 capi risultano dispersi a causa degli assalti del grande predatore. Complessivamente nel 2018 sono stati accertati 196 eventi di predazione da lupo; nel 2017 erano state 176.<br \/>\nIl valore economico delle predazioni accertate nel 2018 e avviate a liquidazione ammonta a 168.047 euro: per il 66 per cento dei casi il danno quantificato \u00e8 inferiore ai mille euro; per il 28,4% si attesta tra i mille e i 2 mila euro; nel 5,3 per cento dei casi supera i 2 mila euro.<\/p>\n<p>I territori provinciali pi\u00f9 colpiti sono quelli di Vicenza e Verona, rispettivamente con 91 e 48 eventi di predazione accertati, seguiti da Belluno con 46 e Treviso con 11. Agli allevatori vicentini sono stati riconosciuti 87 mila euro di indennizzi tra danni diretti e indiretti, a quelli veronesi poco pi\u00f9 di 37 mila euro, ai bellunesi circa 28 mila euro e ai trevigiani 5.100 euro.<\/p>\n<p>\u00c8 quanto emerge dal documento di sintesi dei dati riepilogativi sugli accertamenti di predazione e sugli indennizzi erogati dalla Regione per predazioni da grandi carnivori nell\u2019anno 2018, di prossima pubblicazione sul BUR.<\/p>\n<p>\u201cA quasi tutte le istanze pervenute la Regione ha assicurato un indennizzo certo\u2013 commenta l\u2019assessore regionale all\u2019agricoltura Giuseppe Pan \u2013 Rispetto agli anni scorsi abbiamo cercato di accelerare al massimo le istruttorie di accertamento, quantificazione del danno e liquidazione risarcitoria, dando esecuzione a tutte le pratiche in corso. Ma l\u2019azione riparativa della Regione nei confronti dei danni subiti dagli allevatori rappresenta solo una risposta parziale e insufficiente al problema della difficile convivenza tra la presenza predatoria di un grande carnivoro, come il lupo, e le produzioni zootecniche\u201d.<\/p>\n<p>\u201cHo inviato al ministro per l\u2019Ambiente e ai colleghi della Commissione per le politiche agricole della Conferenza delle Regioni il riepilogo delle predazioni accertate negli ultimi due anni in Veneto e dei danni liquidati dalla Regione \u2013 informa Pan \u2013 per tornare a sollecitare la riapertura del confronto nazionale sul piano di gestione della presenza del lupo, in particolare nelle aree in quota tradizionalmente vocate alla pastorizia e all\u2019allevamento. L\u2019incremento del numero di attacchi e dei valori economici delle perdite subite deve imporre una rivisitazione complessiva delle strategie di prevenzione e contenimento della presenza del lupo, almeno nelle aree antropizzate e ad alta densit\u00e0 di allevamento\u201d.<\/p>","protected":false},"excerpt":{"rendered":"<p>Venezia, 8 marzo 2019\u00a0 &#8211;\u00a0\u00a0Nel corso del 2018 il lupo in Veneto ha ucciso 400 capi di bestiame e ne ha feriti 50. Le prede preferite sono state pecore e capre (282 capi tra morti e feriti), seguiti dai bovini (125 capi tra morti e feriti) e dagli asini (33 capi). Altri 125 capi risultano [&hellip;]<\/p>\n","protected":false},"author":2,"featured_media":0,"comment_status":"closed","ping_status":"open","sticky":false,"template":"","format":"standard","meta":{"footnotes":""},"categories":[5,38,26],"tags":[],"class_list":["post-102703","post","type-post","status-publish","format-standard","category-cronaca","category-natura-ambiente","category-prima-pagina"],"yoast_head":"<!-- This site is optimized with the Yoast SEO plugin v28.4 - https:\/\/yoast.com\/product\/yoast-seo-wordpress\/ -->\n<title>Lupo, 196 predazioni in Veneto, 46 nel Bellunese. L&#039;assessore Pan vuole un piano nazionale di gestione del grande carnivoro - Bellunopress - Dolomiti<\/title>\n<meta name=\"robots\" content=\"index, follow, max-snippet:-1, max-image-preview:large, max-video-preview:-1\" \/>\n<link rel=\"canonical\" href=\"https:\/\/www.bellunopress.it\/fr\/2019\/03\/08\/lupo-196-predazioni-in-veneto-46-nel-bellunese-lassessore-pan-vuole-un-piano-nazionale-di-gestione-del-grande-carnivoro\/\" \/>\n<meta property=\"og:locale\" content=\"fr_FR\" \/>\n<meta property=\"og:type\" content=\"article\" \/>\n<meta property=\"og:title\" content=\"Lupo, 196 predazioni in Veneto, 46 nel Bellunese. L&#039;assessore Pan vuole un piano nazionale di gestione del grande carnivoro - Bellunopress - Dolomiti\" \/>\n<meta property=\"og:description\" content=\"Venezia, 8 marzo 2019\u00a0 &#8211;\u00a0\u00a0Nel corso del 2018 il lupo in Veneto ha ucciso 400 capi di bestiame e ne ha feriti 50. Le prede preferite sono state pecore e capre (282 capi tra morti e feriti), seguiti dai bovini (125 capi tra morti e feriti) e dagli asini (33 capi). Altri 125 capi risultano [&hellip;]\" \/>\n<meta property=\"og:url\" content=\"https:\/\/www.bellunopress.it\/fr\/2019\/03\/08\/lupo-196-predazioni-in-veneto-46-nel-bellunese-lassessore-pan-vuole-un-piano-nazionale-di-gestione-del-grande-carnivoro\/\" \/>\n<meta property=\"og:site_name\" content=\"Bellunopress - Dolomiti\" \/>\n<meta property=\"article:publisher\" content=\"https:\/\/www.facebook.com\/profile.php?id=100008943462799\" \/>\n<meta property=\"article:published_time\" content=\"2019-03-08T14:46:43+00:00\" \/>\n<meta property=\"og:image\" content=\"http:\/\/www.bellunopress.it\/wp-content\/uploads\/2018\/03\/assessore-Pan.jpg\" \/>\n<meta name=\"author\" content=\"redazione\" \/>\n<meta name=\"twitter:card\" content=\"summary_large_image\" \/>\n<meta name=\"twitter:creator\" content=\"@bellunopress\" \/>\n<meta name=\"twitter:site\" content=\"@bellunopress\" \/>\n<meta name=\"twitter:label1\" content=\"\u00c9crit par\" \/>\n\t<meta name=\"twitter:data1\" content=\"redazione\" \/>\n\t<meta name=\"twitter:label2\" content=\"Dur\u00e9e de lecture estim\u00e9e\" \/>\n\t<meta name=\"twitter:data2\" content=\"2 minutes\" \/>\n<script type=\"application\/ld+json\" class=\"yoast-schema-graph\">{\"@context\":\"https:\\\/\\\/schema.org\",\"@graph\":[{\"@type\":\"Article\",\"@id\":\"https:\\\/\\\/www.bellunopress.it\\\/2019\\\/03\\\/08\\\/lupo-196-predazioni-in-veneto-46-nel-bellunese-lassessore-pan-vuole-un-piano-nazionale-di-gestione-del-grande-carnivoro\\\/#article\",\"isPartOf\":{\"@id\":\"https:\\\/\\\/www.bellunopress.it\\\/2019\\\/03\\\/08\\\/lupo-196-predazioni-in-veneto-46-nel-bellunese-lassessore-pan-vuole-un-piano-nazionale-di-gestione-del-grande-carnivoro\\\/\"},\"author\":{\"name\":\"redazione\",\"@id\":\"https:\\\/\\\/www.bellunopress.it\\\/#\\\/schema\\\/person\\\/79bb06722b37ece1c03d3e94beb30d73\"},\"headline\":\"Lupo, 196 predazioni in Veneto, 46 nel Bellunese. L&#8217;assessore Pan vuole un piano nazionale di gestione del grande carnivoro\",\"datePublished\":\"2019-03-08T14:46:43+00:00\",\"mainEntityOfPage\":{\"@id\":\"https:\\\/\\\/www.bellunopress.it\\\/2019\\\/03\\\/08\\\/lupo-196-predazioni-in-veneto-46-nel-bellunese-lassessore-pan-vuole-un-piano-nazionale-di-gestione-del-grande-carnivoro\\\/\"},\"wordCount\":428,\"publisher\":{\"@id\":\"https:\\\/\\\/www.bellunopress.it\\\/#organization\"},\"image\":{\"@id\":\"https:\\\/\\\/www.bellunopress.it\\\/2019\\\/03\\\/08\\\/lupo-196-predazioni-in-veneto-46-nel-bellunese-lassessore-pan-vuole-un-piano-nazionale-di-gestione-del-grande-carnivoro\\\/#primaryimage\"},\"thumbnailUrl\":\"http:\\\/\\\/www.bellunopress.it\\\/wp-content\\\/uploads\\\/2018\\\/03\\\/assessore-Pan.jpg\",\"articleSection\":[\"Cronaca\\\/Politica\",\"Meteo, natura, ambiente, animali\",\"Prima Pagina\"],\"inLanguage\":\"fr-FR\"},{\"@type\":\"WebPage\",\"@id\":\"https:\\\/\\\/www.bellunopress.it\\\/2019\\\/03\\\/08\\\/lupo-196-predazioni-in-veneto-46-nel-bellunese-lassessore-pan-vuole-un-piano-nazionale-di-gestione-del-grande-carnivoro\\\/\",\"url\":\"https:\\\/\\\/www.bellunopress.it\\\/2019\\\/03\\\/08\\\/lupo-196-predazioni-in-veneto-46-nel-bellunese-lassessore-pan-vuole-un-piano-nazionale-di-gestione-del-grande-carnivoro\\\/\",\"name\":\"Lupo, 196 predazioni in Veneto, 46 nel Bellunese. L'assessore Pan vuole un piano nazionale di gestione del grande carnivoro - Bellunopress - Dolomiti\",\"isPartOf\":{\"@id\":\"https:\\\/\\\/www.bellunopress.it\\\/#website\"},\"primaryImageOfPage\":{\"@id\":\"https:\\\/\\\/www.bellunopress.it\\\/2019\\\/03\\\/08\\\/lupo-196-predazioni-in-veneto-46-nel-bellunese-lassessore-pan-vuole-un-piano-nazionale-di-gestione-del-grande-carnivoro\\\/#primaryimage\"},\"image\":{\"@id\":\"https:\\\/\\\/www.bellunopress.it\\\/2019\\\/03\\\/08\\\/lupo-196-predazioni-in-veneto-46-nel-bellunese-lassessore-pan-vuole-un-piano-nazionale-di-gestione-del-grande-carnivoro\\\/#primaryimage\"},\"thumbnailUrl\":\"http:\\\/\\\/www.bellunopress.it\\\/wp-content\\\/uploads\\\/2018\\\/03\\\/assessore-Pan.jpg\",\"datePublished\":\"2019-03-08T14:46:43+00:00\",\"breadcrumb\":{\"@id\":\"https:\\\/\\\/www.bellunopress.it\\\/2019\\\/03\\\/08\\\/lupo-196-predazioni-in-veneto-46-nel-bellunese-lassessore-pan-vuole-un-piano-nazionale-di-gestione-del-grande-carnivoro\\\/#breadcrumb\"},\"inLanguage\":\"fr-FR\",\"potentialAction\":[{\"@type\":\"ReadAction\",\"target\":[\"https:\\\/\\\/www.bellunopress.it\\\/2019\\\/03\\\/08\\\/lupo-196-predazioni-in-veneto-46-nel-bellunese-lassessore-pan-vuole-un-piano-nazionale-di-gestione-del-grande-carnivoro\\\/\"]}]},{\"@type\":\"ImageObject\",\"inLanguage\":\"fr-FR\",\"@id\":\"https:\\\/\\\/www.bellunopress.it\\\/2019\\\/03\\\/08\\\/lupo-196-predazioni-in-veneto-46-nel-bellunese-lassessore-pan-vuole-un-piano-nazionale-di-gestione-del-grande-carnivoro\\\/#primaryimage\",\"url\":\"http:\\\/\\\/www.bellunopress.it\\\/wp-content\\\/uploads\\\/2018\\\/03\\\/assessore-Pan.jpg\",\"contentUrl\":\"http:\\\/\\\/www.bellunopress.it\\\/wp-content\\\/uploads\\\/2018\\\/03\\\/assessore-Pan.jpg\"},{\"@type\":\"BreadcrumbList\",\"@id\":\"https:\\\/\\\/www.bellunopress.it\\\/2019\\\/03\\\/08\\\/lupo-196-predazioni-in-veneto-46-nel-bellunese-lassessore-pan-vuole-un-piano-nazionale-di-gestione-del-grande-carnivoro\\\/#breadcrumb\",\"itemListElement\":[{\"@type\":\"ListItem\",\"position\":1,\"name\":\"Home\",\"item\":\"https:\\\/\\\/www.bellunopress.it\\\/\"},{\"@type\":\"ListItem\",\"position\":2,\"name\":\"Lupo, 196 predazioni in Veneto, 46 nel Bellunese. L&#8217;assessore Pan vuole un piano nazionale di gestione del grande carnivoro\"}]},{\"@type\":\"WebSite\",\"@id\":\"https:\\\/\\\/www.bellunopress.it\\\/#website\",\"url\":\"https:\\\/\\\/www.bellunopress.it\\\/\",\"name\":\"Bellunopress - Dolomiti\",\"description\":\"e-mail: redazione@bellunopress.it\",\"publisher\":{\"@id\":\"https:\\\/\\\/www.bellunopress.it\\\/#organization\"},\"potentialAction\":[{\"@type\":\"SearchAction\",\"target\":{\"@type\":\"EntryPoint\",\"urlTemplate\":\"https:\\\/\\\/www.bellunopress.it\\\/?s={search_term_string}\"},\"query-input\":{\"@type\":\"PropertyValueSpecification\",\"valueRequired\":true,\"valueName\":\"search_term_string\"}}],\"inLanguage\":\"fr-FR\"},{\"@type\":\"Organization\",\"@id\":\"https:\\\/\\\/www.bellunopress.it\\\/#organization\",\"name\":\"Bellunopress\",\"url\":\"https:\\\/\\\/www.bellunopress.it\\\/\",\"logo\":{\"@type\":\"ImageObject\",\"inLanguage\":\"fr-FR\",\"@id\":\"https:\\\/\\\/www.bellunopress.it\\\/#\\\/schema\\\/logo\\\/image\\\/\",\"url\":\"https:\\\/\\\/www.bellunopress.it\\\/wp-content\\\/uploads\\\/2011\\\/05\\\/cropped-logo-bellunopress-.jpg\",\"contentUrl\":\"https:\\\/\\\/www.bellunopress.it\\\/wp-content\\\/uploads\\\/2011\\\/05\\\/cropped-logo-bellunopress-.jpg\",\"width\":512,\"height\":512,\"caption\":\"Bellunopress\"},\"image\":{\"@id\":\"https:\\\/\\\/www.bellunopress.it\\\/#\\\/schema\\\/logo\\\/image\\\/\"},\"sameAs\":[\"https:\\\/\\\/www.facebook.com\\\/profile.php?id=100008943462799\",\"https:\\\/\\\/x.com\\\/bellunopress\",\"https:\\\/\\\/www.linkedin.com\\\/hp\\\/?dnr=JBzUWaJfMUw8vbXJJ2tVW5-I3jZKvC4wsoxE&amp;amp;amp;amp;amp;amp;trk=nav_responsive_tab_home\",\"https:\\\/\\\/www.youtube.com\\\/channel\\\/UCxL0wu1uN0_3_7hGG0306cw\"]},{\"@type\":\"Person\",\"@id\":\"https:\\\/\\\/www.bellunopress.it\\\/#\\\/schema\\\/person\\\/79bb06722b37ece1c03d3e94beb30d73\",\"name\":\"redazione\",\"image\":{\"@type\":\"ImageObject\",\"inLanguage\":\"fr-FR\",\"@id\":\"https:\\\/\\\/secure.gravatar.com\\\/avatar\\\/37d968a2e67a6fd04c169c4bdef102d0bc5d31b2546345219e348575eb80e9a0?s=96&d=mm&r=g\",\"url\":\"https:\\\/\\\/secure.gravatar.com\\\/avatar\\\/37d968a2e67a6fd04c169c4bdef102d0bc5d31b2546345219e348575eb80e9a0?s=96&d=mm&r=g\",\"contentUrl\":\"https:\\\/\\\/secure.gravatar.com\\\/avatar\\\/37d968a2e67a6fd04c169c4bdef102d0bc5d31b2546345219e348575eb80e9a0?s=96&d=mm&r=g\",\"caption\":\"redazione\"},\"sameAs\":[\"http:\\\/\\\/www.bellunopress.it\",\"https:\\\/\\\/x.com\\\/bellunopress\"],\"url\":\"https:\\\/\\\/www.bellunopress.it\\\/fr\\\/author\\\/redazione\\\/\"}]}<\/script>\n<!-- \/ Yoast SEO plugin. -->","yoast_head_json":{"title":"Lupo, 196 predazioni in Veneto, 46 nel Bellunese. L'assessore Pan vuole un piano nazionale di gestione del grande carnivoro - Bellunopress - Dolomiti","robots":{"index":"index","follow":"follow","max-snippet":"max-snippet:-1","max-image-preview":"max-image-preview:large","max-video-preview":"max-video-preview:-1"},"canonical":"https:\/\/www.bellunopress.it\/fr\/2019\/03\/08\/lupo-196-predazioni-in-veneto-46-nel-bellunese-lassessore-pan-vuole-un-piano-nazionale-di-gestione-del-grande-carnivoro\/","og_locale":"fr_FR","og_type":"article","og_title":"Lupo, 196 predazioni in Veneto, 46 nel Bellunese. L'assessore Pan vuole un piano nazionale di gestione del grande carnivoro - Bellunopress - Dolomiti","og_description":"Venezia, 8 marzo 2019\u00a0 &#8211;\u00a0\u00a0Nel corso del 2018 il lupo in Veneto ha ucciso 400 capi di bestiame e ne ha feriti 50. Le prede preferite sono state pecore e capre (282 capi tra morti e feriti), seguiti dai bovini (125 capi tra morti e feriti) e dagli asini (33 capi). Altri 125 capi risultano [&hellip;]","og_url":"https:\/\/www.bellunopress.it\/fr\/2019\/03\/08\/lupo-196-predazioni-in-veneto-46-nel-bellunese-lassessore-pan-vuole-un-piano-nazionale-di-gestione-del-grande-carnivoro\/","og_site_name":"Bellunopress - Dolomiti","article_publisher":"https:\/\/www.facebook.com\/profile.php?id=100008943462799","article_published_time":"2019-03-08T14:46:43+00:00","og_image":[{"url":"http:\/\/www.bellunopress.it\/wp-content\/uploads\/2018\/03\/assessore-Pan.jpg","type":"","width":"","height":""}],"author":"redazione","twitter_card":"summary_large_image","twitter_creator":"@bellunopress","twitter_site":"@bellunopress","twitter_misc":{"\u00c9crit par":"redazione","Dur\u00e9e de lecture estim\u00e9e":"2 minutes"},"schema":{"@context":"https:\/\/schema.org","@graph":[{"@type":"Article","@id":"https:\/\/www.bellunopress.it\/2019\/03\/08\/lupo-196-predazioni-in-veneto-46-nel-bellunese-lassessore-pan-vuole-un-piano-nazionale-di-gestione-del-grande-carnivoro\/#article","isPartOf":{"@id":"https:\/\/www.bellunopress.it\/2019\/03\/08\/lupo-196-predazioni-in-veneto-46-nel-bellunese-lassessore-pan-vuole-un-piano-nazionale-di-gestione-del-grande-carnivoro\/"},"author":{"name":"redazione","@id":"https:\/\/www.bellunopress.it\/#\/schema\/person\/79bb06722b37ece1c03d3e94beb30d73"},"headline":"Lupo, 196 predazioni in Veneto, 46 nel Bellunese. L&#8217;assessore Pan vuole un piano nazionale di gestione del grande carnivoro","datePublished":"2019-03-08T14:46:43+00:00","mainEntityOfPage":{"@id":"https:\/\/www.bellunopress.it\/2019\/03\/08\/lupo-196-predazioni-in-veneto-46-nel-bellunese-lassessore-pan-vuole-un-piano-nazionale-di-gestione-del-grande-carnivoro\/"},"wordCount":428,"publisher":{"@id":"https:\/\/www.bellunopress.it\/#organization"},"image":{"@id":"https:\/\/www.bellunopress.it\/2019\/03\/08\/lupo-196-predazioni-in-veneto-46-nel-bellunese-lassessore-pan-vuole-un-piano-nazionale-di-gestione-del-grande-carnivoro\/#primaryimage"},"thumbnailUrl":"http:\/\/www.bellunopress.it\/wp-content\/uploads\/2018\/03\/assessore-Pan.jpg","articleSection":["Cronaca\/Politica","Meteo, natura, ambiente, animali","Prima Pagina"],"inLanguage":"fr-FR"},{"@type":"WebPage","@id":"https:\/\/www.bellunopress.it\/2019\/03\/08\/lupo-196-predazioni-in-veneto-46-nel-bellunese-lassessore-pan-vuole-un-piano-nazionale-di-gestione-del-grande-carnivoro\/","url":"https:\/\/www.bellunopress.it\/2019\/03\/08\/lupo-196-predazioni-in-veneto-46-nel-bellunese-lassessore-pan-vuole-un-piano-nazionale-di-gestione-del-grande-carnivoro\/","name":"Lupo, 196 predazioni in Veneto, 46 nel Bellunese. L'assessore Pan vuole un piano nazionale di gestione del grande carnivoro - Bellunopress - Dolomiti","isPartOf":{"@id":"https:\/\/www.bellunopress.it\/#website"},"primaryImageOfPage":{"@id":"https:\/\/www.bellunopress.it\/2019\/03\/08\/lupo-196-predazioni-in-veneto-46-nel-bellunese-lassessore-pan-vuole-un-piano-nazionale-di-gestione-del-grande-carnivoro\/#primaryimage"},"image":{"@id":"https:\/\/www.bellunopress.it\/2019\/03\/08\/lupo-196-predazioni-in-veneto-46-nel-bellunese-lassessore-pan-vuole-un-piano-nazionale-di-gestione-del-grande-carnivoro\/#primaryimage"},"thumbnailUrl":"http:\/\/www.bellunopress.it\/wp-content\/uploads\/2018\/03\/assessore-Pan.jpg","datePublished":"2019-03-08T14:46:43+00:00","breadcrumb":{"@id":"https:\/\/www.bellunopress.it\/2019\/03\/08\/lupo-196-predazioni-in-veneto-46-nel-bellunese-lassessore-pan-vuole-un-piano-nazionale-di-gestione-del-grande-carnivoro\/#breadcrumb"},"inLanguage":"fr-FR","potentialAction":[{"@type":"ReadAction","target":["https:\/\/www.bellunopress.it\/2019\/03\/08\/lupo-196-predazioni-in-veneto-46-nel-bellunese-lassessore-pan-vuole-un-piano-nazionale-di-gestione-del-grande-carnivoro\/"]}]},{"@type":"ImageObject","inLanguage":"fr-FR","@id":"https:\/\/www.bellunopress.it\/2019\/03\/08\/lupo-196-predazioni-in-veneto-46-nel-bellunese-lassessore-pan-vuole-un-piano-nazionale-di-gestione-del-grande-carnivoro\/#primaryimage","url":"http:\/\/www.bellunopress.it\/wp-content\/uploads\/2018\/03\/assessore-Pan.jpg","contentUrl":"http:\/\/www.bellunopress.it\/wp-content\/uploads\/2018\/03\/assessore-Pan.jpg"},{"@type":"BreadcrumbList","@id":"https:\/\/www.bellunopress.it\/2019\/03\/08\/lupo-196-predazioni-in-veneto-46-nel-bellunese-lassessore-pan-vuole-un-piano-nazionale-di-gestione-del-grande-carnivoro\/#breadcrumb","itemListElement":[{"@type":"ListItem","position":1,"name":"Home","item":"https:\/\/www.bellunopress.it\/"},{"@type":"ListItem","position":2,"name":"Lupo, 196 predazioni in Veneto, 46 nel Bellunese. L&#8217;assessore Pan vuole un piano nazionale di gestione del grande carnivoro"}]},{"@type":"WebSite","@id":"https:\/\/www.bellunopress.it\/#website","url":"https:\/\/www.bellunopress.it\/","name":"Bellunopress - Dolomiti","description":"e-mail: redazione@bellunopress.it","publisher":{"@id":"https:\/\/www.bellunopress.it\/#organization"},"potentialAction":[{"@type":"SearchAction","target":{"@type":"EntryPoint","urlTemplate":"https:\/\/www.bellunopress.it\/?s={search_term_string}"},"query-input":{"@type":"PropertyValueSpecification","valueRequired":true,"valueName":"search_term_string"}}],"inLanguage":"fr-FR"},{"@type":"Organization","@id":"https:\/\/www.bellunopress.it\/#organization","name":"Bellunopress","url":"https:\/\/www.bellunopress.it\/","logo":{"@type":"ImageObject","inLanguage":"fr-FR","@id":"https:\/\/www.bellunopress.it\/#\/schema\/logo\/image\/","url":"https:\/\/www.bellunopress.it\/wp-content\/uploads\/2011\/05\/cropped-logo-bellunopress-.jpg","contentUrl":"https:\/\/www.bellunopress.it\/wp-content\/uploads\/2011\/05\/cropped-logo-bellunopress-.jpg","width":512,"height":512,"caption":"Bellunopress"},"image":{"@id":"https:\/\/www.bellunopress.it\/#\/schema\/logo\/image\/"},"sameAs":["https:\/\/www.facebook.com\/profile.php?id=100008943462799","https:\/\/x.com\/bellunopress","https:\/\/www.linkedin.com\/hp\/?dnr=JBzUWaJfMUw8vbXJJ2tVW5-I3jZKvC4wsoxE&amp;amp;amp;amp;amp;amp;trk=nav_responsive_tab_home","https:\/\/www.youtube.com\/channel\/UCxL0wu1uN0_3_7hGG0306cw"]},{"@type":"Person","@id":"https:\/\/www.bellunopress.it\/#\/schema\/person\/79bb06722b37ece1c03d3e94beb30d73","name":"r\u00e9daction","image":{"@type":"ImageObject","inLanguage":"fr-FR","@id":"https:\/\/secure.gravatar.com\/avatar\/37d968a2e67a6fd04c169c4bdef102d0bc5d31b2546345219e348575eb80e9a0?s=96&d=mm&r=g","url":"https:\/\/secure.gravatar.com\/avatar\/37d968a2e67a6fd04c169c4bdef102d0bc5d31b2546345219e348575eb80e9a0?s=96&d=mm&r=g","contentUrl":"https:\/\/secure.gravatar.com\/avatar\/37d968a2e67a6fd04c169c4bdef102d0bc5d31b2546345219e348575eb80e9a0?s=96&d=mm&r=g","caption":"redazione"},"sameAs":["http:\/\/www.bellunopress.it","https:\/\/x.com\/bellunopress"],"url":"https:\/\/www.bellunopress.it\/fr\/author\/redazione\/"}]}},"_links":{"self":[{"href":"https:\/\/www.bellunopress.it\/fr\/wp-json\/wp\/v2\/posts\/102703","targetHints":{"allow":["GET"]}}],"collection":[{"href":"https:\/\/www.bellunopress.it\/fr\/wp-json\/wp\/v2\/posts"}],"about":[{"href":"https:\/\/www.bellunopress.it\/fr\/wp-json\/wp\/v2\/types\/post"}],"author":[{"embeddable":true,"href":"https:\/\/www.bellunopress.it\/fr\/wp-json\/wp\/v2\/users\/2"}],"replies":[{"embeddable":true,"href":"https:\/\/www.bellunopress.it\/fr\/wp-json\/wp\/v2\/comments?post=102703"}],"version-history":[{"count":1,"href":"https:\/\/www.bellunopress.it\/fr\/wp-json\/wp\/v2\/posts\/102703\/revisions"}],"predecessor-version":[{"id":102704,"href":"https:\/\/www.bellunopress.it\/fr\/wp-json\/wp\/v2\/posts\/102703\/revisions\/102704"}],"wp:attachment":[{"href":"https:\/\/www.bellunopress.it\/fr\/wp-json\/wp\/v2\/media?parent=102703"}],"wp:term":[{"taxonomy":"category","embeddable":true,"href":"https:\/\/www.bellunopress.it\/fr\/wp-json\/wp\/v2\/categories?post=102703"},{"taxonomy":"post_tag","embeddable":true,"href":"https:\/\/www.bellunopress.it\/fr\/wp-json\/wp\/v2\/tags?post=102703"}],"curies":[{"name":"wp","href":"https:\/\/api.w.org\/{rel}","templated":true}]}}