{"id":102701,"date":"2019-03-08T15:39:04","date_gmt":"2019-03-08T14:39:04","guid":{"rendered":"http:\/\/www.bellunopress.it\/?p=102701"},"modified":"2019-03-08T15:39:04","modified_gmt":"2019-03-08T14:39:04","slug":"imprenditoria-femminile-la-giunta-regionale-approva-il-nuovo-bando-di-32-milioni-a-fondo-perduto-domande-dal-10-al-18-aprile-marcato-questo-e-il-nostro-8-marzo","status":"publish","type":"post","link":"https:\/\/www.bellunopress.it\/fr\/2019\/03\/08\/imprenditoria-femminile-la-giunta-regionale-approva-il-nuovo-bando-di-32-milioni-a-fondo-perduto-domande-dal-10-al-18-aprile-marcato-questo-e-il-nostro-8-marzo\/","title":{"rendered":"Imprenditoria femminile, la giunta regionale approva il nuovo bando di 3,2 milioni a fondo perduto. Domande dal 10 al 18 aprile. Marcato: &#8220;Questo \u00e8 il nostro 8 marzo&#8221;"},"content":{"rendered":"<figure id=\"attachment_70205\" aria-describedby=\"caption-attachment-70205\" style=\"width: 152px\" class=\"wp-caption alignleft\"><a href=\"http:\/\/www.bellunopress.it\/fr\/2015\/07\/20\/nuova-camera-di-commercio-venezia-rovigo-delta-lagunare-in-veneto-il-primo-accorpamento\/roberto-marcato-assessore\/\" rel=\"attachment wp-att-70205\"><img loading=\"lazy\" decoding=\"async\" class=\"size-full wp-image-70205\" src=\"http:\/\/www.bellunopress.it\/wp-content\/uploads\/2015\/07\/roberto-marcato-assessore.jpg\" alt=\"\" width=\"152\" height=\"180\" \/><\/a><figcaption id=\"caption-attachment-70205\" class=\"wp-caption-text\">Roberto Marcato<\/figcaption><\/figure>\n<p>Venezia, 8 marzo 2019\u00a0 &#8211;\u00a0\u00a0\u201cQuesto \u00e8 il nostro 8 marzo. Abbiamo voluto fare qualcosa di concreto per dare un segnale di attenzione al mondo femminile che trova ancora molte difficolt\u00e0 a fare impresa\u201d. In occasione della Giornata internazionale della Donna l\u2019assessore veneto allo sviluppo economico Roberto Marcato ha presentato il nuovo bando, approvato oggi dalla giunta regionale, per l&#8217;erogazione di contributi alle imprese a prevalente partecipazione femminile. La dotazione sar\u00e0 complessivamente di quasi 3,2 milioni di euro da assegnare come finanziamenti a fondo perduto. Le domande potranno essere presentate a sportello dalle ore 10.00 del 10 aprile alle ore 18.00 del 18 aprile.<\/p>\n<p>L\u2019assessore Marcato ha evidenziato che le imprenditrici (donne che ricoprono cariche all\u2019interno di un\u2019impresa) in Veneto sono 185.770 su un totale di 679.398 imprenditori, vale a dire il 27,3%. E\u2019 Padova la provincia che ne conta di pi\u00f9 con 37.472 donne imprenditrici. Altro dato riguarda le imprese al femminile (societ\u00e0 con presenza maggioritaria nella compagine sociale, nel capitale sociale e nel Consiglio di amministrazione) o imprese individuali con titolare di sesso femminile che sono 88.322 pari al 20,4% delle imprese attive in Veneto, mentre la media nazionale \u00e8 del 22,6%.<\/p>\n<p>La Regione \u2013 ha ricordato Marcato \u2013 aveva gi\u00e0 aperto un precedente bando che ha avuto molto successo, andando in overbooking quasi subito: nel biennio 2017-2018 sono stati assegnati contributi per oltre 5 milioni di euro, finanziando le attivit\u00e0 di 307 imprenditrici su 345 domande pervenute. \u201cHo ascoltato il territorio e le dirette interessate per le quali ancora oggi \u00e8 molto pi\u00f9 difficile che per un uomo fare impresa \u2013 ha detto l\u2019assessore \u2013 e sulla scorta delle indicazioni ricevute abbiamo dedicato una parte delle risorse regionali ad un bando di questa natura che andasse soprattutto nella direzione di ridurre il differenziale che ancora si registra. Sul piano culturale permane una certa diffidenza nei confronti delle donne imprenditrici e si tende, sbagliando, a dare pi\u00f9 credibilit\u00e0 all\u2019imprenditore uomo. Dobbiamo dire che per molti versi la nostra \u00e8 ancora una societ\u00e0 maschilista\u201d.<\/p>\n<p>I contributi regionali sono rivolti sia all&#8217;avvio di nuove imprese femminili, sia al consolidamento e allo sviluppo di quelle esistenti. Il bando prevede la concessione di contributi a fondo perduto, in regime de minimis, in misura pari al 30% della spesa rendicontata ammissibile per interventi di importo non inferiore a 30.000,00 euro e non superiore a 170.000,00 euro. Saranno ammissibili spese in macchinari, impianti produttivi, hardware ed attrezzature; arredi; negozi mobili; mezzi di trasporto ad esclusivo uso aziendale; impianti tecnici di servizio agli impianti produttivi e programmi informatici.<\/p>","protected":false},"excerpt":{"rendered":"<p>Venezia, 8 marzo 2019\u00a0 &#8211;\u00a0\u00a0\u201cQuesto \u00e8 il nostro 8 marzo. Abbiamo voluto fare qualcosa di concreto per dare un segnale di attenzione al mondo femminile che trova ancora molte difficolt\u00e0 a fare impresa\u201d. In occasione della Giornata internazionale della Donna l\u2019assessore veneto allo sviluppo economico Roberto Marcato ha presentato il nuovo bando, approvato oggi dalla [&hellip;]<\/p>\n","protected":false},"author":2,"featured_media":0,"comment_status":"closed","ping_status":"open","sticky":false,"template":"","format":"standard","meta":{"footnotes":""},"categories":[5,36,26],"tags":[],"class_list":["post-102701","post","type-post","status-publish","format-standard","category-cronaca","category-lavoro-economia","category-prima-pagina"],"yoast_head":"<!-- This site is optimized with the Yoast SEO plugin v28.4 - https:\/\/yoast.com\/product\/yoast-seo-wordpress\/ -->\n<title>Imprenditoria femminile, la giunta regionale approva il nuovo bando di 3,2 milioni a fondo perduto. Domande dal 10 al 18 aprile. Marcato: &quot;Questo \u00e8 il nostro 8 marzo&quot; - Bellunopress - Dolomiti<\/title>\n<meta name=\"robots\" content=\"index, follow, max-snippet:-1, max-image-preview:large, max-video-preview:-1\" \/>\n<link rel=\"canonical\" href=\"https:\/\/www.bellunopress.it\/fr\/2019\/03\/08\/imprenditoria-femminile-la-giunta-regionale-approva-il-nuovo-bando-di-32-milioni-a-fondo-perduto-domande-dal-10-al-18-aprile-marcato-questo-e-il-nostro-8-marzo\/\" \/>\n<meta property=\"og:locale\" content=\"fr_FR\" \/>\n<meta property=\"og:type\" content=\"article\" \/>\n<meta property=\"og:title\" content=\"Imprenditoria femminile, la giunta regionale approva il nuovo bando di 3,2 milioni a fondo perduto. Domande dal 10 al 18 aprile. Marcato: &quot;Questo \u00e8 il nostro 8 marzo&quot; - Bellunopress - Dolomiti\" \/>\n<meta property=\"og:description\" content=\"Venezia, 8 marzo 2019\u00a0 &#8211;\u00a0\u00a0\u201cQuesto \u00e8 il nostro 8 marzo. Abbiamo voluto fare qualcosa di concreto per dare un segnale di attenzione al mondo femminile che trova ancora molte difficolt\u00e0 a fare impresa\u201d. In occasione della Giornata internazionale della Donna l\u2019assessore veneto allo sviluppo economico Roberto Marcato ha presentato il nuovo bando, approvato oggi dalla [&hellip;]\" \/>\n<meta property=\"og:url\" content=\"https:\/\/www.bellunopress.it\/fr\/2019\/03\/08\/imprenditoria-femminile-la-giunta-regionale-approva-il-nuovo-bando-di-32-milioni-a-fondo-perduto-domande-dal-10-al-18-aprile-marcato-questo-e-il-nostro-8-marzo\/\" \/>\n<meta property=\"og:site_name\" content=\"Bellunopress - Dolomiti\" \/>\n<meta property=\"article:publisher\" content=\"https:\/\/www.facebook.com\/profile.php?id=100008943462799\" \/>\n<meta property=\"article:published_time\" content=\"2019-03-08T14:39:04+00:00\" \/>\n<meta property=\"og:image\" content=\"http:\/\/www.bellunopress.it\/wp-content\/uploads\/2015\/07\/roberto-marcato-assessore.jpg\" \/>\n<meta name=\"author\" content=\"redazione\" \/>\n<meta name=\"twitter:card\" content=\"summary_large_image\" \/>\n<meta name=\"twitter:creator\" content=\"@bellunopress\" \/>\n<meta name=\"twitter:site\" content=\"@bellunopress\" \/>\n<meta name=\"twitter:label1\" content=\"\u00c9crit par\" \/>\n\t<meta name=\"twitter:data1\" content=\"redazione\" \/>\n\t<meta name=\"twitter:label2\" content=\"Dur\u00e9e de lecture estim\u00e9e\" \/>\n\t<meta name=\"twitter:data2\" content=\"2 minutes\" \/>\n<script type=\"application\/ld+json\" class=\"yoast-schema-graph\">{\"@context\":\"https:\\\/\\\/schema.org\",\"@graph\":[{\"@type\":\"Article\",\"@id\":\"https:\\\/\\\/www.bellunopress.it\\\/2019\\\/03\\\/08\\\/imprenditoria-femminile-la-giunta-regionale-approva-il-nuovo-bando-di-32-milioni-a-fondo-perduto-domande-dal-10-al-18-aprile-marcato-questo-e-il-nostro-8-marzo\\\/#article\",\"isPartOf\":{\"@id\":\"https:\\\/\\\/www.bellunopress.it\\\/2019\\\/03\\\/08\\\/imprenditoria-femminile-la-giunta-regionale-approva-il-nuovo-bando-di-32-milioni-a-fondo-perduto-domande-dal-10-al-18-aprile-marcato-questo-e-il-nostro-8-marzo\\\/\"},\"author\":{\"name\":\"redazione\",\"@id\":\"https:\\\/\\\/www.bellunopress.it\\\/#\\\/schema\\\/person\\\/79bb06722b37ece1c03d3e94beb30d73\"},\"headline\":\"Imprenditoria femminile, la giunta regionale approva il nuovo bando di 3,2 milioni a fondo perduto. Domande dal 10 al 18 aprile. Marcato: &#8220;Questo \u00e8 il nostro 8 marzo&#8221;\",\"datePublished\":\"2019-03-08T14:39:04+00:00\",\"mainEntityOfPage\":{\"@id\":\"https:\\\/\\\/www.bellunopress.it\\\/2019\\\/03\\\/08\\\/imprenditoria-femminile-la-giunta-regionale-approva-il-nuovo-bando-di-32-milioni-a-fondo-perduto-domande-dal-10-al-18-aprile-marcato-questo-e-il-nostro-8-marzo\\\/\"},\"wordCount\":434,\"publisher\":{\"@id\":\"https:\\\/\\\/www.bellunopress.it\\\/#organization\"},\"image\":{\"@id\":\"https:\\\/\\\/www.bellunopress.it\\\/2019\\\/03\\\/08\\\/imprenditoria-femminile-la-giunta-regionale-approva-il-nuovo-bando-di-32-milioni-a-fondo-perduto-domande-dal-10-al-18-aprile-marcato-questo-e-il-nostro-8-marzo\\\/#primaryimage\"},\"thumbnailUrl\":\"http:\\\/\\\/www.bellunopress.it\\\/wp-content\\\/uploads\\\/2015\\\/07\\\/roberto-marcato-assessore.jpg\",\"articleSection\":[\"Cronaca\\\/Politica\",\"Lavoro, Economia, Turismo\",\"Prima Pagina\"],\"inLanguage\":\"fr-FR\"},{\"@type\":\"WebPage\",\"@id\":\"https:\\\/\\\/www.bellunopress.it\\\/2019\\\/03\\\/08\\\/imprenditoria-femminile-la-giunta-regionale-approva-il-nuovo-bando-di-32-milioni-a-fondo-perduto-domande-dal-10-al-18-aprile-marcato-questo-e-il-nostro-8-marzo\\\/\",\"url\":\"https:\\\/\\\/www.bellunopress.it\\\/2019\\\/03\\\/08\\\/imprenditoria-femminile-la-giunta-regionale-approva-il-nuovo-bando-di-32-milioni-a-fondo-perduto-domande-dal-10-al-18-aprile-marcato-questo-e-il-nostro-8-marzo\\\/\",\"name\":\"Imprenditoria femminile, la giunta regionale approva il nuovo bando di 3,2 milioni a fondo perduto. Domande dal 10 al 18 aprile. Marcato: \\\"Questo \u00e8 il nostro 8 marzo\\\" - Bellunopress - Dolomiti\",\"isPartOf\":{\"@id\":\"https:\\\/\\\/www.bellunopress.it\\\/#website\"},\"primaryImageOfPage\":{\"@id\":\"https:\\\/\\\/www.bellunopress.it\\\/2019\\\/03\\\/08\\\/imprenditoria-femminile-la-giunta-regionale-approva-il-nuovo-bando-di-32-milioni-a-fondo-perduto-domande-dal-10-al-18-aprile-marcato-questo-e-il-nostro-8-marzo\\\/#primaryimage\"},\"image\":{\"@id\":\"https:\\\/\\\/www.bellunopress.it\\\/2019\\\/03\\\/08\\\/imprenditoria-femminile-la-giunta-regionale-approva-il-nuovo-bando-di-32-milioni-a-fondo-perduto-domande-dal-10-al-18-aprile-marcato-questo-e-il-nostro-8-marzo\\\/#primaryimage\"},\"thumbnailUrl\":\"http:\\\/\\\/www.bellunopress.it\\\/wp-content\\\/uploads\\\/2015\\\/07\\\/roberto-marcato-assessore.jpg\",\"datePublished\":\"2019-03-08T14:39:04+00:00\",\"breadcrumb\":{\"@id\":\"https:\\\/\\\/www.bellunopress.it\\\/2019\\\/03\\\/08\\\/imprenditoria-femminile-la-giunta-regionale-approva-il-nuovo-bando-di-32-milioni-a-fondo-perduto-domande-dal-10-al-18-aprile-marcato-questo-e-il-nostro-8-marzo\\\/#breadcrumb\"},\"inLanguage\":\"fr-FR\",\"potentialAction\":[{\"@type\":\"ReadAction\",\"target\":[\"https:\\\/\\\/www.bellunopress.it\\\/2019\\\/03\\\/08\\\/imprenditoria-femminile-la-giunta-regionale-approva-il-nuovo-bando-di-32-milioni-a-fondo-perduto-domande-dal-10-al-18-aprile-marcato-questo-e-il-nostro-8-marzo\\\/\"]}]},{\"@type\":\"ImageObject\",\"inLanguage\":\"fr-FR\",\"@id\":\"https:\\\/\\\/www.bellunopress.it\\\/2019\\\/03\\\/08\\\/imprenditoria-femminile-la-giunta-regionale-approva-il-nuovo-bando-di-32-milioni-a-fondo-perduto-domande-dal-10-al-18-aprile-marcato-questo-e-il-nostro-8-marzo\\\/#primaryimage\",\"url\":\"http:\\\/\\\/www.bellunopress.it\\\/wp-content\\\/uploads\\\/2015\\\/07\\\/roberto-marcato-assessore.jpg\",\"contentUrl\":\"http:\\\/\\\/www.bellunopress.it\\\/wp-content\\\/uploads\\\/2015\\\/07\\\/roberto-marcato-assessore.jpg\"},{\"@type\":\"BreadcrumbList\",\"@id\":\"https:\\\/\\\/www.bellunopress.it\\\/2019\\\/03\\\/08\\\/imprenditoria-femminile-la-giunta-regionale-approva-il-nuovo-bando-di-32-milioni-a-fondo-perduto-domande-dal-10-al-18-aprile-marcato-questo-e-il-nostro-8-marzo\\\/#breadcrumb\",\"itemListElement\":[{\"@type\":\"ListItem\",\"position\":1,\"name\":\"Home\",\"item\":\"https:\\\/\\\/www.bellunopress.it\\\/\"},{\"@type\":\"ListItem\",\"position\":2,\"name\":\"Imprenditoria femminile, la giunta regionale approva il nuovo bando di 3,2 milioni a fondo perduto. Domande dal 10 al 18 aprile. Marcato: &#8220;Questo \u00e8 il nostro 8 marzo&#8221;\"}]},{\"@type\":\"WebSite\",\"@id\":\"https:\\\/\\\/www.bellunopress.it\\\/#website\",\"url\":\"https:\\\/\\\/www.bellunopress.it\\\/\",\"name\":\"Bellunopress - Dolomiti\",\"description\":\"e-mail: redazione@bellunopress.it\",\"publisher\":{\"@id\":\"https:\\\/\\\/www.bellunopress.it\\\/#organization\"},\"potentialAction\":[{\"@type\":\"SearchAction\",\"target\":{\"@type\":\"EntryPoint\",\"urlTemplate\":\"https:\\\/\\\/www.bellunopress.it\\\/?s={search_term_string}\"},\"query-input\":{\"@type\":\"PropertyValueSpecification\",\"valueRequired\":true,\"valueName\":\"search_term_string\"}}],\"inLanguage\":\"fr-FR\"},{\"@type\":\"Organization\",\"@id\":\"https:\\\/\\\/www.bellunopress.it\\\/#organization\",\"name\":\"Bellunopress\",\"url\":\"https:\\\/\\\/www.bellunopress.it\\\/\",\"logo\":{\"@type\":\"ImageObject\",\"inLanguage\":\"fr-FR\",\"@id\":\"https:\\\/\\\/www.bellunopress.it\\\/#\\\/schema\\\/logo\\\/image\\\/\",\"url\":\"https:\\\/\\\/www.bellunopress.it\\\/wp-content\\\/uploads\\\/2011\\\/05\\\/cropped-logo-bellunopress-.jpg\",\"contentUrl\":\"https:\\\/\\\/www.bellunopress.it\\\/wp-content\\\/uploads\\\/2011\\\/05\\\/cropped-logo-bellunopress-.jpg\",\"width\":512,\"height\":512,\"caption\":\"Bellunopress\"},\"image\":{\"@id\":\"https:\\\/\\\/www.bellunopress.it\\\/#\\\/schema\\\/logo\\\/image\\\/\"},\"sameAs\":[\"https:\\\/\\\/www.facebook.com\\\/profile.php?id=100008943462799\",\"https:\\\/\\\/x.com\\\/bellunopress\",\"https:\\\/\\\/www.linkedin.com\\\/hp\\\/?dnr=JBzUWaJfMUw8vbXJJ2tVW5-I3jZKvC4wsoxE&amp;amp;amp;amp;amp;amp;trk=nav_responsive_tab_home\",\"https:\\\/\\\/www.youtube.com\\\/channel\\\/UCxL0wu1uN0_3_7hGG0306cw\"]},{\"@type\":\"Person\",\"@id\":\"https:\\\/\\\/www.bellunopress.it\\\/#\\\/schema\\\/person\\\/79bb06722b37ece1c03d3e94beb30d73\",\"name\":\"redazione\",\"image\":{\"@type\":\"ImageObject\",\"inLanguage\":\"fr-FR\",\"@id\":\"https:\\\/\\\/secure.gravatar.com\\\/avatar\\\/37d968a2e67a6fd04c169c4bdef102d0bc5d31b2546345219e348575eb80e9a0?s=96&d=mm&r=g\",\"url\":\"https:\\\/\\\/secure.gravatar.com\\\/avatar\\\/37d968a2e67a6fd04c169c4bdef102d0bc5d31b2546345219e348575eb80e9a0?s=96&d=mm&r=g\",\"contentUrl\":\"https:\\\/\\\/secure.gravatar.com\\\/avatar\\\/37d968a2e67a6fd04c169c4bdef102d0bc5d31b2546345219e348575eb80e9a0?s=96&d=mm&r=g\",\"caption\":\"redazione\"},\"sameAs\":[\"http:\\\/\\\/www.bellunopress.it\",\"https:\\\/\\\/x.com\\\/bellunopress\"],\"url\":\"https:\\\/\\\/www.bellunopress.it\\\/fr\\\/author\\\/redazione\\\/\"}]}<\/script>\n<!-- \/ Yoast SEO plugin. -->","yoast_head_json":{"title":"Imprenditoria femminile, la giunta regionale approva il nuovo bando di 3,2 milioni a fondo perduto. Domande dal 10 al 18 aprile. Marcato: \"Questo \u00e8 il nostro 8 marzo\" - Bellunopress - Dolomiti","robots":{"index":"index","follow":"follow","max-snippet":"max-snippet:-1","max-image-preview":"max-image-preview:large","max-video-preview":"max-video-preview:-1"},"canonical":"https:\/\/www.bellunopress.it\/fr\/2019\/03\/08\/imprenditoria-femminile-la-giunta-regionale-approva-il-nuovo-bando-di-32-milioni-a-fondo-perduto-domande-dal-10-al-18-aprile-marcato-questo-e-il-nostro-8-marzo\/","og_locale":"fr_FR","og_type":"article","og_title":"Imprenditoria femminile, la giunta regionale approva il nuovo bando di 3,2 milioni a fondo perduto. Domande dal 10 al 18 aprile. Marcato: \"Questo \u00e8 il nostro 8 marzo\" - Bellunopress - Dolomiti","og_description":"Venezia, 8 marzo 2019\u00a0 &#8211;\u00a0\u00a0\u201cQuesto \u00e8 il nostro 8 marzo. Abbiamo voluto fare qualcosa di concreto per dare un segnale di attenzione al mondo femminile che trova ancora molte difficolt\u00e0 a fare impresa\u201d. In occasione della Giornata internazionale della Donna l\u2019assessore veneto allo sviluppo economico Roberto Marcato ha presentato il nuovo bando, approvato oggi dalla [&hellip;]","og_url":"https:\/\/www.bellunopress.it\/fr\/2019\/03\/08\/imprenditoria-femminile-la-giunta-regionale-approva-il-nuovo-bando-di-32-milioni-a-fondo-perduto-domande-dal-10-al-18-aprile-marcato-questo-e-il-nostro-8-marzo\/","og_site_name":"Bellunopress - Dolomiti","article_publisher":"https:\/\/www.facebook.com\/profile.php?id=100008943462799","article_published_time":"2019-03-08T14:39:04+00:00","og_image":[{"url":"http:\/\/www.bellunopress.it\/wp-content\/uploads\/2015\/07\/roberto-marcato-assessore.jpg","type":"","width":"","height":""}],"author":"redazione","twitter_card":"summary_large_image","twitter_creator":"@bellunopress","twitter_site":"@bellunopress","twitter_misc":{"\u00c9crit par":"redazione","Dur\u00e9e de lecture estim\u00e9e":"2 minutes"},"schema":{"@context":"https:\/\/schema.org","@graph":[{"@type":"Article","@id":"https:\/\/www.bellunopress.it\/2019\/03\/08\/imprenditoria-femminile-la-giunta-regionale-approva-il-nuovo-bando-di-32-milioni-a-fondo-perduto-domande-dal-10-al-18-aprile-marcato-questo-e-il-nostro-8-marzo\/#article","isPartOf":{"@id":"https:\/\/www.bellunopress.it\/2019\/03\/08\/imprenditoria-femminile-la-giunta-regionale-approva-il-nuovo-bando-di-32-milioni-a-fondo-perduto-domande-dal-10-al-18-aprile-marcato-questo-e-il-nostro-8-marzo\/"},"author":{"name":"redazione","@id":"https:\/\/www.bellunopress.it\/#\/schema\/person\/79bb06722b37ece1c03d3e94beb30d73"},"headline":"Imprenditoria femminile, la giunta regionale approva il nuovo bando di 3,2 milioni a fondo perduto. Domande dal 10 al 18 aprile. Marcato: &#8220;Questo \u00e8 il nostro 8 marzo&#8221;","datePublished":"2019-03-08T14:39:04+00:00","mainEntityOfPage":{"@id":"https:\/\/www.bellunopress.it\/2019\/03\/08\/imprenditoria-femminile-la-giunta-regionale-approva-il-nuovo-bando-di-32-milioni-a-fondo-perduto-domande-dal-10-al-18-aprile-marcato-questo-e-il-nostro-8-marzo\/"},"wordCount":434,"publisher":{"@id":"https:\/\/www.bellunopress.it\/#organization"},"image":{"@id":"https:\/\/www.bellunopress.it\/2019\/03\/08\/imprenditoria-femminile-la-giunta-regionale-approva-il-nuovo-bando-di-32-milioni-a-fondo-perduto-domande-dal-10-al-18-aprile-marcato-questo-e-il-nostro-8-marzo\/#primaryimage"},"thumbnailUrl":"http:\/\/www.bellunopress.it\/wp-content\/uploads\/2015\/07\/roberto-marcato-assessore.jpg","articleSection":["Cronaca\/Politica","Lavoro, Economia, Turismo","Prima Pagina"],"inLanguage":"fr-FR"},{"@type":"WebPage","@id":"https:\/\/www.bellunopress.it\/2019\/03\/08\/imprenditoria-femminile-la-giunta-regionale-approva-il-nuovo-bando-di-32-milioni-a-fondo-perduto-domande-dal-10-al-18-aprile-marcato-questo-e-il-nostro-8-marzo\/","url":"https:\/\/www.bellunopress.it\/2019\/03\/08\/imprenditoria-femminile-la-giunta-regionale-approva-il-nuovo-bando-di-32-milioni-a-fondo-perduto-domande-dal-10-al-18-aprile-marcato-questo-e-il-nostro-8-marzo\/","name":"Imprenditoria femminile, la giunta regionale approva il nuovo bando di 3,2 milioni a fondo perduto. Domande dal 10 al 18 aprile. Marcato: \"Questo \u00e8 il nostro 8 marzo\" - Bellunopress - Dolomiti","isPartOf":{"@id":"https:\/\/www.bellunopress.it\/#website"},"primaryImageOfPage":{"@id":"https:\/\/www.bellunopress.it\/2019\/03\/08\/imprenditoria-femminile-la-giunta-regionale-approva-il-nuovo-bando-di-32-milioni-a-fondo-perduto-domande-dal-10-al-18-aprile-marcato-questo-e-il-nostro-8-marzo\/#primaryimage"},"image":{"@id":"https:\/\/www.bellunopress.it\/2019\/03\/08\/imprenditoria-femminile-la-giunta-regionale-approva-il-nuovo-bando-di-32-milioni-a-fondo-perduto-domande-dal-10-al-18-aprile-marcato-questo-e-il-nostro-8-marzo\/#primaryimage"},"thumbnailUrl":"http:\/\/www.bellunopress.it\/wp-content\/uploads\/2015\/07\/roberto-marcato-assessore.jpg","datePublished":"2019-03-08T14:39:04+00:00","breadcrumb":{"@id":"https:\/\/www.bellunopress.it\/2019\/03\/08\/imprenditoria-femminile-la-giunta-regionale-approva-il-nuovo-bando-di-32-milioni-a-fondo-perduto-domande-dal-10-al-18-aprile-marcato-questo-e-il-nostro-8-marzo\/#breadcrumb"},"inLanguage":"fr-FR","potentialAction":[{"@type":"ReadAction","target":["https:\/\/www.bellunopress.it\/2019\/03\/08\/imprenditoria-femminile-la-giunta-regionale-approva-il-nuovo-bando-di-32-milioni-a-fondo-perduto-domande-dal-10-al-18-aprile-marcato-questo-e-il-nostro-8-marzo\/"]}]},{"@type":"ImageObject","inLanguage":"fr-FR","@id":"https:\/\/www.bellunopress.it\/2019\/03\/08\/imprenditoria-femminile-la-giunta-regionale-approva-il-nuovo-bando-di-32-milioni-a-fondo-perduto-domande-dal-10-al-18-aprile-marcato-questo-e-il-nostro-8-marzo\/#primaryimage","url":"http:\/\/www.bellunopress.it\/wp-content\/uploads\/2015\/07\/roberto-marcato-assessore.jpg","contentUrl":"http:\/\/www.bellunopress.it\/wp-content\/uploads\/2015\/07\/roberto-marcato-assessore.jpg"},{"@type":"BreadcrumbList","@id":"https:\/\/www.bellunopress.it\/2019\/03\/08\/imprenditoria-femminile-la-giunta-regionale-approva-il-nuovo-bando-di-32-milioni-a-fondo-perduto-domande-dal-10-al-18-aprile-marcato-questo-e-il-nostro-8-marzo\/#breadcrumb","itemListElement":[{"@type":"ListItem","position":1,"name":"Home","item":"https:\/\/www.bellunopress.it\/"},{"@type":"ListItem","position":2,"name":"Imprenditoria femminile, la giunta regionale approva il nuovo bando di 3,2 milioni a fondo perduto. Domande dal 10 al 18 aprile. Marcato: &#8220;Questo \u00e8 il nostro 8 marzo&#8221;"}]},{"@type":"WebSite","@id":"https:\/\/www.bellunopress.it\/#website","url":"https:\/\/www.bellunopress.it\/","name":"Bellunopress - Dolomiti","description":"e-mail: redazione@bellunopress.it","publisher":{"@id":"https:\/\/www.bellunopress.it\/#organization"},"potentialAction":[{"@type":"SearchAction","target":{"@type":"EntryPoint","urlTemplate":"https:\/\/www.bellunopress.it\/?s={search_term_string}"},"query-input":{"@type":"PropertyValueSpecification","valueRequired":true,"valueName":"search_term_string"}}],"inLanguage":"fr-FR"},{"@type":"Organization","@id":"https:\/\/www.bellunopress.it\/#organization","name":"Bellunopress","url":"https:\/\/www.bellunopress.it\/","logo":{"@type":"ImageObject","inLanguage":"fr-FR","@id":"https:\/\/www.bellunopress.it\/#\/schema\/logo\/image\/","url":"https:\/\/www.bellunopress.it\/wp-content\/uploads\/2011\/05\/cropped-logo-bellunopress-.jpg","contentUrl":"https:\/\/www.bellunopress.it\/wp-content\/uploads\/2011\/05\/cropped-logo-bellunopress-.jpg","width":512,"height":512,"caption":"Bellunopress"},"image":{"@id":"https:\/\/www.bellunopress.it\/#\/schema\/logo\/image\/"},"sameAs":["https:\/\/www.facebook.com\/profile.php?id=100008943462799","https:\/\/x.com\/bellunopress","https:\/\/www.linkedin.com\/hp\/?dnr=JBzUWaJfMUw8vbXJJ2tVW5-I3jZKvC4wsoxE&amp;amp;amp;amp;amp;amp;trk=nav_responsive_tab_home","https:\/\/www.youtube.com\/channel\/UCxL0wu1uN0_3_7hGG0306cw"]},{"@type":"Person","@id":"https:\/\/www.bellunopress.it\/#\/schema\/person\/79bb06722b37ece1c03d3e94beb30d73","name":"r\u00e9daction","image":{"@type":"ImageObject","inLanguage":"fr-FR","@id":"https:\/\/secure.gravatar.com\/avatar\/37d968a2e67a6fd04c169c4bdef102d0bc5d31b2546345219e348575eb80e9a0?s=96&d=mm&r=g","url":"https:\/\/secure.gravatar.com\/avatar\/37d968a2e67a6fd04c169c4bdef102d0bc5d31b2546345219e348575eb80e9a0?s=96&d=mm&r=g","contentUrl":"https:\/\/secure.gravatar.com\/avatar\/37d968a2e67a6fd04c169c4bdef102d0bc5d31b2546345219e348575eb80e9a0?s=96&d=mm&r=g","caption":"redazione"},"sameAs":["http:\/\/www.bellunopress.it","https:\/\/x.com\/bellunopress"],"url":"https:\/\/www.bellunopress.it\/fr\/author\/redazione\/"}]}},"_links":{"self":[{"href":"https:\/\/www.bellunopress.it\/fr\/wp-json\/wp\/v2\/posts\/102701","targetHints":{"allow":["GET"]}}],"collection":[{"href":"https:\/\/www.bellunopress.it\/fr\/wp-json\/wp\/v2\/posts"}],"about":[{"href":"https:\/\/www.bellunopress.it\/fr\/wp-json\/wp\/v2\/types\/post"}],"author":[{"embeddable":true,"href":"https:\/\/www.bellunopress.it\/fr\/wp-json\/wp\/v2\/users\/2"}],"replies":[{"embeddable":true,"href":"https:\/\/www.bellunopress.it\/fr\/wp-json\/wp\/v2\/comments?post=102701"}],"version-history":[{"count":1,"href":"https:\/\/www.bellunopress.it\/fr\/wp-json\/wp\/v2\/posts\/102701\/revisions"}],"predecessor-version":[{"id":102702,"href":"https:\/\/www.bellunopress.it\/fr\/wp-json\/wp\/v2\/posts\/102701\/revisions\/102702"}],"wp:attachment":[{"href":"https:\/\/www.bellunopress.it\/fr\/wp-json\/wp\/v2\/media?parent=102701"}],"wp:term":[{"taxonomy":"category","embeddable":true,"href":"https:\/\/www.bellunopress.it\/fr\/wp-json\/wp\/v2\/categories?post=102701"},{"taxonomy":"post_tag","embeddable":true,"href":"https:\/\/www.bellunopress.it\/fr\/wp-json\/wp\/v2\/tags?post=102701"}],"curies":[{"name":"wp","href":"https:\/\/api.w.org\/{rel}","templated":true}]}}