{"id":102678,"date":"2019-03-07T11:29:32","date_gmt":"2019-03-07T10:29:32","guid":{"rendered":"http:\/\/www.bellunopress.it\/?p=102678"},"modified":"2019-03-07T21:03:02","modified_gmt":"2019-03-07T20:03:02","slug":"bimba-con-problemi-respiratori-ma-non-ci-sono-ambulanze-disponibili-gli-agenti-della-polizia-stradale-laccompagnano-allospedale-di-feltre","status":"publish","type":"post","link":"https:\/\/www.bellunopress.it\/fr\/2019\/03\/07\/bimba-con-problemi-respiratori-ma-non-ci-sono-ambulanze-disponibili-gli-agenti-della-polizia-stradale-laccompagnano-allospedale-di-feltre\/","title":{"rendered":"Bimba con problemi respiratori, ma non ci sono ambulanze disponibili. Gli agenti della Polizia stradale l&#8217;accompagnano all&#8217;ospedale di Feltre"},"content":{"rendered":"<p><a href=\"http:\/\/www.bellunopress.it\/fr\/2011\/09\/22\/la-polizia-stradale-fa-il-bilancio-della-trascorsa-stagione-estiva-rispetto-al-2010-incidenti-in-diminuzione-del-65-nel-bimestre-luglio-agosto\/polizia-stradale-150x112\/\" rel=\"attachment wp-att-30803\"><img loading=\"lazy\" decoding=\"async\" class=\"alignleft size-full wp-image-30803\" src=\"http:\/\/www.bellunopress.it\/wp-content\/uploads\/2011\/09\/polizia-stradale-150x112.jpg\" alt=\"\" width=\"150\" height=\"112\" \/><\/a>E&#8217; successo luned\u00ec\u00a04 marzo, quando una pattuglia del Distaccamento della Polizia Stradale di Feltre in sosta operativa all&#8217;imbocco della galleria San Vito di Arsi\u00e9 veniva raggiunta da un utente, che chiedeva la possibilit\u00e0 di far giungere sul posto un&#8217;ambulanza in quanto la figlia minore, aveva problemi respiratori.<\/p>\n<p>Ma in quel momento non vi erano ambulanze disponibili. E poich\u00e9 i genitori erano in uno stato di grave agitazione, gli agenti \u00a0provvedevano ad accompagnare la bambina con i genitori all&#8217;Ospedale di Feltre, affidando la piccola alle cure dei sanitari ove veniva sottoposta agli accertamenti medici del caso.<\/p>\n<p>La Direzione Generale dell\u2019Ulss 1 Dolomiti precisa quanto segue.\u00a0La Centrale Operativa della Polizia contattava il Suem 118 prospettando il caso. Nell\u2019immediatezza non risultavano disponibili le ambulanze del Pronto Soccorso di Feltre per poterle inviare sul luogo e le successive chiamate al numero di cellulare fornito e con la Centrale Operativa 113 della Polizia non consentivano di entrare in contatto con i richiedenti soccorso n\u00e9 con la pattuglia per poter attivare altre forme di intervento. Tantomeno, consentivano di appurare la localizzazione e l\u2019effettiva gravit\u00e0 dell\u2019intervento stesso.\u00a0Nel frattempo, mentre venivano effettuate queste azioni per raccogliere le informazioni necessarie per attivare il soccorso, la bambina ed i genitori arrivavano al Pronto Soccorso di Feltre dove veniva presa in carico dall\u2019Unit\u00e0 Operativa di Pediatria per le cure del caso. Nelle ore successive, la bambina veniva dimessa in completo benessere. La Direzione ha comunque disposto un audit puntuale per ricostruire dettagliatamente la dinamica dei fatti.<\/p>","protected":false},"excerpt":{"rendered":"<p>E&#8217; successo luned\u00ec\u00a04 marzo, quando una pattuglia del Distaccamento della Polizia Stradale di Feltre in sosta operativa all&#8217;imbocco della galleria San Vito di Arsi\u00e9 veniva raggiunta da un utente, che chiedeva la possibilit\u00e0 di far giungere sul posto un&#8217;ambulanza in quanto la figlia minore, aveva problemi respiratori. Ma in quel momento non vi erano ambulanze [&hellip;]<\/p>\n","protected":false},"author":2,"featured_media":0,"comment_status":"closed","ping_status":"open","sticky":false,"template":"","format":"standard","meta":{"footnotes":""},"categories":[5,26],"tags":[],"class_list":["post-102678","post","type-post","status-publish","format-standard","category-cronaca","category-prima-pagina"],"yoast_head":"<!-- This site is optimized with the Yoast SEO plugin v28.4 - https:\/\/yoast.com\/product\/yoast-seo-wordpress\/ -->\n<title>Bimba con problemi respiratori, ma non ci sono ambulanze disponibili. Gli agenti della Polizia stradale l&#039;accompagnano all&#039;ospedale di Feltre - Bellunopress - Dolomiti<\/title>\n<meta name=\"robots\" content=\"index, follow, max-snippet:-1, max-image-preview:large, max-video-preview:-1\" \/>\n<link rel=\"canonical\" href=\"https:\/\/www.bellunopress.it\/fr\/2019\/03\/07\/bimba-con-problemi-respiratori-ma-non-ci-sono-ambulanze-disponibili-gli-agenti-della-polizia-stradale-laccompagnano-allospedale-di-feltre\/\" \/>\n<meta property=\"og:locale\" content=\"fr_FR\" \/>\n<meta property=\"og:type\" content=\"article\" \/>\n<meta property=\"og:title\" content=\"Bimba con problemi respiratori, ma non ci sono ambulanze disponibili. Gli agenti della Polizia stradale l&#039;accompagnano all&#039;ospedale di Feltre - Bellunopress - Dolomiti\" \/>\n<meta property=\"og:description\" content=\"E&#8217; successo luned\u00ec\u00a04 marzo, quando una pattuglia del Distaccamento della Polizia Stradale di Feltre in sosta operativa all&#8217;imbocco della galleria San Vito di Arsi\u00e9 veniva raggiunta da un utente, che chiedeva la possibilit\u00e0 di far giungere sul posto un&#8217;ambulanza in quanto la figlia minore, aveva problemi respiratori. Ma in quel momento non vi erano ambulanze [&hellip;]\" \/>\n<meta property=\"og:url\" content=\"https:\/\/www.bellunopress.it\/fr\/2019\/03\/07\/bimba-con-problemi-respiratori-ma-non-ci-sono-ambulanze-disponibili-gli-agenti-della-polizia-stradale-laccompagnano-allospedale-di-feltre\/\" \/>\n<meta property=\"og:site_name\" content=\"Bellunopress - Dolomiti\" \/>\n<meta property=\"article:publisher\" content=\"https:\/\/www.facebook.com\/profile.php?id=100008943462799\" \/>\n<meta property=\"article:published_time\" content=\"2019-03-07T10:29:32+00:00\" \/>\n<meta property=\"article:modified_time\" content=\"2019-03-07T20:03:02+00:00\" \/>\n<meta property=\"og:image\" content=\"http:\/\/www.bellunopress.it\/wp-content\/uploads\/2011\/09\/polizia-stradale-150x112.jpg\" \/>\n<meta name=\"author\" content=\"redazione\" \/>\n<meta name=\"twitter:card\" content=\"summary_large_image\" \/>\n<meta name=\"twitter:creator\" content=\"@bellunopress\" \/>\n<meta name=\"twitter:site\" content=\"@bellunopress\" \/>\n<meta name=\"twitter:label1\" content=\"\u00c9crit par\" \/>\n\t<meta name=\"twitter:data1\" content=\"redazione\" \/>\n\t<meta name=\"twitter:label2\" content=\"Dur\u00e9e de lecture estim\u00e9e\" \/>\n\t<meta name=\"twitter:data2\" content=\"1 minute\" \/>\n<script type=\"application\/ld+json\" class=\"yoast-schema-graph\">{\"@context\":\"https:\\\/\\\/schema.org\",\"@graph\":[{\"@type\":\"Article\",\"@id\":\"https:\\\/\\\/www.bellunopress.it\\\/2019\\\/03\\\/07\\\/bimba-con-problemi-respiratori-ma-non-ci-sono-ambulanze-disponibili-gli-agenti-della-polizia-stradale-laccompagnano-allospedale-di-feltre\\\/#article\",\"isPartOf\":{\"@id\":\"https:\\\/\\\/www.bellunopress.it\\\/2019\\\/03\\\/07\\\/bimba-con-problemi-respiratori-ma-non-ci-sono-ambulanze-disponibili-gli-agenti-della-polizia-stradale-laccompagnano-allospedale-di-feltre\\\/\"},\"author\":{\"name\":\"redazione\",\"@id\":\"https:\\\/\\\/www.bellunopress.it\\\/#\\\/schema\\\/person\\\/79bb06722b37ece1c03d3e94beb30d73\"},\"headline\":\"Bimba con problemi respiratori, ma non ci sono ambulanze disponibili. Gli agenti della Polizia stradale l&#8217;accompagnano all&#8217;ospedale di Feltre\",\"datePublished\":\"2019-03-07T10:29:32+00:00\",\"dateModified\":\"2019-03-07T20:03:02+00:00\",\"mainEntityOfPage\":{\"@id\":\"https:\\\/\\\/www.bellunopress.it\\\/2019\\\/03\\\/07\\\/bimba-con-problemi-respiratori-ma-non-ci-sono-ambulanze-disponibili-gli-agenti-della-polizia-stradale-laccompagnano-allospedale-di-feltre\\\/\"},\"wordCount\":273,\"publisher\":{\"@id\":\"https:\\\/\\\/www.bellunopress.it\\\/#organization\"},\"image\":{\"@id\":\"https:\\\/\\\/www.bellunopress.it\\\/2019\\\/03\\\/07\\\/bimba-con-problemi-respiratori-ma-non-ci-sono-ambulanze-disponibili-gli-agenti-della-polizia-stradale-laccompagnano-allospedale-di-feltre\\\/#primaryimage\"},\"thumbnailUrl\":\"http:\\\/\\\/www.bellunopress.it\\\/wp-content\\\/uploads\\\/2011\\\/09\\\/polizia-stradale-150x112.jpg\",\"articleSection\":[\"Cronaca\\\/Politica\",\"Prima Pagina\"],\"inLanguage\":\"fr-FR\"},{\"@type\":\"WebPage\",\"@id\":\"https:\\\/\\\/www.bellunopress.it\\\/2019\\\/03\\\/07\\\/bimba-con-problemi-respiratori-ma-non-ci-sono-ambulanze-disponibili-gli-agenti-della-polizia-stradale-laccompagnano-allospedale-di-feltre\\\/\",\"url\":\"https:\\\/\\\/www.bellunopress.it\\\/2019\\\/03\\\/07\\\/bimba-con-problemi-respiratori-ma-non-ci-sono-ambulanze-disponibili-gli-agenti-della-polizia-stradale-laccompagnano-allospedale-di-feltre\\\/\",\"name\":\"Bimba con problemi respiratori, ma non ci sono ambulanze disponibili. Gli agenti della Polizia stradale l'accompagnano all'ospedale di Feltre - Bellunopress - Dolomiti\",\"isPartOf\":{\"@id\":\"https:\\\/\\\/www.bellunopress.it\\\/#website\"},\"primaryImageOfPage\":{\"@id\":\"https:\\\/\\\/www.bellunopress.it\\\/2019\\\/03\\\/07\\\/bimba-con-problemi-respiratori-ma-non-ci-sono-ambulanze-disponibili-gli-agenti-della-polizia-stradale-laccompagnano-allospedale-di-feltre\\\/#primaryimage\"},\"image\":{\"@id\":\"https:\\\/\\\/www.bellunopress.it\\\/2019\\\/03\\\/07\\\/bimba-con-problemi-respiratori-ma-non-ci-sono-ambulanze-disponibili-gli-agenti-della-polizia-stradale-laccompagnano-allospedale-di-feltre\\\/#primaryimage\"},\"thumbnailUrl\":\"http:\\\/\\\/www.bellunopress.it\\\/wp-content\\\/uploads\\\/2011\\\/09\\\/polizia-stradale-150x112.jpg\",\"datePublished\":\"2019-03-07T10:29:32+00:00\",\"dateModified\":\"2019-03-07T20:03:02+00:00\",\"breadcrumb\":{\"@id\":\"https:\\\/\\\/www.bellunopress.it\\\/2019\\\/03\\\/07\\\/bimba-con-problemi-respiratori-ma-non-ci-sono-ambulanze-disponibili-gli-agenti-della-polizia-stradale-laccompagnano-allospedale-di-feltre\\\/#breadcrumb\"},\"inLanguage\":\"fr-FR\",\"potentialAction\":[{\"@type\":\"ReadAction\",\"target\":[\"https:\\\/\\\/www.bellunopress.it\\\/2019\\\/03\\\/07\\\/bimba-con-problemi-respiratori-ma-non-ci-sono-ambulanze-disponibili-gli-agenti-della-polizia-stradale-laccompagnano-allospedale-di-feltre\\\/\"]}]},{\"@type\":\"ImageObject\",\"inLanguage\":\"fr-FR\",\"@id\":\"https:\\\/\\\/www.bellunopress.it\\\/2019\\\/03\\\/07\\\/bimba-con-problemi-respiratori-ma-non-ci-sono-ambulanze-disponibili-gli-agenti-della-polizia-stradale-laccompagnano-allospedale-di-feltre\\\/#primaryimage\",\"url\":\"http:\\\/\\\/www.bellunopress.it\\\/wp-content\\\/uploads\\\/2011\\\/09\\\/polizia-stradale-150x112.jpg\",\"contentUrl\":\"http:\\\/\\\/www.bellunopress.it\\\/wp-content\\\/uploads\\\/2011\\\/09\\\/polizia-stradale-150x112.jpg\"},{\"@type\":\"BreadcrumbList\",\"@id\":\"https:\\\/\\\/www.bellunopress.it\\\/2019\\\/03\\\/07\\\/bimba-con-problemi-respiratori-ma-non-ci-sono-ambulanze-disponibili-gli-agenti-della-polizia-stradale-laccompagnano-allospedale-di-feltre\\\/#breadcrumb\",\"itemListElement\":[{\"@type\":\"ListItem\",\"position\":1,\"name\":\"Home\",\"item\":\"https:\\\/\\\/www.bellunopress.it\\\/\"},{\"@type\":\"ListItem\",\"position\":2,\"name\":\"Bimba con problemi respiratori, ma non ci sono ambulanze disponibili. Gli agenti della Polizia stradale l&#8217;accompagnano all&#8217;ospedale di Feltre\"}]},{\"@type\":\"WebSite\",\"@id\":\"https:\\\/\\\/www.bellunopress.it\\\/#website\",\"url\":\"https:\\\/\\\/www.bellunopress.it\\\/\",\"name\":\"Bellunopress - Dolomiti\",\"description\":\"e-mail: redazione@bellunopress.it\",\"publisher\":{\"@id\":\"https:\\\/\\\/www.bellunopress.it\\\/#organization\"},\"potentialAction\":[{\"@type\":\"SearchAction\",\"target\":{\"@type\":\"EntryPoint\",\"urlTemplate\":\"https:\\\/\\\/www.bellunopress.it\\\/?s={search_term_string}\"},\"query-input\":{\"@type\":\"PropertyValueSpecification\",\"valueRequired\":true,\"valueName\":\"search_term_string\"}}],\"inLanguage\":\"fr-FR\"},{\"@type\":\"Organization\",\"@id\":\"https:\\\/\\\/www.bellunopress.it\\\/#organization\",\"name\":\"Bellunopress\",\"url\":\"https:\\\/\\\/www.bellunopress.it\\\/\",\"logo\":{\"@type\":\"ImageObject\",\"inLanguage\":\"fr-FR\",\"@id\":\"https:\\\/\\\/www.bellunopress.it\\\/#\\\/schema\\\/logo\\\/image\\\/\",\"url\":\"https:\\\/\\\/www.bellunopress.it\\\/wp-content\\\/uploads\\\/2011\\\/05\\\/cropped-logo-bellunopress-.jpg\",\"contentUrl\":\"https:\\\/\\\/www.bellunopress.it\\\/wp-content\\\/uploads\\\/2011\\\/05\\\/cropped-logo-bellunopress-.jpg\",\"width\":512,\"height\":512,\"caption\":\"Bellunopress\"},\"image\":{\"@id\":\"https:\\\/\\\/www.bellunopress.it\\\/#\\\/schema\\\/logo\\\/image\\\/\"},\"sameAs\":[\"https:\\\/\\\/www.facebook.com\\\/profile.php?id=100008943462799\",\"https:\\\/\\\/x.com\\\/bellunopress\",\"https:\\\/\\\/www.linkedin.com\\\/hp\\\/?dnr=JBzUWaJfMUw8vbXJJ2tVW5-I3jZKvC4wsoxE&amp;amp;amp;amp;amp;amp;trk=nav_responsive_tab_home\",\"https:\\\/\\\/www.youtube.com\\\/channel\\\/UCxL0wu1uN0_3_7hGG0306cw\"]},{\"@type\":\"Person\",\"@id\":\"https:\\\/\\\/www.bellunopress.it\\\/#\\\/schema\\\/person\\\/79bb06722b37ece1c03d3e94beb30d73\",\"name\":\"redazione\",\"image\":{\"@type\":\"ImageObject\",\"inLanguage\":\"fr-FR\",\"@id\":\"https:\\\/\\\/secure.gravatar.com\\\/avatar\\\/37d968a2e67a6fd04c169c4bdef102d0bc5d31b2546345219e348575eb80e9a0?s=96&d=mm&r=g\",\"url\":\"https:\\\/\\\/secure.gravatar.com\\\/avatar\\\/37d968a2e67a6fd04c169c4bdef102d0bc5d31b2546345219e348575eb80e9a0?s=96&d=mm&r=g\",\"contentUrl\":\"https:\\\/\\\/secure.gravatar.com\\\/avatar\\\/37d968a2e67a6fd04c169c4bdef102d0bc5d31b2546345219e348575eb80e9a0?s=96&d=mm&r=g\",\"caption\":\"redazione\"},\"sameAs\":[\"http:\\\/\\\/www.bellunopress.it\",\"https:\\\/\\\/x.com\\\/bellunopress\"],\"url\":\"https:\\\/\\\/www.bellunopress.it\\\/fr\\\/author\\\/redazione\\\/\"}]}<\/script>\n<!-- \/ Yoast SEO plugin. -->","yoast_head_json":{"title":"Bimba con problemi respiratori, ma non ci sono ambulanze disponibili. Gli agenti della Polizia stradale l'accompagnano all'ospedale di Feltre - Bellunopress - Dolomiti","robots":{"index":"index","follow":"follow","max-snippet":"max-snippet:-1","max-image-preview":"max-image-preview:large","max-video-preview":"max-video-preview:-1"},"canonical":"https:\/\/www.bellunopress.it\/fr\/2019\/03\/07\/bimba-con-problemi-respiratori-ma-non-ci-sono-ambulanze-disponibili-gli-agenti-della-polizia-stradale-laccompagnano-allospedale-di-feltre\/","og_locale":"fr_FR","og_type":"article","og_title":"Bimba con problemi respiratori, ma non ci sono ambulanze disponibili. Gli agenti della Polizia stradale l'accompagnano all'ospedale di Feltre - Bellunopress - Dolomiti","og_description":"E&#8217; successo luned\u00ec\u00a04 marzo, quando una pattuglia del Distaccamento della Polizia Stradale di Feltre in sosta operativa all&#8217;imbocco della galleria San Vito di Arsi\u00e9 veniva raggiunta da un utente, che chiedeva la possibilit\u00e0 di far giungere sul posto un&#8217;ambulanza in quanto la figlia minore, aveva problemi respiratori. Ma in quel momento non vi erano ambulanze [&hellip;]","og_url":"https:\/\/www.bellunopress.it\/fr\/2019\/03\/07\/bimba-con-problemi-respiratori-ma-non-ci-sono-ambulanze-disponibili-gli-agenti-della-polizia-stradale-laccompagnano-allospedale-di-feltre\/","og_site_name":"Bellunopress - Dolomiti","article_publisher":"https:\/\/www.facebook.com\/profile.php?id=100008943462799","article_published_time":"2019-03-07T10:29:32+00:00","article_modified_time":"2019-03-07T20:03:02+00:00","og_image":[{"url":"http:\/\/www.bellunopress.it\/wp-content\/uploads\/2011\/09\/polizia-stradale-150x112.jpg","type":"","width":"","height":""}],"author":"redazione","twitter_card":"summary_large_image","twitter_creator":"@bellunopress","twitter_site":"@bellunopress","twitter_misc":{"\u00c9crit par":"redazione","Dur\u00e9e de lecture estim\u00e9e":"1 minute"},"schema":{"@context":"https:\/\/schema.org","@graph":[{"@type":"Article","@id":"https:\/\/www.bellunopress.it\/2019\/03\/07\/bimba-con-problemi-respiratori-ma-non-ci-sono-ambulanze-disponibili-gli-agenti-della-polizia-stradale-laccompagnano-allospedale-di-feltre\/#article","isPartOf":{"@id":"https:\/\/www.bellunopress.it\/2019\/03\/07\/bimba-con-problemi-respiratori-ma-non-ci-sono-ambulanze-disponibili-gli-agenti-della-polizia-stradale-laccompagnano-allospedale-di-feltre\/"},"author":{"name":"redazione","@id":"https:\/\/www.bellunopress.it\/#\/schema\/person\/79bb06722b37ece1c03d3e94beb30d73"},"headline":"Bimba con problemi respiratori, ma non ci sono ambulanze disponibili. Gli agenti della Polizia stradale l&#8217;accompagnano all&#8217;ospedale di Feltre","datePublished":"2019-03-07T10:29:32+00:00","dateModified":"2019-03-07T20:03:02+00:00","mainEntityOfPage":{"@id":"https:\/\/www.bellunopress.it\/2019\/03\/07\/bimba-con-problemi-respiratori-ma-non-ci-sono-ambulanze-disponibili-gli-agenti-della-polizia-stradale-laccompagnano-allospedale-di-feltre\/"},"wordCount":273,"publisher":{"@id":"https:\/\/www.bellunopress.it\/#organization"},"image":{"@id":"https:\/\/www.bellunopress.it\/2019\/03\/07\/bimba-con-problemi-respiratori-ma-non-ci-sono-ambulanze-disponibili-gli-agenti-della-polizia-stradale-laccompagnano-allospedale-di-feltre\/#primaryimage"},"thumbnailUrl":"http:\/\/www.bellunopress.it\/wp-content\/uploads\/2011\/09\/polizia-stradale-150x112.jpg","articleSection":["Cronaca\/Politica","Prima Pagina"],"inLanguage":"fr-FR"},{"@type":"WebPage","@id":"https:\/\/www.bellunopress.it\/2019\/03\/07\/bimba-con-problemi-respiratori-ma-non-ci-sono-ambulanze-disponibili-gli-agenti-della-polizia-stradale-laccompagnano-allospedale-di-feltre\/","url":"https:\/\/www.bellunopress.it\/2019\/03\/07\/bimba-con-problemi-respiratori-ma-non-ci-sono-ambulanze-disponibili-gli-agenti-della-polizia-stradale-laccompagnano-allospedale-di-feltre\/","name":"Bimba con problemi respiratori, ma non ci sono ambulanze disponibili. Gli agenti della Polizia stradale l'accompagnano all'ospedale di Feltre - Bellunopress - Dolomiti","isPartOf":{"@id":"https:\/\/www.bellunopress.it\/#website"},"primaryImageOfPage":{"@id":"https:\/\/www.bellunopress.it\/2019\/03\/07\/bimba-con-problemi-respiratori-ma-non-ci-sono-ambulanze-disponibili-gli-agenti-della-polizia-stradale-laccompagnano-allospedale-di-feltre\/#primaryimage"},"image":{"@id":"https:\/\/www.bellunopress.it\/2019\/03\/07\/bimba-con-problemi-respiratori-ma-non-ci-sono-ambulanze-disponibili-gli-agenti-della-polizia-stradale-laccompagnano-allospedale-di-feltre\/#primaryimage"},"thumbnailUrl":"http:\/\/www.bellunopress.it\/wp-content\/uploads\/2011\/09\/polizia-stradale-150x112.jpg","datePublished":"2019-03-07T10:29:32+00:00","dateModified":"2019-03-07T20:03:02+00:00","breadcrumb":{"@id":"https:\/\/www.bellunopress.it\/2019\/03\/07\/bimba-con-problemi-respiratori-ma-non-ci-sono-ambulanze-disponibili-gli-agenti-della-polizia-stradale-laccompagnano-allospedale-di-feltre\/#breadcrumb"},"inLanguage":"fr-FR","potentialAction":[{"@type":"ReadAction","target":["https:\/\/www.bellunopress.it\/2019\/03\/07\/bimba-con-problemi-respiratori-ma-non-ci-sono-ambulanze-disponibili-gli-agenti-della-polizia-stradale-laccompagnano-allospedale-di-feltre\/"]}]},{"@type":"ImageObject","inLanguage":"fr-FR","@id":"https:\/\/www.bellunopress.it\/2019\/03\/07\/bimba-con-problemi-respiratori-ma-non-ci-sono-ambulanze-disponibili-gli-agenti-della-polizia-stradale-laccompagnano-allospedale-di-feltre\/#primaryimage","url":"http:\/\/www.bellunopress.it\/wp-content\/uploads\/2011\/09\/polizia-stradale-150x112.jpg","contentUrl":"http:\/\/www.bellunopress.it\/wp-content\/uploads\/2011\/09\/polizia-stradale-150x112.jpg"},{"@type":"BreadcrumbList","@id":"https:\/\/www.bellunopress.it\/2019\/03\/07\/bimba-con-problemi-respiratori-ma-non-ci-sono-ambulanze-disponibili-gli-agenti-della-polizia-stradale-laccompagnano-allospedale-di-feltre\/#breadcrumb","itemListElement":[{"@type":"ListItem","position":1,"name":"Home","item":"https:\/\/www.bellunopress.it\/"},{"@type":"ListItem","position":2,"name":"Bimba con problemi respiratori, ma non ci sono ambulanze disponibili. Gli agenti della Polizia stradale l&#8217;accompagnano all&#8217;ospedale di Feltre"}]},{"@type":"WebSite","@id":"https:\/\/www.bellunopress.it\/#website","url":"https:\/\/www.bellunopress.it\/","name":"Bellunopress - Dolomiti","description":"e-mail: redazione@bellunopress.it","publisher":{"@id":"https:\/\/www.bellunopress.it\/#organization"},"potentialAction":[{"@type":"SearchAction","target":{"@type":"EntryPoint","urlTemplate":"https:\/\/www.bellunopress.it\/?s={search_term_string}"},"query-input":{"@type":"PropertyValueSpecification","valueRequired":true,"valueName":"search_term_string"}}],"inLanguage":"fr-FR"},{"@type":"Organization","@id":"https:\/\/www.bellunopress.it\/#organization","name":"Bellunopress","url":"https:\/\/www.bellunopress.it\/","logo":{"@type":"ImageObject","inLanguage":"fr-FR","@id":"https:\/\/www.bellunopress.it\/#\/schema\/logo\/image\/","url":"https:\/\/www.bellunopress.it\/wp-content\/uploads\/2011\/05\/cropped-logo-bellunopress-.jpg","contentUrl":"https:\/\/www.bellunopress.it\/wp-content\/uploads\/2011\/05\/cropped-logo-bellunopress-.jpg","width":512,"height":512,"caption":"Bellunopress"},"image":{"@id":"https:\/\/www.bellunopress.it\/#\/schema\/logo\/image\/"},"sameAs":["https:\/\/www.facebook.com\/profile.php?id=100008943462799","https:\/\/x.com\/bellunopress","https:\/\/www.linkedin.com\/hp\/?dnr=JBzUWaJfMUw8vbXJJ2tVW5-I3jZKvC4wsoxE&amp;amp;amp;amp;amp;amp;trk=nav_responsive_tab_home","https:\/\/www.youtube.com\/channel\/UCxL0wu1uN0_3_7hGG0306cw"]},{"@type":"Person","@id":"https:\/\/www.bellunopress.it\/#\/schema\/person\/79bb06722b37ece1c03d3e94beb30d73","name":"r\u00e9daction","image":{"@type":"ImageObject","inLanguage":"fr-FR","@id":"https:\/\/secure.gravatar.com\/avatar\/37d968a2e67a6fd04c169c4bdef102d0bc5d31b2546345219e348575eb80e9a0?s=96&d=mm&r=g","url":"https:\/\/secure.gravatar.com\/avatar\/37d968a2e67a6fd04c169c4bdef102d0bc5d31b2546345219e348575eb80e9a0?s=96&d=mm&r=g","contentUrl":"https:\/\/secure.gravatar.com\/avatar\/37d968a2e67a6fd04c169c4bdef102d0bc5d31b2546345219e348575eb80e9a0?s=96&d=mm&r=g","caption":"redazione"},"sameAs":["http:\/\/www.bellunopress.it","https:\/\/x.com\/bellunopress"],"url":"https:\/\/www.bellunopress.it\/fr\/author\/redazione\/"}]}},"_links":{"self":[{"href":"https:\/\/www.bellunopress.it\/fr\/wp-json\/wp\/v2\/posts\/102678","targetHints":{"allow":["GET"]}}],"collection":[{"href":"https:\/\/www.bellunopress.it\/fr\/wp-json\/wp\/v2\/posts"}],"about":[{"href":"https:\/\/www.bellunopress.it\/fr\/wp-json\/wp\/v2\/types\/post"}],"author":[{"embeddable":true,"href":"https:\/\/www.bellunopress.it\/fr\/wp-json\/wp\/v2\/users\/2"}],"replies":[{"embeddable":true,"href":"https:\/\/www.bellunopress.it\/fr\/wp-json\/wp\/v2\/comments?post=102678"}],"version-history":[{"count":3,"href":"https:\/\/www.bellunopress.it\/fr\/wp-json\/wp\/v2\/posts\/102678\/revisions"}],"predecessor-version":[{"id":102694,"href":"https:\/\/www.bellunopress.it\/fr\/wp-json\/wp\/v2\/posts\/102678\/revisions\/102694"}],"wp:attachment":[{"href":"https:\/\/www.bellunopress.it\/fr\/wp-json\/wp\/v2\/media?parent=102678"}],"wp:term":[{"taxonomy":"category","embeddable":true,"href":"https:\/\/www.bellunopress.it\/fr\/wp-json\/wp\/v2\/categories?post=102678"},{"taxonomy":"post_tag","embeddable":true,"href":"https:\/\/www.bellunopress.it\/fr\/wp-json\/wp\/v2\/tags?post=102678"}],"curies":[{"name":"wp","href":"https:\/\/api.w.org\/{rel}","templated":true}]}}