{"id":102662,"date":"2019-03-06T20:56:58","date_gmt":"2019-03-06T19:56:58","guid":{"rendered":"http:\/\/www.bellunopress.it\/?p=102662"},"modified":"2019-03-06T20:56:58","modified_gmt":"2019-03-06T19:56:58","slug":"giro-ditalia-un-centinaio-di-domande-per-la-segreteria-temporanea","status":"publish","type":"post","link":"https:\/\/www.bellunopress.it\/fr\/2019\/03\/06\/giro-ditalia-un-centinaio-di-domande-per-la-segreteria-temporanea\/","title":{"rendered":"Giro d&#8217;Italia: un centinaio di domande per la segreteria temporanea"},"content":{"rendered":"<figure id=\"attachment_79178\" aria-describedby=\"caption-attachment-79178\" style=\"width: 213px\" class=\"wp-caption alignleft\"><a href=\"http:\/\/www.bellunopress.it\/fr\/2016\/07\/14\/mondiali-parapendio-2017-confermato-supporto-della-regione-veneto\/lionello-gorza-copia\/\" rel=\"attachment wp-att-79178\"><img loading=\"lazy\" decoding=\"async\" class=\"size-full wp-image-79178\" src=\"http:\/\/www.bellunopress.it\/wp-content\/uploads\/2016\/07\/Lionello-Gorza-Copia.jpg\" alt=\"\" width=\"213\" height=\"300\" \/><\/a><figcaption id=\"caption-attachment-79178\" class=\"wp-caption-text\">Lionello Gorza<\/figcaption><\/figure>\n<p>Tutti pazzi per il Giro d&#8217;Italia. I tifosi sono in fibrillazione e si stanno gi\u00e0 organizzando per andare lungo il percorso e i comuni cominciano a posizionare i cartelli per avvisare del passaggio della tappa del 1 giugno. Ma c&#8217;\u00e8 un piccolo esercito di quasi 100 persone che si \u00e8 presentato per il posto temporaneo (3 mesi) di segreteria e gestione dell&#8217;accoglienza alberghiera (e non solo) delle migliaia di persone attese per la fine di maggio.<\/p>\n<p>&#8220;Siamo rimasti davvero meravigliati da tanto interesse e dalla qualit\u00e0 dei curriculum che ci sono arrivati \u2013 racconta Lionello Gorza, presidente del Consorzio Dolomiti Prealpi e del Comitato Tappa \u2013 marted\u00ec prossimo il consiglio del Consorzio far\u00e0 le sue valutazioni e mercoled\u00ec comunicheremo il nome della persona che per tre mesi si dedicher\u00e0 solo a questo. Per coprire le spese di questi tre mesi ci hanno aiutato i comuni destinando parte del ricavato delle tasse di soggiorno, adesso speriamo di intercettare altri fondi per rendere questo posto a tempo indeterminato. L&#8217;obiettivo, in realt\u00e0, \u00e8 di creare una figura strategica per il turismo del Feltrino in senso lato. Stiamo partecipando a molte fiere internazionali per promuovere il territorio. Proprio in questo fine settimana siamo a Berlino. Tutto il lavoro che stiamo facendo da un po&#8217; di mesi a questa parte sta cominciando a portare buoni frutti, molti stranieri chiamano, le agenzie e i tour operator ci chiedono informazioni e preventivi su pacchetti. C&#8217;\u00e8 proprio bisogno di una figura specifica che ci aiuti a smistare tutta questa mole di lavoro. Il Giro d&#8217;Italia con le sue necessit\u00e0 ci d\u00e0 l&#8217;occasione di gettare le basi per la creazione di una figura cui speriamo di dare continuit\u00e0&#8221;.<\/p>\n<p>&#8220;La persona che lavorer\u00e0 con noi avr\u00e0 sede nell&#8217;ufficio turistico di Piazza Maggiore \u2013 spiega Gorza \u2013 dar\u00e0 un supporto operativo al lavoro del comitato di tappa, si occuper\u00e0 della ricettivit\u00e0 di ospiti e pubblico, ci aiuter\u00e0 nella gestione dei rapporti con il territorio. C&#8217;\u00e8 davvero tantissimo lavoro da fare!&#8221;<\/p>\n<p>Sono quasi un centinaio i curricula arrivati al Consorzio Prealpi Dolomiti: il 60% sono donne, i 40% circa uomini. L&#8217;et\u00e0 media \u00e8 di 38 anni, il pi\u00f9 giovane candidato ne ha 20 e il meno giovane ne ha 65, con una concentrazione maggiore nella fascia dai 30 ai 48 anni.<\/p>\n<p>Si tratta di persone che risiedono per lo pi\u00f9 nel Bellunese: con un ventaglio che spazia dal Feltrino, alla zona di Ponte nelle Alpi, Cadore, Alpago, qualcuno arriva anche dalla provincia di Treviso e Pordenone. Non tutti sono italiani, nel gruppo ci sono anche persone che provengono o hanno origine dalla Tunisia, Belgio e persino Finlandia<\/p>\n<p>Notevole la variet\u00e0 di profili professionali presentati: dalla specializzazione in Beni culturali alle Scienze forestali, impiegati commerciali e amministrativi, interpreti, traduttori. comunicazione e turismo.<\/p>","protected":false},"excerpt":{"rendered":"<p>Tutti pazzi per il Giro d&#8217;Italia. I tifosi sono in fibrillazione e si stanno gi\u00e0 organizzando per andare lungo il percorso e i comuni cominciano a posizionare i cartelli per avvisare del passaggio della tappa del 1 giugno. Ma c&#8217;\u00e8 un piccolo esercito di quasi 100 persone che si \u00e8 presentato per il posto temporaneo [&hellip;]<\/p>\n","protected":false},"author":2,"featured_media":0,"comment_status":"closed","ping_status":"open","sticky":false,"template":"","format":"standard","meta":{"footnotes":""},"categories":[36,26,4],"tags":[],"class_list":["post-102662","post","type-post","status-publish","format-standard","category-lavoro-economia","category-prima-pagina","category-sport"],"yoast_head":"<!-- This site is optimized with the Yoast SEO plugin v28.4 - https:\/\/yoast.com\/product\/yoast-seo-wordpress\/ -->\n<title>Giro d&#039;Italia: un centinaio di domande per la segreteria temporanea - Bellunopress - Dolomiti<\/title>\n<meta name=\"robots\" content=\"index, follow, max-snippet:-1, max-image-preview:large, max-video-preview:-1\" \/>\n<link rel=\"canonical\" href=\"https:\/\/www.bellunopress.it\/fr\/2019\/03\/06\/giro-ditalia-un-centinaio-di-domande-per-la-segreteria-temporanea\/\" \/>\n<meta property=\"og:locale\" content=\"fr_FR\" \/>\n<meta property=\"og:type\" content=\"article\" \/>\n<meta property=\"og:title\" content=\"Giro d&#039;Italia: un centinaio di domande per la segreteria temporanea - Bellunopress - Dolomiti\" \/>\n<meta property=\"og:description\" content=\"Tutti pazzi per il Giro d&#8217;Italia. I tifosi sono in fibrillazione e si stanno gi\u00e0 organizzando per andare lungo il percorso e i comuni cominciano a posizionare i cartelli per avvisare del passaggio della tappa del 1 giugno. Ma c&#8217;\u00e8 un piccolo esercito di quasi 100 persone che si \u00e8 presentato per il posto temporaneo [&hellip;]\" \/>\n<meta property=\"og:url\" content=\"https:\/\/www.bellunopress.it\/fr\/2019\/03\/06\/giro-ditalia-un-centinaio-di-domande-per-la-segreteria-temporanea\/\" \/>\n<meta property=\"og:site_name\" content=\"Bellunopress - Dolomiti\" \/>\n<meta property=\"article:publisher\" content=\"https:\/\/www.facebook.com\/profile.php?id=100008943462799\" \/>\n<meta property=\"article:published_time\" content=\"2019-03-06T19:56:58+00:00\" \/>\n<meta property=\"og:image\" content=\"http:\/\/www.bellunopress.it\/wp-content\/uploads\/2016\/07\/Lionello-Gorza-Copia.jpg\" \/>\n<meta name=\"author\" content=\"redazione\" \/>\n<meta name=\"twitter:card\" content=\"summary_large_image\" \/>\n<meta name=\"twitter:creator\" content=\"@bellunopress\" \/>\n<meta name=\"twitter:site\" content=\"@bellunopress\" \/>\n<meta name=\"twitter:label1\" content=\"\u00c9crit par\" \/>\n\t<meta name=\"twitter:data1\" content=\"redazione\" \/>\n\t<meta name=\"twitter:label2\" content=\"Dur\u00e9e de lecture estim\u00e9e\" \/>\n\t<meta name=\"twitter:data2\" content=\"2 minutes\" \/>\n<script type=\"application\/ld+json\" class=\"yoast-schema-graph\">{\"@context\":\"https:\\\/\\\/schema.org\",\"@graph\":[{\"@type\":\"Article\",\"@id\":\"https:\\\/\\\/www.bellunopress.it\\\/2019\\\/03\\\/06\\\/giro-ditalia-un-centinaio-di-domande-per-la-segreteria-temporanea\\\/#article\",\"isPartOf\":{\"@id\":\"https:\\\/\\\/www.bellunopress.it\\\/2019\\\/03\\\/06\\\/giro-ditalia-un-centinaio-di-domande-per-la-segreteria-temporanea\\\/\"},\"author\":{\"name\":\"redazione\",\"@id\":\"https:\\\/\\\/www.bellunopress.it\\\/#\\\/schema\\\/person\\\/79bb06722b37ece1c03d3e94beb30d73\"},\"headline\":\"Giro d&#8217;Italia: un centinaio di domande per la segreteria temporanea\",\"datePublished\":\"2019-03-06T19:56:58+00:00\",\"mainEntityOfPage\":{\"@id\":\"https:\\\/\\\/www.bellunopress.it\\\/2019\\\/03\\\/06\\\/giro-ditalia-un-centinaio-di-domande-per-la-segreteria-temporanea\\\/\"},\"wordCount\":469,\"publisher\":{\"@id\":\"https:\\\/\\\/www.bellunopress.it\\\/#organization\"},\"image\":{\"@id\":\"https:\\\/\\\/www.bellunopress.it\\\/2019\\\/03\\\/06\\\/giro-ditalia-un-centinaio-di-domande-per-la-segreteria-temporanea\\\/#primaryimage\"},\"thumbnailUrl\":\"http:\\\/\\\/www.bellunopress.it\\\/wp-content\\\/uploads\\\/2016\\\/07\\\/Lionello-Gorza-Copia.jpg\",\"articleSection\":[\"Lavoro, Economia, Turismo\",\"Prima Pagina\",\"Sport, tempo libero\"],\"inLanguage\":\"fr-FR\"},{\"@type\":\"WebPage\",\"@id\":\"https:\\\/\\\/www.bellunopress.it\\\/2019\\\/03\\\/06\\\/giro-ditalia-un-centinaio-di-domande-per-la-segreteria-temporanea\\\/\",\"url\":\"https:\\\/\\\/www.bellunopress.it\\\/2019\\\/03\\\/06\\\/giro-ditalia-un-centinaio-di-domande-per-la-segreteria-temporanea\\\/\",\"name\":\"Giro d'Italia: un centinaio di domande per la segreteria temporanea - Bellunopress - Dolomiti\",\"isPartOf\":{\"@id\":\"https:\\\/\\\/www.bellunopress.it\\\/#website\"},\"primaryImageOfPage\":{\"@id\":\"https:\\\/\\\/www.bellunopress.it\\\/2019\\\/03\\\/06\\\/giro-ditalia-un-centinaio-di-domande-per-la-segreteria-temporanea\\\/#primaryimage\"},\"image\":{\"@id\":\"https:\\\/\\\/www.bellunopress.it\\\/2019\\\/03\\\/06\\\/giro-ditalia-un-centinaio-di-domande-per-la-segreteria-temporanea\\\/#primaryimage\"},\"thumbnailUrl\":\"http:\\\/\\\/www.bellunopress.it\\\/wp-content\\\/uploads\\\/2016\\\/07\\\/Lionello-Gorza-Copia.jpg\",\"datePublished\":\"2019-03-06T19:56:58+00:00\",\"breadcrumb\":{\"@id\":\"https:\\\/\\\/www.bellunopress.it\\\/2019\\\/03\\\/06\\\/giro-ditalia-un-centinaio-di-domande-per-la-segreteria-temporanea\\\/#breadcrumb\"},\"inLanguage\":\"fr-FR\",\"potentialAction\":[{\"@type\":\"ReadAction\",\"target\":[\"https:\\\/\\\/www.bellunopress.it\\\/2019\\\/03\\\/06\\\/giro-ditalia-un-centinaio-di-domande-per-la-segreteria-temporanea\\\/\"]}]},{\"@type\":\"ImageObject\",\"inLanguage\":\"fr-FR\",\"@id\":\"https:\\\/\\\/www.bellunopress.it\\\/2019\\\/03\\\/06\\\/giro-ditalia-un-centinaio-di-domande-per-la-segreteria-temporanea\\\/#primaryimage\",\"url\":\"http:\\\/\\\/www.bellunopress.it\\\/wp-content\\\/uploads\\\/2016\\\/07\\\/Lionello-Gorza-Copia.jpg\",\"contentUrl\":\"http:\\\/\\\/www.bellunopress.it\\\/wp-content\\\/uploads\\\/2016\\\/07\\\/Lionello-Gorza-Copia.jpg\"},{\"@type\":\"BreadcrumbList\",\"@id\":\"https:\\\/\\\/www.bellunopress.it\\\/2019\\\/03\\\/06\\\/giro-ditalia-un-centinaio-di-domande-per-la-segreteria-temporanea\\\/#breadcrumb\",\"itemListElement\":[{\"@type\":\"ListItem\",\"position\":1,\"name\":\"Home\",\"item\":\"https:\\\/\\\/www.bellunopress.it\\\/\"},{\"@type\":\"ListItem\",\"position\":2,\"name\":\"Giro d&#8217;Italia: un centinaio di domande per la segreteria temporanea\"}]},{\"@type\":\"WebSite\",\"@id\":\"https:\\\/\\\/www.bellunopress.it\\\/#website\",\"url\":\"https:\\\/\\\/www.bellunopress.it\\\/\",\"name\":\"Bellunopress - Dolomiti\",\"description\":\"e-mail: redazione@bellunopress.it\",\"publisher\":{\"@id\":\"https:\\\/\\\/www.bellunopress.it\\\/#organization\"},\"potentialAction\":[{\"@type\":\"SearchAction\",\"target\":{\"@type\":\"EntryPoint\",\"urlTemplate\":\"https:\\\/\\\/www.bellunopress.it\\\/?s={search_term_string}\"},\"query-input\":{\"@type\":\"PropertyValueSpecification\",\"valueRequired\":true,\"valueName\":\"search_term_string\"}}],\"inLanguage\":\"fr-FR\"},{\"@type\":\"Organization\",\"@id\":\"https:\\\/\\\/www.bellunopress.it\\\/#organization\",\"name\":\"Bellunopress\",\"url\":\"https:\\\/\\\/www.bellunopress.it\\\/\",\"logo\":{\"@type\":\"ImageObject\",\"inLanguage\":\"fr-FR\",\"@id\":\"https:\\\/\\\/www.bellunopress.it\\\/#\\\/schema\\\/logo\\\/image\\\/\",\"url\":\"https:\\\/\\\/www.bellunopress.it\\\/wp-content\\\/uploads\\\/2011\\\/05\\\/cropped-logo-bellunopress-.jpg\",\"contentUrl\":\"https:\\\/\\\/www.bellunopress.it\\\/wp-content\\\/uploads\\\/2011\\\/05\\\/cropped-logo-bellunopress-.jpg\",\"width\":512,\"height\":512,\"caption\":\"Bellunopress\"},\"image\":{\"@id\":\"https:\\\/\\\/www.bellunopress.it\\\/#\\\/schema\\\/logo\\\/image\\\/\"},\"sameAs\":[\"https:\\\/\\\/www.facebook.com\\\/profile.php?id=100008943462799\",\"https:\\\/\\\/x.com\\\/bellunopress\",\"https:\\\/\\\/www.linkedin.com\\\/hp\\\/?dnr=JBzUWaJfMUw8vbXJJ2tVW5-I3jZKvC4wsoxE&amp;amp;amp;amp;amp;amp;trk=nav_responsive_tab_home\",\"https:\\\/\\\/www.youtube.com\\\/channel\\\/UCxL0wu1uN0_3_7hGG0306cw\"]},{\"@type\":\"Person\",\"@id\":\"https:\\\/\\\/www.bellunopress.it\\\/#\\\/schema\\\/person\\\/79bb06722b37ece1c03d3e94beb30d73\",\"name\":\"redazione\",\"image\":{\"@type\":\"ImageObject\",\"inLanguage\":\"fr-FR\",\"@id\":\"https:\\\/\\\/secure.gravatar.com\\\/avatar\\\/37d968a2e67a6fd04c169c4bdef102d0bc5d31b2546345219e348575eb80e9a0?s=96&d=mm&r=g\",\"url\":\"https:\\\/\\\/secure.gravatar.com\\\/avatar\\\/37d968a2e67a6fd04c169c4bdef102d0bc5d31b2546345219e348575eb80e9a0?s=96&d=mm&r=g\",\"contentUrl\":\"https:\\\/\\\/secure.gravatar.com\\\/avatar\\\/37d968a2e67a6fd04c169c4bdef102d0bc5d31b2546345219e348575eb80e9a0?s=96&d=mm&r=g\",\"caption\":\"redazione\"},\"sameAs\":[\"http:\\\/\\\/www.bellunopress.it\",\"https:\\\/\\\/x.com\\\/bellunopress\"],\"url\":\"https:\\\/\\\/www.bellunopress.it\\\/fr\\\/author\\\/redazione\\\/\"}]}<\/script>\n<!-- \/ Yoast SEO plugin. -->","yoast_head_json":{"title":"Giro d'Italia: un centinaio di domande per la segreteria temporanea - Bellunopress - Dolomiti","robots":{"index":"index","follow":"follow","max-snippet":"max-snippet:-1","max-image-preview":"max-image-preview:large","max-video-preview":"max-video-preview:-1"},"canonical":"https:\/\/www.bellunopress.it\/fr\/2019\/03\/06\/giro-ditalia-un-centinaio-di-domande-per-la-segreteria-temporanea\/","og_locale":"fr_FR","og_type":"article","og_title":"Giro d'Italia: un centinaio di domande per la segreteria temporanea - Bellunopress - Dolomiti","og_description":"Tutti pazzi per il Giro d&#8217;Italia. I tifosi sono in fibrillazione e si stanno gi\u00e0 organizzando per andare lungo il percorso e i comuni cominciano a posizionare i cartelli per avvisare del passaggio della tappa del 1 giugno. Ma c&#8217;\u00e8 un piccolo esercito di quasi 100 persone che si \u00e8 presentato per il posto temporaneo [&hellip;]","og_url":"https:\/\/www.bellunopress.it\/fr\/2019\/03\/06\/giro-ditalia-un-centinaio-di-domande-per-la-segreteria-temporanea\/","og_site_name":"Bellunopress - Dolomiti","article_publisher":"https:\/\/www.facebook.com\/profile.php?id=100008943462799","article_published_time":"2019-03-06T19:56:58+00:00","og_image":[{"url":"http:\/\/www.bellunopress.it\/wp-content\/uploads\/2016\/07\/Lionello-Gorza-Copia.jpg","type":"","width":"","height":""}],"author":"redazione","twitter_card":"summary_large_image","twitter_creator":"@bellunopress","twitter_site":"@bellunopress","twitter_misc":{"\u00c9crit par":"redazione","Dur\u00e9e de lecture estim\u00e9e":"2 minutes"},"schema":{"@context":"https:\/\/schema.org","@graph":[{"@type":"Article","@id":"https:\/\/www.bellunopress.it\/2019\/03\/06\/giro-ditalia-un-centinaio-di-domande-per-la-segreteria-temporanea\/#article","isPartOf":{"@id":"https:\/\/www.bellunopress.it\/2019\/03\/06\/giro-ditalia-un-centinaio-di-domande-per-la-segreteria-temporanea\/"},"author":{"name":"redazione","@id":"https:\/\/www.bellunopress.it\/#\/schema\/person\/79bb06722b37ece1c03d3e94beb30d73"},"headline":"Giro d&#8217;Italia: un centinaio di domande per la segreteria temporanea","datePublished":"2019-03-06T19:56:58+00:00","mainEntityOfPage":{"@id":"https:\/\/www.bellunopress.it\/2019\/03\/06\/giro-ditalia-un-centinaio-di-domande-per-la-segreteria-temporanea\/"},"wordCount":469,"publisher":{"@id":"https:\/\/www.bellunopress.it\/#organization"},"image":{"@id":"https:\/\/www.bellunopress.it\/2019\/03\/06\/giro-ditalia-un-centinaio-di-domande-per-la-segreteria-temporanea\/#primaryimage"},"thumbnailUrl":"http:\/\/www.bellunopress.it\/wp-content\/uploads\/2016\/07\/Lionello-Gorza-Copia.jpg","articleSection":["Lavoro, Economia, Turismo","Prima Pagina","Sport, tempo libero"],"inLanguage":"fr-FR"},{"@type":"WebPage","@id":"https:\/\/www.bellunopress.it\/2019\/03\/06\/giro-ditalia-un-centinaio-di-domande-per-la-segreteria-temporanea\/","url":"https:\/\/www.bellunopress.it\/2019\/03\/06\/giro-ditalia-un-centinaio-di-domande-per-la-segreteria-temporanea\/","name":"Giro d'Italia: un centinaio di domande per la segreteria temporanea - Bellunopress - Dolomiti","isPartOf":{"@id":"https:\/\/www.bellunopress.it\/#website"},"primaryImageOfPage":{"@id":"https:\/\/www.bellunopress.it\/2019\/03\/06\/giro-ditalia-un-centinaio-di-domande-per-la-segreteria-temporanea\/#primaryimage"},"image":{"@id":"https:\/\/www.bellunopress.it\/2019\/03\/06\/giro-ditalia-un-centinaio-di-domande-per-la-segreteria-temporanea\/#primaryimage"},"thumbnailUrl":"http:\/\/www.bellunopress.it\/wp-content\/uploads\/2016\/07\/Lionello-Gorza-Copia.jpg","datePublished":"2019-03-06T19:56:58+00:00","breadcrumb":{"@id":"https:\/\/www.bellunopress.it\/2019\/03\/06\/giro-ditalia-un-centinaio-di-domande-per-la-segreteria-temporanea\/#breadcrumb"},"inLanguage":"fr-FR","potentialAction":[{"@type":"ReadAction","target":["https:\/\/www.bellunopress.it\/2019\/03\/06\/giro-ditalia-un-centinaio-di-domande-per-la-segreteria-temporanea\/"]}]},{"@type":"ImageObject","inLanguage":"fr-FR","@id":"https:\/\/www.bellunopress.it\/2019\/03\/06\/giro-ditalia-un-centinaio-di-domande-per-la-segreteria-temporanea\/#primaryimage","url":"http:\/\/www.bellunopress.it\/wp-content\/uploads\/2016\/07\/Lionello-Gorza-Copia.jpg","contentUrl":"http:\/\/www.bellunopress.it\/wp-content\/uploads\/2016\/07\/Lionello-Gorza-Copia.jpg"},{"@type":"BreadcrumbList","@id":"https:\/\/www.bellunopress.it\/2019\/03\/06\/giro-ditalia-un-centinaio-di-domande-per-la-segreteria-temporanea\/#breadcrumb","itemListElement":[{"@type":"ListItem","position":1,"name":"Home","item":"https:\/\/www.bellunopress.it\/"},{"@type":"ListItem","position":2,"name":"Giro d&#8217;Italia: un centinaio di domande per la segreteria temporanea"}]},{"@type":"WebSite","@id":"https:\/\/www.bellunopress.it\/#website","url":"https:\/\/www.bellunopress.it\/","name":"Bellunopress - Dolomiti","description":"e-mail: redazione@bellunopress.it","publisher":{"@id":"https:\/\/www.bellunopress.it\/#organization"},"potentialAction":[{"@type":"SearchAction","target":{"@type":"EntryPoint","urlTemplate":"https:\/\/www.bellunopress.it\/?s={search_term_string}"},"query-input":{"@type":"PropertyValueSpecification","valueRequired":true,"valueName":"search_term_string"}}],"inLanguage":"fr-FR"},{"@type":"Organization","@id":"https:\/\/www.bellunopress.it\/#organization","name":"Bellunopress","url":"https:\/\/www.bellunopress.it\/","logo":{"@type":"ImageObject","inLanguage":"fr-FR","@id":"https:\/\/www.bellunopress.it\/#\/schema\/logo\/image\/","url":"https:\/\/www.bellunopress.it\/wp-content\/uploads\/2011\/05\/cropped-logo-bellunopress-.jpg","contentUrl":"https:\/\/www.bellunopress.it\/wp-content\/uploads\/2011\/05\/cropped-logo-bellunopress-.jpg","width":512,"height":512,"caption":"Bellunopress"},"image":{"@id":"https:\/\/www.bellunopress.it\/#\/schema\/logo\/image\/"},"sameAs":["https:\/\/www.facebook.com\/profile.php?id=100008943462799","https:\/\/x.com\/bellunopress","https:\/\/www.linkedin.com\/hp\/?dnr=JBzUWaJfMUw8vbXJJ2tVW5-I3jZKvC4wsoxE&amp;amp;amp;amp;amp;amp;trk=nav_responsive_tab_home","https:\/\/www.youtube.com\/channel\/UCxL0wu1uN0_3_7hGG0306cw"]},{"@type":"Person","@id":"https:\/\/www.bellunopress.it\/#\/schema\/person\/79bb06722b37ece1c03d3e94beb30d73","name":"r\u00e9daction","image":{"@type":"ImageObject","inLanguage":"fr-FR","@id":"https:\/\/secure.gravatar.com\/avatar\/37d968a2e67a6fd04c169c4bdef102d0bc5d31b2546345219e348575eb80e9a0?s=96&d=mm&r=g","url":"https:\/\/secure.gravatar.com\/avatar\/37d968a2e67a6fd04c169c4bdef102d0bc5d31b2546345219e348575eb80e9a0?s=96&d=mm&r=g","contentUrl":"https:\/\/secure.gravatar.com\/avatar\/37d968a2e67a6fd04c169c4bdef102d0bc5d31b2546345219e348575eb80e9a0?s=96&d=mm&r=g","caption":"redazione"},"sameAs":["http:\/\/www.bellunopress.it","https:\/\/x.com\/bellunopress"],"url":"https:\/\/www.bellunopress.it\/fr\/author\/redazione\/"}]}},"_links":{"self":[{"href":"https:\/\/www.bellunopress.it\/fr\/wp-json\/wp\/v2\/posts\/102662","targetHints":{"allow":["GET"]}}],"collection":[{"href":"https:\/\/www.bellunopress.it\/fr\/wp-json\/wp\/v2\/posts"}],"about":[{"href":"https:\/\/www.bellunopress.it\/fr\/wp-json\/wp\/v2\/types\/post"}],"author":[{"embeddable":true,"href":"https:\/\/www.bellunopress.it\/fr\/wp-json\/wp\/v2\/users\/2"}],"replies":[{"embeddable":true,"href":"https:\/\/www.bellunopress.it\/fr\/wp-json\/wp\/v2\/comments?post=102662"}],"version-history":[{"count":1,"href":"https:\/\/www.bellunopress.it\/fr\/wp-json\/wp\/v2\/posts\/102662\/revisions"}],"predecessor-version":[{"id":102663,"href":"https:\/\/www.bellunopress.it\/fr\/wp-json\/wp\/v2\/posts\/102662\/revisions\/102663"}],"wp:attachment":[{"href":"https:\/\/www.bellunopress.it\/fr\/wp-json\/wp\/v2\/media?parent=102662"}],"wp:term":[{"taxonomy":"category","embeddable":true,"href":"https:\/\/www.bellunopress.it\/fr\/wp-json\/wp\/v2\/categories?post=102662"},{"taxonomy":"post_tag","embeddable":true,"href":"https:\/\/www.bellunopress.it\/fr\/wp-json\/wp\/v2\/tags?post=102662"}],"curies":[{"name":"wp","href":"https:\/\/api.w.org\/{rel}","templated":true}]}}