{"id":102660,"date":"2019-03-06T20:46:59","date_gmt":"2019-03-06T19:46:59","guid":{"rendered":"http:\/\/www.bellunopress.it\/?p=102660"},"modified":"2019-03-06T20:46:59","modified_gmt":"2019-03-06T19:46:59","slug":"reddito-di-cittadinanza-fracasso-pd-il-reddito-va-distribuito-con-il-lavoro-una-misura-elettorale-segnata-da-troppa-fretta","status":"publish","type":"post","link":"https:\/\/www.bellunopress.it\/fr\/2019\/03\/06\/reddito-di-cittadinanza-fracasso-pd-il-reddito-va-distribuito-con-il-lavoro-una-misura-elettorale-segnata-da-troppa-fretta\/","title":{"rendered":"Reddito di cittadinanza. Fracasso (PD): &#8220;Il reddito va distribuito con il lavoro. Una misura elettorale segnata da troppa fretta&#8221;"},"content":{"rendered":"<figure id=\"attachment_83514\" aria-describedby=\"caption-attachment-83514\" style=\"width: 114px\" class=\"wp-caption alignleft\"><a href=\"http:\/\/www.bellunopress.it\/fr\/2017\/01\/09\/partito-democratico-stefano-fracasso-e-il-nuovo-capogruppo-in-consiglio-regionale\/stefano-fracasso-consigliere-regionale-pd\/\" rel=\"attachment wp-att-83514\"><img loading=\"lazy\" decoding=\"async\" class=\"size-full wp-image-83514\" src=\"http:\/\/www.bellunopress.it\/wp-content\/uploads\/2017\/01\/Stefano-Fracasso-consigliere-regionale-Pd.jpg\" alt=\"\" width=\"114\" height=\"150\" \/><\/a><figcaption id=\"caption-attachment-83514\" class=\"wp-caption-text\">Stefano Fracasso &#8211; consigliere regionale Pd<\/figcaption><\/figure>\n<p>Venezia, 6 marzo 2019\u00a0 &#8211;\u00a0 &#8220;Da oggi si pu\u00f2 richiedere il reddito di cittadinanza. Una misura che mescola assistenzialismo, reddito di inclusione &#8211; s\u00ec, proprio il REI del precedente governo, tanto bistrattato &#8211; e politiche per il lavoro. Rimango convinto che il reddito vada distribuito con il lavoro e che sia pericoloso generare aspettative di reddito senza lavoro. Tra reddito di cittadinanza e detassare il lavoro, perch\u00e9 ce ne sia di pi\u00f9 e venga pagato meglio, scelgo la seconda. Tanto pi\u00f9 in una fase di rallentamento dell&#8217;economia&#8221;.<\/p>\n<p>Cos\u00ec il capogruppo del Pd in Consiglio regionale Stefano Fracasso sul reddito di cittadinanza.<\/p>\n<p>&#8220;Il reddito di cittadinanza \u00e8 una misura che non risponde a chi lavora e produce &#8211; aggiunge Fracasso -. La distribuzione vede infatti il Centro sud molto favorito, al punto che luned\u00ec a Mestre in un convegno l&#8217;Alleanza contro la Povert\u00e0, che si \u00e8 battuta fin dal 2015 per l&#8217;introduzione del reddito di Inclusione, segnalava che potrebbero essere proprio i poveri del nord a rimanere maggiormente fuori dall&#8217;intervento economico. Al Sud 9 su 10 sarebbero raggiunti dal reddito di cittadinanza; al Nord 5,5 su 10&#8221;.<\/p>\n<p>&#8220;Resta poi ancora indefinito il ruolo dei navigator e come le Regioni se ne faranno carico &#8211; aggiunge Fracasso -. Per non parlare delle assunzioni da fare presso i centri per l&#8217;impiego. Tante incognite e tanta fretta, come denunciato anche dall&#8217;Alleanza contro la Povert\u00e0. Una fretta tutta elettorale, perch\u00e9 in fondo anche Di Maio ha bisogno del suo trofeo prima delle elezioni europee. Ma da oggi vale la prova dei fatti e dei debiti visto che il reddito di cittadinanza, cos\u00ec come quota cento, sono stati finanziati a debito&#8221;.<\/p>","protected":false},"excerpt":{"rendered":"<p>Venezia, 6 marzo 2019\u00a0 &#8211;\u00a0 &#8220;Da oggi si pu\u00f2 richiedere il reddito di cittadinanza. Una misura che mescola assistenzialismo, reddito di inclusione &#8211; s\u00ec, proprio il REI del precedente governo, tanto bistrattato &#8211; e politiche per il lavoro. Rimango convinto che il reddito vada distribuito con il lavoro e che sia pericoloso generare aspettative di [&hellip;]<\/p>\n","protected":false},"author":2,"featured_media":0,"comment_status":"closed","ping_status":"open","sticky":false,"template":"","format":"standard","meta":{"footnotes":""},"categories":[5,36,26],"tags":[],"class_list":["post-102660","post","type-post","status-publish","format-standard","category-cronaca","category-lavoro-economia","category-prima-pagina"],"yoast_head":"<!-- This site is optimized with the Yoast SEO plugin v28.4 - https:\/\/yoast.com\/product\/yoast-seo-wordpress\/ -->\n<title>Reddito di cittadinanza. Fracasso (PD): &quot;Il reddito va distribuito con il lavoro. Una misura elettorale segnata da troppa fretta&quot; - Bellunopress - Dolomiti<\/title>\n<meta name=\"robots\" content=\"index, follow, max-snippet:-1, max-image-preview:large, max-video-preview:-1\" \/>\n<link rel=\"canonical\" href=\"https:\/\/www.bellunopress.it\/fr\/2019\/03\/06\/reddito-di-cittadinanza-fracasso-pd-il-reddito-va-distribuito-con-il-lavoro-una-misura-elettorale-segnata-da-troppa-fretta\/\" \/>\n<meta property=\"og:locale\" content=\"fr_FR\" \/>\n<meta property=\"og:type\" content=\"article\" \/>\n<meta property=\"og:title\" content=\"Reddito di cittadinanza. Fracasso (PD): &quot;Il reddito va distribuito con il lavoro. Una misura elettorale segnata da troppa fretta&quot; - Bellunopress - Dolomiti\" \/>\n<meta property=\"og:description\" content=\"Venezia, 6 marzo 2019\u00a0 &#8211;\u00a0 &#8220;Da oggi si pu\u00f2 richiedere il reddito di cittadinanza. Una misura che mescola assistenzialismo, reddito di inclusione &#8211; s\u00ec, proprio il REI del precedente governo, tanto bistrattato &#8211; e politiche per il lavoro. Rimango convinto che il reddito vada distribuito con il lavoro e che sia pericoloso generare aspettative di [&hellip;]\" \/>\n<meta property=\"og:url\" content=\"https:\/\/www.bellunopress.it\/fr\/2019\/03\/06\/reddito-di-cittadinanza-fracasso-pd-il-reddito-va-distribuito-con-il-lavoro-una-misura-elettorale-segnata-da-troppa-fretta\/\" \/>\n<meta property=\"og:site_name\" content=\"Bellunopress - Dolomiti\" \/>\n<meta property=\"article:publisher\" content=\"https:\/\/www.facebook.com\/profile.php?id=100008943462799\" \/>\n<meta property=\"article:published_time\" content=\"2019-03-06T19:46:59+00:00\" \/>\n<meta property=\"og:image\" content=\"http:\/\/www.bellunopress.it\/wp-content\/uploads\/2017\/01\/Stefano-Fracasso-consigliere-regionale-Pd.jpg\" \/>\n<meta name=\"author\" content=\"redazione\" \/>\n<meta name=\"twitter:card\" content=\"summary_large_image\" \/>\n<meta name=\"twitter:creator\" content=\"@bellunopress\" \/>\n<meta name=\"twitter:site\" content=\"@bellunopress\" \/>\n<meta name=\"twitter:label1\" content=\"\u00c9crit par\" \/>\n\t<meta name=\"twitter:data1\" content=\"redazione\" \/>\n\t<meta name=\"twitter:label2\" content=\"Dur\u00e9e de lecture estim\u00e9e\" \/>\n\t<meta name=\"twitter:data2\" content=\"1 minute\" \/>\n<script type=\"application\/ld+json\" class=\"yoast-schema-graph\">{\"@context\":\"https:\\\/\\\/schema.org\",\"@graph\":[{\"@type\":\"Article\",\"@id\":\"https:\\\/\\\/www.bellunopress.it\\\/2019\\\/03\\\/06\\\/reddito-di-cittadinanza-fracasso-pd-il-reddito-va-distribuito-con-il-lavoro-una-misura-elettorale-segnata-da-troppa-fretta\\\/#article\",\"isPartOf\":{\"@id\":\"https:\\\/\\\/www.bellunopress.it\\\/2019\\\/03\\\/06\\\/reddito-di-cittadinanza-fracasso-pd-il-reddito-va-distribuito-con-il-lavoro-una-misura-elettorale-segnata-da-troppa-fretta\\\/\"},\"author\":{\"name\":\"redazione\",\"@id\":\"https:\\\/\\\/www.bellunopress.it\\\/#\\\/schema\\\/person\\\/79bb06722b37ece1c03d3e94beb30d73\"},\"headline\":\"Reddito di cittadinanza. Fracasso (PD): &#8220;Il reddito va distribuito con il lavoro. Una misura elettorale segnata da troppa fretta&#8221;\",\"datePublished\":\"2019-03-06T19:46:59+00:00\",\"mainEntityOfPage\":{\"@id\":\"https:\\\/\\\/www.bellunopress.it\\\/2019\\\/03\\\/06\\\/reddito-di-cittadinanza-fracasso-pd-il-reddito-va-distribuito-con-il-lavoro-una-misura-elettorale-segnata-da-troppa-fretta\\\/\"},\"wordCount\":304,\"publisher\":{\"@id\":\"https:\\\/\\\/www.bellunopress.it\\\/#organization\"},\"image\":{\"@id\":\"https:\\\/\\\/www.bellunopress.it\\\/2019\\\/03\\\/06\\\/reddito-di-cittadinanza-fracasso-pd-il-reddito-va-distribuito-con-il-lavoro-una-misura-elettorale-segnata-da-troppa-fretta\\\/#primaryimage\"},\"thumbnailUrl\":\"http:\\\/\\\/www.bellunopress.it\\\/wp-content\\\/uploads\\\/2017\\\/01\\\/Stefano-Fracasso-consigliere-regionale-Pd.jpg\",\"articleSection\":[\"Cronaca\\\/Politica\",\"Lavoro, Economia, Turismo\",\"Prima Pagina\"],\"inLanguage\":\"fr-FR\"},{\"@type\":\"WebPage\",\"@id\":\"https:\\\/\\\/www.bellunopress.it\\\/2019\\\/03\\\/06\\\/reddito-di-cittadinanza-fracasso-pd-il-reddito-va-distribuito-con-il-lavoro-una-misura-elettorale-segnata-da-troppa-fretta\\\/\",\"url\":\"https:\\\/\\\/www.bellunopress.it\\\/2019\\\/03\\\/06\\\/reddito-di-cittadinanza-fracasso-pd-il-reddito-va-distribuito-con-il-lavoro-una-misura-elettorale-segnata-da-troppa-fretta\\\/\",\"name\":\"Reddito di cittadinanza. Fracasso (PD): \\\"Il reddito va distribuito con il lavoro. Una misura elettorale segnata da troppa fretta\\\" - Bellunopress - Dolomiti\",\"isPartOf\":{\"@id\":\"https:\\\/\\\/www.bellunopress.it\\\/#website\"},\"primaryImageOfPage\":{\"@id\":\"https:\\\/\\\/www.bellunopress.it\\\/2019\\\/03\\\/06\\\/reddito-di-cittadinanza-fracasso-pd-il-reddito-va-distribuito-con-il-lavoro-una-misura-elettorale-segnata-da-troppa-fretta\\\/#primaryimage\"},\"image\":{\"@id\":\"https:\\\/\\\/www.bellunopress.it\\\/2019\\\/03\\\/06\\\/reddito-di-cittadinanza-fracasso-pd-il-reddito-va-distribuito-con-il-lavoro-una-misura-elettorale-segnata-da-troppa-fretta\\\/#primaryimage\"},\"thumbnailUrl\":\"http:\\\/\\\/www.bellunopress.it\\\/wp-content\\\/uploads\\\/2017\\\/01\\\/Stefano-Fracasso-consigliere-regionale-Pd.jpg\",\"datePublished\":\"2019-03-06T19:46:59+00:00\",\"breadcrumb\":{\"@id\":\"https:\\\/\\\/www.bellunopress.it\\\/2019\\\/03\\\/06\\\/reddito-di-cittadinanza-fracasso-pd-il-reddito-va-distribuito-con-il-lavoro-una-misura-elettorale-segnata-da-troppa-fretta\\\/#breadcrumb\"},\"inLanguage\":\"fr-FR\",\"potentialAction\":[{\"@type\":\"ReadAction\",\"target\":[\"https:\\\/\\\/www.bellunopress.it\\\/2019\\\/03\\\/06\\\/reddito-di-cittadinanza-fracasso-pd-il-reddito-va-distribuito-con-il-lavoro-una-misura-elettorale-segnata-da-troppa-fretta\\\/\"]}]},{\"@type\":\"ImageObject\",\"inLanguage\":\"fr-FR\",\"@id\":\"https:\\\/\\\/www.bellunopress.it\\\/2019\\\/03\\\/06\\\/reddito-di-cittadinanza-fracasso-pd-il-reddito-va-distribuito-con-il-lavoro-una-misura-elettorale-segnata-da-troppa-fretta\\\/#primaryimage\",\"url\":\"http:\\\/\\\/www.bellunopress.it\\\/wp-content\\\/uploads\\\/2017\\\/01\\\/Stefano-Fracasso-consigliere-regionale-Pd.jpg\",\"contentUrl\":\"http:\\\/\\\/www.bellunopress.it\\\/wp-content\\\/uploads\\\/2017\\\/01\\\/Stefano-Fracasso-consigliere-regionale-Pd.jpg\"},{\"@type\":\"BreadcrumbList\",\"@id\":\"https:\\\/\\\/www.bellunopress.it\\\/2019\\\/03\\\/06\\\/reddito-di-cittadinanza-fracasso-pd-il-reddito-va-distribuito-con-il-lavoro-una-misura-elettorale-segnata-da-troppa-fretta\\\/#breadcrumb\",\"itemListElement\":[{\"@type\":\"ListItem\",\"position\":1,\"name\":\"Home\",\"item\":\"https:\\\/\\\/www.bellunopress.it\\\/\"},{\"@type\":\"ListItem\",\"position\":2,\"name\":\"Reddito di cittadinanza. Fracasso (PD): &#8220;Il reddito va distribuito con il lavoro. Una misura elettorale segnata da troppa fretta&#8221;\"}]},{\"@type\":\"WebSite\",\"@id\":\"https:\\\/\\\/www.bellunopress.it\\\/#website\",\"url\":\"https:\\\/\\\/www.bellunopress.it\\\/\",\"name\":\"Bellunopress - Dolomiti\",\"description\":\"e-mail: redazione@bellunopress.it\",\"publisher\":{\"@id\":\"https:\\\/\\\/www.bellunopress.it\\\/#organization\"},\"potentialAction\":[{\"@type\":\"SearchAction\",\"target\":{\"@type\":\"EntryPoint\",\"urlTemplate\":\"https:\\\/\\\/www.bellunopress.it\\\/?s={search_term_string}\"},\"query-input\":{\"@type\":\"PropertyValueSpecification\",\"valueRequired\":true,\"valueName\":\"search_term_string\"}}],\"inLanguage\":\"fr-FR\"},{\"@type\":\"Organization\",\"@id\":\"https:\\\/\\\/www.bellunopress.it\\\/#organization\",\"name\":\"Bellunopress\",\"url\":\"https:\\\/\\\/www.bellunopress.it\\\/\",\"logo\":{\"@type\":\"ImageObject\",\"inLanguage\":\"fr-FR\",\"@id\":\"https:\\\/\\\/www.bellunopress.it\\\/#\\\/schema\\\/logo\\\/image\\\/\",\"url\":\"https:\\\/\\\/www.bellunopress.it\\\/wp-content\\\/uploads\\\/2011\\\/05\\\/cropped-logo-bellunopress-.jpg\",\"contentUrl\":\"https:\\\/\\\/www.bellunopress.it\\\/wp-content\\\/uploads\\\/2011\\\/05\\\/cropped-logo-bellunopress-.jpg\",\"width\":512,\"height\":512,\"caption\":\"Bellunopress\"},\"image\":{\"@id\":\"https:\\\/\\\/www.bellunopress.it\\\/#\\\/schema\\\/logo\\\/image\\\/\"},\"sameAs\":[\"https:\\\/\\\/www.facebook.com\\\/profile.php?id=100008943462799\",\"https:\\\/\\\/x.com\\\/bellunopress\",\"https:\\\/\\\/www.linkedin.com\\\/hp\\\/?dnr=JBzUWaJfMUw8vbXJJ2tVW5-I3jZKvC4wsoxE&amp;amp;amp;amp;amp;amp;trk=nav_responsive_tab_home\",\"https:\\\/\\\/www.youtube.com\\\/channel\\\/UCxL0wu1uN0_3_7hGG0306cw\"]},{\"@type\":\"Person\",\"@id\":\"https:\\\/\\\/www.bellunopress.it\\\/#\\\/schema\\\/person\\\/79bb06722b37ece1c03d3e94beb30d73\",\"name\":\"redazione\",\"image\":{\"@type\":\"ImageObject\",\"inLanguage\":\"fr-FR\",\"@id\":\"https:\\\/\\\/secure.gravatar.com\\\/avatar\\\/37d968a2e67a6fd04c169c4bdef102d0bc5d31b2546345219e348575eb80e9a0?s=96&d=mm&r=g\",\"url\":\"https:\\\/\\\/secure.gravatar.com\\\/avatar\\\/37d968a2e67a6fd04c169c4bdef102d0bc5d31b2546345219e348575eb80e9a0?s=96&d=mm&r=g\",\"contentUrl\":\"https:\\\/\\\/secure.gravatar.com\\\/avatar\\\/37d968a2e67a6fd04c169c4bdef102d0bc5d31b2546345219e348575eb80e9a0?s=96&d=mm&r=g\",\"caption\":\"redazione\"},\"sameAs\":[\"http:\\\/\\\/www.bellunopress.it\",\"https:\\\/\\\/x.com\\\/bellunopress\"],\"url\":\"https:\\\/\\\/www.bellunopress.it\\\/fr\\\/author\\\/redazione\\\/\"}]}<\/script>\n<!-- \/ Yoast SEO plugin. -->","yoast_head_json":{"title":"Reddito di cittadinanza. Fracasso (PD): \"Il reddito va distribuito con il lavoro. Una misura elettorale segnata da troppa fretta\" - Bellunopress - Dolomiti","robots":{"index":"index","follow":"follow","max-snippet":"max-snippet:-1","max-image-preview":"max-image-preview:large","max-video-preview":"max-video-preview:-1"},"canonical":"https:\/\/www.bellunopress.it\/fr\/2019\/03\/06\/reddito-di-cittadinanza-fracasso-pd-il-reddito-va-distribuito-con-il-lavoro-una-misura-elettorale-segnata-da-troppa-fretta\/","og_locale":"fr_FR","og_type":"article","og_title":"Reddito di cittadinanza. Fracasso (PD): \"Il reddito va distribuito con il lavoro. Una misura elettorale segnata da troppa fretta\" - Bellunopress - Dolomiti","og_description":"Venezia, 6 marzo 2019\u00a0 &#8211;\u00a0 &#8220;Da oggi si pu\u00f2 richiedere il reddito di cittadinanza. Una misura che mescola assistenzialismo, reddito di inclusione &#8211; s\u00ec, proprio il REI del precedente governo, tanto bistrattato &#8211; e politiche per il lavoro. Rimango convinto che il reddito vada distribuito con il lavoro e che sia pericoloso generare aspettative di [&hellip;]","og_url":"https:\/\/www.bellunopress.it\/fr\/2019\/03\/06\/reddito-di-cittadinanza-fracasso-pd-il-reddito-va-distribuito-con-il-lavoro-una-misura-elettorale-segnata-da-troppa-fretta\/","og_site_name":"Bellunopress - Dolomiti","article_publisher":"https:\/\/www.facebook.com\/profile.php?id=100008943462799","article_published_time":"2019-03-06T19:46:59+00:00","og_image":[{"url":"http:\/\/www.bellunopress.it\/wp-content\/uploads\/2017\/01\/Stefano-Fracasso-consigliere-regionale-Pd.jpg","type":"","width":"","height":""}],"author":"redazione","twitter_card":"summary_large_image","twitter_creator":"@bellunopress","twitter_site":"@bellunopress","twitter_misc":{"\u00c9crit par":"redazione","Dur\u00e9e de lecture estim\u00e9e":"1 minute"},"schema":{"@context":"https:\/\/schema.org","@graph":[{"@type":"Article","@id":"https:\/\/www.bellunopress.it\/2019\/03\/06\/reddito-di-cittadinanza-fracasso-pd-il-reddito-va-distribuito-con-il-lavoro-una-misura-elettorale-segnata-da-troppa-fretta\/#article","isPartOf":{"@id":"https:\/\/www.bellunopress.it\/2019\/03\/06\/reddito-di-cittadinanza-fracasso-pd-il-reddito-va-distribuito-con-il-lavoro-una-misura-elettorale-segnata-da-troppa-fretta\/"},"author":{"name":"redazione","@id":"https:\/\/www.bellunopress.it\/#\/schema\/person\/79bb06722b37ece1c03d3e94beb30d73"},"headline":"Reddito di cittadinanza. Fracasso (PD): &#8220;Il reddito va distribuito con il lavoro. Una misura elettorale segnata da troppa fretta&#8221;","datePublished":"2019-03-06T19:46:59+00:00","mainEntityOfPage":{"@id":"https:\/\/www.bellunopress.it\/2019\/03\/06\/reddito-di-cittadinanza-fracasso-pd-il-reddito-va-distribuito-con-il-lavoro-una-misura-elettorale-segnata-da-troppa-fretta\/"},"wordCount":304,"publisher":{"@id":"https:\/\/www.bellunopress.it\/#organization"},"image":{"@id":"https:\/\/www.bellunopress.it\/2019\/03\/06\/reddito-di-cittadinanza-fracasso-pd-il-reddito-va-distribuito-con-il-lavoro-una-misura-elettorale-segnata-da-troppa-fretta\/#primaryimage"},"thumbnailUrl":"http:\/\/www.bellunopress.it\/wp-content\/uploads\/2017\/01\/Stefano-Fracasso-consigliere-regionale-Pd.jpg","articleSection":["Cronaca\/Politica","Lavoro, Economia, Turismo","Prima Pagina"],"inLanguage":"fr-FR"},{"@type":"WebPage","@id":"https:\/\/www.bellunopress.it\/2019\/03\/06\/reddito-di-cittadinanza-fracasso-pd-il-reddito-va-distribuito-con-il-lavoro-una-misura-elettorale-segnata-da-troppa-fretta\/","url":"https:\/\/www.bellunopress.it\/2019\/03\/06\/reddito-di-cittadinanza-fracasso-pd-il-reddito-va-distribuito-con-il-lavoro-una-misura-elettorale-segnata-da-troppa-fretta\/","name":"Reddito di cittadinanza. Fracasso (PD): \"Il reddito va distribuito con il lavoro. Una misura elettorale segnata da troppa fretta\" - Bellunopress - Dolomiti","isPartOf":{"@id":"https:\/\/www.bellunopress.it\/#website"},"primaryImageOfPage":{"@id":"https:\/\/www.bellunopress.it\/2019\/03\/06\/reddito-di-cittadinanza-fracasso-pd-il-reddito-va-distribuito-con-il-lavoro-una-misura-elettorale-segnata-da-troppa-fretta\/#primaryimage"},"image":{"@id":"https:\/\/www.bellunopress.it\/2019\/03\/06\/reddito-di-cittadinanza-fracasso-pd-il-reddito-va-distribuito-con-il-lavoro-una-misura-elettorale-segnata-da-troppa-fretta\/#primaryimage"},"thumbnailUrl":"http:\/\/www.bellunopress.it\/wp-content\/uploads\/2017\/01\/Stefano-Fracasso-consigliere-regionale-Pd.jpg","datePublished":"2019-03-06T19:46:59+00:00","breadcrumb":{"@id":"https:\/\/www.bellunopress.it\/2019\/03\/06\/reddito-di-cittadinanza-fracasso-pd-il-reddito-va-distribuito-con-il-lavoro-una-misura-elettorale-segnata-da-troppa-fretta\/#breadcrumb"},"inLanguage":"fr-FR","potentialAction":[{"@type":"ReadAction","target":["https:\/\/www.bellunopress.it\/2019\/03\/06\/reddito-di-cittadinanza-fracasso-pd-il-reddito-va-distribuito-con-il-lavoro-una-misura-elettorale-segnata-da-troppa-fretta\/"]}]},{"@type":"ImageObject","inLanguage":"fr-FR","@id":"https:\/\/www.bellunopress.it\/2019\/03\/06\/reddito-di-cittadinanza-fracasso-pd-il-reddito-va-distribuito-con-il-lavoro-una-misura-elettorale-segnata-da-troppa-fretta\/#primaryimage","url":"http:\/\/www.bellunopress.it\/wp-content\/uploads\/2017\/01\/Stefano-Fracasso-consigliere-regionale-Pd.jpg","contentUrl":"http:\/\/www.bellunopress.it\/wp-content\/uploads\/2017\/01\/Stefano-Fracasso-consigliere-regionale-Pd.jpg"},{"@type":"BreadcrumbList","@id":"https:\/\/www.bellunopress.it\/2019\/03\/06\/reddito-di-cittadinanza-fracasso-pd-il-reddito-va-distribuito-con-il-lavoro-una-misura-elettorale-segnata-da-troppa-fretta\/#breadcrumb","itemListElement":[{"@type":"ListItem","position":1,"name":"Home","item":"https:\/\/www.bellunopress.it\/"},{"@type":"ListItem","position":2,"name":"Reddito di cittadinanza. Fracasso (PD): &#8220;Il reddito va distribuito con il lavoro. Una misura elettorale segnata da troppa fretta&#8221;"}]},{"@type":"WebSite","@id":"https:\/\/www.bellunopress.it\/#website","url":"https:\/\/www.bellunopress.it\/","name":"Bellunopress - Dolomiti","description":"e-mail: redazione@bellunopress.it","publisher":{"@id":"https:\/\/www.bellunopress.it\/#organization"},"potentialAction":[{"@type":"SearchAction","target":{"@type":"EntryPoint","urlTemplate":"https:\/\/www.bellunopress.it\/?s={search_term_string}"},"query-input":{"@type":"PropertyValueSpecification","valueRequired":true,"valueName":"search_term_string"}}],"inLanguage":"fr-FR"},{"@type":"Organization","@id":"https:\/\/www.bellunopress.it\/#organization","name":"Bellunopress","url":"https:\/\/www.bellunopress.it\/","logo":{"@type":"ImageObject","inLanguage":"fr-FR","@id":"https:\/\/www.bellunopress.it\/#\/schema\/logo\/image\/","url":"https:\/\/www.bellunopress.it\/wp-content\/uploads\/2011\/05\/cropped-logo-bellunopress-.jpg","contentUrl":"https:\/\/www.bellunopress.it\/wp-content\/uploads\/2011\/05\/cropped-logo-bellunopress-.jpg","width":512,"height":512,"caption":"Bellunopress"},"image":{"@id":"https:\/\/www.bellunopress.it\/#\/schema\/logo\/image\/"},"sameAs":["https:\/\/www.facebook.com\/profile.php?id=100008943462799","https:\/\/x.com\/bellunopress","https:\/\/www.linkedin.com\/hp\/?dnr=JBzUWaJfMUw8vbXJJ2tVW5-I3jZKvC4wsoxE&amp;amp;amp;amp;amp;amp;trk=nav_responsive_tab_home","https:\/\/www.youtube.com\/channel\/UCxL0wu1uN0_3_7hGG0306cw"]},{"@type":"Person","@id":"https:\/\/www.bellunopress.it\/#\/schema\/person\/79bb06722b37ece1c03d3e94beb30d73","name":"r\u00e9daction","image":{"@type":"ImageObject","inLanguage":"fr-FR","@id":"https:\/\/secure.gravatar.com\/avatar\/37d968a2e67a6fd04c169c4bdef102d0bc5d31b2546345219e348575eb80e9a0?s=96&d=mm&r=g","url":"https:\/\/secure.gravatar.com\/avatar\/37d968a2e67a6fd04c169c4bdef102d0bc5d31b2546345219e348575eb80e9a0?s=96&d=mm&r=g","contentUrl":"https:\/\/secure.gravatar.com\/avatar\/37d968a2e67a6fd04c169c4bdef102d0bc5d31b2546345219e348575eb80e9a0?s=96&d=mm&r=g","caption":"redazione"},"sameAs":["http:\/\/www.bellunopress.it","https:\/\/x.com\/bellunopress"],"url":"https:\/\/www.bellunopress.it\/fr\/author\/redazione\/"}]}},"_links":{"self":[{"href":"https:\/\/www.bellunopress.it\/fr\/wp-json\/wp\/v2\/posts\/102660","targetHints":{"allow":["GET"]}}],"collection":[{"href":"https:\/\/www.bellunopress.it\/fr\/wp-json\/wp\/v2\/posts"}],"about":[{"href":"https:\/\/www.bellunopress.it\/fr\/wp-json\/wp\/v2\/types\/post"}],"author":[{"embeddable":true,"href":"https:\/\/www.bellunopress.it\/fr\/wp-json\/wp\/v2\/users\/2"}],"replies":[{"embeddable":true,"href":"https:\/\/www.bellunopress.it\/fr\/wp-json\/wp\/v2\/comments?post=102660"}],"version-history":[{"count":1,"href":"https:\/\/www.bellunopress.it\/fr\/wp-json\/wp\/v2\/posts\/102660\/revisions"}],"predecessor-version":[{"id":102661,"href":"https:\/\/www.bellunopress.it\/fr\/wp-json\/wp\/v2\/posts\/102660\/revisions\/102661"}],"wp:attachment":[{"href":"https:\/\/www.bellunopress.it\/fr\/wp-json\/wp\/v2\/media?parent=102660"}],"wp:term":[{"taxonomy":"category","embeddable":true,"href":"https:\/\/www.bellunopress.it\/fr\/wp-json\/wp\/v2\/categories?post=102660"},{"taxonomy":"post_tag","embeddable":true,"href":"https:\/\/www.bellunopress.it\/fr\/wp-json\/wp\/v2\/tags?post=102660"}],"curies":[{"name":"wp","href":"https:\/\/api.w.org\/{rel}","templated":true}]}}