{"id":102654,"date":"2019-03-06T20:32:41","date_gmt":"2019-03-06T19:32:41","guid":{"rendered":"http:\/\/www.bellunopress.it\/?p=102654"},"modified":"2019-03-06T20:32:41","modified_gmt":"2019-03-06T19:32:41","slug":"finanziamenti-europei-dario-bond-lo-sport-e-unoccasione-da-non-perdere-per-la-programmazione-dei-fondi-strutturali-2021-2027","status":"publish","type":"post","link":"https:\/\/www.bellunopress.it\/fr\/2019\/03\/06\/finanziamenti-europei-dario-bond-lo-sport-e-unoccasione-da-non-perdere-per-la-programmazione-dei-fondi-strutturali-2021-2027\/","title":{"rendered":"Finanziamenti europei. Dario Bond: &#8220;Lo sport \u00e8 un&#8217;occasione da non perdere per la programmazione dei Fondi strutturali 2021-2027&#8221;"},"content":{"rendered":"<p><a href=\"http:\/\/www.bellunopress.it\/fr\/2018\/10\/07\/agricoltura-bond-proposta-di-legge-disattesa-dal-governo-per-istituire-il-ministero-del-cibo\/dario-bond-4\/\" rel=\"attachment wp-att-98465\"><img loading=\"lazy\" decoding=\"async\" class=\"alignleft size-full wp-image-98465\" src=\"http:\/\/www.bellunopress.it\/wp-content\/uploads\/2018\/10\/Dario-Bond.jpg\" alt=\"\" width=\"239\" height=\"290\" \/><\/a>\u201cAvviamo oggi la programmazione sportiva dei prossimi anni. Le attivit\u00e0 dello sport avranno una programmazione all\u2019interno degli assi di finanziamento europeo. Questo consentir\u00e0 ai nostri territori non solo di avere maggiori possibilit\u00e0, anche di sponsorizzazione, per l\u2019organizzazione degli eventi sportivi, ma anche di poter progettare<br \/>\nstrutture e lavorare in sinergia con le associazioni\u201d.<\/p>\n<p>\u00c8 quanto afferma il deputato di Forza Italia Dario Bond, a margine dell\u2019incontro \u201cInserire lo sport nel programma di lavoro dell\u2019Ue 2021-2027 &#8211; Una roadmap per l\u2019Italia\u201d, svoltosi ieri a Montecitorio.<br \/>\nDario Bond, tra i promotori dell\u2019incontro, vede positivamente l\u2019inserimento dello sport nella programmazione dei fondi strutturali europei. \u201cLo sport \u00e8 una leva importantissima per il turismo, la cultura, la sanit\u00e0, il benessere della persona e la conoscenza dei territori\u201d, afferma Dario Bond. \u201cSu questo tema c\u2019\u00e8 la convergenza di tutti i portatori di interesse, dal Coni al governo. Proprio per questo \u00e8 importante porre subito le basi per la programmazione, anche<br \/>\nse da qui al 2021 c\u2019\u00e8 tempo. Serve la sensibilizzazione giusta, dato che abbiamo davanti la possibilit\u00e0 di trovare finanziamenti strutturali per gli eventi e le manifestazioni sportive, per le strutture, anche in collegamento con il mondo dell\u2019handicap e dell\u2019associazionismo.<\/p>\n<p>Sono sicuro\u00a0 &#8211; conclude l&#8217;onorevole Bond &#8211; che questa \u00e8 la strada giusta per trovare i canali importanti di collaborazione, con ricadute positive, anche a livello economico, sul nostro territorio, provinciale e regionale\u201d.<\/p>","protected":false},"excerpt":{"rendered":"<p>\u201cAvviamo oggi la programmazione sportiva dei prossimi anni. Le attivit\u00e0 dello sport avranno una programmazione all\u2019interno degli assi di finanziamento europeo. Questo consentir\u00e0 ai nostri territori non solo di avere maggiori possibilit\u00e0, anche di sponsorizzazione, per l\u2019organizzazione degli eventi sportivi, ma anche di poter progettare strutture e lavorare in sinergia con le associazioni\u201d. \u00c8 quanto [&hellip;]<\/p>\n","protected":false},"author":2,"featured_media":0,"comment_status":"closed","ping_status":"open","sticky":false,"template":"","format":"standard","meta":{"footnotes":""},"categories":[5,26],"tags":[],"class_list":["post-102654","post","type-post","status-publish","format-standard","category-cronaca","category-prima-pagina"],"yoast_head":"<!-- This site is optimized with the Yoast SEO plugin v28.4 - https:\/\/yoast.com\/product\/yoast-seo-wordpress\/ -->\n<title>Finanziamenti europei. Dario Bond: &quot;Lo sport \u00e8 un&#039;occasione da non perdere per la programmazione dei Fondi strutturali 2021-2027&quot; - Bellunopress - Dolomiti<\/title>\n<meta name=\"robots\" content=\"index, follow, max-snippet:-1, max-image-preview:large, max-video-preview:-1\" \/>\n<link rel=\"canonical\" href=\"https:\/\/www.bellunopress.it\/fr\/2019\/03\/06\/finanziamenti-europei-dario-bond-lo-sport-e-unoccasione-da-non-perdere-per-la-programmazione-dei-fondi-strutturali-2021-2027\/\" \/>\n<meta property=\"og:locale\" content=\"fr_FR\" \/>\n<meta property=\"og:type\" content=\"article\" \/>\n<meta property=\"og:title\" content=\"Finanziamenti europei. Dario Bond: &quot;Lo sport \u00e8 un&#039;occasione da non perdere per la programmazione dei Fondi strutturali 2021-2027&quot; - Bellunopress - Dolomiti\" \/>\n<meta property=\"og:description\" content=\"\u201cAvviamo oggi la programmazione sportiva dei prossimi anni. Le attivit\u00e0 dello sport avranno una programmazione all\u2019interno degli assi di finanziamento europeo. Questo consentir\u00e0 ai nostri territori non solo di avere maggiori possibilit\u00e0, anche di sponsorizzazione, per l\u2019organizzazione degli eventi sportivi, ma anche di poter progettare strutture e lavorare in sinergia con le associazioni\u201d. \u00c8 quanto [&hellip;]\" \/>\n<meta property=\"og:url\" content=\"https:\/\/www.bellunopress.it\/fr\/2019\/03\/06\/finanziamenti-europei-dario-bond-lo-sport-e-unoccasione-da-non-perdere-per-la-programmazione-dei-fondi-strutturali-2021-2027\/\" \/>\n<meta property=\"og:site_name\" content=\"Bellunopress - Dolomiti\" \/>\n<meta property=\"article:publisher\" content=\"https:\/\/www.facebook.com\/profile.php?id=100008943462799\" \/>\n<meta property=\"article:published_time\" content=\"2019-03-06T19:32:41+00:00\" \/>\n<meta property=\"og:image\" content=\"http:\/\/www.bellunopress.it\/wp-content\/uploads\/2018\/10\/Dario-Bond.jpg\" \/>\n<meta name=\"author\" content=\"redazione\" \/>\n<meta name=\"twitter:card\" content=\"summary_large_image\" \/>\n<meta name=\"twitter:creator\" content=\"@bellunopress\" \/>\n<meta name=\"twitter:site\" content=\"@bellunopress\" \/>\n<meta name=\"twitter:label1\" content=\"\u00c9crit par\" \/>\n\t<meta name=\"twitter:data1\" content=\"redazione\" \/>\n\t<meta name=\"twitter:label2\" content=\"Dur\u00e9e de lecture estim\u00e9e\" \/>\n\t<meta name=\"twitter:data2\" content=\"1 minute\" \/>\n<script type=\"application\/ld+json\" class=\"yoast-schema-graph\">{\"@context\":\"https:\\\/\\\/schema.org\",\"@graph\":[{\"@type\":\"Article\",\"@id\":\"https:\\\/\\\/www.bellunopress.it\\\/2019\\\/03\\\/06\\\/finanziamenti-europei-dario-bond-lo-sport-e-unoccasione-da-non-perdere-per-la-programmazione-dei-fondi-strutturali-2021-2027\\\/#article\",\"isPartOf\":{\"@id\":\"https:\\\/\\\/www.bellunopress.it\\\/2019\\\/03\\\/06\\\/finanziamenti-europei-dario-bond-lo-sport-e-unoccasione-da-non-perdere-per-la-programmazione-dei-fondi-strutturali-2021-2027\\\/\"},\"author\":{\"name\":\"redazione\",\"@id\":\"https:\\\/\\\/www.bellunopress.it\\\/#\\\/schema\\\/person\\\/79bb06722b37ece1c03d3e94beb30d73\"},\"headline\":\"Finanziamenti europei. Dario Bond: &#8220;Lo sport \u00e8 un&#8217;occasione da non perdere per la programmazione dei Fondi strutturali 2021-2027&#8221;\",\"datePublished\":\"2019-03-06T19:32:41+00:00\",\"mainEntityOfPage\":{\"@id\":\"https:\\\/\\\/www.bellunopress.it\\\/2019\\\/03\\\/06\\\/finanziamenti-europei-dario-bond-lo-sport-e-unoccasione-da-non-perdere-per-la-programmazione-dei-fondi-strutturali-2021-2027\\\/\"},\"wordCount\":251,\"publisher\":{\"@id\":\"https:\\\/\\\/www.bellunopress.it\\\/#organization\"},\"image\":{\"@id\":\"https:\\\/\\\/www.bellunopress.it\\\/2019\\\/03\\\/06\\\/finanziamenti-europei-dario-bond-lo-sport-e-unoccasione-da-non-perdere-per-la-programmazione-dei-fondi-strutturali-2021-2027\\\/#primaryimage\"},\"thumbnailUrl\":\"http:\\\/\\\/www.bellunopress.it\\\/wp-content\\\/uploads\\\/2018\\\/10\\\/Dario-Bond.jpg\",\"articleSection\":[\"Cronaca\\\/Politica\",\"Prima Pagina\"],\"inLanguage\":\"fr-FR\"},{\"@type\":\"WebPage\",\"@id\":\"https:\\\/\\\/www.bellunopress.it\\\/2019\\\/03\\\/06\\\/finanziamenti-europei-dario-bond-lo-sport-e-unoccasione-da-non-perdere-per-la-programmazione-dei-fondi-strutturali-2021-2027\\\/\",\"url\":\"https:\\\/\\\/www.bellunopress.it\\\/2019\\\/03\\\/06\\\/finanziamenti-europei-dario-bond-lo-sport-e-unoccasione-da-non-perdere-per-la-programmazione-dei-fondi-strutturali-2021-2027\\\/\",\"name\":\"Finanziamenti europei. Dario Bond: \\\"Lo sport \u00e8 un'occasione da non perdere per la programmazione dei Fondi strutturali 2021-2027\\\" - Bellunopress - Dolomiti\",\"isPartOf\":{\"@id\":\"https:\\\/\\\/www.bellunopress.it\\\/#website\"},\"primaryImageOfPage\":{\"@id\":\"https:\\\/\\\/www.bellunopress.it\\\/2019\\\/03\\\/06\\\/finanziamenti-europei-dario-bond-lo-sport-e-unoccasione-da-non-perdere-per-la-programmazione-dei-fondi-strutturali-2021-2027\\\/#primaryimage\"},\"image\":{\"@id\":\"https:\\\/\\\/www.bellunopress.it\\\/2019\\\/03\\\/06\\\/finanziamenti-europei-dario-bond-lo-sport-e-unoccasione-da-non-perdere-per-la-programmazione-dei-fondi-strutturali-2021-2027\\\/#primaryimage\"},\"thumbnailUrl\":\"http:\\\/\\\/www.bellunopress.it\\\/wp-content\\\/uploads\\\/2018\\\/10\\\/Dario-Bond.jpg\",\"datePublished\":\"2019-03-06T19:32:41+00:00\",\"breadcrumb\":{\"@id\":\"https:\\\/\\\/www.bellunopress.it\\\/2019\\\/03\\\/06\\\/finanziamenti-europei-dario-bond-lo-sport-e-unoccasione-da-non-perdere-per-la-programmazione-dei-fondi-strutturali-2021-2027\\\/#breadcrumb\"},\"inLanguage\":\"fr-FR\",\"potentialAction\":[{\"@type\":\"ReadAction\",\"target\":[\"https:\\\/\\\/www.bellunopress.it\\\/2019\\\/03\\\/06\\\/finanziamenti-europei-dario-bond-lo-sport-e-unoccasione-da-non-perdere-per-la-programmazione-dei-fondi-strutturali-2021-2027\\\/\"]}]},{\"@type\":\"ImageObject\",\"inLanguage\":\"fr-FR\",\"@id\":\"https:\\\/\\\/www.bellunopress.it\\\/2019\\\/03\\\/06\\\/finanziamenti-europei-dario-bond-lo-sport-e-unoccasione-da-non-perdere-per-la-programmazione-dei-fondi-strutturali-2021-2027\\\/#primaryimage\",\"url\":\"http:\\\/\\\/www.bellunopress.it\\\/wp-content\\\/uploads\\\/2018\\\/10\\\/Dario-Bond.jpg\",\"contentUrl\":\"http:\\\/\\\/www.bellunopress.it\\\/wp-content\\\/uploads\\\/2018\\\/10\\\/Dario-Bond.jpg\"},{\"@type\":\"BreadcrumbList\",\"@id\":\"https:\\\/\\\/www.bellunopress.it\\\/2019\\\/03\\\/06\\\/finanziamenti-europei-dario-bond-lo-sport-e-unoccasione-da-non-perdere-per-la-programmazione-dei-fondi-strutturali-2021-2027\\\/#breadcrumb\",\"itemListElement\":[{\"@type\":\"ListItem\",\"position\":1,\"name\":\"Home\",\"item\":\"https:\\\/\\\/www.bellunopress.it\\\/\"},{\"@type\":\"ListItem\",\"position\":2,\"name\":\"Finanziamenti europei. Dario Bond: &#8220;Lo sport \u00e8 un&#8217;occasione da non perdere per la programmazione dei Fondi strutturali 2021-2027&#8221;\"}]},{\"@type\":\"WebSite\",\"@id\":\"https:\\\/\\\/www.bellunopress.it\\\/#website\",\"url\":\"https:\\\/\\\/www.bellunopress.it\\\/\",\"name\":\"Bellunopress - Dolomiti\",\"description\":\"e-mail: redazione@bellunopress.it\",\"publisher\":{\"@id\":\"https:\\\/\\\/www.bellunopress.it\\\/#organization\"},\"potentialAction\":[{\"@type\":\"SearchAction\",\"target\":{\"@type\":\"EntryPoint\",\"urlTemplate\":\"https:\\\/\\\/www.bellunopress.it\\\/?s={search_term_string}\"},\"query-input\":{\"@type\":\"PropertyValueSpecification\",\"valueRequired\":true,\"valueName\":\"search_term_string\"}}],\"inLanguage\":\"fr-FR\"},{\"@type\":\"Organization\",\"@id\":\"https:\\\/\\\/www.bellunopress.it\\\/#organization\",\"name\":\"Bellunopress\",\"url\":\"https:\\\/\\\/www.bellunopress.it\\\/\",\"logo\":{\"@type\":\"ImageObject\",\"inLanguage\":\"fr-FR\",\"@id\":\"https:\\\/\\\/www.bellunopress.it\\\/#\\\/schema\\\/logo\\\/image\\\/\",\"url\":\"https:\\\/\\\/www.bellunopress.it\\\/wp-content\\\/uploads\\\/2011\\\/05\\\/cropped-logo-bellunopress-.jpg\",\"contentUrl\":\"https:\\\/\\\/www.bellunopress.it\\\/wp-content\\\/uploads\\\/2011\\\/05\\\/cropped-logo-bellunopress-.jpg\",\"width\":512,\"height\":512,\"caption\":\"Bellunopress\"},\"image\":{\"@id\":\"https:\\\/\\\/www.bellunopress.it\\\/#\\\/schema\\\/logo\\\/image\\\/\"},\"sameAs\":[\"https:\\\/\\\/www.facebook.com\\\/profile.php?id=100008943462799\",\"https:\\\/\\\/x.com\\\/bellunopress\",\"https:\\\/\\\/www.linkedin.com\\\/hp\\\/?dnr=JBzUWaJfMUw8vbXJJ2tVW5-I3jZKvC4wsoxE&amp;amp;amp;amp;amp;amp;trk=nav_responsive_tab_home\",\"https:\\\/\\\/www.youtube.com\\\/channel\\\/UCxL0wu1uN0_3_7hGG0306cw\"]},{\"@type\":\"Person\",\"@id\":\"https:\\\/\\\/www.bellunopress.it\\\/#\\\/schema\\\/person\\\/79bb06722b37ece1c03d3e94beb30d73\",\"name\":\"redazione\",\"image\":{\"@type\":\"ImageObject\",\"inLanguage\":\"fr-FR\",\"@id\":\"https:\\\/\\\/secure.gravatar.com\\\/avatar\\\/37d968a2e67a6fd04c169c4bdef102d0bc5d31b2546345219e348575eb80e9a0?s=96&d=mm&r=g\",\"url\":\"https:\\\/\\\/secure.gravatar.com\\\/avatar\\\/37d968a2e67a6fd04c169c4bdef102d0bc5d31b2546345219e348575eb80e9a0?s=96&d=mm&r=g\",\"contentUrl\":\"https:\\\/\\\/secure.gravatar.com\\\/avatar\\\/37d968a2e67a6fd04c169c4bdef102d0bc5d31b2546345219e348575eb80e9a0?s=96&d=mm&r=g\",\"caption\":\"redazione\"},\"sameAs\":[\"http:\\\/\\\/www.bellunopress.it\",\"https:\\\/\\\/x.com\\\/bellunopress\"],\"url\":\"https:\\\/\\\/www.bellunopress.it\\\/fr\\\/author\\\/redazione\\\/\"}]}<\/script>\n<!-- \/ Yoast SEO plugin. -->","yoast_head_json":{"title":"Finanziamenti europei. Dario Bond: \"Lo sport \u00e8 un'occasione da non perdere per la programmazione dei Fondi strutturali 2021-2027\" - Bellunopress - Dolomiti","robots":{"index":"index","follow":"follow","max-snippet":"max-snippet:-1","max-image-preview":"max-image-preview:large","max-video-preview":"max-video-preview:-1"},"canonical":"https:\/\/www.bellunopress.it\/fr\/2019\/03\/06\/finanziamenti-europei-dario-bond-lo-sport-e-unoccasione-da-non-perdere-per-la-programmazione-dei-fondi-strutturali-2021-2027\/","og_locale":"fr_FR","og_type":"article","og_title":"Finanziamenti europei. Dario Bond: \"Lo sport \u00e8 un'occasione da non perdere per la programmazione dei Fondi strutturali 2021-2027\" - Bellunopress - Dolomiti","og_description":"\u201cAvviamo oggi la programmazione sportiva dei prossimi anni. Le attivit\u00e0 dello sport avranno una programmazione all\u2019interno degli assi di finanziamento europeo. Questo consentir\u00e0 ai nostri territori non solo di avere maggiori possibilit\u00e0, anche di sponsorizzazione, per l\u2019organizzazione degli eventi sportivi, ma anche di poter progettare strutture e lavorare in sinergia con le associazioni\u201d. \u00c8 quanto [&hellip;]","og_url":"https:\/\/www.bellunopress.it\/fr\/2019\/03\/06\/finanziamenti-europei-dario-bond-lo-sport-e-unoccasione-da-non-perdere-per-la-programmazione-dei-fondi-strutturali-2021-2027\/","og_site_name":"Bellunopress - Dolomiti","article_publisher":"https:\/\/www.facebook.com\/profile.php?id=100008943462799","article_published_time":"2019-03-06T19:32:41+00:00","og_image":[{"url":"http:\/\/www.bellunopress.it\/wp-content\/uploads\/2018\/10\/Dario-Bond.jpg","type":"","width":"","height":""}],"author":"redazione","twitter_card":"summary_large_image","twitter_creator":"@bellunopress","twitter_site":"@bellunopress","twitter_misc":{"\u00c9crit par":"redazione","Dur\u00e9e de lecture estim\u00e9e":"1 minute"},"schema":{"@context":"https:\/\/schema.org","@graph":[{"@type":"Article","@id":"https:\/\/www.bellunopress.it\/2019\/03\/06\/finanziamenti-europei-dario-bond-lo-sport-e-unoccasione-da-non-perdere-per-la-programmazione-dei-fondi-strutturali-2021-2027\/#article","isPartOf":{"@id":"https:\/\/www.bellunopress.it\/2019\/03\/06\/finanziamenti-europei-dario-bond-lo-sport-e-unoccasione-da-non-perdere-per-la-programmazione-dei-fondi-strutturali-2021-2027\/"},"author":{"name":"redazione","@id":"https:\/\/www.bellunopress.it\/#\/schema\/person\/79bb06722b37ece1c03d3e94beb30d73"},"headline":"Finanziamenti europei. Dario Bond: &#8220;Lo sport \u00e8 un&#8217;occasione da non perdere per la programmazione dei Fondi strutturali 2021-2027&#8221;","datePublished":"2019-03-06T19:32:41+00:00","mainEntityOfPage":{"@id":"https:\/\/www.bellunopress.it\/2019\/03\/06\/finanziamenti-europei-dario-bond-lo-sport-e-unoccasione-da-non-perdere-per-la-programmazione-dei-fondi-strutturali-2021-2027\/"},"wordCount":251,"publisher":{"@id":"https:\/\/www.bellunopress.it\/#organization"},"image":{"@id":"https:\/\/www.bellunopress.it\/2019\/03\/06\/finanziamenti-europei-dario-bond-lo-sport-e-unoccasione-da-non-perdere-per-la-programmazione-dei-fondi-strutturali-2021-2027\/#primaryimage"},"thumbnailUrl":"http:\/\/www.bellunopress.it\/wp-content\/uploads\/2018\/10\/Dario-Bond.jpg","articleSection":["Cronaca\/Politica","Prima Pagina"],"inLanguage":"fr-FR"},{"@type":"WebPage","@id":"https:\/\/www.bellunopress.it\/2019\/03\/06\/finanziamenti-europei-dario-bond-lo-sport-e-unoccasione-da-non-perdere-per-la-programmazione-dei-fondi-strutturali-2021-2027\/","url":"https:\/\/www.bellunopress.it\/2019\/03\/06\/finanziamenti-europei-dario-bond-lo-sport-e-unoccasione-da-non-perdere-per-la-programmazione-dei-fondi-strutturali-2021-2027\/","name":"Finanziamenti europei. Dario Bond: \"Lo sport \u00e8 un'occasione da non perdere per la programmazione dei Fondi strutturali 2021-2027\" - Bellunopress - Dolomiti","isPartOf":{"@id":"https:\/\/www.bellunopress.it\/#website"},"primaryImageOfPage":{"@id":"https:\/\/www.bellunopress.it\/2019\/03\/06\/finanziamenti-europei-dario-bond-lo-sport-e-unoccasione-da-non-perdere-per-la-programmazione-dei-fondi-strutturali-2021-2027\/#primaryimage"},"image":{"@id":"https:\/\/www.bellunopress.it\/2019\/03\/06\/finanziamenti-europei-dario-bond-lo-sport-e-unoccasione-da-non-perdere-per-la-programmazione-dei-fondi-strutturali-2021-2027\/#primaryimage"},"thumbnailUrl":"http:\/\/www.bellunopress.it\/wp-content\/uploads\/2018\/10\/Dario-Bond.jpg","datePublished":"2019-03-06T19:32:41+00:00","breadcrumb":{"@id":"https:\/\/www.bellunopress.it\/2019\/03\/06\/finanziamenti-europei-dario-bond-lo-sport-e-unoccasione-da-non-perdere-per-la-programmazione-dei-fondi-strutturali-2021-2027\/#breadcrumb"},"inLanguage":"fr-FR","potentialAction":[{"@type":"ReadAction","target":["https:\/\/www.bellunopress.it\/2019\/03\/06\/finanziamenti-europei-dario-bond-lo-sport-e-unoccasione-da-non-perdere-per-la-programmazione-dei-fondi-strutturali-2021-2027\/"]}]},{"@type":"ImageObject","inLanguage":"fr-FR","@id":"https:\/\/www.bellunopress.it\/2019\/03\/06\/finanziamenti-europei-dario-bond-lo-sport-e-unoccasione-da-non-perdere-per-la-programmazione-dei-fondi-strutturali-2021-2027\/#primaryimage","url":"http:\/\/www.bellunopress.it\/wp-content\/uploads\/2018\/10\/Dario-Bond.jpg","contentUrl":"http:\/\/www.bellunopress.it\/wp-content\/uploads\/2018\/10\/Dario-Bond.jpg"},{"@type":"BreadcrumbList","@id":"https:\/\/www.bellunopress.it\/2019\/03\/06\/finanziamenti-europei-dario-bond-lo-sport-e-unoccasione-da-non-perdere-per-la-programmazione-dei-fondi-strutturali-2021-2027\/#breadcrumb","itemListElement":[{"@type":"ListItem","position":1,"name":"Home","item":"https:\/\/www.bellunopress.it\/"},{"@type":"ListItem","position":2,"name":"Finanziamenti europei. Dario Bond: &#8220;Lo sport \u00e8 un&#8217;occasione da non perdere per la programmazione dei Fondi strutturali 2021-2027&#8221;"}]},{"@type":"WebSite","@id":"https:\/\/www.bellunopress.it\/#website","url":"https:\/\/www.bellunopress.it\/","name":"Bellunopress - Dolomiti","description":"e-mail: redazione@bellunopress.it","publisher":{"@id":"https:\/\/www.bellunopress.it\/#organization"},"potentialAction":[{"@type":"SearchAction","target":{"@type":"EntryPoint","urlTemplate":"https:\/\/www.bellunopress.it\/?s={search_term_string}"},"query-input":{"@type":"PropertyValueSpecification","valueRequired":true,"valueName":"search_term_string"}}],"inLanguage":"fr-FR"},{"@type":"Organization","@id":"https:\/\/www.bellunopress.it\/#organization","name":"Bellunopress","url":"https:\/\/www.bellunopress.it\/","logo":{"@type":"ImageObject","inLanguage":"fr-FR","@id":"https:\/\/www.bellunopress.it\/#\/schema\/logo\/image\/","url":"https:\/\/www.bellunopress.it\/wp-content\/uploads\/2011\/05\/cropped-logo-bellunopress-.jpg","contentUrl":"https:\/\/www.bellunopress.it\/wp-content\/uploads\/2011\/05\/cropped-logo-bellunopress-.jpg","width":512,"height":512,"caption":"Bellunopress"},"image":{"@id":"https:\/\/www.bellunopress.it\/#\/schema\/logo\/image\/"},"sameAs":["https:\/\/www.facebook.com\/profile.php?id=100008943462799","https:\/\/x.com\/bellunopress","https:\/\/www.linkedin.com\/hp\/?dnr=JBzUWaJfMUw8vbXJJ2tVW5-I3jZKvC4wsoxE&amp;amp;amp;amp;amp;amp;trk=nav_responsive_tab_home","https:\/\/www.youtube.com\/channel\/UCxL0wu1uN0_3_7hGG0306cw"]},{"@type":"Person","@id":"https:\/\/www.bellunopress.it\/#\/schema\/person\/79bb06722b37ece1c03d3e94beb30d73","name":"r\u00e9daction","image":{"@type":"ImageObject","inLanguage":"fr-FR","@id":"https:\/\/secure.gravatar.com\/avatar\/37d968a2e67a6fd04c169c4bdef102d0bc5d31b2546345219e348575eb80e9a0?s=96&d=mm&r=g","url":"https:\/\/secure.gravatar.com\/avatar\/37d968a2e67a6fd04c169c4bdef102d0bc5d31b2546345219e348575eb80e9a0?s=96&d=mm&r=g","contentUrl":"https:\/\/secure.gravatar.com\/avatar\/37d968a2e67a6fd04c169c4bdef102d0bc5d31b2546345219e348575eb80e9a0?s=96&d=mm&r=g","caption":"redazione"},"sameAs":["http:\/\/www.bellunopress.it","https:\/\/x.com\/bellunopress"],"url":"https:\/\/www.bellunopress.it\/fr\/author\/redazione\/"}]}},"_links":{"self":[{"href":"https:\/\/www.bellunopress.it\/fr\/wp-json\/wp\/v2\/posts\/102654","targetHints":{"allow":["GET"]}}],"collection":[{"href":"https:\/\/www.bellunopress.it\/fr\/wp-json\/wp\/v2\/posts"}],"about":[{"href":"https:\/\/www.bellunopress.it\/fr\/wp-json\/wp\/v2\/types\/post"}],"author":[{"embeddable":true,"href":"https:\/\/www.bellunopress.it\/fr\/wp-json\/wp\/v2\/users\/2"}],"replies":[{"embeddable":true,"href":"https:\/\/www.bellunopress.it\/fr\/wp-json\/wp\/v2\/comments?post=102654"}],"version-history":[{"count":1,"href":"https:\/\/www.bellunopress.it\/fr\/wp-json\/wp\/v2\/posts\/102654\/revisions"}],"predecessor-version":[{"id":102655,"href":"https:\/\/www.bellunopress.it\/fr\/wp-json\/wp\/v2\/posts\/102654\/revisions\/102655"}],"wp:attachment":[{"href":"https:\/\/www.bellunopress.it\/fr\/wp-json\/wp\/v2\/media?parent=102654"}],"wp:term":[{"taxonomy":"category","embeddable":true,"href":"https:\/\/www.bellunopress.it\/fr\/wp-json\/wp\/v2\/categories?post=102654"},{"taxonomy":"post_tag","embeddable":true,"href":"https:\/\/www.bellunopress.it\/fr\/wp-json\/wp\/v2\/tags?post=102654"}],"curies":[{"name":"wp","href":"https:\/\/api.w.org\/{rel}","templated":true}]}}