{"id":102616,"date":"2019-03-05T20:46:20","date_gmt":"2019-03-05T19:46:20","guid":{"rendered":"http:\/\/www.bellunopress.it\/?p=102616"},"modified":"2019-03-06T20:05:05","modified_gmt":"2019-03-06T19:05:05","slug":"lautonomia-farlocca-dopo-lo-spreco-di-denaro-la-beffa-della-perdita-di-tempo-lapprofondimento-di-enzo-de-biasi","status":"publish","type":"post","link":"https:\/\/www.bellunopress.it\/fr\/2019\/03\/05\/lautonomia-farlocca-dopo-lo-spreco-di-denaro-la-beffa-della-perdita-di-tempo-lapprofondimento-di-enzo-de-biasi\/","title":{"rendered":"L\u2019Autonomia farlocca: dopo lo spreco di denaro la beffa della perdita di tempo * l&#8217;approfondimento di Enzo De Biasi"},"content":{"rendered":"<figure id=\"attachment_90703\" aria-describedby=\"caption-attachment-90703\" style=\"width: 234px\" class=\"wp-caption alignleft\"><a href=\"http:\/\/www.bellunopress.it\/fr\/2017\/11\/12\/la-consulta-delle-autonomie-the-show-must-go-on\/enzo-de-biasi-presidente-riscossa-civica-veneta\/\" rel=\"attachment wp-att-90703\"><img loading=\"lazy\" decoding=\"async\" class=\"size-full wp-image-90703\" src=\"http:\/\/www.bellunopress.it\/wp-content\/uploads\/2017\/11\/Enzo-De-Biasi-presidente-Riscossa-civica-veneta.png\" alt=\"\" width=\"234\" height=\"290\" \/><\/a><figcaption id=\"caption-attachment-90703\" class=\"wp-caption-text\">Enzo De Biasi<\/figcaption><\/figure>\n<p>Il 23 ottobre 2017, a risultato referendario acquisito con un 57% che aveva partecipato al voto ed un 45% che aveva disertato le urne oppure si era mosso da casa per votare no, non proprio un plebiscito comunque costato per le casse regionali ben 14 milioni di euro, l\u2019intera casta dei \u201cpi\u00f9 tanti e di quelli che contano di pi\u00f9\u201d, leggevano con contentezza gli inebrianti titoli della carta stampata tipo \u201c Il Venetismo potente realt\u00e0 delle fantasia\u201d oppure \u201c Non ci sono pi\u00f9 alibi, n\u00e9 per il Governo n\u00e9 per il Veneto\u201d.<\/p>\n<p>A 17 mesi dall\u2019interpello al popolo, pardon il \u201csondaggio formalizzato\u201d cos\u00ec battezzato dalla difesa regionale per uno dei 6 (sei) referendum sottoposti alla Corte Costituzionale che ne cass\u00f2 ben 5 (cinque), si \u00e8 rilevato quello che \u00e8 sempre stato; un\u2019abile mossa propagandistica della Lega, supinamente e\/o stupidamente assecondata dalle inette minoranze sedute in Consiglio Regionale.\u00a0L\u2019operazione \u00e8 servita unicamente a Zaia e soci, per passare all\u2019incasso di ulteriori consensi nella successiva chiamata alle urne tenutasi in marzo 2018.<\/p>\n<p>Ora, incamerato il successo con un numero cospicuo di rappresentanti eletti a Roma e date per scontate le famose 23 materie del rafforzamento locale, era da aspettarsi una fulminea partenza ed un altrettanto arrivo in volata sul traguardo dell\u2019\u201cautonomia \u201c, in perfetta sintonia con lo slogan \u201cprima il Veneto, anzi! Il Veneto \u00e8 arrivato primo\u201d. La realt\u00e0, non le fanfaronate raccontate da e per anni soprattutto dalla Lega, sono state ampiamente convalidate dalla nullit\u00e0 dei risultati accertati. Le ragioni sono molteplici e non dipendono da un destino cinico e baro, tutt\u2019altro, sono frutto della scarsa intelligenza e lungimiranza della governance istituzionale nell\u2019affrontare la complessit\u00e0 del problema che si trova di fronte.<\/p>\n<p>Ad esempio, non aver inseguito fin dall\u2019inizio della vicenda &#8211; ossia nel 2015 &#8211; alleanze includenti le regioni del sud pari grado, obiettivo che resta tutto da cogliere, \u00e8 stato e rimane un pesante ostacolo sulla via per raggiungere il traguardo auspicato e condiviso, anche da chi sottolinea l\u2019avvenuto sperpero di risorse pubbliche. Del resto, il fatto che l\u2019accordo Regione Veneto &#8211; Stato debba essere approvato dalla maggioranza assoluta dei componenti di entrambe le Camere sta scritto in Costituzione fin dal 2001, il referendum consultivo ha rappresentato un giro di valzer in pi\u00f9 del necessario.<\/p>\n<p>Si poteva procedere anche senza referendum?<\/p>\n<p>Certo che s\u00ec, la prova provata \u00e8 l\u2019Emilia-Romagna che senza buttar via i soldi dei contribuenti, sta nelle nostre medesime posizioni, viceversa la Lombardia che ha voluto, spendendo circa 23 milioni di euro sentire il popolo, ha raccolto un\u2019adesione modesta nella consultazione referendaria, pari al 38%. La regione pi\u00f9 ricca del Paese aveva (ha) meno voglia di diventare pi\u00f9 autonoma da Roma? Certo che no, probabilmente i cittadini lombardi non presentandosi ai seggi, pragmaticamente hanno inviato un messaggio forte e chiaro al loro Governatore; fai quel che devi, non serve che te lo dica due volte dopo averti votato non pi\u00f9 tardi di due anni fa, il referendum ebbe luogo nel 2017, le elezioni regionali nel 2015.<\/p>\n<p>Nel Veneto, imperante la Lega che da vent\u2019anni mena la stessa pasta e fagioli nel pentolone del \u201cvenetismo ed affiliati\u201d non dissimile dalle \u201cmagnifiche sorti e progressiste della classe lavoratrice incardinate nell\u2019URSS\u201d crollate -per fortuna &#8211; con il muro di Berlino nel 1989, la confusione rimestata ad arte tra, indipendentismo. federalismo ed autonomismo regionale, con l\u2019immancabile condimento del \u201cvogliamo indietro i nostri schei\u201d, regna sovrana.<\/p>\n<p>Ineccepibile dal loro punto di vista, la richiesta recente degli indipendentisti veneti in rivolta, in primis, contro Luca Zaia. La loro domanda \u00e8 schietta e va diritta al cuore della questione \u201cAutonomia entro primavera o referendum per l\u2019indipendenza del Veneto\u2026 il quadro delle risorse deve essere definitivo ed aggiuntivo\u201d La Lega, partner di peso a Roma e leader in assoluto a Palazzo Balbi, non \u00e8 in grado di aggiungere alcunch\u00e9 alla dote gi\u00e0 prefissata &#8211; in prima battuta &#8211; con il criterio della spesa storica. La stagione primaverile terminer\u00e0 il 20 di giugno, probabile che al combattivo Antonio Guadagnin non resti che salire sulle barricate e ri-lanciare il suo progetto di legge nr. 154 del 7 giugno 2016, conoscendo &#8211; in anteprima &#8211; che il quesito referendario \u201c, &#8220;Vuoi che il Veneto sia uno Stato indipendente e sovrano? S\u00ec o No?&#8221; sar\u00e0 bocciato dalla Corte Costituzionale cos\u00ec come accadde nel 2015.<\/p>\n<p>Dal 2016 ad oggi, il sig. Governatore cosa ha fatto per sanzionare politicamente i venetisti che lo sostengono? Per caso, ha speso il suo prezioso tempo per spiegare e motivare deputati e senatori del meridione cos\u00ec da convincerli a dare il loro assenso al nuovo patto Centro-Periferia? Se invece, si fida unicamente del trio: Giuseppe Conte, Luigi Di Maio e Matteo Salvini merita davvero applausi a scena aperta!<br \/>\nNondimeno la votazione a maggioranza assoluta dei componenti di entrambe le camere prevista ed obbligata, stava (sta) scritta in Costituzione dal 2001, vale a dire da circa un ventennio. Non a caso, un noto quotidiano romano che ha gi\u00e0 svolto una sua indagine tra le forze presenti nelle attuali assemblee legislative sul gradimento delle eventuali intese proposte dalle regioni del nord, ha accertato che &#8211; allo stato attuale &#8211; il quorum richiesto non c\u2019\u00e8.<br \/>\nIn ogni caso il ritardo accumulato va addebitato alla insipienza di chi governa da lustri la regione e senz\u2019altro graver\u00e0 nel proseguo come un macigno. In effetti l\u2019iter parlamentare deve ancora iniziare, questo \u00e8 il secondo tempo del film, mentre siamo tuttora in attesa di veder scorrere la parte finale del primo. Il riferimento \u00e8 l\u2019intesa ancora \u201cin cottura\u201d oggetto di firma futura da parte dei due contraenti: Regione del Veneto-Governo Nazionale. A dir il vero il 28 febbraio 2018 \u00e8 stata siglata una \u201cpre-intesa\u201d con il Governo Gentiloni, a firma Zaia con la penna biro e Bressa, sottosegretario incaricato allo scopo; pochi giorni dopo il popolo nel segreto dell\u2019urna, penalizz\u00f2 il PD e diede la palma della vittoria alle due forze oggi al comando del Paese, 5 Stelle e Lega. Tutto sembrava volgere per il verso giusto. Dettaglio minimale, trascorso un anno di tempo l\u2019intesa non esiste. Di peggio, adesso il Presidente Regionale parla di \u201cbozza di intesa\u201d che dovr\u00e0 essere partorita dal Consiglio dei Ministri con l\u2019ok regionale, spedita alle Camere per \u201ceventuali osservazioni, risoluzioni, emendamenti\u201d, tornare ai due contraenti Luca Zaia e Giuseppe Conte che di comune accordo accettano o negano le correzioni del Parlamento e quindi il plico andr\u00e0 rispedito al Parlamento per il via si stampi, della serie : prendere o lasciare (cosi il Governatore in una intervista televisiva di sabato 02 marzo resa a Rete Veneta).<\/p>\n<p>Al di l\u00e0 della validit\u00e0 dei presupposti giuridico-istituzionali che stanno alla base di siffatto iter, che qui non \u00e8 il caso di approfondire, si annota che lo spezzettamento in pi\u00f9 fasi della \u201cbozza\u201d che parte da Palazzo Chigi e poi ci ritorna, quindi viene valutata dal Presidente del Consiglio dei Ministri e da quello della Regione del Veneto, rimessa alle Camere sottoforma di \u201cintesa\u201d completa e compiuta non pi\u00f9 rettificabile, sconta &#8211; per dirne una &#8211; l\u2019assoluta imprevedibilit\u00e0 nella tempistica di ciascun segmento di procedura e tappa nel percorso da compiere. Chiss\u00e0 chi lo sa quanto tempo occorrer\u00e0? Il titolo di questo programma televisivo per ragazzi degli anni Sessanta del secolo scorso, genere \u201cgame show\u201d, ben si addice alla domanda sorta spontaneamente.<\/p>\n<p>A proposito di spettacolo offerto ai cittadini nella pregressa campagna elettorale, il Capo Nazional Leghista ebbe a proclamare, con l\u2019usuale sicurezza,\u201d &#8220;Se guider\u00f2 il governo, con Luca non credo di impiegare pi\u00f9 di tre minuti per concludere la trattativa \u201cdell\u2019Autonomia Regionale si presume. Ecco un nuovo ed aggiornato \u201cgame show\u201d per adulti 2.0.\u00a0 Il calendario datato 2018 registra che la seduta del Consiglio dei Ministri per approvare il preliminare di accordo, \u00e8 stato pi\u00f9 volte differito, prima al 15 ottobre, poi a novembre, a Natale quindi al 15 febbraio e a marzo dell\u2019anno corrente, per assestarsi definitivamente &#8211; almeno stando al diktat di colui per il quale \u201cbastano tre minuti\u201d &#8211; a breve o comunque entro la fine dell\u2019anno in corso. Da par loro, anche Di Maio e lo stesso Presidente pro-tempore del Veneto, hanno pi\u00f9 volte annunciato l\u2019imminenza dell\u2019intesa, poi smentiti &#8211; come da consuetudine &#8211; da eventi non accaduti. Non avendo altre \u201cnovit\u00e0 da Roma\u201d, sempre nella stessa puntata televisiva, il sub comandante in loco della Lega ha, con soddisfazione ed a dimostrazione della bont\u00e0 delle proprie scelte e della qualit\u00e0 dei propri collaboratori, ricordato che un professore universitario ed avvocato facente parte del team di giuristi che lo hanno coadiuvato \u00e8 stato nominato giudice della Corte Costituzionale, trattasi del Prof. Luca Antonini.<\/p>\n<p>Per una volta concordo con Zaia, nel senso che citato cattedratico \u00e8 stato eletto dal Parlamento in seduta comune nella quota parte di componenti della Corte Costituzionale spettante alla politica. Gli altri due terzi, sono ripartiti tra i magistrati di carriera e la presidenza della repubblica. A luglio 2018 \u00e8 semplicemente successo che la maggioranza partitica Giallo-Verde ha trovato nell\u2019esimio docente e legale, un nominativo condiviso. Annoto che meritava di essere valutato, se richiesto e con il suo consenso, per uno scranno alla suprema corte anche l\u2019altro giurista incluso nella squadra, ovvero il Prof. Mario Bertolissi. A mio avviso, quest\u2019ultimo, se non altro per la pregevole mole di lavoro svolta in tanti anni di carriera universitaria e professionale presumibilmente maggiore in considerazione all\u2019et\u00e0 anagrafica e di servizio rispetto al prescelto, sarebbe stato altrettanto degno di ricoprire una posizione cosi importante.<\/p>\n<p>Comunque sia, in termini chiari, sulla pratica autonomia regionale \u201crisultati portati a casa\u201d zero, mentre non v\u2019\u00e8 dubbio che il novello arbitro delle leggi oltre all\u2019onore, ha altres\u00ec rimpinguato il suo reddito imponibile. Infatti, la retribuzione lorda di un giudice costituzionale \u00e8 pari a 360mila euro l&#8217;anno e dura nove anni.<\/p>\n<p>Alla fin fine, qualcosa di positivo il referendum farlocco lo ha prodotto. Nel frattempo, i restanti cittadini veneti devono pazientare e sostare in attesa degli effetti \u201cspeciali\u201d che troveranno \u2013 a tempo debito- nella bozza d\u2019intesa; ricordandosi sempre che l\u2019iter completo vedr\u00e0 il suo completamento fra qualche anno (forse).<\/p>\n<p><strong>Enzo De Biasi <\/strong><\/p>","protected":false},"excerpt":{"rendered":"<p>Il 23 ottobre 2017, a risultato referendario acquisito con un 57% che aveva partecipato al voto ed un 45% che aveva disertato le urne oppure si era mosso da casa per votare no, non proprio un plebiscito comunque costato per le casse regionali ben 14 milioni di euro, l\u2019intera casta dei \u201cpi\u00f9 tanti e di [&hellip;]<\/p>\n","protected":false},"author":2,"featured_media":0,"comment_status":"closed","ping_status":"open","sticky":false,"template":"","format":"standard","meta":{"footnotes":""},"categories":[5,49],"tags":[],"class_list":["post-102616","post","type-post","status-publish","format-standard","category-cronaca","category-speciali"],"yoast_head":"<!-- This site is optimized with the Yoast SEO plugin v28.4 - https:\/\/yoast.com\/product\/yoast-seo-wordpress\/ -->\n<title>L\u2019Autonomia farlocca: dopo lo spreco di denaro la beffa della perdita di tempo * l&#039;approfondimento di Enzo De Biasi - Bellunopress - Dolomiti<\/title>\n<meta name=\"robots\" content=\"index, follow, max-snippet:-1, max-image-preview:large, max-video-preview:-1\" \/>\n<link rel=\"canonical\" href=\"https:\/\/www.bellunopress.it\/fr\/2019\/03\/05\/lautonomia-farlocca-dopo-lo-spreco-di-denaro-la-beffa-della-perdita-di-tempo-lapprofondimento-di-enzo-de-biasi\/\" \/>\n<meta property=\"og:locale\" content=\"fr_FR\" \/>\n<meta property=\"og:type\" content=\"article\" \/>\n<meta property=\"og:title\" content=\"L\u2019Autonomia farlocca: dopo lo spreco di denaro la beffa della perdita di tempo * l&#039;approfondimento di Enzo De Biasi - Bellunopress - Dolomiti\" \/>\n<meta property=\"og:description\" content=\"Il 23 ottobre 2017, a risultato referendario acquisito con un 57% che aveva partecipato al voto ed un 45% che aveva disertato le urne oppure si era mosso da casa per votare no, non proprio un plebiscito comunque costato per le casse regionali ben 14 milioni di euro, l\u2019intera casta dei \u201cpi\u00f9 tanti e di [&hellip;]\" \/>\n<meta property=\"og:url\" content=\"https:\/\/www.bellunopress.it\/fr\/2019\/03\/05\/lautonomia-farlocca-dopo-lo-spreco-di-denaro-la-beffa-della-perdita-di-tempo-lapprofondimento-di-enzo-de-biasi\/\" \/>\n<meta property=\"og:site_name\" content=\"Bellunopress - Dolomiti\" \/>\n<meta property=\"article:publisher\" content=\"https:\/\/www.facebook.com\/profile.php?id=100008943462799\" \/>\n<meta property=\"article:published_time\" content=\"2019-03-05T19:46:20+00:00\" \/>\n<meta property=\"article:modified_time\" content=\"2019-03-06T19:05:05+00:00\" \/>\n<meta property=\"og:image\" content=\"http:\/\/www.bellunopress.it\/wp-content\/uploads\/2017\/11\/Enzo-De-Biasi-presidente-Riscossa-civica-veneta.png\" \/>\n<meta name=\"author\" content=\"redazione\" \/>\n<meta name=\"twitter:card\" content=\"summary_large_image\" \/>\n<meta name=\"twitter:creator\" content=\"@bellunopress\" \/>\n<meta name=\"twitter:site\" content=\"@bellunopress\" \/>\n<meta name=\"twitter:label1\" content=\"\u00c9crit par\" \/>\n\t<meta name=\"twitter:data1\" content=\"redazione\" \/>\n\t<meta name=\"twitter:label2\" content=\"Dur\u00e9e de lecture estim\u00e9e\" \/>\n\t<meta name=\"twitter:data2\" content=\"8 minutes\" \/>\n<script type=\"application\/ld+json\" class=\"yoast-schema-graph\">{\"@context\":\"https:\\\/\\\/schema.org\",\"@graph\":[{\"@type\":\"Article\",\"@id\":\"https:\\\/\\\/www.bellunopress.it\\\/2019\\\/03\\\/05\\\/lautonomia-farlocca-dopo-lo-spreco-di-denaro-la-beffa-della-perdita-di-tempo-lapprofondimento-di-enzo-de-biasi\\\/#article\",\"isPartOf\":{\"@id\":\"https:\\\/\\\/www.bellunopress.it\\\/2019\\\/03\\\/05\\\/lautonomia-farlocca-dopo-lo-spreco-di-denaro-la-beffa-della-perdita-di-tempo-lapprofondimento-di-enzo-de-biasi\\\/\"},\"author\":{\"name\":\"redazione\",\"@id\":\"https:\\\/\\\/www.bellunopress.it\\\/#\\\/schema\\\/person\\\/79bb06722b37ece1c03d3e94beb30d73\"},\"headline\":\"L\u2019Autonomia farlocca: dopo lo spreco di denaro la beffa della perdita di tempo * l&#8217;approfondimento di Enzo De Biasi\",\"datePublished\":\"2019-03-05T19:46:20+00:00\",\"dateModified\":\"2019-03-06T19:05:05+00:00\",\"mainEntityOfPage\":{\"@id\":\"https:\\\/\\\/www.bellunopress.it\\\/2019\\\/03\\\/05\\\/lautonomia-farlocca-dopo-lo-spreco-di-denaro-la-beffa-della-perdita-di-tempo-lapprofondimento-di-enzo-de-biasi\\\/\"},\"wordCount\":1682,\"publisher\":{\"@id\":\"https:\\\/\\\/www.bellunopress.it\\\/#organization\"},\"image\":{\"@id\":\"https:\\\/\\\/www.bellunopress.it\\\/2019\\\/03\\\/05\\\/lautonomia-farlocca-dopo-lo-spreco-di-denaro-la-beffa-della-perdita-di-tempo-lapprofondimento-di-enzo-de-biasi\\\/#primaryimage\"},\"thumbnailUrl\":\"http:\\\/\\\/www.bellunopress.it\\\/wp-content\\\/uploads\\\/2017\\\/11\\\/Enzo-De-Biasi-presidente-Riscossa-civica-veneta.png\",\"articleSection\":[\"Cronaca\\\/Politica\",\"Gli speciali di Bellunopress\"],\"inLanguage\":\"fr-FR\"},{\"@type\":\"WebPage\",\"@id\":\"https:\\\/\\\/www.bellunopress.it\\\/2019\\\/03\\\/05\\\/lautonomia-farlocca-dopo-lo-spreco-di-denaro-la-beffa-della-perdita-di-tempo-lapprofondimento-di-enzo-de-biasi\\\/\",\"url\":\"https:\\\/\\\/www.bellunopress.it\\\/2019\\\/03\\\/05\\\/lautonomia-farlocca-dopo-lo-spreco-di-denaro-la-beffa-della-perdita-di-tempo-lapprofondimento-di-enzo-de-biasi\\\/\",\"name\":\"L\u2019Autonomia farlocca: dopo lo spreco di denaro la beffa della perdita di tempo * l'approfondimento di Enzo De Biasi - Bellunopress - Dolomiti\",\"isPartOf\":{\"@id\":\"https:\\\/\\\/www.bellunopress.it\\\/#website\"},\"primaryImageOfPage\":{\"@id\":\"https:\\\/\\\/www.bellunopress.it\\\/2019\\\/03\\\/05\\\/lautonomia-farlocca-dopo-lo-spreco-di-denaro-la-beffa-della-perdita-di-tempo-lapprofondimento-di-enzo-de-biasi\\\/#primaryimage\"},\"image\":{\"@id\":\"https:\\\/\\\/www.bellunopress.it\\\/2019\\\/03\\\/05\\\/lautonomia-farlocca-dopo-lo-spreco-di-denaro-la-beffa-della-perdita-di-tempo-lapprofondimento-di-enzo-de-biasi\\\/#primaryimage\"},\"thumbnailUrl\":\"http:\\\/\\\/www.bellunopress.it\\\/wp-content\\\/uploads\\\/2017\\\/11\\\/Enzo-De-Biasi-presidente-Riscossa-civica-veneta.png\",\"datePublished\":\"2019-03-05T19:46:20+00:00\",\"dateModified\":\"2019-03-06T19:05:05+00:00\",\"breadcrumb\":{\"@id\":\"https:\\\/\\\/www.bellunopress.it\\\/2019\\\/03\\\/05\\\/lautonomia-farlocca-dopo-lo-spreco-di-denaro-la-beffa-della-perdita-di-tempo-lapprofondimento-di-enzo-de-biasi\\\/#breadcrumb\"},\"inLanguage\":\"fr-FR\",\"potentialAction\":[{\"@type\":\"ReadAction\",\"target\":[\"https:\\\/\\\/www.bellunopress.it\\\/2019\\\/03\\\/05\\\/lautonomia-farlocca-dopo-lo-spreco-di-denaro-la-beffa-della-perdita-di-tempo-lapprofondimento-di-enzo-de-biasi\\\/\"]}]},{\"@type\":\"ImageObject\",\"inLanguage\":\"fr-FR\",\"@id\":\"https:\\\/\\\/www.bellunopress.it\\\/2019\\\/03\\\/05\\\/lautonomia-farlocca-dopo-lo-spreco-di-denaro-la-beffa-della-perdita-di-tempo-lapprofondimento-di-enzo-de-biasi\\\/#primaryimage\",\"url\":\"http:\\\/\\\/www.bellunopress.it\\\/wp-content\\\/uploads\\\/2017\\\/11\\\/Enzo-De-Biasi-presidente-Riscossa-civica-veneta.png\",\"contentUrl\":\"http:\\\/\\\/www.bellunopress.it\\\/wp-content\\\/uploads\\\/2017\\\/11\\\/Enzo-De-Biasi-presidente-Riscossa-civica-veneta.png\"},{\"@type\":\"BreadcrumbList\",\"@id\":\"https:\\\/\\\/www.bellunopress.it\\\/2019\\\/03\\\/05\\\/lautonomia-farlocca-dopo-lo-spreco-di-denaro-la-beffa-della-perdita-di-tempo-lapprofondimento-di-enzo-de-biasi\\\/#breadcrumb\",\"itemListElement\":[{\"@type\":\"ListItem\",\"position\":1,\"name\":\"Home\",\"item\":\"https:\\\/\\\/www.bellunopress.it\\\/\"},{\"@type\":\"ListItem\",\"position\":2,\"name\":\"L\u2019Autonomia farlocca: dopo lo spreco di denaro la beffa della perdita di tempo * l&#8217;approfondimento di Enzo De Biasi\"}]},{\"@type\":\"WebSite\",\"@id\":\"https:\\\/\\\/www.bellunopress.it\\\/#website\",\"url\":\"https:\\\/\\\/www.bellunopress.it\\\/\",\"name\":\"Bellunopress - Dolomiti\",\"description\":\"e-mail: redazione@bellunopress.it\",\"publisher\":{\"@id\":\"https:\\\/\\\/www.bellunopress.it\\\/#organization\"},\"potentialAction\":[{\"@type\":\"SearchAction\",\"target\":{\"@type\":\"EntryPoint\",\"urlTemplate\":\"https:\\\/\\\/www.bellunopress.it\\\/?s={search_term_string}\"},\"query-input\":{\"@type\":\"PropertyValueSpecification\",\"valueRequired\":true,\"valueName\":\"search_term_string\"}}],\"inLanguage\":\"fr-FR\"},{\"@type\":\"Organization\",\"@id\":\"https:\\\/\\\/www.bellunopress.it\\\/#organization\",\"name\":\"Bellunopress\",\"url\":\"https:\\\/\\\/www.bellunopress.it\\\/\",\"logo\":{\"@type\":\"ImageObject\",\"inLanguage\":\"fr-FR\",\"@id\":\"https:\\\/\\\/www.bellunopress.it\\\/#\\\/schema\\\/logo\\\/image\\\/\",\"url\":\"https:\\\/\\\/www.bellunopress.it\\\/wp-content\\\/uploads\\\/2011\\\/05\\\/cropped-logo-bellunopress-.jpg\",\"contentUrl\":\"https:\\\/\\\/www.bellunopress.it\\\/wp-content\\\/uploads\\\/2011\\\/05\\\/cropped-logo-bellunopress-.jpg\",\"width\":512,\"height\":512,\"caption\":\"Bellunopress\"},\"image\":{\"@id\":\"https:\\\/\\\/www.bellunopress.it\\\/#\\\/schema\\\/logo\\\/image\\\/\"},\"sameAs\":[\"https:\\\/\\\/www.facebook.com\\\/profile.php?id=100008943462799\",\"https:\\\/\\\/x.com\\\/bellunopress\",\"https:\\\/\\\/www.linkedin.com\\\/hp\\\/?dnr=JBzUWaJfMUw8vbXJJ2tVW5-I3jZKvC4wsoxE&amp;amp;amp;amp;amp;amp;trk=nav_responsive_tab_home\",\"https:\\\/\\\/www.youtube.com\\\/channel\\\/UCxL0wu1uN0_3_7hGG0306cw\"]},{\"@type\":\"Person\",\"@id\":\"https:\\\/\\\/www.bellunopress.it\\\/#\\\/schema\\\/person\\\/79bb06722b37ece1c03d3e94beb30d73\",\"name\":\"redazione\",\"image\":{\"@type\":\"ImageObject\",\"inLanguage\":\"fr-FR\",\"@id\":\"https:\\\/\\\/secure.gravatar.com\\\/avatar\\\/37d968a2e67a6fd04c169c4bdef102d0bc5d31b2546345219e348575eb80e9a0?s=96&d=mm&r=g\",\"url\":\"https:\\\/\\\/secure.gravatar.com\\\/avatar\\\/37d968a2e67a6fd04c169c4bdef102d0bc5d31b2546345219e348575eb80e9a0?s=96&d=mm&r=g\",\"contentUrl\":\"https:\\\/\\\/secure.gravatar.com\\\/avatar\\\/37d968a2e67a6fd04c169c4bdef102d0bc5d31b2546345219e348575eb80e9a0?s=96&d=mm&r=g\",\"caption\":\"redazione\"},\"sameAs\":[\"http:\\\/\\\/www.bellunopress.it\",\"https:\\\/\\\/x.com\\\/bellunopress\"],\"url\":\"https:\\\/\\\/www.bellunopress.it\\\/fr\\\/author\\\/redazione\\\/\"}]}<\/script>\n<!-- \/ Yoast SEO plugin. -->","yoast_head_json":{"title":"L\u2019Autonomia farlocca: dopo lo spreco di denaro la beffa della perdita di tempo * l'approfondimento di Enzo De Biasi - Bellunopress - Dolomiti","robots":{"index":"index","follow":"follow","max-snippet":"max-snippet:-1","max-image-preview":"max-image-preview:large","max-video-preview":"max-video-preview:-1"},"canonical":"https:\/\/www.bellunopress.it\/fr\/2019\/03\/05\/lautonomia-farlocca-dopo-lo-spreco-di-denaro-la-beffa-della-perdita-di-tempo-lapprofondimento-di-enzo-de-biasi\/","og_locale":"fr_FR","og_type":"article","og_title":"L\u2019Autonomia farlocca: dopo lo spreco di denaro la beffa della perdita di tempo * l'approfondimento di Enzo De Biasi - Bellunopress - Dolomiti","og_description":"Il 23 ottobre 2017, a risultato referendario acquisito con un 57% che aveva partecipato al voto ed un 45% che aveva disertato le urne oppure si era mosso da casa per votare no, non proprio un plebiscito comunque costato per le casse regionali ben 14 milioni di euro, l\u2019intera casta dei \u201cpi\u00f9 tanti e di [&hellip;]","og_url":"https:\/\/www.bellunopress.it\/fr\/2019\/03\/05\/lautonomia-farlocca-dopo-lo-spreco-di-denaro-la-beffa-della-perdita-di-tempo-lapprofondimento-di-enzo-de-biasi\/","og_site_name":"Bellunopress - Dolomiti","article_publisher":"https:\/\/www.facebook.com\/profile.php?id=100008943462799","article_published_time":"2019-03-05T19:46:20+00:00","article_modified_time":"2019-03-06T19:05:05+00:00","og_image":[{"url":"http:\/\/www.bellunopress.it\/wp-content\/uploads\/2017\/11\/Enzo-De-Biasi-presidente-Riscossa-civica-veneta.png","type":"","width":"","height":""}],"author":"redazione","twitter_card":"summary_large_image","twitter_creator":"@bellunopress","twitter_site":"@bellunopress","twitter_misc":{"\u00c9crit par":"redazione","Dur\u00e9e de lecture estim\u00e9e":"8 minutes"},"schema":{"@context":"https:\/\/schema.org","@graph":[{"@type":"Article","@id":"https:\/\/www.bellunopress.it\/2019\/03\/05\/lautonomia-farlocca-dopo-lo-spreco-di-denaro-la-beffa-della-perdita-di-tempo-lapprofondimento-di-enzo-de-biasi\/#article","isPartOf":{"@id":"https:\/\/www.bellunopress.it\/2019\/03\/05\/lautonomia-farlocca-dopo-lo-spreco-di-denaro-la-beffa-della-perdita-di-tempo-lapprofondimento-di-enzo-de-biasi\/"},"author":{"name":"redazione","@id":"https:\/\/www.bellunopress.it\/#\/schema\/person\/79bb06722b37ece1c03d3e94beb30d73"},"headline":"L\u2019Autonomia farlocca: dopo lo spreco di denaro la beffa della perdita di tempo * l&#8217;approfondimento di Enzo De Biasi","datePublished":"2019-03-05T19:46:20+00:00","dateModified":"2019-03-06T19:05:05+00:00","mainEntityOfPage":{"@id":"https:\/\/www.bellunopress.it\/2019\/03\/05\/lautonomia-farlocca-dopo-lo-spreco-di-denaro-la-beffa-della-perdita-di-tempo-lapprofondimento-di-enzo-de-biasi\/"},"wordCount":1682,"publisher":{"@id":"https:\/\/www.bellunopress.it\/#organization"},"image":{"@id":"https:\/\/www.bellunopress.it\/2019\/03\/05\/lautonomia-farlocca-dopo-lo-spreco-di-denaro-la-beffa-della-perdita-di-tempo-lapprofondimento-di-enzo-de-biasi\/#primaryimage"},"thumbnailUrl":"http:\/\/www.bellunopress.it\/wp-content\/uploads\/2017\/11\/Enzo-De-Biasi-presidente-Riscossa-civica-veneta.png","articleSection":["Cronaca\/Politica","Gli speciali di Bellunopress"],"inLanguage":"fr-FR"},{"@type":"WebPage","@id":"https:\/\/www.bellunopress.it\/2019\/03\/05\/lautonomia-farlocca-dopo-lo-spreco-di-denaro-la-beffa-della-perdita-di-tempo-lapprofondimento-di-enzo-de-biasi\/","url":"https:\/\/www.bellunopress.it\/2019\/03\/05\/lautonomia-farlocca-dopo-lo-spreco-di-denaro-la-beffa-della-perdita-di-tempo-lapprofondimento-di-enzo-de-biasi\/","name":"L\u2019Autonomia farlocca: dopo lo spreco di denaro la beffa della perdita di tempo * l'approfondimento di Enzo De Biasi - Bellunopress - Dolomiti","isPartOf":{"@id":"https:\/\/www.bellunopress.it\/#website"},"primaryImageOfPage":{"@id":"https:\/\/www.bellunopress.it\/2019\/03\/05\/lautonomia-farlocca-dopo-lo-spreco-di-denaro-la-beffa-della-perdita-di-tempo-lapprofondimento-di-enzo-de-biasi\/#primaryimage"},"image":{"@id":"https:\/\/www.bellunopress.it\/2019\/03\/05\/lautonomia-farlocca-dopo-lo-spreco-di-denaro-la-beffa-della-perdita-di-tempo-lapprofondimento-di-enzo-de-biasi\/#primaryimage"},"thumbnailUrl":"http:\/\/www.bellunopress.it\/wp-content\/uploads\/2017\/11\/Enzo-De-Biasi-presidente-Riscossa-civica-veneta.png","datePublished":"2019-03-05T19:46:20+00:00","dateModified":"2019-03-06T19:05:05+00:00","breadcrumb":{"@id":"https:\/\/www.bellunopress.it\/2019\/03\/05\/lautonomia-farlocca-dopo-lo-spreco-di-denaro-la-beffa-della-perdita-di-tempo-lapprofondimento-di-enzo-de-biasi\/#breadcrumb"},"inLanguage":"fr-FR","potentialAction":[{"@type":"ReadAction","target":["https:\/\/www.bellunopress.it\/2019\/03\/05\/lautonomia-farlocca-dopo-lo-spreco-di-denaro-la-beffa-della-perdita-di-tempo-lapprofondimento-di-enzo-de-biasi\/"]}]},{"@type":"ImageObject","inLanguage":"fr-FR","@id":"https:\/\/www.bellunopress.it\/2019\/03\/05\/lautonomia-farlocca-dopo-lo-spreco-di-denaro-la-beffa-della-perdita-di-tempo-lapprofondimento-di-enzo-de-biasi\/#primaryimage","url":"http:\/\/www.bellunopress.it\/wp-content\/uploads\/2017\/11\/Enzo-De-Biasi-presidente-Riscossa-civica-veneta.png","contentUrl":"http:\/\/www.bellunopress.it\/wp-content\/uploads\/2017\/11\/Enzo-De-Biasi-presidente-Riscossa-civica-veneta.png"},{"@type":"BreadcrumbList","@id":"https:\/\/www.bellunopress.it\/2019\/03\/05\/lautonomia-farlocca-dopo-lo-spreco-di-denaro-la-beffa-della-perdita-di-tempo-lapprofondimento-di-enzo-de-biasi\/#breadcrumb","itemListElement":[{"@type":"ListItem","position":1,"name":"Home","item":"https:\/\/www.bellunopress.it\/"},{"@type":"ListItem","position":2,"name":"L\u2019Autonomia farlocca: dopo lo spreco di denaro la beffa della perdita di tempo * l&#8217;approfondimento di Enzo De Biasi"}]},{"@type":"WebSite","@id":"https:\/\/www.bellunopress.it\/#website","url":"https:\/\/www.bellunopress.it\/","name":"Bellunopress - Dolomiti","description":"e-mail: redazione@bellunopress.it","publisher":{"@id":"https:\/\/www.bellunopress.it\/#organization"},"potentialAction":[{"@type":"SearchAction","target":{"@type":"EntryPoint","urlTemplate":"https:\/\/www.bellunopress.it\/?s={search_term_string}"},"query-input":{"@type":"PropertyValueSpecification","valueRequired":true,"valueName":"search_term_string"}}],"inLanguage":"fr-FR"},{"@type":"Organization","@id":"https:\/\/www.bellunopress.it\/#organization","name":"Bellunopress","url":"https:\/\/www.bellunopress.it\/","logo":{"@type":"ImageObject","inLanguage":"fr-FR","@id":"https:\/\/www.bellunopress.it\/#\/schema\/logo\/image\/","url":"https:\/\/www.bellunopress.it\/wp-content\/uploads\/2011\/05\/cropped-logo-bellunopress-.jpg","contentUrl":"https:\/\/www.bellunopress.it\/wp-content\/uploads\/2011\/05\/cropped-logo-bellunopress-.jpg","width":512,"height":512,"caption":"Bellunopress"},"image":{"@id":"https:\/\/www.bellunopress.it\/#\/schema\/logo\/image\/"},"sameAs":["https:\/\/www.facebook.com\/profile.php?id=100008943462799","https:\/\/x.com\/bellunopress","https:\/\/www.linkedin.com\/hp\/?dnr=JBzUWaJfMUw8vbXJJ2tVW5-I3jZKvC4wsoxE&amp;amp;amp;amp;amp;amp;trk=nav_responsive_tab_home","https:\/\/www.youtube.com\/channel\/UCxL0wu1uN0_3_7hGG0306cw"]},{"@type":"Person","@id":"https:\/\/www.bellunopress.it\/#\/schema\/person\/79bb06722b37ece1c03d3e94beb30d73","name":"r\u00e9daction","image":{"@type":"ImageObject","inLanguage":"fr-FR","@id":"https:\/\/secure.gravatar.com\/avatar\/37d968a2e67a6fd04c169c4bdef102d0bc5d31b2546345219e348575eb80e9a0?s=96&d=mm&r=g","url":"https:\/\/secure.gravatar.com\/avatar\/37d968a2e67a6fd04c169c4bdef102d0bc5d31b2546345219e348575eb80e9a0?s=96&d=mm&r=g","contentUrl":"https:\/\/secure.gravatar.com\/avatar\/37d968a2e67a6fd04c169c4bdef102d0bc5d31b2546345219e348575eb80e9a0?s=96&d=mm&r=g","caption":"redazione"},"sameAs":["http:\/\/www.bellunopress.it","https:\/\/x.com\/bellunopress"],"url":"https:\/\/www.bellunopress.it\/fr\/author\/redazione\/"}]}},"_links":{"self":[{"href":"https:\/\/www.bellunopress.it\/fr\/wp-json\/wp\/v2\/posts\/102616","targetHints":{"allow":["GET"]}}],"collection":[{"href":"https:\/\/www.bellunopress.it\/fr\/wp-json\/wp\/v2\/posts"}],"about":[{"href":"https:\/\/www.bellunopress.it\/fr\/wp-json\/wp\/v2\/types\/post"}],"author":[{"embeddable":true,"href":"https:\/\/www.bellunopress.it\/fr\/wp-json\/wp\/v2\/users\/2"}],"replies":[{"embeddable":true,"href":"https:\/\/www.bellunopress.it\/fr\/wp-json\/wp\/v2\/comments?post=102616"}],"version-history":[{"count":4,"href":"https:\/\/www.bellunopress.it\/fr\/wp-json\/wp\/v2\/posts\/102616\/revisions"}],"predecessor-version":[{"id":102648,"href":"https:\/\/www.bellunopress.it\/fr\/wp-json\/wp\/v2\/posts\/102616\/revisions\/102648"}],"wp:attachment":[{"href":"https:\/\/www.bellunopress.it\/fr\/wp-json\/wp\/v2\/media?parent=102616"}],"wp:term":[{"taxonomy":"category","embeddable":true,"href":"https:\/\/www.bellunopress.it\/fr\/wp-json\/wp\/v2\/categories?post=102616"},{"taxonomy":"post_tag","embeddable":true,"href":"https:\/\/www.bellunopress.it\/fr\/wp-json\/wp\/v2\/tags?post=102616"}],"curies":[{"name":"wp","href":"https:\/\/api.w.org\/{rel}","templated":true}]}}