{"id":102614,"date":"2019-03-05T17:35:49","date_gmt":"2019-03-05T16:35:49","guid":{"rendered":"http:\/\/www.bellunopress.it\/?p=102614"},"modified":"2019-03-05T17:35:49","modified_gmt":"2019-03-05T16:35:49","slug":"rassegna-comincio-dai-3-famiglie-a-teatro-il-gatto-con-gli-stivali-sabato-a-domegge-di-cadore-e-domenica-a-belluno","status":"publish","type":"post","link":"https:\/\/www.bellunopress.it\/fr\/2019\/03\/05\/rassegna-comincio-dai-3-famiglie-a-teatro-il-gatto-con-gli-stivali-sabato-a-domegge-di-cadore-e-domenica-a-belluno\/","title":{"rendered":"Rassegna Comincio dai 3 famiglie a teatro. Il gatto con gli stivali. Sabato a Domegge di Cadore e domenica a Belluno"},"content":{"rendered":"<p>Una favola tradizionale in chiusura di stagione quella che ci aspetta sabato 9 marzo al Teatro Sala San Giorgio di Domegge di Cadore alle ore 17 e domenica 10 marzo al Teatro Comunale di Belluno alle ore 17, per la stagione di teatro per le Nuove Generazioni Comincio dai 3 &#8211; Famiglie a Teatro, con lo spettacolo Il Gatto con gli stivali di Marcello Chiarenza, un\u2019eccellente proposta per grandi e piccini.<\/p>\n<p><a href=\"http:\/\/www.bellunopress.it\/fr\/2014\/09\/27\/presentata-ieri-ufficialmente-la-nuova-residenza-teatrale-bellunese-alpago-novello-dopo-179-anni-il-teatro-comunale-e-protagonista-di-una-nuova-inaugurazione\/teatro-comunale-interni\/\" rel=\"attachment wp-att-62923\"><img loading=\"lazy\" decoding=\"async\" class=\"alignleft size-full wp-image-62923\" src=\"http:\/\/www.bellunopress.it\/wp-content\/uploads\/2014\/09\/teatro-comunale-interni.jpg\" alt=\"\" width=\"290\" height=\"193\" \/><\/a>Le favole sono storie eterne e sempre attuali, sfidano il tempo e lo spazio, si tramandano oralmente di generazione in generazione, e continuano ad emozionare e stupire.<\/p>\n<p>Il Gatto con gli stivali \u00e8 una fiaba nata nel 1600 per opera di Giambattista Basile e riproposta in diverse versioni anche di Perrault e dei Fratelli Grimm, giunta fino a noi senza mai sbiadire il proprio forte ascendente sull\u2019immaginario dei bambini di tutto il mondo.<\/p>\n<p>La storia \u00e8 nota: un mugnaio, ormai vecchio, decide di lasciare mulino e asino ai due figli maggiori, e al pi\u00f9 piccolo, non avendo altro, lascia il gatto che si riveler\u00e0 subito un gatto molto speciale perch\u00e9 capisce, parla e ragiona. Eccome se ragiona! Chiede subito al suo padroncino un sacco di farina vuoto &#8211; beh, al mulino ce ne sono tanti! &#8211; e un paio di stivali. Per farne cosa? Il giovane mugnaio decide di fidarsi del gatto e si ritrover\u00e0 proprietario di un castello e sposo di una principessa!<\/p>\n<p>Una fiaba originale che mette al centro, attraverso la figura del gatto, la capacit\u00e0 di reagire e di superare le difficolt\u00e0 con coraggio ed ironia, ci ricorda la parte animale ed istintiva di noi e che la speranza e la fiducia ci permettono di raggiungere risultati impossibili, di emergere nei momenti di difficolt\u00e0 e di cambiare il corso della nostra vita.<\/p>\n<p>Accademia Perduta presenta uno spettacolo irresistibile pensato per tutti i bambini, anche per i pi\u00f9 piccoli, con un allestimento suggestivo ed una scenografia in continua trasformazione, una semplice pedana inclinata si trasforma in un mulino, da cui prende avvio la fiaba, e poi in un forno acceso dove il pane cuoce lentamente, e ancora, in campi coltivati e giardini fioriti, in un fiume, dove il nostro protagonista cade e fa il bagno, e nello stagno nel giardino della principessa\u2026inoltre tante piccole botole si dischiuderanno rivelando paesaggi inattesi, da cui usciranno i magnifici oggetti di scena dell\u2019artista visivo Marcello Chiarenza, co-protagonisti del racconto scenico.<\/p>\n<p>I due attori, Maurizio Casali e Mariolina Coppola, alternano il ruolo di attori, narratori e animatori e, accompagnati dalle musiche originali di Carlo Cialdo Capelli, narrano la storia con semplicit\u00e0 ed efficacia, interpretando un testo in cui si rincorrono poesia e meraviglia.<\/p>\n<p>La messinscena fa uso delle tecniche del teatro d\u2019attore e del teatro di figura e porta in scena piccole e grandi magie, come il gatto, la colomba bianca, la carpa, il fenicottero rosa, delicate piogge di petali e, naturalmente, il temibile orco cattivo\u2026che sembrano vivere di vita propria grazie alla particolare tecnica di realizzazione e animazione; inoltre, non mancano le situazioni comiche, punteggiate di piccole gag e momenti di stupore!<\/p>\n<p>Particolare attenzione, nello spettacolo, \u00e8 stata data al rapporto di amicizia fra il protagonista e il suo fidato amico animale: tale relazione di profonda ed intima fiducia \u00e8 rappresentata in modo tenero e gentile, perch\u00e9 chi ha la fortuna di entrare in confidenza con un animale vive una condizione privilegiata che dona maggior sicurezza verso se stessi e un atteggiamento pi\u00f9 positivo, responsabile e attento verso il mondo circostante.<\/p>\n<p>La stagione \u00e8 organizzata da Tib Teatro per la direzione artistica di Daniela Nicosia e in collaborazione con Fondazione Teatro delle Dolomiti, Comune di Belluno, Comune di Domegge, Provincia di Belluno Reteventi, Ministero per i Beni e le Attivit\u00e0 Culturali, con il patrocinio del MIUR ufficio scolastico, Regione del Veneto, con il sostegno di Fondazione Cariverona e Ascotrade e la presenza dell\u2019Associazione Bellunese Volontari del Sangue.<\/p>\n<p>\u00c8 CONSIGLIATA LA PRENOTAZIONE<\/p>\n<p>INFO E PRENOTAZIONI: dal marted\u00ec al venerd\u00ec dalle ore 10.00 alle ore 13.00 al numero 0437-950555 &#8211; info@tibteatro.it<\/p>\n<p>BIGLIETTI<\/p>\n<p>Teatro San Giorgio Di Domegge Di Cadore: bambini 5 euro \u2013 adulti 10 euro<\/p>\n<p>Biglietteria sabato 9 marzo ore 16.00<\/p>\n<p>Teatro Comunale di Belluno: bambini 8 euro \u2013 adulti 12 euro<\/p>\n<p>Biglietteria Teatro Comunale &#8211; domenica 10 marzo ore 10.30 -12.30 e dalle ore 15.00<\/p>\n<p>I biglietti prenotati dovranno essere ritirati almeno 30 minuti prima dello spettacolo presso il teatro.<\/p>\n<p>&nbsp;<\/p>","protected":false},"excerpt":{"rendered":"<p>Una favola tradizionale in chiusura di stagione quella che ci aspetta sabato 9 marzo al Teatro Sala San Giorgio di Domegge di Cadore alle ore 17 e domenica 10 marzo al Teatro Comunale di Belluno alle ore 17, per la stagione di teatro per le Nuove Generazioni Comincio dai 3 &#8211; Famiglie a Teatro, con [&hellip;]<\/p>\n","protected":false},"author":2,"featured_media":0,"comment_status":"closed","ping_status":"open","sticky":false,"template":"","format":"standard","meta":{"footnotes":""},"categories":[27,3,25],"tags":[],"class_list":["post-102614","post","type-post","status-publish","format-standard","category-appuntamenti","category-arte-cultura-spettacoli-scienza-archivi","category-pausa-caffe"],"yoast_head":"<!-- This site is optimized with the Yoast SEO plugin v28.4 - https:\/\/yoast.com\/product\/yoast-seo-wordpress\/ -->\n<title>Rassegna Comincio dai 3 famiglie a teatro. Il gatto con gli stivali. Sabato a Domegge di Cadore e domenica a Belluno - Bellunopress - Dolomiti<\/title>\n<meta name=\"robots\" content=\"index, follow, max-snippet:-1, max-image-preview:large, max-video-preview:-1\" \/>\n<link rel=\"canonical\" href=\"https:\/\/www.bellunopress.it\/fr\/2019\/03\/05\/rassegna-comincio-dai-3-famiglie-a-teatro-il-gatto-con-gli-stivali-sabato-a-domegge-di-cadore-e-domenica-a-belluno\/\" \/>\n<meta property=\"og:locale\" content=\"fr_FR\" \/>\n<meta property=\"og:type\" content=\"article\" \/>\n<meta property=\"og:title\" content=\"Rassegna Comincio dai 3 famiglie a teatro. Il gatto con gli stivali. Sabato a Domegge di Cadore e domenica a Belluno - Bellunopress - Dolomiti\" \/>\n<meta property=\"og:description\" content=\"Una favola tradizionale in chiusura di stagione quella che ci aspetta sabato 9 marzo al Teatro Sala San Giorgio di Domegge di Cadore alle ore 17 e domenica 10 marzo al Teatro Comunale di Belluno alle ore 17, per la stagione di teatro per le Nuove Generazioni Comincio dai 3 &#8211; Famiglie a Teatro, con [&hellip;]\" \/>\n<meta property=\"og:url\" content=\"https:\/\/www.bellunopress.it\/fr\/2019\/03\/05\/rassegna-comincio-dai-3-famiglie-a-teatro-il-gatto-con-gli-stivali-sabato-a-domegge-di-cadore-e-domenica-a-belluno\/\" \/>\n<meta property=\"og:site_name\" content=\"Bellunopress - Dolomiti\" \/>\n<meta property=\"article:publisher\" content=\"https:\/\/www.facebook.com\/profile.php?id=100008943462799\" \/>\n<meta property=\"article:published_time\" content=\"2019-03-05T16:35:49+00:00\" \/>\n<meta property=\"og:image\" content=\"http:\/\/www.bellunopress.it\/wp-content\/uploads\/2014\/09\/teatro-comunale-interni.jpg\" \/>\n<meta name=\"author\" content=\"redazione\" \/>\n<meta name=\"twitter:card\" content=\"summary_large_image\" \/>\n<meta name=\"twitter:creator\" content=\"@bellunopress\" \/>\n<meta name=\"twitter:site\" content=\"@bellunopress\" \/>\n<meta name=\"twitter:label1\" content=\"\u00c9crit par\" \/>\n\t<meta name=\"twitter:data1\" content=\"redazione\" \/>\n\t<meta name=\"twitter:label2\" content=\"Dur\u00e9e de lecture estim\u00e9e\" \/>\n\t<meta name=\"twitter:data2\" content=\"4 minutes\" \/>\n<script type=\"application\/ld+json\" class=\"yoast-schema-graph\">{\"@context\":\"https:\\\/\\\/schema.org\",\"@graph\":[{\"@type\":\"Article\",\"@id\":\"https:\\\/\\\/www.bellunopress.it\\\/2019\\\/03\\\/05\\\/rassegna-comincio-dai-3-famiglie-a-teatro-il-gatto-con-gli-stivali-sabato-a-domegge-di-cadore-e-domenica-a-belluno\\\/#article\",\"isPartOf\":{\"@id\":\"https:\\\/\\\/www.bellunopress.it\\\/2019\\\/03\\\/05\\\/rassegna-comincio-dai-3-famiglie-a-teatro-il-gatto-con-gli-stivali-sabato-a-domegge-di-cadore-e-domenica-a-belluno\\\/\"},\"author\":{\"name\":\"redazione\",\"@id\":\"https:\\\/\\\/www.bellunopress.it\\\/#\\\/schema\\\/person\\\/79bb06722b37ece1c03d3e94beb30d73\"},\"headline\":\"Rassegna Comincio dai 3 famiglie a teatro. Il gatto con gli stivali. Sabato a Domegge di Cadore e domenica a Belluno\",\"datePublished\":\"2019-03-05T16:35:49+00:00\",\"mainEntityOfPage\":{\"@id\":\"https:\\\/\\\/www.bellunopress.it\\\/2019\\\/03\\\/05\\\/rassegna-comincio-dai-3-famiglie-a-teatro-il-gatto-con-gli-stivali-sabato-a-domegge-di-cadore-e-domenica-a-belluno\\\/\"},\"wordCount\":733,\"publisher\":{\"@id\":\"https:\\\/\\\/www.bellunopress.it\\\/#organization\"},\"image\":{\"@id\":\"https:\\\/\\\/www.bellunopress.it\\\/2019\\\/03\\\/05\\\/rassegna-comincio-dai-3-famiglie-a-teatro-il-gatto-con-gli-stivali-sabato-a-domegge-di-cadore-e-domenica-a-belluno\\\/#primaryimage\"},\"thumbnailUrl\":\"http:\\\/\\\/www.bellunopress.it\\\/wp-content\\\/uploads\\\/2014\\\/09\\\/teatro-comunale-interni.jpg\",\"articleSection\":[\"Appuntamenti, Eventi\",\"Arte, Cultura, Spettacoli, Scienza\",\"Pausa Caff\u00e8\"],\"inLanguage\":\"fr-FR\"},{\"@type\":\"WebPage\",\"@id\":\"https:\\\/\\\/www.bellunopress.it\\\/2019\\\/03\\\/05\\\/rassegna-comincio-dai-3-famiglie-a-teatro-il-gatto-con-gli-stivali-sabato-a-domegge-di-cadore-e-domenica-a-belluno\\\/\",\"url\":\"https:\\\/\\\/www.bellunopress.it\\\/2019\\\/03\\\/05\\\/rassegna-comincio-dai-3-famiglie-a-teatro-il-gatto-con-gli-stivali-sabato-a-domegge-di-cadore-e-domenica-a-belluno\\\/\",\"name\":\"Rassegna Comincio dai 3 famiglie a teatro. Il gatto con gli stivali. Sabato a Domegge di Cadore e domenica a Belluno - Bellunopress - Dolomiti\",\"isPartOf\":{\"@id\":\"https:\\\/\\\/www.bellunopress.it\\\/#website\"},\"primaryImageOfPage\":{\"@id\":\"https:\\\/\\\/www.bellunopress.it\\\/2019\\\/03\\\/05\\\/rassegna-comincio-dai-3-famiglie-a-teatro-il-gatto-con-gli-stivali-sabato-a-domegge-di-cadore-e-domenica-a-belluno\\\/#primaryimage\"},\"image\":{\"@id\":\"https:\\\/\\\/www.bellunopress.it\\\/2019\\\/03\\\/05\\\/rassegna-comincio-dai-3-famiglie-a-teatro-il-gatto-con-gli-stivali-sabato-a-domegge-di-cadore-e-domenica-a-belluno\\\/#primaryimage\"},\"thumbnailUrl\":\"http:\\\/\\\/www.bellunopress.it\\\/wp-content\\\/uploads\\\/2014\\\/09\\\/teatro-comunale-interni.jpg\",\"datePublished\":\"2019-03-05T16:35:49+00:00\",\"breadcrumb\":{\"@id\":\"https:\\\/\\\/www.bellunopress.it\\\/2019\\\/03\\\/05\\\/rassegna-comincio-dai-3-famiglie-a-teatro-il-gatto-con-gli-stivali-sabato-a-domegge-di-cadore-e-domenica-a-belluno\\\/#breadcrumb\"},\"inLanguage\":\"fr-FR\",\"potentialAction\":[{\"@type\":\"ReadAction\",\"target\":[\"https:\\\/\\\/www.bellunopress.it\\\/2019\\\/03\\\/05\\\/rassegna-comincio-dai-3-famiglie-a-teatro-il-gatto-con-gli-stivali-sabato-a-domegge-di-cadore-e-domenica-a-belluno\\\/\"]}]},{\"@type\":\"ImageObject\",\"inLanguage\":\"fr-FR\",\"@id\":\"https:\\\/\\\/www.bellunopress.it\\\/2019\\\/03\\\/05\\\/rassegna-comincio-dai-3-famiglie-a-teatro-il-gatto-con-gli-stivali-sabato-a-domegge-di-cadore-e-domenica-a-belluno\\\/#primaryimage\",\"url\":\"http:\\\/\\\/www.bellunopress.it\\\/wp-content\\\/uploads\\\/2014\\\/09\\\/teatro-comunale-interni.jpg\",\"contentUrl\":\"http:\\\/\\\/www.bellunopress.it\\\/wp-content\\\/uploads\\\/2014\\\/09\\\/teatro-comunale-interni.jpg\"},{\"@type\":\"BreadcrumbList\",\"@id\":\"https:\\\/\\\/www.bellunopress.it\\\/2019\\\/03\\\/05\\\/rassegna-comincio-dai-3-famiglie-a-teatro-il-gatto-con-gli-stivali-sabato-a-domegge-di-cadore-e-domenica-a-belluno\\\/#breadcrumb\",\"itemListElement\":[{\"@type\":\"ListItem\",\"position\":1,\"name\":\"Home\",\"item\":\"https:\\\/\\\/www.bellunopress.it\\\/\"},{\"@type\":\"ListItem\",\"position\":2,\"name\":\"Rassegna Comincio dai 3 famiglie a teatro. Il gatto con gli stivali. Sabato a Domegge di Cadore e domenica a Belluno\"}]},{\"@type\":\"WebSite\",\"@id\":\"https:\\\/\\\/www.bellunopress.it\\\/#website\",\"url\":\"https:\\\/\\\/www.bellunopress.it\\\/\",\"name\":\"Bellunopress - Dolomiti\",\"description\":\"e-mail: redazione@bellunopress.it\",\"publisher\":{\"@id\":\"https:\\\/\\\/www.bellunopress.it\\\/#organization\"},\"potentialAction\":[{\"@type\":\"SearchAction\",\"target\":{\"@type\":\"EntryPoint\",\"urlTemplate\":\"https:\\\/\\\/www.bellunopress.it\\\/?s={search_term_string}\"},\"query-input\":{\"@type\":\"PropertyValueSpecification\",\"valueRequired\":true,\"valueName\":\"search_term_string\"}}],\"inLanguage\":\"fr-FR\"},{\"@type\":\"Organization\",\"@id\":\"https:\\\/\\\/www.bellunopress.it\\\/#organization\",\"name\":\"Bellunopress\",\"url\":\"https:\\\/\\\/www.bellunopress.it\\\/\",\"logo\":{\"@type\":\"ImageObject\",\"inLanguage\":\"fr-FR\",\"@id\":\"https:\\\/\\\/www.bellunopress.it\\\/#\\\/schema\\\/logo\\\/image\\\/\",\"url\":\"https:\\\/\\\/www.bellunopress.it\\\/wp-content\\\/uploads\\\/2011\\\/05\\\/cropped-logo-bellunopress-.jpg\",\"contentUrl\":\"https:\\\/\\\/www.bellunopress.it\\\/wp-content\\\/uploads\\\/2011\\\/05\\\/cropped-logo-bellunopress-.jpg\",\"width\":512,\"height\":512,\"caption\":\"Bellunopress\"},\"image\":{\"@id\":\"https:\\\/\\\/www.bellunopress.it\\\/#\\\/schema\\\/logo\\\/image\\\/\"},\"sameAs\":[\"https:\\\/\\\/www.facebook.com\\\/profile.php?id=100008943462799\",\"https:\\\/\\\/x.com\\\/bellunopress\",\"https:\\\/\\\/www.linkedin.com\\\/hp\\\/?dnr=JBzUWaJfMUw8vbXJJ2tVW5-I3jZKvC4wsoxE&amp;amp;amp;amp;amp;amp;trk=nav_responsive_tab_home\",\"https:\\\/\\\/www.youtube.com\\\/channel\\\/UCxL0wu1uN0_3_7hGG0306cw\"]},{\"@type\":\"Person\",\"@id\":\"https:\\\/\\\/www.bellunopress.it\\\/#\\\/schema\\\/person\\\/79bb06722b37ece1c03d3e94beb30d73\",\"name\":\"redazione\",\"image\":{\"@type\":\"ImageObject\",\"inLanguage\":\"fr-FR\",\"@id\":\"https:\\\/\\\/secure.gravatar.com\\\/avatar\\\/37d968a2e67a6fd04c169c4bdef102d0bc5d31b2546345219e348575eb80e9a0?s=96&d=mm&r=g\",\"url\":\"https:\\\/\\\/secure.gravatar.com\\\/avatar\\\/37d968a2e67a6fd04c169c4bdef102d0bc5d31b2546345219e348575eb80e9a0?s=96&d=mm&r=g\",\"contentUrl\":\"https:\\\/\\\/secure.gravatar.com\\\/avatar\\\/37d968a2e67a6fd04c169c4bdef102d0bc5d31b2546345219e348575eb80e9a0?s=96&d=mm&r=g\",\"caption\":\"redazione\"},\"sameAs\":[\"http:\\\/\\\/www.bellunopress.it\",\"https:\\\/\\\/x.com\\\/bellunopress\"],\"url\":\"https:\\\/\\\/www.bellunopress.it\\\/fr\\\/author\\\/redazione\\\/\"}]}<\/script>\n<!-- \/ Yoast SEO plugin. -->","yoast_head_json":{"title":"Rassegna Comincio dai 3 famiglie a teatro. Il gatto con gli stivali. Sabato a Domegge di Cadore e domenica a Belluno - Bellunopress - Dolomiti","robots":{"index":"index","follow":"follow","max-snippet":"max-snippet:-1","max-image-preview":"max-image-preview:large","max-video-preview":"max-video-preview:-1"},"canonical":"https:\/\/www.bellunopress.it\/fr\/2019\/03\/05\/rassegna-comincio-dai-3-famiglie-a-teatro-il-gatto-con-gli-stivali-sabato-a-domegge-di-cadore-e-domenica-a-belluno\/","og_locale":"fr_FR","og_type":"article","og_title":"Rassegna Comincio dai 3 famiglie a teatro. Il gatto con gli stivali. Sabato a Domegge di Cadore e domenica a Belluno - Bellunopress - Dolomiti","og_description":"Una favola tradizionale in chiusura di stagione quella che ci aspetta sabato 9 marzo al Teatro Sala San Giorgio di Domegge di Cadore alle ore 17 e domenica 10 marzo al Teatro Comunale di Belluno alle ore 17, per la stagione di teatro per le Nuove Generazioni Comincio dai 3 &#8211; Famiglie a Teatro, con [&hellip;]","og_url":"https:\/\/www.bellunopress.it\/fr\/2019\/03\/05\/rassegna-comincio-dai-3-famiglie-a-teatro-il-gatto-con-gli-stivali-sabato-a-domegge-di-cadore-e-domenica-a-belluno\/","og_site_name":"Bellunopress - Dolomiti","article_publisher":"https:\/\/www.facebook.com\/profile.php?id=100008943462799","article_published_time":"2019-03-05T16:35:49+00:00","og_image":[{"url":"http:\/\/www.bellunopress.it\/wp-content\/uploads\/2014\/09\/teatro-comunale-interni.jpg","type":"","width":"","height":""}],"author":"redazione","twitter_card":"summary_large_image","twitter_creator":"@bellunopress","twitter_site":"@bellunopress","twitter_misc":{"\u00c9crit par":"redazione","Dur\u00e9e de lecture estim\u00e9e":"4 minutes"},"schema":{"@context":"https:\/\/schema.org","@graph":[{"@type":"Article","@id":"https:\/\/www.bellunopress.it\/2019\/03\/05\/rassegna-comincio-dai-3-famiglie-a-teatro-il-gatto-con-gli-stivali-sabato-a-domegge-di-cadore-e-domenica-a-belluno\/#article","isPartOf":{"@id":"https:\/\/www.bellunopress.it\/2019\/03\/05\/rassegna-comincio-dai-3-famiglie-a-teatro-il-gatto-con-gli-stivali-sabato-a-domegge-di-cadore-e-domenica-a-belluno\/"},"author":{"name":"redazione","@id":"https:\/\/www.bellunopress.it\/#\/schema\/person\/79bb06722b37ece1c03d3e94beb30d73"},"headline":"Rassegna Comincio dai 3 famiglie a teatro. Il gatto con gli stivali. Sabato a Domegge di Cadore e domenica a Belluno","datePublished":"2019-03-05T16:35:49+00:00","mainEntityOfPage":{"@id":"https:\/\/www.bellunopress.it\/2019\/03\/05\/rassegna-comincio-dai-3-famiglie-a-teatro-il-gatto-con-gli-stivali-sabato-a-domegge-di-cadore-e-domenica-a-belluno\/"},"wordCount":733,"publisher":{"@id":"https:\/\/www.bellunopress.it\/#organization"},"image":{"@id":"https:\/\/www.bellunopress.it\/2019\/03\/05\/rassegna-comincio-dai-3-famiglie-a-teatro-il-gatto-con-gli-stivali-sabato-a-domegge-di-cadore-e-domenica-a-belluno\/#primaryimage"},"thumbnailUrl":"http:\/\/www.bellunopress.it\/wp-content\/uploads\/2014\/09\/teatro-comunale-interni.jpg","articleSection":["Appuntamenti, Eventi","Arte, Cultura, Spettacoli, Scienza","Pausa Caff\u00e8"],"inLanguage":"fr-FR"},{"@type":"WebPage","@id":"https:\/\/www.bellunopress.it\/2019\/03\/05\/rassegna-comincio-dai-3-famiglie-a-teatro-il-gatto-con-gli-stivali-sabato-a-domegge-di-cadore-e-domenica-a-belluno\/","url":"https:\/\/www.bellunopress.it\/2019\/03\/05\/rassegna-comincio-dai-3-famiglie-a-teatro-il-gatto-con-gli-stivali-sabato-a-domegge-di-cadore-e-domenica-a-belluno\/","name":"Rassegna Comincio dai 3 famiglie a teatro. Il gatto con gli stivali. Sabato a Domegge di Cadore e domenica a Belluno - Bellunopress - Dolomiti","isPartOf":{"@id":"https:\/\/www.bellunopress.it\/#website"},"primaryImageOfPage":{"@id":"https:\/\/www.bellunopress.it\/2019\/03\/05\/rassegna-comincio-dai-3-famiglie-a-teatro-il-gatto-con-gli-stivali-sabato-a-domegge-di-cadore-e-domenica-a-belluno\/#primaryimage"},"image":{"@id":"https:\/\/www.bellunopress.it\/2019\/03\/05\/rassegna-comincio-dai-3-famiglie-a-teatro-il-gatto-con-gli-stivali-sabato-a-domegge-di-cadore-e-domenica-a-belluno\/#primaryimage"},"thumbnailUrl":"http:\/\/www.bellunopress.it\/wp-content\/uploads\/2014\/09\/teatro-comunale-interni.jpg","datePublished":"2019-03-05T16:35:49+00:00","breadcrumb":{"@id":"https:\/\/www.bellunopress.it\/2019\/03\/05\/rassegna-comincio-dai-3-famiglie-a-teatro-il-gatto-con-gli-stivali-sabato-a-domegge-di-cadore-e-domenica-a-belluno\/#breadcrumb"},"inLanguage":"fr-FR","potentialAction":[{"@type":"ReadAction","target":["https:\/\/www.bellunopress.it\/2019\/03\/05\/rassegna-comincio-dai-3-famiglie-a-teatro-il-gatto-con-gli-stivali-sabato-a-domegge-di-cadore-e-domenica-a-belluno\/"]}]},{"@type":"ImageObject","inLanguage":"fr-FR","@id":"https:\/\/www.bellunopress.it\/2019\/03\/05\/rassegna-comincio-dai-3-famiglie-a-teatro-il-gatto-con-gli-stivali-sabato-a-domegge-di-cadore-e-domenica-a-belluno\/#primaryimage","url":"http:\/\/www.bellunopress.it\/wp-content\/uploads\/2014\/09\/teatro-comunale-interni.jpg","contentUrl":"http:\/\/www.bellunopress.it\/wp-content\/uploads\/2014\/09\/teatro-comunale-interni.jpg"},{"@type":"BreadcrumbList","@id":"https:\/\/www.bellunopress.it\/2019\/03\/05\/rassegna-comincio-dai-3-famiglie-a-teatro-il-gatto-con-gli-stivali-sabato-a-domegge-di-cadore-e-domenica-a-belluno\/#breadcrumb","itemListElement":[{"@type":"ListItem","position":1,"name":"Home","item":"https:\/\/www.bellunopress.it\/"},{"@type":"ListItem","position":2,"name":"Rassegna Comincio dai 3 famiglie a teatro. Il gatto con gli stivali. Sabato a Domegge di Cadore e domenica a Belluno"}]},{"@type":"WebSite","@id":"https:\/\/www.bellunopress.it\/#website","url":"https:\/\/www.bellunopress.it\/","name":"Bellunopress - Dolomiti","description":"e-mail: redazione@bellunopress.it","publisher":{"@id":"https:\/\/www.bellunopress.it\/#organization"},"potentialAction":[{"@type":"SearchAction","target":{"@type":"EntryPoint","urlTemplate":"https:\/\/www.bellunopress.it\/?s={search_term_string}"},"query-input":{"@type":"PropertyValueSpecification","valueRequired":true,"valueName":"search_term_string"}}],"inLanguage":"fr-FR"},{"@type":"Organization","@id":"https:\/\/www.bellunopress.it\/#organization","name":"Bellunopress","url":"https:\/\/www.bellunopress.it\/","logo":{"@type":"ImageObject","inLanguage":"fr-FR","@id":"https:\/\/www.bellunopress.it\/#\/schema\/logo\/image\/","url":"https:\/\/www.bellunopress.it\/wp-content\/uploads\/2011\/05\/cropped-logo-bellunopress-.jpg","contentUrl":"https:\/\/www.bellunopress.it\/wp-content\/uploads\/2011\/05\/cropped-logo-bellunopress-.jpg","width":512,"height":512,"caption":"Bellunopress"},"image":{"@id":"https:\/\/www.bellunopress.it\/#\/schema\/logo\/image\/"},"sameAs":["https:\/\/www.facebook.com\/profile.php?id=100008943462799","https:\/\/x.com\/bellunopress","https:\/\/www.linkedin.com\/hp\/?dnr=JBzUWaJfMUw8vbXJJ2tVW5-I3jZKvC4wsoxE&amp;amp;amp;amp;amp;amp;trk=nav_responsive_tab_home","https:\/\/www.youtube.com\/channel\/UCxL0wu1uN0_3_7hGG0306cw"]},{"@type":"Person","@id":"https:\/\/www.bellunopress.it\/#\/schema\/person\/79bb06722b37ece1c03d3e94beb30d73","name":"r\u00e9daction","image":{"@type":"ImageObject","inLanguage":"fr-FR","@id":"https:\/\/secure.gravatar.com\/avatar\/37d968a2e67a6fd04c169c4bdef102d0bc5d31b2546345219e348575eb80e9a0?s=96&d=mm&r=g","url":"https:\/\/secure.gravatar.com\/avatar\/37d968a2e67a6fd04c169c4bdef102d0bc5d31b2546345219e348575eb80e9a0?s=96&d=mm&r=g","contentUrl":"https:\/\/secure.gravatar.com\/avatar\/37d968a2e67a6fd04c169c4bdef102d0bc5d31b2546345219e348575eb80e9a0?s=96&d=mm&r=g","caption":"redazione"},"sameAs":["http:\/\/www.bellunopress.it","https:\/\/x.com\/bellunopress"],"url":"https:\/\/www.bellunopress.it\/fr\/author\/redazione\/"}]}},"_links":{"self":[{"href":"https:\/\/www.bellunopress.it\/fr\/wp-json\/wp\/v2\/posts\/102614","targetHints":{"allow":["GET"]}}],"collection":[{"href":"https:\/\/www.bellunopress.it\/fr\/wp-json\/wp\/v2\/posts"}],"about":[{"href":"https:\/\/www.bellunopress.it\/fr\/wp-json\/wp\/v2\/types\/post"}],"author":[{"embeddable":true,"href":"https:\/\/www.bellunopress.it\/fr\/wp-json\/wp\/v2\/users\/2"}],"replies":[{"embeddable":true,"href":"https:\/\/www.bellunopress.it\/fr\/wp-json\/wp\/v2\/comments?post=102614"}],"version-history":[{"count":1,"href":"https:\/\/www.bellunopress.it\/fr\/wp-json\/wp\/v2\/posts\/102614\/revisions"}],"predecessor-version":[{"id":102615,"href":"https:\/\/www.bellunopress.it\/fr\/wp-json\/wp\/v2\/posts\/102614\/revisions\/102615"}],"wp:attachment":[{"href":"https:\/\/www.bellunopress.it\/fr\/wp-json\/wp\/v2\/media?parent=102614"}],"wp:term":[{"taxonomy":"category","embeddable":true,"href":"https:\/\/www.bellunopress.it\/fr\/wp-json\/wp\/v2\/categories?post=102614"},{"taxonomy":"post_tag","embeddable":true,"href":"https:\/\/www.bellunopress.it\/fr\/wp-json\/wp\/v2\/tags?post=102614"}],"curies":[{"name":"wp","href":"https:\/\/api.w.org\/{rel}","templated":true}]}}