{"id":102610,"date":"2019-03-05T16:23:33","date_gmt":"2019-03-05T15:23:33","guid":{"rendered":"http:\/\/www.bellunopress.it\/?p=102610"},"modified":"2019-03-05T16:23:33","modified_gmt":"2019-03-05T15:23:33","slug":"mondiali-2021-de-menech-siamo-ancora-in-tempo-ma-vedo-difficolta-nonostante-il-governo-abbia-ereditato-tutti-gli-strumenti-per-completare-le-opere","status":"publish","type":"post","link":"https:\/\/www.bellunopress.it\/fr\/2019\/03\/05\/mondiali-2021-de-menech-siamo-ancora-in-tempo-ma-vedo-difficolta-nonostante-il-governo-abbia-ereditato-tutti-gli-strumenti-per-completare-le-opere\/","title":{"rendered":"Mondiali 2021. De Menech: &#8220;Siamo ancora in tempo, ma vedo difficolt\u00e0 nonostante il governo abbia ereditato tutti gli strumenti per completare le opere&#8221;"},"content":{"rendered":"<p><a href=\"http:\/\/www.bellunopress.it\/fr\/2019\/02\/21\/autonomia-il-ministro-stefani-risponde-alle-domande-di-de-menech-non-ce-alcuna-intesa-al-momento-solo-bozze-di-lavoro-autonomia-dovra-rispettare-articolo-81-della-costituzione\/roger-de-menech-357x250\/\" rel=\"attachment wp-att-102271\"><img loading=\"lazy\" decoding=\"async\" class=\"alignleft size-full wp-image-102271\" src=\"http:\/\/www.bellunopress.it\/wp-content\/uploads\/2019\/02\/roger-de-menech-357x250.jpg\" alt=\"\" width=\"357\" height=\"250\" \/><\/a>Belluno, 5 marzo 2019 _ \u00abTemo che il Ministero delle infrastrutture stia rallentando i tempi. A essere sinceri, mi aspettavo maggiore concretezza dal vertice di Cortina sullo stato di avanzamento delle opere per i Mondiali del 2021\u00bb.<\/p>\n<p>Il deputato bellunese Roger De Menech rimane fiducioso sul rispetto dei tempi, ma evidenzia qualche preoccupazione per l\u2019atteggiamento del Ministero per le Infrastrutture.<\/p>\n<p>\u00abNon ci nascondiamo che l\u2019attuale ministro \u00e8 un avversario fiero di qualsiasi opera e questo influenza a cascata tutta la struttura burocratica del dicastero. Del resto, se \u00e8 l\u2019Anas a dover fare pressioni sul ministero e non viceversa, come se la messa in sicurezza della statale di Alemagna fosse faccenda particolare della societ\u00e0 e non interesse collettivo, sono comprensibili le resistenze che dobbiamo affrontare. Il governo attuale ha ereditato da quelli precedenti tutti gli strumenti finanziari e normativi per completare le opere entro la fine del 2020. Ci sono 242 milioni di euro per migliorare l\u2019accessibilit\u00e0 a Cortina lungo le statali 51 di Alemagna e 52 Carnica, c\u2019\u00e8 un piano di lavori approvato, c\u2019\u00e8 un commissario straordinario per l\u2019esecuzione delle opere e c\u2019\u00e8 un decreto che consente di alleggerire le procedure e dimezzare i tempi di autorizzazione.<\/p>\n<p>C\u2019\u00e8 infine la possibilit\u00e0 di intervenire con decreto d\u2019urgenza del consiglio dei Ministri, come ho chiesto espressamente al commissario.<\/p>\n<p>Mi sarei aspettato che la maggioranza al governo a questo punto arrivasse rilanciando, cio\u00e8 portasse altri 200-250 milioni di euro per la sistemazione della viabilit\u00e0 di tutto il Bellunese\u00bb.<\/p>\n<p>Il governo nazionale, cos\u00ec come la Regione Veneto, invece, sono arrivati a Cortina a mani vuote. \u00abHanno dispensato ai sindaci e ai portatori di interesse qualche dichiarazione di maniera e la preoccupazione sulle difficolt\u00e0 a terminare i lavori prima dell\u2019avvio dei Mondiali. Non un gran risultato\u00bb, afferma De Menech.<\/p>\n<p>Anche sulla mobilit\u00e0 ferroviaria, la spinta data dai governi precedenti si \u00e8 bloccata. \u00abAbbiamo raggiunto l\u2019obiettivo dell\u2019elettrificazione da Belluno verso la pianura, su entrambe le linee, ora bisognerebbe proseguire da Ponte nelle Alpi verso Calalzo, ma mi sembra di capire che i piani della Regione Veneto siano cambiati e quindi non si voglia investire nella realizzazione dell\u2019anello ferroviario delle Dolomiti. In questo caso bisognerebbe avere il coraggio di dichiarare le proprie scelte al territorio\u00bb.<\/p>\n<p>Infine sulla riqualificazione delle stazioni c\u2019\u00e8 la nota positiva dei lavori per Calalzo. \u00abEra ora, ma mi chiedo che fine abbia fatto il piano di Rfi (1000 stazioni) sull\u2019adeguamento delle piccole e medie stazioni grazie la quale tutte le stazioni bellunesi potrebbero diventare pi\u00f9 facilmente accessibili con ascensori e l\u2019innalzamento dei marciapiedi. Speriamo non sia finito nel dimenticatoio anche questo\u00bb.<\/p>","protected":false},"excerpt":{"rendered":"<p>Belluno, 5 marzo 2019 _ \u00abTemo che il Ministero delle infrastrutture stia rallentando i tempi. A essere sinceri, mi aspettavo maggiore concretezza dal vertice di Cortina sullo stato di avanzamento delle opere per i Mondiali del 2021\u00bb. Il deputato bellunese Roger De Menech rimane fiducioso sul rispetto dei tempi, ma evidenzia qualche preoccupazione per l\u2019atteggiamento [&hellip;]<\/p>\n","protected":false},"author":2,"featured_media":0,"comment_status":"closed","ping_status":"open","sticky":false,"template":"","format":"standard","meta":{"footnotes":""},"categories":[5,26],"tags":[],"class_list":["post-102610","post","type-post","status-publish","format-standard","category-cronaca","category-prima-pagina"],"yoast_head":"<!-- This site is optimized with the Yoast SEO plugin v28.4 - https:\/\/yoast.com\/product\/yoast-seo-wordpress\/ -->\n<title>Mondiali 2021. De Menech: &quot;Siamo ancora in tempo, ma vedo difficolt\u00e0 nonostante il governo abbia ereditato tutti gli strumenti per completare le opere&quot; - Bellunopress - Dolomiti<\/title>\n<meta name=\"robots\" content=\"index, follow, max-snippet:-1, max-image-preview:large, max-video-preview:-1\" \/>\n<link rel=\"canonical\" href=\"https:\/\/www.bellunopress.it\/fr\/2019\/03\/05\/mondiali-2021-de-menech-siamo-ancora-in-tempo-ma-vedo-difficolta-nonostante-il-governo-abbia-ereditato-tutti-gli-strumenti-per-completare-le-opere\/\" \/>\n<meta property=\"og:locale\" content=\"fr_FR\" \/>\n<meta property=\"og:type\" content=\"article\" \/>\n<meta property=\"og:title\" content=\"Mondiali 2021. De Menech: &quot;Siamo ancora in tempo, ma vedo difficolt\u00e0 nonostante il governo abbia ereditato tutti gli strumenti per completare le opere&quot; - Bellunopress - Dolomiti\" \/>\n<meta property=\"og:description\" content=\"Belluno, 5 marzo 2019 _ \u00abTemo che il Ministero delle infrastrutture stia rallentando i tempi. A essere sinceri, mi aspettavo maggiore concretezza dal vertice di Cortina sullo stato di avanzamento delle opere per i Mondiali del 2021\u00bb. Il deputato bellunese Roger De Menech rimane fiducioso sul rispetto dei tempi, ma evidenzia qualche preoccupazione per l\u2019atteggiamento [&hellip;]\" \/>\n<meta property=\"og:url\" content=\"https:\/\/www.bellunopress.it\/fr\/2019\/03\/05\/mondiali-2021-de-menech-siamo-ancora-in-tempo-ma-vedo-difficolta-nonostante-il-governo-abbia-ereditato-tutti-gli-strumenti-per-completare-le-opere\/\" \/>\n<meta property=\"og:site_name\" content=\"Bellunopress - Dolomiti\" \/>\n<meta property=\"article:publisher\" content=\"https:\/\/www.facebook.com\/profile.php?id=100008943462799\" \/>\n<meta property=\"article:published_time\" content=\"2019-03-05T15:23:33+00:00\" \/>\n<meta property=\"og:image\" content=\"http:\/\/www.bellunopress.it\/wp-content\/uploads\/2019\/02\/roger-de-menech-357x250.jpg\" \/>\n<meta name=\"author\" content=\"redazione\" \/>\n<meta name=\"twitter:card\" content=\"summary_large_image\" \/>\n<meta name=\"twitter:creator\" content=\"@bellunopress\" \/>\n<meta name=\"twitter:site\" content=\"@bellunopress\" \/>\n<meta name=\"twitter:label1\" content=\"\u00c9crit par\" \/>\n\t<meta name=\"twitter:data1\" content=\"redazione\" \/>\n\t<meta name=\"twitter:label2\" content=\"Dur\u00e9e de lecture estim\u00e9e\" \/>\n\t<meta name=\"twitter:data2\" content=\"2 minutes\" \/>\n<script type=\"application\/ld+json\" class=\"yoast-schema-graph\">{\"@context\":\"https:\\\/\\\/schema.org\",\"@graph\":[{\"@type\":\"Article\",\"@id\":\"https:\\\/\\\/www.bellunopress.it\\\/2019\\\/03\\\/05\\\/mondiali-2021-de-menech-siamo-ancora-in-tempo-ma-vedo-difficolta-nonostante-il-governo-abbia-ereditato-tutti-gli-strumenti-per-completare-le-opere\\\/#article\",\"isPartOf\":{\"@id\":\"https:\\\/\\\/www.bellunopress.it\\\/2019\\\/03\\\/05\\\/mondiali-2021-de-menech-siamo-ancora-in-tempo-ma-vedo-difficolta-nonostante-il-governo-abbia-ereditato-tutti-gli-strumenti-per-completare-le-opere\\\/\"},\"author\":{\"name\":\"redazione\",\"@id\":\"https:\\\/\\\/www.bellunopress.it\\\/#\\\/schema\\\/person\\\/79bb06722b37ece1c03d3e94beb30d73\"},\"headline\":\"Mondiali 2021. De Menech: &#8220;Siamo ancora in tempo, ma vedo difficolt\u00e0 nonostante il governo abbia ereditato tutti gli strumenti per completare le opere&#8221;\",\"datePublished\":\"2019-03-05T15:23:33+00:00\",\"mainEntityOfPage\":{\"@id\":\"https:\\\/\\\/www.bellunopress.it\\\/2019\\\/03\\\/05\\\/mondiali-2021-de-menech-siamo-ancora-in-tempo-ma-vedo-difficolta-nonostante-il-governo-abbia-ereditato-tutti-gli-strumenti-per-completare-le-opere\\\/\"},\"wordCount\":450,\"publisher\":{\"@id\":\"https:\\\/\\\/www.bellunopress.it\\\/#organization\"},\"image\":{\"@id\":\"https:\\\/\\\/www.bellunopress.it\\\/2019\\\/03\\\/05\\\/mondiali-2021-de-menech-siamo-ancora-in-tempo-ma-vedo-difficolta-nonostante-il-governo-abbia-ereditato-tutti-gli-strumenti-per-completare-le-opere\\\/#primaryimage\"},\"thumbnailUrl\":\"http:\\\/\\\/www.bellunopress.it\\\/wp-content\\\/uploads\\\/2019\\\/02\\\/roger-de-menech-357x250.jpg\",\"articleSection\":[\"Cronaca\\\/Politica\",\"Prima Pagina\"],\"inLanguage\":\"fr-FR\"},{\"@type\":\"WebPage\",\"@id\":\"https:\\\/\\\/www.bellunopress.it\\\/2019\\\/03\\\/05\\\/mondiali-2021-de-menech-siamo-ancora-in-tempo-ma-vedo-difficolta-nonostante-il-governo-abbia-ereditato-tutti-gli-strumenti-per-completare-le-opere\\\/\",\"url\":\"https:\\\/\\\/www.bellunopress.it\\\/2019\\\/03\\\/05\\\/mondiali-2021-de-menech-siamo-ancora-in-tempo-ma-vedo-difficolta-nonostante-il-governo-abbia-ereditato-tutti-gli-strumenti-per-completare-le-opere\\\/\",\"name\":\"Mondiali 2021. De Menech: \\\"Siamo ancora in tempo, ma vedo difficolt\u00e0 nonostante il governo abbia ereditato tutti gli strumenti per completare le opere\\\" - Bellunopress - Dolomiti\",\"isPartOf\":{\"@id\":\"https:\\\/\\\/www.bellunopress.it\\\/#website\"},\"primaryImageOfPage\":{\"@id\":\"https:\\\/\\\/www.bellunopress.it\\\/2019\\\/03\\\/05\\\/mondiali-2021-de-menech-siamo-ancora-in-tempo-ma-vedo-difficolta-nonostante-il-governo-abbia-ereditato-tutti-gli-strumenti-per-completare-le-opere\\\/#primaryimage\"},\"image\":{\"@id\":\"https:\\\/\\\/www.bellunopress.it\\\/2019\\\/03\\\/05\\\/mondiali-2021-de-menech-siamo-ancora-in-tempo-ma-vedo-difficolta-nonostante-il-governo-abbia-ereditato-tutti-gli-strumenti-per-completare-le-opere\\\/#primaryimage\"},\"thumbnailUrl\":\"http:\\\/\\\/www.bellunopress.it\\\/wp-content\\\/uploads\\\/2019\\\/02\\\/roger-de-menech-357x250.jpg\",\"datePublished\":\"2019-03-05T15:23:33+00:00\",\"breadcrumb\":{\"@id\":\"https:\\\/\\\/www.bellunopress.it\\\/2019\\\/03\\\/05\\\/mondiali-2021-de-menech-siamo-ancora-in-tempo-ma-vedo-difficolta-nonostante-il-governo-abbia-ereditato-tutti-gli-strumenti-per-completare-le-opere\\\/#breadcrumb\"},\"inLanguage\":\"fr-FR\",\"potentialAction\":[{\"@type\":\"ReadAction\",\"target\":[\"https:\\\/\\\/www.bellunopress.it\\\/2019\\\/03\\\/05\\\/mondiali-2021-de-menech-siamo-ancora-in-tempo-ma-vedo-difficolta-nonostante-il-governo-abbia-ereditato-tutti-gli-strumenti-per-completare-le-opere\\\/\"]}]},{\"@type\":\"ImageObject\",\"inLanguage\":\"fr-FR\",\"@id\":\"https:\\\/\\\/www.bellunopress.it\\\/2019\\\/03\\\/05\\\/mondiali-2021-de-menech-siamo-ancora-in-tempo-ma-vedo-difficolta-nonostante-il-governo-abbia-ereditato-tutti-gli-strumenti-per-completare-le-opere\\\/#primaryimage\",\"url\":\"http:\\\/\\\/www.bellunopress.it\\\/wp-content\\\/uploads\\\/2019\\\/02\\\/roger-de-menech-357x250.jpg\",\"contentUrl\":\"http:\\\/\\\/www.bellunopress.it\\\/wp-content\\\/uploads\\\/2019\\\/02\\\/roger-de-menech-357x250.jpg\"},{\"@type\":\"BreadcrumbList\",\"@id\":\"https:\\\/\\\/www.bellunopress.it\\\/2019\\\/03\\\/05\\\/mondiali-2021-de-menech-siamo-ancora-in-tempo-ma-vedo-difficolta-nonostante-il-governo-abbia-ereditato-tutti-gli-strumenti-per-completare-le-opere\\\/#breadcrumb\",\"itemListElement\":[{\"@type\":\"ListItem\",\"position\":1,\"name\":\"Home\",\"item\":\"https:\\\/\\\/www.bellunopress.it\\\/\"},{\"@type\":\"ListItem\",\"position\":2,\"name\":\"Mondiali 2021. De Menech: &#8220;Siamo ancora in tempo, ma vedo difficolt\u00e0 nonostante il governo abbia ereditato tutti gli strumenti per completare le opere&#8221;\"}]},{\"@type\":\"WebSite\",\"@id\":\"https:\\\/\\\/www.bellunopress.it\\\/#website\",\"url\":\"https:\\\/\\\/www.bellunopress.it\\\/\",\"name\":\"Bellunopress - Dolomiti\",\"description\":\"e-mail: redazione@bellunopress.it\",\"publisher\":{\"@id\":\"https:\\\/\\\/www.bellunopress.it\\\/#organization\"},\"potentialAction\":[{\"@type\":\"SearchAction\",\"target\":{\"@type\":\"EntryPoint\",\"urlTemplate\":\"https:\\\/\\\/www.bellunopress.it\\\/?s={search_term_string}\"},\"query-input\":{\"@type\":\"PropertyValueSpecification\",\"valueRequired\":true,\"valueName\":\"search_term_string\"}}],\"inLanguage\":\"fr-FR\"},{\"@type\":\"Organization\",\"@id\":\"https:\\\/\\\/www.bellunopress.it\\\/#organization\",\"name\":\"Bellunopress\",\"url\":\"https:\\\/\\\/www.bellunopress.it\\\/\",\"logo\":{\"@type\":\"ImageObject\",\"inLanguage\":\"fr-FR\",\"@id\":\"https:\\\/\\\/www.bellunopress.it\\\/#\\\/schema\\\/logo\\\/image\\\/\",\"url\":\"https:\\\/\\\/www.bellunopress.it\\\/wp-content\\\/uploads\\\/2011\\\/05\\\/cropped-logo-bellunopress-.jpg\",\"contentUrl\":\"https:\\\/\\\/www.bellunopress.it\\\/wp-content\\\/uploads\\\/2011\\\/05\\\/cropped-logo-bellunopress-.jpg\",\"width\":512,\"height\":512,\"caption\":\"Bellunopress\"},\"image\":{\"@id\":\"https:\\\/\\\/www.bellunopress.it\\\/#\\\/schema\\\/logo\\\/image\\\/\"},\"sameAs\":[\"https:\\\/\\\/www.facebook.com\\\/profile.php?id=100008943462799\",\"https:\\\/\\\/x.com\\\/bellunopress\",\"https:\\\/\\\/www.linkedin.com\\\/hp\\\/?dnr=JBzUWaJfMUw8vbXJJ2tVW5-I3jZKvC4wsoxE&amp;amp;amp;amp;amp;amp;trk=nav_responsive_tab_home\",\"https:\\\/\\\/www.youtube.com\\\/channel\\\/UCxL0wu1uN0_3_7hGG0306cw\"]},{\"@type\":\"Person\",\"@id\":\"https:\\\/\\\/www.bellunopress.it\\\/#\\\/schema\\\/person\\\/79bb06722b37ece1c03d3e94beb30d73\",\"name\":\"redazione\",\"image\":{\"@type\":\"ImageObject\",\"inLanguage\":\"fr-FR\",\"@id\":\"https:\\\/\\\/secure.gravatar.com\\\/avatar\\\/37d968a2e67a6fd04c169c4bdef102d0bc5d31b2546345219e348575eb80e9a0?s=96&d=mm&r=g\",\"url\":\"https:\\\/\\\/secure.gravatar.com\\\/avatar\\\/37d968a2e67a6fd04c169c4bdef102d0bc5d31b2546345219e348575eb80e9a0?s=96&d=mm&r=g\",\"contentUrl\":\"https:\\\/\\\/secure.gravatar.com\\\/avatar\\\/37d968a2e67a6fd04c169c4bdef102d0bc5d31b2546345219e348575eb80e9a0?s=96&d=mm&r=g\",\"caption\":\"redazione\"},\"sameAs\":[\"http:\\\/\\\/www.bellunopress.it\",\"https:\\\/\\\/x.com\\\/bellunopress\"],\"url\":\"https:\\\/\\\/www.bellunopress.it\\\/fr\\\/author\\\/redazione\\\/\"}]}<\/script>\n<!-- \/ Yoast SEO plugin. -->","yoast_head_json":{"title":"Mondiali 2021. De Menech: \"Siamo ancora in tempo, ma vedo difficolt\u00e0 nonostante il governo abbia ereditato tutti gli strumenti per completare le opere\" - Bellunopress - Dolomiti","robots":{"index":"index","follow":"follow","max-snippet":"max-snippet:-1","max-image-preview":"max-image-preview:large","max-video-preview":"max-video-preview:-1"},"canonical":"https:\/\/www.bellunopress.it\/fr\/2019\/03\/05\/mondiali-2021-de-menech-siamo-ancora-in-tempo-ma-vedo-difficolta-nonostante-il-governo-abbia-ereditato-tutti-gli-strumenti-per-completare-le-opere\/","og_locale":"fr_FR","og_type":"article","og_title":"Mondiali 2021. De Menech: \"Siamo ancora in tempo, ma vedo difficolt\u00e0 nonostante il governo abbia ereditato tutti gli strumenti per completare le opere\" - Bellunopress - Dolomiti","og_description":"Belluno, 5 marzo 2019 _ \u00abTemo che il Ministero delle infrastrutture stia rallentando i tempi. A essere sinceri, mi aspettavo maggiore concretezza dal vertice di Cortina sullo stato di avanzamento delle opere per i Mondiali del 2021\u00bb. Il deputato bellunese Roger De Menech rimane fiducioso sul rispetto dei tempi, ma evidenzia qualche preoccupazione per l\u2019atteggiamento [&hellip;]","og_url":"https:\/\/www.bellunopress.it\/fr\/2019\/03\/05\/mondiali-2021-de-menech-siamo-ancora-in-tempo-ma-vedo-difficolta-nonostante-il-governo-abbia-ereditato-tutti-gli-strumenti-per-completare-le-opere\/","og_site_name":"Bellunopress - Dolomiti","article_publisher":"https:\/\/www.facebook.com\/profile.php?id=100008943462799","article_published_time":"2019-03-05T15:23:33+00:00","og_image":[{"url":"http:\/\/www.bellunopress.it\/wp-content\/uploads\/2019\/02\/roger-de-menech-357x250.jpg","type":"","width":"","height":""}],"author":"redazione","twitter_card":"summary_large_image","twitter_creator":"@bellunopress","twitter_site":"@bellunopress","twitter_misc":{"\u00c9crit par":"redazione","Dur\u00e9e de lecture estim\u00e9e":"2 minutes"},"schema":{"@context":"https:\/\/schema.org","@graph":[{"@type":"Article","@id":"https:\/\/www.bellunopress.it\/2019\/03\/05\/mondiali-2021-de-menech-siamo-ancora-in-tempo-ma-vedo-difficolta-nonostante-il-governo-abbia-ereditato-tutti-gli-strumenti-per-completare-le-opere\/#article","isPartOf":{"@id":"https:\/\/www.bellunopress.it\/2019\/03\/05\/mondiali-2021-de-menech-siamo-ancora-in-tempo-ma-vedo-difficolta-nonostante-il-governo-abbia-ereditato-tutti-gli-strumenti-per-completare-le-opere\/"},"author":{"name":"redazione","@id":"https:\/\/www.bellunopress.it\/#\/schema\/person\/79bb06722b37ece1c03d3e94beb30d73"},"headline":"Mondiali 2021. De Menech: &#8220;Siamo ancora in tempo, ma vedo difficolt\u00e0 nonostante il governo abbia ereditato tutti gli strumenti per completare le opere&#8221;","datePublished":"2019-03-05T15:23:33+00:00","mainEntityOfPage":{"@id":"https:\/\/www.bellunopress.it\/2019\/03\/05\/mondiali-2021-de-menech-siamo-ancora-in-tempo-ma-vedo-difficolta-nonostante-il-governo-abbia-ereditato-tutti-gli-strumenti-per-completare-le-opere\/"},"wordCount":450,"publisher":{"@id":"https:\/\/www.bellunopress.it\/#organization"},"image":{"@id":"https:\/\/www.bellunopress.it\/2019\/03\/05\/mondiali-2021-de-menech-siamo-ancora-in-tempo-ma-vedo-difficolta-nonostante-il-governo-abbia-ereditato-tutti-gli-strumenti-per-completare-le-opere\/#primaryimage"},"thumbnailUrl":"http:\/\/www.bellunopress.it\/wp-content\/uploads\/2019\/02\/roger-de-menech-357x250.jpg","articleSection":["Cronaca\/Politica","Prima Pagina"],"inLanguage":"fr-FR"},{"@type":"WebPage","@id":"https:\/\/www.bellunopress.it\/2019\/03\/05\/mondiali-2021-de-menech-siamo-ancora-in-tempo-ma-vedo-difficolta-nonostante-il-governo-abbia-ereditato-tutti-gli-strumenti-per-completare-le-opere\/","url":"https:\/\/www.bellunopress.it\/2019\/03\/05\/mondiali-2021-de-menech-siamo-ancora-in-tempo-ma-vedo-difficolta-nonostante-il-governo-abbia-ereditato-tutti-gli-strumenti-per-completare-le-opere\/","name":"Mondiali 2021. De Menech: \"Siamo ancora in tempo, ma vedo difficolt\u00e0 nonostante il governo abbia ereditato tutti gli strumenti per completare le opere\" - Bellunopress - Dolomiti","isPartOf":{"@id":"https:\/\/www.bellunopress.it\/#website"},"primaryImageOfPage":{"@id":"https:\/\/www.bellunopress.it\/2019\/03\/05\/mondiali-2021-de-menech-siamo-ancora-in-tempo-ma-vedo-difficolta-nonostante-il-governo-abbia-ereditato-tutti-gli-strumenti-per-completare-le-opere\/#primaryimage"},"image":{"@id":"https:\/\/www.bellunopress.it\/2019\/03\/05\/mondiali-2021-de-menech-siamo-ancora-in-tempo-ma-vedo-difficolta-nonostante-il-governo-abbia-ereditato-tutti-gli-strumenti-per-completare-le-opere\/#primaryimage"},"thumbnailUrl":"http:\/\/www.bellunopress.it\/wp-content\/uploads\/2019\/02\/roger-de-menech-357x250.jpg","datePublished":"2019-03-05T15:23:33+00:00","breadcrumb":{"@id":"https:\/\/www.bellunopress.it\/2019\/03\/05\/mondiali-2021-de-menech-siamo-ancora-in-tempo-ma-vedo-difficolta-nonostante-il-governo-abbia-ereditato-tutti-gli-strumenti-per-completare-le-opere\/#breadcrumb"},"inLanguage":"fr-FR","potentialAction":[{"@type":"ReadAction","target":["https:\/\/www.bellunopress.it\/2019\/03\/05\/mondiali-2021-de-menech-siamo-ancora-in-tempo-ma-vedo-difficolta-nonostante-il-governo-abbia-ereditato-tutti-gli-strumenti-per-completare-le-opere\/"]}]},{"@type":"ImageObject","inLanguage":"fr-FR","@id":"https:\/\/www.bellunopress.it\/2019\/03\/05\/mondiali-2021-de-menech-siamo-ancora-in-tempo-ma-vedo-difficolta-nonostante-il-governo-abbia-ereditato-tutti-gli-strumenti-per-completare-le-opere\/#primaryimage","url":"http:\/\/www.bellunopress.it\/wp-content\/uploads\/2019\/02\/roger-de-menech-357x250.jpg","contentUrl":"http:\/\/www.bellunopress.it\/wp-content\/uploads\/2019\/02\/roger-de-menech-357x250.jpg"},{"@type":"BreadcrumbList","@id":"https:\/\/www.bellunopress.it\/2019\/03\/05\/mondiali-2021-de-menech-siamo-ancora-in-tempo-ma-vedo-difficolta-nonostante-il-governo-abbia-ereditato-tutti-gli-strumenti-per-completare-le-opere\/#breadcrumb","itemListElement":[{"@type":"ListItem","position":1,"name":"Home","item":"https:\/\/www.bellunopress.it\/"},{"@type":"ListItem","position":2,"name":"Mondiali 2021. De Menech: &#8220;Siamo ancora in tempo, ma vedo difficolt\u00e0 nonostante il governo abbia ereditato tutti gli strumenti per completare le opere&#8221;"}]},{"@type":"WebSite","@id":"https:\/\/www.bellunopress.it\/#website","url":"https:\/\/www.bellunopress.it\/","name":"Bellunopress - Dolomiti","description":"e-mail: redazione@bellunopress.it","publisher":{"@id":"https:\/\/www.bellunopress.it\/#organization"},"potentialAction":[{"@type":"SearchAction","target":{"@type":"EntryPoint","urlTemplate":"https:\/\/www.bellunopress.it\/?s={search_term_string}"},"query-input":{"@type":"PropertyValueSpecification","valueRequired":true,"valueName":"search_term_string"}}],"inLanguage":"fr-FR"},{"@type":"Organization","@id":"https:\/\/www.bellunopress.it\/#organization","name":"Bellunopress","url":"https:\/\/www.bellunopress.it\/","logo":{"@type":"ImageObject","inLanguage":"fr-FR","@id":"https:\/\/www.bellunopress.it\/#\/schema\/logo\/image\/","url":"https:\/\/www.bellunopress.it\/wp-content\/uploads\/2011\/05\/cropped-logo-bellunopress-.jpg","contentUrl":"https:\/\/www.bellunopress.it\/wp-content\/uploads\/2011\/05\/cropped-logo-bellunopress-.jpg","width":512,"height":512,"caption":"Bellunopress"},"image":{"@id":"https:\/\/www.bellunopress.it\/#\/schema\/logo\/image\/"},"sameAs":["https:\/\/www.facebook.com\/profile.php?id=100008943462799","https:\/\/x.com\/bellunopress","https:\/\/www.linkedin.com\/hp\/?dnr=JBzUWaJfMUw8vbXJJ2tVW5-I3jZKvC4wsoxE&amp;amp;amp;amp;amp;amp;trk=nav_responsive_tab_home","https:\/\/www.youtube.com\/channel\/UCxL0wu1uN0_3_7hGG0306cw"]},{"@type":"Person","@id":"https:\/\/www.bellunopress.it\/#\/schema\/person\/79bb06722b37ece1c03d3e94beb30d73","name":"r\u00e9daction","image":{"@type":"ImageObject","inLanguage":"fr-FR","@id":"https:\/\/secure.gravatar.com\/avatar\/37d968a2e67a6fd04c169c4bdef102d0bc5d31b2546345219e348575eb80e9a0?s=96&d=mm&r=g","url":"https:\/\/secure.gravatar.com\/avatar\/37d968a2e67a6fd04c169c4bdef102d0bc5d31b2546345219e348575eb80e9a0?s=96&d=mm&r=g","contentUrl":"https:\/\/secure.gravatar.com\/avatar\/37d968a2e67a6fd04c169c4bdef102d0bc5d31b2546345219e348575eb80e9a0?s=96&d=mm&r=g","caption":"redazione"},"sameAs":["http:\/\/www.bellunopress.it","https:\/\/x.com\/bellunopress"],"url":"https:\/\/www.bellunopress.it\/fr\/author\/redazione\/"}]}},"_links":{"self":[{"href":"https:\/\/www.bellunopress.it\/fr\/wp-json\/wp\/v2\/posts\/102610","targetHints":{"allow":["GET"]}}],"collection":[{"href":"https:\/\/www.bellunopress.it\/fr\/wp-json\/wp\/v2\/posts"}],"about":[{"href":"https:\/\/www.bellunopress.it\/fr\/wp-json\/wp\/v2\/types\/post"}],"author":[{"embeddable":true,"href":"https:\/\/www.bellunopress.it\/fr\/wp-json\/wp\/v2\/users\/2"}],"replies":[{"embeddable":true,"href":"https:\/\/www.bellunopress.it\/fr\/wp-json\/wp\/v2\/comments?post=102610"}],"version-history":[{"count":1,"href":"https:\/\/www.bellunopress.it\/fr\/wp-json\/wp\/v2\/posts\/102610\/revisions"}],"predecessor-version":[{"id":102611,"href":"https:\/\/www.bellunopress.it\/fr\/wp-json\/wp\/v2\/posts\/102610\/revisions\/102611"}],"wp:attachment":[{"href":"https:\/\/www.bellunopress.it\/fr\/wp-json\/wp\/v2\/media?parent=102610"}],"wp:term":[{"taxonomy":"category","embeddable":true,"href":"https:\/\/www.bellunopress.it\/fr\/wp-json\/wp\/v2\/categories?post=102610"},{"taxonomy":"post_tag","embeddable":true,"href":"https:\/\/www.bellunopress.it\/fr\/wp-json\/wp\/v2\/tags?post=102610"}],"curies":[{"name":"wp","href":"https:\/\/api.w.org\/{rel}","templated":true}]}}