{"id":102602,"date":"2019-03-05T10:52:29","date_gmt":"2019-03-05T09:52:29","guid":{"rendered":"http:\/\/www.bellunopress.it\/?p=102602"},"modified":"2019-03-05T20:47:38","modified_gmt":"2019-03-05T19:47:38","slug":"furto-di-bicicletta-e-stemmi-di-moto-individuato-lautore-e-un-minorenne-residente-in-provincia","status":"publish","type":"post","link":"https:\/\/www.bellunopress.it\/fr\/2019\/03\/05\/furto-di-bicicletta-e-stemmi-di-moto-individuato-lautore-e-un-minorenne-residente-in-provincia\/","title":{"rendered":"Furto di bicicletta e stemmi di moto. Individuato l&#8217;autore, \u00e8 un minorenne residente in provincia"},"content":{"rendered":"<p><a href=\"http:\/\/www.bellunopress.it\/fr\/2019\/03\/05\/furto-di-bicicletta-e-stemmi-di-moto-individuato-lautore-e-un-minorenne-residente-in-provincia\/bicicletta-mtb-polizia\/\" rel=\"attachment wp-att-102603\"><img loading=\"lazy\" decoding=\"async\" class=\"alignleft size-full wp-image-102603\" src=\"http:\/\/www.bellunopress.it\/wp-content\/uploads\/2019\/03\/bicicletta-mtb-polizia.jpg\" alt=\"\" width=\"300\" height=\"196\" \/><\/a>Questo fine settimana gli uomini della Squadra Volante hanno individuato il \u201cladro degli stemmi\u201d; il fatto, risalente a qualche giorno fa, era avvenuto nel parcheggio di via Caffi a Belluno.<br \/>\nDurante la normale attivit\u00e0 di pattugliamento, la Volante, transitando nei pressi della stazione ha notato un ragazzo, con uno zainetto in spalla facilmente riconoscibile in quanto molto appariscente, a bordo di una mountain bike.<\/p>\n<p>Il ragazzo ha attirato immediatamente l\u2019attenzione dei poliziotti, in quanto le sue caratteristiche fisiche oltre ad alcuni suoi capi di abbigliamento e accessori corrispondevano a quelli del giovane che, in due recenti episodi, era stato immortalato dal circuito di videosorveglianza interna del parcheggio \u201cPark Caffi\u201d di Belluno, mentre si aggirava con fare sospetto tra le auto e le moto in sosta e sospettato di aver asportato due stemmi da una moto di grossa cilindrata; episodi per i quali era poi stata sporta denuncia.<br \/>\nGli agenti a questo punto hanno ritenuto opportuno procedere all\u2019identificazione del ragazzo che non appena si \u00e8 accorto della presenza della Volante \u00e8 scappato tentando di liberarsi della bici lanciandola nel giardino di una abitazione di via De Min:<\/p>\n<p>Il tentativo di fuga \u00e8 tuttavia durato poco, i poliziotti lo hanno immediatamente raggiunto e accompagnato in Questura dove ha subito ammesso che poco prima aveva rubato la bicicletta.<br \/>\nIl ragazzo, un minore residente in provincia di Belluno, una volta in Questura, in seguito alle domande degli agenti, ha anche ammesso di essersi introdotto all\u2019interno del parcheggio di via Caffi e di aver rubato due stemmi dalle moto l\u00ec parcheggiate.<br \/>\nIl giovane per il furto della bicicletta e degli stemmi \u00e8 stato denunciato all\u2019Autorit\u00e0 Giudiziaria; la bicicletta \u00e8 stata sequestrata in attesa di individuare il legittimo proprietario.<\/p>","protected":false},"excerpt":{"rendered":"<p>Questo fine settimana gli uomini della Squadra Volante hanno individuato il \u201cladro degli stemmi\u201d; il fatto, risalente a qualche giorno fa, era avvenuto nel parcheggio di via Caffi a Belluno. Durante la normale attivit\u00e0 di pattugliamento, la Volante, transitando nei pressi della stazione ha notato un ragazzo, con uno zainetto in spalla facilmente riconoscibile in [&hellip;]<\/p>\n","protected":false},"author":2,"featured_media":0,"comment_status":"closed","ping_status":"open","sticky":false,"template":"","format":"standard","meta":{"footnotes":""},"categories":[5,26],"tags":[],"class_list":["post-102602","post","type-post","status-publish","format-standard","category-cronaca","category-prima-pagina"],"yoast_head":"<!-- This site is optimized with the Yoast SEO plugin v28.4 - https:\/\/yoast.com\/product\/yoast-seo-wordpress\/ -->\n<title>Furto di bicicletta e stemmi di moto. Individuato l&#039;autore, \u00e8 un minorenne residente in provincia - Bellunopress - Dolomiti<\/title>\n<meta name=\"robots\" content=\"index, follow, max-snippet:-1, max-image-preview:large, max-video-preview:-1\" \/>\n<link rel=\"canonical\" href=\"https:\/\/www.bellunopress.it\/fr\/2019\/03\/05\/furto-di-bicicletta-e-stemmi-di-moto-individuato-lautore-e-un-minorenne-residente-in-provincia\/\" \/>\n<meta property=\"og:locale\" content=\"fr_FR\" \/>\n<meta property=\"og:type\" content=\"article\" \/>\n<meta property=\"og:title\" content=\"Furto di bicicletta e stemmi di moto. Individuato l&#039;autore, \u00e8 un minorenne residente in provincia - Bellunopress - Dolomiti\" \/>\n<meta property=\"og:description\" content=\"Questo fine settimana gli uomini della Squadra Volante hanno individuato il \u201cladro degli stemmi\u201d; il fatto, risalente a qualche giorno fa, era avvenuto nel parcheggio di via Caffi a Belluno. Durante la normale attivit\u00e0 di pattugliamento, la Volante, transitando nei pressi della stazione ha notato un ragazzo, con uno zainetto in spalla facilmente riconoscibile in [&hellip;]\" \/>\n<meta property=\"og:url\" content=\"https:\/\/www.bellunopress.it\/fr\/2019\/03\/05\/furto-di-bicicletta-e-stemmi-di-moto-individuato-lautore-e-un-minorenne-residente-in-provincia\/\" \/>\n<meta property=\"og:site_name\" content=\"Bellunopress - Dolomiti\" \/>\n<meta property=\"article:publisher\" content=\"https:\/\/www.facebook.com\/profile.php?id=100008943462799\" \/>\n<meta property=\"article:published_time\" content=\"2019-03-05T09:52:29+00:00\" \/>\n<meta property=\"article:modified_time\" content=\"2019-03-05T19:47:38+00:00\" \/>\n<meta property=\"og:image\" content=\"http:\/\/www.bellunopress.it\/wp-content\/uploads\/2019\/03\/bicicletta-mtb-polizia.jpg\" \/>\n<meta name=\"author\" content=\"redazione\" \/>\n<meta name=\"twitter:card\" content=\"summary_large_image\" \/>\n<meta name=\"twitter:creator\" content=\"@bellunopress\" \/>\n<meta name=\"twitter:site\" content=\"@bellunopress\" \/>\n<meta name=\"twitter:label1\" content=\"\u00c9crit par\" \/>\n\t<meta name=\"twitter:data1\" content=\"redazione\" \/>\n\t<meta name=\"twitter:label2\" content=\"Dur\u00e9e de lecture estim\u00e9e\" \/>\n\t<meta name=\"twitter:data2\" content=\"1 minute\" \/>\n<script type=\"application\/ld+json\" class=\"yoast-schema-graph\">{\"@context\":\"https:\\\/\\\/schema.org\",\"@graph\":[{\"@type\":\"Article\",\"@id\":\"https:\\\/\\\/www.bellunopress.it\\\/2019\\\/03\\\/05\\\/furto-di-bicicletta-e-stemmi-di-moto-individuato-lautore-e-un-minorenne-residente-in-provincia\\\/#article\",\"isPartOf\":{\"@id\":\"https:\\\/\\\/www.bellunopress.it\\\/2019\\\/03\\\/05\\\/furto-di-bicicletta-e-stemmi-di-moto-individuato-lautore-e-un-minorenne-residente-in-provincia\\\/\"},\"author\":{\"name\":\"redazione\",\"@id\":\"https:\\\/\\\/www.bellunopress.it\\\/#\\\/schema\\\/person\\\/79bb06722b37ece1c03d3e94beb30d73\"},\"headline\":\"Furto di bicicletta e stemmi di moto. Individuato l&#8217;autore, \u00e8 un minorenne residente in provincia\",\"datePublished\":\"2019-03-05T09:52:29+00:00\",\"dateModified\":\"2019-03-05T19:47:38+00:00\",\"mainEntityOfPage\":{\"@id\":\"https:\\\/\\\/www.bellunopress.it\\\/2019\\\/03\\\/05\\\/furto-di-bicicletta-e-stemmi-di-moto-individuato-lautore-e-un-minorenne-residente-in-provincia\\\/\"},\"wordCount\":297,\"publisher\":{\"@id\":\"https:\\\/\\\/www.bellunopress.it\\\/#organization\"},\"image\":{\"@id\":\"https:\\\/\\\/www.bellunopress.it\\\/2019\\\/03\\\/05\\\/furto-di-bicicletta-e-stemmi-di-moto-individuato-lautore-e-un-minorenne-residente-in-provincia\\\/#primaryimage\"},\"thumbnailUrl\":\"http:\\\/\\\/www.bellunopress.it\\\/wp-content\\\/uploads\\\/2019\\\/03\\\/bicicletta-mtb-polizia.jpg\",\"articleSection\":[\"Cronaca\\\/Politica\",\"Prima Pagina\"],\"inLanguage\":\"fr-FR\"},{\"@type\":\"WebPage\",\"@id\":\"https:\\\/\\\/www.bellunopress.it\\\/2019\\\/03\\\/05\\\/furto-di-bicicletta-e-stemmi-di-moto-individuato-lautore-e-un-minorenne-residente-in-provincia\\\/\",\"url\":\"https:\\\/\\\/www.bellunopress.it\\\/2019\\\/03\\\/05\\\/furto-di-bicicletta-e-stemmi-di-moto-individuato-lautore-e-un-minorenne-residente-in-provincia\\\/\",\"name\":\"Furto di bicicletta e stemmi di moto. Individuato l'autore, \u00e8 un minorenne residente in provincia - Bellunopress - Dolomiti\",\"isPartOf\":{\"@id\":\"https:\\\/\\\/www.bellunopress.it\\\/#website\"},\"primaryImageOfPage\":{\"@id\":\"https:\\\/\\\/www.bellunopress.it\\\/2019\\\/03\\\/05\\\/furto-di-bicicletta-e-stemmi-di-moto-individuato-lautore-e-un-minorenne-residente-in-provincia\\\/#primaryimage\"},\"image\":{\"@id\":\"https:\\\/\\\/www.bellunopress.it\\\/2019\\\/03\\\/05\\\/furto-di-bicicletta-e-stemmi-di-moto-individuato-lautore-e-un-minorenne-residente-in-provincia\\\/#primaryimage\"},\"thumbnailUrl\":\"http:\\\/\\\/www.bellunopress.it\\\/wp-content\\\/uploads\\\/2019\\\/03\\\/bicicletta-mtb-polizia.jpg\",\"datePublished\":\"2019-03-05T09:52:29+00:00\",\"dateModified\":\"2019-03-05T19:47:38+00:00\",\"breadcrumb\":{\"@id\":\"https:\\\/\\\/www.bellunopress.it\\\/2019\\\/03\\\/05\\\/furto-di-bicicletta-e-stemmi-di-moto-individuato-lautore-e-un-minorenne-residente-in-provincia\\\/#breadcrumb\"},\"inLanguage\":\"fr-FR\",\"potentialAction\":[{\"@type\":\"ReadAction\",\"target\":[\"https:\\\/\\\/www.bellunopress.it\\\/2019\\\/03\\\/05\\\/furto-di-bicicletta-e-stemmi-di-moto-individuato-lautore-e-un-minorenne-residente-in-provincia\\\/\"]}]},{\"@type\":\"ImageObject\",\"inLanguage\":\"fr-FR\",\"@id\":\"https:\\\/\\\/www.bellunopress.it\\\/2019\\\/03\\\/05\\\/furto-di-bicicletta-e-stemmi-di-moto-individuato-lautore-e-un-minorenne-residente-in-provincia\\\/#primaryimage\",\"url\":\"http:\\\/\\\/www.bellunopress.it\\\/wp-content\\\/uploads\\\/2019\\\/03\\\/bicicletta-mtb-polizia.jpg\",\"contentUrl\":\"http:\\\/\\\/www.bellunopress.it\\\/wp-content\\\/uploads\\\/2019\\\/03\\\/bicicletta-mtb-polizia.jpg\"},{\"@type\":\"BreadcrumbList\",\"@id\":\"https:\\\/\\\/www.bellunopress.it\\\/2019\\\/03\\\/05\\\/furto-di-bicicletta-e-stemmi-di-moto-individuato-lautore-e-un-minorenne-residente-in-provincia\\\/#breadcrumb\",\"itemListElement\":[{\"@type\":\"ListItem\",\"position\":1,\"name\":\"Home\",\"item\":\"https:\\\/\\\/www.bellunopress.it\\\/\"},{\"@type\":\"ListItem\",\"position\":2,\"name\":\"Furto di bicicletta e stemmi di moto. Individuato l&#8217;autore, \u00e8 un minorenne residente in provincia\"}]},{\"@type\":\"WebSite\",\"@id\":\"https:\\\/\\\/www.bellunopress.it\\\/#website\",\"url\":\"https:\\\/\\\/www.bellunopress.it\\\/\",\"name\":\"Bellunopress - Dolomiti\",\"description\":\"e-mail: redazione@bellunopress.it\",\"publisher\":{\"@id\":\"https:\\\/\\\/www.bellunopress.it\\\/#organization\"},\"potentialAction\":[{\"@type\":\"SearchAction\",\"target\":{\"@type\":\"EntryPoint\",\"urlTemplate\":\"https:\\\/\\\/www.bellunopress.it\\\/?s={search_term_string}\"},\"query-input\":{\"@type\":\"PropertyValueSpecification\",\"valueRequired\":true,\"valueName\":\"search_term_string\"}}],\"inLanguage\":\"fr-FR\"},{\"@type\":\"Organization\",\"@id\":\"https:\\\/\\\/www.bellunopress.it\\\/#organization\",\"name\":\"Bellunopress\",\"url\":\"https:\\\/\\\/www.bellunopress.it\\\/\",\"logo\":{\"@type\":\"ImageObject\",\"inLanguage\":\"fr-FR\",\"@id\":\"https:\\\/\\\/www.bellunopress.it\\\/#\\\/schema\\\/logo\\\/image\\\/\",\"url\":\"https:\\\/\\\/www.bellunopress.it\\\/wp-content\\\/uploads\\\/2011\\\/05\\\/cropped-logo-bellunopress-.jpg\",\"contentUrl\":\"https:\\\/\\\/www.bellunopress.it\\\/wp-content\\\/uploads\\\/2011\\\/05\\\/cropped-logo-bellunopress-.jpg\",\"width\":512,\"height\":512,\"caption\":\"Bellunopress\"},\"image\":{\"@id\":\"https:\\\/\\\/www.bellunopress.it\\\/#\\\/schema\\\/logo\\\/image\\\/\"},\"sameAs\":[\"https:\\\/\\\/www.facebook.com\\\/profile.php?id=100008943462799\",\"https:\\\/\\\/x.com\\\/bellunopress\",\"https:\\\/\\\/www.linkedin.com\\\/hp\\\/?dnr=JBzUWaJfMUw8vbXJJ2tVW5-I3jZKvC4wsoxE&amp;amp;amp;amp;amp;amp;trk=nav_responsive_tab_home\",\"https:\\\/\\\/www.youtube.com\\\/channel\\\/UCxL0wu1uN0_3_7hGG0306cw\"]},{\"@type\":\"Person\",\"@id\":\"https:\\\/\\\/www.bellunopress.it\\\/#\\\/schema\\\/person\\\/79bb06722b37ece1c03d3e94beb30d73\",\"name\":\"redazione\",\"image\":{\"@type\":\"ImageObject\",\"inLanguage\":\"fr-FR\",\"@id\":\"https:\\\/\\\/secure.gravatar.com\\\/avatar\\\/37d968a2e67a6fd04c169c4bdef102d0bc5d31b2546345219e348575eb80e9a0?s=96&d=mm&r=g\",\"url\":\"https:\\\/\\\/secure.gravatar.com\\\/avatar\\\/37d968a2e67a6fd04c169c4bdef102d0bc5d31b2546345219e348575eb80e9a0?s=96&d=mm&r=g\",\"contentUrl\":\"https:\\\/\\\/secure.gravatar.com\\\/avatar\\\/37d968a2e67a6fd04c169c4bdef102d0bc5d31b2546345219e348575eb80e9a0?s=96&d=mm&r=g\",\"caption\":\"redazione\"},\"sameAs\":[\"http:\\\/\\\/www.bellunopress.it\",\"https:\\\/\\\/x.com\\\/bellunopress\"],\"url\":\"https:\\\/\\\/www.bellunopress.it\\\/fr\\\/author\\\/redazione\\\/\"}]}<\/script>\n<!-- \/ Yoast SEO plugin. -->","yoast_head_json":{"title":"Furto di bicicletta e stemmi di moto. Individuato l'autore, \u00e8 un minorenne residente in provincia - Bellunopress - Dolomiti","robots":{"index":"index","follow":"follow","max-snippet":"max-snippet:-1","max-image-preview":"max-image-preview:large","max-video-preview":"max-video-preview:-1"},"canonical":"https:\/\/www.bellunopress.it\/fr\/2019\/03\/05\/furto-di-bicicletta-e-stemmi-di-moto-individuato-lautore-e-un-minorenne-residente-in-provincia\/","og_locale":"fr_FR","og_type":"article","og_title":"Furto di bicicletta e stemmi di moto. Individuato l'autore, \u00e8 un minorenne residente in provincia - Bellunopress - Dolomiti","og_description":"Questo fine settimana gli uomini della Squadra Volante hanno individuato il \u201cladro degli stemmi\u201d; il fatto, risalente a qualche giorno fa, era avvenuto nel parcheggio di via Caffi a Belluno. Durante la normale attivit\u00e0 di pattugliamento, la Volante, transitando nei pressi della stazione ha notato un ragazzo, con uno zainetto in spalla facilmente riconoscibile in [&hellip;]","og_url":"https:\/\/www.bellunopress.it\/fr\/2019\/03\/05\/furto-di-bicicletta-e-stemmi-di-moto-individuato-lautore-e-un-minorenne-residente-in-provincia\/","og_site_name":"Bellunopress - Dolomiti","article_publisher":"https:\/\/www.facebook.com\/profile.php?id=100008943462799","article_published_time":"2019-03-05T09:52:29+00:00","article_modified_time":"2019-03-05T19:47:38+00:00","og_image":[{"url":"http:\/\/www.bellunopress.it\/wp-content\/uploads\/2019\/03\/bicicletta-mtb-polizia.jpg","type":"","width":"","height":""}],"author":"redazione","twitter_card":"summary_large_image","twitter_creator":"@bellunopress","twitter_site":"@bellunopress","twitter_misc":{"\u00c9crit par":"redazione","Dur\u00e9e de lecture estim\u00e9e":"1 minute"},"schema":{"@context":"https:\/\/schema.org","@graph":[{"@type":"Article","@id":"https:\/\/www.bellunopress.it\/2019\/03\/05\/furto-di-bicicletta-e-stemmi-di-moto-individuato-lautore-e-un-minorenne-residente-in-provincia\/#article","isPartOf":{"@id":"https:\/\/www.bellunopress.it\/2019\/03\/05\/furto-di-bicicletta-e-stemmi-di-moto-individuato-lautore-e-un-minorenne-residente-in-provincia\/"},"author":{"name":"redazione","@id":"https:\/\/www.bellunopress.it\/#\/schema\/person\/79bb06722b37ece1c03d3e94beb30d73"},"headline":"Furto di bicicletta e stemmi di moto. Individuato l&#8217;autore, \u00e8 un minorenne residente in provincia","datePublished":"2019-03-05T09:52:29+00:00","dateModified":"2019-03-05T19:47:38+00:00","mainEntityOfPage":{"@id":"https:\/\/www.bellunopress.it\/2019\/03\/05\/furto-di-bicicletta-e-stemmi-di-moto-individuato-lautore-e-un-minorenne-residente-in-provincia\/"},"wordCount":297,"publisher":{"@id":"https:\/\/www.bellunopress.it\/#organization"},"image":{"@id":"https:\/\/www.bellunopress.it\/2019\/03\/05\/furto-di-bicicletta-e-stemmi-di-moto-individuato-lautore-e-un-minorenne-residente-in-provincia\/#primaryimage"},"thumbnailUrl":"http:\/\/www.bellunopress.it\/wp-content\/uploads\/2019\/03\/bicicletta-mtb-polizia.jpg","articleSection":["Cronaca\/Politica","Prima Pagina"],"inLanguage":"fr-FR"},{"@type":"WebPage","@id":"https:\/\/www.bellunopress.it\/2019\/03\/05\/furto-di-bicicletta-e-stemmi-di-moto-individuato-lautore-e-un-minorenne-residente-in-provincia\/","url":"https:\/\/www.bellunopress.it\/2019\/03\/05\/furto-di-bicicletta-e-stemmi-di-moto-individuato-lautore-e-un-minorenne-residente-in-provincia\/","name":"Furto di bicicletta e stemmi di moto. Individuato l'autore, \u00e8 un minorenne residente in provincia - Bellunopress - Dolomiti","isPartOf":{"@id":"https:\/\/www.bellunopress.it\/#website"},"primaryImageOfPage":{"@id":"https:\/\/www.bellunopress.it\/2019\/03\/05\/furto-di-bicicletta-e-stemmi-di-moto-individuato-lautore-e-un-minorenne-residente-in-provincia\/#primaryimage"},"image":{"@id":"https:\/\/www.bellunopress.it\/2019\/03\/05\/furto-di-bicicletta-e-stemmi-di-moto-individuato-lautore-e-un-minorenne-residente-in-provincia\/#primaryimage"},"thumbnailUrl":"http:\/\/www.bellunopress.it\/wp-content\/uploads\/2019\/03\/bicicletta-mtb-polizia.jpg","datePublished":"2019-03-05T09:52:29+00:00","dateModified":"2019-03-05T19:47:38+00:00","breadcrumb":{"@id":"https:\/\/www.bellunopress.it\/2019\/03\/05\/furto-di-bicicletta-e-stemmi-di-moto-individuato-lautore-e-un-minorenne-residente-in-provincia\/#breadcrumb"},"inLanguage":"fr-FR","potentialAction":[{"@type":"ReadAction","target":["https:\/\/www.bellunopress.it\/2019\/03\/05\/furto-di-bicicletta-e-stemmi-di-moto-individuato-lautore-e-un-minorenne-residente-in-provincia\/"]}]},{"@type":"ImageObject","inLanguage":"fr-FR","@id":"https:\/\/www.bellunopress.it\/2019\/03\/05\/furto-di-bicicletta-e-stemmi-di-moto-individuato-lautore-e-un-minorenne-residente-in-provincia\/#primaryimage","url":"http:\/\/www.bellunopress.it\/wp-content\/uploads\/2019\/03\/bicicletta-mtb-polizia.jpg","contentUrl":"http:\/\/www.bellunopress.it\/wp-content\/uploads\/2019\/03\/bicicletta-mtb-polizia.jpg"},{"@type":"BreadcrumbList","@id":"https:\/\/www.bellunopress.it\/2019\/03\/05\/furto-di-bicicletta-e-stemmi-di-moto-individuato-lautore-e-un-minorenne-residente-in-provincia\/#breadcrumb","itemListElement":[{"@type":"ListItem","position":1,"name":"Home","item":"https:\/\/www.bellunopress.it\/"},{"@type":"ListItem","position":2,"name":"Furto di bicicletta e stemmi di moto. Individuato l&#8217;autore, \u00e8 un minorenne residente in provincia"}]},{"@type":"WebSite","@id":"https:\/\/www.bellunopress.it\/#website","url":"https:\/\/www.bellunopress.it\/","name":"Bellunopress - Dolomiti","description":"e-mail: redazione@bellunopress.it","publisher":{"@id":"https:\/\/www.bellunopress.it\/#organization"},"potentialAction":[{"@type":"SearchAction","target":{"@type":"EntryPoint","urlTemplate":"https:\/\/www.bellunopress.it\/?s={search_term_string}"},"query-input":{"@type":"PropertyValueSpecification","valueRequired":true,"valueName":"search_term_string"}}],"inLanguage":"fr-FR"},{"@type":"Organization","@id":"https:\/\/www.bellunopress.it\/#organization","name":"Bellunopress","url":"https:\/\/www.bellunopress.it\/","logo":{"@type":"ImageObject","inLanguage":"fr-FR","@id":"https:\/\/www.bellunopress.it\/#\/schema\/logo\/image\/","url":"https:\/\/www.bellunopress.it\/wp-content\/uploads\/2011\/05\/cropped-logo-bellunopress-.jpg","contentUrl":"https:\/\/www.bellunopress.it\/wp-content\/uploads\/2011\/05\/cropped-logo-bellunopress-.jpg","width":512,"height":512,"caption":"Bellunopress"},"image":{"@id":"https:\/\/www.bellunopress.it\/#\/schema\/logo\/image\/"},"sameAs":["https:\/\/www.facebook.com\/profile.php?id=100008943462799","https:\/\/x.com\/bellunopress","https:\/\/www.linkedin.com\/hp\/?dnr=JBzUWaJfMUw8vbXJJ2tVW5-I3jZKvC4wsoxE&amp;amp;amp;amp;amp;amp;trk=nav_responsive_tab_home","https:\/\/www.youtube.com\/channel\/UCxL0wu1uN0_3_7hGG0306cw"]},{"@type":"Person","@id":"https:\/\/www.bellunopress.it\/#\/schema\/person\/79bb06722b37ece1c03d3e94beb30d73","name":"r\u00e9daction","image":{"@type":"ImageObject","inLanguage":"fr-FR","@id":"https:\/\/secure.gravatar.com\/avatar\/37d968a2e67a6fd04c169c4bdef102d0bc5d31b2546345219e348575eb80e9a0?s=96&d=mm&r=g","url":"https:\/\/secure.gravatar.com\/avatar\/37d968a2e67a6fd04c169c4bdef102d0bc5d31b2546345219e348575eb80e9a0?s=96&d=mm&r=g","contentUrl":"https:\/\/secure.gravatar.com\/avatar\/37d968a2e67a6fd04c169c4bdef102d0bc5d31b2546345219e348575eb80e9a0?s=96&d=mm&r=g","caption":"redazione"},"sameAs":["http:\/\/www.bellunopress.it","https:\/\/x.com\/bellunopress"],"url":"https:\/\/www.bellunopress.it\/fr\/author\/redazione\/"}]}},"_links":{"self":[{"href":"https:\/\/www.bellunopress.it\/fr\/wp-json\/wp\/v2\/posts\/102602","targetHints":{"allow":["GET"]}}],"collection":[{"href":"https:\/\/www.bellunopress.it\/fr\/wp-json\/wp\/v2\/posts"}],"about":[{"href":"https:\/\/www.bellunopress.it\/fr\/wp-json\/wp\/v2\/types\/post"}],"author":[{"embeddable":true,"href":"https:\/\/www.bellunopress.it\/fr\/wp-json\/wp\/v2\/users\/2"}],"replies":[{"embeddable":true,"href":"https:\/\/www.bellunopress.it\/fr\/wp-json\/wp\/v2\/comments?post=102602"}],"version-history":[{"count":2,"href":"https:\/\/www.bellunopress.it\/fr\/wp-json\/wp\/v2\/posts\/102602\/revisions"}],"predecessor-version":[{"id":102605,"href":"https:\/\/www.bellunopress.it\/fr\/wp-json\/wp\/v2\/posts\/102602\/revisions\/102605"}],"wp:attachment":[{"href":"https:\/\/www.bellunopress.it\/fr\/wp-json\/wp\/v2\/media?parent=102602"}],"wp:term":[{"taxonomy":"category","embeddable":true,"href":"https:\/\/www.bellunopress.it\/fr\/wp-json\/wp\/v2\/categories?post=102602"},{"taxonomy":"post_tag","embeddable":true,"href":"https:\/\/www.bellunopress.it\/fr\/wp-json\/wp\/v2\/tags?post=102602"}],"curies":[{"name":"wp","href":"https:\/\/api.w.org\/{rel}","templated":true}]}}