{"id":102596,"date":"2019-03-05T07:53:49","date_gmt":"2019-03-05T06:53:49","guid":{"rendered":"http:\/\/www.bellunopress.it\/?p=102596"},"modified":"2019-03-05T07:53:50","modified_gmt":"2019-03-05T06:53:50","slug":"zaia-inaugura-lunita-farmaci-antiblastici-a-belluno-nessun-ospedale-chiudera-qualita-investimenti-e-iperspecializzazione-ovunque","status":"publish","type":"post","link":"https:\/\/www.bellunopress.it\/fr\/2019\/03\/05\/zaia-inaugura-lunita-farmaci-antiblastici-a-belluno-nessun-ospedale-chiudera-qualita-investimenti-e-iperspecializzazione-ovunque\/","title":{"rendered":"Zaia inaugura l&#8217;Unit\u00e0 farmaci antiblastici a Belluno: &#8220;Nessun ospedale chiuder\u00e0. Qualit\u00e0, investimenti e iperspecializzazione ovunque&#8221;"},"content":{"rendered":"<p><a href=\"http:\/\/www.bellunopress.it\/fr\/2019\/03\/05\/zaia-inaugura-lunita-farmaci-antiblastici-a-belluno-nessun-ospedale-chiudera-qualita-investimenti-e-iperspecializzazione-ovunque\/zaia-ospedale-belluno\/\" rel=\"attachment wp-att-102597\"><img loading=\"lazy\" decoding=\"async\" class=\"alignleft size-full wp-image-102597\" src=\"http:\/\/www.bellunopress.it\/wp-content\/uploads\/2019\/03\/Zaia-ospedale-belluno.jpg\" alt=\"\" width=\"300\" height=\"206\" \/><\/a>Con le schede ospedaliere che discenderanno dal Piano Socio Sanitario 2019-2023 in Veneto non ridimensioneremo, n\u00e9 tanto meno chiuderemo, nessun ospedale, nemmeno a Belluno, dove spesso circolano vere e proprie leggende metropolitane su tagli mai esistiti e che mai esisteranno. Il Veneto ha, e avr\u00e0, 68 ospedali, ognuno dei quali con qualit\u00e0 e alte professionalit\u00e0, in un quadro di iperspecializzazione regionale nel quale rientra anche questo gioiello dell\u2019Unit\u00e0 Farmaci Antiblastici di Belluno\u201d.<\/p>\n<p>Lo ha detto il Presidente della Regione del Veneto, Luca Zaia, inaugurando oggi nel capoluogo dolomitico la nuova unit\u00e0 che autoprodurr\u00e0 farmaci per le terapie antitumorali in una struttura ricavata all\u2019interno dell\u2019Ospedale San Martino, con una spesa di 553 mila euro, grazie alla donazione di un benefattore privato.<\/p>\n<p>\u201cSono qui prima di tutto per rendere omaggio a questa persona \u2013 ha detto Zaia \u2013 la cui generosit\u00e0 ha permesso di realizzare una vera e propria eccellenza, che produrr\u00e0 15 mila allestimenti oncologici e 50 mila terapie di supporto all\u2019anno con la centralizzazione delle terapie oncologiche e oncoematologiche orali per un valore di 8 milioni. Il tutto nella totale sicurezza e appropriatezza delle preparazioni, che scaturiscono dalla condivisione dei protocolli, grazie all\u2019informatizzazione e al collegamento in rete di tutta la sanit\u00e0 veneta nella Rete Oncologica Regionale \u2013 ROV\u201d.<\/p>\n<p>\u201cE\u2019 il futuro dell\u2019iperspecializzazione \u2013 ha aggiunto il Governatore \u2013 di cui Belluno \u00e8 protagonista a pieno titolo. Anche qui non si chiudono ospedali, ma si passa oltre la vecchia e sorpassata strategia dei posti letto, e la si sostituisce con le alte specialit\u00e0, le professionalit\u00e0 spiccate, le nuove tecnologie in tema di macchinari e farmaci, il concetto di rete, che annulla le distanze e migliora le performances ovunque\u201d.<\/p>\n<p>Zaia non ha mancato di fare riferimento alle polemiche che spesso coinvolgono la sanit\u00e0 bellunese: \u201cchiedo alla gente \u2013 ha detto \u2013 di guardare ai fatti e non farsi condizionare dalle leggende metropolitane messe in giro dagli immancabili catastrofisti. Belluno trascurata dalla sanit\u00e0 regionale? Falso, come si dimostra anche oggi e come dimostrano gli investimenti presenti e futuri e la presenza della sanit\u00e0 bellunese in tutte le reti regionali d\u2019eccellenza. Chiudiamo il Codivilla di Cortina? Falso. Abbiamo chiuso una collaborazione pubblico-privata come imponeva la legge e abbiamo assegnato, con gara pubblica, la gestione a un\u2019entit\u00e0 di caratura internazionale con una progettualit\u00e0 da 207 milioni. A Belluno la Regione non assume medici? Falso. Si tratta di una situazione nazionale, con 56 mila medici in meno del necessario (1.300 nel solo Veneto), legata a cattive programmazioni degli anni passati, con il numero chiuso a medicina e la sottostima delle necessit\u00e0 delle borse di specialit\u00e0. A Pieve di Cadore, tanto per fare un esempio, il direttore generale ha fatto sei scorrimenti di graduatoria, ma gli interessati non hanno risposto\u201d.<\/p>","protected":false},"excerpt":{"rendered":"<p>Con le schede ospedaliere che discenderanno dal Piano Socio Sanitario 2019-2023 in Veneto non ridimensioneremo, n\u00e9 tanto meno chiuderemo, nessun ospedale, nemmeno a Belluno, dove spesso circolano vere e proprie leggende metropolitane su tagli mai esistiti e che mai esisteranno. Il Veneto ha, e avr\u00e0, 68 ospedali, ognuno dei quali con qualit\u00e0 e alte professionalit\u00e0, [&hellip;]<\/p>\n","protected":false},"author":2,"featured_media":0,"comment_status":"closed","ping_status":"open","sticky":false,"template":"","format":"standard","meta":{"footnotes":""},"categories":[5,26,17],"tags":[],"class_list":["post-102596","post","type-post","status-publish","format-standard","category-cronaca","category-prima-pagina","category-sanita"],"yoast_head":"<!-- This site is optimized with the Yoast SEO plugin v28.4 - https:\/\/yoast.com\/product\/yoast-seo-wordpress\/ -->\n<title>Zaia inaugura l&#039;Unit\u00e0 farmaci antiblastici a Belluno: &quot;Nessun ospedale chiuder\u00e0. Qualit\u00e0, investimenti e iperspecializzazione ovunque&quot; - Bellunopress - Dolomiti<\/title>\n<meta name=\"robots\" content=\"index, follow, max-snippet:-1, max-image-preview:large, max-video-preview:-1\" \/>\n<link rel=\"canonical\" href=\"https:\/\/www.bellunopress.it\/fr\/2019\/03\/05\/zaia-inaugura-lunita-farmaci-antiblastici-a-belluno-nessun-ospedale-chiudera-qualita-investimenti-e-iperspecializzazione-ovunque\/\" \/>\n<meta property=\"og:locale\" content=\"fr_FR\" \/>\n<meta property=\"og:type\" content=\"article\" \/>\n<meta property=\"og:title\" content=\"Zaia inaugura l&#039;Unit\u00e0 farmaci antiblastici a Belluno: &quot;Nessun ospedale chiuder\u00e0. Qualit\u00e0, investimenti e iperspecializzazione ovunque&quot; - Bellunopress - Dolomiti\" \/>\n<meta property=\"og:description\" content=\"Con le schede ospedaliere che discenderanno dal Piano Socio Sanitario 2019-2023 in Veneto non ridimensioneremo, n\u00e9 tanto meno chiuderemo, nessun ospedale, nemmeno a Belluno, dove spesso circolano vere e proprie leggende metropolitane su tagli mai esistiti e che mai esisteranno. Il Veneto ha, e avr\u00e0, 68 ospedali, ognuno dei quali con qualit\u00e0 e alte professionalit\u00e0, [&hellip;]\" \/>\n<meta property=\"og:url\" content=\"https:\/\/www.bellunopress.it\/fr\/2019\/03\/05\/zaia-inaugura-lunita-farmaci-antiblastici-a-belluno-nessun-ospedale-chiudera-qualita-investimenti-e-iperspecializzazione-ovunque\/\" \/>\n<meta property=\"og:site_name\" content=\"Bellunopress - Dolomiti\" \/>\n<meta property=\"article:publisher\" content=\"https:\/\/www.facebook.com\/profile.php?id=100008943462799\" \/>\n<meta property=\"article:published_time\" content=\"2019-03-05T06:53:49+00:00\" \/>\n<meta property=\"article:modified_time\" content=\"2019-03-05T06:53:50+00:00\" \/>\n<meta property=\"og:image\" content=\"http:\/\/www.bellunopress.it\/wp-content\/uploads\/2019\/03\/Zaia-ospedale-belluno.jpg\" \/>\n<meta name=\"author\" content=\"redazione\" \/>\n<meta name=\"twitter:card\" content=\"summary_large_image\" \/>\n<meta name=\"twitter:creator\" content=\"@bellunopress\" \/>\n<meta name=\"twitter:site\" content=\"@bellunopress\" \/>\n<meta name=\"twitter:label1\" content=\"\u00c9crit par\" \/>\n\t<meta name=\"twitter:data1\" content=\"redazione\" \/>\n\t<meta name=\"twitter:label2\" content=\"Dur\u00e9e de lecture estim\u00e9e\" \/>\n\t<meta name=\"twitter:data2\" content=\"2 minutes\" \/>\n<script type=\"application\/ld+json\" class=\"yoast-schema-graph\">{\"@context\":\"https:\\\/\\\/schema.org\",\"@graph\":[{\"@type\":\"Article\",\"@id\":\"https:\\\/\\\/www.bellunopress.it\\\/2019\\\/03\\\/05\\\/zaia-inaugura-lunita-farmaci-antiblastici-a-belluno-nessun-ospedale-chiudera-qualita-investimenti-e-iperspecializzazione-ovunque\\\/#article\",\"isPartOf\":{\"@id\":\"https:\\\/\\\/www.bellunopress.it\\\/2019\\\/03\\\/05\\\/zaia-inaugura-lunita-farmaci-antiblastici-a-belluno-nessun-ospedale-chiudera-qualita-investimenti-e-iperspecializzazione-ovunque\\\/\"},\"author\":{\"name\":\"redazione\",\"@id\":\"https:\\\/\\\/www.bellunopress.it\\\/#\\\/schema\\\/person\\\/79bb06722b37ece1c03d3e94beb30d73\"},\"headline\":\"Zaia inaugura l&#8217;Unit\u00e0 farmaci antiblastici a Belluno: &#8220;Nessun ospedale chiuder\u00e0. Qualit\u00e0, investimenti e iperspecializzazione ovunque&#8221;\",\"datePublished\":\"2019-03-05T06:53:49+00:00\",\"dateModified\":\"2019-03-05T06:53:50+00:00\",\"mainEntityOfPage\":{\"@id\":\"https:\\\/\\\/www.bellunopress.it\\\/2019\\\/03\\\/05\\\/zaia-inaugura-lunita-farmaci-antiblastici-a-belluno-nessun-ospedale-chiudera-qualita-investimenti-e-iperspecializzazione-ovunque\\\/\"},\"wordCount\":462,\"publisher\":{\"@id\":\"https:\\\/\\\/www.bellunopress.it\\\/#organization\"},\"image\":{\"@id\":\"https:\\\/\\\/www.bellunopress.it\\\/2019\\\/03\\\/05\\\/zaia-inaugura-lunita-farmaci-antiblastici-a-belluno-nessun-ospedale-chiudera-qualita-investimenti-e-iperspecializzazione-ovunque\\\/#primaryimage\"},\"thumbnailUrl\":\"http:\\\/\\\/www.bellunopress.it\\\/wp-content\\\/uploads\\\/2019\\\/03\\\/Zaia-ospedale-belluno.jpg\",\"articleSection\":[\"Cronaca\\\/Politica\",\"Prima Pagina\",\"Sanit\u00e0 Medicina\"],\"inLanguage\":\"fr-FR\"},{\"@type\":\"WebPage\",\"@id\":\"https:\\\/\\\/www.bellunopress.it\\\/2019\\\/03\\\/05\\\/zaia-inaugura-lunita-farmaci-antiblastici-a-belluno-nessun-ospedale-chiudera-qualita-investimenti-e-iperspecializzazione-ovunque\\\/\",\"url\":\"https:\\\/\\\/www.bellunopress.it\\\/2019\\\/03\\\/05\\\/zaia-inaugura-lunita-farmaci-antiblastici-a-belluno-nessun-ospedale-chiudera-qualita-investimenti-e-iperspecializzazione-ovunque\\\/\",\"name\":\"Zaia inaugura l'Unit\u00e0 farmaci antiblastici a Belluno: \\\"Nessun ospedale chiuder\u00e0. Qualit\u00e0, investimenti e iperspecializzazione ovunque\\\" - Bellunopress - Dolomiti\",\"isPartOf\":{\"@id\":\"https:\\\/\\\/www.bellunopress.it\\\/#website\"},\"primaryImageOfPage\":{\"@id\":\"https:\\\/\\\/www.bellunopress.it\\\/2019\\\/03\\\/05\\\/zaia-inaugura-lunita-farmaci-antiblastici-a-belluno-nessun-ospedale-chiudera-qualita-investimenti-e-iperspecializzazione-ovunque\\\/#primaryimage\"},\"image\":{\"@id\":\"https:\\\/\\\/www.bellunopress.it\\\/2019\\\/03\\\/05\\\/zaia-inaugura-lunita-farmaci-antiblastici-a-belluno-nessun-ospedale-chiudera-qualita-investimenti-e-iperspecializzazione-ovunque\\\/#primaryimage\"},\"thumbnailUrl\":\"http:\\\/\\\/www.bellunopress.it\\\/wp-content\\\/uploads\\\/2019\\\/03\\\/Zaia-ospedale-belluno.jpg\",\"datePublished\":\"2019-03-05T06:53:49+00:00\",\"dateModified\":\"2019-03-05T06:53:50+00:00\",\"breadcrumb\":{\"@id\":\"https:\\\/\\\/www.bellunopress.it\\\/2019\\\/03\\\/05\\\/zaia-inaugura-lunita-farmaci-antiblastici-a-belluno-nessun-ospedale-chiudera-qualita-investimenti-e-iperspecializzazione-ovunque\\\/#breadcrumb\"},\"inLanguage\":\"fr-FR\",\"potentialAction\":[{\"@type\":\"ReadAction\",\"target\":[\"https:\\\/\\\/www.bellunopress.it\\\/2019\\\/03\\\/05\\\/zaia-inaugura-lunita-farmaci-antiblastici-a-belluno-nessun-ospedale-chiudera-qualita-investimenti-e-iperspecializzazione-ovunque\\\/\"]}]},{\"@type\":\"ImageObject\",\"inLanguage\":\"fr-FR\",\"@id\":\"https:\\\/\\\/www.bellunopress.it\\\/2019\\\/03\\\/05\\\/zaia-inaugura-lunita-farmaci-antiblastici-a-belluno-nessun-ospedale-chiudera-qualita-investimenti-e-iperspecializzazione-ovunque\\\/#primaryimage\",\"url\":\"http:\\\/\\\/www.bellunopress.it\\\/wp-content\\\/uploads\\\/2019\\\/03\\\/Zaia-ospedale-belluno.jpg\",\"contentUrl\":\"http:\\\/\\\/www.bellunopress.it\\\/wp-content\\\/uploads\\\/2019\\\/03\\\/Zaia-ospedale-belluno.jpg\"},{\"@type\":\"BreadcrumbList\",\"@id\":\"https:\\\/\\\/www.bellunopress.it\\\/2019\\\/03\\\/05\\\/zaia-inaugura-lunita-farmaci-antiblastici-a-belluno-nessun-ospedale-chiudera-qualita-investimenti-e-iperspecializzazione-ovunque\\\/#breadcrumb\",\"itemListElement\":[{\"@type\":\"ListItem\",\"position\":1,\"name\":\"Home\",\"item\":\"https:\\\/\\\/www.bellunopress.it\\\/\"},{\"@type\":\"ListItem\",\"position\":2,\"name\":\"Zaia inaugura l&#8217;Unit\u00e0 farmaci antiblastici a Belluno: &#8220;Nessun ospedale chiuder\u00e0. Qualit\u00e0, investimenti e iperspecializzazione ovunque&#8221;\"}]},{\"@type\":\"WebSite\",\"@id\":\"https:\\\/\\\/www.bellunopress.it\\\/#website\",\"url\":\"https:\\\/\\\/www.bellunopress.it\\\/\",\"name\":\"Bellunopress - Dolomiti\",\"description\":\"e-mail: redazione@bellunopress.it\",\"publisher\":{\"@id\":\"https:\\\/\\\/www.bellunopress.it\\\/#organization\"},\"potentialAction\":[{\"@type\":\"SearchAction\",\"target\":{\"@type\":\"EntryPoint\",\"urlTemplate\":\"https:\\\/\\\/www.bellunopress.it\\\/?s={search_term_string}\"},\"query-input\":{\"@type\":\"PropertyValueSpecification\",\"valueRequired\":true,\"valueName\":\"search_term_string\"}}],\"inLanguage\":\"fr-FR\"},{\"@type\":\"Organization\",\"@id\":\"https:\\\/\\\/www.bellunopress.it\\\/#organization\",\"name\":\"Bellunopress\",\"url\":\"https:\\\/\\\/www.bellunopress.it\\\/\",\"logo\":{\"@type\":\"ImageObject\",\"inLanguage\":\"fr-FR\",\"@id\":\"https:\\\/\\\/www.bellunopress.it\\\/#\\\/schema\\\/logo\\\/image\\\/\",\"url\":\"https:\\\/\\\/www.bellunopress.it\\\/wp-content\\\/uploads\\\/2011\\\/05\\\/cropped-logo-bellunopress-.jpg\",\"contentUrl\":\"https:\\\/\\\/www.bellunopress.it\\\/wp-content\\\/uploads\\\/2011\\\/05\\\/cropped-logo-bellunopress-.jpg\",\"width\":512,\"height\":512,\"caption\":\"Bellunopress\"},\"image\":{\"@id\":\"https:\\\/\\\/www.bellunopress.it\\\/#\\\/schema\\\/logo\\\/image\\\/\"},\"sameAs\":[\"https:\\\/\\\/www.facebook.com\\\/profile.php?id=100008943462799\",\"https:\\\/\\\/x.com\\\/bellunopress\",\"https:\\\/\\\/www.linkedin.com\\\/hp\\\/?dnr=JBzUWaJfMUw8vbXJJ2tVW5-I3jZKvC4wsoxE&amp;amp;amp;amp;amp;amp;trk=nav_responsive_tab_home\",\"https:\\\/\\\/www.youtube.com\\\/channel\\\/UCxL0wu1uN0_3_7hGG0306cw\"]},{\"@type\":\"Person\",\"@id\":\"https:\\\/\\\/www.bellunopress.it\\\/#\\\/schema\\\/person\\\/79bb06722b37ece1c03d3e94beb30d73\",\"name\":\"redazione\",\"image\":{\"@type\":\"ImageObject\",\"inLanguage\":\"fr-FR\",\"@id\":\"https:\\\/\\\/secure.gravatar.com\\\/avatar\\\/37d968a2e67a6fd04c169c4bdef102d0bc5d31b2546345219e348575eb80e9a0?s=96&d=mm&r=g\",\"url\":\"https:\\\/\\\/secure.gravatar.com\\\/avatar\\\/37d968a2e67a6fd04c169c4bdef102d0bc5d31b2546345219e348575eb80e9a0?s=96&d=mm&r=g\",\"contentUrl\":\"https:\\\/\\\/secure.gravatar.com\\\/avatar\\\/37d968a2e67a6fd04c169c4bdef102d0bc5d31b2546345219e348575eb80e9a0?s=96&d=mm&r=g\",\"caption\":\"redazione\"},\"sameAs\":[\"http:\\\/\\\/www.bellunopress.it\",\"https:\\\/\\\/x.com\\\/bellunopress\"],\"url\":\"https:\\\/\\\/www.bellunopress.it\\\/fr\\\/author\\\/redazione\\\/\"}]}<\/script>\n<!-- \/ Yoast SEO plugin. -->","yoast_head_json":{"title":"Zaia inaugura l'Unit\u00e0 farmaci antiblastici a Belluno: \"Nessun ospedale chiuder\u00e0. Qualit\u00e0, investimenti e iperspecializzazione ovunque\" - Bellunopress - Dolomiti","robots":{"index":"index","follow":"follow","max-snippet":"max-snippet:-1","max-image-preview":"max-image-preview:large","max-video-preview":"max-video-preview:-1"},"canonical":"https:\/\/www.bellunopress.it\/fr\/2019\/03\/05\/zaia-inaugura-lunita-farmaci-antiblastici-a-belluno-nessun-ospedale-chiudera-qualita-investimenti-e-iperspecializzazione-ovunque\/","og_locale":"fr_FR","og_type":"article","og_title":"Zaia inaugura l'Unit\u00e0 farmaci antiblastici a Belluno: \"Nessun ospedale chiuder\u00e0. Qualit\u00e0, investimenti e iperspecializzazione ovunque\" - Bellunopress - Dolomiti","og_description":"Con le schede ospedaliere che discenderanno dal Piano Socio Sanitario 2019-2023 in Veneto non ridimensioneremo, n\u00e9 tanto meno chiuderemo, nessun ospedale, nemmeno a Belluno, dove spesso circolano vere e proprie leggende metropolitane su tagli mai esistiti e che mai esisteranno. Il Veneto ha, e avr\u00e0, 68 ospedali, ognuno dei quali con qualit\u00e0 e alte professionalit\u00e0, [&hellip;]","og_url":"https:\/\/www.bellunopress.it\/fr\/2019\/03\/05\/zaia-inaugura-lunita-farmaci-antiblastici-a-belluno-nessun-ospedale-chiudera-qualita-investimenti-e-iperspecializzazione-ovunque\/","og_site_name":"Bellunopress - Dolomiti","article_publisher":"https:\/\/www.facebook.com\/profile.php?id=100008943462799","article_published_time":"2019-03-05T06:53:49+00:00","article_modified_time":"2019-03-05T06:53:50+00:00","og_image":[{"url":"http:\/\/www.bellunopress.it\/wp-content\/uploads\/2019\/03\/Zaia-ospedale-belluno.jpg","type":"","width":"","height":""}],"author":"redazione","twitter_card":"summary_large_image","twitter_creator":"@bellunopress","twitter_site":"@bellunopress","twitter_misc":{"\u00c9crit par":"redazione","Dur\u00e9e de lecture estim\u00e9e":"2 minutes"},"schema":{"@context":"https:\/\/schema.org","@graph":[{"@type":"Article","@id":"https:\/\/www.bellunopress.it\/2019\/03\/05\/zaia-inaugura-lunita-farmaci-antiblastici-a-belluno-nessun-ospedale-chiudera-qualita-investimenti-e-iperspecializzazione-ovunque\/#article","isPartOf":{"@id":"https:\/\/www.bellunopress.it\/2019\/03\/05\/zaia-inaugura-lunita-farmaci-antiblastici-a-belluno-nessun-ospedale-chiudera-qualita-investimenti-e-iperspecializzazione-ovunque\/"},"author":{"name":"redazione","@id":"https:\/\/www.bellunopress.it\/#\/schema\/person\/79bb06722b37ece1c03d3e94beb30d73"},"headline":"Zaia inaugura l&#8217;Unit\u00e0 farmaci antiblastici a Belluno: &#8220;Nessun ospedale chiuder\u00e0. Qualit\u00e0, investimenti e iperspecializzazione ovunque&#8221;","datePublished":"2019-03-05T06:53:49+00:00","dateModified":"2019-03-05T06:53:50+00:00","mainEntityOfPage":{"@id":"https:\/\/www.bellunopress.it\/2019\/03\/05\/zaia-inaugura-lunita-farmaci-antiblastici-a-belluno-nessun-ospedale-chiudera-qualita-investimenti-e-iperspecializzazione-ovunque\/"},"wordCount":462,"publisher":{"@id":"https:\/\/www.bellunopress.it\/#organization"},"image":{"@id":"https:\/\/www.bellunopress.it\/2019\/03\/05\/zaia-inaugura-lunita-farmaci-antiblastici-a-belluno-nessun-ospedale-chiudera-qualita-investimenti-e-iperspecializzazione-ovunque\/#primaryimage"},"thumbnailUrl":"http:\/\/www.bellunopress.it\/wp-content\/uploads\/2019\/03\/Zaia-ospedale-belluno.jpg","articleSection":["Cronaca\/Politica","Prima Pagina","Sanit\u00e0 Medicina"],"inLanguage":"fr-FR"},{"@type":"WebPage","@id":"https:\/\/www.bellunopress.it\/2019\/03\/05\/zaia-inaugura-lunita-farmaci-antiblastici-a-belluno-nessun-ospedale-chiudera-qualita-investimenti-e-iperspecializzazione-ovunque\/","url":"https:\/\/www.bellunopress.it\/2019\/03\/05\/zaia-inaugura-lunita-farmaci-antiblastici-a-belluno-nessun-ospedale-chiudera-qualita-investimenti-e-iperspecializzazione-ovunque\/","name":"Zaia inaugura l'Unit\u00e0 farmaci antiblastici a Belluno: \"Nessun ospedale chiuder\u00e0. Qualit\u00e0, investimenti e iperspecializzazione ovunque\" - Bellunopress - Dolomiti","isPartOf":{"@id":"https:\/\/www.bellunopress.it\/#website"},"primaryImageOfPage":{"@id":"https:\/\/www.bellunopress.it\/2019\/03\/05\/zaia-inaugura-lunita-farmaci-antiblastici-a-belluno-nessun-ospedale-chiudera-qualita-investimenti-e-iperspecializzazione-ovunque\/#primaryimage"},"image":{"@id":"https:\/\/www.bellunopress.it\/2019\/03\/05\/zaia-inaugura-lunita-farmaci-antiblastici-a-belluno-nessun-ospedale-chiudera-qualita-investimenti-e-iperspecializzazione-ovunque\/#primaryimage"},"thumbnailUrl":"http:\/\/www.bellunopress.it\/wp-content\/uploads\/2019\/03\/Zaia-ospedale-belluno.jpg","datePublished":"2019-03-05T06:53:49+00:00","dateModified":"2019-03-05T06:53:50+00:00","breadcrumb":{"@id":"https:\/\/www.bellunopress.it\/2019\/03\/05\/zaia-inaugura-lunita-farmaci-antiblastici-a-belluno-nessun-ospedale-chiudera-qualita-investimenti-e-iperspecializzazione-ovunque\/#breadcrumb"},"inLanguage":"fr-FR","potentialAction":[{"@type":"ReadAction","target":["https:\/\/www.bellunopress.it\/2019\/03\/05\/zaia-inaugura-lunita-farmaci-antiblastici-a-belluno-nessun-ospedale-chiudera-qualita-investimenti-e-iperspecializzazione-ovunque\/"]}]},{"@type":"ImageObject","inLanguage":"fr-FR","@id":"https:\/\/www.bellunopress.it\/2019\/03\/05\/zaia-inaugura-lunita-farmaci-antiblastici-a-belluno-nessun-ospedale-chiudera-qualita-investimenti-e-iperspecializzazione-ovunque\/#primaryimage","url":"http:\/\/www.bellunopress.it\/wp-content\/uploads\/2019\/03\/Zaia-ospedale-belluno.jpg","contentUrl":"http:\/\/www.bellunopress.it\/wp-content\/uploads\/2019\/03\/Zaia-ospedale-belluno.jpg"},{"@type":"BreadcrumbList","@id":"https:\/\/www.bellunopress.it\/2019\/03\/05\/zaia-inaugura-lunita-farmaci-antiblastici-a-belluno-nessun-ospedale-chiudera-qualita-investimenti-e-iperspecializzazione-ovunque\/#breadcrumb","itemListElement":[{"@type":"ListItem","position":1,"name":"Home","item":"https:\/\/www.bellunopress.it\/"},{"@type":"ListItem","position":2,"name":"Zaia inaugura l&#8217;Unit\u00e0 farmaci antiblastici a Belluno: &#8220;Nessun ospedale chiuder\u00e0. Qualit\u00e0, investimenti e iperspecializzazione ovunque&#8221;"}]},{"@type":"WebSite","@id":"https:\/\/www.bellunopress.it\/#website","url":"https:\/\/www.bellunopress.it\/","name":"Bellunopress - Dolomiti","description":"e-mail: redazione@bellunopress.it","publisher":{"@id":"https:\/\/www.bellunopress.it\/#organization"},"potentialAction":[{"@type":"SearchAction","target":{"@type":"EntryPoint","urlTemplate":"https:\/\/www.bellunopress.it\/?s={search_term_string}"},"query-input":{"@type":"PropertyValueSpecification","valueRequired":true,"valueName":"search_term_string"}}],"inLanguage":"fr-FR"},{"@type":"Organization","@id":"https:\/\/www.bellunopress.it\/#organization","name":"Bellunopress","url":"https:\/\/www.bellunopress.it\/","logo":{"@type":"ImageObject","inLanguage":"fr-FR","@id":"https:\/\/www.bellunopress.it\/#\/schema\/logo\/image\/","url":"https:\/\/www.bellunopress.it\/wp-content\/uploads\/2011\/05\/cropped-logo-bellunopress-.jpg","contentUrl":"https:\/\/www.bellunopress.it\/wp-content\/uploads\/2011\/05\/cropped-logo-bellunopress-.jpg","width":512,"height":512,"caption":"Bellunopress"},"image":{"@id":"https:\/\/www.bellunopress.it\/#\/schema\/logo\/image\/"},"sameAs":["https:\/\/www.facebook.com\/profile.php?id=100008943462799","https:\/\/x.com\/bellunopress","https:\/\/www.linkedin.com\/hp\/?dnr=JBzUWaJfMUw8vbXJJ2tVW5-I3jZKvC4wsoxE&amp;amp;amp;amp;amp;amp;trk=nav_responsive_tab_home","https:\/\/www.youtube.com\/channel\/UCxL0wu1uN0_3_7hGG0306cw"]},{"@type":"Person","@id":"https:\/\/www.bellunopress.it\/#\/schema\/person\/79bb06722b37ece1c03d3e94beb30d73","name":"r\u00e9daction","image":{"@type":"ImageObject","inLanguage":"fr-FR","@id":"https:\/\/secure.gravatar.com\/avatar\/37d968a2e67a6fd04c169c4bdef102d0bc5d31b2546345219e348575eb80e9a0?s=96&d=mm&r=g","url":"https:\/\/secure.gravatar.com\/avatar\/37d968a2e67a6fd04c169c4bdef102d0bc5d31b2546345219e348575eb80e9a0?s=96&d=mm&r=g","contentUrl":"https:\/\/secure.gravatar.com\/avatar\/37d968a2e67a6fd04c169c4bdef102d0bc5d31b2546345219e348575eb80e9a0?s=96&d=mm&r=g","caption":"redazione"},"sameAs":["http:\/\/www.bellunopress.it","https:\/\/x.com\/bellunopress"],"url":"https:\/\/www.bellunopress.it\/fr\/author\/redazione\/"}]}},"_links":{"self":[{"href":"https:\/\/www.bellunopress.it\/fr\/wp-json\/wp\/v2\/posts\/102596","targetHints":{"allow":["GET"]}}],"collection":[{"href":"https:\/\/www.bellunopress.it\/fr\/wp-json\/wp\/v2\/posts"}],"about":[{"href":"https:\/\/www.bellunopress.it\/fr\/wp-json\/wp\/v2\/types\/post"}],"author":[{"embeddable":true,"href":"https:\/\/www.bellunopress.it\/fr\/wp-json\/wp\/v2\/users\/2"}],"replies":[{"embeddable":true,"href":"https:\/\/www.bellunopress.it\/fr\/wp-json\/wp\/v2\/comments?post=102596"}],"version-history":[{"count":2,"href":"https:\/\/www.bellunopress.it\/fr\/wp-json\/wp\/v2\/posts\/102596\/revisions"}],"predecessor-version":[{"id":102599,"href":"https:\/\/www.bellunopress.it\/fr\/wp-json\/wp\/v2\/posts\/102596\/revisions\/102599"}],"wp:attachment":[{"href":"https:\/\/www.bellunopress.it\/fr\/wp-json\/wp\/v2\/media?parent=102596"}],"wp:term":[{"taxonomy":"category","embeddable":true,"href":"https:\/\/www.bellunopress.it\/fr\/wp-json\/wp\/v2\/categories?post=102596"},{"taxonomy":"post_tag","embeddable":true,"href":"https:\/\/www.bellunopress.it\/fr\/wp-json\/wp\/v2\/tags?post=102596"}],"curies":[{"name":"wp","href":"https:\/\/api.w.org\/{rel}","templated":true}]}}