{"id":102586,"date":"2019-03-04T18:17:38","date_gmt":"2019-03-04T17:17:38","guid":{"rendered":"http:\/\/www.bellunopress.it\/?p=102586"},"modified":"2019-03-04T18:17:38","modified_gmt":"2019-03-04T17:17:38","slug":"zingaretti-eletto-segretario-alle-primarie-pd-monica-lotto-grande-risultato-ora-grandi-responsabilita-la-base-chiede-unita-e-politiche-per-i-piu-deboli","status":"publish","type":"post","link":"https:\/\/www.bellunopress.it\/fr\/2019\/03\/04\/zingaretti-eletto-segretario-alle-primarie-pd-monica-lotto-grande-risultato-ora-grandi-responsabilita-la-base-chiede-unita-e-politiche-per-i-piu-deboli\/","title":{"rendered":"Zingaretti eletto segretario alle primarie Pd.  Monica Lotto: \u00abGrande risultato. Ora grandi responsabilit\u00e0. La base chiede unit\u00e0 e politiche per i pi\u00f9 deboli\u00bb"},"content":{"rendered":"<figure id=\"attachment_102170\" aria-describedby=\"caption-attachment-102170\" style=\"width: 247px\" class=\"wp-caption alignleft\"><a href=\"http:\/\/www.bellunopress.it\/fr\/2019\/02\/18\/spopolamento-del-bellunese-giovedi-in-sede-del-pd-lapprofondimento\/monica-lotto\/\" rel=\"attachment wp-att-102170\"><img loading=\"lazy\" decoding=\"async\" class=\"size-full wp-image-102170\" src=\"http:\/\/www.bellunopress.it\/wp-content\/uploads\/2019\/02\/Monica-Lotto.jpeg\" alt=\"\" width=\"247\" height=\"292\" \/><\/a><figcaption id=\"caption-attachment-102170\" class=\"wp-caption-text\">Monica Lotto<\/figcaption><\/figure>\n<p>Belluno, 4 marzo 2019 &#8211;\u00a0\u00abUn risultato straordinario che comporta una grande responsabilit\u00e0. Gli elettori e gli iscritti del Partito democratico, per la quarta volta in pochi anni, danno forza al gruppo dirigente nazionale. I votanti chiedono un partito unito e una linea politica coesa di contrasto all&#8217;attuale maggioranza e al governo; stop alle liti interne e proposte per affrontare le tante crisi che attraversano il Paese: dalla fuga dei giovani, soprattutto laureati, allo spopolamento delle aree rurali e periferiche. In sintesi, protezione per i pi\u00f9 deboli e giustizia sociale\u00bb.<\/p>\n<p>La segretaria provinciale del Pd, Monica Lotto, commenta il voto alle primarie, che ieri ha visto in Provincia mettersi in coda quasi 3.300 persone nei 22 seggi allestiti in tutto il territorio. \u00abAbbiamo registrato un aumento netto di 500 votanti rispetto al 2017\u00bb, ricorda Lotto. \u00abIn tutte le zone della provincia ci sono stati pi\u00f9 votanti rispetto all&#8217;ultima tornata e questo \u00e8 a mio avviso dovuto alla campagna elettorale molto propositiva e senza sgambetti fatta dai tre candidati e al lavoro svolto sul territorio dagli oltre 300 volontari\u00bb.<\/p>\n<p>\u00abLa comunit\u00e0 democratica, con la grande partecipazione di ieri, ha consegnato al nuovo segretario nazionale Nicola Zingaretti un patrimonio di speranza e passione per costruire un&#8217;alternativa forte e credibile all&#8217;attuale Governo\u00bb.<\/p>\n<p>\u00abIl Partito democratico Bellunese \u00e8 pronto a dare il proprio contributo\u00bb fa sapere la Lotto. \u00abStiamo gi\u00e0 lavorando a una serie di eventi di carattere, amministrativo, culturale e politico da qui all&#8217;estate per rafforzare il legame con i cittadini e per preparare al meglio le elezioni comunali e quelle europee\u00bb.<\/p>\n<p>\u00abDal PD Bellunese un Buon lavoro al neo segretario nazionale, al nuovo gruppo dirigente e a tutta la nostra comunit\u00e0\u00bb conclude la segretaria provinciale.<\/p>","protected":false},"excerpt":{"rendered":"<p>Belluno, 4 marzo 2019 &#8211;\u00a0\u00abUn risultato straordinario che comporta una grande responsabilit\u00e0. Gli elettori e gli iscritti del Partito democratico, per la quarta volta in pochi anni, danno forza al gruppo dirigente nazionale. I votanti chiedono un partito unito e una linea politica coesa di contrasto all&#8217;attuale maggioranza e al governo; stop alle liti interne [&hellip;]<\/p>\n","protected":false},"author":2,"featured_media":0,"comment_status":"closed","ping_status":"open","sticky":false,"template":"","format":"standard","meta":{"footnotes":""},"categories":[5,26],"tags":[],"class_list":["post-102586","post","type-post","status-publish","format-standard","category-cronaca","category-prima-pagina"],"yoast_head":"<!-- This site is optimized with the Yoast SEO plugin v28.4 - https:\/\/yoast.com\/product\/yoast-seo-wordpress\/ -->\n<title>Zingaretti eletto segretario alle primarie Pd. Monica Lotto: \u00abGrande risultato. Ora grandi responsabilit\u00e0. La base chiede unit\u00e0 e politiche per i pi\u00f9 deboli\u00bb - Bellunopress - Dolomiti<\/title>\n<meta name=\"robots\" content=\"index, follow, max-snippet:-1, max-image-preview:large, max-video-preview:-1\" \/>\n<link rel=\"canonical\" href=\"https:\/\/www.bellunopress.it\/fr\/2019\/03\/04\/zingaretti-eletto-segretario-alle-primarie-pd-monica-lotto-grande-risultato-ora-grandi-responsabilita-la-base-chiede-unita-e-politiche-per-i-piu-deboli\/\" \/>\n<meta property=\"og:locale\" content=\"fr_FR\" \/>\n<meta property=\"og:type\" content=\"article\" \/>\n<meta property=\"og:title\" content=\"Zingaretti eletto segretario alle primarie Pd. Monica Lotto: \u00abGrande risultato. Ora grandi responsabilit\u00e0. La base chiede unit\u00e0 e politiche per i pi\u00f9 deboli\u00bb - Bellunopress - Dolomiti\" \/>\n<meta property=\"og:description\" content=\"Belluno, 4 marzo 2019 &#8211;\u00a0\u00abUn risultato straordinario che comporta una grande responsabilit\u00e0. Gli elettori e gli iscritti del Partito democratico, per la quarta volta in pochi anni, danno forza al gruppo dirigente nazionale. I votanti chiedono un partito unito e una linea politica coesa di contrasto all&#8217;attuale maggioranza e al governo; stop alle liti interne [&hellip;]\" \/>\n<meta property=\"og:url\" content=\"https:\/\/www.bellunopress.it\/fr\/2019\/03\/04\/zingaretti-eletto-segretario-alle-primarie-pd-monica-lotto-grande-risultato-ora-grandi-responsabilita-la-base-chiede-unita-e-politiche-per-i-piu-deboli\/\" \/>\n<meta property=\"og:site_name\" content=\"Bellunopress - Dolomiti\" \/>\n<meta property=\"article:publisher\" content=\"https:\/\/www.facebook.com\/profile.php?id=100008943462799\" \/>\n<meta property=\"article:published_time\" content=\"2019-03-04T17:17:38+00:00\" \/>\n<meta property=\"og:image\" content=\"http:\/\/www.bellunopress.it\/wp-content\/uploads\/2019\/02\/Monica-Lotto.jpeg\" \/>\n<meta name=\"author\" content=\"redazione\" \/>\n<meta name=\"twitter:card\" content=\"summary_large_image\" \/>\n<meta name=\"twitter:creator\" content=\"@bellunopress\" \/>\n<meta name=\"twitter:site\" content=\"@bellunopress\" \/>\n<meta name=\"twitter:label1\" content=\"\u00c9crit par\" \/>\n\t<meta name=\"twitter:data1\" content=\"redazione\" \/>\n\t<meta name=\"twitter:label2\" content=\"Dur\u00e9e de lecture estim\u00e9e\" \/>\n\t<meta name=\"twitter:data2\" content=\"1 minute\" \/>\n<script type=\"application\/ld+json\" class=\"yoast-schema-graph\">{\"@context\":\"https:\\\/\\\/schema.org\",\"@graph\":[{\"@type\":\"Article\",\"@id\":\"https:\\\/\\\/www.bellunopress.it\\\/2019\\\/03\\\/04\\\/zingaretti-eletto-segretario-alle-primarie-pd-monica-lotto-grande-risultato-ora-grandi-responsabilita-la-base-chiede-unita-e-politiche-per-i-piu-deboli\\\/#article\",\"isPartOf\":{\"@id\":\"https:\\\/\\\/www.bellunopress.it\\\/2019\\\/03\\\/04\\\/zingaretti-eletto-segretario-alle-primarie-pd-monica-lotto-grande-risultato-ora-grandi-responsabilita-la-base-chiede-unita-e-politiche-per-i-piu-deboli\\\/\"},\"author\":{\"name\":\"redazione\",\"@id\":\"https:\\\/\\\/www.bellunopress.it\\\/#\\\/schema\\\/person\\\/79bb06722b37ece1c03d3e94beb30d73\"},\"headline\":\"Zingaretti eletto segretario alle primarie Pd. Monica Lotto: \u00abGrande risultato. Ora grandi responsabilit\u00e0. La base chiede unit\u00e0 e politiche per i pi\u00f9 deboli\u00bb\",\"datePublished\":\"2019-03-04T17:17:38+00:00\",\"mainEntityOfPage\":{\"@id\":\"https:\\\/\\\/www.bellunopress.it\\\/2019\\\/03\\\/04\\\/zingaretti-eletto-segretario-alle-primarie-pd-monica-lotto-grande-risultato-ora-grandi-responsabilita-la-base-chiede-unita-e-politiche-per-i-piu-deboli\\\/\"},\"wordCount\":311,\"publisher\":{\"@id\":\"https:\\\/\\\/www.bellunopress.it\\\/#organization\"},\"image\":{\"@id\":\"https:\\\/\\\/www.bellunopress.it\\\/2019\\\/03\\\/04\\\/zingaretti-eletto-segretario-alle-primarie-pd-monica-lotto-grande-risultato-ora-grandi-responsabilita-la-base-chiede-unita-e-politiche-per-i-piu-deboli\\\/#primaryimage\"},\"thumbnailUrl\":\"http:\\\/\\\/www.bellunopress.it\\\/wp-content\\\/uploads\\\/2019\\\/02\\\/Monica-Lotto.jpeg\",\"articleSection\":[\"Cronaca\\\/Politica\",\"Prima Pagina\"],\"inLanguage\":\"fr-FR\"},{\"@type\":\"WebPage\",\"@id\":\"https:\\\/\\\/www.bellunopress.it\\\/2019\\\/03\\\/04\\\/zingaretti-eletto-segretario-alle-primarie-pd-monica-lotto-grande-risultato-ora-grandi-responsabilita-la-base-chiede-unita-e-politiche-per-i-piu-deboli\\\/\",\"url\":\"https:\\\/\\\/www.bellunopress.it\\\/2019\\\/03\\\/04\\\/zingaretti-eletto-segretario-alle-primarie-pd-monica-lotto-grande-risultato-ora-grandi-responsabilita-la-base-chiede-unita-e-politiche-per-i-piu-deboli\\\/\",\"name\":\"Zingaretti eletto segretario alle primarie Pd. Monica Lotto: \u00abGrande risultato. Ora grandi responsabilit\u00e0. La base chiede unit\u00e0 e politiche per i pi\u00f9 deboli\u00bb - Bellunopress - Dolomiti\",\"isPartOf\":{\"@id\":\"https:\\\/\\\/www.bellunopress.it\\\/#website\"},\"primaryImageOfPage\":{\"@id\":\"https:\\\/\\\/www.bellunopress.it\\\/2019\\\/03\\\/04\\\/zingaretti-eletto-segretario-alle-primarie-pd-monica-lotto-grande-risultato-ora-grandi-responsabilita-la-base-chiede-unita-e-politiche-per-i-piu-deboli\\\/#primaryimage\"},\"image\":{\"@id\":\"https:\\\/\\\/www.bellunopress.it\\\/2019\\\/03\\\/04\\\/zingaretti-eletto-segretario-alle-primarie-pd-monica-lotto-grande-risultato-ora-grandi-responsabilita-la-base-chiede-unita-e-politiche-per-i-piu-deboli\\\/#primaryimage\"},\"thumbnailUrl\":\"http:\\\/\\\/www.bellunopress.it\\\/wp-content\\\/uploads\\\/2019\\\/02\\\/Monica-Lotto.jpeg\",\"datePublished\":\"2019-03-04T17:17:38+00:00\",\"breadcrumb\":{\"@id\":\"https:\\\/\\\/www.bellunopress.it\\\/2019\\\/03\\\/04\\\/zingaretti-eletto-segretario-alle-primarie-pd-monica-lotto-grande-risultato-ora-grandi-responsabilita-la-base-chiede-unita-e-politiche-per-i-piu-deboli\\\/#breadcrumb\"},\"inLanguage\":\"fr-FR\",\"potentialAction\":[{\"@type\":\"ReadAction\",\"target\":[\"https:\\\/\\\/www.bellunopress.it\\\/2019\\\/03\\\/04\\\/zingaretti-eletto-segretario-alle-primarie-pd-monica-lotto-grande-risultato-ora-grandi-responsabilita-la-base-chiede-unita-e-politiche-per-i-piu-deboli\\\/\"]}]},{\"@type\":\"ImageObject\",\"inLanguage\":\"fr-FR\",\"@id\":\"https:\\\/\\\/www.bellunopress.it\\\/2019\\\/03\\\/04\\\/zingaretti-eletto-segretario-alle-primarie-pd-monica-lotto-grande-risultato-ora-grandi-responsabilita-la-base-chiede-unita-e-politiche-per-i-piu-deboli\\\/#primaryimage\",\"url\":\"http:\\\/\\\/www.bellunopress.it\\\/wp-content\\\/uploads\\\/2019\\\/02\\\/Monica-Lotto.jpeg\",\"contentUrl\":\"http:\\\/\\\/www.bellunopress.it\\\/wp-content\\\/uploads\\\/2019\\\/02\\\/Monica-Lotto.jpeg\"},{\"@type\":\"BreadcrumbList\",\"@id\":\"https:\\\/\\\/www.bellunopress.it\\\/2019\\\/03\\\/04\\\/zingaretti-eletto-segretario-alle-primarie-pd-monica-lotto-grande-risultato-ora-grandi-responsabilita-la-base-chiede-unita-e-politiche-per-i-piu-deboli\\\/#breadcrumb\",\"itemListElement\":[{\"@type\":\"ListItem\",\"position\":1,\"name\":\"Home\",\"item\":\"https:\\\/\\\/www.bellunopress.it\\\/\"},{\"@type\":\"ListItem\",\"position\":2,\"name\":\"Zingaretti eletto segretario alle primarie Pd. Monica Lotto: \u00abGrande risultato. Ora grandi responsabilit\u00e0. La base chiede unit\u00e0 e politiche per i pi\u00f9 deboli\u00bb\"}]},{\"@type\":\"WebSite\",\"@id\":\"https:\\\/\\\/www.bellunopress.it\\\/#website\",\"url\":\"https:\\\/\\\/www.bellunopress.it\\\/\",\"name\":\"Bellunopress - Dolomiti\",\"description\":\"e-mail: redazione@bellunopress.it\",\"publisher\":{\"@id\":\"https:\\\/\\\/www.bellunopress.it\\\/#organization\"},\"potentialAction\":[{\"@type\":\"SearchAction\",\"target\":{\"@type\":\"EntryPoint\",\"urlTemplate\":\"https:\\\/\\\/www.bellunopress.it\\\/?s={search_term_string}\"},\"query-input\":{\"@type\":\"PropertyValueSpecification\",\"valueRequired\":true,\"valueName\":\"search_term_string\"}}],\"inLanguage\":\"fr-FR\"},{\"@type\":\"Organization\",\"@id\":\"https:\\\/\\\/www.bellunopress.it\\\/#organization\",\"name\":\"Bellunopress\",\"url\":\"https:\\\/\\\/www.bellunopress.it\\\/\",\"logo\":{\"@type\":\"ImageObject\",\"inLanguage\":\"fr-FR\",\"@id\":\"https:\\\/\\\/www.bellunopress.it\\\/#\\\/schema\\\/logo\\\/image\\\/\",\"url\":\"https:\\\/\\\/www.bellunopress.it\\\/wp-content\\\/uploads\\\/2011\\\/05\\\/cropped-logo-bellunopress-.jpg\",\"contentUrl\":\"https:\\\/\\\/www.bellunopress.it\\\/wp-content\\\/uploads\\\/2011\\\/05\\\/cropped-logo-bellunopress-.jpg\",\"width\":512,\"height\":512,\"caption\":\"Bellunopress\"},\"image\":{\"@id\":\"https:\\\/\\\/www.bellunopress.it\\\/#\\\/schema\\\/logo\\\/image\\\/\"},\"sameAs\":[\"https:\\\/\\\/www.facebook.com\\\/profile.php?id=100008943462799\",\"https:\\\/\\\/x.com\\\/bellunopress\",\"https:\\\/\\\/www.linkedin.com\\\/hp\\\/?dnr=JBzUWaJfMUw8vbXJJ2tVW5-I3jZKvC4wsoxE&amp;amp;amp;amp;amp;amp;trk=nav_responsive_tab_home\",\"https:\\\/\\\/www.youtube.com\\\/channel\\\/UCxL0wu1uN0_3_7hGG0306cw\"]},{\"@type\":\"Person\",\"@id\":\"https:\\\/\\\/www.bellunopress.it\\\/#\\\/schema\\\/person\\\/79bb06722b37ece1c03d3e94beb30d73\",\"name\":\"redazione\",\"image\":{\"@type\":\"ImageObject\",\"inLanguage\":\"fr-FR\",\"@id\":\"https:\\\/\\\/secure.gravatar.com\\\/avatar\\\/37d968a2e67a6fd04c169c4bdef102d0bc5d31b2546345219e348575eb80e9a0?s=96&d=mm&r=g\",\"url\":\"https:\\\/\\\/secure.gravatar.com\\\/avatar\\\/37d968a2e67a6fd04c169c4bdef102d0bc5d31b2546345219e348575eb80e9a0?s=96&d=mm&r=g\",\"contentUrl\":\"https:\\\/\\\/secure.gravatar.com\\\/avatar\\\/37d968a2e67a6fd04c169c4bdef102d0bc5d31b2546345219e348575eb80e9a0?s=96&d=mm&r=g\",\"caption\":\"redazione\"},\"sameAs\":[\"http:\\\/\\\/www.bellunopress.it\",\"https:\\\/\\\/x.com\\\/bellunopress\"],\"url\":\"https:\\\/\\\/www.bellunopress.it\\\/fr\\\/author\\\/redazione\\\/\"}]}<\/script>\n<!-- \/ Yoast SEO plugin. -->","yoast_head_json":{"title":"Zingaretti eletto segretario alle primarie Pd. Monica Lotto: \u00abGrande risultato. Ora grandi responsabilit\u00e0. La base chiede unit\u00e0 e politiche per i pi\u00f9 deboli\u00bb - Bellunopress - Dolomiti","robots":{"index":"index","follow":"follow","max-snippet":"max-snippet:-1","max-image-preview":"max-image-preview:large","max-video-preview":"max-video-preview:-1"},"canonical":"https:\/\/www.bellunopress.it\/fr\/2019\/03\/04\/zingaretti-eletto-segretario-alle-primarie-pd-monica-lotto-grande-risultato-ora-grandi-responsabilita-la-base-chiede-unita-e-politiche-per-i-piu-deboli\/","og_locale":"fr_FR","og_type":"article","og_title":"Zingaretti eletto segretario alle primarie Pd. Monica Lotto: \u00abGrande risultato. Ora grandi responsabilit\u00e0. La base chiede unit\u00e0 e politiche per i pi\u00f9 deboli\u00bb - Bellunopress - Dolomiti","og_description":"Belluno, 4 marzo 2019 &#8211;\u00a0\u00abUn risultato straordinario che comporta una grande responsabilit\u00e0. Gli elettori e gli iscritti del Partito democratico, per la quarta volta in pochi anni, danno forza al gruppo dirigente nazionale. I votanti chiedono un partito unito e una linea politica coesa di contrasto all&#8217;attuale maggioranza e al governo; stop alle liti interne [&hellip;]","og_url":"https:\/\/www.bellunopress.it\/fr\/2019\/03\/04\/zingaretti-eletto-segretario-alle-primarie-pd-monica-lotto-grande-risultato-ora-grandi-responsabilita-la-base-chiede-unita-e-politiche-per-i-piu-deboli\/","og_site_name":"Bellunopress - Dolomiti","article_publisher":"https:\/\/www.facebook.com\/profile.php?id=100008943462799","article_published_time":"2019-03-04T17:17:38+00:00","og_image":[{"url":"http:\/\/www.bellunopress.it\/wp-content\/uploads\/2019\/02\/Monica-Lotto.jpeg","type":"","width":"","height":""}],"author":"redazione","twitter_card":"summary_large_image","twitter_creator":"@bellunopress","twitter_site":"@bellunopress","twitter_misc":{"\u00c9crit par":"redazione","Dur\u00e9e de lecture estim\u00e9e":"1 minute"},"schema":{"@context":"https:\/\/schema.org","@graph":[{"@type":"Article","@id":"https:\/\/www.bellunopress.it\/2019\/03\/04\/zingaretti-eletto-segretario-alle-primarie-pd-monica-lotto-grande-risultato-ora-grandi-responsabilita-la-base-chiede-unita-e-politiche-per-i-piu-deboli\/#article","isPartOf":{"@id":"https:\/\/www.bellunopress.it\/2019\/03\/04\/zingaretti-eletto-segretario-alle-primarie-pd-monica-lotto-grande-risultato-ora-grandi-responsabilita-la-base-chiede-unita-e-politiche-per-i-piu-deboli\/"},"author":{"name":"redazione","@id":"https:\/\/www.bellunopress.it\/#\/schema\/person\/79bb06722b37ece1c03d3e94beb30d73"},"headline":"Zingaretti eletto segretario alle primarie Pd. Monica Lotto: \u00abGrande risultato. Ora grandi responsabilit\u00e0. La base chiede unit\u00e0 e politiche per i pi\u00f9 deboli\u00bb","datePublished":"2019-03-04T17:17:38+00:00","mainEntityOfPage":{"@id":"https:\/\/www.bellunopress.it\/2019\/03\/04\/zingaretti-eletto-segretario-alle-primarie-pd-monica-lotto-grande-risultato-ora-grandi-responsabilita-la-base-chiede-unita-e-politiche-per-i-piu-deboli\/"},"wordCount":311,"publisher":{"@id":"https:\/\/www.bellunopress.it\/#organization"},"image":{"@id":"https:\/\/www.bellunopress.it\/2019\/03\/04\/zingaretti-eletto-segretario-alle-primarie-pd-monica-lotto-grande-risultato-ora-grandi-responsabilita-la-base-chiede-unita-e-politiche-per-i-piu-deboli\/#primaryimage"},"thumbnailUrl":"http:\/\/www.bellunopress.it\/wp-content\/uploads\/2019\/02\/Monica-Lotto.jpeg","articleSection":["Cronaca\/Politica","Prima Pagina"],"inLanguage":"fr-FR"},{"@type":"WebPage","@id":"https:\/\/www.bellunopress.it\/2019\/03\/04\/zingaretti-eletto-segretario-alle-primarie-pd-monica-lotto-grande-risultato-ora-grandi-responsabilita-la-base-chiede-unita-e-politiche-per-i-piu-deboli\/","url":"https:\/\/www.bellunopress.it\/2019\/03\/04\/zingaretti-eletto-segretario-alle-primarie-pd-monica-lotto-grande-risultato-ora-grandi-responsabilita-la-base-chiede-unita-e-politiche-per-i-piu-deboli\/","name":"Zingaretti eletto segretario alle primarie Pd. Monica Lotto: \u00abGrande risultato. Ora grandi responsabilit\u00e0. La base chiede unit\u00e0 e politiche per i pi\u00f9 deboli\u00bb - Bellunopress - Dolomiti","isPartOf":{"@id":"https:\/\/www.bellunopress.it\/#website"},"primaryImageOfPage":{"@id":"https:\/\/www.bellunopress.it\/2019\/03\/04\/zingaretti-eletto-segretario-alle-primarie-pd-monica-lotto-grande-risultato-ora-grandi-responsabilita-la-base-chiede-unita-e-politiche-per-i-piu-deboli\/#primaryimage"},"image":{"@id":"https:\/\/www.bellunopress.it\/2019\/03\/04\/zingaretti-eletto-segretario-alle-primarie-pd-monica-lotto-grande-risultato-ora-grandi-responsabilita-la-base-chiede-unita-e-politiche-per-i-piu-deboli\/#primaryimage"},"thumbnailUrl":"http:\/\/www.bellunopress.it\/wp-content\/uploads\/2019\/02\/Monica-Lotto.jpeg","datePublished":"2019-03-04T17:17:38+00:00","breadcrumb":{"@id":"https:\/\/www.bellunopress.it\/2019\/03\/04\/zingaretti-eletto-segretario-alle-primarie-pd-monica-lotto-grande-risultato-ora-grandi-responsabilita-la-base-chiede-unita-e-politiche-per-i-piu-deboli\/#breadcrumb"},"inLanguage":"fr-FR","potentialAction":[{"@type":"ReadAction","target":["https:\/\/www.bellunopress.it\/2019\/03\/04\/zingaretti-eletto-segretario-alle-primarie-pd-monica-lotto-grande-risultato-ora-grandi-responsabilita-la-base-chiede-unita-e-politiche-per-i-piu-deboli\/"]}]},{"@type":"ImageObject","inLanguage":"fr-FR","@id":"https:\/\/www.bellunopress.it\/2019\/03\/04\/zingaretti-eletto-segretario-alle-primarie-pd-monica-lotto-grande-risultato-ora-grandi-responsabilita-la-base-chiede-unita-e-politiche-per-i-piu-deboli\/#primaryimage","url":"http:\/\/www.bellunopress.it\/wp-content\/uploads\/2019\/02\/Monica-Lotto.jpeg","contentUrl":"http:\/\/www.bellunopress.it\/wp-content\/uploads\/2019\/02\/Monica-Lotto.jpeg"},{"@type":"BreadcrumbList","@id":"https:\/\/www.bellunopress.it\/2019\/03\/04\/zingaretti-eletto-segretario-alle-primarie-pd-monica-lotto-grande-risultato-ora-grandi-responsabilita-la-base-chiede-unita-e-politiche-per-i-piu-deboli\/#breadcrumb","itemListElement":[{"@type":"ListItem","position":1,"name":"Home","item":"https:\/\/www.bellunopress.it\/"},{"@type":"ListItem","position":2,"name":"Zingaretti eletto segretario alle primarie Pd. Monica Lotto: \u00abGrande risultato. Ora grandi responsabilit\u00e0. La base chiede unit\u00e0 e politiche per i pi\u00f9 deboli\u00bb"}]},{"@type":"WebSite","@id":"https:\/\/www.bellunopress.it\/#website","url":"https:\/\/www.bellunopress.it\/","name":"Bellunopress - Dolomiti","description":"e-mail: redazione@bellunopress.it","publisher":{"@id":"https:\/\/www.bellunopress.it\/#organization"},"potentialAction":[{"@type":"SearchAction","target":{"@type":"EntryPoint","urlTemplate":"https:\/\/www.bellunopress.it\/?s={search_term_string}"},"query-input":{"@type":"PropertyValueSpecification","valueRequired":true,"valueName":"search_term_string"}}],"inLanguage":"fr-FR"},{"@type":"Organization","@id":"https:\/\/www.bellunopress.it\/#organization","name":"Bellunopress","url":"https:\/\/www.bellunopress.it\/","logo":{"@type":"ImageObject","inLanguage":"fr-FR","@id":"https:\/\/www.bellunopress.it\/#\/schema\/logo\/image\/","url":"https:\/\/www.bellunopress.it\/wp-content\/uploads\/2011\/05\/cropped-logo-bellunopress-.jpg","contentUrl":"https:\/\/www.bellunopress.it\/wp-content\/uploads\/2011\/05\/cropped-logo-bellunopress-.jpg","width":512,"height":512,"caption":"Bellunopress"},"image":{"@id":"https:\/\/www.bellunopress.it\/#\/schema\/logo\/image\/"},"sameAs":["https:\/\/www.facebook.com\/profile.php?id=100008943462799","https:\/\/x.com\/bellunopress","https:\/\/www.linkedin.com\/hp\/?dnr=JBzUWaJfMUw8vbXJJ2tVW5-I3jZKvC4wsoxE&amp;amp;amp;amp;amp;amp;trk=nav_responsive_tab_home","https:\/\/www.youtube.com\/channel\/UCxL0wu1uN0_3_7hGG0306cw"]},{"@type":"Person","@id":"https:\/\/www.bellunopress.it\/#\/schema\/person\/79bb06722b37ece1c03d3e94beb30d73","name":"r\u00e9daction","image":{"@type":"ImageObject","inLanguage":"fr-FR","@id":"https:\/\/secure.gravatar.com\/avatar\/37d968a2e67a6fd04c169c4bdef102d0bc5d31b2546345219e348575eb80e9a0?s=96&d=mm&r=g","url":"https:\/\/secure.gravatar.com\/avatar\/37d968a2e67a6fd04c169c4bdef102d0bc5d31b2546345219e348575eb80e9a0?s=96&d=mm&r=g","contentUrl":"https:\/\/secure.gravatar.com\/avatar\/37d968a2e67a6fd04c169c4bdef102d0bc5d31b2546345219e348575eb80e9a0?s=96&d=mm&r=g","caption":"redazione"},"sameAs":["http:\/\/www.bellunopress.it","https:\/\/x.com\/bellunopress"],"url":"https:\/\/www.bellunopress.it\/fr\/author\/redazione\/"}]}},"_links":{"self":[{"href":"https:\/\/www.bellunopress.it\/fr\/wp-json\/wp\/v2\/posts\/102586","targetHints":{"allow":["GET"]}}],"collection":[{"href":"https:\/\/www.bellunopress.it\/fr\/wp-json\/wp\/v2\/posts"}],"about":[{"href":"https:\/\/www.bellunopress.it\/fr\/wp-json\/wp\/v2\/types\/post"}],"author":[{"embeddable":true,"href":"https:\/\/www.bellunopress.it\/fr\/wp-json\/wp\/v2\/users\/2"}],"replies":[{"embeddable":true,"href":"https:\/\/www.bellunopress.it\/fr\/wp-json\/wp\/v2\/comments?post=102586"}],"version-history":[{"count":1,"href":"https:\/\/www.bellunopress.it\/fr\/wp-json\/wp\/v2\/posts\/102586\/revisions"}],"predecessor-version":[{"id":102587,"href":"https:\/\/www.bellunopress.it\/fr\/wp-json\/wp\/v2\/posts\/102586\/revisions\/102587"}],"wp:attachment":[{"href":"https:\/\/www.bellunopress.it\/fr\/wp-json\/wp\/v2\/media?parent=102586"}],"wp:term":[{"taxonomy":"category","embeddable":true,"href":"https:\/\/www.bellunopress.it\/fr\/wp-json\/wp\/v2\/categories?post=102586"},{"taxonomy":"post_tag","embeddable":true,"href":"https:\/\/www.bellunopress.it\/fr\/wp-json\/wp\/v2\/tags?post=102586"}],"curies":[{"name":"wp","href":"https:\/\/api.w.org\/{rel}","templated":true}]}}