{"id":102582,"date":"2019-03-04T18:11:50","date_gmt":"2019-03-04T17:11:50","guid":{"rendered":"http:\/\/www.bellunopress.it\/?p=102582"},"modified":"2019-03-04T18:11:51","modified_gmt":"2019-03-04T17:11:51","slug":"donne-artigiane-nelle-dolomiti-stand-collettivo-a-palazzo-fulcis-dall8-al-10-marzo","status":"publish","type":"post","link":"https:\/\/www.bellunopress.it\/fr\/2019\/03\/04\/donne-artigiane-nelle-dolomiti-stand-collettivo-a-palazzo-fulcis-dall8-al-10-marzo\/","title":{"rendered":"Donne artigiane nelle Dolomiti: stand collettivo a palazzo Fulcis dall\u20198 al 10 marzo"},"content":{"rendered":"<p>In occasione della \u201cFesta della donna\u201d, Donne impresa Belluno, il movimento femminile di Confartigianato Belluno, ha scelto di presentare al pubblico alcune delle sue eccellenze.<\/p>\n<p>Uno stand collettivo varcher\u00e0 la soglia di Palazzo Fulcis a Belluno, trovando spazio al pian terreno del Museo.<br \/>\nDopo l\u2019esperienza positiva della scorsa estate nell\u2019ambito dei \u201cGioved\u00ec di sera\u201d, le imprenditrici di Confartigianato Belluno ripropongono l\u2019esposizione \u201cDonne artigiane nelle Dolomiti\u201d.<\/p>\n<figure id=\"attachment_102583\" aria-describedby=\"caption-attachment-102583\" style=\"width: 193px\" class=\"wp-caption alignleft\"><a href=\"http:\/\/www.bellunopress.it\/fr\/2019\/03\/04\/donne-artigiane-nelle-dolomiti-stand-collettivo-a-palazzo-fulcis-dall8-al-10-marzo\/martina-gennari\/\" rel=\"attachment wp-att-102583\"><img loading=\"lazy\" decoding=\"async\" class=\"size-full wp-image-102583\" src=\"http:\/\/www.bellunopress.it\/wp-content\/uploads\/2019\/03\/Martina-Gennari.jpg\" alt=\"\" width=\"193\" height=\"261\" \/><\/a><figcaption id=\"caption-attachment-102583\" class=\"wp-caption-text\">Martina Gennari<\/figcaption><\/figure>\n<p>\u201cE\u2019 stato scelto di presentare un ambito dell\u2019artigianato &#8211; spiega Martina Gennari, presidente di Donne Impresa Belluno &#8211; quello che meglio poteva entrare in un museo e quindi pi\u00f9 collegato in qualche modo all\u2019arte. Certamente per tutte le altre attivit\u00e0 artigiane che vedono la presenza di imprenditrici ci saranno altre occasioni di visibilit\u00e0\u201d.<br \/>\nL\u2019esposizione sar\u00e0 inaugurata venerd\u00ec 8 marzo alle ore 19.00, al termine dell\u2019evento organizzato da Comune di Belluno, Officina della cultura, Fondazione Teatri delle Dolomiti per celebrare Anna Davi\u00e0, un soprano bellunese alle Corti d\u2019Europa, in occasione per l\u2019appunto della \u201cFesta della donna\u201d.<\/p>\n<p>\u201cSono entusiasta di questa opportunit\u00e0, che ho curato personalmente &#8211; afferma la presidente di Donne Impresa Belluno, Martina Gennari &#8211; ma anche onorata per il luogo in cui si tiene, luogo simbolo della nostra citt\u00e0. La scorsa estate avevamo partecipato a uno dei gioved\u00ec in piazza con un\u2019iniziativa simile, che aveva avuto riscontro di pubblico e interesse. Il brand Dolomiti \u00e8 senz\u2019altro un ottimo vettore di attrattivit\u00e0 e non a caso stiamo ragionando perch\u00e9 \u2018Donne artigiane nelle Dolomiti\u2019 possa diventare un riferimento\u201d.<\/p>\n<p>\u201cSono convinta che questa iniziativa &#8211; commenta la presidente di Confartigianato Belluno, Claudia Scarzanella \u2013 possa dimostrare concretamente\u00a0il ruolo sempre pi\u00f9 consolidato delle donne imprenditrici e il loro valore nella creazione di ricchezza e di occupazione nella nostra provincia e l\u2019esposizione \u00e8 un modo per dare visibilit\u00e0 a queste realt\u00e0\u201d.<\/p>\n<p>A esporre sono le aziende: Imap casa, Lavanderia 18, Tiziana Sommacal, Tre civette sul com\u00f2, Creta e fuoco, Meemu, Segheria Traiber, D\u2019Arianna gioielli. Gelateria La delizia, Panificio Bertagno e Argenta offriranno, al termine dell\u2019evento, il nuovo gusto di gelato \u201cFulcis cream\u201d, creato da gelateria La Delizia per la circostanza.<\/p>\n<p>L\u2019esposizione \u201cDonne artigiane nelle Dolomiti\u201d sar\u00e0 visitabile (ingresso gratuito) in orario di apertura del Museo da venerd\u00ec 8 a domenica 10 marzo.<\/p>","protected":false},"excerpt":{"rendered":"<p>In occasione della \u201cFesta della donna\u201d, Donne impresa Belluno, il movimento femminile di Confartigianato Belluno, ha scelto di presentare al pubblico alcune delle sue eccellenze. Uno stand collettivo varcher\u00e0 la soglia di Palazzo Fulcis a Belluno, trovando spazio al pian terreno del Museo. Dopo l\u2019esperienza positiva della scorsa estate nell\u2019ambito dei \u201cGioved\u00ec di sera\u201d, le [&hellip;]<\/p>\n","protected":false},"author":2,"featured_media":0,"comment_status":"closed","ping_status":"open","sticky":false,"template":"","format":"standard","meta":{"footnotes":""},"categories":[27,3,26],"tags":[],"class_list":["post-102582","post","type-post","status-publish","format-standard","category-appuntamenti","category-arte-cultura-spettacoli-scienza-archivi","category-prima-pagina"],"yoast_head":"<!-- This site is optimized with the Yoast SEO plugin v28.4 - https:\/\/yoast.com\/product\/yoast-seo-wordpress\/ -->\n<title>Donne artigiane nelle Dolomiti: stand collettivo a palazzo Fulcis dall\u20198 al 10 marzo - Bellunopress - Dolomiti<\/title>\n<meta name=\"robots\" content=\"index, follow, max-snippet:-1, max-image-preview:large, max-video-preview:-1\" \/>\n<link rel=\"canonical\" href=\"https:\/\/www.bellunopress.it\/fr\/2019\/03\/04\/donne-artigiane-nelle-dolomiti-stand-collettivo-a-palazzo-fulcis-dall8-al-10-marzo\/\" \/>\n<meta property=\"og:locale\" content=\"fr_FR\" \/>\n<meta property=\"og:type\" content=\"article\" \/>\n<meta property=\"og:title\" content=\"Donne artigiane nelle Dolomiti: stand collettivo a palazzo Fulcis dall\u20198 al 10 marzo - Bellunopress - Dolomiti\" \/>\n<meta property=\"og:description\" content=\"In occasione della \u201cFesta della donna\u201d, Donne impresa Belluno, il movimento femminile di Confartigianato Belluno, ha scelto di presentare al pubblico alcune delle sue eccellenze. Uno stand collettivo varcher\u00e0 la soglia di Palazzo Fulcis a Belluno, trovando spazio al pian terreno del Museo. Dopo l\u2019esperienza positiva della scorsa estate nell\u2019ambito dei \u201cGioved\u00ec di sera\u201d, le [&hellip;]\" \/>\n<meta property=\"og:url\" content=\"https:\/\/www.bellunopress.it\/fr\/2019\/03\/04\/donne-artigiane-nelle-dolomiti-stand-collettivo-a-palazzo-fulcis-dall8-al-10-marzo\/\" \/>\n<meta property=\"og:site_name\" content=\"Bellunopress - Dolomiti\" \/>\n<meta property=\"article:publisher\" content=\"https:\/\/www.facebook.com\/profile.php?id=100008943462799\" \/>\n<meta property=\"article:published_time\" content=\"2019-03-04T17:11:50+00:00\" \/>\n<meta property=\"article:modified_time\" content=\"2019-03-04T17:11:51+00:00\" \/>\n<meta property=\"og:image\" content=\"http:\/\/www.bellunopress.it\/wp-content\/uploads\/2019\/03\/Martina-Gennari.jpg\" \/>\n<meta name=\"author\" content=\"redazione\" \/>\n<meta name=\"twitter:card\" content=\"summary_large_image\" \/>\n<meta name=\"twitter:creator\" content=\"@bellunopress\" \/>\n<meta name=\"twitter:site\" content=\"@bellunopress\" \/>\n<meta name=\"twitter:label1\" content=\"\u00c9crit par\" \/>\n\t<meta name=\"twitter:data1\" content=\"redazione\" \/>\n\t<meta name=\"twitter:label2\" content=\"Dur\u00e9e de lecture estim\u00e9e\" \/>\n\t<meta name=\"twitter:data2\" content=\"2 minutes\" \/>\n<script type=\"application\/ld+json\" class=\"yoast-schema-graph\">{\"@context\":\"https:\\\/\\\/schema.org\",\"@graph\":[{\"@type\":\"Article\",\"@id\":\"https:\\\/\\\/www.bellunopress.it\\\/2019\\\/03\\\/04\\\/donne-artigiane-nelle-dolomiti-stand-collettivo-a-palazzo-fulcis-dall8-al-10-marzo\\\/#article\",\"isPartOf\":{\"@id\":\"https:\\\/\\\/www.bellunopress.it\\\/2019\\\/03\\\/04\\\/donne-artigiane-nelle-dolomiti-stand-collettivo-a-palazzo-fulcis-dall8-al-10-marzo\\\/\"},\"author\":{\"name\":\"redazione\",\"@id\":\"https:\\\/\\\/www.bellunopress.it\\\/#\\\/schema\\\/person\\\/79bb06722b37ece1c03d3e94beb30d73\"},\"headline\":\"Donne artigiane nelle Dolomiti: stand collettivo a palazzo Fulcis dall\u20198 al 10 marzo\",\"datePublished\":\"2019-03-04T17:11:50+00:00\",\"dateModified\":\"2019-03-04T17:11:51+00:00\",\"mainEntityOfPage\":{\"@id\":\"https:\\\/\\\/www.bellunopress.it\\\/2019\\\/03\\\/04\\\/donne-artigiane-nelle-dolomiti-stand-collettivo-a-palazzo-fulcis-dall8-al-10-marzo\\\/\"},\"wordCount\":392,\"publisher\":{\"@id\":\"https:\\\/\\\/www.bellunopress.it\\\/#organization\"},\"image\":{\"@id\":\"https:\\\/\\\/www.bellunopress.it\\\/2019\\\/03\\\/04\\\/donne-artigiane-nelle-dolomiti-stand-collettivo-a-palazzo-fulcis-dall8-al-10-marzo\\\/#primaryimage\"},\"thumbnailUrl\":\"http:\\\/\\\/www.bellunopress.it\\\/wp-content\\\/uploads\\\/2019\\\/03\\\/Martina-Gennari.jpg\",\"articleSection\":[\"Appuntamenti, Eventi\",\"Arte, Cultura, Spettacoli, Scienza\",\"Prima Pagina\"],\"inLanguage\":\"fr-FR\"},{\"@type\":\"WebPage\",\"@id\":\"https:\\\/\\\/www.bellunopress.it\\\/2019\\\/03\\\/04\\\/donne-artigiane-nelle-dolomiti-stand-collettivo-a-palazzo-fulcis-dall8-al-10-marzo\\\/\",\"url\":\"https:\\\/\\\/www.bellunopress.it\\\/2019\\\/03\\\/04\\\/donne-artigiane-nelle-dolomiti-stand-collettivo-a-palazzo-fulcis-dall8-al-10-marzo\\\/\",\"name\":\"Donne artigiane nelle Dolomiti: stand collettivo a palazzo Fulcis dall\u20198 al 10 marzo - Bellunopress - Dolomiti\",\"isPartOf\":{\"@id\":\"https:\\\/\\\/www.bellunopress.it\\\/#website\"},\"primaryImageOfPage\":{\"@id\":\"https:\\\/\\\/www.bellunopress.it\\\/2019\\\/03\\\/04\\\/donne-artigiane-nelle-dolomiti-stand-collettivo-a-palazzo-fulcis-dall8-al-10-marzo\\\/#primaryimage\"},\"image\":{\"@id\":\"https:\\\/\\\/www.bellunopress.it\\\/2019\\\/03\\\/04\\\/donne-artigiane-nelle-dolomiti-stand-collettivo-a-palazzo-fulcis-dall8-al-10-marzo\\\/#primaryimage\"},\"thumbnailUrl\":\"http:\\\/\\\/www.bellunopress.it\\\/wp-content\\\/uploads\\\/2019\\\/03\\\/Martina-Gennari.jpg\",\"datePublished\":\"2019-03-04T17:11:50+00:00\",\"dateModified\":\"2019-03-04T17:11:51+00:00\",\"breadcrumb\":{\"@id\":\"https:\\\/\\\/www.bellunopress.it\\\/2019\\\/03\\\/04\\\/donne-artigiane-nelle-dolomiti-stand-collettivo-a-palazzo-fulcis-dall8-al-10-marzo\\\/#breadcrumb\"},\"inLanguage\":\"fr-FR\",\"potentialAction\":[{\"@type\":\"ReadAction\",\"target\":[\"https:\\\/\\\/www.bellunopress.it\\\/2019\\\/03\\\/04\\\/donne-artigiane-nelle-dolomiti-stand-collettivo-a-palazzo-fulcis-dall8-al-10-marzo\\\/\"]}]},{\"@type\":\"ImageObject\",\"inLanguage\":\"fr-FR\",\"@id\":\"https:\\\/\\\/www.bellunopress.it\\\/2019\\\/03\\\/04\\\/donne-artigiane-nelle-dolomiti-stand-collettivo-a-palazzo-fulcis-dall8-al-10-marzo\\\/#primaryimage\",\"url\":\"http:\\\/\\\/www.bellunopress.it\\\/wp-content\\\/uploads\\\/2019\\\/03\\\/Martina-Gennari.jpg\",\"contentUrl\":\"http:\\\/\\\/www.bellunopress.it\\\/wp-content\\\/uploads\\\/2019\\\/03\\\/Martina-Gennari.jpg\"},{\"@type\":\"BreadcrumbList\",\"@id\":\"https:\\\/\\\/www.bellunopress.it\\\/2019\\\/03\\\/04\\\/donne-artigiane-nelle-dolomiti-stand-collettivo-a-palazzo-fulcis-dall8-al-10-marzo\\\/#breadcrumb\",\"itemListElement\":[{\"@type\":\"ListItem\",\"position\":1,\"name\":\"Home\",\"item\":\"https:\\\/\\\/www.bellunopress.it\\\/\"},{\"@type\":\"ListItem\",\"position\":2,\"name\":\"Donne artigiane nelle Dolomiti: stand collettivo a palazzo Fulcis dall\u20198 al 10 marzo\"}]},{\"@type\":\"WebSite\",\"@id\":\"https:\\\/\\\/www.bellunopress.it\\\/#website\",\"url\":\"https:\\\/\\\/www.bellunopress.it\\\/\",\"name\":\"Bellunopress - Dolomiti\",\"description\":\"e-mail: redazione@bellunopress.it\",\"publisher\":{\"@id\":\"https:\\\/\\\/www.bellunopress.it\\\/#organization\"},\"potentialAction\":[{\"@type\":\"SearchAction\",\"target\":{\"@type\":\"EntryPoint\",\"urlTemplate\":\"https:\\\/\\\/www.bellunopress.it\\\/?s={search_term_string}\"},\"query-input\":{\"@type\":\"PropertyValueSpecification\",\"valueRequired\":true,\"valueName\":\"search_term_string\"}}],\"inLanguage\":\"fr-FR\"},{\"@type\":\"Organization\",\"@id\":\"https:\\\/\\\/www.bellunopress.it\\\/#organization\",\"name\":\"Bellunopress\",\"url\":\"https:\\\/\\\/www.bellunopress.it\\\/\",\"logo\":{\"@type\":\"ImageObject\",\"inLanguage\":\"fr-FR\",\"@id\":\"https:\\\/\\\/www.bellunopress.it\\\/#\\\/schema\\\/logo\\\/image\\\/\",\"url\":\"https:\\\/\\\/www.bellunopress.it\\\/wp-content\\\/uploads\\\/2011\\\/05\\\/cropped-logo-bellunopress-.jpg\",\"contentUrl\":\"https:\\\/\\\/www.bellunopress.it\\\/wp-content\\\/uploads\\\/2011\\\/05\\\/cropped-logo-bellunopress-.jpg\",\"width\":512,\"height\":512,\"caption\":\"Bellunopress\"},\"image\":{\"@id\":\"https:\\\/\\\/www.bellunopress.it\\\/#\\\/schema\\\/logo\\\/image\\\/\"},\"sameAs\":[\"https:\\\/\\\/www.facebook.com\\\/profile.php?id=100008943462799\",\"https:\\\/\\\/x.com\\\/bellunopress\",\"https:\\\/\\\/www.linkedin.com\\\/hp\\\/?dnr=JBzUWaJfMUw8vbXJJ2tVW5-I3jZKvC4wsoxE&amp;amp;amp;amp;amp;amp;trk=nav_responsive_tab_home\",\"https:\\\/\\\/www.youtube.com\\\/channel\\\/UCxL0wu1uN0_3_7hGG0306cw\"]},{\"@type\":\"Person\",\"@id\":\"https:\\\/\\\/www.bellunopress.it\\\/#\\\/schema\\\/person\\\/79bb06722b37ece1c03d3e94beb30d73\",\"name\":\"redazione\",\"image\":{\"@type\":\"ImageObject\",\"inLanguage\":\"fr-FR\",\"@id\":\"https:\\\/\\\/secure.gravatar.com\\\/avatar\\\/37d968a2e67a6fd04c169c4bdef102d0bc5d31b2546345219e348575eb80e9a0?s=96&d=mm&r=g\",\"url\":\"https:\\\/\\\/secure.gravatar.com\\\/avatar\\\/37d968a2e67a6fd04c169c4bdef102d0bc5d31b2546345219e348575eb80e9a0?s=96&d=mm&r=g\",\"contentUrl\":\"https:\\\/\\\/secure.gravatar.com\\\/avatar\\\/37d968a2e67a6fd04c169c4bdef102d0bc5d31b2546345219e348575eb80e9a0?s=96&d=mm&r=g\",\"caption\":\"redazione\"},\"sameAs\":[\"http:\\\/\\\/www.bellunopress.it\",\"https:\\\/\\\/x.com\\\/bellunopress\"],\"url\":\"https:\\\/\\\/www.bellunopress.it\\\/fr\\\/author\\\/redazione\\\/\"}]}<\/script>\n<!-- \/ Yoast SEO plugin. -->","yoast_head_json":{"title":"Donne artigiane nelle Dolomiti: stand collettivo a palazzo Fulcis dall\u20198 al 10 marzo - Bellunopress - Dolomiti","robots":{"index":"index","follow":"follow","max-snippet":"max-snippet:-1","max-image-preview":"max-image-preview:large","max-video-preview":"max-video-preview:-1"},"canonical":"https:\/\/www.bellunopress.it\/fr\/2019\/03\/04\/donne-artigiane-nelle-dolomiti-stand-collettivo-a-palazzo-fulcis-dall8-al-10-marzo\/","og_locale":"fr_FR","og_type":"article","og_title":"Donne artigiane nelle Dolomiti: stand collettivo a palazzo Fulcis dall\u20198 al 10 marzo - Bellunopress - Dolomiti","og_description":"In occasione della \u201cFesta della donna\u201d, Donne impresa Belluno, il movimento femminile di Confartigianato Belluno, ha scelto di presentare al pubblico alcune delle sue eccellenze. Uno stand collettivo varcher\u00e0 la soglia di Palazzo Fulcis a Belluno, trovando spazio al pian terreno del Museo. Dopo l\u2019esperienza positiva della scorsa estate nell\u2019ambito dei \u201cGioved\u00ec di sera\u201d, le [&hellip;]","og_url":"https:\/\/www.bellunopress.it\/fr\/2019\/03\/04\/donne-artigiane-nelle-dolomiti-stand-collettivo-a-palazzo-fulcis-dall8-al-10-marzo\/","og_site_name":"Bellunopress - Dolomiti","article_publisher":"https:\/\/www.facebook.com\/profile.php?id=100008943462799","article_published_time":"2019-03-04T17:11:50+00:00","article_modified_time":"2019-03-04T17:11:51+00:00","og_image":[{"url":"http:\/\/www.bellunopress.it\/wp-content\/uploads\/2019\/03\/Martina-Gennari.jpg","type":"","width":"","height":""}],"author":"redazione","twitter_card":"summary_large_image","twitter_creator":"@bellunopress","twitter_site":"@bellunopress","twitter_misc":{"\u00c9crit par":"redazione","Dur\u00e9e de lecture estim\u00e9e":"2 minutes"},"schema":{"@context":"https:\/\/schema.org","@graph":[{"@type":"Article","@id":"https:\/\/www.bellunopress.it\/2019\/03\/04\/donne-artigiane-nelle-dolomiti-stand-collettivo-a-palazzo-fulcis-dall8-al-10-marzo\/#article","isPartOf":{"@id":"https:\/\/www.bellunopress.it\/2019\/03\/04\/donne-artigiane-nelle-dolomiti-stand-collettivo-a-palazzo-fulcis-dall8-al-10-marzo\/"},"author":{"name":"redazione","@id":"https:\/\/www.bellunopress.it\/#\/schema\/person\/79bb06722b37ece1c03d3e94beb30d73"},"headline":"Donne artigiane nelle Dolomiti: stand collettivo a palazzo Fulcis dall\u20198 al 10 marzo","datePublished":"2019-03-04T17:11:50+00:00","dateModified":"2019-03-04T17:11:51+00:00","mainEntityOfPage":{"@id":"https:\/\/www.bellunopress.it\/2019\/03\/04\/donne-artigiane-nelle-dolomiti-stand-collettivo-a-palazzo-fulcis-dall8-al-10-marzo\/"},"wordCount":392,"publisher":{"@id":"https:\/\/www.bellunopress.it\/#organization"},"image":{"@id":"https:\/\/www.bellunopress.it\/2019\/03\/04\/donne-artigiane-nelle-dolomiti-stand-collettivo-a-palazzo-fulcis-dall8-al-10-marzo\/#primaryimage"},"thumbnailUrl":"http:\/\/www.bellunopress.it\/wp-content\/uploads\/2019\/03\/Martina-Gennari.jpg","articleSection":["Appuntamenti, Eventi","Arte, Cultura, Spettacoli, Scienza","Prima Pagina"],"inLanguage":"fr-FR"},{"@type":"WebPage","@id":"https:\/\/www.bellunopress.it\/2019\/03\/04\/donne-artigiane-nelle-dolomiti-stand-collettivo-a-palazzo-fulcis-dall8-al-10-marzo\/","url":"https:\/\/www.bellunopress.it\/2019\/03\/04\/donne-artigiane-nelle-dolomiti-stand-collettivo-a-palazzo-fulcis-dall8-al-10-marzo\/","name":"Donne artigiane nelle Dolomiti: stand collettivo a palazzo Fulcis dall\u20198 al 10 marzo - Bellunopress - Dolomiti","isPartOf":{"@id":"https:\/\/www.bellunopress.it\/#website"},"primaryImageOfPage":{"@id":"https:\/\/www.bellunopress.it\/2019\/03\/04\/donne-artigiane-nelle-dolomiti-stand-collettivo-a-palazzo-fulcis-dall8-al-10-marzo\/#primaryimage"},"image":{"@id":"https:\/\/www.bellunopress.it\/2019\/03\/04\/donne-artigiane-nelle-dolomiti-stand-collettivo-a-palazzo-fulcis-dall8-al-10-marzo\/#primaryimage"},"thumbnailUrl":"http:\/\/www.bellunopress.it\/wp-content\/uploads\/2019\/03\/Martina-Gennari.jpg","datePublished":"2019-03-04T17:11:50+00:00","dateModified":"2019-03-04T17:11:51+00:00","breadcrumb":{"@id":"https:\/\/www.bellunopress.it\/2019\/03\/04\/donne-artigiane-nelle-dolomiti-stand-collettivo-a-palazzo-fulcis-dall8-al-10-marzo\/#breadcrumb"},"inLanguage":"fr-FR","potentialAction":[{"@type":"ReadAction","target":["https:\/\/www.bellunopress.it\/2019\/03\/04\/donne-artigiane-nelle-dolomiti-stand-collettivo-a-palazzo-fulcis-dall8-al-10-marzo\/"]}]},{"@type":"ImageObject","inLanguage":"fr-FR","@id":"https:\/\/www.bellunopress.it\/2019\/03\/04\/donne-artigiane-nelle-dolomiti-stand-collettivo-a-palazzo-fulcis-dall8-al-10-marzo\/#primaryimage","url":"http:\/\/www.bellunopress.it\/wp-content\/uploads\/2019\/03\/Martina-Gennari.jpg","contentUrl":"http:\/\/www.bellunopress.it\/wp-content\/uploads\/2019\/03\/Martina-Gennari.jpg"},{"@type":"BreadcrumbList","@id":"https:\/\/www.bellunopress.it\/2019\/03\/04\/donne-artigiane-nelle-dolomiti-stand-collettivo-a-palazzo-fulcis-dall8-al-10-marzo\/#breadcrumb","itemListElement":[{"@type":"ListItem","position":1,"name":"Home","item":"https:\/\/www.bellunopress.it\/"},{"@type":"ListItem","position":2,"name":"Donne artigiane nelle Dolomiti: stand collettivo a palazzo Fulcis dall\u20198 al 10 marzo"}]},{"@type":"WebSite","@id":"https:\/\/www.bellunopress.it\/#website","url":"https:\/\/www.bellunopress.it\/","name":"Bellunopress - Dolomiti","description":"e-mail: redazione@bellunopress.it","publisher":{"@id":"https:\/\/www.bellunopress.it\/#organization"},"potentialAction":[{"@type":"SearchAction","target":{"@type":"EntryPoint","urlTemplate":"https:\/\/www.bellunopress.it\/?s={search_term_string}"},"query-input":{"@type":"PropertyValueSpecification","valueRequired":true,"valueName":"search_term_string"}}],"inLanguage":"fr-FR"},{"@type":"Organization","@id":"https:\/\/www.bellunopress.it\/#organization","name":"Bellunopress","url":"https:\/\/www.bellunopress.it\/","logo":{"@type":"ImageObject","inLanguage":"fr-FR","@id":"https:\/\/www.bellunopress.it\/#\/schema\/logo\/image\/","url":"https:\/\/www.bellunopress.it\/wp-content\/uploads\/2011\/05\/cropped-logo-bellunopress-.jpg","contentUrl":"https:\/\/www.bellunopress.it\/wp-content\/uploads\/2011\/05\/cropped-logo-bellunopress-.jpg","width":512,"height":512,"caption":"Bellunopress"},"image":{"@id":"https:\/\/www.bellunopress.it\/#\/schema\/logo\/image\/"},"sameAs":["https:\/\/www.facebook.com\/profile.php?id=100008943462799","https:\/\/x.com\/bellunopress","https:\/\/www.linkedin.com\/hp\/?dnr=JBzUWaJfMUw8vbXJJ2tVW5-I3jZKvC4wsoxE&amp;amp;amp;amp;amp;amp;trk=nav_responsive_tab_home","https:\/\/www.youtube.com\/channel\/UCxL0wu1uN0_3_7hGG0306cw"]},{"@type":"Person","@id":"https:\/\/www.bellunopress.it\/#\/schema\/person\/79bb06722b37ece1c03d3e94beb30d73","name":"r\u00e9daction","image":{"@type":"ImageObject","inLanguage":"fr-FR","@id":"https:\/\/secure.gravatar.com\/avatar\/37d968a2e67a6fd04c169c4bdef102d0bc5d31b2546345219e348575eb80e9a0?s=96&d=mm&r=g","url":"https:\/\/secure.gravatar.com\/avatar\/37d968a2e67a6fd04c169c4bdef102d0bc5d31b2546345219e348575eb80e9a0?s=96&d=mm&r=g","contentUrl":"https:\/\/secure.gravatar.com\/avatar\/37d968a2e67a6fd04c169c4bdef102d0bc5d31b2546345219e348575eb80e9a0?s=96&d=mm&r=g","caption":"redazione"},"sameAs":["http:\/\/www.bellunopress.it","https:\/\/x.com\/bellunopress"],"url":"https:\/\/www.bellunopress.it\/fr\/author\/redazione\/"}]}},"_links":{"self":[{"href":"https:\/\/www.bellunopress.it\/fr\/wp-json\/wp\/v2\/posts\/102582","targetHints":{"allow":["GET"]}}],"collection":[{"href":"https:\/\/www.bellunopress.it\/fr\/wp-json\/wp\/v2\/posts"}],"about":[{"href":"https:\/\/www.bellunopress.it\/fr\/wp-json\/wp\/v2\/types\/post"}],"author":[{"embeddable":true,"href":"https:\/\/www.bellunopress.it\/fr\/wp-json\/wp\/v2\/users\/2"}],"replies":[{"embeddable":true,"href":"https:\/\/www.bellunopress.it\/fr\/wp-json\/wp\/v2\/comments?post=102582"}],"version-history":[{"count":2,"href":"https:\/\/www.bellunopress.it\/fr\/wp-json\/wp\/v2\/posts\/102582\/revisions"}],"predecessor-version":[{"id":102585,"href":"https:\/\/www.bellunopress.it\/fr\/wp-json\/wp\/v2\/posts\/102582\/revisions\/102585"}],"wp:attachment":[{"href":"https:\/\/www.bellunopress.it\/fr\/wp-json\/wp\/v2\/media?parent=102582"}],"wp:term":[{"taxonomy":"category","embeddable":true,"href":"https:\/\/www.bellunopress.it\/fr\/wp-json\/wp\/v2\/categories?post=102582"},{"taxonomy":"post_tag","embeddable":true,"href":"https:\/\/www.bellunopress.it\/fr\/wp-json\/wp\/v2\/tags?post=102582"}],"curies":[{"name":"wp","href":"https:\/\/api.w.org\/{rel}","templated":true}]}}