{"id":102571,"date":"2019-03-04T13:50:25","date_gmt":"2019-03-04T12:50:25","guid":{"rendered":"http:\/\/www.bellunopress.it\/?p=102571"},"modified":"2019-03-04T13:52:24","modified_gmt":"2019-03-04T12:52:24","slug":"asta-pubblica-per-abete-rosso-e-larice-certificato-pefc-schiantato-in-nevegal-durante-lalluvione-domande-entro-il-20-marzo-al-comune-di-belluno","status":"publish","type":"post","link":"https:\/\/www.bellunopress.it\/fr\/2019\/03\/04\/asta-pubblica-per-abete-rosso-e-larice-certificato-pefc-schiantato-in-nevegal-durante-lalluvione-domande-entro-il-20-marzo-al-comune-di-belluno\/","title":{"rendered":"Asta pubblica per abete rosso e larice certificato Pefc schiantato in Nevegal durante l&#8217;alluvione. Domande entro il 20 marzo al Comune di Belluno"},"content":{"rendered":"<p><a href=\"http:\/\/www.bellunopress.it\/fr\/2016\/01\/23\/iscrizioni-anno-scolastico-2016-2017-per-le-classi-prime-delle-scuole-dellinfanzia-primarie-e-secondarie-1-grado-accesso-al-servizio-mensa-e-trasporto-scolastico-domande-entro-il-22\/comune-belluno-2\/\" rel=\"attachment wp-att-74884\"><img loading=\"lazy\" decoding=\"async\" class=\"alignleft size-full wp-image-74884\" src=\"http:\/\/www.bellunopress.it\/wp-content\/uploads\/2016\/01\/comune-belluno.jpg\" alt=\"\" width=\"148\" height=\"190\" \/><\/a>Il Comune di Belluno ha pubblicato un avviso d&#8217;asta pubblica per la vendita di piante schiantate e cimate da esboscare e di materiale destinato alla biomassa (da tronchi), di abete rosso e larice certificato PEFC, in localit\u00e0 Nevegal, sulle particelle forestali 2-3-4-5-6-7-8-9-11-23-24 in Comune di Belluno.<br \/>\nLa vendita sar\u00e0 effettuata attraverso asta pubblica a unico incanto, con il metodo delle offerte segrete a rialzo rispetto al prezzo posto a base d&#8217;asta, stabilito in<br \/>\nEuro 12,00 al metro cubo al netto di IVA, sconti botoli 20%, sottomisure e travature 30%, pi\u00f9 sconto corteccia al 10% per l\u2019abete e al 20% per il larice, relativamente ad una massa presunta di tronchi di 17.500 mc;<br \/>\nEuro 8,00 al metro cubo al netto di IVA, relativamente ad una massa presunta di materiale da destinare a biomassa da tronchi di 6.750 mc.<br \/>\nChiunque intenda partecipare all\u2019asta dovr\u00e0 far pervenire, entro le ore 12.00 di mercoled\u00ec 20 marzo 2019, un plico presso l\u2019Ufficio Protocollo, Piazza Duomo, n. 1, oppure potr\u00e0 inviarlo a mezzo del servizio postale ovvero del servizio di agenzie autorizzate.<br \/>\nL&#8217;apertura delle buste avverr\u00e0 in seduta pubblica gioved\u00ec 21 marzo, alle ore 9.00 presso la Sala Preconsiglio di Palazzo Rosso &#8211; Piazza Duomo, 1<br \/>\nL\u2019avviso di vendita, completo dei relativi allegati, \u00e8 consultabile sul sito istituzionale del Comune di Belluno, www.comune.belluno.it alla voce Bandi e Avvisi e sar\u00e0 depositato, per presa visione e\/o ritiro di copia, presso lo Sportello dei Cittadini, in Piazza Duomo, n. 2, oppure presso gli uffici dell\u2019 Ambito Tecnico, Area Patrimonio e Demanio, in via Mezzaterra, n. 45.<\/p>\n<p>Per informazioni e eventuale sopralluogo \u00e8 possibile contattare gli uffici dell&#8217; Ambito Tecnico, Area Patrimonio e Demanio: Tel. 0437 913471 (Giuseppina Cannata) &#8211; 0437 913443 o 3485612070 (Domenico Crose).<\/p>","protected":false},"excerpt":{"rendered":"<p>Il Comune di Belluno ha pubblicato un avviso d&#8217;asta pubblica per la vendita di piante schiantate e cimate da esboscare e di materiale destinato alla biomassa (da tronchi), di abete rosso e larice certificato PEFC, in localit\u00e0 Nevegal, sulle particelle forestali 2-3-4-5-6-7-8-9-11-23-24 in Comune di Belluno. La vendita sar\u00e0 effettuata attraverso asta pubblica a unico [&hellip;]<\/p>\n","protected":false},"author":2,"featured_media":0,"comment_status":"closed","ping_status":"open","sticky":false,"template":"","format":"standard","meta":{"footnotes":""},"categories":[36,26,8],"tags":[],"class_list":["post-102571","post","type-post","status-publish","format-standard","category-lavoro-economia","category-prima-pagina","category-societa-istituzioni"],"yoast_head":"<!-- This site is optimized with the Yoast SEO plugin v28.4 - https:\/\/yoast.com\/product\/yoast-seo-wordpress\/ -->\n<title>Asta pubblica per abete rosso e larice certificato Pefc schiantato in Nevegal durante l&#039;alluvione. Domande entro il 20 marzo al Comune di Belluno - Bellunopress - Dolomiti<\/title>\n<meta name=\"robots\" content=\"index, follow, max-snippet:-1, max-image-preview:large, max-video-preview:-1\" \/>\n<link rel=\"canonical\" href=\"https:\/\/www.bellunopress.it\/fr\/2019\/03\/04\/asta-pubblica-per-abete-rosso-e-larice-certificato-pefc-schiantato-in-nevegal-durante-lalluvione-domande-entro-il-20-marzo-al-comune-di-belluno\/\" \/>\n<meta property=\"og:locale\" content=\"fr_FR\" \/>\n<meta property=\"og:type\" content=\"article\" \/>\n<meta property=\"og:title\" content=\"Asta pubblica per abete rosso e larice certificato Pefc schiantato in Nevegal durante l&#039;alluvione. Domande entro il 20 marzo al Comune di Belluno - Bellunopress - Dolomiti\" \/>\n<meta property=\"og:description\" content=\"Il Comune di Belluno ha pubblicato un avviso d&#8217;asta pubblica per la vendita di piante schiantate e cimate da esboscare e di materiale destinato alla biomassa (da tronchi), di abete rosso e larice certificato PEFC, in localit\u00e0 Nevegal, sulle particelle forestali 2-3-4-5-6-7-8-9-11-23-24 in Comune di Belluno. La vendita sar\u00e0 effettuata attraverso asta pubblica a unico [&hellip;]\" \/>\n<meta property=\"og:url\" content=\"https:\/\/www.bellunopress.it\/fr\/2019\/03\/04\/asta-pubblica-per-abete-rosso-e-larice-certificato-pefc-schiantato-in-nevegal-durante-lalluvione-domande-entro-il-20-marzo-al-comune-di-belluno\/\" \/>\n<meta property=\"og:site_name\" content=\"Bellunopress - Dolomiti\" \/>\n<meta property=\"article:publisher\" content=\"https:\/\/www.facebook.com\/profile.php?id=100008943462799\" \/>\n<meta property=\"article:published_time\" content=\"2019-03-04T12:50:25+00:00\" \/>\n<meta property=\"article:modified_time\" content=\"2019-03-04T12:52:24+00:00\" \/>\n<meta property=\"og:image\" content=\"http:\/\/www.bellunopress.it\/wp-content\/uploads\/2016\/01\/comune-belluno.jpg\" \/>\n<meta name=\"author\" content=\"redazione\" \/>\n<meta name=\"twitter:card\" content=\"summary_large_image\" \/>\n<meta name=\"twitter:creator\" content=\"@bellunopress\" \/>\n<meta name=\"twitter:site\" content=\"@bellunopress\" \/>\n<meta name=\"twitter:label1\" content=\"\u00c9crit par\" \/>\n\t<meta name=\"twitter:data1\" content=\"redazione\" \/>\n\t<meta name=\"twitter:label2\" content=\"Dur\u00e9e de lecture estim\u00e9e\" \/>\n\t<meta name=\"twitter:data2\" content=\"1 minute\" \/>\n<script type=\"application\/ld+json\" class=\"yoast-schema-graph\">{\"@context\":\"https:\\\/\\\/schema.org\",\"@graph\":[{\"@type\":\"Article\",\"@id\":\"https:\\\/\\\/www.bellunopress.it\\\/2019\\\/03\\\/04\\\/asta-pubblica-per-abete-rosso-e-larice-certificato-pefc-schiantato-in-nevegal-durante-lalluvione-domande-entro-il-20-marzo-al-comune-di-belluno\\\/#article\",\"isPartOf\":{\"@id\":\"https:\\\/\\\/www.bellunopress.it\\\/2019\\\/03\\\/04\\\/asta-pubblica-per-abete-rosso-e-larice-certificato-pefc-schiantato-in-nevegal-durante-lalluvione-domande-entro-il-20-marzo-al-comune-di-belluno\\\/\"},\"author\":{\"name\":\"redazione\",\"@id\":\"https:\\\/\\\/www.bellunopress.it\\\/#\\\/schema\\\/person\\\/79bb06722b37ece1c03d3e94beb30d73\"},\"headline\":\"Asta pubblica per abete rosso e larice certificato Pefc schiantato in Nevegal durante l&#8217;alluvione. Domande entro il 20 marzo al Comune di Belluno\",\"datePublished\":\"2019-03-04T12:50:25+00:00\",\"dateModified\":\"2019-03-04T12:52:24+00:00\",\"mainEntityOfPage\":{\"@id\":\"https:\\\/\\\/www.bellunopress.it\\\/2019\\\/03\\\/04\\\/asta-pubblica-per-abete-rosso-e-larice-certificato-pefc-schiantato-in-nevegal-durante-lalluvione-domande-entro-il-20-marzo-al-comune-di-belluno\\\/\"},\"wordCount\":306,\"publisher\":{\"@id\":\"https:\\\/\\\/www.bellunopress.it\\\/#organization\"},\"image\":{\"@id\":\"https:\\\/\\\/www.bellunopress.it\\\/2019\\\/03\\\/04\\\/asta-pubblica-per-abete-rosso-e-larice-certificato-pefc-schiantato-in-nevegal-durante-lalluvione-domande-entro-il-20-marzo-al-comune-di-belluno\\\/#primaryimage\"},\"thumbnailUrl\":\"http:\\\/\\\/www.bellunopress.it\\\/wp-content\\\/uploads\\\/2016\\\/01\\\/comune-belluno.jpg\",\"articleSection\":[\"Lavoro, Economia, Turismo\",\"Prima Pagina\",\"Societ\u00e0, Associazioni, Istituzioni\"],\"inLanguage\":\"fr-FR\"},{\"@type\":\"WebPage\",\"@id\":\"https:\\\/\\\/www.bellunopress.it\\\/2019\\\/03\\\/04\\\/asta-pubblica-per-abete-rosso-e-larice-certificato-pefc-schiantato-in-nevegal-durante-lalluvione-domande-entro-il-20-marzo-al-comune-di-belluno\\\/\",\"url\":\"https:\\\/\\\/www.bellunopress.it\\\/2019\\\/03\\\/04\\\/asta-pubblica-per-abete-rosso-e-larice-certificato-pefc-schiantato-in-nevegal-durante-lalluvione-domande-entro-il-20-marzo-al-comune-di-belluno\\\/\",\"name\":\"Asta pubblica per abete rosso e larice certificato Pefc schiantato in Nevegal durante l'alluvione. Domande entro il 20 marzo al Comune di Belluno - Bellunopress - Dolomiti\",\"isPartOf\":{\"@id\":\"https:\\\/\\\/www.bellunopress.it\\\/#website\"},\"primaryImageOfPage\":{\"@id\":\"https:\\\/\\\/www.bellunopress.it\\\/2019\\\/03\\\/04\\\/asta-pubblica-per-abete-rosso-e-larice-certificato-pefc-schiantato-in-nevegal-durante-lalluvione-domande-entro-il-20-marzo-al-comune-di-belluno\\\/#primaryimage\"},\"image\":{\"@id\":\"https:\\\/\\\/www.bellunopress.it\\\/2019\\\/03\\\/04\\\/asta-pubblica-per-abete-rosso-e-larice-certificato-pefc-schiantato-in-nevegal-durante-lalluvione-domande-entro-il-20-marzo-al-comune-di-belluno\\\/#primaryimage\"},\"thumbnailUrl\":\"http:\\\/\\\/www.bellunopress.it\\\/wp-content\\\/uploads\\\/2016\\\/01\\\/comune-belluno.jpg\",\"datePublished\":\"2019-03-04T12:50:25+00:00\",\"dateModified\":\"2019-03-04T12:52:24+00:00\",\"breadcrumb\":{\"@id\":\"https:\\\/\\\/www.bellunopress.it\\\/2019\\\/03\\\/04\\\/asta-pubblica-per-abete-rosso-e-larice-certificato-pefc-schiantato-in-nevegal-durante-lalluvione-domande-entro-il-20-marzo-al-comune-di-belluno\\\/#breadcrumb\"},\"inLanguage\":\"fr-FR\",\"potentialAction\":[{\"@type\":\"ReadAction\",\"target\":[\"https:\\\/\\\/www.bellunopress.it\\\/2019\\\/03\\\/04\\\/asta-pubblica-per-abete-rosso-e-larice-certificato-pefc-schiantato-in-nevegal-durante-lalluvione-domande-entro-il-20-marzo-al-comune-di-belluno\\\/\"]}]},{\"@type\":\"ImageObject\",\"inLanguage\":\"fr-FR\",\"@id\":\"https:\\\/\\\/www.bellunopress.it\\\/2019\\\/03\\\/04\\\/asta-pubblica-per-abete-rosso-e-larice-certificato-pefc-schiantato-in-nevegal-durante-lalluvione-domande-entro-il-20-marzo-al-comune-di-belluno\\\/#primaryimage\",\"url\":\"http:\\\/\\\/www.bellunopress.it\\\/wp-content\\\/uploads\\\/2016\\\/01\\\/comune-belluno.jpg\",\"contentUrl\":\"http:\\\/\\\/www.bellunopress.it\\\/wp-content\\\/uploads\\\/2016\\\/01\\\/comune-belluno.jpg\"},{\"@type\":\"BreadcrumbList\",\"@id\":\"https:\\\/\\\/www.bellunopress.it\\\/2019\\\/03\\\/04\\\/asta-pubblica-per-abete-rosso-e-larice-certificato-pefc-schiantato-in-nevegal-durante-lalluvione-domande-entro-il-20-marzo-al-comune-di-belluno\\\/#breadcrumb\",\"itemListElement\":[{\"@type\":\"ListItem\",\"position\":1,\"name\":\"Home\",\"item\":\"https:\\\/\\\/www.bellunopress.it\\\/\"},{\"@type\":\"ListItem\",\"position\":2,\"name\":\"Asta pubblica per abete rosso e larice certificato Pefc schiantato in Nevegal durante l&#8217;alluvione. Domande entro il 20 marzo al Comune di Belluno\"}]},{\"@type\":\"WebSite\",\"@id\":\"https:\\\/\\\/www.bellunopress.it\\\/#website\",\"url\":\"https:\\\/\\\/www.bellunopress.it\\\/\",\"name\":\"Bellunopress - Dolomiti\",\"description\":\"e-mail: redazione@bellunopress.it\",\"publisher\":{\"@id\":\"https:\\\/\\\/www.bellunopress.it\\\/#organization\"},\"potentialAction\":[{\"@type\":\"SearchAction\",\"target\":{\"@type\":\"EntryPoint\",\"urlTemplate\":\"https:\\\/\\\/www.bellunopress.it\\\/?s={search_term_string}\"},\"query-input\":{\"@type\":\"PropertyValueSpecification\",\"valueRequired\":true,\"valueName\":\"search_term_string\"}}],\"inLanguage\":\"fr-FR\"},{\"@type\":\"Organization\",\"@id\":\"https:\\\/\\\/www.bellunopress.it\\\/#organization\",\"name\":\"Bellunopress\",\"url\":\"https:\\\/\\\/www.bellunopress.it\\\/\",\"logo\":{\"@type\":\"ImageObject\",\"inLanguage\":\"fr-FR\",\"@id\":\"https:\\\/\\\/www.bellunopress.it\\\/#\\\/schema\\\/logo\\\/image\\\/\",\"url\":\"https:\\\/\\\/www.bellunopress.it\\\/wp-content\\\/uploads\\\/2011\\\/05\\\/cropped-logo-bellunopress-.jpg\",\"contentUrl\":\"https:\\\/\\\/www.bellunopress.it\\\/wp-content\\\/uploads\\\/2011\\\/05\\\/cropped-logo-bellunopress-.jpg\",\"width\":512,\"height\":512,\"caption\":\"Bellunopress\"},\"image\":{\"@id\":\"https:\\\/\\\/www.bellunopress.it\\\/#\\\/schema\\\/logo\\\/image\\\/\"},\"sameAs\":[\"https:\\\/\\\/www.facebook.com\\\/profile.php?id=100008943462799\",\"https:\\\/\\\/x.com\\\/bellunopress\",\"https:\\\/\\\/www.linkedin.com\\\/hp\\\/?dnr=JBzUWaJfMUw8vbXJJ2tVW5-I3jZKvC4wsoxE&amp;amp;amp;amp;amp;amp;trk=nav_responsive_tab_home\",\"https:\\\/\\\/www.youtube.com\\\/channel\\\/UCxL0wu1uN0_3_7hGG0306cw\"]},{\"@type\":\"Person\",\"@id\":\"https:\\\/\\\/www.bellunopress.it\\\/#\\\/schema\\\/person\\\/79bb06722b37ece1c03d3e94beb30d73\",\"name\":\"redazione\",\"image\":{\"@type\":\"ImageObject\",\"inLanguage\":\"fr-FR\",\"@id\":\"https:\\\/\\\/secure.gravatar.com\\\/avatar\\\/37d968a2e67a6fd04c169c4bdef102d0bc5d31b2546345219e348575eb80e9a0?s=96&d=mm&r=g\",\"url\":\"https:\\\/\\\/secure.gravatar.com\\\/avatar\\\/37d968a2e67a6fd04c169c4bdef102d0bc5d31b2546345219e348575eb80e9a0?s=96&d=mm&r=g\",\"contentUrl\":\"https:\\\/\\\/secure.gravatar.com\\\/avatar\\\/37d968a2e67a6fd04c169c4bdef102d0bc5d31b2546345219e348575eb80e9a0?s=96&d=mm&r=g\",\"caption\":\"redazione\"},\"sameAs\":[\"http:\\\/\\\/www.bellunopress.it\",\"https:\\\/\\\/x.com\\\/bellunopress\"],\"url\":\"https:\\\/\\\/www.bellunopress.it\\\/fr\\\/author\\\/redazione\\\/\"}]}<\/script>\n<!-- \/ Yoast SEO plugin. -->","yoast_head_json":{"title":"Asta pubblica per abete rosso e larice certificato Pefc schiantato in Nevegal durante l'alluvione. Domande entro il 20 marzo al Comune di Belluno - Bellunopress - Dolomiti","robots":{"index":"index","follow":"follow","max-snippet":"max-snippet:-1","max-image-preview":"max-image-preview:large","max-video-preview":"max-video-preview:-1"},"canonical":"https:\/\/www.bellunopress.it\/fr\/2019\/03\/04\/asta-pubblica-per-abete-rosso-e-larice-certificato-pefc-schiantato-in-nevegal-durante-lalluvione-domande-entro-il-20-marzo-al-comune-di-belluno\/","og_locale":"fr_FR","og_type":"article","og_title":"Asta pubblica per abete rosso e larice certificato Pefc schiantato in Nevegal durante l'alluvione. Domande entro il 20 marzo al Comune di Belluno - Bellunopress - Dolomiti","og_description":"Il Comune di Belluno ha pubblicato un avviso d&#8217;asta pubblica per la vendita di piante schiantate e cimate da esboscare e di materiale destinato alla biomassa (da tronchi), di abete rosso e larice certificato PEFC, in localit\u00e0 Nevegal, sulle particelle forestali 2-3-4-5-6-7-8-9-11-23-24 in Comune di Belluno. La vendita sar\u00e0 effettuata attraverso asta pubblica a unico [&hellip;]","og_url":"https:\/\/www.bellunopress.it\/fr\/2019\/03\/04\/asta-pubblica-per-abete-rosso-e-larice-certificato-pefc-schiantato-in-nevegal-durante-lalluvione-domande-entro-il-20-marzo-al-comune-di-belluno\/","og_site_name":"Bellunopress - Dolomiti","article_publisher":"https:\/\/www.facebook.com\/profile.php?id=100008943462799","article_published_time":"2019-03-04T12:50:25+00:00","article_modified_time":"2019-03-04T12:52:24+00:00","og_image":[{"url":"http:\/\/www.bellunopress.it\/wp-content\/uploads\/2016\/01\/comune-belluno.jpg","type":"","width":"","height":""}],"author":"redazione","twitter_card":"summary_large_image","twitter_creator":"@bellunopress","twitter_site":"@bellunopress","twitter_misc":{"\u00c9crit par":"redazione","Dur\u00e9e de lecture estim\u00e9e":"1 minute"},"schema":{"@context":"https:\/\/schema.org","@graph":[{"@type":"Article","@id":"https:\/\/www.bellunopress.it\/2019\/03\/04\/asta-pubblica-per-abete-rosso-e-larice-certificato-pefc-schiantato-in-nevegal-durante-lalluvione-domande-entro-il-20-marzo-al-comune-di-belluno\/#article","isPartOf":{"@id":"https:\/\/www.bellunopress.it\/2019\/03\/04\/asta-pubblica-per-abete-rosso-e-larice-certificato-pefc-schiantato-in-nevegal-durante-lalluvione-domande-entro-il-20-marzo-al-comune-di-belluno\/"},"author":{"name":"redazione","@id":"https:\/\/www.bellunopress.it\/#\/schema\/person\/79bb06722b37ece1c03d3e94beb30d73"},"headline":"Asta pubblica per abete rosso e larice certificato Pefc schiantato in Nevegal durante l&#8217;alluvione. Domande entro il 20 marzo al Comune di Belluno","datePublished":"2019-03-04T12:50:25+00:00","dateModified":"2019-03-04T12:52:24+00:00","mainEntityOfPage":{"@id":"https:\/\/www.bellunopress.it\/2019\/03\/04\/asta-pubblica-per-abete-rosso-e-larice-certificato-pefc-schiantato-in-nevegal-durante-lalluvione-domande-entro-il-20-marzo-al-comune-di-belluno\/"},"wordCount":306,"publisher":{"@id":"https:\/\/www.bellunopress.it\/#organization"},"image":{"@id":"https:\/\/www.bellunopress.it\/2019\/03\/04\/asta-pubblica-per-abete-rosso-e-larice-certificato-pefc-schiantato-in-nevegal-durante-lalluvione-domande-entro-il-20-marzo-al-comune-di-belluno\/#primaryimage"},"thumbnailUrl":"http:\/\/www.bellunopress.it\/wp-content\/uploads\/2016\/01\/comune-belluno.jpg","articleSection":["Lavoro, Economia, Turismo","Prima Pagina","Societ\u00e0, Associazioni, Istituzioni"],"inLanguage":"fr-FR"},{"@type":"WebPage","@id":"https:\/\/www.bellunopress.it\/2019\/03\/04\/asta-pubblica-per-abete-rosso-e-larice-certificato-pefc-schiantato-in-nevegal-durante-lalluvione-domande-entro-il-20-marzo-al-comune-di-belluno\/","url":"https:\/\/www.bellunopress.it\/2019\/03\/04\/asta-pubblica-per-abete-rosso-e-larice-certificato-pefc-schiantato-in-nevegal-durante-lalluvione-domande-entro-il-20-marzo-al-comune-di-belluno\/","name":"Asta pubblica per abete rosso e larice certificato Pefc schiantato in Nevegal durante l'alluvione. Domande entro il 20 marzo al Comune di Belluno - Bellunopress - Dolomiti","isPartOf":{"@id":"https:\/\/www.bellunopress.it\/#website"},"primaryImageOfPage":{"@id":"https:\/\/www.bellunopress.it\/2019\/03\/04\/asta-pubblica-per-abete-rosso-e-larice-certificato-pefc-schiantato-in-nevegal-durante-lalluvione-domande-entro-il-20-marzo-al-comune-di-belluno\/#primaryimage"},"image":{"@id":"https:\/\/www.bellunopress.it\/2019\/03\/04\/asta-pubblica-per-abete-rosso-e-larice-certificato-pefc-schiantato-in-nevegal-durante-lalluvione-domande-entro-il-20-marzo-al-comune-di-belluno\/#primaryimage"},"thumbnailUrl":"http:\/\/www.bellunopress.it\/wp-content\/uploads\/2016\/01\/comune-belluno.jpg","datePublished":"2019-03-04T12:50:25+00:00","dateModified":"2019-03-04T12:52:24+00:00","breadcrumb":{"@id":"https:\/\/www.bellunopress.it\/2019\/03\/04\/asta-pubblica-per-abete-rosso-e-larice-certificato-pefc-schiantato-in-nevegal-durante-lalluvione-domande-entro-il-20-marzo-al-comune-di-belluno\/#breadcrumb"},"inLanguage":"fr-FR","potentialAction":[{"@type":"ReadAction","target":["https:\/\/www.bellunopress.it\/2019\/03\/04\/asta-pubblica-per-abete-rosso-e-larice-certificato-pefc-schiantato-in-nevegal-durante-lalluvione-domande-entro-il-20-marzo-al-comune-di-belluno\/"]}]},{"@type":"ImageObject","inLanguage":"fr-FR","@id":"https:\/\/www.bellunopress.it\/2019\/03\/04\/asta-pubblica-per-abete-rosso-e-larice-certificato-pefc-schiantato-in-nevegal-durante-lalluvione-domande-entro-il-20-marzo-al-comune-di-belluno\/#primaryimage","url":"http:\/\/www.bellunopress.it\/wp-content\/uploads\/2016\/01\/comune-belluno.jpg","contentUrl":"http:\/\/www.bellunopress.it\/wp-content\/uploads\/2016\/01\/comune-belluno.jpg"},{"@type":"BreadcrumbList","@id":"https:\/\/www.bellunopress.it\/2019\/03\/04\/asta-pubblica-per-abete-rosso-e-larice-certificato-pefc-schiantato-in-nevegal-durante-lalluvione-domande-entro-il-20-marzo-al-comune-di-belluno\/#breadcrumb","itemListElement":[{"@type":"ListItem","position":1,"name":"Home","item":"https:\/\/www.bellunopress.it\/"},{"@type":"ListItem","position":2,"name":"Asta pubblica per abete rosso e larice certificato Pefc schiantato in Nevegal durante l&#8217;alluvione. Domande entro il 20 marzo al Comune di Belluno"}]},{"@type":"WebSite","@id":"https:\/\/www.bellunopress.it\/#website","url":"https:\/\/www.bellunopress.it\/","name":"Bellunopress - Dolomiti","description":"e-mail: redazione@bellunopress.it","publisher":{"@id":"https:\/\/www.bellunopress.it\/#organization"},"potentialAction":[{"@type":"SearchAction","target":{"@type":"EntryPoint","urlTemplate":"https:\/\/www.bellunopress.it\/?s={search_term_string}"},"query-input":{"@type":"PropertyValueSpecification","valueRequired":true,"valueName":"search_term_string"}}],"inLanguage":"fr-FR"},{"@type":"Organization","@id":"https:\/\/www.bellunopress.it\/#organization","name":"Bellunopress","url":"https:\/\/www.bellunopress.it\/","logo":{"@type":"ImageObject","inLanguage":"fr-FR","@id":"https:\/\/www.bellunopress.it\/#\/schema\/logo\/image\/","url":"https:\/\/www.bellunopress.it\/wp-content\/uploads\/2011\/05\/cropped-logo-bellunopress-.jpg","contentUrl":"https:\/\/www.bellunopress.it\/wp-content\/uploads\/2011\/05\/cropped-logo-bellunopress-.jpg","width":512,"height":512,"caption":"Bellunopress"},"image":{"@id":"https:\/\/www.bellunopress.it\/#\/schema\/logo\/image\/"},"sameAs":["https:\/\/www.facebook.com\/profile.php?id=100008943462799","https:\/\/x.com\/bellunopress","https:\/\/www.linkedin.com\/hp\/?dnr=JBzUWaJfMUw8vbXJJ2tVW5-I3jZKvC4wsoxE&amp;amp;amp;amp;amp;amp;trk=nav_responsive_tab_home","https:\/\/www.youtube.com\/channel\/UCxL0wu1uN0_3_7hGG0306cw"]},{"@type":"Person","@id":"https:\/\/www.bellunopress.it\/#\/schema\/person\/79bb06722b37ece1c03d3e94beb30d73","name":"r\u00e9daction","image":{"@type":"ImageObject","inLanguage":"fr-FR","@id":"https:\/\/secure.gravatar.com\/avatar\/37d968a2e67a6fd04c169c4bdef102d0bc5d31b2546345219e348575eb80e9a0?s=96&d=mm&r=g","url":"https:\/\/secure.gravatar.com\/avatar\/37d968a2e67a6fd04c169c4bdef102d0bc5d31b2546345219e348575eb80e9a0?s=96&d=mm&r=g","contentUrl":"https:\/\/secure.gravatar.com\/avatar\/37d968a2e67a6fd04c169c4bdef102d0bc5d31b2546345219e348575eb80e9a0?s=96&d=mm&r=g","caption":"redazione"},"sameAs":["http:\/\/www.bellunopress.it","https:\/\/x.com\/bellunopress"],"url":"https:\/\/www.bellunopress.it\/fr\/author\/redazione\/"}]}},"_links":{"self":[{"href":"https:\/\/www.bellunopress.it\/fr\/wp-json\/wp\/v2\/posts\/102571","targetHints":{"allow":["GET"]}}],"collection":[{"href":"https:\/\/www.bellunopress.it\/fr\/wp-json\/wp\/v2\/posts"}],"about":[{"href":"https:\/\/www.bellunopress.it\/fr\/wp-json\/wp\/v2\/types\/post"}],"author":[{"embeddable":true,"href":"https:\/\/www.bellunopress.it\/fr\/wp-json\/wp\/v2\/users\/2"}],"replies":[{"embeddable":true,"href":"https:\/\/www.bellunopress.it\/fr\/wp-json\/wp\/v2\/comments?post=102571"}],"version-history":[{"count":1,"href":"https:\/\/www.bellunopress.it\/fr\/wp-json\/wp\/v2\/posts\/102571\/revisions"}],"predecessor-version":[{"id":102572,"href":"https:\/\/www.bellunopress.it\/fr\/wp-json\/wp\/v2\/posts\/102571\/revisions\/102572"}],"wp:attachment":[{"href":"https:\/\/www.bellunopress.it\/fr\/wp-json\/wp\/v2\/media?parent=102571"}],"wp:term":[{"taxonomy":"category","embeddable":true,"href":"https:\/\/www.bellunopress.it\/fr\/wp-json\/wp\/v2\/categories?post=102571"},{"taxonomy":"post_tag","embeddable":true,"href":"https:\/\/www.bellunopress.it\/fr\/wp-json\/wp\/v2\/tags?post=102571"}],"curies":[{"name":"wp","href":"https:\/\/api.w.org\/{rel}","templated":true}]}}