{"id":102562,"date":"2019-03-04T08:54:25","date_gmt":"2019-03-04T07:54:25","guid":{"rendered":"http:\/\/www.bellunopress.it\/?p=102562"},"modified":"2019-03-04T08:54:55","modified_gmt":"2019-03-04T07:54:55","slug":"al-via-il-nuovo-corso-per-ufficiali-di-gara","status":"publish","type":"post","link":"https:\/\/www.bellunopress.it\/fr\/2019\/03\/04\/al-via-il-nuovo-corso-per-ufficiali-di-gara\/","title":{"rendered":"Al via il nuovo corso per ufficiali di gara e corso avanzato navigatori rally"},"content":{"rendered":"<p><a href=\"http:\/\/www.bellunopress.it\/fr\/2018\/08\/16\/rally-del-bellunese-33ma-edizione-fissata-la-nuova-data-per-sabato-27-e-domenica-28-ottobre\/rally-del-bellunese\/\" rel=\"attachment wp-att-97193\"><img loading=\"lazy\" decoding=\"async\" class=\"alignleft size-full wp-image-97193\" src=\"http:\/\/www.bellunopress.it\/wp-content\/uploads\/2018\/08\/rally-del-bellunese.jpg\" alt=\"\" width=\"300\" height=\"231\" \/><\/a>Prende il via domani sera, alle 20.30, nella saletta della Delegazione provinciale del C.O.N.I., in via Cipro, 30, a Belluno, il corso di formazione per Ufficiali di gara organizzato dall\u2019Automobile Club Belluno, in collaborazione con l\u2019Associazione sportiva dilettantistica Tre Cime Promotor, al quale hanno aderito 14 candidati.<\/p>\n<p>Il corso, rivolto a quanti intendono intraprendere la carriera sportiva come Commissari di percorso, Verificatori sportivi e tecnici e Segretari di manifestazione, si articoler\u00e0 in tre lezioni (le prossime sono in calendario gioved\u00ec 7 e marted\u00ec 12 marzo prossimi), mentre gli esami di abilitazione si terranno nella mattinata di sabato 16 marzo. Le lezioni saranno tenute da Sara Vedana, Walter Robassa, Paolo Scarton, Enzo Zabot, Giorgio Mascotto che, in occasione degli esami, saranno affiancati anche da Alberto Riva e Moreno Rosso.<\/p>\n<p>Intanto venerd\u00ec, alle 20.30, con ritrovo nella sede dell\u2019Asd Tre Cime Promotor, in via Nevegal 6, a Castion, ci sar\u00e0 l\u2019ultima lezione, pratica, del corso avanzato per navigatori rally, proposto ed organizzato dal sodalizio presieduto da Achille \u201cBrik\u201d Selvestrel. Gli istruttori Luca Silvi e Michele Coletti e i sette allievi partecipanti saranno impegnati lungo il percorso del Rally Bellunese per cimentarsi nelle ricognizioni e nella stesura delle note.<\/p>\n<p>L\u2019indomani, sabato 9 marzo, ci sar\u00e0 l\u2019esame finale al termine del quale saranno consegnati i diplomi ai candidati idonei.<\/p>","protected":false},"excerpt":{"rendered":"<p>Prende il via domani sera, alle 20.30, nella saletta della Delegazione provinciale del C.O.N.I., in via Cipro, 30, a Belluno, il corso di formazione per Ufficiali di gara organizzato dall\u2019Automobile Club Belluno, in collaborazione con l\u2019Associazione sportiva dilettantistica Tre Cime Promotor, al quale hanno aderito 14 candidati. Il corso, rivolto a quanti intendono intraprendere la [&hellip;]<\/p>\n","protected":false},"author":2,"featured_media":0,"comment_status":"closed","ping_status":"open","sticky":false,"template":"","format":"standard","meta":{"footnotes":""},"categories":[27,26,4],"tags":[],"class_list":["post-102562","post","type-post","status-publish","format-standard","category-appuntamenti","category-prima-pagina","category-sport"],"yoast_head":"<!-- This site is optimized with the Yoast SEO plugin v28.4 - https:\/\/yoast.com\/product\/yoast-seo-wordpress\/ -->\n<title>Al via il nuovo corso per ufficiali di gara e corso avanzato navigatori rally - Bellunopress - Dolomiti<\/title>\n<meta name=\"robots\" content=\"index, follow, max-snippet:-1, max-image-preview:large, max-video-preview:-1\" \/>\n<link rel=\"canonical\" href=\"https:\/\/www.bellunopress.it\/fr\/2019\/03\/04\/al-via-il-nuovo-corso-per-ufficiali-di-gara\/\" \/>\n<meta property=\"og:locale\" content=\"fr_FR\" \/>\n<meta property=\"og:type\" content=\"article\" \/>\n<meta property=\"og:title\" content=\"Al via il nuovo corso per ufficiali di gara e corso avanzato navigatori rally - Bellunopress - Dolomiti\" \/>\n<meta property=\"og:description\" content=\"Prende il via domani sera, alle 20.30, nella saletta della Delegazione provinciale del C.O.N.I., in via Cipro, 30, a Belluno, il corso di formazione per Ufficiali di gara organizzato dall\u2019Automobile Club Belluno, in collaborazione con l\u2019Associazione sportiva dilettantistica Tre Cime Promotor, al quale hanno aderito 14 candidati. Il corso, rivolto a quanti intendono intraprendere la [&hellip;]\" \/>\n<meta property=\"og:url\" content=\"https:\/\/www.bellunopress.it\/fr\/2019\/03\/04\/al-via-il-nuovo-corso-per-ufficiali-di-gara\/\" \/>\n<meta property=\"og:site_name\" content=\"Bellunopress - Dolomiti\" \/>\n<meta property=\"article:publisher\" content=\"https:\/\/www.facebook.com\/profile.php?id=100008943462799\" \/>\n<meta property=\"article:published_time\" content=\"2019-03-04T07:54:25+00:00\" \/>\n<meta property=\"article:modified_time\" content=\"2019-03-04T07:54:55+00:00\" \/>\n<meta property=\"og:image\" content=\"http:\/\/www.bellunopress.it\/wp-content\/uploads\/2018\/08\/rally-del-bellunese.jpg\" \/>\n<meta name=\"author\" content=\"redazione\" \/>\n<meta name=\"twitter:card\" content=\"summary_large_image\" \/>\n<meta name=\"twitter:creator\" content=\"@bellunopress\" \/>\n<meta name=\"twitter:site\" content=\"@bellunopress\" \/>\n<meta name=\"twitter:label1\" content=\"\u00c9crit par\" \/>\n\t<meta name=\"twitter:data1\" content=\"redazione\" \/>\n\t<meta name=\"twitter:label2\" content=\"Dur\u00e9e de lecture estim\u00e9e\" \/>\n\t<meta name=\"twitter:data2\" content=\"1 minute\" \/>\n<script type=\"application\/ld+json\" class=\"yoast-schema-graph\">{\"@context\":\"https:\\\/\\\/schema.org\",\"@graph\":[{\"@type\":\"Article\",\"@id\":\"https:\\\/\\\/www.bellunopress.it\\\/2019\\\/03\\\/04\\\/al-via-il-nuovo-corso-per-ufficiali-di-gara\\\/#article\",\"isPartOf\":{\"@id\":\"https:\\\/\\\/www.bellunopress.it\\\/2019\\\/03\\\/04\\\/al-via-il-nuovo-corso-per-ufficiali-di-gara\\\/\"},\"author\":{\"name\":\"redazione\",\"@id\":\"https:\\\/\\\/www.bellunopress.it\\\/#\\\/schema\\\/person\\\/79bb06722b37ece1c03d3e94beb30d73\"},\"headline\":\"Al via il nuovo corso per ufficiali di gara e corso avanzato navigatori rally\",\"datePublished\":\"2019-03-04T07:54:25+00:00\",\"dateModified\":\"2019-03-04T07:54:55+00:00\",\"mainEntityOfPage\":{\"@id\":\"https:\\\/\\\/www.bellunopress.it\\\/2019\\\/03\\\/04\\\/al-via-il-nuovo-corso-per-ufficiali-di-gara\\\/\"},\"wordCount\":229,\"publisher\":{\"@id\":\"https:\\\/\\\/www.bellunopress.it\\\/#organization\"},\"image\":{\"@id\":\"https:\\\/\\\/www.bellunopress.it\\\/2019\\\/03\\\/04\\\/al-via-il-nuovo-corso-per-ufficiali-di-gara\\\/#primaryimage\"},\"thumbnailUrl\":\"http:\\\/\\\/www.bellunopress.it\\\/wp-content\\\/uploads\\\/2018\\\/08\\\/rally-del-bellunese.jpg\",\"articleSection\":[\"Appuntamenti, Eventi\",\"Prima Pagina\",\"Sport, tempo libero\"],\"inLanguage\":\"fr-FR\"},{\"@type\":\"WebPage\",\"@id\":\"https:\\\/\\\/www.bellunopress.it\\\/2019\\\/03\\\/04\\\/al-via-il-nuovo-corso-per-ufficiali-di-gara\\\/\",\"url\":\"https:\\\/\\\/www.bellunopress.it\\\/2019\\\/03\\\/04\\\/al-via-il-nuovo-corso-per-ufficiali-di-gara\\\/\",\"name\":\"Al via il nuovo corso per ufficiali di gara e corso avanzato navigatori rally - Bellunopress - Dolomiti\",\"isPartOf\":{\"@id\":\"https:\\\/\\\/www.bellunopress.it\\\/#website\"},\"primaryImageOfPage\":{\"@id\":\"https:\\\/\\\/www.bellunopress.it\\\/2019\\\/03\\\/04\\\/al-via-il-nuovo-corso-per-ufficiali-di-gara\\\/#primaryimage\"},\"image\":{\"@id\":\"https:\\\/\\\/www.bellunopress.it\\\/2019\\\/03\\\/04\\\/al-via-il-nuovo-corso-per-ufficiali-di-gara\\\/#primaryimage\"},\"thumbnailUrl\":\"http:\\\/\\\/www.bellunopress.it\\\/wp-content\\\/uploads\\\/2018\\\/08\\\/rally-del-bellunese.jpg\",\"datePublished\":\"2019-03-04T07:54:25+00:00\",\"dateModified\":\"2019-03-04T07:54:55+00:00\",\"breadcrumb\":{\"@id\":\"https:\\\/\\\/www.bellunopress.it\\\/2019\\\/03\\\/04\\\/al-via-il-nuovo-corso-per-ufficiali-di-gara\\\/#breadcrumb\"},\"inLanguage\":\"fr-FR\",\"potentialAction\":[{\"@type\":\"ReadAction\",\"target\":[\"https:\\\/\\\/www.bellunopress.it\\\/2019\\\/03\\\/04\\\/al-via-il-nuovo-corso-per-ufficiali-di-gara\\\/\"]}]},{\"@type\":\"ImageObject\",\"inLanguage\":\"fr-FR\",\"@id\":\"https:\\\/\\\/www.bellunopress.it\\\/2019\\\/03\\\/04\\\/al-via-il-nuovo-corso-per-ufficiali-di-gara\\\/#primaryimage\",\"url\":\"http:\\\/\\\/www.bellunopress.it\\\/wp-content\\\/uploads\\\/2018\\\/08\\\/rally-del-bellunese.jpg\",\"contentUrl\":\"http:\\\/\\\/www.bellunopress.it\\\/wp-content\\\/uploads\\\/2018\\\/08\\\/rally-del-bellunese.jpg\"},{\"@type\":\"BreadcrumbList\",\"@id\":\"https:\\\/\\\/www.bellunopress.it\\\/2019\\\/03\\\/04\\\/al-via-il-nuovo-corso-per-ufficiali-di-gara\\\/#breadcrumb\",\"itemListElement\":[{\"@type\":\"ListItem\",\"position\":1,\"name\":\"Home\",\"item\":\"https:\\\/\\\/www.bellunopress.it\\\/\"},{\"@type\":\"ListItem\",\"position\":2,\"name\":\"Al via il nuovo corso per ufficiali di gara e corso avanzato navigatori rally\"}]},{\"@type\":\"WebSite\",\"@id\":\"https:\\\/\\\/www.bellunopress.it\\\/#website\",\"url\":\"https:\\\/\\\/www.bellunopress.it\\\/\",\"name\":\"Bellunopress - Dolomiti\",\"description\":\"e-mail: redazione@bellunopress.it\",\"publisher\":{\"@id\":\"https:\\\/\\\/www.bellunopress.it\\\/#organization\"},\"potentialAction\":[{\"@type\":\"SearchAction\",\"target\":{\"@type\":\"EntryPoint\",\"urlTemplate\":\"https:\\\/\\\/www.bellunopress.it\\\/?s={search_term_string}\"},\"query-input\":{\"@type\":\"PropertyValueSpecification\",\"valueRequired\":true,\"valueName\":\"search_term_string\"}}],\"inLanguage\":\"fr-FR\"},{\"@type\":\"Organization\",\"@id\":\"https:\\\/\\\/www.bellunopress.it\\\/#organization\",\"name\":\"Bellunopress\",\"url\":\"https:\\\/\\\/www.bellunopress.it\\\/\",\"logo\":{\"@type\":\"ImageObject\",\"inLanguage\":\"fr-FR\",\"@id\":\"https:\\\/\\\/www.bellunopress.it\\\/#\\\/schema\\\/logo\\\/image\\\/\",\"url\":\"https:\\\/\\\/www.bellunopress.it\\\/wp-content\\\/uploads\\\/2011\\\/05\\\/cropped-logo-bellunopress-.jpg\",\"contentUrl\":\"https:\\\/\\\/www.bellunopress.it\\\/wp-content\\\/uploads\\\/2011\\\/05\\\/cropped-logo-bellunopress-.jpg\",\"width\":512,\"height\":512,\"caption\":\"Bellunopress\"},\"image\":{\"@id\":\"https:\\\/\\\/www.bellunopress.it\\\/#\\\/schema\\\/logo\\\/image\\\/\"},\"sameAs\":[\"https:\\\/\\\/www.facebook.com\\\/profile.php?id=100008943462799\",\"https:\\\/\\\/x.com\\\/bellunopress\",\"https:\\\/\\\/www.linkedin.com\\\/hp\\\/?dnr=JBzUWaJfMUw8vbXJJ2tVW5-I3jZKvC4wsoxE&amp;amp;amp;amp;amp;amp;trk=nav_responsive_tab_home\",\"https:\\\/\\\/www.youtube.com\\\/channel\\\/UCxL0wu1uN0_3_7hGG0306cw\"]},{\"@type\":\"Person\",\"@id\":\"https:\\\/\\\/www.bellunopress.it\\\/#\\\/schema\\\/person\\\/79bb06722b37ece1c03d3e94beb30d73\",\"name\":\"redazione\",\"image\":{\"@type\":\"ImageObject\",\"inLanguage\":\"fr-FR\",\"@id\":\"https:\\\/\\\/secure.gravatar.com\\\/avatar\\\/37d968a2e67a6fd04c169c4bdef102d0bc5d31b2546345219e348575eb80e9a0?s=96&d=mm&r=g\",\"url\":\"https:\\\/\\\/secure.gravatar.com\\\/avatar\\\/37d968a2e67a6fd04c169c4bdef102d0bc5d31b2546345219e348575eb80e9a0?s=96&d=mm&r=g\",\"contentUrl\":\"https:\\\/\\\/secure.gravatar.com\\\/avatar\\\/37d968a2e67a6fd04c169c4bdef102d0bc5d31b2546345219e348575eb80e9a0?s=96&d=mm&r=g\",\"caption\":\"redazione\"},\"sameAs\":[\"http:\\\/\\\/www.bellunopress.it\",\"https:\\\/\\\/x.com\\\/bellunopress\"],\"url\":\"https:\\\/\\\/www.bellunopress.it\\\/fr\\\/author\\\/redazione\\\/\"}]}<\/script>\n<!-- \/ Yoast SEO plugin. -->","yoast_head_json":{"title":"Al via il nuovo corso per ufficiali di gara e corso avanzato navigatori rally - Bellunopress - Dolomiti","robots":{"index":"index","follow":"follow","max-snippet":"max-snippet:-1","max-image-preview":"max-image-preview:large","max-video-preview":"max-video-preview:-1"},"canonical":"https:\/\/www.bellunopress.it\/fr\/2019\/03\/04\/al-via-il-nuovo-corso-per-ufficiali-di-gara\/","og_locale":"fr_FR","og_type":"article","og_title":"Al via il nuovo corso per ufficiali di gara e corso avanzato navigatori rally - Bellunopress - Dolomiti","og_description":"Prende il via domani sera, alle 20.30, nella saletta della Delegazione provinciale del C.O.N.I., in via Cipro, 30, a Belluno, il corso di formazione per Ufficiali di gara organizzato dall\u2019Automobile Club Belluno, in collaborazione con l\u2019Associazione sportiva dilettantistica Tre Cime Promotor, al quale hanno aderito 14 candidati. Il corso, rivolto a quanti intendono intraprendere la [&hellip;]","og_url":"https:\/\/www.bellunopress.it\/fr\/2019\/03\/04\/al-via-il-nuovo-corso-per-ufficiali-di-gara\/","og_site_name":"Bellunopress - Dolomiti","article_publisher":"https:\/\/www.facebook.com\/profile.php?id=100008943462799","article_published_time":"2019-03-04T07:54:25+00:00","article_modified_time":"2019-03-04T07:54:55+00:00","og_image":[{"url":"http:\/\/www.bellunopress.it\/wp-content\/uploads\/2018\/08\/rally-del-bellunese.jpg","type":"","width":"","height":""}],"author":"redazione","twitter_card":"summary_large_image","twitter_creator":"@bellunopress","twitter_site":"@bellunopress","twitter_misc":{"\u00c9crit par":"redazione","Dur\u00e9e de lecture estim\u00e9e":"1 minute"},"schema":{"@context":"https:\/\/schema.org","@graph":[{"@type":"Article","@id":"https:\/\/www.bellunopress.it\/2019\/03\/04\/al-via-il-nuovo-corso-per-ufficiali-di-gara\/#article","isPartOf":{"@id":"https:\/\/www.bellunopress.it\/2019\/03\/04\/al-via-il-nuovo-corso-per-ufficiali-di-gara\/"},"author":{"name":"redazione","@id":"https:\/\/www.bellunopress.it\/#\/schema\/person\/79bb06722b37ece1c03d3e94beb30d73"},"headline":"Al via il nuovo corso per ufficiali di gara e corso avanzato navigatori rally","datePublished":"2019-03-04T07:54:25+00:00","dateModified":"2019-03-04T07:54:55+00:00","mainEntityOfPage":{"@id":"https:\/\/www.bellunopress.it\/2019\/03\/04\/al-via-il-nuovo-corso-per-ufficiali-di-gara\/"},"wordCount":229,"publisher":{"@id":"https:\/\/www.bellunopress.it\/#organization"},"image":{"@id":"https:\/\/www.bellunopress.it\/2019\/03\/04\/al-via-il-nuovo-corso-per-ufficiali-di-gara\/#primaryimage"},"thumbnailUrl":"http:\/\/www.bellunopress.it\/wp-content\/uploads\/2018\/08\/rally-del-bellunese.jpg","articleSection":["Appuntamenti, Eventi","Prima Pagina","Sport, tempo libero"],"inLanguage":"fr-FR"},{"@type":"WebPage","@id":"https:\/\/www.bellunopress.it\/2019\/03\/04\/al-via-il-nuovo-corso-per-ufficiali-di-gara\/","url":"https:\/\/www.bellunopress.it\/2019\/03\/04\/al-via-il-nuovo-corso-per-ufficiali-di-gara\/","name":"Al via il nuovo corso per ufficiali di gara e corso avanzato navigatori rally - Bellunopress - Dolomiti","isPartOf":{"@id":"https:\/\/www.bellunopress.it\/#website"},"primaryImageOfPage":{"@id":"https:\/\/www.bellunopress.it\/2019\/03\/04\/al-via-il-nuovo-corso-per-ufficiali-di-gara\/#primaryimage"},"image":{"@id":"https:\/\/www.bellunopress.it\/2019\/03\/04\/al-via-il-nuovo-corso-per-ufficiali-di-gara\/#primaryimage"},"thumbnailUrl":"http:\/\/www.bellunopress.it\/wp-content\/uploads\/2018\/08\/rally-del-bellunese.jpg","datePublished":"2019-03-04T07:54:25+00:00","dateModified":"2019-03-04T07:54:55+00:00","breadcrumb":{"@id":"https:\/\/www.bellunopress.it\/2019\/03\/04\/al-via-il-nuovo-corso-per-ufficiali-di-gara\/#breadcrumb"},"inLanguage":"fr-FR","potentialAction":[{"@type":"ReadAction","target":["https:\/\/www.bellunopress.it\/2019\/03\/04\/al-via-il-nuovo-corso-per-ufficiali-di-gara\/"]}]},{"@type":"ImageObject","inLanguage":"fr-FR","@id":"https:\/\/www.bellunopress.it\/2019\/03\/04\/al-via-il-nuovo-corso-per-ufficiali-di-gara\/#primaryimage","url":"http:\/\/www.bellunopress.it\/wp-content\/uploads\/2018\/08\/rally-del-bellunese.jpg","contentUrl":"http:\/\/www.bellunopress.it\/wp-content\/uploads\/2018\/08\/rally-del-bellunese.jpg"},{"@type":"BreadcrumbList","@id":"https:\/\/www.bellunopress.it\/2019\/03\/04\/al-via-il-nuovo-corso-per-ufficiali-di-gara\/#breadcrumb","itemListElement":[{"@type":"ListItem","position":1,"name":"Home","item":"https:\/\/www.bellunopress.it\/"},{"@type":"ListItem","position":2,"name":"Al via il nuovo corso per ufficiali di gara e corso avanzato navigatori rally"}]},{"@type":"WebSite","@id":"https:\/\/www.bellunopress.it\/#website","url":"https:\/\/www.bellunopress.it\/","name":"Bellunopress - Dolomiti","description":"e-mail: redazione@bellunopress.it","publisher":{"@id":"https:\/\/www.bellunopress.it\/#organization"},"potentialAction":[{"@type":"SearchAction","target":{"@type":"EntryPoint","urlTemplate":"https:\/\/www.bellunopress.it\/?s={search_term_string}"},"query-input":{"@type":"PropertyValueSpecification","valueRequired":true,"valueName":"search_term_string"}}],"inLanguage":"fr-FR"},{"@type":"Organization","@id":"https:\/\/www.bellunopress.it\/#organization","name":"Bellunopress","url":"https:\/\/www.bellunopress.it\/","logo":{"@type":"ImageObject","inLanguage":"fr-FR","@id":"https:\/\/www.bellunopress.it\/#\/schema\/logo\/image\/","url":"https:\/\/www.bellunopress.it\/wp-content\/uploads\/2011\/05\/cropped-logo-bellunopress-.jpg","contentUrl":"https:\/\/www.bellunopress.it\/wp-content\/uploads\/2011\/05\/cropped-logo-bellunopress-.jpg","width":512,"height":512,"caption":"Bellunopress"},"image":{"@id":"https:\/\/www.bellunopress.it\/#\/schema\/logo\/image\/"},"sameAs":["https:\/\/www.facebook.com\/profile.php?id=100008943462799","https:\/\/x.com\/bellunopress","https:\/\/www.linkedin.com\/hp\/?dnr=JBzUWaJfMUw8vbXJJ2tVW5-I3jZKvC4wsoxE&amp;amp;amp;amp;amp;amp;trk=nav_responsive_tab_home","https:\/\/www.youtube.com\/channel\/UCxL0wu1uN0_3_7hGG0306cw"]},{"@type":"Person","@id":"https:\/\/www.bellunopress.it\/#\/schema\/person\/79bb06722b37ece1c03d3e94beb30d73","name":"r\u00e9daction","image":{"@type":"ImageObject","inLanguage":"fr-FR","@id":"https:\/\/secure.gravatar.com\/avatar\/37d968a2e67a6fd04c169c4bdef102d0bc5d31b2546345219e348575eb80e9a0?s=96&d=mm&r=g","url":"https:\/\/secure.gravatar.com\/avatar\/37d968a2e67a6fd04c169c4bdef102d0bc5d31b2546345219e348575eb80e9a0?s=96&d=mm&r=g","contentUrl":"https:\/\/secure.gravatar.com\/avatar\/37d968a2e67a6fd04c169c4bdef102d0bc5d31b2546345219e348575eb80e9a0?s=96&d=mm&r=g","caption":"redazione"},"sameAs":["http:\/\/www.bellunopress.it","https:\/\/x.com\/bellunopress"],"url":"https:\/\/www.bellunopress.it\/fr\/author\/redazione\/"}]}},"_links":{"self":[{"href":"https:\/\/www.bellunopress.it\/fr\/wp-json\/wp\/v2\/posts\/102562","targetHints":{"allow":["GET"]}}],"collection":[{"href":"https:\/\/www.bellunopress.it\/fr\/wp-json\/wp\/v2\/posts"}],"about":[{"href":"https:\/\/www.bellunopress.it\/fr\/wp-json\/wp\/v2\/types\/post"}],"author":[{"embeddable":true,"href":"https:\/\/www.bellunopress.it\/fr\/wp-json\/wp\/v2\/users\/2"}],"replies":[{"embeddable":true,"href":"https:\/\/www.bellunopress.it\/fr\/wp-json\/wp\/v2\/comments?post=102562"}],"version-history":[{"count":2,"href":"https:\/\/www.bellunopress.it\/fr\/wp-json\/wp\/v2\/posts\/102562\/revisions"}],"predecessor-version":[{"id":102564,"href":"https:\/\/www.bellunopress.it\/fr\/wp-json\/wp\/v2\/posts\/102562\/revisions\/102564"}],"wp:attachment":[{"href":"https:\/\/www.bellunopress.it\/fr\/wp-json\/wp\/v2\/media?parent=102562"}],"wp:term":[{"taxonomy":"category","embeddable":true,"href":"https:\/\/www.bellunopress.it\/fr\/wp-json\/wp\/v2\/categories?post=102562"},{"taxonomy":"post_tag","embeddable":true,"href":"https:\/\/www.bellunopress.it\/fr\/wp-json\/wp\/v2\/tags?post=102562"}],"curies":[{"name":"wp","href":"https:\/\/api.w.org\/{rel}","templated":true}]}}