{"id":10247,"date":"2009-12-01T20:15:24","date_gmt":"2009-12-01T19:15:24","guid":{"rendered":"http:\/\/www.bellunopress.it\/?p=10247"},"modified":"2009-12-01T20:15:24","modified_gmt":"2009-12-01T19:15:24","slug":"farra-d%e2%80%99alpago-il-vento-scoperchia-la-chiesa-di-spert-e-la-cappella-del-cimitero","status":"publish","type":"post","link":"https:\/\/www.bellunopress.it\/fr\/2009\/12\/01\/farra-d%e2%80%99alpago-il-vento-scoperchia-la-chiesa-di-spert-e-la-cappella-del-cimitero\/","title":{"rendered":"Farra d\u2019Alpago: il vento scoperchia la chiesa di Spert e la cappella del cimitero"},"content":{"rendered":"<p>Nella notte tra domenica e luned\u00ec, il forte vento ha parzialmente scoperchiato la chiesa parrocchiale di\u00a0 S. Floriano a Spert d&#8217;Alpago e le cappella del cimitero di S. Croce. Dalla chiesa di Spert, le tegole cadute hanno parzialmente invaso anche la carreggiata stradale della Strada provinciale SP 422 del Cansiglio. A seguito della dichiarazione dello stato di allarme da parte Direzione regionale di Protezione Civile, gi\u00e0 nella serata del 30 novembre \u00e8 stato attivato il COC presso la sede del Comune di Farra d&#8217;Alpago e grazie alla collaborazione delle squadre di volontari della Protezione Civile ANA Gruppo Alpago sono stati monitorati i principali corsi d&#8217;acqua in localit\u00e0 Buscole, Villanova, Poiatte e Farra capoluogo. Luned\u00ec, dopo aver\u00a0 rilevato i danneggiamenti agli edifici religiosi, si sono prontamente attivati i lavori di ripristino e sistemazione delle coperture per evitare danni irreparabili ai soffitti e alle volte delle chiese che le continue piogge avrebbero arrecato. All&#8217;intervento di Spert ha partecipato anche una squadra dei Vigili del Fuoco di Belluno che ha fornito la massima collaborazione a una impresa locale incaricata dall&#8217;Amministrazione comunale per la riparazione del tetto della chiesa. La squadra comunale di operai, inoltre, ha provveduto allo sgombero delle macerie dalla strada e la pattuglia di Polizia locale dell&#8217;Alpago ha diretto il traffico veicolare su viabilit\u00e0 alternativa. L&#8217;intera operazione si \u00e8 conclusa in tre ore, con grande soddisfazione del parrocco don Ezio Del Favero e del Sindaco Floriano De Pra che hanno ringraziato tutti le persone che vi hanno partecipato.<\/p>","protected":false},"excerpt":{"rendered":"<p>Nella notte tra domenica e luned\u00ec, il forte vento ha parzialmente scoperchiato la chiesa parrocchiale di\u00a0 S. Floriano a Spert d&#8217;Alpago e le cappella del cimitero di S. Croce. Dalla chiesa di Spert, le tegole cadute hanno parzialmente invaso anche la carreggiata stradale della Strada provinciale SP 422 del Cansiglio. A seguito della dichiarazione dello [&hellip;]<\/p>\n","protected":false},"author":2,"featured_media":0,"comment_status":"closed","ping_status":"open","sticky":false,"template":"","format":"standard","meta":{"footnotes":""},"categories":[5,26],"tags":[139],"class_list":["post-10247","post","type-post","status-publish","format-standard","category-cronaca","category-prima-pagina","tag-belluno"],"yoast_head":"<!-- This site is optimized with the Yoast SEO plugin v28.4 - https:\/\/yoast.com\/product\/yoast-seo-wordpress\/ -->\n<title>Farra d\u2019Alpago: il vento scoperchia la chiesa di Spert e la cappella del cimitero - Bellunopress - Dolomiti<\/title>\n<meta name=\"robots\" content=\"index, follow, max-snippet:-1, max-image-preview:large, max-video-preview:-1\" \/>\n<link rel=\"canonical\" href=\"https:\/\/www.bellunopress.it\/fr\/2009\/12\/01\/farra-d\u2019alpago-il-vento-scoperchia-la-chiesa-di-spert-e-la-cappella-del-cimitero\/\" \/>\n<meta property=\"og:locale\" content=\"fr_FR\" \/>\n<meta property=\"og:type\" content=\"article\" \/>\n<meta property=\"og:title\" content=\"Farra d\u2019Alpago: il vento scoperchia la chiesa di Spert e la cappella del cimitero - Bellunopress - Dolomiti\" \/>\n<meta property=\"og:description\" content=\"Nella notte tra domenica e luned\u00ec, il forte vento ha parzialmente scoperchiato la chiesa parrocchiale di\u00a0 S. Floriano a Spert d&#8217;Alpago e le cappella del cimitero di S. Croce. Dalla chiesa di Spert, le tegole cadute hanno parzialmente invaso anche la carreggiata stradale della Strada provinciale SP 422 del Cansiglio. A seguito della dichiarazione dello [&hellip;]\" \/>\n<meta property=\"og:url\" content=\"https:\/\/www.bellunopress.it\/fr\/2009\/12\/01\/farra-d\u2019alpago-il-vento-scoperchia-la-chiesa-di-spert-e-la-cappella-del-cimitero\/\" \/>\n<meta property=\"og:site_name\" content=\"Bellunopress - Dolomiti\" \/>\n<meta property=\"article:publisher\" content=\"https:\/\/www.facebook.com\/profile.php?id=100008943462799\" \/>\n<meta property=\"article:published_time\" content=\"2009-12-01T19:15:24+00:00\" \/>\n<meta property=\"og:image\" content=\"http:\/\/www.bellunopress.it\/wp-content\/uploads\/2012\/07\/logo-bellunopress-250x250-2012.jpg\" \/>\n<meta name=\"author\" content=\"redazione\" \/>\n<meta name=\"twitter:card\" content=\"summary_large_image\" \/>\n<meta name=\"twitter:creator\" content=\"@bellunopress\" \/>\n<meta name=\"twitter:site\" content=\"@bellunopress\" \/>\n<meta name=\"twitter:label1\" content=\"\u00c9crit par\" \/>\n\t<meta name=\"twitter:data1\" content=\"redazione\" \/>\n\t<meta name=\"twitter:label2\" content=\"Dur\u00e9e de lecture estim\u00e9e\" \/>\n\t<meta name=\"twitter:data2\" content=\"1 minute\" \/>\n<script type=\"application\/ld+json\" class=\"yoast-schema-graph\">{\"@context\":\"https:\\\/\\\/schema.org\",\"@graph\":[{\"@type\":\"Article\",\"@id\":\"https:\\\/\\\/www.bellunopress.it\\\/2009\\\/12\\\/01\\\/farra-d%e2%80%99alpago-il-vento-scoperchia-la-chiesa-di-spert-e-la-cappella-del-cimitero\\\/#article\",\"isPartOf\":{\"@id\":\"https:\\\/\\\/www.bellunopress.it\\\/2009\\\/12\\\/01\\\/farra-d%e2%80%99alpago-il-vento-scoperchia-la-chiesa-di-spert-e-la-cappella-del-cimitero\\\/\"},\"author\":{\"name\":\"redazione\",\"@id\":\"https:\\\/\\\/www.bellunopress.it\\\/#\\\/schema\\\/person\\\/79bb06722b37ece1c03d3e94beb30d73\"},\"headline\":\"Farra d\u2019Alpago: il vento scoperchia la chiesa di Spert e la cappella del cimitero\",\"datePublished\":\"2009-12-01T19:15:24+00:00\",\"mainEntityOfPage\":{\"@id\":\"https:\\\/\\\/www.bellunopress.it\\\/2009\\\/12\\\/01\\\/farra-d%e2%80%99alpago-il-vento-scoperchia-la-chiesa-di-spert-e-la-cappella-del-cimitero\\\/\"},\"wordCount\":265,\"publisher\":{\"@id\":\"https:\\\/\\\/www.bellunopress.it\\\/#organization\"},\"keywords\":[\"Belluno\"],\"articleSection\":[\"Cronaca\\\/Politica\",\"Prima Pagina\"],\"inLanguage\":\"fr-FR\"},{\"@type\":\"WebPage\",\"@id\":\"https:\\\/\\\/www.bellunopress.it\\\/2009\\\/12\\\/01\\\/farra-d%e2%80%99alpago-il-vento-scoperchia-la-chiesa-di-spert-e-la-cappella-del-cimitero\\\/\",\"url\":\"https:\\\/\\\/www.bellunopress.it\\\/2009\\\/12\\\/01\\\/farra-d%e2%80%99alpago-il-vento-scoperchia-la-chiesa-di-spert-e-la-cappella-del-cimitero\\\/\",\"name\":\"Farra d\u2019Alpago: il vento scoperchia la chiesa di Spert e la cappella del cimitero - Bellunopress - Dolomiti\",\"isPartOf\":{\"@id\":\"https:\\\/\\\/www.bellunopress.it\\\/#website\"},\"datePublished\":\"2009-12-01T19:15:24+00:00\",\"breadcrumb\":{\"@id\":\"https:\\\/\\\/www.bellunopress.it\\\/2009\\\/12\\\/01\\\/farra-d%e2%80%99alpago-il-vento-scoperchia-la-chiesa-di-spert-e-la-cappella-del-cimitero\\\/#breadcrumb\"},\"inLanguage\":\"fr-FR\",\"potentialAction\":[{\"@type\":\"ReadAction\",\"target\":[\"https:\\\/\\\/www.bellunopress.it\\\/2009\\\/12\\\/01\\\/farra-d%e2%80%99alpago-il-vento-scoperchia-la-chiesa-di-spert-e-la-cappella-del-cimitero\\\/\"]}]},{\"@type\":\"BreadcrumbList\",\"@id\":\"https:\\\/\\\/www.bellunopress.it\\\/2009\\\/12\\\/01\\\/farra-d%e2%80%99alpago-il-vento-scoperchia-la-chiesa-di-spert-e-la-cappella-del-cimitero\\\/#breadcrumb\",\"itemListElement\":[{\"@type\":\"ListItem\",\"position\":1,\"name\":\"Home\",\"item\":\"https:\\\/\\\/www.bellunopress.it\\\/\"},{\"@type\":\"ListItem\",\"position\":2,\"name\":\"Farra d\u2019Alpago: il vento scoperchia la chiesa di Spert e la cappella del cimitero\"}]},{\"@type\":\"WebSite\",\"@id\":\"https:\\\/\\\/www.bellunopress.it\\\/#website\",\"url\":\"https:\\\/\\\/www.bellunopress.it\\\/\",\"name\":\"Bellunopress - Dolomiti\",\"description\":\"e-mail: redazione@bellunopress.it\",\"publisher\":{\"@id\":\"https:\\\/\\\/www.bellunopress.it\\\/#organization\"},\"potentialAction\":[{\"@type\":\"SearchAction\",\"target\":{\"@type\":\"EntryPoint\",\"urlTemplate\":\"https:\\\/\\\/www.bellunopress.it\\\/?s={search_term_string}\"},\"query-input\":{\"@type\":\"PropertyValueSpecification\",\"valueRequired\":true,\"valueName\":\"search_term_string\"}}],\"inLanguage\":\"fr-FR\"},{\"@type\":\"Organization\",\"@id\":\"https:\\\/\\\/www.bellunopress.it\\\/#organization\",\"name\":\"Bellunopress\",\"url\":\"https:\\\/\\\/www.bellunopress.it\\\/\",\"logo\":{\"@type\":\"ImageObject\",\"inLanguage\":\"fr-FR\",\"@id\":\"https:\\\/\\\/www.bellunopress.it\\\/#\\\/schema\\\/logo\\\/image\\\/\",\"url\":\"https:\\\/\\\/www.bellunopress.it\\\/wp-content\\\/uploads\\\/2011\\\/05\\\/cropped-logo-bellunopress-.jpg\",\"contentUrl\":\"https:\\\/\\\/www.bellunopress.it\\\/wp-content\\\/uploads\\\/2011\\\/05\\\/cropped-logo-bellunopress-.jpg\",\"width\":512,\"height\":512,\"caption\":\"Bellunopress\"},\"image\":{\"@id\":\"https:\\\/\\\/www.bellunopress.it\\\/#\\\/schema\\\/logo\\\/image\\\/\"},\"sameAs\":[\"https:\\\/\\\/www.facebook.com\\\/profile.php?id=100008943462799\",\"https:\\\/\\\/x.com\\\/bellunopress\",\"https:\\\/\\\/www.linkedin.com\\\/hp\\\/?dnr=JBzUWaJfMUw8vbXJJ2tVW5-I3jZKvC4wsoxE&amp;amp;amp;amp;amp;amp;trk=nav_responsive_tab_home\",\"https:\\\/\\\/www.youtube.com\\\/channel\\\/UCxL0wu1uN0_3_7hGG0306cw\"]},{\"@type\":\"Person\",\"@id\":\"https:\\\/\\\/www.bellunopress.it\\\/#\\\/schema\\\/person\\\/79bb06722b37ece1c03d3e94beb30d73\",\"name\":\"redazione\",\"image\":{\"@type\":\"ImageObject\",\"inLanguage\":\"fr-FR\",\"@id\":\"https:\\\/\\\/secure.gravatar.com\\\/avatar\\\/37d968a2e67a6fd04c169c4bdef102d0bc5d31b2546345219e348575eb80e9a0?s=96&d=mm&r=g\",\"url\":\"https:\\\/\\\/secure.gravatar.com\\\/avatar\\\/37d968a2e67a6fd04c169c4bdef102d0bc5d31b2546345219e348575eb80e9a0?s=96&d=mm&r=g\",\"contentUrl\":\"https:\\\/\\\/secure.gravatar.com\\\/avatar\\\/37d968a2e67a6fd04c169c4bdef102d0bc5d31b2546345219e348575eb80e9a0?s=96&d=mm&r=g\",\"caption\":\"redazione\"},\"sameAs\":[\"http:\\\/\\\/www.bellunopress.it\",\"https:\\\/\\\/x.com\\\/bellunopress\"],\"url\":\"https:\\\/\\\/www.bellunopress.it\\\/fr\\\/author\\\/redazione\\\/\"}]}<\/script>\n<!-- \/ Yoast SEO plugin. -->","yoast_head_json":{"title":"Farra d\u2019Alpago: il vento scoperchia la chiesa di Spert e la cappella del cimitero - Bellunopress - Dolomiti","robots":{"index":"index","follow":"follow","max-snippet":"max-snippet:-1","max-image-preview":"max-image-preview:large","max-video-preview":"max-video-preview:-1"},"canonical":"https:\/\/www.bellunopress.it\/fr\/2009\/12\/01\/farra-d\u2019alpago-il-vento-scoperchia-la-chiesa-di-spert-e-la-cappella-del-cimitero\/","og_locale":"fr_FR","og_type":"article","og_title":"Farra d\u2019Alpago: il vento scoperchia la chiesa di Spert e la cappella del cimitero - Bellunopress - Dolomiti","og_description":"Nella notte tra domenica e luned\u00ec, il forte vento ha parzialmente scoperchiato la chiesa parrocchiale di\u00a0 S. Floriano a Spert d&#8217;Alpago e le cappella del cimitero di S. Croce. Dalla chiesa di Spert, le tegole cadute hanno parzialmente invaso anche la carreggiata stradale della Strada provinciale SP 422 del Cansiglio. A seguito della dichiarazione dello [&hellip;]","og_url":"https:\/\/www.bellunopress.it\/fr\/2009\/12\/01\/farra-d\u2019alpago-il-vento-scoperchia-la-chiesa-di-spert-e-la-cappella-del-cimitero\/","og_site_name":"Bellunopress - Dolomiti","article_publisher":"https:\/\/www.facebook.com\/profile.php?id=100008943462799","article_published_time":"2009-12-01T19:15:24+00:00","og_image":[{"url":"http:\/\/www.bellunopress.it\/wp-content\/uploads\/2012\/07\/logo-bellunopress-250x250-2012.jpg","type":"","width":"","height":""}],"author":"redazione","twitter_card":"summary_large_image","twitter_creator":"@bellunopress","twitter_site":"@bellunopress","twitter_misc":{"\u00c9crit par":"redazione","Dur\u00e9e de lecture estim\u00e9e":"1 minute"},"schema":{"@context":"https:\/\/schema.org","@graph":[{"@type":"Article","@id":"https:\/\/www.bellunopress.it\/2009\/12\/01\/farra-d%e2%80%99alpago-il-vento-scoperchia-la-chiesa-di-spert-e-la-cappella-del-cimitero\/#article","isPartOf":{"@id":"https:\/\/www.bellunopress.it\/2009\/12\/01\/farra-d%e2%80%99alpago-il-vento-scoperchia-la-chiesa-di-spert-e-la-cappella-del-cimitero\/"},"author":{"name":"redazione","@id":"https:\/\/www.bellunopress.it\/#\/schema\/person\/79bb06722b37ece1c03d3e94beb30d73"},"headline":"Farra d\u2019Alpago: il vento scoperchia la chiesa di Spert e la cappella del cimitero","datePublished":"2009-12-01T19:15:24+00:00","mainEntityOfPage":{"@id":"https:\/\/www.bellunopress.it\/2009\/12\/01\/farra-d%e2%80%99alpago-il-vento-scoperchia-la-chiesa-di-spert-e-la-cappella-del-cimitero\/"},"wordCount":265,"publisher":{"@id":"https:\/\/www.bellunopress.it\/#organization"},"keywords":["Belluno"],"articleSection":["Cronaca\/Politica","Prima Pagina"],"inLanguage":"fr-FR"},{"@type":"WebPage","@id":"https:\/\/www.bellunopress.it\/2009\/12\/01\/farra-d%e2%80%99alpago-il-vento-scoperchia-la-chiesa-di-spert-e-la-cappella-del-cimitero\/","url":"https:\/\/www.bellunopress.it\/2009\/12\/01\/farra-d%e2%80%99alpago-il-vento-scoperchia-la-chiesa-di-spert-e-la-cappella-del-cimitero\/","name":"Farra d\u2019Alpago: il vento scoperchia la chiesa di Spert e la cappella del cimitero - Bellunopress - Dolomiti","isPartOf":{"@id":"https:\/\/www.bellunopress.it\/#website"},"datePublished":"2009-12-01T19:15:24+00:00","breadcrumb":{"@id":"https:\/\/www.bellunopress.it\/2009\/12\/01\/farra-d%e2%80%99alpago-il-vento-scoperchia-la-chiesa-di-spert-e-la-cappella-del-cimitero\/#breadcrumb"},"inLanguage":"fr-FR","potentialAction":[{"@type":"ReadAction","target":["https:\/\/www.bellunopress.it\/2009\/12\/01\/farra-d%e2%80%99alpago-il-vento-scoperchia-la-chiesa-di-spert-e-la-cappella-del-cimitero\/"]}]},{"@type":"BreadcrumbList","@id":"https:\/\/www.bellunopress.it\/2009\/12\/01\/farra-d%e2%80%99alpago-il-vento-scoperchia-la-chiesa-di-spert-e-la-cappella-del-cimitero\/#breadcrumb","itemListElement":[{"@type":"ListItem","position":1,"name":"Home","item":"https:\/\/www.bellunopress.it\/"},{"@type":"ListItem","position":2,"name":"Farra d\u2019Alpago: il vento scoperchia la chiesa di Spert e la cappella del cimitero"}]},{"@type":"WebSite","@id":"https:\/\/www.bellunopress.it\/#website","url":"https:\/\/www.bellunopress.it\/","name":"Bellunopress - Dolomiti","description":"e-mail: redazione@bellunopress.it","publisher":{"@id":"https:\/\/www.bellunopress.it\/#organization"},"potentialAction":[{"@type":"SearchAction","target":{"@type":"EntryPoint","urlTemplate":"https:\/\/www.bellunopress.it\/?s={search_term_string}"},"query-input":{"@type":"PropertyValueSpecification","valueRequired":true,"valueName":"search_term_string"}}],"inLanguage":"fr-FR"},{"@type":"Organization","@id":"https:\/\/www.bellunopress.it\/#organization","name":"Bellunopress","url":"https:\/\/www.bellunopress.it\/","logo":{"@type":"ImageObject","inLanguage":"fr-FR","@id":"https:\/\/www.bellunopress.it\/#\/schema\/logo\/image\/","url":"https:\/\/www.bellunopress.it\/wp-content\/uploads\/2011\/05\/cropped-logo-bellunopress-.jpg","contentUrl":"https:\/\/www.bellunopress.it\/wp-content\/uploads\/2011\/05\/cropped-logo-bellunopress-.jpg","width":512,"height":512,"caption":"Bellunopress"},"image":{"@id":"https:\/\/www.bellunopress.it\/#\/schema\/logo\/image\/"},"sameAs":["https:\/\/www.facebook.com\/profile.php?id=100008943462799","https:\/\/x.com\/bellunopress","https:\/\/www.linkedin.com\/hp\/?dnr=JBzUWaJfMUw8vbXJJ2tVW5-I3jZKvC4wsoxE&amp;amp;amp;amp;amp;amp;trk=nav_responsive_tab_home","https:\/\/www.youtube.com\/channel\/UCxL0wu1uN0_3_7hGG0306cw"]},{"@type":"Person","@id":"https:\/\/www.bellunopress.it\/#\/schema\/person\/79bb06722b37ece1c03d3e94beb30d73","name":"r\u00e9daction","image":{"@type":"ImageObject","inLanguage":"fr-FR","@id":"https:\/\/secure.gravatar.com\/avatar\/37d968a2e67a6fd04c169c4bdef102d0bc5d31b2546345219e348575eb80e9a0?s=96&d=mm&r=g","url":"https:\/\/secure.gravatar.com\/avatar\/37d968a2e67a6fd04c169c4bdef102d0bc5d31b2546345219e348575eb80e9a0?s=96&d=mm&r=g","contentUrl":"https:\/\/secure.gravatar.com\/avatar\/37d968a2e67a6fd04c169c4bdef102d0bc5d31b2546345219e348575eb80e9a0?s=96&d=mm&r=g","caption":"redazione"},"sameAs":["http:\/\/www.bellunopress.it","https:\/\/x.com\/bellunopress"],"url":"https:\/\/www.bellunopress.it\/fr\/author\/redazione\/"}]}},"_links":{"self":[{"href":"https:\/\/www.bellunopress.it\/fr\/wp-json\/wp\/v2\/posts\/10247","targetHints":{"allow":["GET"]}}],"collection":[{"href":"https:\/\/www.bellunopress.it\/fr\/wp-json\/wp\/v2\/posts"}],"about":[{"href":"https:\/\/www.bellunopress.it\/fr\/wp-json\/wp\/v2\/types\/post"}],"author":[{"embeddable":true,"href":"https:\/\/www.bellunopress.it\/fr\/wp-json\/wp\/v2\/users\/2"}],"replies":[{"embeddable":true,"href":"https:\/\/www.bellunopress.it\/fr\/wp-json\/wp\/v2\/comments?post=10247"}],"version-history":[{"count":1,"href":"https:\/\/www.bellunopress.it\/fr\/wp-json\/wp\/v2\/posts\/10247\/revisions"}],"predecessor-version":[{"id":10248,"href":"https:\/\/www.bellunopress.it\/fr\/wp-json\/wp\/v2\/posts\/10247\/revisions\/10248"}],"wp:attachment":[{"href":"https:\/\/www.bellunopress.it\/fr\/wp-json\/wp\/v2\/media?parent=10247"}],"wp:term":[{"taxonomy":"category","embeddable":true,"href":"https:\/\/www.bellunopress.it\/fr\/wp-json\/wp\/v2\/categories?post=10247"},{"taxonomy":"post_tag","embeddable":true,"href":"https:\/\/www.bellunopress.it\/fr\/wp-json\/wp\/v2\/tags?post=10247"}],"curies":[{"name":"wp","href":"https:\/\/api.w.org\/{rel}","templated":true}]}}