{"id":102407,"date":"2019-02-26T15:01:25","date_gmt":"2019-02-26T14:01:25","guid":{"rendered":"http:\/\/www.bellunopress.it\/?p=102407"},"modified":"2019-02-26T15:01:26","modified_gmt":"2019-02-26T14:01:26","slug":"ambiente-e-matematica-un-connubio-perfetto-nel-sabato-del-gruppo-divulgazione-scientifica","status":"publish","type":"post","link":"https:\/\/www.bellunopress.it\/fr\/2019\/02\/26\/ambiente-e-matematica-un-connubio-perfetto-nel-sabato-del-gruppo-divulgazione-scientifica\/","title":{"rendered":"Ambiente e matematica, un connubio perfetto nel sabato del Gruppo divulgazione scientifica"},"content":{"rendered":"<p><a href=\"http:\/\/www.bellunopress.it\/fr\/2019\/02\/26\/ambiente-e-matematica-un-connubio-perfetto-nel-sabato-del-gruppo-divulgazione-scientifica\/eulero\/\" rel=\"attachment wp-att-102408\"><img loading=\"lazy\" decoding=\"async\" class=\"alignleft size-full wp-image-102408\" src=\"http:\/\/www.bellunopress.it\/wp-content\/uploads\/2019\/02\/Eulero.jpg\" alt=\"\" width=\"300\" height=\"190\" \/><\/a>\u201cArpav non solo meteo\u201d e \u201cLa formula pi\u00f9 bella del mondo\u201d hanno coinvolto l\u2019affezionato pubblico che segue gli eventi proposti dal Gruppo Divulgazione Scientifica Dolomiti di Belluno.<\/p>\n<p>Anna Favero \u2013 direttore del Dipartimento Provinciale Arpav di Belluno \u2013 ha illustrato le attivit\u00e0 e i servizi svolti dall\u2019Agenzia a tutela del territorio e ha fornito numerosi spunti utili per accedere alle informazioni ambientali pubblicate nel sito internet (www.arpa.veneto.it). Nell\u2019intervallo tra le due conferenze, il direttivo del GDS Dolomiti ha consegnato le magliette premio del contest #vie della scienza disegnate da Marco Trevisan alla fotografia vincitrice dedicata a Girolamo Segato scattata da Larissa Roncaglia.<\/p>\n<p>Paolo Alessandrini \u2013 docente di ruolo di matematica e consigliere del GDS \u2013 ha poi intrattenuto la platea con una piacevole chiacchierata mirata alla scoperta del senso della bellezza della formula di Eulero, universalmente nota come \u201cla formula pi\u00f9 bella del mondo\u201d. Nel 1748 uno dei pi\u00f9 grandi matematici della storia, lo svizzero Leonhard Euler, noto in Italia come Eulero, scopr\u00ec una formula semplice, elegante, magnificamente sorprendente e ricca di applicazioni pratiche. In essa convivono a stretta distanza l&#8217;una dall&#8217;altra, e senza litigare tra di loro, tutte le pi\u00f9 grandi celebrit\u00e0 della matematica: il geometrico e sfuggente pi greco, la misteriosa unit\u00e0 immaginaria i, la costante di Nepero e i numeri naturali pi\u00f9 piccoli e semplici che ci siano, ovvero lo zero e l&#8217;uno.<\/p>\n<p>\u00ab Perch\u00e9 la formula di Eulero \u00e8 bella? Perch\u00e9 \u2013 afferma Paolo Alessandrini, paragonato da uno spettatore a divulgatori del calibro di Piergiorgio Odifreddi e Piero Angela per la sua capacit\u00e0 di rendere la matematica alla portata di tutti \u2013 fa incontrare \u201cpersonaggi\u201d con storie speciali e diverse tra di loro\u00bb.<br \/>\nLarixa<\/p>","protected":false},"excerpt":{"rendered":"<p>\u201cArpav non solo meteo\u201d e \u201cLa formula pi\u00f9 bella del mondo\u201d hanno coinvolto l\u2019affezionato pubblico che segue gli eventi proposti dal Gruppo Divulgazione Scientifica Dolomiti di Belluno. Anna Favero \u2013 direttore del Dipartimento Provinciale Arpav di Belluno \u2013 ha illustrato le attivit\u00e0 e i servizi svolti dall\u2019Agenzia a tutela del territorio e ha fornito numerosi [&hellip;]<\/p>\n","protected":false},"author":2,"featured_media":0,"comment_status":"closed","ping_status":"open","sticky":false,"template":"","format":"standard","meta":{"footnotes":""},"categories":[3,26],"tags":[],"class_list":["post-102407","post","type-post","status-publish","format-standard","category-arte-cultura-spettacoli-scienza-archivi","category-prima-pagina"],"yoast_head":"<!-- This site is optimized with the Yoast SEO plugin v28.4 - https:\/\/yoast.com\/product\/yoast-seo-wordpress\/ -->\n<title>Ambiente e matematica, un connubio perfetto nel sabato del Gruppo divulgazione scientifica - Bellunopress - Dolomiti<\/title>\n<meta name=\"robots\" content=\"index, follow, max-snippet:-1, max-image-preview:large, max-video-preview:-1\" \/>\n<link rel=\"canonical\" href=\"https:\/\/www.bellunopress.it\/fr\/2019\/02\/26\/ambiente-e-matematica-un-connubio-perfetto-nel-sabato-del-gruppo-divulgazione-scientifica\/\" \/>\n<meta property=\"og:locale\" content=\"fr_FR\" \/>\n<meta property=\"og:type\" content=\"article\" \/>\n<meta property=\"og:title\" content=\"Ambiente e matematica, un connubio perfetto nel sabato del Gruppo divulgazione scientifica - Bellunopress - Dolomiti\" \/>\n<meta property=\"og:description\" content=\"\u201cArpav non solo meteo\u201d e \u201cLa formula pi\u00f9 bella del mondo\u201d hanno coinvolto l\u2019affezionato pubblico che segue gli eventi proposti dal Gruppo Divulgazione Scientifica Dolomiti di Belluno. Anna Favero \u2013 direttore del Dipartimento Provinciale Arpav di Belluno \u2013 ha illustrato le attivit\u00e0 e i servizi svolti dall\u2019Agenzia a tutela del territorio e ha fornito numerosi [&hellip;]\" \/>\n<meta property=\"og:url\" content=\"https:\/\/www.bellunopress.it\/fr\/2019\/02\/26\/ambiente-e-matematica-un-connubio-perfetto-nel-sabato-del-gruppo-divulgazione-scientifica\/\" \/>\n<meta property=\"og:site_name\" content=\"Bellunopress - Dolomiti\" \/>\n<meta property=\"article:publisher\" content=\"https:\/\/www.facebook.com\/profile.php?id=100008943462799\" \/>\n<meta property=\"article:published_time\" content=\"2019-02-26T14:01:25+00:00\" \/>\n<meta property=\"article:modified_time\" content=\"2019-02-26T14:01:26+00:00\" \/>\n<meta property=\"og:image\" content=\"http:\/\/www.bellunopress.it\/wp-content\/uploads\/2019\/02\/Eulero.jpg\" \/>\n<meta name=\"author\" content=\"redazione\" \/>\n<meta name=\"twitter:card\" content=\"summary_large_image\" \/>\n<meta name=\"twitter:creator\" content=\"@bellunopress\" \/>\n<meta name=\"twitter:site\" content=\"@bellunopress\" \/>\n<meta name=\"twitter:label1\" content=\"\u00c9crit par\" \/>\n\t<meta name=\"twitter:data1\" content=\"redazione\" \/>\n\t<meta name=\"twitter:label2\" content=\"Dur\u00e9e de lecture estim\u00e9e\" \/>\n\t<meta name=\"twitter:data2\" content=\"1 minute\" \/>\n<script type=\"application\/ld+json\" class=\"yoast-schema-graph\">{\"@context\":\"https:\\\/\\\/schema.org\",\"@graph\":[{\"@type\":\"Article\",\"@id\":\"https:\\\/\\\/www.bellunopress.it\\\/2019\\\/02\\\/26\\\/ambiente-e-matematica-un-connubio-perfetto-nel-sabato-del-gruppo-divulgazione-scientifica\\\/#article\",\"isPartOf\":{\"@id\":\"https:\\\/\\\/www.bellunopress.it\\\/2019\\\/02\\\/26\\\/ambiente-e-matematica-un-connubio-perfetto-nel-sabato-del-gruppo-divulgazione-scientifica\\\/\"},\"author\":{\"name\":\"redazione\",\"@id\":\"https:\\\/\\\/www.bellunopress.it\\\/#\\\/schema\\\/person\\\/79bb06722b37ece1c03d3e94beb30d73\"},\"headline\":\"Ambiente e matematica, un connubio perfetto nel sabato del Gruppo divulgazione scientifica\",\"datePublished\":\"2019-02-26T14:01:25+00:00\",\"dateModified\":\"2019-02-26T14:01:26+00:00\",\"mainEntityOfPage\":{\"@id\":\"https:\\\/\\\/www.bellunopress.it\\\/2019\\\/02\\\/26\\\/ambiente-e-matematica-un-connubio-perfetto-nel-sabato-del-gruppo-divulgazione-scientifica\\\/\"},\"wordCount\":290,\"publisher\":{\"@id\":\"https:\\\/\\\/www.bellunopress.it\\\/#organization\"},\"image\":{\"@id\":\"https:\\\/\\\/www.bellunopress.it\\\/2019\\\/02\\\/26\\\/ambiente-e-matematica-un-connubio-perfetto-nel-sabato-del-gruppo-divulgazione-scientifica\\\/#primaryimage\"},\"thumbnailUrl\":\"http:\\\/\\\/www.bellunopress.it\\\/wp-content\\\/uploads\\\/2019\\\/02\\\/Eulero.jpg\",\"articleSection\":[\"Arte, Cultura, Spettacoli, Scienza\",\"Prima Pagina\"],\"inLanguage\":\"fr-FR\"},{\"@type\":\"WebPage\",\"@id\":\"https:\\\/\\\/www.bellunopress.it\\\/2019\\\/02\\\/26\\\/ambiente-e-matematica-un-connubio-perfetto-nel-sabato-del-gruppo-divulgazione-scientifica\\\/\",\"url\":\"https:\\\/\\\/www.bellunopress.it\\\/2019\\\/02\\\/26\\\/ambiente-e-matematica-un-connubio-perfetto-nel-sabato-del-gruppo-divulgazione-scientifica\\\/\",\"name\":\"Ambiente e matematica, un connubio perfetto nel sabato del Gruppo divulgazione scientifica - Bellunopress - Dolomiti\",\"isPartOf\":{\"@id\":\"https:\\\/\\\/www.bellunopress.it\\\/#website\"},\"primaryImageOfPage\":{\"@id\":\"https:\\\/\\\/www.bellunopress.it\\\/2019\\\/02\\\/26\\\/ambiente-e-matematica-un-connubio-perfetto-nel-sabato-del-gruppo-divulgazione-scientifica\\\/#primaryimage\"},\"image\":{\"@id\":\"https:\\\/\\\/www.bellunopress.it\\\/2019\\\/02\\\/26\\\/ambiente-e-matematica-un-connubio-perfetto-nel-sabato-del-gruppo-divulgazione-scientifica\\\/#primaryimage\"},\"thumbnailUrl\":\"http:\\\/\\\/www.bellunopress.it\\\/wp-content\\\/uploads\\\/2019\\\/02\\\/Eulero.jpg\",\"datePublished\":\"2019-02-26T14:01:25+00:00\",\"dateModified\":\"2019-02-26T14:01:26+00:00\",\"breadcrumb\":{\"@id\":\"https:\\\/\\\/www.bellunopress.it\\\/2019\\\/02\\\/26\\\/ambiente-e-matematica-un-connubio-perfetto-nel-sabato-del-gruppo-divulgazione-scientifica\\\/#breadcrumb\"},\"inLanguage\":\"fr-FR\",\"potentialAction\":[{\"@type\":\"ReadAction\",\"target\":[\"https:\\\/\\\/www.bellunopress.it\\\/2019\\\/02\\\/26\\\/ambiente-e-matematica-un-connubio-perfetto-nel-sabato-del-gruppo-divulgazione-scientifica\\\/\"]}]},{\"@type\":\"ImageObject\",\"inLanguage\":\"fr-FR\",\"@id\":\"https:\\\/\\\/www.bellunopress.it\\\/2019\\\/02\\\/26\\\/ambiente-e-matematica-un-connubio-perfetto-nel-sabato-del-gruppo-divulgazione-scientifica\\\/#primaryimage\",\"url\":\"http:\\\/\\\/www.bellunopress.it\\\/wp-content\\\/uploads\\\/2019\\\/02\\\/Eulero.jpg\",\"contentUrl\":\"http:\\\/\\\/www.bellunopress.it\\\/wp-content\\\/uploads\\\/2019\\\/02\\\/Eulero.jpg\"},{\"@type\":\"BreadcrumbList\",\"@id\":\"https:\\\/\\\/www.bellunopress.it\\\/2019\\\/02\\\/26\\\/ambiente-e-matematica-un-connubio-perfetto-nel-sabato-del-gruppo-divulgazione-scientifica\\\/#breadcrumb\",\"itemListElement\":[{\"@type\":\"ListItem\",\"position\":1,\"name\":\"Home\",\"item\":\"https:\\\/\\\/www.bellunopress.it\\\/\"},{\"@type\":\"ListItem\",\"position\":2,\"name\":\"Ambiente e matematica, un connubio perfetto nel sabato del Gruppo divulgazione scientifica\"}]},{\"@type\":\"WebSite\",\"@id\":\"https:\\\/\\\/www.bellunopress.it\\\/#website\",\"url\":\"https:\\\/\\\/www.bellunopress.it\\\/\",\"name\":\"Bellunopress - Dolomiti\",\"description\":\"e-mail: redazione@bellunopress.it\",\"publisher\":{\"@id\":\"https:\\\/\\\/www.bellunopress.it\\\/#organization\"},\"potentialAction\":[{\"@type\":\"SearchAction\",\"target\":{\"@type\":\"EntryPoint\",\"urlTemplate\":\"https:\\\/\\\/www.bellunopress.it\\\/?s={search_term_string}\"},\"query-input\":{\"@type\":\"PropertyValueSpecification\",\"valueRequired\":true,\"valueName\":\"search_term_string\"}}],\"inLanguage\":\"fr-FR\"},{\"@type\":\"Organization\",\"@id\":\"https:\\\/\\\/www.bellunopress.it\\\/#organization\",\"name\":\"Bellunopress\",\"url\":\"https:\\\/\\\/www.bellunopress.it\\\/\",\"logo\":{\"@type\":\"ImageObject\",\"inLanguage\":\"fr-FR\",\"@id\":\"https:\\\/\\\/www.bellunopress.it\\\/#\\\/schema\\\/logo\\\/image\\\/\",\"url\":\"https:\\\/\\\/www.bellunopress.it\\\/wp-content\\\/uploads\\\/2011\\\/05\\\/cropped-logo-bellunopress-.jpg\",\"contentUrl\":\"https:\\\/\\\/www.bellunopress.it\\\/wp-content\\\/uploads\\\/2011\\\/05\\\/cropped-logo-bellunopress-.jpg\",\"width\":512,\"height\":512,\"caption\":\"Bellunopress\"},\"image\":{\"@id\":\"https:\\\/\\\/www.bellunopress.it\\\/#\\\/schema\\\/logo\\\/image\\\/\"},\"sameAs\":[\"https:\\\/\\\/www.facebook.com\\\/profile.php?id=100008943462799\",\"https:\\\/\\\/x.com\\\/bellunopress\",\"https:\\\/\\\/www.linkedin.com\\\/hp\\\/?dnr=JBzUWaJfMUw8vbXJJ2tVW5-I3jZKvC4wsoxE&amp;amp;amp;amp;amp;amp;trk=nav_responsive_tab_home\",\"https:\\\/\\\/www.youtube.com\\\/channel\\\/UCxL0wu1uN0_3_7hGG0306cw\"]},{\"@type\":\"Person\",\"@id\":\"https:\\\/\\\/www.bellunopress.it\\\/#\\\/schema\\\/person\\\/79bb06722b37ece1c03d3e94beb30d73\",\"name\":\"redazione\",\"image\":{\"@type\":\"ImageObject\",\"inLanguage\":\"fr-FR\",\"@id\":\"https:\\\/\\\/secure.gravatar.com\\\/avatar\\\/37d968a2e67a6fd04c169c4bdef102d0bc5d31b2546345219e348575eb80e9a0?s=96&d=mm&r=g\",\"url\":\"https:\\\/\\\/secure.gravatar.com\\\/avatar\\\/37d968a2e67a6fd04c169c4bdef102d0bc5d31b2546345219e348575eb80e9a0?s=96&d=mm&r=g\",\"contentUrl\":\"https:\\\/\\\/secure.gravatar.com\\\/avatar\\\/37d968a2e67a6fd04c169c4bdef102d0bc5d31b2546345219e348575eb80e9a0?s=96&d=mm&r=g\",\"caption\":\"redazione\"},\"sameAs\":[\"http:\\\/\\\/www.bellunopress.it\",\"https:\\\/\\\/x.com\\\/bellunopress\"],\"url\":\"https:\\\/\\\/www.bellunopress.it\\\/fr\\\/author\\\/redazione\\\/\"}]}<\/script>\n<!-- \/ Yoast SEO plugin. -->","yoast_head_json":{"title":"Ambiente e matematica, un connubio perfetto nel sabato del Gruppo divulgazione scientifica - Bellunopress - Dolomiti","robots":{"index":"index","follow":"follow","max-snippet":"max-snippet:-1","max-image-preview":"max-image-preview:large","max-video-preview":"max-video-preview:-1"},"canonical":"https:\/\/www.bellunopress.it\/fr\/2019\/02\/26\/ambiente-e-matematica-un-connubio-perfetto-nel-sabato-del-gruppo-divulgazione-scientifica\/","og_locale":"fr_FR","og_type":"article","og_title":"Ambiente e matematica, un connubio perfetto nel sabato del Gruppo divulgazione scientifica - Bellunopress - Dolomiti","og_description":"\u201cArpav non solo meteo\u201d e \u201cLa formula pi\u00f9 bella del mondo\u201d hanno coinvolto l\u2019affezionato pubblico che segue gli eventi proposti dal Gruppo Divulgazione Scientifica Dolomiti di Belluno. Anna Favero \u2013 direttore del Dipartimento Provinciale Arpav di Belluno \u2013 ha illustrato le attivit\u00e0 e i servizi svolti dall\u2019Agenzia a tutela del territorio e ha fornito numerosi [&hellip;]","og_url":"https:\/\/www.bellunopress.it\/fr\/2019\/02\/26\/ambiente-e-matematica-un-connubio-perfetto-nel-sabato-del-gruppo-divulgazione-scientifica\/","og_site_name":"Bellunopress - Dolomiti","article_publisher":"https:\/\/www.facebook.com\/profile.php?id=100008943462799","article_published_time":"2019-02-26T14:01:25+00:00","article_modified_time":"2019-02-26T14:01:26+00:00","og_image":[{"url":"http:\/\/www.bellunopress.it\/wp-content\/uploads\/2019\/02\/Eulero.jpg","type":"","width":"","height":""}],"author":"redazione","twitter_card":"summary_large_image","twitter_creator":"@bellunopress","twitter_site":"@bellunopress","twitter_misc":{"\u00c9crit par":"redazione","Dur\u00e9e de lecture estim\u00e9e":"1 minute"},"schema":{"@context":"https:\/\/schema.org","@graph":[{"@type":"Article","@id":"https:\/\/www.bellunopress.it\/2019\/02\/26\/ambiente-e-matematica-un-connubio-perfetto-nel-sabato-del-gruppo-divulgazione-scientifica\/#article","isPartOf":{"@id":"https:\/\/www.bellunopress.it\/2019\/02\/26\/ambiente-e-matematica-un-connubio-perfetto-nel-sabato-del-gruppo-divulgazione-scientifica\/"},"author":{"name":"redazione","@id":"https:\/\/www.bellunopress.it\/#\/schema\/person\/79bb06722b37ece1c03d3e94beb30d73"},"headline":"Ambiente e matematica, un connubio perfetto nel sabato del Gruppo divulgazione scientifica","datePublished":"2019-02-26T14:01:25+00:00","dateModified":"2019-02-26T14:01:26+00:00","mainEntityOfPage":{"@id":"https:\/\/www.bellunopress.it\/2019\/02\/26\/ambiente-e-matematica-un-connubio-perfetto-nel-sabato-del-gruppo-divulgazione-scientifica\/"},"wordCount":290,"publisher":{"@id":"https:\/\/www.bellunopress.it\/#organization"},"image":{"@id":"https:\/\/www.bellunopress.it\/2019\/02\/26\/ambiente-e-matematica-un-connubio-perfetto-nel-sabato-del-gruppo-divulgazione-scientifica\/#primaryimage"},"thumbnailUrl":"http:\/\/www.bellunopress.it\/wp-content\/uploads\/2019\/02\/Eulero.jpg","articleSection":["Arte, Cultura, Spettacoli, Scienza","Prima Pagina"],"inLanguage":"fr-FR"},{"@type":"WebPage","@id":"https:\/\/www.bellunopress.it\/2019\/02\/26\/ambiente-e-matematica-un-connubio-perfetto-nel-sabato-del-gruppo-divulgazione-scientifica\/","url":"https:\/\/www.bellunopress.it\/2019\/02\/26\/ambiente-e-matematica-un-connubio-perfetto-nel-sabato-del-gruppo-divulgazione-scientifica\/","name":"Ambiente e matematica, un connubio perfetto nel sabato del Gruppo divulgazione scientifica - Bellunopress - Dolomiti","isPartOf":{"@id":"https:\/\/www.bellunopress.it\/#website"},"primaryImageOfPage":{"@id":"https:\/\/www.bellunopress.it\/2019\/02\/26\/ambiente-e-matematica-un-connubio-perfetto-nel-sabato-del-gruppo-divulgazione-scientifica\/#primaryimage"},"image":{"@id":"https:\/\/www.bellunopress.it\/2019\/02\/26\/ambiente-e-matematica-un-connubio-perfetto-nel-sabato-del-gruppo-divulgazione-scientifica\/#primaryimage"},"thumbnailUrl":"http:\/\/www.bellunopress.it\/wp-content\/uploads\/2019\/02\/Eulero.jpg","datePublished":"2019-02-26T14:01:25+00:00","dateModified":"2019-02-26T14:01:26+00:00","breadcrumb":{"@id":"https:\/\/www.bellunopress.it\/2019\/02\/26\/ambiente-e-matematica-un-connubio-perfetto-nel-sabato-del-gruppo-divulgazione-scientifica\/#breadcrumb"},"inLanguage":"fr-FR","potentialAction":[{"@type":"ReadAction","target":["https:\/\/www.bellunopress.it\/2019\/02\/26\/ambiente-e-matematica-un-connubio-perfetto-nel-sabato-del-gruppo-divulgazione-scientifica\/"]}]},{"@type":"ImageObject","inLanguage":"fr-FR","@id":"https:\/\/www.bellunopress.it\/2019\/02\/26\/ambiente-e-matematica-un-connubio-perfetto-nel-sabato-del-gruppo-divulgazione-scientifica\/#primaryimage","url":"http:\/\/www.bellunopress.it\/wp-content\/uploads\/2019\/02\/Eulero.jpg","contentUrl":"http:\/\/www.bellunopress.it\/wp-content\/uploads\/2019\/02\/Eulero.jpg"},{"@type":"BreadcrumbList","@id":"https:\/\/www.bellunopress.it\/2019\/02\/26\/ambiente-e-matematica-un-connubio-perfetto-nel-sabato-del-gruppo-divulgazione-scientifica\/#breadcrumb","itemListElement":[{"@type":"ListItem","position":1,"name":"Home","item":"https:\/\/www.bellunopress.it\/"},{"@type":"ListItem","position":2,"name":"Ambiente e matematica, un connubio perfetto nel sabato del Gruppo divulgazione scientifica"}]},{"@type":"WebSite","@id":"https:\/\/www.bellunopress.it\/#website","url":"https:\/\/www.bellunopress.it\/","name":"Bellunopress - Dolomiti","description":"e-mail: redazione@bellunopress.it","publisher":{"@id":"https:\/\/www.bellunopress.it\/#organization"},"potentialAction":[{"@type":"SearchAction","target":{"@type":"EntryPoint","urlTemplate":"https:\/\/www.bellunopress.it\/?s={search_term_string}"},"query-input":{"@type":"PropertyValueSpecification","valueRequired":true,"valueName":"search_term_string"}}],"inLanguage":"fr-FR"},{"@type":"Organization","@id":"https:\/\/www.bellunopress.it\/#organization","name":"Bellunopress","url":"https:\/\/www.bellunopress.it\/","logo":{"@type":"ImageObject","inLanguage":"fr-FR","@id":"https:\/\/www.bellunopress.it\/#\/schema\/logo\/image\/","url":"https:\/\/www.bellunopress.it\/wp-content\/uploads\/2011\/05\/cropped-logo-bellunopress-.jpg","contentUrl":"https:\/\/www.bellunopress.it\/wp-content\/uploads\/2011\/05\/cropped-logo-bellunopress-.jpg","width":512,"height":512,"caption":"Bellunopress"},"image":{"@id":"https:\/\/www.bellunopress.it\/#\/schema\/logo\/image\/"},"sameAs":["https:\/\/www.facebook.com\/profile.php?id=100008943462799","https:\/\/x.com\/bellunopress","https:\/\/www.linkedin.com\/hp\/?dnr=JBzUWaJfMUw8vbXJJ2tVW5-I3jZKvC4wsoxE&amp;amp;amp;amp;amp;amp;trk=nav_responsive_tab_home","https:\/\/www.youtube.com\/channel\/UCxL0wu1uN0_3_7hGG0306cw"]},{"@type":"Person","@id":"https:\/\/www.bellunopress.it\/#\/schema\/person\/79bb06722b37ece1c03d3e94beb30d73","name":"r\u00e9daction","image":{"@type":"ImageObject","inLanguage":"fr-FR","@id":"https:\/\/secure.gravatar.com\/avatar\/37d968a2e67a6fd04c169c4bdef102d0bc5d31b2546345219e348575eb80e9a0?s=96&d=mm&r=g","url":"https:\/\/secure.gravatar.com\/avatar\/37d968a2e67a6fd04c169c4bdef102d0bc5d31b2546345219e348575eb80e9a0?s=96&d=mm&r=g","contentUrl":"https:\/\/secure.gravatar.com\/avatar\/37d968a2e67a6fd04c169c4bdef102d0bc5d31b2546345219e348575eb80e9a0?s=96&d=mm&r=g","caption":"redazione"},"sameAs":["http:\/\/www.bellunopress.it","https:\/\/x.com\/bellunopress"],"url":"https:\/\/www.bellunopress.it\/fr\/author\/redazione\/"}]}},"_links":{"self":[{"href":"https:\/\/www.bellunopress.it\/fr\/wp-json\/wp\/v2\/posts\/102407","targetHints":{"allow":["GET"]}}],"collection":[{"href":"https:\/\/www.bellunopress.it\/fr\/wp-json\/wp\/v2\/posts"}],"about":[{"href":"https:\/\/www.bellunopress.it\/fr\/wp-json\/wp\/v2\/types\/post"}],"author":[{"embeddable":true,"href":"https:\/\/www.bellunopress.it\/fr\/wp-json\/wp\/v2\/users\/2"}],"replies":[{"embeddable":true,"href":"https:\/\/www.bellunopress.it\/fr\/wp-json\/wp\/v2\/comments?post=102407"}],"version-history":[{"count":2,"href":"https:\/\/www.bellunopress.it\/fr\/wp-json\/wp\/v2\/posts\/102407\/revisions"}],"predecessor-version":[{"id":102410,"href":"https:\/\/www.bellunopress.it\/fr\/wp-json\/wp\/v2\/posts\/102407\/revisions\/102410"}],"wp:attachment":[{"href":"https:\/\/www.bellunopress.it\/fr\/wp-json\/wp\/v2\/media?parent=102407"}],"wp:term":[{"taxonomy":"category","embeddable":true,"href":"https:\/\/www.bellunopress.it\/fr\/wp-json\/wp\/v2\/categories?post=102407"},{"taxonomy":"post_tag","embeddable":true,"href":"https:\/\/www.bellunopress.it\/fr\/wp-json\/wp\/v2\/tags?post=102407"}],"curies":[{"name":"wp","href":"https:\/\/api.w.org\/{rel}","templated":true}]}}