{"id":102397,"date":"2019-02-25T15:34:39","date_gmt":"2019-02-25T14:34:39","guid":{"rendered":"http:\/\/www.bellunopress.it\/?p=102397"},"modified":"2019-02-25T23:38:52","modified_gmt":"2019-02-25T22:38:52","slug":"successo-domenica-al-carnevale-a-sospirolo","status":"publish","type":"post","link":"https:\/\/www.bellunopress.it\/fr\/2019\/02\/25\/successo-domenica-al-carnevale-a-sospirolo\/","title":{"rendered":"Successo domenica al Carnevale a Sospirolo"},"content":{"rendered":"<p>Un successo la passeggiata in maschera attraverso le frazioni di Sospirolo. Molte le maschere presenti e gli spettatori con il risultato certamente migliore degli ultimi anni. L&#8217;iniziativa, promossa dalla Pro loco &#8220;Monti del Sole&#8221;, ha visto anche la proficua collaborazione di Aib Sospirolo, Gsd Paderno, comitati frazionali e della banda Sette Ville di Alano, presenza importante lungo il percorso.<\/p>\n<p><a href=\"http:\/\/www.bellunopress.it\/fr\/2019\/02\/25\/successo-domenica-al-carnevale-a-sospirolo\/carnevale-sospirolo-2\/\" rel=\"attachment wp-att-102398\"><img loading=\"lazy\" decoding=\"async\" class=\"alignleft size-full wp-image-102398\" src=\"http:\/\/www.bellunopress.it\/wp-content\/uploads\/2019\/02\/carnevale-sospirolo.jpg\" alt=\"\" width=\"200\" height=\"300\" \/><\/a>Il corteo ha fatto tappa a Susin, Maras, San Zenon, Paderno, Campaz e Oregne. A Paderno si sono svolte le attese premiazioni: tra le maschere il primo premio \u00e8 stato assegnato ai Blues Brothers, impeccabili nella loro figura e nella danza. Hanno poi sfilato le mascherine; il primo premio \u00e8 andato al tenero gnomo Riccardo, ma sono stati premiati anche Silvia la dolcissima gufetta e i colorati pappagalli Asia ed Alessandro. Gruppo pi\u00f9 numeroso a tema il &#8220;Fil\u00f2 del bosco&#8221;, originali folletti e fate, abitanti della selva, intenti a ripulire la natura dai rifiuti e dalle cattiverie umane; gruppo pi\u00f9 originale \u00e8 risultato la famiglia del &#8220;Pollaio Riposi&#8221; formata da simpatici gallinacci ricoperti di piume; gruppo pi\u00f9 numeroso i &#8220;Pac-man dalle Torbe&#8221;, ispirati al famoso videogioco. In molti hanno sfilato sul palco di Paderno: tra i gruppi i &#8220;Riva la piova&#8221;, il cartone animato Up, i Molinari, la famiglia del miele, la fameia de na olta, le storie dal fil\u00f2 con contadini, mucche e il mazarol, i ragazzi dell&#8217;Oriente, i samurai da Sospiroi, Heidi e gli enigmatici &#8220;Il vecchio guarda gli unicorni&#8221;. Tra le mascherine Jason il poliziotto, Cecilia il mazarol e la principessa Maria, la nona e il nipotino al fil\u00f2, il Power ranger, i ladri Annalisa e Lorenzo e, infine, le maschere Wonder Girls e la vecia da Gron. La giuria era formata da Edoardo (Gs Paderno), Spilimbergo (Banda Sette Ville di Alano di Piave) e Rebecca (Maras Air line).<\/p>\n<p>Il carnevale prosegue ora nel prossimo fine settimana con due eventi, patrocinati dal Comune: sabato 2 marzo alle 15 al Centro Civico ci sar\u00e0 l&#8217;atteso Carnevale dei Bambini, dove si terr\u00e0 lo spettacolo &#8220;Il re mangione e il suo giullare&#8221; con il duo Raccontami. Sempre sabato 2 alle 20.30 al Centro Civico &#8220;il Musichiere&#8221;, musica e giochi dei mitici anni 80 con ballo ma anche ricordi, arte, abbigliamento e acconciature nello stile di allora. Premio per il miglior abbigliamento a tema e dance all night con il mitico dj Stack.<\/p>","protected":false},"excerpt":{"rendered":"<p>Un successo la passeggiata in maschera attraverso le frazioni di Sospirolo. Molte le maschere presenti e gli spettatori con il risultato certamente migliore degli ultimi anni. L&#8217;iniziativa, promossa dalla Pro loco &#8220;Monti del Sole&#8221;, ha visto anche la proficua collaborazione di Aib Sospirolo, Gsd Paderno, comitati frazionali e della banda Sette Ville di Alano, presenza [&hellip;]<\/p>\n","protected":false},"author":2,"featured_media":0,"comment_status":"closed","ping_status":"open","sticky":false,"template":"","format":"standard","meta":{"footnotes":""},"categories":[26,4],"tags":[],"class_list":["post-102397","post","type-post","status-publish","format-standard","category-prima-pagina","category-sport"],"yoast_head":"<!-- This site is optimized with the Yoast SEO plugin v28.4 - https:\/\/yoast.com\/product\/yoast-seo-wordpress\/ -->\n<title>Successo domenica al Carnevale a Sospirolo - Bellunopress - Dolomiti<\/title>\n<meta name=\"robots\" content=\"index, follow, max-snippet:-1, max-image-preview:large, max-video-preview:-1\" \/>\n<link rel=\"canonical\" href=\"https:\/\/www.bellunopress.it\/fr\/2019\/02\/25\/successo-domenica-al-carnevale-a-sospirolo\/\" \/>\n<meta property=\"og:locale\" content=\"fr_FR\" \/>\n<meta property=\"og:type\" content=\"article\" \/>\n<meta property=\"og:title\" content=\"Successo domenica al Carnevale a Sospirolo - Bellunopress - Dolomiti\" \/>\n<meta property=\"og:description\" content=\"Un successo la passeggiata in maschera attraverso le frazioni di Sospirolo. Molte le maschere presenti e gli spettatori con il risultato certamente migliore degli ultimi anni. L&#8217;iniziativa, promossa dalla Pro loco &#8220;Monti del Sole&#8221;, ha visto anche la proficua collaborazione di Aib Sospirolo, Gsd Paderno, comitati frazionali e della banda Sette Ville di Alano, presenza [&hellip;]\" \/>\n<meta property=\"og:url\" content=\"https:\/\/www.bellunopress.it\/fr\/2019\/02\/25\/successo-domenica-al-carnevale-a-sospirolo\/\" \/>\n<meta property=\"og:site_name\" content=\"Bellunopress - Dolomiti\" \/>\n<meta property=\"article:publisher\" content=\"https:\/\/www.facebook.com\/profile.php?id=100008943462799\" \/>\n<meta property=\"article:published_time\" content=\"2019-02-25T14:34:39+00:00\" \/>\n<meta property=\"article:modified_time\" content=\"2019-02-25T22:38:52+00:00\" \/>\n<meta property=\"og:image\" content=\"http:\/\/www.bellunopress.it\/wp-content\/uploads\/2019\/02\/carnevale-sospirolo.jpg\" \/>\n<meta name=\"author\" content=\"redazione\" \/>\n<meta name=\"twitter:card\" content=\"summary_large_image\" \/>\n<meta name=\"twitter:creator\" content=\"@bellunopress\" \/>\n<meta name=\"twitter:site\" content=\"@bellunopress\" \/>\n<meta name=\"twitter:label1\" content=\"\u00c9crit par\" \/>\n\t<meta name=\"twitter:data1\" content=\"redazione\" \/>\n\t<meta name=\"twitter:label2\" content=\"Dur\u00e9e de lecture estim\u00e9e\" \/>\n\t<meta name=\"twitter:data2\" content=\"2 minutes\" \/>\n<script type=\"application\/ld+json\" class=\"yoast-schema-graph\">{\"@context\":\"https:\\\/\\\/schema.org\",\"@graph\":[{\"@type\":\"Article\",\"@id\":\"https:\\\/\\\/www.bellunopress.it\\\/2019\\\/02\\\/25\\\/successo-domenica-al-carnevale-a-sospirolo\\\/#article\",\"isPartOf\":{\"@id\":\"https:\\\/\\\/www.bellunopress.it\\\/2019\\\/02\\\/25\\\/successo-domenica-al-carnevale-a-sospirolo\\\/\"},\"author\":{\"name\":\"redazione\",\"@id\":\"https:\\\/\\\/www.bellunopress.it\\\/#\\\/schema\\\/person\\\/79bb06722b37ece1c03d3e94beb30d73\"},\"headline\":\"Successo domenica al Carnevale a Sospirolo\",\"datePublished\":\"2019-02-25T14:34:39+00:00\",\"dateModified\":\"2019-02-25T22:38:52+00:00\",\"mainEntityOfPage\":{\"@id\":\"https:\\\/\\\/www.bellunopress.it\\\/2019\\\/02\\\/25\\\/successo-domenica-al-carnevale-a-sospirolo\\\/\"},\"wordCount\":392,\"publisher\":{\"@id\":\"https:\\\/\\\/www.bellunopress.it\\\/#organization\"},\"image\":{\"@id\":\"https:\\\/\\\/www.bellunopress.it\\\/2019\\\/02\\\/25\\\/successo-domenica-al-carnevale-a-sospirolo\\\/#primaryimage\"},\"thumbnailUrl\":\"http:\\\/\\\/www.bellunopress.it\\\/wp-content\\\/uploads\\\/2019\\\/02\\\/carnevale-sospirolo.jpg\",\"articleSection\":[\"Prima Pagina\",\"Sport, tempo libero\"],\"inLanguage\":\"fr-FR\"},{\"@type\":\"WebPage\",\"@id\":\"https:\\\/\\\/www.bellunopress.it\\\/2019\\\/02\\\/25\\\/successo-domenica-al-carnevale-a-sospirolo\\\/\",\"url\":\"https:\\\/\\\/www.bellunopress.it\\\/2019\\\/02\\\/25\\\/successo-domenica-al-carnevale-a-sospirolo\\\/\",\"name\":\"Successo domenica al Carnevale a Sospirolo - Bellunopress - Dolomiti\",\"isPartOf\":{\"@id\":\"https:\\\/\\\/www.bellunopress.it\\\/#website\"},\"primaryImageOfPage\":{\"@id\":\"https:\\\/\\\/www.bellunopress.it\\\/2019\\\/02\\\/25\\\/successo-domenica-al-carnevale-a-sospirolo\\\/#primaryimage\"},\"image\":{\"@id\":\"https:\\\/\\\/www.bellunopress.it\\\/2019\\\/02\\\/25\\\/successo-domenica-al-carnevale-a-sospirolo\\\/#primaryimage\"},\"thumbnailUrl\":\"http:\\\/\\\/www.bellunopress.it\\\/wp-content\\\/uploads\\\/2019\\\/02\\\/carnevale-sospirolo.jpg\",\"datePublished\":\"2019-02-25T14:34:39+00:00\",\"dateModified\":\"2019-02-25T22:38:52+00:00\",\"breadcrumb\":{\"@id\":\"https:\\\/\\\/www.bellunopress.it\\\/2019\\\/02\\\/25\\\/successo-domenica-al-carnevale-a-sospirolo\\\/#breadcrumb\"},\"inLanguage\":\"fr-FR\",\"potentialAction\":[{\"@type\":\"ReadAction\",\"target\":[\"https:\\\/\\\/www.bellunopress.it\\\/2019\\\/02\\\/25\\\/successo-domenica-al-carnevale-a-sospirolo\\\/\"]}]},{\"@type\":\"ImageObject\",\"inLanguage\":\"fr-FR\",\"@id\":\"https:\\\/\\\/www.bellunopress.it\\\/2019\\\/02\\\/25\\\/successo-domenica-al-carnevale-a-sospirolo\\\/#primaryimage\",\"url\":\"http:\\\/\\\/www.bellunopress.it\\\/wp-content\\\/uploads\\\/2019\\\/02\\\/carnevale-sospirolo.jpg\",\"contentUrl\":\"http:\\\/\\\/www.bellunopress.it\\\/wp-content\\\/uploads\\\/2019\\\/02\\\/carnevale-sospirolo.jpg\"},{\"@type\":\"BreadcrumbList\",\"@id\":\"https:\\\/\\\/www.bellunopress.it\\\/2019\\\/02\\\/25\\\/successo-domenica-al-carnevale-a-sospirolo\\\/#breadcrumb\",\"itemListElement\":[{\"@type\":\"ListItem\",\"position\":1,\"name\":\"Home\",\"item\":\"https:\\\/\\\/www.bellunopress.it\\\/\"},{\"@type\":\"ListItem\",\"position\":2,\"name\":\"Successo domenica al Carnevale a Sospirolo\"}]},{\"@type\":\"WebSite\",\"@id\":\"https:\\\/\\\/www.bellunopress.it\\\/#website\",\"url\":\"https:\\\/\\\/www.bellunopress.it\\\/\",\"name\":\"Bellunopress - Dolomiti\",\"description\":\"e-mail: redazione@bellunopress.it\",\"publisher\":{\"@id\":\"https:\\\/\\\/www.bellunopress.it\\\/#organization\"},\"potentialAction\":[{\"@type\":\"SearchAction\",\"target\":{\"@type\":\"EntryPoint\",\"urlTemplate\":\"https:\\\/\\\/www.bellunopress.it\\\/?s={search_term_string}\"},\"query-input\":{\"@type\":\"PropertyValueSpecification\",\"valueRequired\":true,\"valueName\":\"search_term_string\"}}],\"inLanguage\":\"fr-FR\"},{\"@type\":\"Organization\",\"@id\":\"https:\\\/\\\/www.bellunopress.it\\\/#organization\",\"name\":\"Bellunopress\",\"url\":\"https:\\\/\\\/www.bellunopress.it\\\/\",\"logo\":{\"@type\":\"ImageObject\",\"inLanguage\":\"fr-FR\",\"@id\":\"https:\\\/\\\/www.bellunopress.it\\\/#\\\/schema\\\/logo\\\/image\\\/\",\"url\":\"https:\\\/\\\/www.bellunopress.it\\\/wp-content\\\/uploads\\\/2011\\\/05\\\/cropped-logo-bellunopress-.jpg\",\"contentUrl\":\"https:\\\/\\\/www.bellunopress.it\\\/wp-content\\\/uploads\\\/2011\\\/05\\\/cropped-logo-bellunopress-.jpg\",\"width\":512,\"height\":512,\"caption\":\"Bellunopress\"},\"image\":{\"@id\":\"https:\\\/\\\/www.bellunopress.it\\\/#\\\/schema\\\/logo\\\/image\\\/\"},\"sameAs\":[\"https:\\\/\\\/www.facebook.com\\\/profile.php?id=100008943462799\",\"https:\\\/\\\/x.com\\\/bellunopress\",\"https:\\\/\\\/www.linkedin.com\\\/hp\\\/?dnr=JBzUWaJfMUw8vbXJJ2tVW5-I3jZKvC4wsoxE&amp;amp;amp;amp;amp;amp;trk=nav_responsive_tab_home\",\"https:\\\/\\\/www.youtube.com\\\/channel\\\/UCxL0wu1uN0_3_7hGG0306cw\"]},{\"@type\":\"Person\",\"@id\":\"https:\\\/\\\/www.bellunopress.it\\\/#\\\/schema\\\/person\\\/79bb06722b37ece1c03d3e94beb30d73\",\"name\":\"redazione\",\"image\":{\"@type\":\"ImageObject\",\"inLanguage\":\"fr-FR\",\"@id\":\"https:\\\/\\\/secure.gravatar.com\\\/avatar\\\/37d968a2e67a6fd04c169c4bdef102d0bc5d31b2546345219e348575eb80e9a0?s=96&d=mm&r=g\",\"url\":\"https:\\\/\\\/secure.gravatar.com\\\/avatar\\\/37d968a2e67a6fd04c169c4bdef102d0bc5d31b2546345219e348575eb80e9a0?s=96&d=mm&r=g\",\"contentUrl\":\"https:\\\/\\\/secure.gravatar.com\\\/avatar\\\/37d968a2e67a6fd04c169c4bdef102d0bc5d31b2546345219e348575eb80e9a0?s=96&d=mm&r=g\",\"caption\":\"redazione\"},\"sameAs\":[\"http:\\\/\\\/www.bellunopress.it\",\"https:\\\/\\\/x.com\\\/bellunopress\"],\"url\":\"https:\\\/\\\/www.bellunopress.it\\\/fr\\\/author\\\/redazione\\\/\"}]}<\/script>\n<!-- \/ Yoast SEO plugin. -->","yoast_head_json":{"title":"Successo domenica al Carnevale a Sospirolo - Bellunopress - Dolomiti","robots":{"index":"index","follow":"follow","max-snippet":"max-snippet:-1","max-image-preview":"max-image-preview:large","max-video-preview":"max-video-preview:-1"},"canonical":"https:\/\/www.bellunopress.it\/fr\/2019\/02\/25\/successo-domenica-al-carnevale-a-sospirolo\/","og_locale":"fr_FR","og_type":"article","og_title":"Successo domenica al Carnevale a Sospirolo - Bellunopress - Dolomiti","og_description":"Un successo la passeggiata in maschera attraverso le frazioni di Sospirolo. Molte le maschere presenti e gli spettatori con il risultato certamente migliore degli ultimi anni. L&#8217;iniziativa, promossa dalla Pro loco &#8220;Monti del Sole&#8221;, ha visto anche la proficua collaborazione di Aib Sospirolo, Gsd Paderno, comitati frazionali e della banda Sette Ville di Alano, presenza [&hellip;]","og_url":"https:\/\/www.bellunopress.it\/fr\/2019\/02\/25\/successo-domenica-al-carnevale-a-sospirolo\/","og_site_name":"Bellunopress - Dolomiti","article_publisher":"https:\/\/www.facebook.com\/profile.php?id=100008943462799","article_published_time":"2019-02-25T14:34:39+00:00","article_modified_time":"2019-02-25T22:38:52+00:00","og_image":[{"url":"http:\/\/www.bellunopress.it\/wp-content\/uploads\/2019\/02\/carnevale-sospirolo.jpg","type":"","width":"","height":""}],"author":"redazione","twitter_card":"summary_large_image","twitter_creator":"@bellunopress","twitter_site":"@bellunopress","twitter_misc":{"\u00c9crit par":"redazione","Dur\u00e9e de lecture estim\u00e9e":"2 minutes"},"schema":{"@context":"https:\/\/schema.org","@graph":[{"@type":"Article","@id":"https:\/\/www.bellunopress.it\/2019\/02\/25\/successo-domenica-al-carnevale-a-sospirolo\/#article","isPartOf":{"@id":"https:\/\/www.bellunopress.it\/2019\/02\/25\/successo-domenica-al-carnevale-a-sospirolo\/"},"author":{"name":"redazione","@id":"https:\/\/www.bellunopress.it\/#\/schema\/person\/79bb06722b37ece1c03d3e94beb30d73"},"headline":"Successo domenica al Carnevale a Sospirolo","datePublished":"2019-02-25T14:34:39+00:00","dateModified":"2019-02-25T22:38:52+00:00","mainEntityOfPage":{"@id":"https:\/\/www.bellunopress.it\/2019\/02\/25\/successo-domenica-al-carnevale-a-sospirolo\/"},"wordCount":392,"publisher":{"@id":"https:\/\/www.bellunopress.it\/#organization"},"image":{"@id":"https:\/\/www.bellunopress.it\/2019\/02\/25\/successo-domenica-al-carnevale-a-sospirolo\/#primaryimage"},"thumbnailUrl":"http:\/\/www.bellunopress.it\/wp-content\/uploads\/2019\/02\/carnevale-sospirolo.jpg","articleSection":["Prima Pagina","Sport, tempo libero"],"inLanguage":"fr-FR"},{"@type":"WebPage","@id":"https:\/\/www.bellunopress.it\/2019\/02\/25\/successo-domenica-al-carnevale-a-sospirolo\/","url":"https:\/\/www.bellunopress.it\/2019\/02\/25\/successo-domenica-al-carnevale-a-sospirolo\/","name":"Successo domenica al Carnevale a Sospirolo - Bellunopress - Dolomiti","isPartOf":{"@id":"https:\/\/www.bellunopress.it\/#website"},"primaryImageOfPage":{"@id":"https:\/\/www.bellunopress.it\/2019\/02\/25\/successo-domenica-al-carnevale-a-sospirolo\/#primaryimage"},"image":{"@id":"https:\/\/www.bellunopress.it\/2019\/02\/25\/successo-domenica-al-carnevale-a-sospirolo\/#primaryimage"},"thumbnailUrl":"http:\/\/www.bellunopress.it\/wp-content\/uploads\/2019\/02\/carnevale-sospirolo.jpg","datePublished":"2019-02-25T14:34:39+00:00","dateModified":"2019-02-25T22:38:52+00:00","breadcrumb":{"@id":"https:\/\/www.bellunopress.it\/2019\/02\/25\/successo-domenica-al-carnevale-a-sospirolo\/#breadcrumb"},"inLanguage":"fr-FR","potentialAction":[{"@type":"ReadAction","target":["https:\/\/www.bellunopress.it\/2019\/02\/25\/successo-domenica-al-carnevale-a-sospirolo\/"]}]},{"@type":"ImageObject","inLanguage":"fr-FR","@id":"https:\/\/www.bellunopress.it\/2019\/02\/25\/successo-domenica-al-carnevale-a-sospirolo\/#primaryimage","url":"http:\/\/www.bellunopress.it\/wp-content\/uploads\/2019\/02\/carnevale-sospirolo.jpg","contentUrl":"http:\/\/www.bellunopress.it\/wp-content\/uploads\/2019\/02\/carnevale-sospirolo.jpg"},{"@type":"BreadcrumbList","@id":"https:\/\/www.bellunopress.it\/2019\/02\/25\/successo-domenica-al-carnevale-a-sospirolo\/#breadcrumb","itemListElement":[{"@type":"ListItem","position":1,"name":"Home","item":"https:\/\/www.bellunopress.it\/"},{"@type":"ListItem","position":2,"name":"Successo domenica al Carnevale a Sospirolo"}]},{"@type":"WebSite","@id":"https:\/\/www.bellunopress.it\/#website","url":"https:\/\/www.bellunopress.it\/","name":"Bellunopress - Dolomiti","description":"e-mail: redazione@bellunopress.it","publisher":{"@id":"https:\/\/www.bellunopress.it\/#organization"},"potentialAction":[{"@type":"SearchAction","target":{"@type":"EntryPoint","urlTemplate":"https:\/\/www.bellunopress.it\/?s={search_term_string}"},"query-input":{"@type":"PropertyValueSpecification","valueRequired":true,"valueName":"search_term_string"}}],"inLanguage":"fr-FR"},{"@type":"Organization","@id":"https:\/\/www.bellunopress.it\/#organization","name":"Bellunopress","url":"https:\/\/www.bellunopress.it\/","logo":{"@type":"ImageObject","inLanguage":"fr-FR","@id":"https:\/\/www.bellunopress.it\/#\/schema\/logo\/image\/","url":"https:\/\/www.bellunopress.it\/wp-content\/uploads\/2011\/05\/cropped-logo-bellunopress-.jpg","contentUrl":"https:\/\/www.bellunopress.it\/wp-content\/uploads\/2011\/05\/cropped-logo-bellunopress-.jpg","width":512,"height":512,"caption":"Bellunopress"},"image":{"@id":"https:\/\/www.bellunopress.it\/#\/schema\/logo\/image\/"},"sameAs":["https:\/\/www.facebook.com\/profile.php?id=100008943462799","https:\/\/x.com\/bellunopress","https:\/\/www.linkedin.com\/hp\/?dnr=JBzUWaJfMUw8vbXJJ2tVW5-I3jZKvC4wsoxE&amp;amp;amp;amp;amp;amp;trk=nav_responsive_tab_home","https:\/\/www.youtube.com\/channel\/UCxL0wu1uN0_3_7hGG0306cw"]},{"@type":"Person","@id":"https:\/\/www.bellunopress.it\/#\/schema\/person\/79bb06722b37ece1c03d3e94beb30d73","name":"r\u00e9daction","image":{"@type":"ImageObject","inLanguage":"fr-FR","@id":"https:\/\/secure.gravatar.com\/avatar\/37d968a2e67a6fd04c169c4bdef102d0bc5d31b2546345219e348575eb80e9a0?s=96&d=mm&r=g","url":"https:\/\/secure.gravatar.com\/avatar\/37d968a2e67a6fd04c169c4bdef102d0bc5d31b2546345219e348575eb80e9a0?s=96&d=mm&r=g","contentUrl":"https:\/\/secure.gravatar.com\/avatar\/37d968a2e67a6fd04c169c4bdef102d0bc5d31b2546345219e348575eb80e9a0?s=96&d=mm&r=g","caption":"redazione"},"sameAs":["http:\/\/www.bellunopress.it","https:\/\/x.com\/bellunopress"],"url":"https:\/\/www.bellunopress.it\/fr\/author\/redazione\/"}]}},"_links":{"self":[{"href":"https:\/\/www.bellunopress.it\/fr\/wp-json\/wp\/v2\/posts\/102397","targetHints":{"allow":["GET"]}}],"collection":[{"href":"https:\/\/www.bellunopress.it\/fr\/wp-json\/wp\/v2\/posts"}],"about":[{"href":"https:\/\/www.bellunopress.it\/fr\/wp-json\/wp\/v2\/types\/post"}],"author":[{"embeddable":true,"href":"https:\/\/www.bellunopress.it\/fr\/wp-json\/wp\/v2\/users\/2"}],"replies":[{"embeddable":true,"href":"https:\/\/www.bellunopress.it\/fr\/wp-json\/wp\/v2\/comments?post=102397"}],"version-history":[{"count":2,"href":"https:\/\/www.bellunopress.it\/fr\/wp-json\/wp\/v2\/posts\/102397\/revisions"}],"predecessor-version":[{"id":102400,"href":"https:\/\/www.bellunopress.it\/fr\/wp-json\/wp\/v2\/posts\/102397\/revisions\/102400"}],"wp:attachment":[{"href":"https:\/\/www.bellunopress.it\/fr\/wp-json\/wp\/v2\/media?parent=102397"}],"wp:term":[{"taxonomy":"category","embeddable":true,"href":"https:\/\/www.bellunopress.it\/fr\/wp-json\/wp\/v2\/categories?post=102397"},{"taxonomy":"post_tag","embeddable":true,"href":"https:\/\/www.bellunopress.it\/fr\/wp-json\/wp\/v2\/tags?post=102397"}],"curies":[{"name":"wp","href":"https:\/\/api.w.org\/{rel}","templated":true}]}}