{"id":102389,"date":"2019-02-25T22:47:09","date_gmt":"2019-02-25T21:47:09","guid":{"rendered":"http:\/\/www.bellunopress.it\/?p=102389"},"modified":"2019-02-25T22:53:09","modified_gmt":"2019-02-25T21:53:09","slug":"misurina-in-trentino-tatiana-pais-becher-sindaco-di-auronzo-scrive-a-rai1","status":"publish","type":"post","link":"https:\/\/www.bellunopress.it\/fr\/2019\/02\/25\/misurina-in-trentino-tatiana-pais-becher-sindaco-di-auronzo-scrive-a-rai1\/","title":{"rendered":"Misurina in Trentino &#8211; Alto Adige? Tatiana Pais Becher sindaco di Auronzo scrive a Rai1"},"content":{"rendered":"<figure id=\"attachment_82770\" aria-describedby=\"caption-attachment-82770\" style=\"width: 275px\" class=\"wp-caption alignleft\"><a href=\"http:\/\/www.bellunopress.it\/fr\/2016\/12\/06\/%ef%b8%8ftatiana-pais-becher-si-racconta-alla-fondazione-dolomiti-unesco\/tatiana-pais-becher-4\/\" rel=\"attachment wp-att-82770\"><img loading=\"lazy\" decoding=\"async\" class=\"size-full wp-image-82770\" src=\"http:\/\/www.bellunopress.it\/wp-content\/uploads\/2016\/12\/tatiana-pais-becher.jpg\" alt=\"\" width=\"275\" height=\"300\" \/><\/a><figcaption id=\"caption-attachment-82770\" class=\"wp-caption-text\">Tatiana Pais Becher, sindaco di Auronzo di Cadore<\/figcaption><\/figure>\n<p>Auronzo di Cadore, 25 febbraio 2019 &#8211; E&#8217; successo un&#8217;altra volta.\u00a0 Un pezzo rinomato della provincia di Belluno \u00e8 stato erroneamente collocato nel Trentino &#8211; Alto Adige nientemeno che dalla prima rete Rai Tg1.<\/p>\n<p>Vittima del Tg1, edizione serale di domenica 24 febbraio, \u00e8 Misurina, frazione di Auronzo di Cadore (Belluno\u00a0 &#8211; Veneto), erroneamente collocata in Val Pusteria (Bolzano &#8211; Trentino &#8211; Alto Adige) nel servizio realizzato dal TG1 Rai sui campionati sciistici delle\u00a0 Truppe Alpine (CaSta), svoltisi nei 4 Comuni di Auronzo, Dobbiaco, San Candido e Sesto.<\/p>\n<p>Per questa ragione il sindaco di Auronzo di Cadore Tatiana Pais Becher ha scritto al direttore della testata Rai Teresa De Santis,\u00a0 per segnalare lo svarione.<\/p>\n<p>&#8220;Scrivo a nome dell\u2019Amministrazione Comunale di Auronzo di Cadore, Paese delle Tre Cime di Lavaredo sito in Provincia di Belluno, Regione del Veneto, per porre alla sua attenzione la gravit\u00e0 dell\u2019errore verificatosi nell\u2019edizione serale del TG1 di domenica 24 febbraio u.s.&#8221;\u00a0 scrive il sindaco Tatiana Pais Becher, rendendosi cos\u00ec interprete e portavoce &#8220;della cittadinanza tutta, delle associazioni turistiche, degli albergatori, per chiedere un suo immediato intervento presso la redazione del TG1 richiedendo di rettificare quanto erroneamente diffuso, riparando cos\u00ec, almeno in parte, al danno di immagine causato al nostro Comune e alla Provincia di Belluno da parte del pi\u00f9 seguito telegiornale nazionale&#8221;.<\/p>\n<figure id=\"attachment_17509\" aria-describedby=\"caption-attachment-17509\" style=\"width: 280px\" class=\"wp-caption alignleft\"><a href=\"http:\/\/www.bellunopress.it\/fr\/2010\/07\/26\/misurina-due-turisti-in-gita-travolti-e-uccisi-da-un-suv\/lago-misurina\/\" rel=\"attachment wp-att-17509\"><img loading=\"lazy\" decoding=\"async\" class=\"size-full wp-image-17509\" src=\"http:\/\/www.bellunopress.it\/wp-content\/uploads\/2010\/07\/lago-misurina.jpg\" alt=\"\" width=\"280\" height=\"186\" \/><\/a><figcaption id=\"caption-attachment-17509\" class=\"wp-caption-text\">Lago di Misurina<\/figcaption><\/figure>\n<p>&#8220;Dopo anni di lavoro e di promozione turistica per veicolare l\u2019immagine del nostro Comune e della Provincia di Belluno &#8211; prosegue la lettera del Primo cittadino &#8211; , dove \u00e8 sito il 46% delle Dolomiti Patrimonio dell\u2019Umanit\u00e0 UNESCO, come il territorio che pu\u00f2 vantare la presenza del lago di Misurina e delle Tre Cime di Lavaredo, sono a chiederLe che questo sforzo non venga vanificato da un errore madornale causato dalla superficialit\u00e0 di chi avrebbe il dovere di informarsi sulla geografia dei luoghi prima di andare in onda&#8221;.<\/p>\n<p>C<\/p>","protected":false},"excerpt":{"rendered":"<p>Auronzo di Cadore, 25 febbraio 2019 &#8211; E&#8217; successo un&#8217;altra volta.\u00a0 Un pezzo rinomato della provincia di Belluno \u00e8 stato erroneamente collocato nel Trentino &#8211; Alto Adige nientemeno che dalla prima rete Rai Tg1. Vittima del Tg1, edizione serale di domenica 24 febbraio, \u00e8 Misurina, frazione di Auronzo di Cadore (Belluno\u00a0 &#8211; Veneto), erroneamente collocata [&hellip;]<\/p>\n","protected":false},"author":2,"featured_media":0,"comment_status":"closed","ping_status":"open","sticky":false,"template":"","format":"standard","meta":{"footnotes":""},"categories":[5,26,8],"tags":[],"class_list":["post-102389","post","type-post","status-publish","format-standard","category-cronaca","category-prima-pagina","category-societa-istituzioni"],"yoast_head":"<!-- This site is optimized with the Yoast SEO plugin v28.4 - https:\/\/yoast.com\/product\/yoast-seo-wordpress\/ -->\n<title>Misurina in Trentino - Alto Adige? Tatiana Pais Becher sindaco di Auronzo scrive a Rai1 - Bellunopress - Dolomiti<\/title>\n<meta name=\"robots\" content=\"index, follow, max-snippet:-1, max-image-preview:large, max-video-preview:-1\" \/>\n<link rel=\"canonical\" href=\"https:\/\/www.bellunopress.it\/fr\/2019\/02\/25\/misurina-in-trentino-tatiana-pais-becher-sindaco-di-auronzo-scrive-a-rai1\/\" \/>\n<meta property=\"og:locale\" content=\"fr_FR\" \/>\n<meta property=\"og:type\" content=\"article\" \/>\n<meta property=\"og:title\" content=\"Misurina in Trentino - Alto Adige? Tatiana Pais Becher sindaco di Auronzo scrive a Rai1 - Bellunopress - Dolomiti\" \/>\n<meta property=\"og:description\" content=\"Auronzo di Cadore, 25 febbraio 2019 &#8211; E&#8217; successo un&#8217;altra volta.\u00a0 Un pezzo rinomato della provincia di Belluno \u00e8 stato erroneamente collocato nel Trentino &#8211; Alto Adige nientemeno che dalla prima rete Rai Tg1. Vittima del Tg1, edizione serale di domenica 24 febbraio, \u00e8 Misurina, frazione di Auronzo di Cadore (Belluno\u00a0 &#8211; Veneto), erroneamente collocata [&hellip;]\" \/>\n<meta property=\"og:url\" content=\"https:\/\/www.bellunopress.it\/fr\/2019\/02\/25\/misurina-in-trentino-tatiana-pais-becher-sindaco-di-auronzo-scrive-a-rai1\/\" \/>\n<meta property=\"og:site_name\" content=\"Bellunopress - Dolomiti\" \/>\n<meta property=\"article:publisher\" content=\"https:\/\/www.facebook.com\/profile.php?id=100008943462799\" \/>\n<meta property=\"article:published_time\" content=\"2019-02-25T21:47:09+00:00\" \/>\n<meta property=\"article:modified_time\" content=\"2019-02-25T21:53:09+00:00\" \/>\n<meta property=\"og:image\" content=\"http:\/\/www.bellunopress.it\/wp-content\/uploads\/2016\/12\/tatiana-pais-becher.jpg\" \/>\n<meta name=\"author\" content=\"redazione\" \/>\n<meta name=\"twitter:card\" content=\"summary_large_image\" \/>\n<meta name=\"twitter:creator\" content=\"@bellunopress\" \/>\n<meta name=\"twitter:site\" content=\"@bellunopress\" \/>\n<meta name=\"twitter:label1\" content=\"\u00c9crit par\" \/>\n\t<meta name=\"twitter:data1\" content=\"redazione\" \/>\n\t<meta name=\"twitter:label2\" content=\"Dur\u00e9e de lecture estim\u00e9e\" \/>\n\t<meta name=\"twitter:data2\" content=\"2 minutes\" \/>\n<script type=\"application\/ld+json\" class=\"yoast-schema-graph\">{\"@context\":\"https:\\\/\\\/schema.org\",\"@graph\":[{\"@type\":\"Article\",\"@id\":\"https:\\\/\\\/www.bellunopress.it\\\/2019\\\/02\\\/25\\\/misurina-in-trentino-tatiana-pais-becher-sindaco-di-auronzo-scrive-a-rai1\\\/#article\",\"isPartOf\":{\"@id\":\"https:\\\/\\\/www.bellunopress.it\\\/2019\\\/02\\\/25\\\/misurina-in-trentino-tatiana-pais-becher-sindaco-di-auronzo-scrive-a-rai1\\\/\"},\"author\":{\"name\":\"redazione\",\"@id\":\"https:\\\/\\\/www.bellunopress.it\\\/#\\\/schema\\\/person\\\/79bb06722b37ece1c03d3e94beb30d73\"},\"headline\":\"Misurina in Trentino &#8211; Alto Adige? Tatiana Pais Becher sindaco di Auronzo scrive a Rai1\",\"datePublished\":\"2019-02-25T21:47:09+00:00\",\"dateModified\":\"2019-02-25T21:53:09+00:00\",\"mainEntityOfPage\":{\"@id\":\"https:\\\/\\\/www.bellunopress.it\\\/2019\\\/02\\\/25\\\/misurina-in-trentino-tatiana-pais-becher-sindaco-di-auronzo-scrive-a-rai1\\\/\"},\"wordCount\":342,\"publisher\":{\"@id\":\"https:\\\/\\\/www.bellunopress.it\\\/#organization\"},\"image\":{\"@id\":\"https:\\\/\\\/www.bellunopress.it\\\/2019\\\/02\\\/25\\\/misurina-in-trentino-tatiana-pais-becher-sindaco-di-auronzo-scrive-a-rai1\\\/#primaryimage\"},\"thumbnailUrl\":\"http:\\\/\\\/www.bellunopress.it\\\/wp-content\\\/uploads\\\/2016\\\/12\\\/tatiana-pais-becher.jpg\",\"articleSection\":[\"Cronaca\\\/Politica\",\"Prima Pagina\",\"Societ\u00e0, Associazioni, Istituzioni\"],\"inLanguage\":\"fr-FR\"},{\"@type\":\"WebPage\",\"@id\":\"https:\\\/\\\/www.bellunopress.it\\\/2019\\\/02\\\/25\\\/misurina-in-trentino-tatiana-pais-becher-sindaco-di-auronzo-scrive-a-rai1\\\/\",\"url\":\"https:\\\/\\\/www.bellunopress.it\\\/2019\\\/02\\\/25\\\/misurina-in-trentino-tatiana-pais-becher-sindaco-di-auronzo-scrive-a-rai1\\\/\",\"name\":\"Misurina in Trentino - Alto Adige? Tatiana Pais Becher sindaco di Auronzo scrive a Rai1 - Bellunopress - Dolomiti\",\"isPartOf\":{\"@id\":\"https:\\\/\\\/www.bellunopress.it\\\/#website\"},\"primaryImageOfPage\":{\"@id\":\"https:\\\/\\\/www.bellunopress.it\\\/2019\\\/02\\\/25\\\/misurina-in-trentino-tatiana-pais-becher-sindaco-di-auronzo-scrive-a-rai1\\\/#primaryimage\"},\"image\":{\"@id\":\"https:\\\/\\\/www.bellunopress.it\\\/2019\\\/02\\\/25\\\/misurina-in-trentino-tatiana-pais-becher-sindaco-di-auronzo-scrive-a-rai1\\\/#primaryimage\"},\"thumbnailUrl\":\"http:\\\/\\\/www.bellunopress.it\\\/wp-content\\\/uploads\\\/2016\\\/12\\\/tatiana-pais-becher.jpg\",\"datePublished\":\"2019-02-25T21:47:09+00:00\",\"dateModified\":\"2019-02-25T21:53:09+00:00\",\"breadcrumb\":{\"@id\":\"https:\\\/\\\/www.bellunopress.it\\\/2019\\\/02\\\/25\\\/misurina-in-trentino-tatiana-pais-becher-sindaco-di-auronzo-scrive-a-rai1\\\/#breadcrumb\"},\"inLanguage\":\"fr-FR\",\"potentialAction\":[{\"@type\":\"ReadAction\",\"target\":[\"https:\\\/\\\/www.bellunopress.it\\\/2019\\\/02\\\/25\\\/misurina-in-trentino-tatiana-pais-becher-sindaco-di-auronzo-scrive-a-rai1\\\/\"]}]},{\"@type\":\"ImageObject\",\"inLanguage\":\"fr-FR\",\"@id\":\"https:\\\/\\\/www.bellunopress.it\\\/2019\\\/02\\\/25\\\/misurina-in-trentino-tatiana-pais-becher-sindaco-di-auronzo-scrive-a-rai1\\\/#primaryimage\",\"url\":\"http:\\\/\\\/www.bellunopress.it\\\/wp-content\\\/uploads\\\/2016\\\/12\\\/tatiana-pais-becher.jpg\",\"contentUrl\":\"http:\\\/\\\/www.bellunopress.it\\\/wp-content\\\/uploads\\\/2016\\\/12\\\/tatiana-pais-becher.jpg\"},{\"@type\":\"BreadcrumbList\",\"@id\":\"https:\\\/\\\/www.bellunopress.it\\\/2019\\\/02\\\/25\\\/misurina-in-trentino-tatiana-pais-becher-sindaco-di-auronzo-scrive-a-rai1\\\/#breadcrumb\",\"itemListElement\":[{\"@type\":\"ListItem\",\"position\":1,\"name\":\"Home\",\"item\":\"https:\\\/\\\/www.bellunopress.it\\\/\"},{\"@type\":\"ListItem\",\"position\":2,\"name\":\"Misurina in Trentino &#8211; Alto Adige? Tatiana Pais Becher sindaco di Auronzo scrive a Rai1\"}]},{\"@type\":\"WebSite\",\"@id\":\"https:\\\/\\\/www.bellunopress.it\\\/#website\",\"url\":\"https:\\\/\\\/www.bellunopress.it\\\/\",\"name\":\"Bellunopress - Dolomiti\",\"description\":\"e-mail: redazione@bellunopress.it\",\"publisher\":{\"@id\":\"https:\\\/\\\/www.bellunopress.it\\\/#organization\"},\"potentialAction\":[{\"@type\":\"SearchAction\",\"target\":{\"@type\":\"EntryPoint\",\"urlTemplate\":\"https:\\\/\\\/www.bellunopress.it\\\/?s={search_term_string}\"},\"query-input\":{\"@type\":\"PropertyValueSpecification\",\"valueRequired\":true,\"valueName\":\"search_term_string\"}}],\"inLanguage\":\"fr-FR\"},{\"@type\":\"Organization\",\"@id\":\"https:\\\/\\\/www.bellunopress.it\\\/#organization\",\"name\":\"Bellunopress\",\"url\":\"https:\\\/\\\/www.bellunopress.it\\\/\",\"logo\":{\"@type\":\"ImageObject\",\"inLanguage\":\"fr-FR\",\"@id\":\"https:\\\/\\\/www.bellunopress.it\\\/#\\\/schema\\\/logo\\\/image\\\/\",\"url\":\"https:\\\/\\\/www.bellunopress.it\\\/wp-content\\\/uploads\\\/2011\\\/05\\\/cropped-logo-bellunopress-.jpg\",\"contentUrl\":\"https:\\\/\\\/www.bellunopress.it\\\/wp-content\\\/uploads\\\/2011\\\/05\\\/cropped-logo-bellunopress-.jpg\",\"width\":512,\"height\":512,\"caption\":\"Bellunopress\"},\"image\":{\"@id\":\"https:\\\/\\\/www.bellunopress.it\\\/#\\\/schema\\\/logo\\\/image\\\/\"},\"sameAs\":[\"https:\\\/\\\/www.facebook.com\\\/profile.php?id=100008943462799\",\"https:\\\/\\\/x.com\\\/bellunopress\",\"https:\\\/\\\/www.linkedin.com\\\/hp\\\/?dnr=JBzUWaJfMUw8vbXJJ2tVW5-I3jZKvC4wsoxE&amp;amp;amp;amp;amp;amp;trk=nav_responsive_tab_home\",\"https:\\\/\\\/www.youtube.com\\\/channel\\\/UCxL0wu1uN0_3_7hGG0306cw\"]},{\"@type\":\"Person\",\"@id\":\"https:\\\/\\\/www.bellunopress.it\\\/#\\\/schema\\\/person\\\/79bb06722b37ece1c03d3e94beb30d73\",\"name\":\"redazione\",\"image\":{\"@type\":\"ImageObject\",\"inLanguage\":\"fr-FR\",\"@id\":\"https:\\\/\\\/secure.gravatar.com\\\/avatar\\\/37d968a2e67a6fd04c169c4bdef102d0bc5d31b2546345219e348575eb80e9a0?s=96&d=mm&r=g\",\"url\":\"https:\\\/\\\/secure.gravatar.com\\\/avatar\\\/37d968a2e67a6fd04c169c4bdef102d0bc5d31b2546345219e348575eb80e9a0?s=96&d=mm&r=g\",\"contentUrl\":\"https:\\\/\\\/secure.gravatar.com\\\/avatar\\\/37d968a2e67a6fd04c169c4bdef102d0bc5d31b2546345219e348575eb80e9a0?s=96&d=mm&r=g\",\"caption\":\"redazione\"},\"sameAs\":[\"http:\\\/\\\/www.bellunopress.it\",\"https:\\\/\\\/x.com\\\/bellunopress\"],\"url\":\"https:\\\/\\\/www.bellunopress.it\\\/fr\\\/author\\\/redazione\\\/\"}]}<\/script>\n<!-- \/ Yoast SEO plugin. -->","yoast_head_json":{"title":"Misurina in Trentino - Alto Adige? Tatiana Pais Becher sindaco di Auronzo scrive a Rai1 - Bellunopress - Dolomiti","robots":{"index":"index","follow":"follow","max-snippet":"max-snippet:-1","max-image-preview":"max-image-preview:large","max-video-preview":"max-video-preview:-1"},"canonical":"https:\/\/www.bellunopress.it\/fr\/2019\/02\/25\/misurina-in-trentino-tatiana-pais-becher-sindaco-di-auronzo-scrive-a-rai1\/","og_locale":"fr_FR","og_type":"article","og_title":"Misurina in Trentino - Alto Adige? Tatiana Pais Becher sindaco di Auronzo scrive a Rai1 - Bellunopress - Dolomiti","og_description":"Auronzo di Cadore, 25 febbraio 2019 &#8211; E&#8217; successo un&#8217;altra volta.\u00a0 Un pezzo rinomato della provincia di Belluno \u00e8 stato erroneamente collocato nel Trentino &#8211; Alto Adige nientemeno che dalla prima rete Rai Tg1. Vittima del Tg1, edizione serale di domenica 24 febbraio, \u00e8 Misurina, frazione di Auronzo di Cadore (Belluno\u00a0 &#8211; Veneto), erroneamente collocata [&hellip;]","og_url":"https:\/\/www.bellunopress.it\/fr\/2019\/02\/25\/misurina-in-trentino-tatiana-pais-becher-sindaco-di-auronzo-scrive-a-rai1\/","og_site_name":"Bellunopress - Dolomiti","article_publisher":"https:\/\/www.facebook.com\/profile.php?id=100008943462799","article_published_time":"2019-02-25T21:47:09+00:00","article_modified_time":"2019-02-25T21:53:09+00:00","og_image":[{"url":"http:\/\/www.bellunopress.it\/wp-content\/uploads\/2016\/12\/tatiana-pais-becher.jpg","type":"","width":"","height":""}],"author":"redazione","twitter_card":"summary_large_image","twitter_creator":"@bellunopress","twitter_site":"@bellunopress","twitter_misc":{"\u00c9crit par":"redazione","Dur\u00e9e de lecture estim\u00e9e":"2 minutes"},"schema":{"@context":"https:\/\/schema.org","@graph":[{"@type":"Article","@id":"https:\/\/www.bellunopress.it\/2019\/02\/25\/misurina-in-trentino-tatiana-pais-becher-sindaco-di-auronzo-scrive-a-rai1\/#article","isPartOf":{"@id":"https:\/\/www.bellunopress.it\/2019\/02\/25\/misurina-in-trentino-tatiana-pais-becher-sindaco-di-auronzo-scrive-a-rai1\/"},"author":{"name":"redazione","@id":"https:\/\/www.bellunopress.it\/#\/schema\/person\/79bb06722b37ece1c03d3e94beb30d73"},"headline":"Misurina in Trentino &#8211; Alto Adige? Tatiana Pais Becher sindaco di Auronzo scrive a Rai1","datePublished":"2019-02-25T21:47:09+00:00","dateModified":"2019-02-25T21:53:09+00:00","mainEntityOfPage":{"@id":"https:\/\/www.bellunopress.it\/2019\/02\/25\/misurina-in-trentino-tatiana-pais-becher-sindaco-di-auronzo-scrive-a-rai1\/"},"wordCount":342,"publisher":{"@id":"https:\/\/www.bellunopress.it\/#organization"},"image":{"@id":"https:\/\/www.bellunopress.it\/2019\/02\/25\/misurina-in-trentino-tatiana-pais-becher-sindaco-di-auronzo-scrive-a-rai1\/#primaryimage"},"thumbnailUrl":"http:\/\/www.bellunopress.it\/wp-content\/uploads\/2016\/12\/tatiana-pais-becher.jpg","articleSection":["Cronaca\/Politica","Prima Pagina","Societ\u00e0, Associazioni, Istituzioni"],"inLanguage":"fr-FR"},{"@type":"WebPage","@id":"https:\/\/www.bellunopress.it\/2019\/02\/25\/misurina-in-trentino-tatiana-pais-becher-sindaco-di-auronzo-scrive-a-rai1\/","url":"https:\/\/www.bellunopress.it\/2019\/02\/25\/misurina-in-trentino-tatiana-pais-becher-sindaco-di-auronzo-scrive-a-rai1\/","name":"Misurina in Trentino - Alto Adige? Tatiana Pais Becher sindaco di Auronzo scrive a Rai1 - Bellunopress - Dolomiti","isPartOf":{"@id":"https:\/\/www.bellunopress.it\/#website"},"primaryImageOfPage":{"@id":"https:\/\/www.bellunopress.it\/2019\/02\/25\/misurina-in-trentino-tatiana-pais-becher-sindaco-di-auronzo-scrive-a-rai1\/#primaryimage"},"image":{"@id":"https:\/\/www.bellunopress.it\/2019\/02\/25\/misurina-in-trentino-tatiana-pais-becher-sindaco-di-auronzo-scrive-a-rai1\/#primaryimage"},"thumbnailUrl":"http:\/\/www.bellunopress.it\/wp-content\/uploads\/2016\/12\/tatiana-pais-becher.jpg","datePublished":"2019-02-25T21:47:09+00:00","dateModified":"2019-02-25T21:53:09+00:00","breadcrumb":{"@id":"https:\/\/www.bellunopress.it\/2019\/02\/25\/misurina-in-trentino-tatiana-pais-becher-sindaco-di-auronzo-scrive-a-rai1\/#breadcrumb"},"inLanguage":"fr-FR","potentialAction":[{"@type":"ReadAction","target":["https:\/\/www.bellunopress.it\/2019\/02\/25\/misurina-in-trentino-tatiana-pais-becher-sindaco-di-auronzo-scrive-a-rai1\/"]}]},{"@type":"ImageObject","inLanguage":"fr-FR","@id":"https:\/\/www.bellunopress.it\/2019\/02\/25\/misurina-in-trentino-tatiana-pais-becher-sindaco-di-auronzo-scrive-a-rai1\/#primaryimage","url":"http:\/\/www.bellunopress.it\/wp-content\/uploads\/2016\/12\/tatiana-pais-becher.jpg","contentUrl":"http:\/\/www.bellunopress.it\/wp-content\/uploads\/2016\/12\/tatiana-pais-becher.jpg"},{"@type":"BreadcrumbList","@id":"https:\/\/www.bellunopress.it\/2019\/02\/25\/misurina-in-trentino-tatiana-pais-becher-sindaco-di-auronzo-scrive-a-rai1\/#breadcrumb","itemListElement":[{"@type":"ListItem","position":1,"name":"Home","item":"https:\/\/www.bellunopress.it\/"},{"@type":"ListItem","position":2,"name":"Misurina in Trentino &#8211; Alto Adige? Tatiana Pais Becher sindaco di Auronzo scrive a Rai1"}]},{"@type":"WebSite","@id":"https:\/\/www.bellunopress.it\/#website","url":"https:\/\/www.bellunopress.it\/","name":"Bellunopress - Dolomiti","description":"e-mail: redazione@bellunopress.it","publisher":{"@id":"https:\/\/www.bellunopress.it\/#organization"},"potentialAction":[{"@type":"SearchAction","target":{"@type":"EntryPoint","urlTemplate":"https:\/\/www.bellunopress.it\/?s={search_term_string}"},"query-input":{"@type":"PropertyValueSpecification","valueRequired":true,"valueName":"search_term_string"}}],"inLanguage":"fr-FR"},{"@type":"Organization","@id":"https:\/\/www.bellunopress.it\/#organization","name":"Bellunopress","url":"https:\/\/www.bellunopress.it\/","logo":{"@type":"ImageObject","inLanguage":"fr-FR","@id":"https:\/\/www.bellunopress.it\/#\/schema\/logo\/image\/","url":"https:\/\/www.bellunopress.it\/wp-content\/uploads\/2011\/05\/cropped-logo-bellunopress-.jpg","contentUrl":"https:\/\/www.bellunopress.it\/wp-content\/uploads\/2011\/05\/cropped-logo-bellunopress-.jpg","width":512,"height":512,"caption":"Bellunopress"},"image":{"@id":"https:\/\/www.bellunopress.it\/#\/schema\/logo\/image\/"},"sameAs":["https:\/\/www.facebook.com\/profile.php?id=100008943462799","https:\/\/x.com\/bellunopress","https:\/\/www.linkedin.com\/hp\/?dnr=JBzUWaJfMUw8vbXJJ2tVW5-I3jZKvC4wsoxE&amp;amp;amp;amp;amp;amp;trk=nav_responsive_tab_home","https:\/\/www.youtube.com\/channel\/UCxL0wu1uN0_3_7hGG0306cw"]},{"@type":"Person","@id":"https:\/\/www.bellunopress.it\/#\/schema\/person\/79bb06722b37ece1c03d3e94beb30d73","name":"r\u00e9daction","image":{"@type":"ImageObject","inLanguage":"fr-FR","@id":"https:\/\/secure.gravatar.com\/avatar\/37d968a2e67a6fd04c169c4bdef102d0bc5d31b2546345219e348575eb80e9a0?s=96&d=mm&r=g","url":"https:\/\/secure.gravatar.com\/avatar\/37d968a2e67a6fd04c169c4bdef102d0bc5d31b2546345219e348575eb80e9a0?s=96&d=mm&r=g","contentUrl":"https:\/\/secure.gravatar.com\/avatar\/37d968a2e67a6fd04c169c4bdef102d0bc5d31b2546345219e348575eb80e9a0?s=96&d=mm&r=g","caption":"redazione"},"sameAs":["http:\/\/www.bellunopress.it","https:\/\/x.com\/bellunopress"],"url":"https:\/\/www.bellunopress.it\/fr\/author\/redazione\/"}]}},"_links":{"self":[{"href":"https:\/\/www.bellunopress.it\/fr\/wp-json\/wp\/v2\/posts\/102389","targetHints":{"allow":["GET"]}}],"collection":[{"href":"https:\/\/www.bellunopress.it\/fr\/wp-json\/wp\/v2\/posts"}],"about":[{"href":"https:\/\/www.bellunopress.it\/fr\/wp-json\/wp\/v2\/types\/post"}],"author":[{"embeddable":true,"href":"https:\/\/www.bellunopress.it\/fr\/wp-json\/wp\/v2\/users\/2"}],"replies":[{"embeddable":true,"href":"https:\/\/www.bellunopress.it\/fr\/wp-json\/wp\/v2\/comments?post=102389"}],"version-history":[{"count":3,"href":"https:\/\/www.bellunopress.it\/fr\/wp-json\/wp\/v2\/posts\/102389\/revisions"}],"predecessor-version":[{"id":102392,"href":"https:\/\/www.bellunopress.it\/fr\/wp-json\/wp\/v2\/posts\/102389\/revisions\/102392"}],"wp:attachment":[{"href":"https:\/\/www.bellunopress.it\/fr\/wp-json\/wp\/v2\/media?parent=102389"}],"wp:term":[{"taxonomy":"category","embeddable":true,"href":"https:\/\/www.bellunopress.it\/fr\/wp-json\/wp\/v2\/categories?post=102389"},{"taxonomy":"post_tag","embeddable":true,"href":"https:\/\/www.bellunopress.it\/fr\/wp-json\/wp\/v2\/tags?post=102389"}],"curies":[{"name":"wp","href":"https:\/\/api.w.org\/{rel}","templated":true}]}}