{"id":102387,"date":"2019-02-25T21:56:49","date_gmt":"2019-02-25T20:56:49","guid":{"rendered":"http:\/\/www.bellunopress.it\/?p=102387"},"modified":"2019-02-25T21:56:49","modified_gmt":"2019-02-25T20:56:49","slug":"corsi-prima-licenza-e-di-perfezionamento-per-navigatori-di-rally","status":"publish","type":"post","link":"https:\/\/www.bellunopress.it\/fr\/2019\/02\/25\/corsi-prima-licenza-e-di-perfezionamento-per-navigatori-di-rally\/","title":{"rendered":"Corsi Prima licenza e di perfezionamento per navigatori di rally"},"content":{"rendered":"<p><a href=\"http:\/\/www.bellunopress.it\/fr\/2012\/05\/25\/da-piazza-dei-martiri-parte-lunedi-il-viaggio-della-memoria-2300-km-con-le-storiche-topolino-destinazione-auschwitz-in-polonia\/automobile-club-belluno\/\" rel=\"attachment wp-att-38352\"><img loading=\"lazy\" decoding=\"async\" class=\"alignleft size-full wp-image-38352\" src=\"http:\/\/www.bellunopress.it\/wp-content\/uploads\/2012\/05\/automobile-club-belluno.jpg\" alt=\"\" width=\"140\" height=\"140\" \/><\/a>Belluno, 25 febbraio 2019 &#8211; Sono ben diciassette i conduttori bellunesi neo licenziati ACI Sport che hanno frequentato il corso di formazione \u201cprima licenza\u201d organizzato dall\u2019ACI Belluno in collaborazione con l\u2019Asd Tre Cime Promotor e la Delegazione bellunese del Comitato olimpico nazionale italiano. Al termine delle due lezioni in cui si articolava il corso, tenute nella saletta della Delegazione provinciale del C.O.N.I., dai qualificati Ufficiali di gara ed istruttori ACI Sport Walter Robassa e Paola Valmassoi, hanno brillantemente superato il test di verifica finale questi licenziati: Lorenzo Bizzarini, Raffaella Cescon, Rossella Dalla Rosa, Christopher Davare, Fabio De Biasio, Giovanni Leonardo De Pr\u00e0, Lucia Farenzena, Thomas Fenti, Valentina Maccagnan, Damiano Osti, Matteo Selvestrel, Alessandro Canova, Francesco Zancanaro, Matteo Vieceli, Marco Cossalter, Rebecca Ongaro e Adam Saadaoui.<br \/>\nA giorni verranno definiti calendario e docenti dell\u2019altro corso di formazione, indetto dall\u2019ACI Belluno con il supporto di Tre Cime Promotor e destinato a quanti vogliono intraprendere la carriera sportiva come Ufficiali di gara. Questo corso, che former\u00e0 nuovi commissari di percorso, verificatori sportivi e segretari di manifestazione, si articoler\u00e0 in massimo tre lezioni che si terranno, sempre nella saletta del C.O.N.I. provinciale, in via Cipro a Belluno, in orario serale.<br \/>\nQuesta sera, invece, nella sede dell\u2019Asd Tre Cime Promotor, in via Nevegal 6 a Castion, si terr\u00e0 la prima di quattro lezioni del corso di perfezionamento per navigatori di rally che il sodalizio presieduto da Achille \u201cBrik\u201d Selvestrel organizza in stretta collaborazione con il preparato istruttore Luca Silvi e con il prezioso supporto tecnico di Stefano Farina di +Note. A questo corso prenderanno parte sette aspiranti navigatori: Dario Busin, Thomas Fenti, Raffaella Cescon, Christopher Davare, Adriano Antoniol, Rossella Dalla Rosa e Lucia Farenzena. Come docente, al<br \/>\nfianco di Luca Silvi, ci sar\u00e0 un altro navigatore di provata esperienza: il consigliere delegato di Tre Cime Promotor, Michele Coletti, da tempo impegnato nel Campionato italiano rally WRC. La seconda lezione del corso di perfezionamento per navigatori \u00e8 prevista gioved\u00ec 28 febbraio, alle 20.30, mentre la prova pratica, che vedr\u00e0 i candidati cimentarsi con note e radar del Rally Bellunese, \u00e8 prevista sabato 9 marzo.<\/p>","protected":false},"excerpt":{"rendered":"<p>Belluno, 25 febbraio 2019 &#8211; Sono ben diciassette i conduttori bellunesi neo licenziati ACI Sport che hanno frequentato il corso di formazione \u201cprima licenza\u201d organizzato dall\u2019ACI Belluno in collaborazione con l\u2019Asd Tre Cime Promotor e la Delegazione bellunese del Comitato olimpico nazionale italiano. Al termine delle due lezioni in cui si articolava il corso, tenute [&hellip;]<\/p>\n","protected":false},"author":2,"featured_media":0,"comment_status":"closed","ping_status":"open","sticky":false,"template":"","format":"standard","meta":{"footnotes":""},"categories":[26,4],"tags":[],"class_list":["post-102387","post","type-post","status-publish","format-standard","category-prima-pagina","category-sport"],"yoast_head":"<!-- This site is optimized with the Yoast SEO plugin v28.4 - https:\/\/yoast.com\/product\/yoast-seo-wordpress\/ -->\n<title>Corsi Prima licenza e di perfezionamento per navigatori di rally - Bellunopress - Dolomiti<\/title>\n<meta name=\"robots\" content=\"index, follow, max-snippet:-1, max-image-preview:large, max-video-preview:-1\" \/>\n<link rel=\"canonical\" href=\"https:\/\/www.bellunopress.it\/fr\/2019\/02\/25\/corsi-prima-licenza-e-di-perfezionamento-per-navigatori-di-rally\/\" \/>\n<meta property=\"og:locale\" content=\"fr_FR\" \/>\n<meta property=\"og:type\" content=\"article\" \/>\n<meta property=\"og:title\" content=\"Corsi Prima licenza e di perfezionamento per navigatori di rally - Bellunopress - Dolomiti\" \/>\n<meta property=\"og:description\" content=\"Belluno, 25 febbraio 2019 &#8211; Sono ben diciassette i conduttori bellunesi neo licenziati ACI Sport che hanno frequentato il corso di formazione \u201cprima licenza\u201d organizzato dall\u2019ACI Belluno in collaborazione con l\u2019Asd Tre Cime Promotor e la Delegazione bellunese del Comitato olimpico nazionale italiano. Al termine delle due lezioni in cui si articolava il corso, tenute [&hellip;]\" \/>\n<meta property=\"og:url\" content=\"https:\/\/www.bellunopress.it\/fr\/2019\/02\/25\/corsi-prima-licenza-e-di-perfezionamento-per-navigatori-di-rally\/\" \/>\n<meta property=\"og:site_name\" content=\"Bellunopress - Dolomiti\" \/>\n<meta property=\"article:publisher\" content=\"https:\/\/www.facebook.com\/profile.php?id=100008943462799\" \/>\n<meta property=\"article:published_time\" content=\"2019-02-25T20:56:49+00:00\" \/>\n<meta property=\"og:image\" content=\"http:\/\/www.bellunopress.it\/wp-content\/uploads\/2012\/05\/automobile-club-belluno.jpg\" \/>\n<meta name=\"author\" content=\"redazione\" \/>\n<meta name=\"twitter:card\" content=\"summary_large_image\" \/>\n<meta name=\"twitter:creator\" content=\"@bellunopress\" \/>\n<meta name=\"twitter:site\" content=\"@bellunopress\" \/>\n<meta name=\"twitter:label1\" content=\"\u00c9crit par\" \/>\n\t<meta name=\"twitter:data1\" content=\"redazione\" \/>\n\t<meta name=\"twitter:label2\" content=\"Dur\u00e9e de lecture estim\u00e9e\" \/>\n\t<meta name=\"twitter:data2\" content=\"2 minutes\" \/>\n<script type=\"application\/ld+json\" class=\"yoast-schema-graph\">{\"@context\":\"https:\\\/\\\/schema.org\",\"@graph\":[{\"@type\":\"Article\",\"@id\":\"https:\\\/\\\/www.bellunopress.it\\\/2019\\\/02\\\/25\\\/corsi-prima-licenza-e-di-perfezionamento-per-navigatori-di-rally\\\/#article\",\"isPartOf\":{\"@id\":\"https:\\\/\\\/www.bellunopress.it\\\/2019\\\/02\\\/25\\\/corsi-prima-licenza-e-di-perfezionamento-per-navigatori-di-rally\\\/\"},\"author\":{\"name\":\"redazione\",\"@id\":\"https:\\\/\\\/www.bellunopress.it\\\/#\\\/schema\\\/person\\\/79bb06722b37ece1c03d3e94beb30d73\"},\"headline\":\"Corsi Prima licenza e di perfezionamento per navigatori di rally\",\"datePublished\":\"2019-02-25T20:56:49+00:00\",\"mainEntityOfPage\":{\"@id\":\"https:\\\/\\\/www.bellunopress.it\\\/2019\\\/02\\\/25\\\/corsi-prima-licenza-e-di-perfezionamento-per-navigatori-di-rally\\\/\"},\"wordCount\":361,\"publisher\":{\"@id\":\"https:\\\/\\\/www.bellunopress.it\\\/#organization\"},\"image\":{\"@id\":\"https:\\\/\\\/www.bellunopress.it\\\/2019\\\/02\\\/25\\\/corsi-prima-licenza-e-di-perfezionamento-per-navigatori-di-rally\\\/#primaryimage\"},\"thumbnailUrl\":\"http:\\\/\\\/www.bellunopress.it\\\/wp-content\\\/uploads\\\/2012\\\/05\\\/automobile-club-belluno.jpg\",\"articleSection\":[\"Prima Pagina\",\"Sport, tempo libero\"],\"inLanguage\":\"fr-FR\"},{\"@type\":\"WebPage\",\"@id\":\"https:\\\/\\\/www.bellunopress.it\\\/2019\\\/02\\\/25\\\/corsi-prima-licenza-e-di-perfezionamento-per-navigatori-di-rally\\\/\",\"url\":\"https:\\\/\\\/www.bellunopress.it\\\/2019\\\/02\\\/25\\\/corsi-prima-licenza-e-di-perfezionamento-per-navigatori-di-rally\\\/\",\"name\":\"Corsi Prima licenza e di perfezionamento per navigatori di rally - Bellunopress - Dolomiti\",\"isPartOf\":{\"@id\":\"https:\\\/\\\/www.bellunopress.it\\\/#website\"},\"primaryImageOfPage\":{\"@id\":\"https:\\\/\\\/www.bellunopress.it\\\/2019\\\/02\\\/25\\\/corsi-prima-licenza-e-di-perfezionamento-per-navigatori-di-rally\\\/#primaryimage\"},\"image\":{\"@id\":\"https:\\\/\\\/www.bellunopress.it\\\/2019\\\/02\\\/25\\\/corsi-prima-licenza-e-di-perfezionamento-per-navigatori-di-rally\\\/#primaryimage\"},\"thumbnailUrl\":\"http:\\\/\\\/www.bellunopress.it\\\/wp-content\\\/uploads\\\/2012\\\/05\\\/automobile-club-belluno.jpg\",\"datePublished\":\"2019-02-25T20:56:49+00:00\",\"breadcrumb\":{\"@id\":\"https:\\\/\\\/www.bellunopress.it\\\/2019\\\/02\\\/25\\\/corsi-prima-licenza-e-di-perfezionamento-per-navigatori-di-rally\\\/#breadcrumb\"},\"inLanguage\":\"fr-FR\",\"potentialAction\":[{\"@type\":\"ReadAction\",\"target\":[\"https:\\\/\\\/www.bellunopress.it\\\/2019\\\/02\\\/25\\\/corsi-prima-licenza-e-di-perfezionamento-per-navigatori-di-rally\\\/\"]}]},{\"@type\":\"ImageObject\",\"inLanguage\":\"fr-FR\",\"@id\":\"https:\\\/\\\/www.bellunopress.it\\\/2019\\\/02\\\/25\\\/corsi-prima-licenza-e-di-perfezionamento-per-navigatori-di-rally\\\/#primaryimage\",\"url\":\"http:\\\/\\\/www.bellunopress.it\\\/wp-content\\\/uploads\\\/2012\\\/05\\\/automobile-club-belluno.jpg\",\"contentUrl\":\"http:\\\/\\\/www.bellunopress.it\\\/wp-content\\\/uploads\\\/2012\\\/05\\\/automobile-club-belluno.jpg\"},{\"@type\":\"BreadcrumbList\",\"@id\":\"https:\\\/\\\/www.bellunopress.it\\\/2019\\\/02\\\/25\\\/corsi-prima-licenza-e-di-perfezionamento-per-navigatori-di-rally\\\/#breadcrumb\",\"itemListElement\":[{\"@type\":\"ListItem\",\"position\":1,\"name\":\"Home\",\"item\":\"https:\\\/\\\/www.bellunopress.it\\\/\"},{\"@type\":\"ListItem\",\"position\":2,\"name\":\"Corsi Prima licenza e di perfezionamento per navigatori di rally\"}]},{\"@type\":\"WebSite\",\"@id\":\"https:\\\/\\\/www.bellunopress.it\\\/#website\",\"url\":\"https:\\\/\\\/www.bellunopress.it\\\/\",\"name\":\"Bellunopress - Dolomiti\",\"description\":\"e-mail: redazione@bellunopress.it\",\"publisher\":{\"@id\":\"https:\\\/\\\/www.bellunopress.it\\\/#organization\"},\"potentialAction\":[{\"@type\":\"SearchAction\",\"target\":{\"@type\":\"EntryPoint\",\"urlTemplate\":\"https:\\\/\\\/www.bellunopress.it\\\/?s={search_term_string}\"},\"query-input\":{\"@type\":\"PropertyValueSpecification\",\"valueRequired\":true,\"valueName\":\"search_term_string\"}}],\"inLanguage\":\"fr-FR\"},{\"@type\":\"Organization\",\"@id\":\"https:\\\/\\\/www.bellunopress.it\\\/#organization\",\"name\":\"Bellunopress\",\"url\":\"https:\\\/\\\/www.bellunopress.it\\\/\",\"logo\":{\"@type\":\"ImageObject\",\"inLanguage\":\"fr-FR\",\"@id\":\"https:\\\/\\\/www.bellunopress.it\\\/#\\\/schema\\\/logo\\\/image\\\/\",\"url\":\"https:\\\/\\\/www.bellunopress.it\\\/wp-content\\\/uploads\\\/2011\\\/05\\\/cropped-logo-bellunopress-.jpg\",\"contentUrl\":\"https:\\\/\\\/www.bellunopress.it\\\/wp-content\\\/uploads\\\/2011\\\/05\\\/cropped-logo-bellunopress-.jpg\",\"width\":512,\"height\":512,\"caption\":\"Bellunopress\"},\"image\":{\"@id\":\"https:\\\/\\\/www.bellunopress.it\\\/#\\\/schema\\\/logo\\\/image\\\/\"},\"sameAs\":[\"https:\\\/\\\/www.facebook.com\\\/profile.php?id=100008943462799\",\"https:\\\/\\\/x.com\\\/bellunopress\",\"https:\\\/\\\/www.linkedin.com\\\/hp\\\/?dnr=JBzUWaJfMUw8vbXJJ2tVW5-I3jZKvC4wsoxE&amp;amp;amp;amp;amp;amp;trk=nav_responsive_tab_home\",\"https:\\\/\\\/www.youtube.com\\\/channel\\\/UCxL0wu1uN0_3_7hGG0306cw\"]},{\"@type\":\"Person\",\"@id\":\"https:\\\/\\\/www.bellunopress.it\\\/#\\\/schema\\\/person\\\/79bb06722b37ece1c03d3e94beb30d73\",\"name\":\"redazione\",\"image\":{\"@type\":\"ImageObject\",\"inLanguage\":\"fr-FR\",\"@id\":\"https:\\\/\\\/secure.gravatar.com\\\/avatar\\\/37d968a2e67a6fd04c169c4bdef102d0bc5d31b2546345219e348575eb80e9a0?s=96&d=mm&r=g\",\"url\":\"https:\\\/\\\/secure.gravatar.com\\\/avatar\\\/37d968a2e67a6fd04c169c4bdef102d0bc5d31b2546345219e348575eb80e9a0?s=96&d=mm&r=g\",\"contentUrl\":\"https:\\\/\\\/secure.gravatar.com\\\/avatar\\\/37d968a2e67a6fd04c169c4bdef102d0bc5d31b2546345219e348575eb80e9a0?s=96&d=mm&r=g\",\"caption\":\"redazione\"},\"sameAs\":[\"http:\\\/\\\/www.bellunopress.it\",\"https:\\\/\\\/x.com\\\/bellunopress\"],\"url\":\"https:\\\/\\\/www.bellunopress.it\\\/fr\\\/author\\\/redazione\\\/\"}]}<\/script>\n<!-- \/ Yoast SEO plugin. -->","yoast_head_json":{"title":"Corsi Prima licenza e di perfezionamento per navigatori di rally - Bellunopress - Dolomiti","robots":{"index":"index","follow":"follow","max-snippet":"max-snippet:-1","max-image-preview":"max-image-preview:large","max-video-preview":"max-video-preview:-1"},"canonical":"https:\/\/www.bellunopress.it\/fr\/2019\/02\/25\/corsi-prima-licenza-e-di-perfezionamento-per-navigatori-di-rally\/","og_locale":"fr_FR","og_type":"article","og_title":"Corsi Prima licenza e di perfezionamento per navigatori di rally - Bellunopress - Dolomiti","og_description":"Belluno, 25 febbraio 2019 &#8211; Sono ben diciassette i conduttori bellunesi neo licenziati ACI Sport che hanno frequentato il corso di formazione \u201cprima licenza\u201d organizzato dall\u2019ACI Belluno in collaborazione con l\u2019Asd Tre Cime Promotor e la Delegazione bellunese del Comitato olimpico nazionale italiano. Al termine delle due lezioni in cui si articolava il corso, tenute [&hellip;]","og_url":"https:\/\/www.bellunopress.it\/fr\/2019\/02\/25\/corsi-prima-licenza-e-di-perfezionamento-per-navigatori-di-rally\/","og_site_name":"Bellunopress - Dolomiti","article_publisher":"https:\/\/www.facebook.com\/profile.php?id=100008943462799","article_published_time":"2019-02-25T20:56:49+00:00","og_image":[{"url":"http:\/\/www.bellunopress.it\/wp-content\/uploads\/2012\/05\/automobile-club-belluno.jpg","type":"","width":"","height":""}],"author":"redazione","twitter_card":"summary_large_image","twitter_creator":"@bellunopress","twitter_site":"@bellunopress","twitter_misc":{"\u00c9crit par":"redazione","Dur\u00e9e de lecture estim\u00e9e":"2 minutes"},"schema":{"@context":"https:\/\/schema.org","@graph":[{"@type":"Article","@id":"https:\/\/www.bellunopress.it\/2019\/02\/25\/corsi-prima-licenza-e-di-perfezionamento-per-navigatori-di-rally\/#article","isPartOf":{"@id":"https:\/\/www.bellunopress.it\/2019\/02\/25\/corsi-prima-licenza-e-di-perfezionamento-per-navigatori-di-rally\/"},"author":{"name":"redazione","@id":"https:\/\/www.bellunopress.it\/#\/schema\/person\/79bb06722b37ece1c03d3e94beb30d73"},"headline":"Corsi Prima licenza e di perfezionamento per navigatori di rally","datePublished":"2019-02-25T20:56:49+00:00","mainEntityOfPage":{"@id":"https:\/\/www.bellunopress.it\/2019\/02\/25\/corsi-prima-licenza-e-di-perfezionamento-per-navigatori-di-rally\/"},"wordCount":361,"publisher":{"@id":"https:\/\/www.bellunopress.it\/#organization"},"image":{"@id":"https:\/\/www.bellunopress.it\/2019\/02\/25\/corsi-prima-licenza-e-di-perfezionamento-per-navigatori-di-rally\/#primaryimage"},"thumbnailUrl":"http:\/\/www.bellunopress.it\/wp-content\/uploads\/2012\/05\/automobile-club-belluno.jpg","articleSection":["Prima Pagina","Sport, tempo libero"],"inLanguage":"fr-FR"},{"@type":"WebPage","@id":"https:\/\/www.bellunopress.it\/2019\/02\/25\/corsi-prima-licenza-e-di-perfezionamento-per-navigatori-di-rally\/","url":"https:\/\/www.bellunopress.it\/2019\/02\/25\/corsi-prima-licenza-e-di-perfezionamento-per-navigatori-di-rally\/","name":"Corsi Prima licenza e di perfezionamento per navigatori di rally - Bellunopress - Dolomiti","isPartOf":{"@id":"https:\/\/www.bellunopress.it\/#website"},"primaryImageOfPage":{"@id":"https:\/\/www.bellunopress.it\/2019\/02\/25\/corsi-prima-licenza-e-di-perfezionamento-per-navigatori-di-rally\/#primaryimage"},"image":{"@id":"https:\/\/www.bellunopress.it\/2019\/02\/25\/corsi-prima-licenza-e-di-perfezionamento-per-navigatori-di-rally\/#primaryimage"},"thumbnailUrl":"http:\/\/www.bellunopress.it\/wp-content\/uploads\/2012\/05\/automobile-club-belluno.jpg","datePublished":"2019-02-25T20:56:49+00:00","breadcrumb":{"@id":"https:\/\/www.bellunopress.it\/2019\/02\/25\/corsi-prima-licenza-e-di-perfezionamento-per-navigatori-di-rally\/#breadcrumb"},"inLanguage":"fr-FR","potentialAction":[{"@type":"ReadAction","target":["https:\/\/www.bellunopress.it\/2019\/02\/25\/corsi-prima-licenza-e-di-perfezionamento-per-navigatori-di-rally\/"]}]},{"@type":"ImageObject","inLanguage":"fr-FR","@id":"https:\/\/www.bellunopress.it\/2019\/02\/25\/corsi-prima-licenza-e-di-perfezionamento-per-navigatori-di-rally\/#primaryimage","url":"http:\/\/www.bellunopress.it\/wp-content\/uploads\/2012\/05\/automobile-club-belluno.jpg","contentUrl":"http:\/\/www.bellunopress.it\/wp-content\/uploads\/2012\/05\/automobile-club-belluno.jpg"},{"@type":"BreadcrumbList","@id":"https:\/\/www.bellunopress.it\/2019\/02\/25\/corsi-prima-licenza-e-di-perfezionamento-per-navigatori-di-rally\/#breadcrumb","itemListElement":[{"@type":"ListItem","position":1,"name":"Home","item":"https:\/\/www.bellunopress.it\/"},{"@type":"ListItem","position":2,"name":"Corsi Prima licenza e di perfezionamento per navigatori di rally"}]},{"@type":"WebSite","@id":"https:\/\/www.bellunopress.it\/#website","url":"https:\/\/www.bellunopress.it\/","name":"Bellunopress - Dolomiti","description":"e-mail: redazione@bellunopress.it","publisher":{"@id":"https:\/\/www.bellunopress.it\/#organization"},"potentialAction":[{"@type":"SearchAction","target":{"@type":"EntryPoint","urlTemplate":"https:\/\/www.bellunopress.it\/?s={search_term_string}"},"query-input":{"@type":"PropertyValueSpecification","valueRequired":true,"valueName":"search_term_string"}}],"inLanguage":"fr-FR"},{"@type":"Organization","@id":"https:\/\/www.bellunopress.it\/#organization","name":"Bellunopress","url":"https:\/\/www.bellunopress.it\/","logo":{"@type":"ImageObject","inLanguage":"fr-FR","@id":"https:\/\/www.bellunopress.it\/#\/schema\/logo\/image\/","url":"https:\/\/www.bellunopress.it\/wp-content\/uploads\/2011\/05\/cropped-logo-bellunopress-.jpg","contentUrl":"https:\/\/www.bellunopress.it\/wp-content\/uploads\/2011\/05\/cropped-logo-bellunopress-.jpg","width":512,"height":512,"caption":"Bellunopress"},"image":{"@id":"https:\/\/www.bellunopress.it\/#\/schema\/logo\/image\/"},"sameAs":["https:\/\/www.facebook.com\/profile.php?id=100008943462799","https:\/\/x.com\/bellunopress","https:\/\/www.linkedin.com\/hp\/?dnr=JBzUWaJfMUw8vbXJJ2tVW5-I3jZKvC4wsoxE&amp;amp;amp;amp;amp;amp;trk=nav_responsive_tab_home","https:\/\/www.youtube.com\/channel\/UCxL0wu1uN0_3_7hGG0306cw"]},{"@type":"Person","@id":"https:\/\/www.bellunopress.it\/#\/schema\/person\/79bb06722b37ece1c03d3e94beb30d73","name":"r\u00e9daction","image":{"@type":"ImageObject","inLanguage":"fr-FR","@id":"https:\/\/secure.gravatar.com\/avatar\/37d968a2e67a6fd04c169c4bdef102d0bc5d31b2546345219e348575eb80e9a0?s=96&d=mm&r=g","url":"https:\/\/secure.gravatar.com\/avatar\/37d968a2e67a6fd04c169c4bdef102d0bc5d31b2546345219e348575eb80e9a0?s=96&d=mm&r=g","contentUrl":"https:\/\/secure.gravatar.com\/avatar\/37d968a2e67a6fd04c169c4bdef102d0bc5d31b2546345219e348575eb80e9a0?s=96&d=mm&r=g","caption":"redazione"},"sameAs":["http:\/\/www.bellunopress.it","https:\/\/x.com\/bellunopress"],"url":"https:\/\/www.bellunopress.it\/fr\/author\/redazione\/"}]}},"_links":{"self":[{"href":"https:\/\/www.bellunopress.it\/fr\/wp-json\/wp\/v2\/posts\/102387","targetHints":{"allow":["GET"]}}],"collection":[{"href":"https:\/\/www.bellunopress.it\/fr\/wp-json\/wp\/v2\/posts"}],"about":[{"href":"https:\/\/www.bellunopress.it\/fr\/wp-json\/wp\/v2\/types\/post"}],"author":[{"embeddable":true,"href":"https:\/\/www.bellunopress.it\/fr\/wp-json\/wp\/v2\/users\/2"}],"replies":[{"embeddable":true,"href":"https:\/\/www.bellunopress.it\/fr\/wp-json\/wp\/v2\/comments?post=102387"}],"version-history":[{"count":1,"href":"https:\/\/www.bellunopress.it\/fr\/wp-json\/wp\/v2\/posts\/102387\/revisions"}],"predecessor-version":[{"id":102388,"href":"https:\/\/www.bellunopress.it\/fr\/wp-json\/wp\/v2\/posts\/102387\/revisions\/102388"}],"wp:attachment":[{"href":"https:\/\/www.bellunopress.it\/fr\/wp-json\/wp\/v2\/media?parent=102387"}],"wp:term":[{"taxonomy":"category","embeddable":true,"href":"https:\/\/www.bellunopress.it\/fr\/wp-json\/wp\/v2\/categories?post=102387"},{"taxonomy":"post_tag","embeddable":true,"href":"https:\/\/www.bellunopress.it\/fr\/wp-json\/wp\/v2\/tags?post=102387"}],"curies":[{"name":"wp","href":"https:\/\/api.w.org\/{rel}","templated":true}]}}