{"id":10236,"date":"2009-12-01T18:22:10","date_gmt":"2009-12-01T17:22:10","guid":{"rendered":"http:\/\/www.bellunopress.it\/?p=10236"},"modified":"2009-12-01T18:28:27","modified_gmt":"2009-12-01T17:28:27","slug":"flavia-colle-e-la-nuova-rappresentante-della-provincia-nel-cda-della-fondazione-universita-e-alta-cultura","status":"publish","type":"post","link":"https:\/\/www.bellunopress.it\/fr\/2009\/12\/01\/flavia-colle-e-la-nuova-rappresentante-della-provincia-nel-cda-della-fondazione-universita-e-alta-cultura\/","title":{"rendered":"Flavia Colle \u00e8 la nuova rappresentante della Provincia nel Cda della Fondazione Universit\u00e0 e Alta Cultura"},"content":{"rendered":"<p><a href=\"http:\/\/www.bellunopress.it\/wp-content\/uploads\/2009\/12\/flavia-colle-presentaz-libro-sudafrica-3-nov-2007.jpg\"><img loading=\"lazy\" decoding=\"async\" class=\"alignleft size-medium wp-image-10237\" title=\"flavia-colle-presentaz-libro-sudafrica-3-nov-2007\" src=\"http:\/\/www.bellunopress.it\/wp-content\/uploads\/2009\/12\/flavia-colle-presentaz-libro-sudafrica-3-nov-2007.jpg\" alt=\"\" width=\"241\" height=\"181\" \/><\/a>E\u2019 Flavia Colle la nuova rappresentante della Provincia di Belluno nel Consiglio di Amministrazione della Fondazione Universit\u00e0 ed Alta Cultura in Provincia di Belluno.\u00a0 La nomina, gi\u00e0 emersa in via ufficiosa nelle scorse settimane, \u00e8 stata ufficializzata nei giorni scorsi dall\u2019ente di Palazzo Piloni. Gi\u00e0 assessore alla cultura nella giunta provinciale guidata da Oscar De Bona, Flavia Colle \u00e8 da sempre una voce convinta del valore e dell\u2019importanza del fare Alta Formazione su territorio bellunese. Anche per questa ragione la sua nomina \u00e8 stata accolta con particolare soddisfazione dai vertici della Fondazione, che per Statuto dovr\u00e0 avere la conferma del Consiglio Generale al nuovo ingresso nel CdA. Da quel momento e per tre anni Flavia Colle sar\u00e0 ufficialmente la voce della Provincia nella promozione e va-lorizzazione della dimensione universitaria bellunese. \u201cNe siamo felici \u2013 ha dichiarato il Presidente della Fondazione- Adriano Rasi Caldogno \u2013 siamo certi che la Professoressa Colle sapr\u00e0 dar seguito con rinnovati im-pegno e determinazione all\u2019opera di collaborazione e sostegno tra Provincia e Universit\u00e0 avviata in questi anni da Claudia Bettiol. A lei, a nome di tutti i soci, rinnoviamo il nostro sentito grazie per gli sforzi fatti dal dicembre 2005 nel garantire un futuro universitario al nostro territorio. Con l\u2019auspicio che, grazie anche all\u2019apporto di nuove e preziose collaborazioni come quella con la prof. Colle, il 2010 possa confermare il positivo trend di crescita e sviluppo avviato in questi anni\u201d.<\/p>","protected":false},"excerpt":{"rendered":"<p>E\u2019 Flavia Colle la nuova rappresentante della Provincia di Belluno nel Consiglio di Amministrazione della Fondazione Universit\u00e0 ed Alta Cultura in Provincia di Belluno.\u00a0 La nomina, gi\u00e0 emersa in via ufficiosa nelle scorse settimane, \u00e8 stata ufficializzata nei giorni scorsi dall\u2019ente di Palazzo Piloni. Gi\u00e0 assessore alla cultura nella giunta provinciale guidata da Oscar De [&hellip;]<\/p>\n","protected":false},"author":2,"featured_media":0,"comment_status":"closed","ping_status":"open","sticky":false,"template":"","format":"standard","meta":{"footnotes":""},"categories":[3,5,26,15],"tags":[139],"class_list":["post-10236","post","type-post","status-publish","format-standard","category-arte-cultura-spettacoli-scienza-archivi","category-cronaca","category-prima-pagina","category-scuola","tag-belluno"],"yoast_head":"<!-- This site is optimized with the Yoast SEO plugin v28.4 - https:\/\/yoast.com\/product\/yoast-seo-wordpress\/ -->\n<title>Flavia Colle \u00e8 la nuova rappresentante della Provincia nel Cda della Fondazione Universit\u00e0 e Alta Cultura - Bellunopress - Dolomiti<\/title>\n<meta name=\"robots\" content=\"index, follow, max-snippet:-1, max-image-preview:large, max-video-preview:-1\" \/>\n<link rel=\"canonical\" href=\"https:\/\/www.bellunopress.it\/fr\/2009\/12\/01\/flavia-colle-e-la-nuova-rappresentante-della-provincia-nel-cda-della-fondazione-universita-e-alta-cultura\/\" \/>\n<meta property=\"og:locale\" content=\"fr_FR\" \/>\n<meta property=\"og:type\" content=\"article\" \/>\n<meta property=\"og:title\" content=\"Flavia Colle \u00e8 la nuova rappresentante della Provincia nel Cda della Fondazione Universit\u00e0 e Alta Cultura - Bellunopress - Dolomiti\" \/>\n<meta property=\"og:description\" content=\"E\u2019 Flavia Colle la nuova rappresentante della Provincia di Belluno nel Consiglio di Amministrazione della Fondazione Universit\u00e0 ed Alta Cultura in Provincia di Belluno.\u00a0 La nomina, gi\u00e0 emersa in via ufficiosa nelle scorse settimane, \u00e8 stata ufficializzata nei giorni scorsi dall\u2019ente di Palazzo Piloni. Gi\u00e0 assessore alla cultura nella giunta provinciale guidata da Oscar De [&hellip;]\" \/>\n<meta property=\"og:url\" content=\"https:\/\/www.bellunopress.it\/fr\/2009\/12\/01\/flavia-colle-e-la-nuova-rappresentante-della-provincia-nel-cda-della-fondazione-universita-e-alta-cultura\/\" \/>\n<meta property=\"og:site_name\" content=\"Bellunopress - Dolomiti\" \/>\n<meta property=\"article:publisher\" content=\"https:\/\/www.facebook.com\/profile.php?id=100008943462799\" \/>\n<meta property=\"article:published_time\" content=\"2009-12-01T17:22:10+00:00\" \/>\n<meta property=\"article:modified_time\" content=\"2009-12-01T17:28:27+00:00\" \/>\n<meta property=\"og:image\" content=\"http:\/\/www.bellunopress.it\/wp-content\/uploads\/2009\/12\/flavia-colle-presentaz-libro-sudafrica-3-nov-2007.jpg\" \/>\n<meta name=\"author\" content=\"redazione\" \/>\n<meta name=\"twitter:card\" content=\"summary_large_image\" \/>\n<meta name=\"twitter:creator\" content=\"@bellunopress\" \/>\n<meta name=\"twitter:site\" content=\"@bellunopress\" \/>\n<meta name=\"twitter:label1\" content=\"\u00c9crit par\" \/>\n\t<meta name=\"twitter:data1\" content=\"redazione\" \/>\n\t<meta name=\"twitter:label2\" content=\"Dur\u00e9e de lecture estim\u00e9e\" \/>\n\t<meta name=\"twitter:data2\" content=\"1 minute\" \/>\n<script type=\"application\/ld+json\" class=\"yoast-schema-graph\">{\"@context\":\"https:\\\/\\\/schema.org\",\"@graph\":[{\"@type\":\"Article\",\"@id\":\"https:\\\/\\\/www.bellunopress.it\\\/2009\\\/12\\\/01\\\/flavia-colle-e-la-nuova-rappresentante-della-provincia-nel-cda-della-fondazione-universita-e-alta-cultura\\\/#article\",\"isPartOf\":{\"@id\":\"https:\\\/\\\/www.bellunopress.it\\\/2009\\\/12\\\/01\\\/flavia-colle-e-la-nuova-rappresentante-della-provincia-nel-cda-della-fondazione-universita-e-alta-cultura\\\/\"},\"author\":{\"name\":\"redazione\",\"@id\":\"https:\\\/\\\/www.bellunopress.it\\\/#\\\/schema\\\/person\\\/79bb06722b37ece1c03d3e94beb30d73\"},\"headline\":\"Flavia Colle \u00e8 la nuova rappresentante della Provincia nel Cda della Fondazione Universit\u00e0 e Alta Cultura\",\"datePublished\":\"2009-12-01T17:22:10+00:00\",\"dateModified\":\"2009-12-01T17:28:27+00:00\",\"mainEntityOfPage\":{\"@id\":\"https:\\\/\\\/www.bellunopress.it\\\/2009\\\/12\\\/01\\\/flavia-colle-e-la-nuova-rappresentante-della-provincia-nel-cda-della-fondazione-universita-e-alta-cultura\\\/\"},\"wordCount\":247,\"publisher\":{\"@id\":\"https:\\\/\\\/www.bellunopress.it\\\/#organization\"},\"image\":{\"@id\":\"https:\\\/\\\/www.bellunopress.it\\\/2009\\\/12\\\/01\\\/flavia-colle-e-la-nuova-rappresentante-della-provincia-nel-cda-della-fondazione-universita-e-alta-cultura\\\/#primaryimage\"},\"thumbnailUrl\":\"http:\\\/\\\/www.bellunopress.it\\\/wp-content\\\/uploads\\\/2009\\\/12\\\/flavia-colle-presentaz-libro-sudafrica-3-nov-2007.jpg\",\"keywords\":[\"Belluno\"],\"articleSection\":[\"Arte, Cultura, Spettacoli, Scienza\",\"Cronaca\\\/Politica\",\"Prima Pagina\",\"Scuola\"],\"inLanguage\":\"fr-FR\"},{\"@type\":\"WebPage\",\"@id\":\"https:\\\/\\\/www.bellunopress.it\\\/2009\\\/12\\\/01\\\/flavia-colle-e-la-nuova-rappresentante-della-provincia-nel-cda-della-fondazione-universita-e-alta-cultura\\\/\",\"url\":\"https:\\\/\\\/www.bellunopress.it\\\/2009\\\/12\\\/01\\\/flavia-colle-e-la-nuova-rappresentante-della-provincia-nel-cda-della-fondazione-universita-e-alta-cultura\\\/\",\"name\":\"Flavia Colle \u00e8 la nuova rappresentante della Provincia nel Cda della Fondazione Universit\u00e0 e Alta Cultura - Bellunopress - Dolomiti\",\"isPartOf\":{\"@id\":\"https:\\\/\\\/www.bellunopress.it\\\/#website\"},\"primaryImageOfPage\":{\"@id\":\"https:\\\/\\\/www.bellunopress.it\\\/2009\\\/12\\\/01\\\/flavia-colle-e-la-nuova-rappresentante-della-provincia-nel-cda-della-fondazione-universita-e-alta-cultura\\\/#primaryimage\"},\"image\":{\"@id\":\"https:\\\/\\\/www.bellunopress.it\\\/2009\\\/12\\\/01\\\/flavia-colle-e-la-nuova-rappresentante-della-provincia-nel-cda-della-fondazione-universita-e-alta-cultura\\\/#primaryimage\"},\"thumbnailUrl\":\"http:\\\/\\\/www.bellunopress.it\\\/wp-content\\\/uploads\\\/2009\\\/12\\\/flavia-colle-presentaz-libro-sudafrica-3-nov-2007.jpg\",\"datePublished\":\"2009-12-01T17:22:10+00:00\",\"dateModified\":\"2009-12-01T17:28:27+00:00\",\"breadcrumb\":{\"@id\":\"https:\\\/\\\/www.bellunopress.it\\\/2009\\\/12\\\/01\\\/flavia-colle-e-la-nuova-rappresentante-della-provincia-nel-cda-della-fondazione-universita-e-alta-cultura\\\/#breadcrumb\"},\"inLanguage\":\"fr-FR\",\"potentialAction\":[{\"@type\":\"ReadAction\",\"target\":[\"https:\\\/\\\/www.bellunopress.it\\\/2009\\\/12\\\/01\\\/flavia-colle-e-la-nuova-rappresentante-della-provincia-nel-cda-della-fondazione-universita-e-alta-cultura\\\/\"]}]},{\"@type\":\"ImageObject\",\"inLanguage\":\"fr-FR\",\"@id\":\"https:\\\/\\\/www.bellunopress.it\\\/2009\\\/12\\\/01\\\/flavia-colle-e-la-nuova-rappresentante-della-provincia-nel-cda-della-fondazione-universita-e-alta-cultura\\\/#primaryimage\",\"url\":\"http:\\\/\\\/www.bellunopress.it\\\/wp-content\\\/uploads\\\/2009\\\/12\\\/flavia-colle-presentaz-libro-sudafrica-3-nov-2007.jpg\",\"contentUrl\":\"http:\\\/\\\/www.bellunopress.it\\\/wp-content\\\/uploads\\\/2009\\\/12\\\/flavia-colle-presentaz-libro-sudafrica-3-nov-2007.jpg\"},{\"@type\":\"BreadcrumbList\",\"@id\":\"https:\\\/\\\/www.bellunopress.it\\\/2009\\\/12\\\/01\\\/flavia-colle-e-la-nuova-rappresentante-della-provincia-nel-cda-della-fondazione-universita-e-alta-cultura\\\/#breadcrumb\",\"itemListElement\":[{\"@type\":\"ListItem\",\"position\":1,\"name\":\"Home\",\"item\":\"https:\\\/\\\/www.bellunopress.it\\\/\"},{\"@type\":\"ListItem\",\"position\":2,\"name\":\"Flavia Colle \u00e8 la nuova rappresentante della Provincia nel Cda della Fondazione Universit\u00e0 e Alta Cultura\"}]},{\"@type\":\"WebSite\",\"@id\":\"https:\\\/\\\/www.bellunopress.it\\\/#website\",\"url\":\"https:\\\/\\\/www.bellunopress.it\\\/\",\"name\":\"Bellunopress - Dolomiti\",\"description\":\"e-mail: redazione@bellunopress.it\",\"publisher\":{\"@id\":\"https:\\\/\\\/www.bellunopress.it\\\/#organization\"},\"potentialAction\":[{\"@type\":\"SearchAction\",\"target\":{\"@type\":\"EntryPoint\",\"urlTemplate\":\"https:\\\/\\\/www.bellunopress.it\\\/?s={search_term_string}\"},\"query-input\":{\"@type\":\"PropertyValueSpecification\",\"valueRequired\":true,\"valueName\":\"search_term_string\"}}],\"inLanguage\":\"fr-FR\"},{\"@type\":\"Organization\",\"@id\":\"https:\\\/\\\/www.bellunopress.it\\\/#organization\",\"name\":\"Bellunopress\",\"url\":\"https:\\\/\\\/www.bellunopress.it\\\/\",\"logo\":{\"@type\":\"ImageObject\",\"inLanguage\":\"fr-FR\",\"@id\":\"https:\\\/\\\/www.bellunopress.it\\\/#\\\/schema\\\/logo\\\/image\\\/\",\"url\":\"https:\\\/\\\/www.bellunopress.it\\\/wp-content\\\/uploads\\\/2011\\\/05\\\/cropped-logo-bellunopress-.jpg\",\"contentUrl\":\"https:\\\/\\\/www.bellunopress.it\\\/wp-content\\\/uploads\\\/2011\\\/05\\\/cropped-logo-bellunopress-.jpg\",\"width\":512,\"height\":512,\"caption\":\"Bellunopress\"},\"image\":{\"@id\":\"https:\\\/\\\/www.bellunopress.it\\\/#\\\/schema\\\/logo\\\/image\\\/\"},\"sameAs\":[\"https:\\\/\\\/www.facebook.com\\\/profile.php?id=100008943462799\",\"https:\\\/\\\/x.com\\\/bellunopress\",\"https:\\\/\\\/www.linkedin.com\\\/hp\\\/?dnr=JBzUWaJfMUw8vbXJJ2tVW5-I3jZKvC4wsoxE&amp;amp;amp;amp;amp;amp;trk=nav_responsive_tab_home\",\"https:\\\/\\\/www.youtube.com\\\/channel\\\/UCxL0wu1uN0_3_7hGG0306cw\"]},{\"@type\":\"Person\",\"@id\":\"https:\\\/\\\/www.bellunopress.it\\\/#\\\/schema\\\/person\\\/79bb06722b37ece1c03d3e94beb30d73\",\"name\":\"redazione\",\"image\":{\"@type\":\"ImageObject\",\"inLanguage\":\"fr-FR\",\"@id\":\"https:\\\/\\\/secure.gravatar.com\\\/avatar\\\/37d968a2e67a6fd04c169c4bdef102d0bc5d31b2546345219e348575eb80e9a0?s=96&d=mm&r=g\",\"url\":\"https:\\\/\\\/secure.gravatar.com\\\/avatar\\\/37d968a2e67a6fd04c169c4bdef102d0bc5d31b2546345219e348575eb80e9a0?s=96&d=mm&r=g\",\"contentUrl\":\"https:\\\/\\\/secure.gravatar.com\\\/avatar\\\/37d968a2e67a6fd04c169c4bdef102d0bc5d31b2546345219e348575eb80e9a0?s=96&d=mm&r=g\",\"caption\":\"redazione\"},\"sameAs\":[\"http:\\\/\\\/www.bellunopress.it\",\"https:\\\/\\\/x.com\\\/bellunopress\"],\"url\":\"https:\\\/\\\/www.bellunopress.it\\\/fr\\\/author\\\/redazione\\\/\"}]}<\/script>\n<!-- \/ Yoast SEO plugin. -->","yoast_head_json":{"title":"Flavia Colle \u00e8 la nuova rappresentante della Provincia nel Cda della Fondazione Universit\u00e0 e Alta Cultura - Bellunopress - Dolomiti","robots":{"index":"index","follow":"follow","max-snippet":"max-snippet:-1","max-image-preview":"max-image-preview:large","max-video-preview":"max-video-preview:-1"},"canonical":"https:\/\/www.bellunopress.it\/fr\/2009\/12\/01\/flavia-colle-e-la-nuova-rappresentante-della-provincia-nel-cda-della-fondazione-universita-e-alta-cultura\/","og_locale":"fr_FR","og_type":"article","og_title":"Flavia Colle \u00e8 la nuova rappresentante della Provincia nel Cda della Fondazione Universit\u00e0 e Alta Cultura - Bellunopress - Dolomiti","og_description":"E\u2019 Flavia Colle la nuova rappresentante della Provincia di Belluno nel Consiglio di Amministrazione della Fondazione Universit\u00e0 ed Alta Cultura in Provincia di Belluno.\u00a0 La nomina, gi\u00e0 emersa in via ufficiosa nelle scorse settimane, \u00e8 stata ufficializzata nei giorni scorsi dall\u2019ente di Palazzo Piloni. Gi\u00e0 assessore alla cultura nella giunta provinciale guidata da Oscar De [&hellip;]","og_url":"https:\/\/www.bellunopress.it\/fr\/2009\/12\/01\/flavia-colle-e-la-nuova-rappresentante-della-provincia-nel-cda-della-fondazione-universita-e-alta-cultura\/","og_site_name":"Bellunopress - Dolomiti","article_publisher":"https:\/\/www.facebook.com\/profile.php?id=100008943462799","article_published_time":"2009-12-01T17:22:10+00:00","article_modified_time":"2009-12-01T17:28:27+00:00","og_image":[{"url":"http:\/\/www.bellunopress.it\/wp-content\/uploads\/2009\/12\/flavia-colle-presentaz-libro-sudafrica-3-nov-2007.jpg","type":"","width":"","height":""}],"author":"redazione","twitter_card":"summary_large_image","twitter_creator":"@bellunopress","twitter_site":"@bellunopress","twitter_misc":{"\u00c9crit par":"redazione","Dur\u00e9e de lecture estim\u00e9e":"1 minute"},"schema":{"@context":"https:\/\/schema.org","@graph":[{"@type":"Article","@id":"https:\/\/www.bellunopress.it\/2009\/12\/01\/flavia-colle-e-la-nuova-rappresentante-della-provincia-nel-cda-della-fondazione-universita-e-alta-cultura\/#article","isPartOf":{"@id":"https:\/\/www.bellunopress.it\/2009\/12\/01\/flavia-colle-e-la-nuova-rappresentante-della-provincia-nel-cda-della-fondazione-universita-e-alta-cultura\/"},"author":{"name":"redazione","@id":"https:\/\/www.bellunopress.it\/#\/schema\/person\/79bb06722b37ece1c03d3e94beb30d73"},"headline":"Flavia Colle \u00e8 la nuova rappresentante della Provincia nel Cda della Fondazione Universit\u00e0 e Alta Cultura","datePublished":"2009-12-01T17:22:10+00:00","dateModified":"2009-12-01T17:28:27+00:00","mainEntityOfPage":{"@id":"https:\/\/www.bellunopress.it\/2009\/12\/01\/flavia-colle-e-la-nuova-rappresentante-della-provincia-nel-cda-della-fondazione-universita-e-alta-cultura\/"},"wordCount":247,"publisher":{"@id":"https:\/\/www.bellunopress.it\/#organization"},"image":{"@id":"https:\/\/www.bellunopress.it\/2009\/12\/01\/flavia-colle-e-la-nuova-rappresentante-della-provincia-nel-cda-della-fondazione-universita-e-alta-cultura\/#primaryimage"},"thumbnailUrl":"http:\/\/www.bellunopress.it\/wp-content\/uploads\/2009\/12\/flavia-colle-presentaz-libro-sudafrica-3-nov-2007.jpg","keywords":["Belluno"],"articleSection":["Arte, Cultura, Spettacoli, Scienza","Cronaca\/Politica","Prima Pagina","Scuola"],"inLanguage":"fr-FR"},{"@type":"WebPage","@id":"https:\/\/www.bellunopress.it\/2009\/12\/01\/flavia-colle-e-la-nuova-rappresentante-della-provincia-nel-cda-della-fondazione-universita-e-alta-cultura\/","url":"https:\/\/www.bellunopress.it\/2009\/12\/01\/flavia-colle-e-la-nuova-rappresentante-della-provincia-nel-cda-della-fondazione-universita-e-alta-cultura\/","name":"Flavia Colle \u00e8 la nuova rappresentante della Provincia nel Cda della Fondazione Universit\u00e0 e Alta Cultura - Bellunopress - Dolomiti","isPartOf":{"@id":"https:\/\/www.bellunopress.it\/#website"},"primaryImageOfPage":{"@id":"https:\/\/www.bellunopress.it\/2009\/12\/01\/flavia-colle-e-la-nuova-rappresentante-della-provincia-nel-cda-della-fondazione-universita-e-alta-cultura\/#primaryimage"},"image":{"@id":"https:\/\/www.bellunopress.it\/2009\/12\/01\/flavia-colle-e-la-nuova-rappresentante-della-provincia-nel-cda-della-fondazione-universita-e-alta-cultura\/#primaryimage"},"thumbnailUrl":"http:\/\/www.bellunopress.it\/wp-content\/uploads\/2009\/12\/flavia-colle-presentaz-libro-sudafrica-3-nov-2007.jpg","datePublished":"2009-12-01T17:22:10+00:00","dateModified":"2009-12-01T17:28:27+00:00","breadcrumb":{"@id":"https:\/\/www.bellunopress.it\/2009\/12\/01\/flavia-colle-e-la-nuova-rappresentante-della-provincia-nel-cda-della-fondazione-universita-e-alta-cultura\/#breadcrumb"},"inLanguage":"fr-FR","potentialAction":[{"@type":"ReadAction","target":["https:\/\/www.bellunopress.it\/2009\/12\/01\/flavia-colle-e-la-nuova-rappresentante-della-provincia-nel-cda-della-fondazione-universita-e-alta-cultura\/"]}]},{"@type":"ImageObject","inLanguage":"fr-FR","@id":"https:\/\/www.bellunopress.it\/2009\/12\/01\/flavia-colle-e-la-nuova-rappresentante-della-provincia-nel-cda-della-fondazione-universita-e-alta-cultura\/#primaryimage","url":"http:\/\/www.bellunopress.it\/wp-content\/uploads\/2009\/12\/flavia-colle-presentaz-libro-sudafrica-3-nov-2007.jpg","contentUrl":"http:\/\/www.bellunopress.it\/wp-content\/uploads\/2009\/12\/flavia-colle-presentaz-libro-sudafrica-3-nov-2007.jpg"},{"@type":"BreadcrumbList","@id":"https:\/\/www.bellunopress.it\/2009\/12\/01\/flavia-colle-e-la-nuova-rappresentante-della-provincia-nel-cda-della-fondazione-universita-e-alta-cultura\/#breadcrumb","itemListElement":[{"@type":"ListItem","position":1,"name":"Home","item":"https:\/\/www.bellunopress.it\/"},{"@type":"ListItem","position":2,"name":"Flavia Colle \u00e8 la nuova rappresentante della Provincia nel Cda della Fondazione Universit\u00e0 e Alta Cultura"}]},{"@type":"WebSite","@id":"https:\/\/www.bellunopress.it\/#website","url":"https:\/\/www.bellunopress.it\/","name":"Bellunopress - Dolomiti","description":"e-mail: redazione@bellunopress.it","publisher":{"@id":"https:\/\/www.bellunopress.it\/#organization"},"potentialAction":[{"@type":"SearchAction","target":{"@type":"EntryPoint","urlTemplate":"https:\/\/www.bellunopress.it\/?s={search_term_string}"},"query-input":{"@type":"PropertyValueSpecification","valueRequired":true,"valueName":"search_term_string"}}],"inLanguage":"fr-FR"},{"@type":"Organization","@id":"https:\/\/www.bellunopress.it\/#organization","name":"Bellunopress","url":"https:\/\/www.bellunopress.it\/","logo":{"@type":"ImageObject","inLanguage":"fr-FR","@id":"https:\/\/www.bellunopress.it\/#\/schema\/logo\/image\/","url":"https:\/\/www.bellunopress.it\/wp-content\/uploads\/2011\/05\/cropped-logo-bellunopress-.jpg","contentUrl":"https:\/\/www.bellunopress.it\/wp-content\/uploads\/2011\/05\/cropped-logo-bellunopress-.jpg","width":512,"height":512,"caption":"Bellunopress"},"image":{"@id":"https:\/\/www.bellunopress.it\/#\/schema\/logo\/image\/"},"sameAs":["https:\/\/www.facebook.com\/profile.php?id=100008943462799","https:\/\/x.com\/bellunopress","https:\/\/www.linkedin.com\/hp\/?dnr=JBzUWaJfMUw8vbXJJ2tVW5-I3jZKvC4wsoxE&amp;amp;amp;amp;amp;amp;trk=nav_responsive_tab_home","https:\/\/www.youtube.com\/channel\/UCxL0wu1uN0_3_7hGG0306cw"]},{"@type":"Person","@id":"https:\/\/www.bellunopress.it\/#\/schema\/person\/79bb06722b37ece1c03d3e94beb30d73","name":"r\u00e9daction","image":{"@type":"ImageObject","inLanguage":"fr-FR","@id":"https:\/\/secure.gravatar.com\/avatar\/37d968a2e67a6fd04c169c4bdef102d0bc5d31b2546345219e348575eb80e9a0?s=96&d=mm&r=g","url":"https:\/\/secure.gravatar.com\/avatar\/37d968a2e67a6fd04c169c4bdef102d0bc5d31b2546345219e348575eb80e9a0?s=96&d=mm&r=g","contentUrl":"https:\/\/secure.gravatar.com\/avatar\/37d968a2e67a6fd04c169c4bdef102d0bc5d31b2546345219e348575eb80e9a0?s=96&d=mm&r=g","caption":"redazione"},"sameAs":["http:\/\/www.bellunopress.it","https:\/\/x.com\/bellunopress"],"url":"https:\/\/www.bellunopress.it\/fr\/author\/redazione\/"}]}},"_links":{"self":[{"href":"https:\/\/www.bellunopress.it\/fr\/wp-json\/wp\/v2\/posts\/10236","targetHints":{"allow":["GET"]}}],"collection":[{"href":"https:\/\/www.bellunopress.it\/fr\/wp-json\/wp\/v2\/posts"}],"about":[{"href":"https:\/\/www.bellunopress.it\/fr\/wp-json\/wp\/v2\/types\/post"}],"author":[{"embeddable":true,"href":"https:\/\/www.bellunopress.it\/fr\/wp-json\/wp\/v2\/users\/2"}],"replies":[{"embeddable":true,"href":"https:\/\/www.bellunopress.it\/fr\/wp-json\/wp\/v2\/comments?post=10236"}],"version-history":[{"count":3,"href":"https:\/\/www.bellunopress.it\/fr\/wp-json\/wp\/v2\/posts\/10236\/revisions"}],"predecessor-version":[{"id":10240,"href":"https:\/\/www.bellunopress.it\/fr\/wp-json\/wp\/v2\/posts\/10236\/revisions\/10240"}],"wp:attachment":[{"href":"https:\/\/www.bellunopress.it\/fr\/wp-json\/wp\/v2\/media?parent=10236"}],"wp:term":[{"taxonomy":"category","embeddable":true,"href":"https:\/\/www.bellunopress.it\/fr\/wp-json\/wp\/v2\/categories?post=10236"},{"taxonomy":"post_tag","embeddable":true,"href":"https:\/\/www.bellunopress.it\/fr\/wp-json\/wp\/v2\/tags?post=10236"}],"curies":[{"name":"wp","href":"https:\/\/api.w.org\/{rel}","templated":true}]}}