{"id":10231,"date":"2009-12-01T18:12:48","date_gmt":"2009-12-01T17:12:48","guid":{"rendered":"http:\/\/www.bellunopress.it\/?p=10231"},"modified":"2009-12-01T18:15:34","modified_gmt":"2009-12-01T17:15:34","slug":"non-calpestare-i-nostri-diritti-il-libro-dellunicef-letto-ai-bambini-di-castion","status":"publish","type":"post","link":"https:\/\/www.bellunopress.it\/fr\/2009\/12\/01\/non-calpestare-i-nostri-diritti-il-libro-dellunicef-letto-ai-bambini-di-castion\/","title":{"rendered":"&#8220;Non calpestare i nostri diritti&#8221;, il libro dell&#8217;Unicef letto ai bambini di Castion"},"content":{"rendered":"<p><a href=\"http:\/\/www.bellunopress.it\/wp-content\/uploads\/2009\/12\/non-calpestate-i-nostri-diritti-piemme-leggera.jpg\"><img loading=\"lazy\" decoding=\"async\" class=\"alignleft size-medium wp-image-10233\" title=\"non-calpestate-i-nostri-diritti-piemme-leggera\" src=\"http:\/\/www.bellunopress.it\/wp-content\/uploads\/2009\/12\/non-calpestate-i-nostri-diritti-piemme-leggera.jpg\" alt=\"\" width=\"180\" height=\"255\" \/><\/a>luned\u00ec scorso, 30 novembre, nella biblioteca della scuola elementare di Castion, si \u00e8 svolto un altro degli incontri di lettura della rassegna \u201cleggimi una storia\u201d rivolti ai bambini delle elementari. E&#8217; stato letto il libro &#8220;Non calpestate i nostri diritti\u201d, volume realizzato con il contributo dell\u2019Unicef per i venti anni della Convenzione dei diritti dei diritti dell\u2019infanzia e della adolescenza, conosciuta anche come Convenzione dei diritti del fanciullo, che si \u00e8 celebrata lo scorso 20 novembre, costituir\u00e0 occasione per i bambini per riflettere sui loro diritti fondamentali. Il libro raccoglie dieci racconti, ispirati ai diritti del fanciullo che, venti anni fa, a New York, vennero sanciti nella\u00a0 Convenzione che prende il nome dalla citt\u00e0 in cui venne siglata. La Convenzione, che venne ratificata dall\u2019Italia\u00a0 nel 2001, afferma il principio del \u201cprimario interesse del fanciullo\u201d, introducendo cos\u00ec un nuovo modo di guardare il mondo: con gli occhi dei bambini. Attraverso i racconti contenuti nel libro \u201cLeggimi una storia\u201d, i bambini prenderanno confidenza con i loro diritti. Comprenderanno che avere un nome, una famiglia, poter esprimere il proprio pensiero e andare a scuola, costituiscono loro diritti fondamentali al pari della vita e della salute. I racconti sono scritti da 10 autori diversi, quali Roberto Piumini, Guido Sgardoli &#8211; che gi\u00e0 \u00e8 stato presente all&#8217;iniziativa del Comitato Genitori di Castion &#8211;\u00a0 Pina Varriale, Vivian Lamarque, Lia Levi, Loredana Frescura,\u00a0 Erminia Dell&#8217;Oro, Anna Lavatelli, Elena Mora e Anna Vivarelli e sono introdotti da una prefazione di Clio\u00a0 Napolitano e conclusi dal testo della Convenzione spiegato da Bianca Pitzorno. Con questo nuovo appuntamento, la rassegna di letture ad alta voce \u201cLeggimi una storia\u201d conferma la propria caratteristica di unire il momento del gioco e del divertimento a quello dell\u2019approfondimento e della riflessione. L\u2019educazione ludica, ovvero la possibilit\u00e0 di imparare giocando, costituisce la sottile ma sempre presente linea di\u00a0 pensiero che fa da trait d\u2019union di tutti gli incontri di lettura per bambini che il Comitato Genitori promuove. Alla lettura \u00e8 seguito il dibattito dei bambini e la giornata si \u00e8 conclusa, come ghiotta abitudine, con una merenda offerta a tutti i partecipanti.<\/p>","protected":false},"excerpt":{"rendered":"<p>luned\u00ec scorso, 30 novembre, nella biblioteca della scuola elementare di Castion, si \u00e8 svolto un altro degli incontri di lettura della rassegna \u201cleggimi una storia\u201d rivolti ai bambini delle elementari. E&#8217; stato letto il libro &#8220;Non calpestate i nostri diritti\u201d, volume realizzato con il contributo dell\u2019Unicef per i venti anni della Convenzione dei diritti dei [&hellip;]<\/p>\n","protected":false},"author":2,"featured_media":0,"comment_status":"closed","ping_status":"open","sticky":false,"template":"","format":"standard","meta":{"footnotes":""},"categories":[3,25,15],"tags":[139],"class_list":["post-10231","post","type-post","status-publish","format-standard","category-arte-cultura-spettacoli-scienza-archivi","category-pausa-caffe","category-scuola","tag-belluno"],"yoast_head":"<!-- This site is optimized with the Yoast SEO plugin v28.4 - https:\/\/yoast.com\/product\/yoast-seo-wordpress\/ -->\n<title>&quot;Non calpestare i nostri diritti&quot;, il libro dell&#039;Unicef letto ai bambini di Castion - Bellunopress - Dolomiti<\/title>\n<meta name=\"robots\" content=\"index, follow, max-snippet:-1, max-image-preview:large, max-video-preview:-1\" \/>\n<link rel=\"canonical\" href=\"https:\/\/www.bellunopress.it\/fr\/2009\/12\/01\/non-calpestare-i-nostri-diritti-il-libro-dellunicef-letto-ai-bambini-di-castion\/\" \/>\n<meta property=\"og:locale\" content=\"fr_FR\" \/>\n<meta property=\"og:type\" content=\"article\" \/>\n<meta property=\"og:title\" content=\"&quot;Non calpestare i nostri diritti&quot;, il libro dell&#039;Unicef letto ai bambini di Castion - Bellunopress - Dolomiti\" \/>\n<meta property=\"og:description\" content=\"luned\u00ec scorso, 30 novembre, nella biblioteca della scuola elementare di Castion, si \u00e8 svolto un altro degli incontri di lettura della rassegna \u201cleggimi una storia\u201d rivolti ai bambini delle elementari. E&#8217; stato letto il libro &#8220;Non calpestate i nostri diritti\u201d, volume realizzato con il contributo dell\u2019Unicef per i venti anni della Convenzione dei diritti dei [&hellip;]\" \/>\n<meta property=\"og:url\" content=\"https:\/\/www.bellunopress.it\/fr\/2009\/12\/01\/non-calpestare-i-nostri-diritti-il-libro-dellunicef-letto-ai-bambini-di-castion\/\" \/>\n<meta property=\"og:site_name\" content=\"Bellunopress - Dolomiti\" \/>\n<meta property=\"article:publisher\" content=\"https:\/\/www.facebook.com\/profile.php?id=100008943462799\" \/>\n<meta property=\"article:published_time\" content=\"2009-12-01T17:12:48+00:00\" \/>\n<meta property=\"article:modified_time\" content=\"2009-12-01T17:15:34+00:00\" \/>\n<meta property=\"og:image\" content=\"http:\/\/www.bellunopress.it\/wp-content\/uploads\/2009\/12\/non-calpestate-i-nostri-diritti-piemme-leggera.jpg\" \/>\n<meta name=\"author\" content=\"redazione\" \/>\n<meta name=\"twitter:card\" content=\"summary_large_image\" \/>\n<meta name=\"twitter:creator\" content=\"@bellunopress\" \/>\n<meta name=\"twitter:site\" content=\"@bellunopress\" \/>\n<meta name=\"twitter:label1\" content=\"\u00c9crit par\" \/>\n\t<meta name=\"twitter:data1\" content=\"redazione\" \/>\n\t<meta name=\"twitter:label2\" content=\"Dur\u00e9e de lecture estim\u00e9e\" \/>\n\t<meta name=\"twitter:data2\" content=\"2 minutes\" \/>\n<script type=\"application\/ld+json\" class=\"yoast-schema-graph\">{\"@context\":\"https:\\\/\\\/schema.org\",\"@graph\":[{\"@type\":\"Article\",\"@id\":\"https:\\\/\\\/www.bellunopress.it\\\/2009\\\/12\\\/01\\\/non-calpestare-i-nostri-diritti-il-libro-dellunicef-letto-ai-bambini-di-castion\\\/#article\",\"isPartOf\":{\"@id\":\"https:\\\/\\\/www.bellunopress.it\\\/2009\\\/12\\\/01\\\/non-calpestare-i-nostri-diritti-il-libro-dellunicef-letto-ai-bambini-di-castion\\\/\"},\"author\":{\"name\":\"redazione\",\"@id\":\"https:\\\/\\\/www.bellunopress.it\\\/#\\\/schema\\\/person\\\/79bb06722b37ece1c03d3e94beb30d73\"},\"headline\":\"&#8220;Non calpestare i nostri diritti&#8221;, il libro dell&#8217;Unicef letto ai bambini di Castion\",\"datePublished\":\"2009-12-01T17:12:48+00:00\",\"dateModified\":\"2009-12-01T17:15:34+00:00\",\"mainEntityOfPage\":{\"@id\":\"https:\\\/\\\/www.bellunopress.it\\\/2009\\\/12\\\/01\\\/non-calpestare-i-nostri-diritti-il-libro-dellunicef-letto-ai-bambini-di-castion\\\/\"},\"wordCount\":360,\"publisher\":{\"@id\":\"https:\\\/\\\/www.bellunopress.it\\\/#organization\"},\"image\":{\"@id\":\"https:\\\/\\\/www.bellunopress.it\\\/2009\\\/12\\\/01\\\/non-calpestare-i-nostri-diritti-il-libro-dellunicef-letto-ai-bambini-di-castion\\\/#primaryimage\"},\"thumbnailUrl\":\"http:\\\/\\\/www.bellunopress.it\\\/wp-content\\\/uploads\\\/2009\\\/12\\\/non-calpestate-i-nostri-diritti-piemme-leggera.jpg\",\"keywords\":[\"Belluno\"],\"articleSection\":[\"Arte, Cultura, Spettacoli, Scienza\",\"Pausa Caff\u00e8\",\"Scuola\"],\"inLanguage\":\"fr-FR\"},{\"@type\":\"WebPage\",\"@id\":\"https:\\\/\\\/www.bellunopress.it\\\/2009\\\/12\\\/01\\\/non-calpestare-i-nostri-diritti-il-libro-dellunicef-letto-ai-bambini-di-castion\\\/\",\"url\":\"https:\\\/\\\/www.bellunopress.it\\\/2009\\\/12\\\/01\\\/non-calpestare-i-nostri-diritti-il-libro-dellunicef-letto-ai-bambini-di-castion\\\/\",\"name\":\"\\\"Non calpestare i nostri diritti\\\", il libro dell'Unicef letto ai bambini di Castion - Bellunopress - Dolomiti\",\"isPartOf\":{\"@id\":\"https:\\\/\\\/www.bellunopress.it\\\/#website\"},\"primaryImageOfPage\":{\"@id\":\"https:\\\/\\\/www.bellunopress.it\\\/2009\\\/12\\\/01\\\/non-calpestare-i-nostri-diritti-il-libro-dellunicef-letto-ai-bambini-di-castion\\\/#primaryimage\"},\"image\":{\"@id\":\"https:\\\/\\\/www.bellunopress.it\\\/2009\\\/12\\\/01\\\/non-calpestare-i-nostri-diritti-il-libro-dellunicef-letto-ai-bambini-di-castion\\\/#primaryimage\"},\"thumbnailUrl\":\"http:\\\/\\\/www.bellunopress.it\\\/wp-content\\\/uploads\\\/2009\\\/12\\\/non-calpestate-i-nostri-diritti-piemme-leggera.jpg\",\"datePublished\":\"2009-12-01T17:12:48+00:00\",\"dateModified\":\"2009-12-01T17:15:34+00:00\",\"breadcrumb\":{\"@id\":\"https:\\\/\\\/www.bellunopress.it\\\/2009\\\/12\\\/01\\\/non-calpestare-i-nostri-diritti-il-libro-dellunicef-letto-ai-bambini-di-castion\\\/#breadcrumb\"},\"inLanguage\":\"fr-FR\",\"potentialAction\":[{\"@type\":\"ReadAction\",\"target\":[\"https:\\\/\\\/www.bellunopress.it\\\/2009\\\/12\\\/01\\\/non-calpestare-i-nostri-diritti-il-libro-dellunicef-letto-ai-bambini-di-castion\\\/\"]}]},{\"@type\":\"ImageObject\",\"inLanguage\":\"fr-FR\",\"@id\":\"https:\\\/\\\/www.bellunopress.it\\\/2009\\\/12\\\/01\\\/non-calpestare-i-nostri-diritti-il-libro-dellunicef-letto-ai-bambini-di-castion\\\/#primaryimage\",\"url\":\"http:\\\/\\\/www.bellunopress.it\\\/wp-content\\\/uploads\\\/2009\\\/12\\\/non-calpestate-i-nostri-diritti-piemme-leggera.jpg\",\"contentUrl\":\"http:\\\/\\\/www.bellunopress.it\\\/wp-content\\\/uploads\\\/2009\\\/12\\\/non-calpestate-i-nostri-diritti-piemme-leggera.jpg\"},{\"@type\":\"BreadcrumbList\",\"@id\":\"https:\\\/\\\/www.bellunopress.it\\\/2009\\\/12\\\/01\\\/non-calpestare-i-nostri-diritti-il-libro-dellunicef-letto-ai-bambini-di-castion\\\/#breadcrumb\",\"itemListElement\":[{\"@type\":\"ListItem\",\"position\":1,\"name\":\"Home\",\"item\":\"https:\\\/\\\/www.bellunopress.it\\\/\"},{\"@type\":\"ListItem\",\"position\":2,\"name\":\"&#8220;Non calpestare i nostri diritti&#8221;, il libro dell&#8217;Unicef letto ai bambini di Castion\"}]},{\"@type\":\"WebSite\",\"@id\":\"https:\\\/\\\/www.bellunopress.it\\\/#website\",\"url\":\"https:\\\/\\\/www.bellunopress.it\\\/\",\"name\":\"Bellunopress - Dolomiti\",\"description\":\"e-mail: redazione@bellunopress.it\",\"publisher\":{\"@id\":\"https:\\\/\\\/www.bellunopress.it\\\/#organization\"},\"potentialAction\":[{\"@type\":\"SearchAction\",\"target\":{\"@type\":\"EntryPoint\",\"urlTemplate\":\"https:\\\/\\\/www.bellunopress.it\\\/?s={search_term_string}\"},\"query-input\":{\"@type\":\"PropertyValueSpecification\",\"valueRequired\":true,\"valueName\":\"search_term_string\"}}],\"inLanguage\":\"fr-FR\"},{\"@type\":\"Organization\",\"@id\":\"https:\\\/\\\/www.bellunopress.it\\\/#organization\",\"name\":\"Bellunopress\",\"url\":\"https:\\\/\\\/www.bellunopress.it\\\/\",\"logo\":{\"@type\":\"ImageObject\",\"inLanguage\":\"fr-FR\",\"@id\":\"https:\\\/\\\/www.bellunopress.it\\\/#\\\/schema\\\/logo\\\/image\\\/\",\"url\":\"https:\\\/\\\/www.bellunopress.it\\\/wp-content\\\/uploads\\\/2011\\\/05\\\/cropped-logo-bellunopress-.jpg\",\"contentUrl\":\"https:\\\/\\\/www.bellunopress.it\\\/wp-content\\\/uploads\\\/2011\\\/05\\\/cropped-logo-bellunopress-.jpg\",\"width\":512,\"height\":512,\"caption\":\"Bellunopress\"},\"image\":{\"@id\":\"https:\\\/\\\/www.bellunopress.it\\\/#\\\/schema\\\/logo\\\/image\\\/\"},\"sameAs\":[\"https:\\\/\\\/www.facebook.com\\\/profile.php?id=100008943462799\",\"https:\\\/\\\/x.com\\\/bellunopress\",\"https:\\\/\\\/www.linkedin.com\\\/hp\\\/?dnr=JBzUWaJfMUw8vbXJJ2tVW5-I3jZKvC4wsoxE&amp;amp;amp;amp;amp;amp;trk=nav_responsive_tab_home\",\"https:\\\/\\\/www.youtube.com\\\/channel\\\/UCxL0wu1uN0_3_7hGG0306cw\"]},{\"@type\":\"Person\",\"@id\":\"https:\\\/\\\/www.bellunopress.it\\\/#\\\/schema\\\/person\\\/79bb06722b37ece1c03d3e94beb30d73\",\"name\":\"redazione\",\"image\":{\"@type\":\"ImageObject\",\"inLanguage\":\"fr-FR\",\"@id\":\"https:\\\/\\\/secure.gravatar.com\\\/avatar\\\/37d968a2e67a6fd04c169c4bdef102d0bc5d31b2546345219e348575eb80e9a0?s=96&d=mm&r=g\",\"url\":\"https:\\\/\\\/secure.gravatar.com\\\/avatar\\\/37d968a2e67a6fd04c169c4bdef102d0bc5d31b2546345219e348575eb80e9a0?s=96&d=mm&r=g\",\"contentUrl\":\"https:\\\/\\\/secure.gravatar.com\\\/avatar\\\/37d968a2e67a6fd04c169c4bdef102d0bc5d31b2546345219e348575eb80e9a0?s=96&d=mm&r=g\",\"caption\":\"redazione\"},\"sameAs\":[\"http:\\\/\\\/www.bellunopress.it\",\"https:\\\/\\\/x.com\\\/bellunopress\"],\"url\":\"https:\\\/\\\/www.bellunopress.it\\\/fr\\\/author\\\/redazione\\\/\"}]}<\/script>\n<!-- \/ Yoast SEO plugin. -->","yoast_head_json":{"title":"\"Non calpestare i nostri diritti\", il libro dell'Unicef letto ai bambini di Castion - Bellunopress - Dolomiti","robots":{"index":"index","follow":"follow","max-snippet":"max-snippet:-1","max-image-preview":"max-image-preview:large","max-video-preview":"max-video-preview:-1"},"canonical":"https:\/\/www.bellunopress.it\/fr\/2009\/12\/01\/non-calpestare-i-nostri-diritti-il-libro-dellunicef-letto-ai-bambini-di-castion\/","og_locale":"fr_FR","og_type":"article","og_title":"\"Non calpestare i nostri diritti\", il libro dell'Unicef letto ai bambini di Castion - Bellunopress - Dolomiti","og_description":"luned\u00ec scorso, 30 novembre, nella biblioteca della scuola elementare di Castion, si \u00e8 svolto un altro degli incontri di lettura della rassegna \u201cleggimi una storia\u201d rivolti ai bambini delle elementari. E&#8217; stato letto il libro &#8220;Non calpestate i nostri diritti\u201d, volume realizzato con il contributo dell\u2019Unicef per i venti anni della Convenzione dei diritti dei [&hellip;]","og_url":"https:\/\/www.bellunopress.it\/fr\/2009\/12\/01\/non-calpestare-i-nostri-diritti-il-libro-dellunicef-letto-ai-bambini-di-castion\/","og_site_name":"Bellunopress - Dolomiti","article_publisher":"https:\/\/www.facebook.com\/profile.php?id=100008943462799","article_published_time":"2009-12-01T17:12:48+00:00","article_modified_time":"2009-12-01T17:15:34+00:00","og_image":[{"url":"http:\/\/www.bellunopress.it\/wp-content\/uploads\/2009\/12\/non-calpestate-i-nostri-diritti-piemme-leggera.jpg","type":"","width":"","height":""}],"author":"redazione","twitter_card":"summary_large_image","twitter_creator":"@bellunopress","twitter_site":"@bellunopress","twitter_misc":{"\u00c9crit par":"redazione","Dur\u00e9e de lecture estim\u00e9e":"2 minutes"},"schema":{"@context":"https:\/\/schema.org","@graph":[{"@type":"Article","@id":"https:\/\/www.bellunopress.it\/2009\/12\/01\/non-calpestare-i-nostri-diritti-il-libro-dellunicef-letto-ai-bambini-di-castion\/#article","isPartOf":{"@id":"https:\/\/www.bellunopress.it\/2009\/12\/01\/non-calpestare-i-nostri-diritti-il-libro-dellunicef-letto-ai-bambini-di-castion\/"},"author":{"name":"redazione","@id":"https:\/\/www.bellunopress.it\/#\/schema\/person\/79bb06722b37ece1c03d3e94beb30d73"},"headline":"&#8220;Non calpestare i nostri diritti&#8221;, il libro dell&#8217;Unicef letto ai bambini di Castion","datePublished":"2009-12-01T17:12:48+00:00","dateModified":"2009-12-01T17:15:34+00:00","mainEntityOfPage":{"@id":"https:\/\/www.bellunopress.it\/2009\/12\/01\/non-calpestare-i-nostri-diritti-il-libro-dellunicef-letto-ai-bambini-di-castion\/"},"wordCount":360,"publisher":{"@id":"https:\/\/www.bellunopress.it\/#organization"},"image":{"@id":"https:\/\/www.bellunopress.it\/2009\/12\/01\/non-calpestare-i-nostri-diritti-il-libro-dellunicef-letto-ai-bambini-di-castion\/#primaryimage"},"thumbnailUrl":"http:\/\/www.bellunopress.it\/wp-content\/uploads\/2009\/12\/non-calpestate-i-nostri-diritti-piemme-leggera.jpg","keywords":["Belluno"],"articleSection":["Arte, Cultura, Spettacoli, Scienza","Pausa Caff\u00e8","Scuola"],"inLanguage":"fr-FR"},{"@type":"WebPage","@id":"https:\/\/www.bellunopress.it\/2009\/12\/01\/non-calpestare-i-nostri-diritti-il-libro-dellunicef-letto-ai-bambini-di-castion\/","url":"https:\/\/www.bellunopress.it\/2009\/12\/01\/non-calpestare-i-nostri-diritti-il-libro-dellunicef-letto-ai-bambini-di-castion\/","name":"\"Non calpestare i nostri diritti\", il libro dell'Unicef letto ai bambini di Castion - Bellunopress - Dolomiti","isPartOf":{"@id":"https:\/\/www.bellunopress.it\/#website"},"primaryImageOfPage":{"@id":"https:\/\/www.bellunopress.it\/2009\/12\/01\/non-calpestare-i-nostri-diritti-il-libro-dellunicef-letto-ai-bambini-di-castion\/#primaryimage"},"image":{"@id":"https:\/\/www.bellunopress.it\/2009\/12\/01\/non-calpestare-i-nostri-diritti-il-libro-dellunicef-letto-ai-bambini-di-castion\/#primaryimage"},"thumbnailUrl":"http:\/\/www.bellunopress.it\/wp-content\/uploads\/2009\/12\/non-calpestate-i-nostri-diritti-piemme-leggera.jpg","datePublished":"2009-12-01T17:12:48+00:00","dateModified":"2009-12-01T17:15:34+00:00","breadcrumb":{"@id":"https:\/\/www.bellunopress.it\/2009\/12\/01\/non-calpestare-i-nostri-diritti-il-libro-dellunicef-letto-ai-bambini-di-castion\/#breadcrumb"},"inLanguage":"fr-FR","potentialAction":[{"@type":"ReadAction","target":["https:\/\/www.bellunopress.it\/2009\/12\/01\/non-calpestare-i-nostri-diritti-il-libro-dellunicef-letto-ai-bambini-di-castion\/"]}]},{"@type":"ImageObject","inLanguage":"fr-FR","@id":"https:\/\/www.bellunopress.it\/2009\/12\/01\/non-calpestare-i-nostri-diritti-il-libro-dellunicef-letto-ai-bambini-di-castion\/#primaryimage","url":"http:\/\/www.bellunopress.it\/wp-content\/uploads\/2009\/12\/non-calpestate-i-nostri-diritti-piemme-leggera.jpg","contentUrl":"http:\/\/www.bellunopress.it\/wp-content\/uploads\/2009\/12\/non-calpestate-i-nostri-diritti-piemme-leggera.jpg"},{"@type":"BreadcrumbList","@id":"https:\/\/www.bellunopress.it\/2009\/12\/01\/non-calpestare-i-nostri-diritti-il-libro-dellunicef-letto-ai-bambini-di-castion\/#breadcrumb","itemListElement":[{"@type":"ListItem","position":1,"name":"Home","item":"https:\/\/www.bellunopress.it\/"},{"@type":"ListItem","position":2,"name":"&#8220;Non calpestare i nostri diritti&#8221;, il libro dell&#8217;Unicef letto ai bambini di Castion"}]},{"@type":"WebSite","@id":"https:\/\/www.bellunopress.it\/#website","url":"https:\/\/www.bellunopress.it\/","name":"Bellunopress - Dolomiti","description":"e-mail: redazione@bellunopress.it","publisher":{"@id":"https:\/\/www.bellunopress.it\/#organization"},"potentialAction":[{"@type":"SearchAction","target":{"@type":"EntryPoint","urlTemplate":"https:\/\/www.bellunopress.it\/?s={search_term_string}"},"query-input":{"@type":"PropertyValueSpecification","valueRequired":true,"valueName":"search_term_string"}}],"inLanguage":"fr-FR"},{"@type":"Organization","@id":"https:\/\/www.bellunopress.it\/#organization","name":"Bellunopress","url":"https:\/\/www.bellunopress.it\/","logo":{"@type":"ImageObject","inLanguage":"fr-FR","@id":"https:\/\/www.bellunopress.it\/#\/schema\/logo\/image\/","url":"https:\/\/www.bellunopress.it\/wp-content\/uploads\/2011\/05\/cropped-logo-bellunopress-.jpg","contentUrl":"https:\/\/www.bellunopress.it\/wp-content\/uploads\/2011\/05\/cropped-logo-bellunopress-.jpg","width":512,"height":512,"caption":"Bellunopress"},"image":{"@id":"https:\/\/www.bellunopress.it\/#\/schema\/logo\/image\/"},"sameAs":["https:\/\/www.facebook.com\/profile.php?id=100008943462799","https:\/\/x.com\/bellunopress","https:\/\/www.linkedin.com\/hp\/?dnr=JBzUWaJfMUw8vbXJJ2tVW5-I3jZKvC4wsoxE&amp;amp;amp;amp;amp;amp;trk=nav_responsive_tab_home","https:\/\/www.youtube.com\/channel\/UCxL0wu1uN0_3_7hGG0306cw"]},{"@type":"Person","@id":"https:\/\/www.bellunopress.it\/#\/schema\/person\/79bb06722b37ece1c03d3e94beb30d73","name":"r\u00e9daction","image":{"@type":"ImageObject","inLanguage":"fr-FR","@id":"https:\/\/secure.gravatar.com\/avatar\/37d968a2e67a6fd04c169c4bdef102d0bc5d31b2546345219e348575eb80e9a0?s=96&d=mm&r=g","url":"https:\/\/secure.gravatar.com\/avatar\/37d968a2e67a6fd04c169c4bdef102d0bc5d31b2546345219e348575eb80e9a0?s=96&d=mm&r=g","contentUrl":"https:\/\/secure.gravatar.com\/avatar\/37d968a2e67a6fd04c169c4bdef102d0bc5d31b2546345219e348575eb80e9a0?s=96&d=mm&r=g","caption":"redazione"},"sameAs":["http:\/\/www.bellunopress.it","https:\/\/x.com\/bellunopress"],"url":"https:\/\/www.bellunopress.it\/fr\/author\/redazione\/"}]}},"_links":{"self":[{"href":"https:\/\/www.bellunopress.it\/fr\/wp-json\/wp\/v2\/posts\/10231","targetHints":{"allow":["GET"]}}],"collection":[{"href":"https:\/\/www.bellunopress.it\/fr\/wp-json\/wp\/v2\/posts"}],"about":[{"href":"https:\/\/www.bellunopress.it\/fr\/wp-json\/wp\/v2\/types\/post"}],"author":[{"embeddable":true,"href":"https:\/\/www.bellunopress.it\/fr\/wp-json\/wp\/v2\/users\/2"}],"replies":[{"embeddable":true,"href":"https:\/\/www.bellunopress.it\/fr\/wp-json\/wp\/v2\/comments?post=10231"}],"version-history":[{"count":3,"href":"https:\/\/www.bellunopress.it\/fr\/wp-json\/wp\/v2\/posts\/10231\/revisions"}],"predecessor-version":[{"id":10235,"href":"https:\/\/www.bellunopress.it\/fr\/wp-json\/wp\/v2\/posts\/10231\/revisions\/10235"}],"wp:attachment":[{"href":"https:\/\/www.bellunopress.it\/fr\/wp-json\/wp\/v2\/media?parent=10231"}],"wp:term":[{"taxonomy":"category","embeddable":true,"href":"https:\/\/www.bellunopress.it\/fr\/wp-json\/wp\/v2\/categories?post=10231"},{"taxonomy":"post_tag","embeddable":true,"href":"https:\/\/www.bellunopress.it\/fr\/wp-json\/wp\/v2\/tags?post=10231"}],"curies":[{"name":"wp","href":"https:\/\/api.w.org\/{rel}","templated":true}]}}