{"id":10229,"date":"2009-12-01T18:04:21","date_gmt":"2009-12-01T17:04:21","guid":{"rendered":"http:\/\/www.bellunopress.it\/?p=10229"},"modified":"2009-12-01T18:04:21","modified_gmt":"2009-12-01T17:04:21","slug":"landamento-della-nuova-influenza-ah1n1-luls-1-informa-i-cittadini","status":"publish","type":"post","link":"https:\/\/www.bellunopress.it\/fr\/2009\/12\/01\/landamento-della-nuova-influenza-ah1n1-luls-1-informa-i-cittadini\/","title":{"rendered":"L&#8217;andamento della nuova influenza A(H1N1). L&#8217;Uls 1 informa i cittadini"},"content":{"rendered":"<p>La circolazione dei virus influenzali in Italia continua anche se con un\u2019incidenza in lieve diminuzione rispetto a quella della settimana precedente. Le Regioni dove si registra la pi\u00f9 ampia diffusione del virus sono le Marche, l\u2019Abruzzo e l\u2019 Emilia Romagna. Le fasce di et\u00e0 pi\u00f9 colpite sono quelle dei bambini e degli adolescenti.<br \/>\nI decessi correlati all\u2019influenza AH1N1 continuano ad essere sensibilmente inferiori a quelli della normale influenza stagionale. Il sistema di sorveglianza epidemiologica dell\u2019ULSS 1 ha evidenziato una diminuzione dei casi di influenza nel corso dell\u2019ultima settimana di novembre soprattutto nella fascia di et\u00e0 da 5 a 14 anni.<br \/>\nNel corso della precedente settimana sono stati segnalati due nuovi casi confermati di influenza AH1N1 ricoverati presso l\u2019U.O. di Pediatria dell\u2019Ospedale S. Martino di Belluno. Si tratta di un tredicenne e di una bambina di un anno che non hanno manifestato complicanze e sono stati dimessi dopo qualche giorno.<br \/>\n<strong>Campagna di vaccinazione contro la nuova influenza\u00a0 A\/H1N1<\/strong><br \/>\nIn Italia sono state vaccinate pi\u00f9 di 500.000 persone sulla base della pianificazione della campagna prevista dalle Regioni.<br \/>\nNell\u2019ULSS 1 il vaccino antinfluenzale \u00e8 stato fino ad ora somministrato presso le sedi ambulatoriali del Servizio Igiene e Sanit\u00e0 Pubblica a oltre 2500 persone presentatesi secondo il calendario di priorit\u00e0 fissato dalla Regione Veneto.<br \/>\nDa oggi l\u2019offerta vaccinale viene estesa anche alle persone che hanno un\u2019et\u00e0 superiore a 65 anni e pertanto per la settimana dal 30 novembre al 6 dicembre le seguenti categorie di persone potranno essere sottoposte a vaccinazione:<br \/>\n&#8211; bambini di et\u00e0 &gt; 6 mesi e adulti fino a 64 anni con patologia a rischio di complicanze<br \/>\n&#8211; bambini del nido o istituzionalizzati<br \/>\n&#8211; popolazione sana da 6 mesi a 27 anni<br \/>\n&#8211; forze dell\u2019ordine, polizia penitenziaria, guardia di finanza, vigili del fuoco, protezione civile, polizia locale<br \/>\n&#8211; donatori di sangue periodici tra i 28 e i 55 anni<br \/>\n&#8211; personale sanitario privato<br \/>\n&#8211; personale di trasporti pubblici urbani ed extraurbani<br \/>\n&#8211; personale del settore energia, rifiuti, acquedotti, reti informatiche e telecomunicazioni.<br \/>\n&#8211; persone di et\u00e0 &gt; 65 anni<br \/>\nOgni persona delle categorie indicate, appartenente all\u2019ULSS 1 di Belluno, che intende sottoporsi a vaccinazione, dovr\u00e0 presentarsi nelle sedi indicate con tessera sanitaria con codice a barre.<br \/>\nGli interessati potranno presentarsi liberamente alle strutture ambulatoriali senza necessit\u00e0 di prenotazione. Eventuali diverse modalit\u00e0 di accesso potranno essere stabilite in base all\u2019affluenza riscontrata.<br \/>\n<strong><\/strong><\/p>\n<p><strong>Sedi ambulatoriali<\/strong><\/p>\n<p><strong>Belluno<\/strong><br \/>\nVia Feltre, 57<br \/>\nTel. 0437516789<br \/>\n<strong>Puos d\u2019Alpago<\/strong><br \/>\nP.zza Papa<br \/>\nLuciani, 4<br \/>\nTel. 0437-454031<br \/>\n<strong>Longarone<\/strong><br \/>\nVia Polla, 2<br \/>\nTel. 0437-770245<br \/>\n<strong>Forno di Zoldo<\/strong><br \/>\nVia Marconi, 15<br \/>\nTel. 0437-787249<br \/>\n<strong>Agordo<\/strong><br \/>\nVia Fadig\u00e0, 2<br \/>\nTel. 0437- 645235<br \/>\n<strong>Pieve di Cadore<\/strong><br \/>\nVia degli Alpini, 35<br \/>\nTel. 0435-341443<br \/>\n<strong>Cortina<\/strong><br \/>\nVia C. Battisti, 40<br \/>\nTel. 0436-863724<br \/>\n<strong>Auronzo<\/strong><br \/>\nP.zza S. Giustina<br \/>\nTel. 0435-4041<br \/>\n<strong>Santo Stefano<\/strong><br \/>\nVia Dante<br \/>\nTel. 0435-62438<\/p>","protected":false},"excerpt":{"rendered":"<p>La circolazione dei virus influenzali in Italia continua anche se con un\u2019incidenza in lieve diminuzione rispetto a quella della settimana precedente. Le Regioni dove si registra la pi\u00f9 ampia diffusione del virus sono le Marche, l\u2019Abruzzo e l\u2019 Emilia Romagna. Le fasce di et\u00e0 pi\u00f9 colpite sono quelle dei bambini e degli adolescenti. I decessi [&hellip;]<\/p>\n","protected":false},"author":2,"featured_media":0,"comment_status":"closed","ping_status":"open","sticky":false,"template":"","format":"standard","meta":{"footnotes":""},"categories":[26,17],"tags":[3050],"class_list":["post-10229","post","type-post","status-publish","format-standard","category-prima-pagina","category-sanita","tag-sanita"],"yoast_head":"<!-- This site is optimized with the Yoast SEO plugin v28.4 - https:\/\/yoast.com\/product\/yoast-seo-wordpress\/ -->\n<title>L&#039;andamento della nuova influenza A(H1N1). L&#039;Uls 1 informa i cittadini - Bellunopress - Dolomiti<\/title>\n<meta name=\"robots\" content=\"index, follow, max-snippet:-1, max-image-preview:large, max-video-preview:-1\" \/>\n<link rel=\"canonical\" href=\"https:\/\/www.bellunopress.it\/fr\/2009\/12\/01\/landamento-della-nuova-influenza-ah1n1-luls-1-informa-i-cittadini\/\" \/>\n<meta property=\"og:locale\" content=\"fr_FR\" \/>\n<meta property=\"og:type\" content=\"article\" \/>\n<meta property=\"og:title\" content=\"L&#039;andamento della nuova influenza A(H1N1). L&#039;Uls 1 informa i cittadini - Bellunopress - Dolomiti\" \/>\n<meta property=\"og:description\" content=\"La circolazione dei virus influenzali in Italia continua anche se con un\u2019incidenza in lieve diminuzione rispetto a quella della settimana precedente. Le Regioni dove si registra la pi\u00f9 ampia diffusione del virus sono le Marche, l\u2019Abruzzo e l\u2019 Emilia Romagna. Le fasce di et\u00e0 pi\u00f9 colpite sono quelle dei bambini e degli adolescenti. I decessi [&hellip;]\" \/>\n<meta property=\"og:url\" content=\"https:\/\/www.bellunopress.it\/fr\/2009\/12\/01\/landamento-della-nuova-influenza-ah1n1-luls-1-informa-i-cittadini\/\" \/>\n<meta property=\"og:site_name\" content=\"Bellunopress - Dolomiti\" \/>\n<meta property=\"article:publisher\" content=\"https:\/\/www.facebook.com\/profile.php?id=100008943462799\" \/>\n<meta property=\"article:published_time\" content=\"2009-12-01T17:04:21+00:00\" \/>\n<meta property=\"og:image\" content=\"http:\/\/www.bellunopress.it\/wp-content\/uploads\/2012\/07\/logo-bellunopress-250x250-2012.jpg\" \/>\n<meta name=\"author\" content=\"redazione\" \/>\n<meta name=\"twitter:card\" content=\"summary_large_image\" \/>\n<meta name=\"twitter:creator\" content=\"@bellunopress\" \/>\n<meta name=\"twitter:site\" content=\"@bellunopress\" \/>\n<meta name=\"twitter:label1\" content=\"Written by\" \/>\n\t<meta name=\"twitter:data1\" content=\"redazione\" \/>\n\t<meta name=\"twitter:label2\" content=\"Est. reading time\" \/>\n\t<meta name=\"twitter:data2\" content=\"2 minutes\" \/>\n<script type=\"application\/ld+json\" class=\"yoast-schema-graph\">{\"@context\":\"https:\\\/\\\/schema.org\",\"@graph\":[{\"@type\":\"Article\",\"@id\":\"https:\\\/\\\/www.bellunopress.it\\\/2009\\\/12\\\/01\\\/landamento-della-nuova-influenza-ah1n1-luls-1-informa-i-cittadini\\\/#article\",\"isPartOf\":{\"@id\":\"https:\\\/\\\/www.bellunopress.it\\\/2009\\\/12\\\/01\\\/landamento-della-nuova-influenza-ah1n1-luls-1-informa-i-cittadini\\\/\"},\"author\":{\"name\":\"redazione\",\"@id\":\"https:\\\/\\\/www.bellunopress.it\\\/#\\\/schema\\\/person\\\/79bb06722b37ece1c03d3e94beb30d73\"},\"headline\":\"L&#8217;andamento della nuova influenza A(H1N1). L&#8217;Uls 1 informa i cittadini\",\"datePublished\":\"2009-12-01T17:04:21+00:00\",\"mainEntityOfPage\":{\"@id\":\"https:\\\/\\\/www.bellunopress.it\\\/2009\\\/12\\\/01\\\/landamento-della-nuova-influenza-ah1n1-luls-1-informa-i-cittadini\\\/\"},\"wordCount\":461,\"publisher\":{\"@id\":\"https:\\\/\\\/www.bellunopress.it\\\/#organization\"},\"keywords\":[\"Sanit\u00e0\"],\"articleSection\":[\"Prima Pagina\",\"Sanit\u00e0 Medicina\"],\"inLanguage\":\"fr-FR\"},{\"@type\":\"WebPage\",\"@id\":\"https:\\\/\\\/www.bellunopress.it\\\/2009\\\/12\\\/01\\\/landamento-della-nuova-influenza-ah1n1-luls-1-informa-i-cittadini\\\/\",\"url\":\"https:\\\/\\\/www.bellunopress.it\\\/2009\\\/12\\\/01\\\/landamento-della-nuova-influenza-ah1n1-luls-1-informa-i-cittadini\\\/\",\"name\":\"L'andamento della nuova influenza A(H1N1). L'Uls 1 informa i cittadini - Bellunopress - Dolomiti\",\"isPartOf\":{\"@id\":\"https:\\\/\\\/www.bellunopress.it\\\/#website\"},\"datePublished\":\"2009-12-01T17:04:21+00:00\",\"breadcrumb\":{\"@id\":\"https:\\\/\\\/www.bellunopress.it\\\/2009\\\/12\\\/01\\\/landamento-della-nuova-influenza-ah1n1-luls-1-informa-i-cittadini\\\/#breadcrumb\"},\"inLanguage\":\"fr-FR\",\"potentialAction\":[{\"@type\":\"ReadAction\",\"target\":[\"https:\\\/\\\/www.bellunopress.it\\\/2009\\\/12\\\/01\\\/landamento-della-nuova-influenza-ah1n1-luls-1-informa-i-cittadini\\\/\"]}]},{\"@type\":\"BreadcrumbList\",\"@id\":\"https:\\\/\\\/www.bellunopress.it\\\/2009\\\/12\\\/01\\\/landamento-della-nuova-influenza-ah1n1-luls-1-informa-i-cittadini\\\/#breadcrumb\",\"itemListElement\":[{\"@type\":\"ListItem\",\"position\":1,\"name\":\"Home\",\"item\":\"https:\\\/\\\/www.bellunopress.it\\\/\"},{\"@type\":\"ListItem\",\"position\":2,\"name\":\"L&#8217;andamento della nuova influenza A(H1N1). L&#8217;Uls 1 informa i cittadini\"}]},{\"@type\":\"WebSite\",\"@id\":\"https:\\\/\\\/www.bellunopress.it\\\/#website\",\"url\":\"https:\\\/\\\/www.bellunopress.it\\\/\",\"name\":\"Bellunopress - Dolomiti\",\"description\":\"e-mail: redazione@bellunopress.it\",\"publisher\":{\"@id\":\"https:\\\/\\\/www.bellunopress.it\\\/#organization\"},\"potentialAction\":[{\"@type\":\"SearchAction\",\"target\":{\"@type\":\"EntryPoint\",\"urlTemplate\":\"https:\\\/\\\/www.bellunopress.it\\\/?s={search_term_string}\"},\"query-input\":{\"@type\":\"PropertyValueSpecification\",\"valueRequired\":true,\"valueName\":\"search_term_string\"}}],\"inLanguage\":\"fr-FR\"},{\"@type\":\"Organization\",\"@id\":\"https:\\\/\\\/www.bellunopress.it\\\/#organization\",\"name\":\"Bellunopress\",\"url\":\"https:\\\/\\\/www.bellunopress.it\\\/\",\"logo\":{\"@type\":\"ImageObject\",\"inLanguage\":\"fr-FR\",\"@id\":\"https:\\\/\\\/www.bellunopress.it\\\/#\\\/schema\\\/logo\\\/image\\\/\",\"url\":\"https:\\\/\\\/www.bellunopress.it\\\/wp-content\\\/uploads\\\/2011\\\/05\\\/cropped-logo-bellunopress-.jpg\",\"contentUrl\":\"https:\\\/\\\/www.bellunopress.it\\\/wp-content\\\/uploads\\\/2011\\\/05\\\/cropped-logo-bellunopress-.jpg\",\"width\":512,\"height\":512,\"caption\":\"Bellunopress\"},\"image\":{\"@id\":\"https:\\\/\\\/www.bellunopress.it\\\/#\\\/schema\\\/logo\\\/image\\\/\"},\"sameAs\":[\"https:\\\/\\\/www.facebook.com\\\/profile.php?id=100008943462799\",\"https:\\\/\\\/x.com\\\/bellunopress\",\"https:\\\/\\\/www.linkedin.com\\\/hp\\\/?dnr=JBzUWaJfMUw8vbXJJ2tVW5-I3jZKvC4wsoxE&amp;amp;amp;amp;amp;amp;trk=nav_responsive_tab_home\",\"https:\\\/\\\/www.youtube.com\\\/channel\\\/UCxL0wu1uN0_3_7hGG0306cw\"]},{\"@type\":\"Person\",\"@id\":\"https:\\\/\\\/www.bellunopress.it\\\/#\\\/schema\\\/person\\\/79bb06722b37ece1c03d3e94beb30d73\",\"name\":\"redazione\",\"image\":{\"@type\":\"ImageObject\",\"inLanguage\":\"fr-FR\",\"@id\":\"https:\\\/\\\/secure.gravatar.com\\\/avatar\\\/37d968a2e67a6fd04c169c4bdef102d0bc5d31b2546345219e348575eb80e9a0?s=96&d=mm&r=g\",\"url\":\"https:\\\/\\\/secure.gravatar.com\\\/avatar\\\/37d968a2e67a6fd04c169c4bdef102d0bc5d31b2546345219e348575eb80e9a0?s=96&d=mm&r=g\",\"contentUrl\":\"https:\\\/\\\/secure.gravatar.com\\\/avatar\\\/37d968a2e67a6fd04c169c4bdef102d0bc5d31b2546345219e348575eb80e9a0?s=96&d=mm&r=g\",\"caption\":\"redazione\"},\"sameAs\":[\"http:\\\/\\\/www.bellunopress.it\",\"https:\\\/\\\/x.com\\\/bellunopress\"],\"url\":\"https:\\\/\\\/www.bellunopress.it\\\/fr\\\/author\\\/redazione\\\/\"}]}<\/script>\n<!-- \/ Yoast SEO plugin. -->","yoast_head_json":{"title":"L'andamento della nuova influenza A(H1N1). L'Uls 1 informa i cittadini - Bellunopress - Dolomiti","robots":{"index":"index","follow":"follow","max-snippet":"max-snippet:-1","max-image-preview":"max-image-preview:large","max-video-preview":"max-video-preview:-1"},"canonical":"https:\/\/www.bellunopress.it\/fr\/2009\/12\/01\/landamento-della-nuova-influenza-ah1n1-luls-1-informa-i-cittadini\/","og_locale":"fr_FR","og_type":"article","og_title":"L'andamento della nuova influenza A(H1N1). L'Uls 1 informa i cittadini - Bellunopress - Dolomiti","og_description":"La circolazione dei virus influenzali in Italia continua anche se con un\u2019incidenza in lieve diminuzione rispetto a quella della settimana precedente. Le Regioni dove si registra la pi\u00f9 ampia diffusione del virus sono le Marche, l\u2019Abruzzo e l\u2019 Emilia Romagna. Le fasce di et\u00e0 pi\u00f9 colpite sono quelle dei bambini e degli adolescenti. I decessi [&hellip;]","og_url":"https:\/\/www.bellunopress.it\/fr\/2009\/12\/01\/landamento-della-nuova-influenza-ah1n1-luls-1-informa-i-cittadini\/","og_site_name":"Bellunopress - Dolomiti","article_publisher":"https:\/\/www.facebook.com\/profile.php?id=100008943462799","article_published_time":"2009-12-01T17:04:21+00:00","og_image":[{"url":"http:\/\/www.bellunopress.it\/wp-content\/uploads\/2012\/07\/logo-bellunopress-250x250-2012.jpg","type":"","width":"","height":""}],"author":"redazione","twitter_card":"summary_large_image","twitter_creator":"@bellunopress","twitter_site":"@bellunopress","twitter_misc":{"Written by":"redazione","Est. reading time":"2 minutes"},"schema":{"@context":"https:\/\/schema.org","@graph":[{"@type":"Article","@id":"https:\/\/www.bellunopress.it\/2009\/12\/01\/landamento-della-nuova-influenza-ah1n1-luls-1-informa-i-cittadini\/#article","isPartOf":{"@id":"https:\/\/www.bellunopress.it\/2009\/12\/01\/landamento-della-nuova-influenza-ah1n1-luls-1-informa-i-cittadini\/"},"author":{"name":"redazione","@id":"https:\/\/www.bellunopress.it\/#\/schema\/person\/79bb06722b37ece1c03d3e94beb30d73"},"headline":"L&#8217;andamento della nuova influenza A(H1N1). L&#8217;Uls 1 informa i cittadini","datePublished":"2009-12-01T17:04:21+00:00","mainEntityOfPage":{"@id":"https:\/\/www.bellunopress.it\/2009\/12\/01\/landamento-della-nuova-influenza-ah1n1-luls-1-informa-i-cittadini\/"},"wordCount":461,"publisher":{"@id":"https:\/\/www.bellunopress.it\/#organization"},"keywords":["Sanit\u00e0"],"articleSection":["Prima Pagina","Sanit\u00e0 Medicina"],"inLanguage":"fr-FR"},{"@type":"WebPage","@id":"https:\/\/www.bellunopress.it\/2009\/12\/01\/landamento-della-nuova-influenza-ah1n1-luls-1-informa-i-cittadini\/","url":"https:\/\/www.bellunopress.it\/2009\/12\/01\/landamento-della-nuova-influenza-ah1n1-luls-1-informa-i-cittadini\/","name":"L'andamento della nuova influenza A(H1N1). L'Uls 1 informa i cittadini - Bellunopress - Dolomiti","isPartOf":{"@id":"https:\/\/www.bellunopress.it\/#website"},"datePublished":"2009-12-01T17:04:21+00:00","breadcrumb":{"@id":"https:\/\/www.bellunopress.it\/2009\/12\/01\/landamento-della-nuova-influenza-ah1n1-luls-1-informa-i-cittadini\/#breadcrumb"},"inLanguage":"fr-FR","potentialAction":[{"@type":"ReadAction","target":["https:\/\/www.bellunopress.it\/2009\/12\/01\/landamento-della-nuova-influenza-ah1n1-luls-1-informa-i-cittadini\/"]}]},{"@type":"BreadcrumbList","@id":"https:\/\/www.bellunopress.it\/2009\/12\/01\/landamento-della-nuova-influenza-ah1n1-luls-1-informa-i-cittadini\/#breadcrumb","itemListElement":[{"@type":"ListItem","position":1,"name":"Home","item":"https:\/\/www.bellunopress.it\/"},{"@type":"ListItem","position":2,"name":"L&#8217;andamento della nuova influenza A(H1N1). L&#8217;Uls 1 informa i cittadini"}]},{"@type":"WebSite","@id":"https:\/\/www.bellunopress.it\/#website","url":"https:\/\/www.bellunopress.it\/","name":"Bellunopress - Dolomiti","description":"e-mail: redazione@bellunopress.it","publisher":{"@id":"https:\/\/www.bellunopress.it\/#organization"},"potentialAction":[{"@type":"SearchAction","target":{"@type":"EntryPoint","urlTemplate":"https:\/\/www.bellunopress.it\/?s={search_term_string}"},"query-input":{"@type":"PropertyValueSpecification","valueRequired":true,"valueName":"search_term_string"}}],"inLanguage":"fr-FR"},{"@type":"Organization","@id":"https:\/\/www.bellunopress.it\/#organization","name":"Bellunopress","url":"https:\/\/www.bellunopress.it\/","logo":{"@type":"ImageObject","inLanguage":"fr-FR","@id":"https:\/\/www.bellunopress.it\/#\/schema\/logo\/image\/","url":"https:\/\/www.bellunopress.it\/wp-content\/uploads\/2011\/05\/cropped-logo-bellunopress-.jpg","contentUrl":"https:\/\/www.bellunopress.it\/wp-content\/uploads\/2011\/05\/cropped-logo-bellunopress-.jpg","width":512,"height":512,"caption":"Bellunopress"},"image":{"@id":"https:\/\/www.bellunopress.it\/#\/schema\/logo\/image\/"},"sameAs":["https:\/\/www.facebook.com\/profile.php?id=100008943462799","https:\/\/x.com\/bellunopress","https:\/\/www.linkedin.com\/hp\/?dnr=JBzUWaJfMUw8vbXJJ2tVW5-I3jZKvC4wsoxE&amp;amp;amp;amp;amp;amp;trk=nav_responsive_tab_home","https:\/\/www.youtube.com\/channel\/UCxL0wu1uN0_3_7hGG0306cw"]},{"@type":"Person","@id":"https:\/\/www.bellunopress.it\/#\/schema\/person\/79bb06722b37ece1c03d3e94beb30d73","name":"r\u00e9daction","image":{"@type":"ImageObject","inLanguage":"fr-FR","@id":"https:\/\/secure.gravatar.com\/avatar\/37d968a2e67a6fd04c169c4bdef102d0bc5d31b2546345219e348575eb80e9a0?s=96&d=mm&r=g","url":"https:\/\/secure.gravatar.com\/avatar\/37d968a2e67a6fd04c169c4bdef102d0bc5d31b2546345219e348575eb80e9a0?s=96&d=mm&r=g","contentUrl":"https:\/\/secure.gravatar.com\/avatar\/37d968a2e67a6fd04c169c4bdef102d0bc5d31b2546345219e348575eb80e9a0?s=96&d=mm&r=g","caption":"redazione"},"sameAs":["http:\/\/www.bellunopress.it","https:\/\/x.com\/bellunopress"],"url":"https:\/\/www.bellunopress.it\/fr\/author\/redazione\/"}]}},"_links":{"self":[{"href":"https:\/\/www.bellunopress.it\/fr\/wp-json\/wp\/v2\/posts\/10229","targetHints":{"allow":["GET"]}}],"collection":[{"href":"https:\/\/www.bellunopress.it\/fr\/wp-json\/wp\/v2\/posts"}],"about":[{"href":"https:\/\/www.bellunopress.it\/fr\/wp-json\/wp\/v2\/types\/post"}],"author":[{"embeddable":true,"href":"https:\/\/www.bellunopress.it\/fr\/wp-json\/wp\/v2\/users\/2"}],"replies":[{"embeddable":true,"href":"https:\/\/www.bellunopress.it\/fr\/wp-json\/wp\/v2\/comments?post=10229"}],"version-history":[{"count":1,"href":"https:\/\/www.bellunopress.it\/fr\/wp-json\/wp\/v2\/posts\/10229\/revisions"}],"predecessor-version":[{"id":10230,"href":"https:\/\/www.bellunopress.it\/fr\/wp-json\/wp\/v2\/posts\/10229\/revisions\/10230"}],"wp:attachment":[{"href":"https:\/\/www.bellunopress.it\/fr\/wp-json\/wp\/v2\/media?parent=10229"}],"wp:term":[{"taxonomy":"category","embeddable":true,"href":"https:\/\/www.bellunopress.it\/fr\/wp-json\/wp\/v2\/categories?post=10229"},{"taxonomy":"post_tag","embeddable":true,"href":"https:\/\/www.bellunopress.it\/fr\/wp-json\/wp\/v2\/tags?post=10229"}],"curies":[{"name":"wp","href":"https:\/\/api.w.org\/{rel}","templated":true}]}}