{"id":102259,"date":"2019-02-21T14:08:19","date_gmt":"2019-02-21T13:08:19","guid":{"rendered":"http:\/\/www.bellunopress.it\/?p=102259"},"modified":"2019-02-21T14:08:19","modified_gmt":"2019-02-21T13:08:19","slug":"parco-delle-dolomiti-bellunesi-zanoni-pd-verso-il-commissariamento-alla-lega-non-interessa-la-tutela-delle-aree-protette","status":"publish","type":"post","link":"https:\/\/www.bellunopress.it\/fr\/2019\/02\/21\/parco-delle-dolomiti-bellunesi-zanoni-pd-verso-il-commissariamento-alla-lega-non-interessa-la-tutela-delle-aree-protette\/","title":{"rendered":"Parco delle Dolomiti Bellunesi. \u00a0Zanoni (PD): &#8220;Verso il commissariamento. Alla Lega non interessa la tutela delle aree protette&#8221;"},"content":{"rendered":"<figure id=\"attachment_99292\" aria-describedby=\"caption-attachment-99292\" style=\"width: 213px\" class=\"wp-caption alignleft\"><a href=\"http:\/\/www.bellunopress.it\/fr\/2018\/11\/04\/bracconaggio-dilagante-in-veneto-su-animali-decimati-abbattuto-anche-un-raro-esemplare-di-marangone-minore-zanoni-pd-guarda-amp-e-bartelle-m5s-il-responsabile-politico-e-zaia-che-ha\/andrea-zanoni-4\/\" rel=\"attachment wp-att-99292\"><img loading=\"lazy\" decoding=\"async\" class=\"size-full wp-image-99292\" src=\"http:\/\/www.bellunopress.it\/wp-content\/uploads\/2018\/11\/andrea-zanoni.jpg\" alt=\"\" width=\"213\" height=\"300\" \/><\/a><figcaption id=\"caption-attachment-99292\" class=\"wp-caption-text\">Andrea Zanoni, consigliere regionale<\/figcaption><\/figure>\n<p><a href=\"http:\/\/www.bellunopress.it\/fr\/2015\/01\/30\/il-parco-boccia-tre-centraline-ma-sul-progetto-di-titele-puo-solo-dare-un-parere\/parco-nazionale-dolomiti-bellunesi\/\" rel=\"attachment wp-att-66035\"><img loading=\"lazy\" decoding=\"async\" class=\"alignright size-full wp-image-66035\" src=\"http:\/\/www.bellunopress.it\/wp-content\/uploads\/2015\/01\/parco-nazionale-dolomiti-bellunesi.jpg\" alt=\"\" width=\"163\" height=\"280\" \/><\/a>Venezia, 21 febbraio 2019 \u00a0&#8211; \u00a0&#8220;Un altro Parco \u00e8 a un passo dal commissariamento. \u00c8 evidente il totale disinteresse della Lega per le aree protette e relativi gestori, considerati un fastidio a meno che non ci sia l&#8217;opportunit\u00e0 di piazzarci i propri uomini&#8221;. A dirlo \u00e8 Andrea Zanoni, commentando il rischio che corre il Parco nazionale delle Dolomiti bellunesi.<\/p>\n<p>&#8220;Forse Zaia non se n&#8217;\u00e8 accorto, ma da tre anni e mezzo, era il luglio 2015, manca il presidente e a breve scadr\u00e0 anche il mandato del direttore che non pu\u00f2 essere nominato, appunto, in assenza di un presidente. E quindi l&#8217;unica via \u00e8 il commissariamento. Nonostante le numerose sollecitazioni, finora non ci sono state risposte da Palazzo Balbi &#8211; ricorda il consigliere democratico &#8211; \u00c8 inaccettabile che una delle zone pi\u00f9 preziose per il turismo veneto resti senza guida per un tempo cos\u00ec lungo, ma probabilmente per il nostro governatore la provincia di Belluno \u00e8 ristretta a Cortina. Le rassicurazioni date alle comunit\u00e0 locali nel corso degli anni non hanno portato a niente. Come mai Zaia non riesce a trovare un nome condiviso con il ministro dell&#8217;Ambiente dopo aver in passato messo il veto ad altre proposte? Come mai adesso che la Lega \u00e8 al Governo non trova un accordo con il Ministero? Cosa aspetta a sollecitare i suoi amici a Roma? Oppure ci sono degli scontri interni al Carroccio e con i Cinque Stelle pure su questo per accaparrarsi l&#8217;ennesima poltrona?&#8221;, incalza Zanoni.<\/p>\n<p>&#8220;Le persone per\u00f2 &#8216;vanno scelte sulla base delle competenze, non dell&#8217;appartenenza partitica&#8217;, cos\u00ec si diceva qualche anno fa l&#8217;assessore Bottacin, altrimenti si fa un danno al territorio. Benissimo, allora provvedano. \u00c8 invece evidente come si stia facendo un gioco proprio sulla pelle del territorio. Non possiamo permettere l&#8217;ennesimo commissariamento, con tutto ci\u00f2 che ne consegue. I Parchi sono fondamentali per proteggere gli ecosistemi di aree fragili e la gestione deve essere affidata alle comunit\u00e0 locali con una guida che abbia obiettivi e competenze spendibili per raggiungerli. Perdere ulteriore tempo sarebbe l&#8217;ennesima imperdonabile sconfitta. E la conferma di cosa rappresenti il Bellunese per il nostro presidente: oltre Cortina e la cartolina da vendere al mercato, il nulla. Altro che Dolomiti Montagne di Venezia!&#8221;.<\/p>","protected":false},"excerpt":{"rendered":"<p>Venezia, 21 febbraio 2019 \u00a0&#8211; \u00a0&#8220;Un altro Parco \u00e8 a un passo dal commissariamento. \u00c8 evidente il totale disinteresse della Lega per le aree protette e relativi gestori, considerati un fastidio a meno che non ci sia l&#8217;opportunit\u00e0 di piazzarci i propri uomini&#8221;. A dirlo \u00e8 Andrea Zanoni, commentando il rischio che corre il Parco [&hellip;]<\/p>\n","protected":false},"author":2,"featured_media":0,"comment_status":"closed","ping_status":"open","sticky":false,"template":"","format":"standard","meta":{"footnotes":""},"categories":[5,26],"tags":[],"class_list":["post-102259","post","type-post","status-publish","format-standard","category-cronaca","category-prima-pagina"],"yoast_head":"<!-- This site is optimized with the Yoast SEO plugin v28.4 - https:\/\/yoast.com\/product\/yoast-seo-wordpress\/ -->\n<title>Parco delle Dolomiti Bellunesi. \u00a0Zanoni (PD): &quot;Verso il commissariamento. Alla Lega non interessa la tutela delle aree protette&quot; - Bellunopress - Dolomiti<\/title>\n<meta name=\"robots\" content=\"index, follow, max-snippet:-1, max-image-preview:large, max-video-preview:-1\" \/>\n<link rel=\"canonical\" href=\"https:\/\/www.bellunopress.it\/fr\/2019\/02\/21\/parco-delle-dolomiti-bellunesi-zanoni-pd-verso-il-commissariamento-alla-lega-non-interessa-la-tutela-delle-aree-protette\/\" \/>\n<meta property=\"og:locale\" content=\"fr_FR\" \/>\n<meta property=\"og:type\" content=\"article\" \/>\n<meta property=\"og:title\" content=\"Parco delle Dolomiti Bellunesi. \u00a0Zanoni (PD): &quot;Verso il commissariamento. Alla Lega non interessa la tutela delle aree protette&quot; - Bellunopress - Dolomiti\" \/>\n<meta property=\"og:description\" content=\"Venezia, 21 febbraio 2019 \u00a0&#8211; \u00a0&#8220;Un altro Parco \u00e8 a un passo dal commissariamento. \u00c8 evidente il totale disinteresse della Lega per le aree protette e relativi gestori, considerati un fastidio a meno che non ci sia l&#8217;opportunit\u00e0 di piazzarci i propri uomini&#8221;. A dirlo \u00e8 Andrea Zanoni, commentando il rischio che corre il Parco [&hellip;]\" \/>\n<meta property=\"og:url\" content=\"https:\/\/www.bellunopress.it\/fr\/2019\/02\/21\/parco-delle-dolomiti-bellunesi-zanoni-pd-verso-il-commissariamento-alla-lega-non-interessa-la-tutela-delle-aree-protette\/\" \/>\n<meta property=\"og:site_name\" content=\"Bellunopress - Dolomiti\" \/>\n<meta property=\"article:publisher\" content=\"https:\/\/www.facebook.com\/profile.php?id=100008943462799\" \/>\n<meta property=\"article:published_time\" content=\"2019-02-21T13:08:19+00:00\" \/>\n<meta property=\"og:image\" content=\"http:\/\/www.bellunopress.it\/wp-content\/uploads\/2018\/11\/andrea-zanoni.jpg\" \/>\n<meta name=\"author\" content=\"redazione\" \/>\n<meta name=\"twitter:card\" content=\"summary_large_image\" \/>\n<meta name=\"twitter:creator\" content=\"@bellunopress\" \/>\n<meta name=\"twitter:site\" content=\"@bellunopress\" \/>\n<meta name=\"twitter:label1\" content=\"Written by\" \/>\n\t<meta name=\"twitter:data1\" content=\"redazione\" \/>\n\t<meta name=\"twitter:label2\" content=\"Est. reading time\" \/>\n\t<meta name=\"twitter:data2\" content=\"2 minutes\" \/>\n<script type=\"application\/ld+json\" class=\"yoast-schema-graph\">{\"@context\":\"https:\\\/\\\/schema.org\",\"@graph\":[{\"@type\":\"Article\",\"@id\":\"https:\\\/\\\/www.bellunopress.it\\\/2019\\\/02\\\/21\\\/parco-delle-dolomiti-bellunesi-zanoni-pd-verso-il-commissariamento-alla-lega-non-interessa-la-tutela-delle-aree-protette\\\/#article\",\"isPartOf\":{\"@id\":\"https:\\\/\\\/www.bellunopress.it\\\/2019\\\/02\\\/21\\\/parco-delle-dolomiti-bellunesi-zanoni-pd-verso-il-commissariamento-alla-lega-non-interessa-la-tutela-delle-aree-protette\\\/\"},\"author\":{\"name\":\"redazione\",\"@id\":\"https:\\\/\\\/www.bellunopress.it\\\/#\\\/schema\\\/person\\\/79bb06722b37ece1c03d3e94beb30d73\"},\"headline\":\"Parco delle Dolomiti Bellunesi. \u00a0Zanoni (PD): &#8220;Verso il commissariamento. Alla Lega non interessa la tutela delle aree protette&#8221;\",\"datePublished\":\"2019-02-21T13:08:19+00:00\",\"mainEntityOfPage\":{\"@id\":\"https:\\\/\\\/www.bellunopress.it\\\/2019\\\/02\\\/21\\\/parco-delle-dolomiti-bellunesi-zanoni-pd-verso-il-commissariamento-alla-lega-non-interessa-la-tutela-delle-aree-protette\\\/\"},\"wordCount\":392,\"publisher\":{\"@id\":\"https:\\\/\\\/www.bellunopress.it\\\/#organization\"},\"image\":{\"@id\":\"https:\\\/\\\/www.bellunopress.it\\\/2019\\\/02\\\/21\\\/parco-delle-dolomiti-bellunesi-zanoni-pd-verso-il-commissariamento-alla-lega-non-interessa-la-tutela-delle-aree-protette\\\/#primaryimage\"},\"thumbnailUrl\":\"http:\\\/\\\/www.bellunopress.it\\\/wp-content\\\/uploads\\\/2018\\\/11\\\/andrea-zanoni.jpg\",\"articleSection\":[\"Cronaca\\\/Politica\",\"Prima Pagina\"],\"inLanguage\":\"fr-FR\"},{\"@type\":\"WebPage\",\"@id\":\"https:\\\/\\\/www.bellunopress.it\\\/2019\\\/02\\\/21\\\/parco-delle-dolomiti-bellunesi-zanoni-pd-verso-il-commissariamento-alla-lega-non-interessa-la-tutela-delle-aree-protette\\\/\",\"url\":\"https:\\\/\\\/www.bellunopress.it\\\/2019\\\/02\\\/21\\\/parco-delle-dolomiti-bellunesi-zanoni-pd-verso-il-commissariamento-alla-lega-non-interessa-la-tutela-delle-aree-protette\\\/\",\"name\":\"Parco delle Dolomiti Bellunesi. \u00a0Zanoni (PD): \\\"Verso il commissariamento. Alla Lega non interessa la tutela delle aree protette\\\" - Bellunopress - Dolomiti\",\"isPartOf\":{\"@id\":\"https:\\\/\\\/www.bellunopress.it\\\/#website\"},\"primaryImageOfPage\":{\"@id\":\"https:\\\/\\\/www.bellunopress.it\\\/2019\\\/02\\\/21\\\/parco-delle-dolomiti-bellunesi-zanoni-pd-verso-il-commissariamento-alla-lega-non-interessa-la-tutela-delle-aree-protette\\\/#primaryimage\"},\"image\":{\"@id\":\"https:\\\/\\\/www.bellunopress.it\\\/2019\\\/02\\\/21\\\/parco-delle-dolomiti-bellunesi-zanoni-pd-verso-il-commissariamento-alla-lega-non-interessa-la-tutela-delle-aree-protette\\\/#primaryimage\"},\"thumbnailUrl\":\"http:\\\/\\\/www.bellunopress.it\\\/wp-content\\\/uploads\\\/2018\\\/11\\\/andrea-zanoni.jpg\",\"datePublished\":\"2019-02-21T13:08:19+00:00\",\"breadcrumb\":{\"@id\":\"https:\\\/\\\/www.bellunopress.it\\\/2019\\\/02\\\/21\\\/parco-delle-dolomiti-bellunesi-zanoni-pd-verso-il-commissariamento-alla-lega-non-interessa-la-tutela-delle-aree-protette\\\/#breadcrumb\"},\"inLanguage\":\"fr-FR\",\"potentialAction\":[{\"@type\":\"ReadAction\",\"target\":[\"https:\\\/\\\/www.bellunopress.it\\\/2019\\\/02\\\/21\\\/parco-delle-dolomiti-bellunesi-zanoni-pd-verso-il-commissariamento-alla-lega-non-interessa-la-tutela-delle-aree-protette\\\/\"]}]},{\"@type\":\"ImageObject\",\"inLanguage\":\"fr-FR\",\"@id\":\"https:\\\/\\\/www.bellunopress.it\\\/2019\\\/02\\\/21\\\/parco-delle-dolomiti-bellunesi-zanoni-pd-verso-il-commissariamento-alla-lega-non-interessa-la-tutela-delle-aree-protette\\\/#primaryimage\",\"url\":\"http:\\\/\\\/www.bellunopress.it\\\/wp-content\\\/uploads\\\/2018\\\/11\\\/andrea-zanoni.jpg\",\"contentUrl\":\"http:\\\/\\\/www.bellunopress.it\\\/wp-content\\\/uploads\\\/2018\\\/11\\\/andrea-zanoni.jpg\"},{\"@type\":\"BreadcrumbList\",\"@id\":\"https:\\\/\\\/www.bellunopress.it\\\/2019\\\/02\\\/21\\\/parco-delle-dolomiti-bellunesi-zanoni-pd-verso-il-commissariamento-alla-lega-non-interessa-la-tutela-delle-aree-protette\\\/#breadcrumb\",\"itemListElement\":[{\"@type\":\"ListItem\",\"position\":1,\"name\":\"Home\",\"item\":\"https:\\\/\\\/www.bellunopress.it\\\/\"},{\"@type\":\"ListItem\",\"position\":2,\"name\":\"Parco delle Dolomiti Bellunesi. \u00a0Zanoni (PD): &#8220;Verso il commissariamento. Alla Lega non interessa la tutela delle aree protette&#8221;\"}]},{\"@type\":\"WebSite\",\"@id\":\"https:\\\/\\\/www.bellunopress.it\\\/#website\",\"url\":\"https:\\\/\\\/www.bellunopress.it\\\/\",\"name\":\"Bellunopress - Dolomiti\",\"description\":\"e-mail: redazione@bellunopress.it\",\"publisher\":{\"@id\":\"https:\\\/\\\/www.bellunopress.it\\\/#organization\"},\"potentialAction\":[{\"@type\":\"SearchAction\",\"target\":{\"@type\":\"EntryPoint\",\"urlTemplate\":\"https:\\\/\\\/www.bellunopress.it\\\/?s={search_term_string}\"},\"query-input\":{\"@type\":\"PropertyValueSpecification\",\"valueRequired\":true,\"valueName\":\"search_term_string\"}}],\"inLanguage\":\"fr-FR\"},{\"@type\":\"Organization\",\"@id\":\"https:\\\/\\\/www.bellunopress.it\\\/#organization\",\"name\":\"Bellunopress\",\"url\":\"https:\\\/\\\/www.bellunopress.it\\\/\",\"logo\":{\"@type\":\"ImageObject\",\"inLanguage\":\"fr-FR\",\"@id\":\"https:\\\/\\\/www.bellunopress.it\\\/#\\\/schema\\\/logo\\\/image\\\/\",\"url\":\"https:\\\/\\\/www.bellunopress.it\\\/wp-content\\\/uploads\\\/2011\\\/05\\\/cropped-logo-bellunopress-.jpg\",\"contentUrl\":\"https:\\\/\\\/www.bellunopress.it\\\/wp-content\\\/uploads\\\/2011\\\/05\\\/cropped-logo-bellunopress-.jpg\",\"width\":512,\"height\":512,\"caption\":\"Bellunopress\"},\"image\":{\"@id\":\"https:\\\/\\\/www.bellunopress.it\\\/#\\\/schema\\\/logo\\\/image\\\/\"},\"sameAs\":[\"https:\\\/\\\/www.facebook.com\\\/profile.php?id=100008943462799\",\"https:\\\/\\\/x.com\\\/bellunopress\",\"https:\\\/\\\/www.linkedin.com\\\/hp\\\/?dnr=JBzUWaJfMUw8vbXJJ2tVW5-I3jZKvC4wsoxE&amp;amp;amp;amp;amp;amp;trk=nav_responsive_tab_home\",\"https:\\\/\\\/www.youtube.com\\\/channel\\\/UCxL0wu1uN0_3_7hGG0306cw\"]},{\"@type\":\"Person\",\"@id\":\"https:\\\/\\\/www.bellunopress.it\\\/#\\\/schema\\\/person\\\/79bb06722b37ece1c03d3e94beb30d73\",\"name\":\"redazione\",\"image\":{\"@type\":\"ImageObject\",\"inLanguage\":\"fr-FR\",\"@id\":\"https:\\\/\\\/secure.gravatar.com\\\/avatar\\\/37d968a2e67a6fd04c169c4bdef102d0bc5d31b2546345219e348575eb80e9a0?s=96&d=mm&r=g\",\"url\":\"https:\\\/\\\/secure.gravatar.com\\\/avatar\\\/37d968a2e67a6fd04c169c4bdef102d0bc5d31b2546345219e348575eb80e9a0?s=96&d=mm&r=g\",\"contentUrl\":\"https:\\\/\\\/secure.gravatar.com\\\/avatar\\\/37d968a2e67a6fd04c169c4bdef102d0bc5d31b2546345219e348575eb80e9a0?s=96&d=mm&r=g\",\"caption\":\"redazione\"},\"sameAs\":[\"http:\\\/\\\/www.bellunopress.it\",\"https:\\\/\\\/x.com\\\/bellunopress\"],\"url\":\"https:\\\/\\\/www.bellunopress.it\\\/fr\\\/author\\\/redazione\\\/\"}]}<\/script>\n<!-- \/ Yoast SEO plugin. -->","yoast_head_json":{"title":"Parco delle Dolomiti Bellunesi. \u00a0Zanoni (PD): \"Verso il commissariamento. Alla Lega non interessa la tutela delle aree protette\" - Bellunopress - Dolomiti","robots":{"index":"index","follow":"follow","max-snippet":"max-snippet:-1","max-image-preview":"max-image-preview:large","max-video-preview":"max-video-preview:-1"},"canonical":"https:\/\/www.bellunopress.it\/fr\/2019\/02\/21\/parco-delle-dolomiti-bellunesi-zanoni-pd-verso-il-commissariamento-alla-lega-non-interessa-la-tutela-delle-aree-protette\/","og_locale":"fr_FR","og_type":"article","og_title":"Parco delle Dolomiti Bellunesi. \u00a0Zanoni (PD): \"Verso il commissariamento. Alla Lega non interessa la tutela delle aree protette\" - Bellunopress - Dolomiti","og_description":"Venezia, 21 febbraio 2019 \u00a0&#8211; \u00a0&#8220;Un altro Parco \u00e8 a un passo dal commissariamento. \u00c8 evidente il totale disinteresse della Lega per le aree protette e relativi gestori, considerati un fastidio a meno che non ci sia l&#8217;opportunit\u00e0 di piazzarci i propri uomini&#8221;. A dirlo \u00e8 Andrea Zanoni, commentando il rischio che corre il Parco [&hellip;]","og_url":"https:\/\/www.bellunopress.it\/fr\/2019\/02\/21\/parco-delle-dolomiti-bellunesi-zanoni-pd-verso-il-commissariamento-alla-lega-non-interessa-la-tutela-delle-aree-protette\/","og_site_name":"Bellunopress - Dolomiti","article_publisher":"https:\/\/www.facebook.com\/profile.php?id=100008943462799","article_published_time":"2019-02-21T13:08:19+00:00","og_image":[{"url":"http:\/\/www.bellunopress.it\/wp-content\/uploads\/2018\/11\/andrea-zanoni.jpg","type":"","width":"","height":""}],"author":"redazione","twitter_card":"summary_large_image","twitter_creator":"@bellunopress","twitter_site":"@bellunopress","twitter_misc":{"Written by":"redazione","Est. reading time":"2 minutes"},"schema":{"@context":"https:\/\/schema.org","@graph":[{"@type":"Article","@id":"https:\/\/www.bellunopress.it\/2019\/02\/21\/parco-delle-dolomiti-bellunesi-zanoni-pd-verso-il-commissariamento-alla-lega-non-interessa-la-tutela-delle-aree-protette\/#article","isPartOf":{"@id":"https:\/\/www.bellunopress.it\/2019\/02\/21\/parco-delle-dolomiti-bellunesi-zanoni-pd-verso-il-commissariamento-alla-lega-non-interessa-la-tutela-delle-aree-protette\/"},"author":{"name":"redazione","@id":"https:\/\/www.bellunopress.it\/#\/schema\/person\/79bb06722b37ece1c03d3e94beb30d73"},"headline":"Parco delle Dolomiti Bellunesi. \u00a0Zanoni (PD): &#8220;Verso il commissariamento. Alla Lega non interessa la tutela delle aree protette&#8221;","datePublished":"2019-02-21T13:08:19+00:00","mainEntityOfPage":{"@id":"https:\/\/www.bellunopress.it\/2019\/02\/21\/parco-delle-dolomiti-bellunesi-zanoni-pd-verso-il-commissariamento-alla-lega-non-interessa-la-tutela-delle-aree-protette\/"},"wordCount":392,"publisher":{"@id":"https:\/\/www.bellunopress.it\/#organization"},"image":{"@id":"https:\/\/www.bellunopress.it\/2019\/02\/21\/parco-delle-dolomiti-bellunesi-zanoni-pd-verso-il-commissariamento-alla-lega-non-interessa-la-tutela-delle-aree-protette\/#primaryimage"},"thumbnailUrl":"http:\/\/www.bellunopress.it\/wp-content\/uploads\/2018\/11\/andrea-zanoni.jpg","articleSection":["Cronaca\/Politica","Prima Pagina"],"inLanguage":"fr-FR"},{"@type":"WebPage","@id":"https:\/\/www.bellunopress.it\/2019\/02\/21\/parco-delle-dolomiti-bellunesi-zanoni-pd-verso-il-commissariamento-alla-lega-non-interessa-la-tutela-delle-aree-protette\/","url":"https:\/\/www.bellunopress.it\/2019\/02\/21\/parco-delle-dolomiti-bellunesi-zanoni-pd-verso-il-commissariamento-alla-lega-non-interessa-la-tutela-delle-aree-protette\/","name":"Parco delle Dolomiti Bellunesi. \u00a0Zanoni (PD): \"Verso il commissariamento. Alla Lega non interessa la tutela delle aree protette\" - Bellunopress - Dolomiti","isPartOf":{"@id":"https:\/\/www.bellunopress.it\/#website"},"primaryImageOfPage":{"@id":"https:\/\/www.bellunopress.it\/2019\/02\/21\/parco-delle-dolomiti-bellunesi-zanoni-pd-verso-il-commissariamento-alla-lega-non-interessa-la-tutela-delle-aree-protette\/#primaryimage"},"image":{"@id":"https:\/\/www.bellunopress.it\/2019\/02\/21\/parco-delle-dolomiti-bellunesi-zanoni-pd-verso-il-commissariamento-alla-lega-non-interessa-la-tutela-delle-aree-protette\/#primaryimage"},"thumbnailUrl":"http:\/\/www.bellunopress.it\/wp-content\/uploads\/2018\/11\/andrea-zanoni.jpg","datePublished":"2019-02-21T13:08:19+00:00","breadcrumb":{"@id":"https:\/\/www.bellunopress.it\/2019\/02\/21\/parco-delle-dolomiti-bellunesi-zanoni-pd-verso-il-commissariamento-alla-lega-non-interessa-la-tutela-delle-aree-protette\/#breadcrumb"},"inLanguage":"fr-FR","potentialAction":[{"@type":"ReadAction","target":["https:\/\/www.bellunopress.it\/2019\/02\/21\/parco-delle-dolomiti-bellunesi-zanoni-pd-verso-il-commissariamento-alla-lega-non-interessa-la-tutela-delle-aree-protette\/"]}]},{"@type":"ImageObject","inLanguage":"fr-FR","@id":"https:\/\/www.bellunopress.it\/2019\/02\/21\/parco-delle-dolomiti-bellunesi-zanoni-pd-verso-il-commissariamento-alla-lega-non-interessa-la-tutela-delle-aree-protette\/#primaryimage","url":"http:\/\/www.bellunopress.it\/wp-content\/uploads\/2018\/11\/andrea-zanoni.jpg","contentUrl":"http:\/\/www.bellunopress.it\/wp-content\/uploads\/2018\/11\/andrea-zanoni.jpg"},{"@type":"BreadcrumbList","@id":"https:\/\/www.bellunopress.it\/2019\/02\/21\/parco-delle-dolomiti-bellunesi-zanoni-pd-verso-il-commissariamento-alla-lega-non-interessa-la-tutela-delle-aree-protette\/#breadcrumb","itemListElement":[{"@type":"ListItem","position":1,"name":"Home","item":"https:\/\/www.bellunopress.it\/"},{"@type":"ListItem","position":2,"name":"Parco delle Dolomiti Bellunesi. \u00a0Zanoni (PD): &#8220;Verso il commissariamento. Alla Lega non interessa la tutela delle aree protette&#8221;"}]},{"@type":"WebSite","@id":"https:\/\/www.bellunopress.it\/#website","url":"https:\/\/www.bellunopress.it\/","name":"Bellunopress - Dolomiti","description":"e-mail: redazione@bellunopress.it","publisher":{"@id":"https:\/\/www.bellunopress.it\/#organization"},"potentialAction":[{"@type":"SearchAction","target":{"@type":"EntryPoint","urlTemplate":"https:\/\/www.bellunopress.it\/?s={search_term_string}"},"query-input":{"@type":"PropertyValueSpecification","valueRequired":true,"valueName":"search_term_string"}}],"inLanguage":"fr-FR"},{"@type":"Organization","@id":"https:\/\/www.bellunopress.it\/#organization","name":"Bellunopress","url":"https:\/\/www.bellunopress.it\/","logo":{"@type":"ImageObject","inLanguage":"fr-FR","@id":"https:\/\/www.bellunopress.it\/#\/schema\/logo\/image\/","url":"https:\/\/www.bellunopress.it\/wp-content\/uploads\/2011\/05\/cropped-logo-bellunopress-.jpg","contentUrl":"https:\/\/www.bellunopress.it\/wp-content\/uploads\/2011\/05\/cropped-logo-bellunopress-.jpg","width":512,"height":512,"caption":"Bellunopress"},"image":{"@id":"https:\/\/www.bellunopress.it\/#\/schema\/logo\/image\/"},"sameAs":["https:\/\/www.facebook.com\/profile.php?id=100008943462799","https:\/\/x.com\/bellunopress","https:\/\/www.linkedin.com\/hp\/?dnr=JBzUWaJfMUw8vbXJJ2tVW5-I3jZKvC4wsoxE&amp;amp;amp;amp;amp;amp;trk=nav_responsive_tab_home","https:\/\/www.youtube.com\/channel\/UCxL0wu1uN0_3_7hGG0306cw"]},{"@type":"Person","@id":"https:\/\/www.bellunopress.it\/#\/schema\/person\/79bb06722b37ece1c03d3e94beb30d73","name":"r\u00e9daction","image":{"@type":"ImageObject","inLanguage":"fr-FR","@id":"https:\/\/secure.gravatar.com\/avatar\/37d968a2e67a6fd04c169c4bdef102d0bc5d31b2546345219e348575eb80e9a0?s=96&d=mm&r=g","url":"https:\/\/secure.gravatar.com\/avatar\/37d968a2e67a6fd04c169c4bdef102d0bc5d31b2546345219e348575eb80e9a0?s=96&d=mm&r=g","contentUrl":"https:\/\/secure.gravatar.com\/avatar\/37d968a2e67a6fd04c169c4bdef102d0bc5d31b2546345219e348575eb80e9a0?s=96&d=mm&r=g","caption":"redazione"},"sameAs":["http:\/\/www.bellunopress.it","https:\/\/x.com\/bellunopress"],"url":"https:\/\/www.bellunopress.it\/fr\/author\/redazione\/"}]}},"_links":{"self":[{"href":"https:\/\/www.bellunopress.it\/fr\/wp-json\/wp\/v2\/posts\/102259","targetHints":{"allow":["GET"]}}],"collection":[{"href":"https:\/\/www.bellunopress.it\/fr\/wp-json\/wp\/v2\/posts"}],"about":[{"href":"https:\/\/www.bellunopress.it\/fr\/wp-json\/wp\/v2\/types\/post"}],"author":[{"embeddable":true,"href":"https:\/\/www.bellunopress.it\/fr\/wp-json\/wp\/v2\/users\/2"}],"replies":[{"embeddable":true,"href":"https:\/\/www.bellunopress.it\/fr\/wp-json\/wp\/v2\/comments?post=102259"}],"version-history":[{"count":1,"href":"https:\/\/www.bellunopress.it\/fr\/wp-json\/wp\/v2\/posts\/102259\/revisions"}],"predecessor-version":[{"id":102260,"href":"https:\/\/www.bellunopress.it\/fr\/wp-json\/wp\/v2\/posts\/102259\/revisions\/102260"}],"wp:attachment":[{"href":"https:\/\/www.bellunopress.it\/fr\/wp-json\/wp\/v2\/media?parent=102259"}],"wp:term":[{"taxonomy":"category","embeddable":true,"href":"https:\/\/www.bellunopress.it\/fr\/wp-json\/wp\/v2\/categories?post=102259"},{"taxonomy":"post_tag","embeddable":true,"href":"https:\/\/www.bellunopress.it\/fr\/wp-json\/wp\/v2\/tags?post=102259"}],"curies":[{"name":"wp","href":"https:\/\/api.w.org\/{rel}","templated":true}]}}