{"id":102257,"date":"2019-02-21T13:11:51","date_gmt":"2019-02-21T12:11:51","guid":{"rendered":"http:\/\/www.bellunopress.it\/?p=102257"},"modified":"2019-02-21T15:08:20","modified_gmt":"2019-02-21T14:08:20","slug":"autonomia-il-ministro-stefani-risponde-alle-domande-di-de-menech-non-ce-alcuna-intesa-al-momento-solo-bozze-di-lavoro-autonomia-dovra-rispettare-articolo-81-della-costituzione","status":"publish","type":"post","link":"https:\/\/www.bellunopress.it\/fr\/2019\/02\/21\/autonomia-il-ministro-stefani-risponde-alle-domande-di-de-menech-non-ce-alcuna-intesa-al-momento-solo-bozze-di-lavoro-autonomia-dovra-rispettare-articolo-81-della-costituzione\/","title":{"rendered":"Autonomia. Il ministro Stefani \u00a0risponde alle domande di De Menech: &#8220;Non c&#8217;\u00e8 alcuna intesa, al momento solo bozze di lavoro. Autonomia dovr\u00e0 rispettare articolo 81 della Costituzione&#8221;"},"content":{"rendered":"<figure id=\"attachment_46179\" aria-describedby=\"caption-attachment-46179\" style=\"width: 193px\" class=\"wp-caption alignleft\"><a href=\"http:\/\/www.bellunopress.it\/fr\/2013\/01\/29\/via-al-tour-di-roger-de-menech-pd-il-5-febbraio-appuntamento-anche-con-laura-puppato-capolista-al-senato\/roger-de-menech-1\/\" rel=\"attachment wp-att-46179\"><img loading=\"lazy\" decoding=\"async\" class=\"size-full wp-image-46179\" src=\"http:\/\/www.bellunopress.it\/wp-content\/uploads\/2013\/01\/roger-de-menech-1.jpg\" alt=\"\" width=\"193\" height=\"290\" \/><\/a><figcaption id=\"caption-attachment-46179\" class=\"wp-caption-text\">Roger De Menech, deputato Pd<\/figcaption><\/figure>\n<p>Roma, 21 febbraio 2019 _ Non c\u2019\u00e8 alcuna intesa tra il governo e le regioni che hanno avviato il percorso per ottenere l\u2019autonomia in base alla Costituzione. Lo ha ammesso questa mattina il ministro Stefani rispondendo alle domande del deputato veneto Roger De Menech in commissione per l\u2019Attuazione del federalismo fiscale. \u00abL\u2019intesa non c\u2019\u00e8 ha detto il ministro\u00bb, riferisce De Menech al termine della riunione.<\/p>\n<p>\u00abQuelle che circolano sono solo \u2018bozze\u2019 o \u2018strumenti di lavoro\u2019. Quando ho chiesto a che punto siamo nella definizione dei LEP, i livelli essenziali delle prestazioni e dei relativi costi standard, il ministro ha glissato. Come ha evitato di rispondere direttamente alle mie domande su residuo fiscale e trattenimento dei nove decimi del gettito erariale. L\u2019unica cosa certa, ha detto il ministro, \u00e8 che l\u2019intesa dovr\u00e0 rispettare l\u2019articolo 81 della Costituzione, cio\u00e8 il pareggio di bilancio. Il che significa, come sosteniamo da molti anni, che l\u2019autonomia si sostanzia in realt\u00e0 in un federalismo differenziato dove il punto cardine \u00e8 la maggiore responsabilit\u00e0 delle Regioni che intendono amministrare direttamente le funzioni previste dall\u2019articolo 117 comma terzo della Costituzione.<\/p>\n<p>L\u2019autonomia rafforzata, se attuata seguendo il dettato costituzionale, sar\u00e0 l\u2019occasione per rilanciare le regioni, con vantaggi sull\u2019efficienza ed efficacia delle prestazioni per i beneficiari nei territori e in termini di minore spesa pubblica per l\u2019intero sistema paese. Le risorse infatti vanno redistribuite, ma solo dopo aver stabilito prestazioni standard e fabbisogni standard come previsto dalla legge delega 42 del 2009 e finora rimasta inattuata.<\/p>\n<p>Dopo venti e passa anni di propaganda leghista e di fake news finalmente si scoprono le carte. L\u2019unica autonomia possibile \u00e8 quella responsabile e solidale in cui alcuni territori si fanno carico di amministrare direttamente determinate funzioni. Ma lo dovranno fare con risorse definite da una spesa standardizzata, mantenendo inalterate la spesa pubblica complessiva e, soprattutto, la pressione fiscale. Lo proponiamo da 18 anni, ora finalmente ci arrivano anche i colleghi della Lega, ma ovviamente non sanno come spiegarlo ai cittadini che per troppo tempo hanno illuso\u00bb.<\/p>","protected":false},"excerpt":{"rendered":"<p>Roma, 21 febbraio 2019 _ Non c\u2019\u00e8 alcuna intesa tra il governo e le regioni che hanno avviato il percorso per ottenere l\u2019autonomia in base alla Costituzione. Lo ha ammesso questa mattina il ministro Stefani rispondendo alle domande del deputato veneto Roger De Menech in commissione per l\u2019Attuazione del federalismo fiscale. \u00abL\u2019intesa non c\u2019\u00e8 ha [&hellip;]<\/p>\n","protected":false},"author":2,"featured_media":0,"comment_status":"closed","ping_status":"open","sticky":false,"template":"","format":"standard","meta":{"footnotes":""},"categories":[1],"tags":[],"class_list":["post-102257","post","type-post","status-publish","format-standard","category-leo"],"yoast_head":"<!-- This site is optimized with the Yoast SEO plugin v28.4 - https:\/\/yoast.com\/product\/yoast-seo-wordpress\/ -->\n<title>Autonomia. Il ministro Stefani \u00a0risponde alle domande di De Menech: &quot;Non c&#039;\u00e8 alcuna intesa, al momento solo bozze di lavoro. Autonomia dovr\u00e0 rispettare articolo 81 della Costituzione&quot; - Bellunopress - Dolomiti<\/title>\n<meta name=\"robots\" content=\"index, follow, max-snippet:-1, max-image-preview:large, max-video-preview:-1\" \/>\n<link rel=\"canonical\" href=\"https:\/\/www.bellunopress.it\/fr\/2019\/02\/21\/autonomia-il-ministro-stefani-risponde-alle-domande-di-de-menech-non-ce-alcuna-intesa-al-momento-solo-bozze-di-lavoro-autonomia-dovra-rispettare-articolo-81-della-costituzione\/\" \/>\n<meta property=\"og:locale\" content=\"fr_FR\" \/>\n<meta property=\"og:type\" content=\"article\" \/>\n<meta property=\"og:title\" content=\"Autonomia. Il ministro Stefani \u00a0risponde alle domande di De Menech: &quot;Non c&#039;\u00e8 alcuna intesa, al momento solo bozze di lavoro. Autonomia dovr\u00e0 rispettare articolo 81 della Costituzione&quot; - Bellunopress - Dolomiti\" \/>\n<meta property=\"og:description\" content=\"Roma, 21 febbraio 2019 _ Non c\u2019\u00e8 alcuna intesa tra il governo e le regioni che hanno avviato il percorso per ottenere l\u2019autonomia in base alla Costituzione. Lo ha ammesso questa mattina il ministro Stefani rispondendo alle domande del deputato veneto Roger De Menech in commissione per l\u2019Attuazione del federalismo fiscale. \u00abL\u2019intesa non c\u2019\u00e8 ha [&hellip;]\" \/>\n<meta property=\"og:url\" content=\"https:\/\/www.bellunopress.it\/fr\/2019\/02\/21\/autonomia-il-ministro-stefani-risponde-alle-domande-di-de-menech-non-ce-alcuna-intesa-al-momento-solo-bozze-di-lavoro-autonomia-dovra-rispettare-articolo-81-della-costituzione\/\" \/>\n<meta property=\"og:site_name\" content=\"Bellunopress - Dolomiti\" \/>\n<meta property=\"article:publisher\" content=\"https:\/\/www.facebook.com\/profile.php?id=100008943462799\" \/>\n<meta property=\"article:published_time\" content=\"2019-02-21T12:11:51+00:00\" \/>\n<meta property=\"article:modified_time\" content=\"2019-02-21T14:08:20+00:00\" \/>\n<meta property=\"og:image\" content=\"http:\/\/www.bellunopress.it\/wp-content\/uploads\/2013\/01\/roger-de-menech-1.jpg\" \/>\n<meta name=\"author\" content=\"redazione\" \/>\n<meta name=\"twitter:card\" content=\"summary_large_image\" \/>\n<meta name=\"twitter:creator\" content=\"@bellunopress\" \/>\n<meta name=\"twitter:site\" content=\"@bellunopress\" \/>\n<meta name=\"twitter:label1\" content=\"Written by\" \/>\n\t<meta name=\"twitter:data1\" content=\"redazione\" \/>\n\t<meta name=\"twitter:label2\" content=\"Est. reading time\" \/>\n\t<meta name=\"twitter:data2\" content=\"2 minutes\" \/>\n<script type=\"application\/ld+json\" class=\"yoast-schema-graph\">{\"@context\":\"https:\\\/\\\/schema.org\",\"@graph\":[{\"@type\":\"Article\",\"@id\":\"https:\\\/\\\/www.bellunopress.it\\\/2019\\\/02\\\/21\\\/autonomia-il-ministro-stefani-risponde-alle-domande-di-de-menech-non-ce-alcuna-intesa-al-momento-solo-bozze-di-lavoro-autonomia-dovra-rispettare-articolo-81-della-costituzione\\\/#article\",\"isPartOf\":{\"@id\":\"https:\\\/\\\/www.bellunopress.it\\\/2019\\\/02\\\/21\\\/autonomia-il-ministro-stefani-risponde-alle-domande-di-de-menech-non-ce-alcuna-intesa-al-momento-solo-bozze-di-lavoro-autonomia-dovra-rispettare-articolo-81-della-costituzione\\\/\"},\"author\":{\"name\":\"redazione\",\"@id\":\"https:\\\/\\\/www.bellunopress.it\\\/#\\\/schema\\\/person\\\/79bb06722b37ece1c03d3e94beb30d73\"},\"headline\":\"Autonomia. Il ministro Stefani \u00a0risponde alle domande di De Menech: &#8220;Non c&#8217;\u00e8 alcuna intesa, al momento solo bozze di lavoro. Autonomia dovr\u00e0 rispettare articolo 81 della Costituzione&#8221;\",\"datePublished\":\"2019-02-21T12:11:51+00:00\",\"dateModified\":\"2019-02-21T14:08:20+00:00\",\"mainEntityOfPage\":{\"@id\":\"https:\\\/\\\/www.bellunopress.it\\\/2019\\\/02\\\/21\\\/autonomia-il-ministro-stefani-risponde-alle-domande-di-de-menech-non-ce-alcuna-intesa-al-momento-solo-bozze-di-lavoro-autonomia-dovra-rispettare-articolo-81-della-costituzione\\\/\"},\"wordCount\":373,\"publisher\":{\"@id\":\"https:\\\/\\\/www.bellunopress.it\\\/#organization\"},\"image\":{\"@id\":\"https:\\\/\\\/www.bellunopress.it\\\/2019\\\/02\\\/21\\\/autonomia-il-ministro-stefani-risponde-alle-domande-di-de-menech-non-ce-alcuna-intesa-al-momento-solo-bozze-di-lavoro-autonomia-dovra-rispettare-articolo-81-della-costituzione\\\/#primaryimage\"},\"thumbnailUrl\":\"http:\\\/\\\/www.bellunopress.it\\\/wp-content\\\/uploads\\\/2013\\\/01\\\/roger-de-menech-1.jpg\",\"articleSection\":[\"Lettere Opinioni\"],\"inLanguage\":\"fr-FR\"},{\"@type\":\"WebPage\",\"@id\":\"https:\\\/\\\/www.bellunopress.it\\\/2019\\\/02\\\/21\\\/autonomia-il-ministro-stefani-risponde-alle-domande-di-de-menech-non-ce-alcuna-intesa-al-momento-solo-bozze-di-lavoro-autonomia-dovra-rispettare-articolo-81-della-costituzione\\\/\",\"url\":\"https:\\\/\\\/www.bellunopress.it\\\/2019\\\/02\\\/21\\\/autonomia-il-ministro-stefani-risponde-alle-domande-di-de-menech-non-ce-alcuna-intesa-al-momento-solo-bozze-di-lavoro-autonomia-dovra-rispettare-articolo-81-della-costituzione\\\/\",\"name\":\"Autonomia. Il ministro Stefani \u00a0risponde alle domande di De Menech: \\\"Non c'\u00e8 alcuna intesa, al momento solo bozze di lavoro. Autonomia dovr\u00e0 rispettare articolo 81 della Costituzione\\\" - Bellunopress - Dolomiti\",\"isPartOf\":{\"@id\":\"https:\\\/\\\/www.bellunopress.it\\\/#website\"},\"primaryImageOfPage\":{\"@id\":\"https:\\\/\\\/www.bellunopress.it\\\/2019\\\/02\\\/21\\\/autonomia-il-ministro-stefani-risponde-alle-domande-di-de-menech-non-ce-alcuna-intesa-al-momento-solo-bozze-di-lavoro-autonomia-dovra-rispettare-articolo-81-della-costituzione\\\/#primaryimage\"},\"image\":{\"@id\":\"https:\\\/\\\/www.bellunopress.it\\\/2019\\\/02\\\/21\\\/autonomia-il-ministro-stefani-risponde-alle-domande-di-de-menech-non-ce-alcuna-intesa-al-momento-solo-bozze-di-lavoro-autonomia-dovra-rispettare-articolo-81-della-costituzione\\\/#primaryimage\"},\"thumbnailUrl\":\"http:\\\/\\\/www.bellunopress.it\\\/wp-content\\\/uploads\\\/2013\\\/01\\\/roger-de-menech-1.jpg\",\"datePublished\":\"2019-02-21T12:11:51+00:00\",\"dateModified\":\"2019-02-21T14:08:20+00:00\",\"breadcrumb\":{\"@id\":\"https:\\\/\\\/www.bellunopress.it\\\/2019\\\/02\\\/21\\\/autonomia-il-ministro-stefani-risponde-alle-domande-di-de-menech-non-ce-alcuna-intesa-al-momento-solo-bozze-di-lavoro-autonomia-dovra-rispettare-articolo-81-della-costituzione\\\/#breadcrumb\"},\"inLanguage\":\"fr-FR\",\"potentialAction\":[{\"@type\":\"ReadAction\",\"target\":[\"https:\\\/\\\/www.bellunopress.it\\\/2019\\\/02\\\/21\\\/autonomia-il-ministro-stefani-risponde-alle-domande-di-de-menech-non-ce-alcuna-intesa-al-momento-solo-bozze-di-lavoro-autonomia-dovra-rispettare-articolo-81-della-costituzione\\\/\"]}]},{\"@type\":\"ImageObject\",\"inLanguage\":\"fr-FR\",\"@id\":\"https:\\\/\\\/www.bellunopress.it\\\/2019\\\/02\\\/21\\\/autonomia-il-ministro-stefani-risponde-alle-domande-di-de-menech-non-ce-alcuna-intesa-al-momento-solo-bozze-di-lavoro-autonomia-dovra-rispettare-articolo-81-della-costituzione\\\/#primaryimage\",\"url\":\"http:\\\/\\\/www.bellunopress.it\\\/wp-content\\\/uploads\\\/2013\\\/01\\\/roger-de-menech-1.jpg\",\"contentUrl\":\"http:\\\/\\\/www.bellunopress.it\\\/wp-content\\\/uploads\\\/2013\\\/01\\\/roger-de-menech-1.jpg\"},{\"@type\":\"BreadcrumbList\",\"@id\":\"https:\\\/\\\/www.bellunopress.it\\\/2019\\\/02\\\/21\\\/autonomia-il-ministro-stefani-risponde-alle-domande-di-de-menech-non-ce-alcuna-intesa-al-momento-solo-bozze-di-lavoro-autonomia-dovra-rispettare-articolo-81-della-costituzione\\\/#breadcrumb\",\"itemListElement\":[{\"@type\":\"ListItem\",\"position\":1,\"name\":\"Home\",\"item\":\"https:\\\/\\\/www.bellunopress.it\\\/\"},{\"@type\":\"ListItem\",\"position\":2,\"name\":\"Autonomia. Il ministro Stefani \u00a0risponde alle domande di De Menech: &#8220;Non c&#8217;\u00e8 alcuna intesa, al momento solo bozze di lavoro. Autonomia dovr\u00e0 rispettare articolo 81 della Costituzione&#8221;\"}]},{\"@type\":\"WebSite\",\"@id\":\"https:\\\/\\\/www.bellunopress.it\\\/#website\",\"url\":\"https:\\\/\\\/www.bellunopress.it\\\/\",\"name\":\"Bellunopress - Dolomiti\",\"description\":\"e-mail: redazione@bellunopress.it\",\"publisher\":{\"@id\":\"https:\\\/\\\/www.bellunopress.it\\\/#organization\"},\"potentialAction\":[{\"@type\":\"SearchAction\",\"target\":{\"@type\":\"EntryPoint\",\"urlTemplate\":\"https:\\\/\\\/www.bellunopress.it\\\/?s={search_term_string}\"},\"query-input\":{\"@type\":\"PropertyValueSpecification\",\"valueRequired\":true,\"valueName\":\"search_term_string\"}}],\"inLanguage\":\"fr-FR\"},{\"@type\":\"Organization\",\"@id\":\"https:\\\/\\\/www.bellunopress.it\\\/#organization\",\"name\":\"Bellunopress\",\"url\":\"https:\\\/\\\/www.bellunopress.it\\\/\",\"logo\":{\"@type\":\"ImageObject\",\"inLanguage\":\"fr-FR\",\"@id\":\"https:\\\/\\\/www.bellunopress.it\\\/#\\\/schema\\\/logo\\\/image\\\/\",\"url\":\"https:\\\/\\\/www.bellunopress.it\\\/wp-content\\\/uploads\\\/2011\\\/05\\\/cropped-logo-bellunopress-.jpg\",\"contentUrl\":\"https:\\\/\\\/www.bellunopress.it\\\/wp-content\\\/uploads\\\/2011\\\/05\\\/cropped-logo-bellunopress-.jpg\",\"width\":512,\"height\":512,\"caption\":\"Bellunopress\"},\"image\":{\"@id\":\"https:\\\/\\\/www.bellunopress.it\\\/#\\\/schema\\\/logo\\\/image\\\/\"},\"sameAs\":[\"https:\\\/\\\/www.facebook.com\\\/profile.php?id=100008943462799\",\"https:\\\/\\\/x.com\\\/bellunopress\",\"https:\\\/\\\/www.linkedin.com\\\/hp\\\/?dnr=JBzUWaJfMUw8vbXJJ2tVW5-I3jZKvC4wsoxE&amp;amp;amp;amp;amp;amp;trk=nav_responsive_tab_home\",\"https:\\\/\\\/www.youtube.com\\\/channel\\\/UCxL0wu1uN0_3_7hGG0306cw\"]},{\"@type\":\"Person\",\"@id\":\"https:\\\/\\\/www.bellunopress.it\\\/#\\\/schema\\\/person\\\/79bb06722b37ece1c03d3e94beb30d73\",\"name\":\"redazione\",\"image\":{\"@type\":\"ImageObject\",\"inLanguage\":\"fr-FR\",\"@id\":\"https:\\\/\\\/secure.gravatar.com\\\/avatar\\\/37d968a2e67a6fd04c169c4bdef102d0bc5d31b2546345219e348575eb80e9a0?s=96&d=mm&r=g\",\"url\":\"https:\\\/\\\/secure.gravatar.com\\\/avatar\\\/37d968a2e67a6fd04c169c4bdef102d0bc5d31b2546345219e348575eb80e9a0?s=96&d=mm&r=g\",\"contentUrl\":\"https:\\\/\\\/secure.gravatar.com\\\/avatar\\\/37d968a2e67a6fd04c169c4bdef102d0bc5d31b2546345219e348575eb80e9a0?s=96&d=mm&r=g\",\"caption\":\"redazione\"},\"sameAs\":[\"http:\\\/\\\/www.bellunopress.it\",\"https:\\\/\\\/x.com\\\/bellunopress\"],\"url\":\"https:\\\/\\\/www.bellunopress.it\\\/fr\\\/author\\\/redazione\\\/\"}]}<\/script>\n<!-- \/ Yoast SEO plugin. -->","yoast_head_json":{"title":"Autonomia. Il ministro Stefani \u00a0risponde alle domande di De Menech: \"Non c'\u00e8 alcuna intesa, al momento solo bozze di lavoro. Autonomia dovr\u00e0 rispettare articolo 81 della Costituzione\" - Bellunopress - Dolomiti","robots":{"index":"index","follow":"follow","max-snippet":"max-snippet:-1","max-image-preview":"max-image-preview:large","max-video-preview":"max-video-preview:-1"},"canonical":"https:\/\/www.bellunopress.it\/fr\/2019\/02\/21\/autonomia-il-ministro-stefani-risponde-alle-domande-di-de-menech-non-ce-alcuna-intesa-al-momento-solo-bozze-di-lavoro-autonomia-dovra-rispettare-articolo-81-della-costituzione\/","og_locale":"fr_FR","og_type":"article","og_title":"Autonomia. Il ministro Stefani \u00a0risponde alle domande di De Menech: \"Non c'\u00e8 alcuna intesa, al momento solo bozze di lavoro. Autonomia dovr\u00e0 rispettare articolo 81 della Costituzione\" - Bellunopress - Dolomiti","og_description":"Roma, 21 febbraio 2019 _ Non c\u2019\u00e8 alcuna intesa tra il governo e le regioni che hanno avviato il percorso per ottenere l\u2019autonomia in base alla Costituzione. Lo ha ammesso questa mattina il ministro Stefani rispondendo alle domande del deputato veneto Roger De Menech in commissione per l\u2019Attuazione del federalismo fiscale. \u00abL\u2019intesa non c\u2019\u00e8 ha [&hellip;]","og_url":"https:\/\/www.bellunopress.it\/fr\/2019\/02\/21\/autonomia-il-ministro-stefani-risponde-alle-domande-di-de-menech-non-ce-alcuna-intesa-al-momento-solo-bozze-di-lavoro-autonomia-dovra-rispettare-articolo-81-della-costituzione\/","og_site_name":"Bellunopress - Dolomiti","article_publisher":"https:\/\/www.facebook.com\/profile.php?id=100008943462799","article_published_time":"2019-02-21T12:11:51+00:00","article_modified_time":"2019-02-21T14:08:20+00:00","og_image":[{"url":"http:\/\/www.bellunopress.it\/wp-content\/uploads\/2013\/01\/roger-de-menech-1.jpg","type":"","width":"","height":""}],"author":"redazione","twitter_card":"summary_large_image","twitter_creator":"@bellunopress","twitter_site":"@bellunopress","twitter_misc":{"Written by":"redazione","Est. reading time":"2 minutes"},"schema":{"@context":"https:\/\/schema.org","@graph":[{"@type":"Article","@id":"https:\/\/www.bellunopress.it\/2019\/02\/21\/autonomia-il-ministro-stefani-risponde-alle-domande-di-de-menech-non-ce-alcuna-intesa-al-momento-solo-bozze-di-lavoro-autonomia-dovra-rispettare-articolo-81-della-costituzione\/#article","isPartOf":{"@id":"https:\/\/www.bellunopress.it\/2019\/02\/21\/autonomia-il-ministro-stefani-risponde-alle-domande-di-de-menech-non-ce-alcuna-intesa-al-momento-solo-bozze-di-lavoro-autonomia-dovra-rispettare-articolo-81-della-costituzione\/"},"author":{"name":"redazione","@id":"https:\/\/www.bellunopress.it\/#\/schema\/person\/79bb06722b37ece1c03d3e94beb30d73"},"headline":"Autonomia. Il ministro Stefani \u00a0risponde alle domande di De Menech: &#8220;Non c&#8217;\u00e8 alcuna intesa, al momento solo bozze di lavoro. Autonomia dovr\u00e0 rispettare articolo 81 della Costituzione&#8221;","datePublished":"2019-02-21T12:11:51+00:00","dateModified":"2019-02-21T14:08:20+00:00","mainEntityOfPage":{"@id":"https:\/\/www.bellunopress.it\/2019\/02\/21\/autonomia-il-ministro-stefani-risponde-alle-domande-di-de-menech-non-ce-alcuna-intesa-al-momento-solo-bozze-di-lavoro-autonomia-dovra-rispettare-articolo-81-della-costituzione\/"},"wordCount":373,"publisher":{"@id":"https:\/\/www.bellunopress.it\/#organization"},"image":{"@id":"https:\/\/www.bellunopress.it\/2019\/02\/21\/autonomia-il-ministro-stefani-risponde-alle-domande-di-de-menech-non-ce-alcuna-intesa-al-momento-solo-bozze-di-lavoro-autonomia-dovra-rispettare-articolo-81-della-costituzione\/#primaryimage"},"thumbnailUrl":"http:\/\/www.bellunopress.it\/wp-content\/uploads\/2013\/01\/roger-de-menech-1.jpg","articleSection":["Lettere Opinioni"],"inLanguage":"fr-FR"},{"@type":"WebPage","@id":"https:\/\/www.bellunopress.it\/2019\/02\/21\/autonomia-il-ministro-stefani-risponde-alle-domande-di-de-menech-non-ce-alcuna-intesa-al-momento-solo-bozze-di-lavoro-autonomia-dovra-rispettare-articolo-81-della-costituzione\/","url":"https:\/\/www.bellunopress.it\/2019\/02\/21\/autonomia-il-ministro-stefani-risponde-alle-domande-di-de-menech-non-ce-alcuna-intesa-al-momento-solo-bozze-di-lavoro-autonomia-dovra-rispettare-articolo-81-della-costituzione\/","name":"Autonomia. Il ministro Stefani \u00a0risponde alle domande di De Menech: \"Non c'\u00e8 alcuna intesa, al momento solo bozze di lavoro. Autonomia dovr\u00e0 rispettare articolo 81 della Costituzione\" - Bellunopress - Dolomiti","isPartOf":{"@id":"https:\/\/www.bellunopress.it\/#website"},"primaryImageOfPage":{"@id":"https:\/\/www.bellunopress.it\/2019\/02\/21\/autonomia-il-ministro-stefani-risponde-alle-domande-di-de-menech-non-ce-alcuna-intesa-al-momento-solo-bozze-di-lavoro-autonomia-dovra-rispettare-articolo-81-della-costituzione\/#primaryimage"},"image":{"@id":"https:\/\/www.bellunopress.it\/2019\/02\/21\/autonomia-il-ministro-stefani-risponde-alle-domande-di-de-menech-non-ce-alcuna-intesa-al-momento-solo-bozze-di-lavoro-autonomia-dovra-rispettare-articolo-81-della-costituzione\/#primaryimage"},"thumbnailUrl":"http:\/\/www.bellunopress.it\/wp-content\/uploads\/2013\/01\/roger-de-menech-1.jpg","datePublished":"2019-02-21T12:11:51+00:00","dateModified":"2019-02-21T14:08:20+00:00","breadcrumb":{"@id":"https:\/\/www.bellunopress.it\/2019\/02\/21\/autonomia-il-ministro-stefani-risponde-alle-domande-di-de-menech-non-ce-alcuna-intesa-al-momento-solo-bozze-di-lavoro-autonomia-dovra-rispettare-articolo-81-della-costituzione\/#breadcrumb"},"inLanguage":"fr-FR","potentialAction":[{"@type":"ReadAction","target":["https:\/\/www.bellunopress.it\/2019\/02\/21\/autonomia-il-ministro-stefani-risponde-alle-domande-di-de-menech-non-ce-alcuna-intesa-al-momento-solo-bozze-di-lavoro-autonomia-dovra-rispettare-articolo-81-della-costituzione\/"]}]},{"@type":"ImageObject","inLanguage":"fr-FR","@id":"https:\/\/www.bellunopress.it\/2019\/02\/21\/autonomia-il-ministro-stefani-risponde-alle-domande-di-de-menech-non-ce-alcuna-intesa-al-momento-solo-bozze-di-lavoro-autonomia-dovra-rispettare-articolo-81-della-costituzione\/#primaryimage","url":"http:\/\/www.bellunopress.it\/wp-content\/uploads\/2013\/01\/roger-de-menech-1.jpg","contentUrl":"http:\/\/www.bellunopress.it\/wp-content\/uploads\/2013\/01\/roger-de-menech-1.jpg"},{"@type":"BreadcrumbList","@id":"https:\/\/www.bellunopress.it\/2019\/02\/21\/autonomia-il-ministro-stefani-risponde-alle-domande-di-de-menech-non-ce-alcuna-intesa-al-momento-solo-bozze-di-lavoro-autonomia-dovra-rispettare-articolo-81-della-costituzione\/#breadcrumb","itemListElement":[{"@type":"ListItem","position":1,"name":"Home","item":"https:\/\/www.bellunopress.it\/"},{"@type":"ListItem","position":2,"name":"Autonomia. Il ministro Stefani \u00a0risponde alle domande di De Menech: &#8220;Non c&#8217;\u00e8 alcuna intesa, al momento solo bozze di lavoro. Autonomia dovr\u00e0 rispettare articolo 81 della Costituzione&#8221;"}]},{"@type":"WebSite","@id":"https:\/\/www.bellunopress.it\/#website","url":"https:\/\/www.bellunopress.it\/","name":"Bellunopress - Dolomiti","description":"e-mail: redazione@bellunopress.it","publisher":{"@id":"https:\/\/www.bellunopress.it\/#organization"},"potentialAction":[{"@type":"SearchAction","target":{"@type":"EntryPoint","urlTemplate":"https:\/\/www.bellunopress.it\/?s={search_term_string}"},"query-input":{"@type":"PropertyValueSpecification","valueRequired":true,"valueName":"search_term_string"}}],"inLanguage":"fr-FR"},{"@type":"Organization","@id":"https:\/\/www.bellunopress.it\/#organization","name":"Bellunopress","url":"https:\/\/www.bellunopress.it\/","logo":{"@type":"ImageObject","inLanguage":"fr-FR","@id":"https:\/\/www.bellunopress.it\/#\/schema\/logo\/image\/","url":"https:\/\/www.bellunopress.it\/wp-content\/uploads\/2011\/05\/cropped-logo-bellunopress-.jpg","contentUrl":"https:\/\/www.bellunopress.it\/wp-content\/uploads\/2011\/05\/cropped-logo-bellunopress-.jpg","width":512,"height":512,"caption":"Bellunopress"},"image":{"@id":"https:\/\/www.bellunopress.it\/#\/schema\/logo\/image\/"},"sameAs":["https:\/\/www.facebook.com\/profile.php?id=100008943462799","https:\/\/x.com\/bellunopress","https:\/\/www.linkedin.com\/hp\/?dnr=JBzUWaJfMUw8vbXJJ2tVW5-I3jZKvC4wsoxE&amp;amp;amp;amp;amp;amp;trk=nav_responsive_tab_home","https:\/\/www.youtube.com\/channel\/UCxL0wu1uN0_3_7hGG0306cw"]},{"@type":"Person","@id":"https:\/\/www.bellunopress.it\/#\/schema\/person\/79bb06722b37ece1c03d3e94beb30d73","name":"r\u00e9daction","image":{"@type":"ImageObject","inLanguage":"fr-FR","@id":"https:\/\/secure.gravatar.com\/avatar\/37d968a2e67a6fd04c169c4bdef102d0bc5d31b2546345219e348575eb80e9a0?s=96&d=mm&r=g","url":"https:\/\/secure.gravatar.com\/avatar\/37d968a2e67a6fd04c169c4bdef102d0bc5d31b2546345219e348575eb80e9a0?s=96&d=mm&r=g","contentUrl":"https:\/\/secure.gravatar.com\/avatar\/37d968a2e67a6fd04c169c4bdef102d0bc5d31b2546345219e348575eb80e9a0?s=96&d=mm&r=g","caption":"redazione"},"sameAs":["http:\/\/www.bellunopress.it","https:\/\/x.com\/bellunopress"],"url":"https:\/\/www.bellunopress.it\/fr\/author\/redazione\/"}]}},"_links":{"self":[{"href":"https:\/\/www.bellunopress.it\/fr\/wp-json\/wp\/v2\/posts\/102257","targetHints":{"allow":["GET"]}}],"collection":[{"href":"https:\/\/www.bellunopress.it\/fr\/wp-json\/wp\/v2\/posts"}],"about":[{"href":"https:\/\/www.bellunopress.it\/fr\/wp-json\/wp\/v2\/types\/post"}],"author":[{"embeddable":true,"href":"https:\/\/www.bellunopress.it\/fr\/wp-json\/wp\/v2\/users\/2"}],"replies":[{"embeddable":true,"href":"https:\/\/www.bellunopress.it\/fr\/wp-json\/wp\/v2\/comments?post=102257"}],"version-history":[{"count":3,"href":"https:\/\/www.bellunopress.it\/fr\/wp-json\/wp\/v2\/posts\/102257\/revisions"}],"predecessor-version":[{"id":102268,"href":"https:\/\/www.bellunopress.it\/fr\/wp-json\/wp\/v2\/posts\/102257\/revisions\/102268"}],"wp:attachment":[{"href":"https:\/\/www.bellunopress.it\/fr\/wp-json\/wp\/v2\/media?parent=102257"}],"wp:term":[{"taxonomy":"category","embeddable":true,"href":"https:\/\/www.bellunopress.it\/fr\/wp-json\/wp\/v2\/categories?post=102257"},{"taxonomy":"post_tag","embeddable":true,"href":"https:\/\/www.bellunopress.it\/fr\/wp-json\/wp\/v2\/tags?post=102257"}],"curies":[{"name":"wp","href":"https:\/\/api.w.org\/{rel}","templated":true}]}}