{"id":102247,"date":"2019-02-21T11:09:15","date_gmt":"2019-02-21T10:09:15","guid":{"rendered":"http:\/\/www.bellunopress.it\/?p=102247"},"modified":"2019-02-21T11:09:16","modified_gmt":"2019-02-21T10:09:16","slug":"nellanno-del-suo-25-anniversario-genertel-porta-a-trieste-la-piu-grande-mostra-di-lego-in-italia-ogni-domenica-laboratori-gratuiti-per-le-famiglie","status":"publish","type":"post","link":"https:\/\/www.bellunopress.it\/fr\/2019\/02\/21\/nellanno-del-suo-25-anniversario-genertel-porta-a-trieste-la-piu-grande-mostra-di-lego-in-italia-ogni-domenica-laboratori-gratuiti-per-le-famiglie\/","title":{"rendered":"Nell&#8217;anno del suo 25\u00b0 anniversario Genertel porta a Trieste la pi\u00f9 grande mostra di Lego in Italia.\u00a0Ogni domenica laboratori gratuiti per le famiglie"},"content":{"rendered":"<p>Genertel, la compagnia diretta di Generali Italia nata a Trieste nel 1994, compie 25 anni e porta nel capoluogo del Friuli Venezia Giulia oltre 1.000.000 di mattoncini assemblabili che andranno a comporre citt\u00e0 moderne e monumenti antichi per oltre 100 metri quadrati di scenari LEGO.<br \/>\nL&#8217;esposizione \u00e8 sostenuta da Genertel attraverso Generali Valore Cultura, il programma per rendere l&#8217;arte e la cultura accessibili a un pubblico sempre pi\u00f9 vasto.<\/p>\n<p><a href=\"http:\/\/www.bellunopress.it\/fr\/2019\/02\/21\/nellanno-del-suo-25-anniversario-genertel-porta-a-trieste-la-piu-grande-mostra-di-lego-in-italia-ogni-domenica-laboratori-gratuiti-per-le-famiglie\/lego\/\" rel=\"attachment wp-att-102248\"><img loading=\"lazy\" decoding=\"async\" class=\"alignleft size-full wp-image-102248\" src=\"http:\/\/www.bellunopress.it\/wp-content\/uploads\/2019\/02\/lego.jpg\" alt=\"\" width=\"300\" height=\"225\" \/><\/a>I LOVE LEGO aprir\u00e0 le porte il 21 febbraio e grazie a Genertel ogni domenica saranno offerti laboratori creativi per adulti e bambini.<\/p>\n<p>I vari &#8220;mondi in miniatura&#8221;, per decine di metri quadrati di esposizione, dalla citt\u00e0 contemporanea ideale alle avventure leggendarie dei pirati, dai paesaggi medievali agli splendori dell&#8217;Antica Roma, sono stati minuziosamente progettati e costruiti da RomaBrick, uno dei LUG (Lego\u00ae User Group) pi\u00f9 antichi d&#8217;Europa e opera con una modalit\u00e0 peculiare.<br \/>\nIl progetto prevede poi il coinvolgimento di giovani artisti che hanno realizzato opere a tema LEGO esposte nel Salone degli Incanti per promuovere l&#8217;arte contemporanea della scena attuale.<br \/>\nFabio Ferrone Viola, Luigi Folliero, Irem Incedayi, Daniele Clementucci e Corrado Delfini sono alcuni degli artisti presenti in mostra.<\/p>\n<p>Anche I LOVE LEGO parteciper\u00e0 ai campionati Europei di calcio Under 21 in programma a giugno a Trieste, riproducendo con i suoi mattoncini un campo di calcio e vestendo suoi omini\/giocatori con le maglie delle nazionali partecipanti.<\/p>\n<p>I LOVE LEGO \u00e8 una mostra del Comune di Trieste, in co-organizzazione con l&#8217;Associazione Culturale Arthemisia, che vede come main partner Generali Valore Cultura con Genertel, in collaborazione con RomaBrick, uno dei LUG (Lego\u00ae User Group) pi\u00f9 antichi d&#8217;Europa ed \u00e8 realizzata con oltre 1.000.000 di moduli LEGO e ogni mondo contiene elementi dinamici, sistemi di automazione e di illuminazione.<\/p>\n<p>Grazie a &#8220;L&#8217;Arte della Solidariet\u00e0&#8221;, con I LOVE LEGO sar\u00e0 sostenuto il Centro per &#8220;Ora di Futuro&#8221; gestito dalla Onlus &#8220;Centro per la salute del Bambino&#8221; (CSB).<br \/>\nParte del biglietto di mostra sar\u00e0 destinato alle attivit\u00e0 del Centro dedicate alle famiglie con bambini da 0 a 6 anni. Il ricavato sar\u00e0 raddoppiato da Generali e The Human Safety Net.<br \/>\nCon &#8220;L&#8217;Arte della Solidariet\u00e0&#8221; Arthemisia e Komen daranno un contributo attivo all&#8217;iniziativa offrendo unit\u00e0 mobili esami di prevenzione gratuita alle mamme delle famiglie assistite.<\/p>\n<p>Orario apertura<br \/>\nLuned\u00ec Chiuso<br \/>\nDa marted\u00ec a venerd\u00ec dalle ore 10.00 alle ore 18.00<br \/>\nSabato, domenica e festivi dalle ore 10.00 alle ore 19.00<br \/>\n(ultimo ingresso 45 minuti prima)<\/p>\n<p>Biglietti<br \/>\nIntero \u20ac 11,00<br \/>\nRidotto \u20ac 9,00<\/p>","protected":false},"excerpt":{"rendered":"<p>Genertel, la compagnia diretta di Generali Italia nata a Trieste nel 1994, compie 25 anni e porta nel capoluogo del Friuli Venezia Giulia oltre 1.000.000 di mattoncini assemblabili che andranno a comporre citt\u00e0 moderne e monumenti antichi per oltre 100 metri quadrati di scenari LEGO. L&#8217;esposizione \u00e8 sostenuta da Genertel attraverso Generali Valore Cultura, il [&hellip;]<\/p>\n","protected":false},"author":2,"featured_media":0,"comment_status":"closed","ping_status":"open","sticky":false,"template":"","format":"standard","meta":{"footnotes":""},"categories":[3394],"tags":[],"class_list":["post-102247","post","type-post","status-publish","format-standard","category-cultura-e-spettacoli-fuori-provincia"],"yoast_head":"<!-- This site is optimized with the Yoast SEO plugin v28.4 - https:\/\/yoast.com\/product\/yoast-seo-wordpress\/ -->\n<title>Nell&#039;anno del suo 25\u00b0 anniversario Genertel porta a Trieste la pi\u00f9 grande mostra di Lego in Italia.\u00a0Ogni domenica laboratori gratuiti per le famiglie - Bellunopress - Dolomiti<\/title>\n<meta name=\"robots\" content=\"index, follow, max-snippet:-1, max-image-preview:large, max-video-preview:-1\" \/>\n<link rel=\"canonical\" href=\"https:\/\/www.bellunopress.it\/fr\/2019\/02\/21\/nellanno-del-suo-25-anniversario-genertel-porta-a-trieste-la-piu-grande-mostra-di-lego-in-italia-ogni-domenica-laboratori-gratuiti-per-le-famiglie\/\" \/>\n<meta property=\"og:locale\" content=\"fr_FR\" \/>\n<meta property=\"og:type\" content=\"article\" \/>\n<meta property=\"og:title\" content=\"Nell&#039;anno del suo 25\u00b0 anniversario Genertel porta a Trieste la pi\u00f9 grande mostra di Lego in Italia.\u00a0Ogni domenica laboratori gratuiti per le famiglie - Bellunopress - Dolomiti\" \/>\n<meta property=\"og:description\" content=\"Genertel, la compagnia diretta di Generali Italia nata a Trieste nel 1994, compie 25 anni e porta nel capoluogo del Friuli Venezia Giulia oltre 1.000.000 di mattoncini assemblabili che andranno a comporre citt\u00e0 moderne e monumenti antichi per oltre 100 metri quadrati di scenari LEGO. L&#8217;esposizione \u00e8 sostenuta da Genertel attraverso Generali Valore Cultura, il [&hellip;]\" \/>\n<meta property=\"og:url\" content=\"https:\/\/www.bellunopress.it\/fr\/2019\/02\/21\/nellanno-del-suo-25-anniversario-genertel-porta-a-trieste-la-piu-grande-mostra-di-lego-in-italia-ogni-domenica-laboratori-gratuiti-per-le-famiglie\/\" \/>\n<meta property=\"og:site_name\" content=\"Bellunopress - Dolomiti\" \/>\n<meta property=\"article:publisher\" content=\"https:\/\/www.facebook.com\/profile.php?id=100008943462799\" \/>\n<meta property=\"article:published_time\" content=\"2019-02-21T10:09:15+00:00\" \/>\n<meta property=\"article:modified_time\" content=\"2019-02-21T10:09:16+00:00\" \/>\n<meta property=\"og:image\" content=\"http:\/\/www.bellunopress.it\/wp-content\/uploads\/2019\/02\/lego.jpg\" \/>\n<meta name=\"author\" content=\"redazione\" \/>\n<meta name=\"twitter:card\" content=\"summary_large_image\" \/>\n<meta name=\"twitter:creator\" content=\"@bellunopress\" \/>\n<meta name=\"twitter:site\" content=\"@bellunopress\" \/>\n<meta name=\"twitter:label1\" content=\"\u00c9crit par\" \/>\n\t<meta name=\"twitter:data1\" content=\"redazione\" \/>\n\t<meta name=\"twitter:label2\" content=\"Dur\u00e9e de lecture estim\u00e9e\" \/>\n\t<meta name=\"twitter:data2\" content=\"2 minutes\" \/>\n<script type=\"application\/ld+json\" class=\"yoast-schema-graph\">{\"@context\":\"https:\\\/\\\/schema.org\",\"@graph\":[{\"@type\":\"Article\",\"@id\":\"https:\\\/\\\/www.bellunopress.it\\\/2019\\\/02\\\/21\\\/nellanno-del-suo-25-anniversario-genertel-porta-a-trieste-la-piu-grande-mostra-di-lego-in-italia-ogni-domenica-laboratori-gratuiti-per-le-famiglie\\\/#article\",\"isPartOf\":{\"@id\":\"https:\\\/\\\/www.bellunopress.it\\\/2019\\\/02\\\/21\\\/nellanno-del-suo-25-anniversario-genertel-porta-a-trieste-la-piu-grande-mostra-di-lego-in-italia-ogni-domenica-laboratori-gratuiti-per-le-famiglie\\\/\"},\"author\":{\"name\":\"redazione\",\"@id\":\"https:\\\/\\\/www.bellunopress.it\\\/#\\\/schema\\\/person\\\/79bb06722b37ece1c03d3e94beb30d73\"},\"headline\":\"Nell&#8217;anno del suo 25\u00b0 anniversario Genertel porta a Trieste la pi\u00f9 grande mostra di Lego in Italia.\u00a0Ogni domenica laboratori gratuiti per le famiglie\",\"datePublished\":\"2019-02-21T10:09:15+00:00\",\"dateModified\":\"2019-02-21T10:09:16+00:00\",\"mainEntityOfPage\":{\"@id\":\"https:\\\/\\\/www.bellunopress.it\\\/2019\\\/02\\\/21\\\/nellanno-del-suo-25-anniversario-genertel-porta-a-trieste-la-piu-grande-mostra-di-lego-in-italia-ogni-domenica-laboratori-gratuiti-per-le-famiglie\\\/\"},\"wordCount\":420,\"publisher\":{\"@id\":\"https:\\\/\\\/www.bellunopress.it\\\/#organization\"},\"image\":{\"@id\":\"https:\\\/\\\/www.bellunopress.it\\\/2019\\\/02\\\/21\\\/nellanno-del-suo-25-anniversario-genertel-porta-a-trieste-la-piu-grande-mostra-di-lego-in-italia-ogni-domenica-laboratori-gratuiti-per-le-famiglie\\\/#primaryimage\"},\"thumbnailUrl\":\"http:\\\/\\\/www.bellunopress.it\\\/wp-content\\\/uploads\\\/2019\\\/02\\\/lego.jpg\",\"articleSection\":[\"Cultura e spettacoli, tempo libero, benessere, fuori provincia\"],\"inLanguage\":\"fr-FR\"},{\"@type\":\"WebPage\",\"@id\":\"https:\\\/\\\/www.bellunopress.it\\\/2019\\\/02\\\/21\\\/nellanno-del-suo-25-anniversario-genertel-porta-a-trieste-la-piu-grande-mostra-di-lego-in-italia-ogni-domenica-laboratori-gratuiti-per-le-famiglie\\\/\",\"url\":\"https:\\\/\\\/www.bellunopress.it\\\/2019\\\/02\\\/21\\\/nellanno-del-suo-25-anniversario-genertel-porta-a-trieste-la-piu-grande-mostra-di-lego-in-italia-ogni-domenica-laboratori-gratuiti-per-le-famiglie\\\/\",\"name\":\"Nell'anno del suo 25\u00b0 anniversario Genertel porta a Trieste la pi\u00f9 grande mostra di Lego in Italia.\u00a0Ogni domenica laboratori gratuiti per le famiglie - Bellunopress - Dolomiti\",\"isPartOf\":{\"@id\":\"https:\\\/\\\/www.bellunopress.it\\\/#website\"},\"primaryImageOfPage\":{\"@id\":\"https:\\\/\\\/www.bellunopress.it\\\/2019\\\/02\\\/21\\\/nellanno-del-suo-25-anniversario-genertel-porta-a-trieste-la-piu-grande-mostra-di-lego-in-italia-ogni-domenica-laboratori-gratuiti-per-le-famiglie\\\/#primaryimage\"},\"image\":{\"@id\":\"https:\\\/\\\/www.bellunopress.it\\\/2019\\\/02\\\/21\\\/nellanno-del-suo-25-anniversario-genertel-porta-a-trieste-la-piu-grande-mostra-di-lego-in-italia-ogni-domenica-laboratori-gratuiti-per-le-famiglie\\\/#primaryimage\"},\"thumbnailUrl\":\"http:\\\/\\\/www.bellunopress.it\\\/wp-content\\\/uploads\\\/2019\\\/02\\\/lego.jpg\",\"datePublished\":\"2019-02-21T10:09:15+00:00\",\"dateModified\":\"2019-02-21T10:09:16+00:00\",\"breadcrumb\":{\"@id\":\"https:\\\/\\\/www.bellunopress.it\\\/2019\\\/02\\\/21\\\/nellanno-del-suo-25-anniversario-genertel-porta-a-trieste-la-piu-grande-mostra-di-lego-in-italia-ogni-domenica-laboratori-gratuiti-per-le-famiglie\\\/#breadcrumb\"},\"inLanguage\":\"fr-FR\",\"potentialAction\":[{\"@type\":\"ReadAction\",\"target\":[\"https:\\\/\\\/www.bellunopress.it\\\/2019\\\/02\\\/21\\\/nellanno-del-suo-25-anniversario-genertel-porta-a-trieste-la-piu-grande-mostra-di-lego-in-italia-ogni-domenica-laboratori-gratuiti-per-le-famiglie\\\/\"]}]},{\"@type\":\"ImageObject\",\"inLanguage\":\"fr-FR\",\"@id\":\"https:\\\/\\\/www.bellunopress.it\\\/2019\\\/02\\\/21\\\/nellanno-del-suo-25-anniversario-genertel-porta-a-trieste-la-piu-grande-mostra-di-lego-in-italia-ogni-domenica-laboratori-gratuiti-per-le-famiglie\\\/#primaryimage\",\"url\":\"http:\\\/\\\/www.bellunopress.it\\\/wp-content\\\/uploads\\\/2019\\\/02\\\/lego.jpg\",\"contentUrl\":\"http:\\\/\\\/www.bellunopress.it\\\/wp-content\\\/uploads\\\/2019\\\/02\\\/lego.jpg\"},{\"@type\":\"BreadcrumbList\",\"@id\":\"https:\\\/\\\/www.bellunopress.it\\\/2019\\\/02\\\/21\\\/nellanno-del-suo-25-anniversario-genertel-porta-a-trieste-la-piu-grande-mostra-di-lego-in-italia-ogni-domenica-laboratori-gratuiti-per-le-famiglie\\\/#breadcrumb\",\"itemListElement\":[{\"@type\":\"ListItem\",\"position\":1,\"name\":\"Home\",\"item\":\"https:\\\/\\\/www.bellunopress.it\\\/\"},{\"@type\":\"ListItem\",\"position\":2,\"name\":\"Nell&#8217;anno del suo 25\u00b0 anniversario Genertel porta a Trieste la pi\u00f9 grande mostra di Lego in Italia.\u00a0Ogni domenica laboratori gratuiti per le famiglie\"}]},{\"@type\":\"WebSite\",\"@id\":\"https:\\\/\\\/www.bellunopress.it\\\/#website\",\"url\":\"https:\\\/\\\/www.bellunopress.it\\\/\",\"name\":\"Bellunopress - Dolomiti\",\"description\":\"e-mail: redazione@bellunopress.it\",\"publisher\":{\"@id\":\"https:\\\/\\\/www.bellunopress.it\\\/#organization\"},\"potentialAction\":[{\"@type\":\"SearchAction\",\"target\":{\"@type\":\"EntryPoint\",\"urlTemplate\":\"https:\\\/\\\/www.bellunopress.it\\\/?s={search_term_string}\"},\"query-input\":{\"@type\":\"PropertyValueSpecification\",\"valueRequired\":true,\"valueName\":\"search_term_string\"}}],\"inLanguage\":\"fr-FR\"},{\"@type\":\"Organization\",\"@id\":\"https:\\\/\\\/www.bellunopress.it\\\/#organization\",\"name\":\"Bellunopress\",\"url\":\"https:\\\/\\\/www.bellunopress.it\\\/\",\"logo\":{\"@type\":\"ImageObject\",\"inLanguage\":\"fr-FR\",\"@id\":\"https:\\\/\\\/www.bellunopress.it\\\/#\\\/schema\\\/logo\\\/image\\\/\",\"url\":\"https:\\\/\\\/www.bellunopress.it\\\/wp-content\\\/uploads\\\/2011\\\/05\\\/cropped-logo-bellunopress-.jpg\",\"contentUrl\":\"https:\\\/\\\/www.bellunopress.it\\\/wp-content\\\/uploads\\\/2011\\\/05\\\/cropped-logo-bellunopress-.jpg\",\"width\":512,\"height\":512,\"caption\":\"Bellunopress\"},\"image\":{\"@id\":\"https:\\\/\\\/www.bellunopress.it\\\/#\\\/schema\\\/logo\\\/image\\\/\"},\"sameAs\":[\"https:\\\/\\\/www.facebook.com\\\/profile.php?id=100008943462799\",\"https:\\\/\\\/x.com\\\/bellunopress\",\"https:\\\/\\\/www.linkedin.com\\\/hp\\\/?dnr=JBzUWaJfMUw8vbXJJ2tVW5-I3jZKvC4wsoxE&amp;amp;amp;amp;amp;amp;trk=nav_responsive_tab_home\",\"https:\\\/\\\/www.youtube.com\\\/channel\\\/UCxL0wu1uN0_3_7hGG0306cw\"]},{\"@type\":\"Person\",\"@id\":\"https:\\\/\\\/www.bellunopress.it\\\/#\\\/schema\\\/person\\\/79bb06722b37ece1c03d3e94beb30d73\",\"name\":\"redazione\",\"image\":{\"@type\":\"ImageObject\",\"inLanguage\":\"fr-FR\",\"@id\":\"https:\\\/\\\/secure.gravatar.com\\\/avatar\\\/37d968a2e67a6fd04c169c4bdef102d0bc5d31b2546345219e348575eb80e9a0?s=96&d=mm&r=g\",\"url\":\"https:\\\/\\\/secure.gravatar.com\\\/avatar\\\/37d968a2e67a6fd04c169c4bdef102d0bc5d31b2546345219e348575eb80e9a0?s=96&d=mm&r=g\",\"contentUrl\":\"https:\\\/\\\/secure.gravatar.com\\\/avatar\\\/37d968a2e67a6fd04c169c4bdef102d0bc5d31b2546345219e348575eb80e9a0?s=96&d=mm&r=g\",\"caption\":\"redazione\"},\"sameAs\":[\"http:\\\/\\\/www.bellunopress.it\",\"https:\\\/\\\/x.com\\\/bellunopress\"],\"url\":\"https:\\\/\\\/www.bellunopress.it\\\/fr\\\/author\\\/redazione\\\/\"}]}<\/script>\n<!-- \/ Yoast SEO plugin. -->","yoast_head_json":{"title":"Nell'anno del suo 25\u00b0 anniversario Genertel porta a Trieste la pi\u00f9 grande mostra di Lego in Italia.\u00a0Ogni domenica laboratori gratuiti per le famiglie - Bellunopress - Dolomiti","robots":{"index":"index","follow":"follow","max-snippet":"max-snippet:-1","max-image-preview":"max-image-preview:large","max-video-preview":"max-video-preview:-1"},"canonical":"https:\/\/www.bellunopress.it\/fr\/2019\/02\/21\/nellanno-del-suo-25-anniversario-genertel-porta-a-trieste-la-piu-grande-mostra-di-lego-in-italia-ogni-domenica-laboratori-gratuiti-per-le-famiglie\/","og_locale":"fr_FR","og_type":"article","og_title":"Nell'anno del suo 25\u00b0 anniversario Genertel porta a Trieste la pi\u00f9 grande mostra di Lego in Italia.\u00a0Ogni domenica laboratori gratuiti per le famiglie - Bellunopress - Dolomiti","og_description":"Genertel, la compagnia diretta di Generali Italia nata a Trieste nel 1994, compie 25 anni e porta nel capoluogo del Friuli Venezia Giulia oltre 1.000.000 di mattoncini assemblabili che andranno a comporre citt\u00e0 moderne e monumenti antichi per oltre 100 metri quadrati di scenari LEGO. L&#8217;esposizione \u00e8 sostenuta da Genertel attraverso Generali Valore Cultura, il [&hellip;]","og_url":"https:\/\/www.bellunopress.it\/fr\/2019\/02\/21\/nellanno-del-suo-25-anniversario-genertel-porta-a-trieste-la-piu-grande-mostra-di-lego-in-italia-ogni-domenica-laboratori-gratuiti-per-le-famiglie\/","og_site_name":"Bellunopress - Dolomiti","article_publisher":"https:\/\/www.facebook.com\/profile.php?id=100008943462799","article_published_time":"2019-02-21T10:09:15+00:00","article_modified_time":"2019-02-21T10:09:16+00:00","og_image":[{"url":"http:\/\/www.bellunopress.it\/wp-content\/uploads\/2019\/02\/lego.jpg","type":"","width":"","height":""}],"author":"redazione","twitter_card":"summary_large_image","twitter_creator":"@bellunopress","twitter_site":"@bellunopress","twitter_misc":{"\u00c9crit par":"redazione","Dur\u00e9e de lecture estim\u00e9e":"2 minutes"},"schema":{"@context":"https:\/\/schema.org","@graph":[{"@type":"Article","@id":"https:\/\/www.bellunopress.it\/2019\/02\/21\/nellanno-del-suo-25-anniversario-genertel-porta-a-trieste-la-piu-grande-mostra-di-lego-in-italia-ogni-domenica-laboratori-gratuiti-per-le-famiglie\/#article","isPartOf":{"@id":"https:\/\/www.bellunopress.it\/2019\/02\/21\/nellanno-del-suo-25-anniversario-genertel-porta-a-trieste-la-piu-grande-mostra-di-lego-in-italia-ogni-domenica-laboratori-gratuiti-per-le-famiglie\/"},"author":{"name":"redazione","@id":"https:\/\/www.bellunopress.it\/#\/schema\/person\/79bb06722b37ece1c03d3e94beb30d73"},"headline":"Nell&#8217;anno del suo 25\u00b0 anniversario Genertel porta a Trieste la pi\u00f9 grande mostra di Lego in Italia.\u00a0Ogni domenica laboratori gratuiti per le famiglie","datePublished":"2019-02-21T10:09:15+00:00","dateModified":"2019-02-21T10:09:16+00:00","mainEntityOfPage":{"@id":"https:\/\/www.bellunopress.it\/2019\/02\/21\/nellanno-del-suo-25-anniversario-genertel-porta-a-trieste-la-piu-grande-mostra-di-lego-in-italia-ogni-domenica-laboratori-gratuiti-per-le-famiglie\/"},"wordCount":420,"publisher":{"@id":"https:\/\/www.bellunopress.it\/#organization"},"image":{"@id":"https:\/\/www.bellunopress.it\/2019\/02\/21\/nellanno-del-suo-25-anniversario-genertel-porta-a-trieste-la-piu-grande-mostra-di-lego-in-italia-ogni-domenica-laboratori-gratuiti-per-le-famiglie\/#primaryimage"},"thumbnailUrl":"http:\/\/www.bellunopress.it\/wp-content\/uploads\/2019\/02\/lego.jpg","articleSection":["Cultura e spettacoli, tempo libero, benessere, fuori provincia"],"inLanguage":"fr-FR"},{"@type":"WebPage","@id":"https:\/\/www.bellunopress.it\/2019\/02\/21\/nellanno-del-suo-25-anniversario-genertel-porta-a-trieste-la-piu-grande-mostra-di-lego-in-italia-ogni-domenica-laboratori-gratuiti-per-le-famiglie\/","url":"https:\/\/www.bellunopress.it\/2019\/02\/21\/nellanno-del-suo-25-anniversario-genertel-porta-a-trieste-la-piu-grande-mostra-di-lego-in-italia-ogni-domenica-laboratori-gratuiti-per-le-famiglie\/","name":"Nell'anno del suo 25\u00b0 anniversario Genertel porta a Trieste la pi\u00f9 grande mostra di Lego in Italia.\u00a0Ogni domenica laboratori gratuiti per le famiglie - Bellunopress - Dolomiti","isPartOf":{"@id":"https:\/\/www.bellunopress.it\/#website"},"primaryImageOfPage":{"@id":"https:\/\/www.bellunopress.it\/2019\/02\/21\/nellanno-del-suo-25-anniversario-genertel-porta-a-trieste-la-piu-grande-mostra-di-lego-in-italia-ogni-domenica-laboratori-gratuiti-per-le-famiglie\/#primaryimage"},"image":{"@id":"https:\/\/www.bellunopress.it\/2019\/02\/21\/nellanno-del-suo-25-anniversario-genertel-porta-a-trieste-la-piu-grande-mostra-di-lego-in-italia-ogni-domenica-laboratori-gratuiti-per-le-famiglie\/#primaryimage"},"thumbnailUrl":"http:\/\/www.bellunopress.it\/wp-content\/uploads\/2019\/02\/lego.jpg","datePublished":"2019-02-21T10:09:15+00:00","dateModified":"2019-02-21T10:09:16+00:00","breadcrumb":{"@id":"https:\/\/www.bellunopress.it\/2019\/02\/21\/nellanno-del-suo-25-anniversario-genertel-porta-a-trieste-la-piu-grande-mostra-di-lego-in-italia-ogni-domenica-laboratori-gratuiti-per-le-famiglie\/#breadcrumb"},"inLanguage":"fr-FR","potentialAction":[{"@type":"ReadAction","target":["https:\/\/www.bellunopress.it\/2019\/02\/21\/nellanno-del-suo-25-anniversario-genertel-porta-a-trieste-la-piu-grande-mostra-di-lego-in-italia-ogni-domenica-laboratori-gratuiti-per-le-famiglie\/"]}]},{"@type":"ImageObject","inLanguage":"fr-FR","@id":"https:\/\/www.bellunopress.it\/2019\/02\/21\/nellanno-del-suo-25-anniversario-genertel-porta-a-trieste-la-piu-grande-mostra-di-lego-in-italia-ogni-domenica-laboratori-gratuiti-per-le-famiglie\/#primaryimage","url":"http:\/\/www.bellunopress.it\/wp-content\/uploads\/2019\/02\/lego.jpg","contentUrl":"http:\/\/www.bellunopress.it\/wp-content\/uploads\/2019\/02\/lego.jpg"},{"@type":"BreadcrumbList","@id":"https:\/\/www.bellunopress.it\/2019\/02\/21\/nellanno-del-suo-25-anniversario-genertel-porta-a-trieste-la-piu-grande-mostra-di-lego-in-italia-ogni-domenica-laboratori-gratuiti-per-le-famiglie\/#breadcrumb","itemListElement":[{"@type":"ListItem","position":1,"name":"Home","item":"https:\/\/www.bellunopress.it\/"},{"@type":"ListItem","position":2,"name":"Nell&#8217;anno del suo 25\u00b0 anniversario Genertel porta a Trieste la pi\u00f9 grande mostra di Lego in Italia.\u00a0Ogni domenica laboratori gratuiti per le famiglie"}]},{"@type":"WebSite","@id":"https:\/\/www.bellunopress.it\/#website","url":"https:\/\/www.bellunopress.it\/","name":"Bellunopress - Dolomiti","description":"e-mail: redazione@bellunopress.it","publisher":{"@id":"https:\/\/www.bellunopress.it\/#organization"},"potentialAction":[{"@type":"SearchAction","target":{"@type":"EntryPoint","urlTemplate":"https:\/\/www.bellunopress.it\/?s={search_term_string}"},"query-input":{"@type":"PropertyValueSpecification","valueRequired":true,"valueName":"search_term_string"}}],"inLanguage":"fr-FR"},{"@type":"Organization","@id":"https:\/\/www.bellunopress.it\/#organization","name":"Bellunopress","url":"https:\/\/www.bellunopress.it\/","logo":{"@type":"ImageObject","inLanguage":"fr-FR","@id":"https:\/\/www.bellunopress.it\/#\/schema\/logo\/image\/","url":"https:\/\/www.bellunopress.it\/wp-content\/uploads\/2011\/05\/cropped-logo-bellunopress-.jpg","contentUrl":"https:\/\/www.bellunopress.it\/wp-content\/uploads\/2011\/05\/cropped-logo-bellunopress-.jpg","width":512,"height":512,"caption":"Bellunopress"},"image":{"@id":"https:\/\/www.bellunopress.it\/#\/schema\/logo\/image\/"},"sameAs":["https:\/\/www.facebook.com\/profile.php?id=100008943462799","https:\/\/x.com\/bellunopress","https:\/\/www.linkedin.com\/hp\/?dnr=JBzUWaJfMUw8vbXJJ2tVW5-I3jZKvC4wsoxE&amp;amp;amp;amp;amp;amp;trk=nav_responsive_tab_home","https:\/\/www.youtube.com\/channel\/UCxL0wu1uN0_3_7hGG0306cw"]},{"@type":"Person","@id":"https:\/\/www.bellunopress.it\/#\/schema\/person\/79bb06722b37ece1c03d3e94beb30d73","name":"r\u00e9daction","image":{"@type":"ImageObject","inLanguage":"fr-FR","@id":"https:\/\/secure.gravatar.com\/avatar\/37d968a2e67a6fd04c169c4bdef102d0bc5d31b2546345219e348575eb80e9a0?s=96&d=mm&r=g","url":"https:\/\/secure.gravatar.com\/avatar\/37d968a2e67a6fd04c169c4bdef102d0bc5d31b2546345219e348575eb80e9a0?s=96&d=mm&r=g","contentUrl":"https:\/\/secure.gravatar.com\/avatar\/37d968a2e67a6fd04c169c4bdef102d0bc5d31b2546345219e348575eb80e9a0?s=96&d=mm&r=g","caption":"redazione"},"sameAs":["http:\/\/www.bellunopress.it","https:\/\/x.com\/bellunopress"],"url":"https:\/\/www.bellunopress.it\/fr\/author\/redazione\/"}]}},"_links":{"self":[{"href":"https:\/\/www.bellunopress.it\/fr\/wp-json\/wp\/v2\/posts\/102247","targetHints":{"allow":["GET"]}}],"collection":[{"href":"https:\/\/www.bellunopress.it\/fr\/wp-json\/wp\/v2\/posts"}],"about":[{"href":"https:\/\/www.bellunopress.it\/fr\/wp-json\/wp\/v2\/types\/post"}],"author":[{"embeddable":true,"href":"https:\/\/www.bellunopress.it\/fr\/wp-json\/wp\/v2\/users\/2"}],"replies":[{"embeddable":true,"href":"https:\/\/www.bellunopress.it\/fr\/wp-json\/wp\/v2\/comments?post=102247"}],"version-history":[{"count":2,"href":"https:\/\/www.bellunopress.it\/fr\/wp-json\/wp\/v2\/posts\/102247\/revisions"}],"predecessor-version":[{"id":102250,"href":"https:\/\/www.bellunopress.it\/fr\/wp-json\/wp\/v2\/posts\/102247\/revisions\/102250"}],"wp:attachment":[{"href":"https:\/\/www.bellunopress.it\/fr\/wp-json\/wp\/v2\/media?parent=102247"}],"wp:term":[{"taxonomy":"category","embeddable":true,"href":"https:\/\/www.bellunopress.it\/fr\/wp-json\/wp\/v2\/categories?post=102247"},{"taxonomy":"post_tag","embeddable":true,"href":"https:\/\/www.bellunopress.it\/fr\/wp-json\/wp\/v2\/tags?post=102247"}],"curies":[{"name":"wp","href":"https:\/\/api.w.org\/{rel}","templated":true}]}}