{"id":102245,"date":"2019-02-21T10:47:42","date_gmt":"2019-02-21T09:47:42","guid":{"rendered":"http:\/\/www.bellunopress.it\/?p=102245"},"modified":"2019-02-21T10:47:42","modified_gmt":"2019-02-21T09:47:42","slug":"radici-del-sud-2019-il-salone-del-vino-si-fa-digitale","status":"publish","type":"post","link":"https:\/\/www.bellunopress.it\/fr\/2019\/02\/21\/radici-del-sud-2019-il-salone-del-vino-si-fa-digitale\/","title":{"rendered":"Radici del Sud 2019: il salone del vino si fa digitale"},"content":{"rendered":"<p><strong>MEMORvINO e la formuta Taste&amp;Buy sono le novit\u00e0 del 2019. Appuntamento dal 4 al 10 giugno a Bari con i principali buyer e giornalisti nazionali e internazionali<\/strong><\/p>\n<p><a href=\"http:\/\/www.bellunopress.it\/fr\/2009\/09\/16\/nuovo-negozio-di-bevande-con-vetro-a-rendere-a-ponte-nelle-alpi\/vino\/\" rel=\"attachment wp-att-8159\"><img loading=\"lazy\" decoding=\"async\" class=\"alignleft size-full wp-image-8159\" src=\"http:\/\/www.bellunopress.it\/wp-content\/uploads\/2009\/09\/vino.jpg\" alt=\"\" width=\"280\" height=\"138\" \/><\/a>La quattordicesima edizione di Radici del Sud prende forma e si preannuncia ricca di novit\u00e0. Dal 4 al 10 giugno 2019 il Castello di Sannicandro di Bari ospiter\u00e0 il Salone dei vini e degli oli del Sud Italia, che quest&#8217;anno vedr\u00e0 la presenza di MEMORvINO, il bicchiere che prende nota del vino bevuto, e una partecipazione ancora pi\u00f9 ampia di buyer e giornalisti italiani e stranieri, che saranno coinvolti negli incontri B2B con i produttori e comporranno la giuria di Radici del Sud.<br \/>\n&#8220;L&#8217;edizione 2019 del Salone \u2013 spiega Nicola Campanile, organizzatore dell&#8217;evento \u2013 sar\u00e0 caratterizzata da una serie di iniziative digitali innovative che rendereranno ancora pi\u00f9 completa l&#8217;esperienza dei partecipanti. Un esempio \u00e8 l&#8217;utilizzo ai banchi d&#8217;assaggio di MEMORvINO, un \u201cbicchiere intelligente\u201d che crea una relazione coinvolgente e interattiva fra produttore e visitatore tramite la profilazione dei dati relativi ai vini assaggiati, aiutando professionisti e appassionati a non perdere nessuna informazione sulle degustazioni&#8221;. Anche quest&#8217;anno saranno inoltre disponibili le edizioni digitali delle Guide di Radici, dedicate ai migliori vini, ristoranti e pizzerie del Sud Italia, che saranno disponibili tramite un&#8217;applicazione scaricabile sugli smartphone.<\/p>\n<p>Durante Radici del Sud sar\u00e0 inoltre attivata la formula Taste&amp;Buy, servizio di matching B2B che il 10 giugno agevoler\u00e0 l&#8217;incontro tra vignaioli e visitatori: il pubblico potr\u00e0 infatti ordinare i vini scelti e il produttore provveder\u00e0 alla loro spedizione al termine dell&#8217;evento. Le conferme sono infatti gi\u00e0 arrivate dall&#8217;Australia con Justin Dry, dagli Stati Uniti con Francesca Farina e dal Canada con Mark Briand, che saranno affiancati da Ahrens Ulf dalla Svezia e da Geir Haug della Norvegia, assieme ad alcuni colleghi svedesi, inglesi, tedeschi e polacchi. Assieme a loro, a comporre la giuria ci saranno anche importanti nomi del giornalismo nazionale e internazionale: Kelly Mitchell (The Wine Sirene), Liza Zimmerman (Forbes), Kevin Gagnon (SnarkyWine), Kate Maciejewska Serra (Magazine WINO), Laura Donadoni (The Italian Wine Girl), Mike Madaio (VinePair), Kurtis Kolt (Wine Enthusiast, Decanter), Li Valentine (The Wining Hour), Drew Lambert (Wine Wankers), Robin Kick (Decanter), Cathrine Todd (Forbes), Sue Tolson (#ukwinehour), Robin Swan Shreeves (Wine &amp; Wonder), Heidi Jaksland Kvernmo (Iglasset), Sofia Ander (Forbes), Carla Capalbo (Decanter).<\/p>\n<p>Anche in questa edizione Radici Del Sud ospiter\u00e0 il press tour dedicato ai giornalisti, che si concentrer\u00e0 sui territori di Basilicata, Puglia, Cilento e Irpinia. Il Salone si svilupper\u00e0 inoltre nell&#8217;arco di pi\u00f9 giornate: durante il 4 e 5 giugno si terr\u00e0 il concorso fra i vini del Sud suddivisi per vitigno, il 6 e 7 giugno ci saranno gli incontri tra buyer nazionali e internazionali con i produttori e luned\u00ec 10 sar\u00e0 dedicato al banco d&#8217;assaggio aperto al pubblico.<br \/>\nLe iscrizioni per i produttori che vogliono partecipare al Salone sono aperte fino al 31 marzo alla pagina web www.bit.ly\/radicidelsud2019_iscrizioniproduttori<\/p>\n<p>RADICI DEL SUD 2019 &#8211; Salone dei vini e degli oli del Sud<br \/>\nDove: Castello Normanno Svevo di Sannicandro di Bari (BA)<br \/>\nApertura al pubblico: 10 giugno 2019<br \/>\nOrario: dalle 11.00 alle 21.00<br \/>\nIngresso: kit di degustazione \u20ac15 (comprensivo di bicchiere, sacca portabicchiere e quaderno di degustazione)<br \/>\nParcheggio: disponibile<br \/>\nI minorenni non pagano l\u2019ingresso e non possono effettuare degustazioni.<\/p>","protected":false},"excerpt":{"rendered":"<p>MEMORvINO e la formuta Taste&amp;Buy sono le novit\u00e0 del 2019. Appuntamento dal 4 al 10 giugno a Bari con i principali buyer e giornalisti nazionali e internazionali La quattordicesima edizione di Radici del Sud prende forma e si preannuncia ricca di novit\u00e0. Dal 4 al 10 giugno 2019 il Castello di Sannicandro di Bari ospiter\u00e0 [&hellip;]<\/p>\n","protected":false},"author":2,"featured_media":0,"comment_status":"closed","ping_status":"open","sticky":false,"template":"","format":"standard","meta":{"footnotes":""},"categories":[27,3393],"tags":[],"class_list":["post-102245","post","type-post","status-publish","format-standard","category-appuntamenti","category-eventi-enogastronomici"],"yoast_head":"<!-- This site is optimized with the Yoast SEO plugin v28.4 - https:\/\/yoast.com\/product\/yoast-seo-wordpress\/ -->\n<title>Radici del Sud 2019: il salone del vino si fa digitale - Bellunopress - Dolomiti<\/title>\n<meta name=\"robots\" content=\"index, follow, max-snippet:-1, max-image-preview:large, max-video-preview:-1\" \/>\n<link rel=\"canonical\" href=\"https:\/\/www.bellunopress.it\/fr\/2019\/02\/21\/radici-del-sud-2019-il-salone-del-vino-si-fa-digitale\/\" \/>\n<meta property=\"og:locale\" content=\"fr_FR\" \/>\n<meta property=\"og:type\" content=\"article\" \/>\n<meta property=\"og:title\" content=\"Radici del Sud 2019: il salone del vino si fa digitale - Bellunopress - Dolomiti\" \/>\n<meta property=\"og:description\" content=\"MEMORvINO e la formuta Taste&amp;Buy sono le novit\u00e0 del 2019. Appuntamento dal 4 al 10 giugno a Bari con i principali buyer e giornalisti nazionali e internazionali La quattordicesima edizione di Radici del Sud prende forma e si preannuncia ricca di novit\u00e0. Dal 4 al 10 giugno 2019 il Castello di Sannicandro di Bari ospiter\u00e0 [&hellip;]\" \/>\n<meta property=\"og:url\" content=\"https:\/\/www.bellunopress.it\/fr\/2019\/02\/21\/radici-del-sud-2019-il-salone-del-vino-si-fa-digitale\/\" \/>\n<meta property=\"og:site_name\" content=\"Bellunopress - Dolomiti\" \/>\n<meta property=\"article:publisher\" content=\"https:\/\/www.facebook.com\/profile.php?id=100008943462799\" \/>\n<meta property=\"article:published_time\" content=\"2019-02-21T09:47:42+00:00\" \/>\n<meta property=\"og:image\" content=\"http:\/\/www.bellunopress.it\/wp-content\/uploads\/2009\/09\/vino.jpg\" \/>\n<meta name=\"author\" content=\"redazione\" \/>\n<meta name=\"twitter:card\" content=\"summary_large_image\" \/>\n<meta name=\"twitter:creator\" content=\"@bellunopress\" \/>\n<meta name=\"twitter:site\" content=\"@bellunopress\" \/>\n<meta name=\"twitter:label1\" content=\"Written by\" \/>\n\t<meta name=\"twitter:data1\" content=\"redazione\" \/>\n\t<meta name=\"twitter:label2\" content=\"Est. reading time\" \/>\n\t<meta name=\"twitter:data2\" content=\"3 minutes\" \/>\n<script type=\"application\/ld+json\" class=\"yoast-schema-graph\">{\"@context\":\"https:\\\/\\\/schema.org\",\"@graph\":[{\"@type\":\"Article\",\"@id\":\"https:\\\/\\\/www.bellunopress.it\\\/2019\\\/02\\\/21\\\/radici-del-sud-2019-il-salone-del-vino-si-fa-digitale\\\/#article\",\"isPartOf\":{\"@id\":\"https:\\\/\\\/www.bellunopress.it\\\/2019\\\/02\\\/21\\\/radici-del-sud-2019-il-salone-del-vino-si-fa-digitale\\\/\"},\"author\":{\"name\":\"redazione\",\"@id\":\"https:\\\/\\\/www.bellunopress.it\\\/#\\\/schema\\\/person\\\/79bb06722b37ece1c03d3e94beb30d73\"},\"headline\":\"Radici del Sud 2019: il salone del vino si fa digitale\",\"datePublished\":\"2019-02-21T09:47:42+00:00\",\"mainEntityOfPage\":{\"@id\":\"https:\\\/\\\/www.bellunopress.it\\\/2019\\\/02\\\/21\\\/radici-del-sud-2019-il-salone-del-vino-si-fa-digitale\\\/\"},\"wordCount\":549,\"publisher\":{\"@id\":\"https:\\\/\\\/www.bellunopress.it\\\/#organization\"},\"image\":{\"@id\":\"https:\\\/\\\/www.bellunopress.it\\\/2019\\\/02\\\/21\\\/radici-del-sud-2019-il-salone-del-vino-si-fa-digitale\\\/#primaryimage\"},\"thumbnailUrl\":\"http:\\\/\\\/www.bellunopress.it\\\/wp-content\\\/uploads\\\/2009\\\/09\\\/vino.jpg\",\"articleSection\":[\"Appuntamenti, Eventi\",\"Eventi enogastronomici\"],\"inLanguage\":\"fr-FR\"},{\"@type\":\"WebPage\",\"@id\":\"https:\\\/\\\/www.bellunopress.it\\\/2019\\\/02\\\/21\\\/radici-del-sud-2019-il-salone-del-vino-si-fa-digitale\\\/\",\"url\":\"https:\\\/\\\/www.bellunopress.it\\\/2019\\\/02\\\/21\\\/radici-del-sud-2019-il-salone-del-vino-si-fa-digitale\\\/\",\"name\":\"Radici del Sud 2019: il salone del vino si fa digitale - Bellunopress - Dolomiti\",\"isPartOf\":{\"@id\":\"https:\\\/\\\/www.bellunopress.it\\\/#website\"},\"primaryImageOfPage\":{\"@id\":\"https:\\\/\\\/www.bellunopress.it\\\/2019\\\/02\\\/21\\\/radici-del-sud-2019-il-salone-del-vino-si-fa-digitale\\\/#primaryimage\"},\"image\":{\"@id\":\"https:\\\/\\\/www.bellunopress.it\\\/2019\\\/02\\\/21\\\/radici-del-sud-2019-il-salone-del-vino-si-fa-digitale\\\/#primaryimage\"},\"thumbnailUrl\":\"http:\\\/\\\/www.bellunopress.it\\\/wp-content\\\/uploads\\\/2009\\\/09\\\/vino.jpg\",\"datePublished\":\"2019-02-21T09:47:42+00:00\",\"breadcrumb\":{\"@id\":\"https:\\\/\\\/www.bellunopress.it\\\/2019\\\/02\\\/21\\\/radici-del-sud-2019-il-salone-del-vino-si-fa-digitale\\\/#breadcrumb\"},\"inLanguage\":\"fr-FR\",\"potentialAction\":[{\"@type\":\"ReadAction\",\"target\":[\"https:\\\/\\\/www.bellunopress.it\\\/2019\\\/02\\\/21\\\/radici-del-sud-2019-il-salone-del-vino-si-fa-digitale\\\/\"]}]},{\"@type\":\"ImageObject\",\"inLanguage\":\"fr-FR\",\"@id\":\"https:\\\/\\\/www.bellunopress.it\\\/2019\\\/02\\\/21\\\/radici-del-sud-2019-il-salone-del-vino-si-fa-digitale\\\/#primaryimage\",\"url\":\"http:\\\/\\\/www.bellunopress.it\\\/wp-content\\\/uploads\\\/2009\\\/09\\\/vino.jpg\",\"contentUrl\":\"http:\\\/\\\/www.bellunopress.it\\\/wp-content\\\/uploads\\\/2009\\\/09\\\/vino.jpg\"},{\"@type\":\"BreadcrumbList\",\"@id\":\"https:\\\/\\\/www.bellunopress.it\\\/2019\\\/02\\\/21\\\/radici-del-sud-2019-il-salone-del-vino-si-fa-digitale\\\/#breadcrumb\",\"itemListElement\":[{\"@type\":\"ListItem\",\"position\":1,\"name\":\"Home\",\"item\":\"https:\\\/\\\/www.bellunopress.it\\\/\"},{\"@type\":\"ListItem\",\"position\":2,\"name\":\"Radici del Sud 2019: il salone del vino si fa digitale\"}]},{\"@type\":\"WebSite\",\"@id\":\"https:\\\/\\\/www.bellunopress.it\\\/#website\",\"url\":\"https:\\\/\\\/www.bellunopress.it\\\/\",\"name\":\"Bellunopress - Dolomiti\",\"description\":\"e-mail: redazione@bellunopress.it\",\"publisher\":{\"@id\":\"https:\\\/\\\/www.bellunopress.it\\\/#organization\"},\"potentialAction\":[{\"@type\":\"SearchAction\",\"target\":{\"@type\":\"EntryPoint\",\"urlTemplate\":\"https:\\\/\\\/www.bellunopress.it\\\/?s={search_term_string}\"},\"query-input\":{\"@type\":\"PropertyValueSpecification\",\"valueRequired\":true,\"valueName\":\"search_term_string\"}}],\"inLanguage\":\"fr-FR\"},{\"@type\":\"Organization\",\"@id\":\"https:\\\/\\\/www.bellunopress.it\\\/#organization\",\"name\":\"Bellunopress\",\"url\":\"https:\\\/\\\/www.bellunopress.it\\\/\",\"logo\":{\"@type\":\"ImageObject\",\"inLanguage\":\"fr-FR\",\"@id\":\"https:\\\/\\\/www.bellunopress.it\\\/#\\\/schema\\\/logo\\\/image\\\/\",\"url\":\"https:\\\/\\\/www.bellunopress.it\\\/wp-content\\\/uploads\\\/2011\\\/05\\\/cropped-logo-bellunopress-.jpg\",\"contentUrl\":\"https:\\\/\\\/www.bellunopress.it\\\/wp-content\\\/uploads\\\/2011\\\/05\\\/cropped-logo-bellunopress-.jpg\",\"width\":512,\"height\":512,\"caption\":\"Bellunopress\"},\"image\":{\"@id\":\"https:\\\/\\\/www.bellunopress.it\\\/#\\\/schema\\\/logo\\\/image\\\/\"},\"sameAs\":[\"https:\\\/\\\/www.facebook.com\\\/profile.php?id=100008943462799\",\"https:\\\/\\\/x.com\\\/bellunopress\",\"https:\\\/\\\/www.linkedin.com\\\/hp\\\/?dnr=JBzUWaJfMUw8vbXJJ2tVW5-I3jZKvC4wsoxE&amp;amp;amp;amp;amp;amp;trk=nav_responsive_tab_home\",\"https:\\\/\\\/www.youtube.com\\\/channel\\\/UCxL0wu1uN0_3_7hGG0306cw\"]},{\"@type\":\"Person\",\"@id\":\"https:\\\/\\\/www.bellunopress.it\\\/#\\\/schema\\\/person\\\/79bb06722b37ece1c03d3e94beb30d73\",\"name\":\"redazione\",\"image\":{\"@type\":\"ImageObject\",\"inLanguage\":\"fr-FR\",\"@id\":\"https:\\\/\\\/secure.gravatar.com\\\/avatar\\\/37d968a2e67a6fd04c169c4bdef102d0bc5d31b2546345219e348575eb80e9a0?s=96&d=mm&r=g\",\"url\":\"https:\\\/\\\/secure.gravatar.com\\\/avatar\\\/37d968a2e67a6fd04c169c4bdef102d0bc5d31b2546345219e348575eb80e9a0?s=96&d=mm&r=g\",\"contentUrl\":\"https:\\\/\\\/secure.gravatar.com\\\/avatar\\\/37d968a2e67a6fd04c169c4bdef102d0bc5d31b2546345219e348575eb80e9a0?s=96&d=mm&r=g\",\"caption\":\"redazione\"},\"sameAs\":[\"http:\\\/\\\/www.bellunopress.it\",\"https:\\\/\\\/x.com\\\/bellunopress\"],\"url\":\"https:\\\/\\\/www.bellunopress.it\\\/fr\\\/author\\\/redazione\\\/\"}]}<\/script>\n<!-- \/ Yoast SEO plugin. -->","yoast_head_json":{"title":"Radici del Sud 2019: il salone del vino si fa digitale - Bellunopress - Dolomiti","robots":{"index":"index","follow":"follow","max-snippet":"max-snippet:-1","max-image-preview":"max-image-preview:large","max-video-preview":"max-video-preview:-1"},"canonical":"https:\/\/www.bellunopress.it\/fr\/2019\/02\/21\/radici-del-sud-2019-il-salone-del-vino-si-fa-digitale\/","og_locale":"fr_FR","og_type":"article","og_title":"Radici del Sud 2019: il salone del vino si fa digitale - Bellunopress - Dolomiti","og_description":"MEMORvINO e la formuta Taste&amp;Buy sono le novit\u00e0 del 2019. Appuntamento dal 4 al 10 giugno a Bari con i principali buyer e giornalisti nazionali e internazionali La quattordicesima edizione di Radici del Sud prende forma e si preannuncia ricca di novit\u00e0. Dal 4 al 10 giugno 2019 il Castello di Sannicandro di Bari ospiter\u00e0 [&hellip;]","og_url":"https:\/\/www.bellunopress.it\/fr\/2019\/02\/21\/radici-del-sud-2019-il-salone-del-vino-si-fa-digitale\/","og_site_name":"Bellunopress - Dolomiti","article_publisher":"https:\/\/www.facebook.com\/profile.php?id=100008943462799","article_published_time":"2019-02-21T09:47:42+00:00","og_image":[{"url":"http:\/\/www.bellunopress.it\/wp-content\/uploads\/2009\/09\/vino.jpg","type":"","width":"","height":""}],"author":"redazione","twitter_card":"summary_large_image","twitter_creator":"@bellunopress","twitter_site":"@bellunopress","twitter_misc":{"Written by":"redazione","Est. reading time":"3 minutes"},"schema":{"@context":"https:\/\/schema.org","@graph":[{"@type":"Article","@id":"https:\/\/www.bellunopress.it\/2019\/02\/21\/radici-del-sud-2019-il-salone-del-vino-si-fa-digitale\/#article","isPartOf":{"@id":"https:\/\/www.bellunopress.it\/2019\/02\/21\/radici-del-sud-2019-il-salone-del-vino-si-fa-digitale\/"},"author":{"name":"redazione","@id":"https:\/\/www.bellunopress.it\/#\/schema\/person\/79bb06722b37ece1c03d3e94beb30d73"},"headline":"Radici del Sud 2019: il salone del vino si fa digitale","datePublished":"2019-02-21T09:47:42+00:00","mainEntityOfPage":{"@id":"https:\/\/www.bellunopress.it\/2019\/02\/21\/radici-del-sud-2019-il-salone-del-vino-si-fa-digitale\/"},"wordCount":549,"publisher":{"@id":"https:\/\/www.bellunopress.it\/#organization"},"image":{"@id":"https:\/\/www.bellunopress.it\/2019\/02\/21\/radici-del-sud-2019-il-salone-del-vino-si-fa-digitale\/#primaryimage"},"thumbnailUrl":"http:\/\/www.bellunopress.it\/wp-content\/uploads\/2009\/09\/vino.jpg","articleSection":["Appuntamenti, Eventi","Eventi enogastronomici"],"inLanguage":"fr-FR"},{"@type":"WebPage","@id":"https:\/\/www.bellunopress.it\/2019\/02\/21\/radici-del-sud-2019-il-salone-del-vino-si-fa-digitale\/","url":"https:\/\/www.bellunopress.it\/2019\/02\/21\/radici-del-sud-2019-il-salone-del-vino-si-fa-digitale\/","name":"Radici del Sud 2019: il salone del vino si fa digitale - Bellunopress - Dolomiti","isPartOf":{"@id":"https:\/\/www.bellunopress.it\/#website"},"primaryImageOfPage":{"@id":"https:\/\/www.bellunopress.it\/2019\/02\/21\/radici-del-sud-2019-il-salone-del-vino-si-fa-digitale\/#primaryimage"},"image":{"@id":"https:\/\/www.bellunopress.it\/2019\/02\/21\/radici-del-sud-2019-il-salone-del-vino-si-fa-digitale\/#primaryimage"},"thumbnailUrl":"http:\/\/www.bellunopress.it\/wp-content\/uploads\/2009\/09\/vino.jpg","datePublished":"2019-02-21T09:47:42+00:00","breadcrumb":{"@id":"https:\/\/www.bellunopress.it\/2019\/02\/21\/radici-del-sud-2019-il-salone-del-vino-si-fa-digitale\/#breadcrumb"},"inLanguage":"fr-FR","potentialAction":[{"@type":"ReadAction","target":["https:\/\/www.bellunopress.it\/2019\/02\/21\/radici-del-sud-2019-il-salone-del-vino-si-fa-digitale\/"]}]},{"@type":"ImageObject","inLanguage":"fr-FR","@id":"https:\/\/www.bellunopress.it\/2019\/02\/21\/radici-del-sud-2019-il-salone-del-vino-si-fa-digitale\/#primaryimage","url":"http:\/\/www.bellunopress.it\/wp-content\/uploads\/2009\/09\/vino.jpg","contentUrl":"http:\/\/www.bellunopress.it\/wp-content\/uploads\/2009\/09\/vino.jpg"},{"@type":"BreadcrumbList","@id":"https:\/\/www.bellunopress.it\/2019\/02\/21\/radici-del-sud-2019-il-salone-del-vino-si-fa-digitale\/#breadcrumb","itemListElement":[{"@type":"ListItem","position":1,"name":"Home","item":"https:\/\/www.bellunopress.it\/"},{"@type":"ListItem","position":2,"name":"Radici del Sud 2019: il salone del vino si fa digitale"}]},{"@type":"WebSite","@id":"https:\/\/www.bellunopress.it\/#website","url":"https:\/\/www.bellunopress.it\/","name":"Bellunopress - Dolomiti","description":"e-mail: redazione@bellunopress.it","publisher":{"@id":"https:\/\/www.bellunopress.it\/#organization"},"potentialAction":[{"@type":"SearchAction","target":{"@type":"EntryPoint","urlTemplate":"https:\/\/www.bellunopress.it\/?s={search_term_string}"},"query-input":{"@type":"PropertyValueSpecification","valueRequired":true,"valueName":"search_term_string"}}],"inLanguage":"fr-FR"},{"@type":"Organization","@id":"https:\/\/www.bellunopress.it\/#organization","name":"Bellunopress","url":"https:\/\/www.bellunopress.it\/","logo":{"@type":"ImageObject","inLanguage":"fr-FR","@id":"https:\/\/www.bellunopress.it\/#\/schema\/logo\/image\/","url":"https:\/\/www.bellunopress.it\/wp-content\/uploads\/2011\/05\/cropped-logo-bellunopress-.jpg","contentUrl":"https:\/\/www.bellunopress.it\/wp-content\/uploads\/2011\/05\/cropped-logo-bellunopress-.jpg","width":512,"height":512,"caption":"Bellunopress"},"image":{"@id":"https:\/\/www.bellunopress.it\/#\/schema\/logo\/image\/"},"sameAs":["https:\/\/www.facebook.com\/profile.php?id=100008943462799","https:\/\/x.com\/bellunopress","https:\/\/www.linkedin.com\/hp\/?dnr=JBzUWaJfMUw8vbXJJ2tVW5-I3jZKvC4wsoxE&amp;amp;amp;amp;amp;amp;trk=nav_responsive_tab_home","https:\/\/www.youtube.com\/channel\/UCxL0wu1uN0_3_7hGG0306cw"]},{"@type":"Person","@id":"https:\/\/www.bellunopress.it\/#\/schema\/person\/79bb06722b37ece1c03d3e94beb30d73","name":"r\u00e9daction","image":{"@type":"ImageObject","inLanguage":"fr-FR","@id":"https:\/\/secure.gravatar.com\/avatar\/37d968a2e67a6fd04c169c4bdef102d0bc5d31b2546345219e348575eb80e9a0?s=96&d=mm&r=g","url":"https:\/\/secure.gravatar.com\/avatar\/37d968a2e67a6fd04c169c4bdef102d0bc5d31b2546345219e348575eb80e9a0?s=96&d=mm&r=g","contentUrl":"https:\/\/secure.gravatar.com\/avatar\/37d968a2e67a6fd04c169c4bdef102d0bc5d31b2546345219e348575eb80e9a0?s=96&d=mm&r=g","caption":"redazione"},"sameAs":["http:\/\/www.bellunopress.it","https:\/\/x.com\/bellunopress"],"url":"https:\/\/www.bellunopress.it\/fr\/author\/redazione\/"}]}},"_links":{"self":[{"href":"https:\/\/www.bellunopress.it\/fr\/wp-json\/wp\/v2\/posts\/102245","targetHints":{"allow":["GET"]}}],"collection":[{"href":"https:\/\/www.bellunopress.it\/fr\/wp-json\/wp\/v2\/posts"}],"about":[{"href":"https:\/\/www.bellunopress.it\/fr\/wp-json\/wp\/v2\/types\/post"}],"author":[{"embeddable":true,"href":"https:\/\/www.bellunopress.it\/fr\/wp-json\/wp\/v2\/users\/2"}],"replies":[{"embeddable":true,"href":"https:\/\/www.bellunopress.it\/fr\/wp-json\/wp\/v2\/comments?post=102245"}],"version-history":[{"count":1,"href":"https:\/\/www.bellunopress.it\/fr\/wp-json\/wp\/v2\/posts\/102245\/revisions"}],"predecessor-version":[{"id":102246,"href":"https:\/\/www.bellunopress.it\/fr\/wp-json\/wp\/v2\/posts\/102245\/revisions\/102246"}],"wp:attachment":[{"href":"https:\/\/www.bellunopress.it\/fr\/wp-json\/wp\/v2\/media?parent=102245"}],"wp:term":[{"taxonomy":"category","embeddable":true,"href":"https:\/\/www.bellunopress.it\/fr\/wp-json\/wp\/v2\/categories?post=102245"},{"taxonomy":"post_tag","embeddable":true,"href":"https:\/\/www.bellunopress.it\/fr\/wp-json\/wp\/v2\/tags?post=102245"}],"curies":[{"name":"wp","href":"https:\/\/api.w.org\/{rel}","templated":true}]}}