{"id":10220,"date":"2009-11-30T21:31:03","date_gmt":"2009-11-30T20:31:03","guid":{"rendered":"http:\/\/www.bellunopress.it\/?p=10220"},"modified":"2009-11-30T21:31:29","modified_gmt":"2009-11-30T20:31:29","slug":"carlo-doglioni-antonio-specia-e-fiorelo-zanela-vincitori-del-premio-ai-bellunesi-che-hanno-onorato-la-provincia-in-italia-e-nel-mondo%e2%80%9d","status":"publish","type":"post","link":"https:\/\/www.bellunopress.it\/fr\/2009\/11\/30\/carlo-doglioni-antonio-specia-e-fiorelo-zanela-vincitori-del-premio-ai-bellunesi-che-hanno-onorato-la-provincia-in-italia-e-nel-mondo%e2%80%9d\/","title":{"rendered":"Carlo Doglioni, Antonio Specia e Fiorelo Zanella, vincitori del &#8220;Premio ai Bellunesi che hanno onorato la Provincia in Italia e nel mondo\u201d"},"content":{"rendered":"<figure id=\"attachment_10222\" aria-describedby=\"caption-attachment-10222\" style=\"width: 147px\" class=\"wp-caption alignleft\"><a href=\"http:\/\/www.bellunopress.it\/wp-content\/uploads\/2009\/11\/carlo-doglioni.jpg\"><img loading=\"lazy\" decoding=\"async\" class=\"size-medium wp-image-10222\" title=\"carlo-doglioni\" src=\"http:\/\/www.bellunopress.it\/wp-content\/uploads\/2009\/11\/carlo-doglioni.jpg\" alt=\"Carlo Doglioni\" width=\"147\" height=\"196\" \/><\/a><figcaption id=\"caption-attachment-10222\" class=\"wp-caption-text\">Carlo Doglioni<\/figcaption><\/figure>\n<p>Un\u2019apposita commissione ha designato i vincitori del \u201cPremio ai Bellunesi che hanno onorato la Provincia in Italia e nel mondo\u201d, promosso dalla Provincia di Belluno insieme all&#8217;associazione Emigranti bellunesi e ai Rotary Clubs provinciali. I premiati della 10ma edizione sono i seguenti: Carlo Doglioni, nato a Feltre e residente a Roma, professore ordinario di geologia all\u2019Universit\u00e0 \u201cLa Sapienza\u201d di Roma, con\u00a0 un\u2019eccezionale carriera di ricercatore presso prestigiose universit\u00e0 italiane e straniere. Antonio Specia, originario di Quero e residente in Francia, proveniente\u00a0\u00a0 da una modesta famiglia di\u00a0 emigranti,\u00a0 \u00e8 pervenuto rapidamente\u00a0 ben presto alle pi\u00f9 alte cariche nel settore socio-sanitario, fino a ricoprire l\u2019incarico di direttore della Cassa Primaria di Assistenza dell\u2019Ari\u00e8ge.<\/p>\n<figure id=\"attachment_10223\" aria-describedby=\"caption-attachment-10223\" style=\"width: 187px\" class=\"wp-caption alignright\"><a href=\"http:\/\/www.bellunopress.it\/wp-content\/uploads\/2009\/11\/fiorelo-zanela.jpg\"><img loading=\"lazy\" decoding=\"async\" class=\"size-medium wp-image-10223\" title=\"fiorelo-zanella\" src=\"http:\/\/www.bellunopress.it\/wp-content\/uploads\/2009\/11\/fiorelo-zanela.jpg\" alt=\"Fiorelo Zanella\" width=\"187\" height=\"280\" \/><\/a><figcaption id=\"caption-attachment-10223\" class=\"wp-caption-text\">Fiorelo Zanella<\/figcaption><\/figure>\n<p>\u00a0Fiorelo Zanella originario di Lentiai, residente nello stato di Santa Catarina (Brasile), fondatore e presidente della \u201cFamiglia Bellunese\u201d di Tai\u00f2 , promotore e<\/p>\n<figure id=\"attachment_10221\" aria-describedby=\"caption-attachment-10221\" style=\"width: 211px\" class=\"wp-caption alignleft\"><a href=\"http:\/\/www.bellunopress.it\/wp-content\/uploads\/2009\/11\/antonio-specia.jpg\"><img loading=\"lazy\" decoding=\"async\" class=\"size-medium wp-image-10221\" title=\"antonio-specia\" src=\"http:\/\/www.bellunopress.it\/wp-content\/uploads\/2009\/11\/antonio-specia.jpg\" alt=\"Antonio Specia\" width=\"211\" height=\"280\" \/><\/a><figcaption id=\"caption-attachment-10221\" class=\"wp-caption-text\">Antonio Specia<\/figcaption><\/figure>\n<p>responsabile di innumerevoli istituzioni e animatore di svariate iniziative rivolte al mantenimento e al rafforzamento dell\u2019identit\u00e0 bellunese e veneta nello stato di Santa Catarina. Il \u201cPremio\u201d verr\u00e0 conferito con una solenne cerimonia a Quero, il prossimo 12 dicembre, con inizio alle 9,30.<\/p>","protected":false},"excerpt":{"rendered":"<p>Un\u2019apposita commissione ha designato i vincitori del \u201cPremio ai Bellunesi che hanno onorato la Provincia in Italia e nel mondo\u201d, promosso dalla Provincia di Belluno insieme all&#8217;associazione Emigranti bellunesi e ai Rotary Clubs provinciali. I premiati della 10ma edizione sono i seguenti: Carlo Doglioni, nato a Feltre e residente a Roma, professore ordinario di geologia [&hellip;]<\/p>\n","protected":false},"author":2,"featured_media":0,"comment_status":"closed","ping_status":"open","sticky":false,"template":"","format":"standard","meta":{"footnotes":""},"categories":[8],"tags":[139,302],"class_list":["post-10220","post","type-post","status-publish","format-standard","category-societa-istituzioni","tag-belluno","tag-feltre"],"yoast_head":"<!-- This site is optimized with the Yoast SEO plugin v28.4 - https:\/\/yoast.com\/product\/yoast-seo-wordpress\/ -->\n<title>Carlo Doglioni, Antonio Specia e Fiorelo Zanella, vincitori del &quot;Premio ai Bellunesi che hanno onorato la Provincia in Italia e nel mondo\u201d - Bellunopress - Dolomiti<\/title>\n<meta name=\"robots\" content=\"index, follow, max-snippet:-1, max-image-preview:large, max-video-preview:-1\" \/>\n<link rel=\"canonical\" href=\"https:\/\/www.bellunopress.it\/fr\/2009\/11\/30\/carlo-doglioni-antonio-specia-e-fiorelo-zanela-vincitori-del-premio-ai-bellunesi-che-hanno-onorato-la-provincia-in-italia-e-nel-mondo\u201d\/\" \/>\n<meta property=\"og:locale\" content=\"fr_FR\" \/>\n<meta property=\"og:type\" content=\"article\" \/>\n<meta property=\"og:title\" content=\"Carlo Doglioni, Antonio Specia e Fiorelo Zanella, vincitori del &quot;Premio ai Bellunesi che hanno onorato la Provincia in Italia e nel mondo\u201d - Bellunopress - Dolomiti\" \/>\n<meta property=\"og:description\" content=\"Un\u2019apposita commissione ha designato i vincitori del \u201cPremio ai Bellunesi che hanno onorato la Provincia in Italia e nel mondo\u201d, promosso dalla Provincia di Belluno insieme all&#8217;associazione Emigranti bellunesi e ai Rotary Clubs provinciali. I premiati della 10ma edizione sono i seguenti: Carlo Doglioni, nato a Feltre e residente a Roma, professore ordinario di geologia [&hellip;]\" \/>\n<meta property=\"og:url\" content=\"https:\/\/www.bellunopress.it\/fr\/2009\/11\/30\/carlo-doglioni-antonio-specia-e-fiorelo-zanela-vincitori-del-premio-ai-bellunesi-che-hanno-onorato-la-provincia-in-italia-e-nel-mondo\u201d\/\" \/>\n<meta property=\"og:site_name\" content=\"Bellunopress - Dolomiti\" \/>\n<meta property=\"article:publisher\" content=\"https:\/\/www.facebook.com\/profile.php?id=100008943462799\" \/>\n<meta property=\"article:published_time\" content=\"2009-11-30T20:31:03+00:00\" \/>\n<meta property=\"article:modified_time\" content=\"2009-11-30T20:31:29+00:00\" \/>\n<meta property=\"og:image\" content=\"http:\/\/www.bellunopress.it\/wp-content\/uploads\/2009\/11\/carlo-doglioni.jpg\" \/>\n<meta name=\"author\" content=\"redazione\" \/>\n<meta name=\"twitter:card\" content=\"summary_large_image\" \/>\n<meta name=\"twitter:creator\" content=\"@bellunopress\" \/>\n<meta name=\"twitter:site\" content=\"@bellunopress\" \/>\n<meta name=\"twitter:label1\" content=\"\u00c9crit par\" \/>\n\t<meta name=\"twitter:data1\" content=\"redazione\" \/>\n\t<meta name=\"twitter:label2\" content=\"Dur\u00e9e de lecture estim\u00e9e\" \/>\n\t<meta name=\"twitter:data2\" content=\"1 minute\" \/>\n<script type=\"application\/ld+json\" class=\"yoast-schema-graph\">{\"@context\":\"https:\\\/\\\/schema.org\",\"@graph\":[{\"@type\":\"Article\",\"@id\":\"https:\\\/\\\/www.bellunopress.it\\\/2009\\\/11\\\/30\\\/carlo-doglioni-antonio-specia-e-fiorelo-zanela-vincitori-del-premio-ai-bellunesi-che-hanno-onorato-la-provincia-in-italia-e-nel-mondo%e2%80%9d\\\/#article\",\"isPartOf\":{\"@id\":\"https:\\\/\\\/www.bellunopress.it\\\/2009\\\/11\\\/30\\\/carlo-doglioni-antonio-specia-e-fiorelo-zanela-vincitori-del-premio-ai-bellunesi-che-hanno-onorato-la-provincia-in-italia-e-nel-mondo%e2%80%9d\\\/\"},\"author\":{\"name\":\"redazione\",\"@id\":\"https:\\\/\\\/www.bellunopress.it\\\/#\\\/schema\\\/person\\\/79bb06722b37ece1c03d3e94beb30d73\"},\"headline\":\"Carlo Doglioni, Antonio Specia e Fiorelo Zanella, vincitori del &#8220;Premio ai Bellunesi che hanno onorato la Provincia in Italia e nel mondo\u201d\",\"datePublished\":\"2009-11-30T20:31:03+00:00\",\"dateModified\":\"2009-11-30T20:31:29+00:00\",\"mainEntityOfPage\":{\"@id\":\"https:\\\/\\\/www.bellunopress.it\\\/2009\\\/11\\\/30\\\/carlo-doglioni-antonio-specia-e-fiorelo-zanela-vincitori-del-premio-ai-bellunesi-che-hanno-onorato-la-provincia-in-italia-e-nel-mondo%e2%80%9d\\\/\"},\"wordCount\":232,\"publisher\":{\"@id\":\"https:\\\/\\\/www.bellunopress.it\\\/#organization\"},\"image\":{\"@id\":\"https:\\\/\\\/www.bellunopress.it\\\/2009\\\/11\\\/30\\\/carlo-doglioni-antonio-specia-e-fiorelo-zanela-vincitori-del-premio-ai-bellunesi-che-hanno-onorato-la-provincia-in-italia-e-nel-mondo%e2%80%9d\\\/#primaryimage\"},\"thumbnailUrl\":\"http:\\\/\\\/www.bellunopress.it\\\/wp-content\\\/uploads\\\/2009\\\/11\\\/carlo-doglioni.jpg\",\"keywords\":[\"Belluno\",\"Feltre\"],\"articleSection\":[\"Societ\u00e0, Associazioni, Istituzioni\"],\"inLanguage\":\"fr-FR\"},{\"@type\":\"WebPage\",\"@id\":\"https:\\\/\\\/www.bellunopress.it\\\/2009\\\/11\\\/30\\\/carlo-doglioni-antonio-specia-e-fiorelo-zanela-vincitori-del-premio-ai-bellunesi-che-hanno-onorato-la-provincia-in-italia-e-nel-mondo%e2%80%9d\\\/\",\"url\":\"https:\\\/\\\/www.bellunopress.it\\\/2009\\\/11\\\/30\\\/carlo-doglioni-antonio-specia-e-fiorelo-zanela-vincitori-del-premio-ai-bellunesi-che-hanno-onorato-la-provincia-in-italia-e-nel-mondo%e2%80%9d\\\/\",\"name\":\"Carlo Doglioni, Antonio Specia e Fiorelo Zanella, vincitori del \\\"Premio ai Bellunesi che hanno onorato la Provincia in Italia e nel mondo\u201d - Bellunopress - Dolomiti\",\"isPartOf\":{\"@id\":\"https:\\\/\\\/www.bellunopress.it\\\/#website\"},\"primaryImageOfPage\":{\"@id\":\"https:\\\/\\\/www.bellunopress.it\\\/2009\\\/11\\\/30\\\/carlo-doglioni-antonio-specia-e-fiorelo-zanela-vincitori-del-premio-ai-bellunesi-che-hanno-onorato-la-provincia-in-italia-e-nel-mondo%e2%80%9d\\\/#primaryimage\"},\"image\":{\"@id\":\"https:\\\/\\\/www.bellunopress.it\\\/2009\\\/11\\\/30\\\/carlo-doglioni-antonio-specia-e-fiorelo-zanela-vincitori-del-premio-ai-bellunesi-che-hanno-onorato-la-provincia-in-italia-e-nel-mondo%e2%80%9d\\\/#primaryimage\"},\"thumbnailUrl\":\"http:\\\/\\\/www.bellunopress.it\\\/wp-content\\\/uploads\\\/2009\\\/11\\\/carlo-doglioni.jpg\",\"datePublished\":\"2009-11-30T20:31:03+00:00\",\"dateModified\":\"2009-11-30T20:31:29+00:00\",\"breadcrumb\":{\"@id\":\"https:\\\/\\\/www.bellunopress.it\\\/2009\\\/11\\\/30\\\/carlo-doglioni-antonio-specia-e-fiorelo-zanela-vincitori-del-premio-ai-bellunesi-che-hanno-onorato-la-provincia-in-italia-e-nel-mondo%e2%80%9d\\\/#breadcrumb\"},\"inLanguage\":\"fr-FR\",\"potentialAction\":[{\"@type\":\"ReadAction\",\"target\":[\"https:\\\/\\\/www.bellunopress.it\\\/2009\\\/11\\\/30\\\/carlo-doglioni-antonio-specia-e-fiorelo-zanela-vincitori-del-premio-ai-bellunesi-che-hanno-onorato-la-provincia-in-italia-e-nel-mondo%e2%80%9d\\\/\"]}]},{\"@type\":\"ImageObject\",\"inLanguage\":\"fr-FR\",\"@id\":\"https:\\\/\\\/www.bellunopress.it\\\/2009\\\/11\\\/30\\\/carlo-doglioni-antonio-specia-e-fiorelo-zanela-vincitori-del-premio-ai-bellunesi-che-hanno-onorato-la-provincia-in-italia-e-nel-mondo%e2%80%9d\\\/#primaryimage\",\"url\":\"http:\\\/\\\/www.bellunopress.it\\\/wp-content\\\/uploads\\\/2009\\\/11\\\/carlo-doglioni.jpg\",\"contentUrl\":\"http:\\\/\\\/www.bellunopress.it\\\/wp-content\\\/uploads\\\/2009\\\/11\\\/carlo-doglioni.jpg\"},{\"@type\":\"BreadcrumbList\",\"@id\":\"https:\\\/\\\/www.bellunopress.it\\\/2009\\\/11\\\/30\\\/carlo-doglioni-antonio-specia-e-fiorelo-zanela-vincitori-del-premio-ai-bellunesi-che-hanno-onorato-la-provincia-in-italia-e-nel-mondo%e2%80%9d\\\/#breadcrumb\",\"itemListElement\":[{\"@type\":\"ListItem\",\"position\":1,\"name\":\"Home\",\"item\":\"https:\\\/\\\/www.bellunopress.it\\\/\"},{\"@type\":\"ListItem\",\"position\":2,\"name\":\"Carlo Doglioni, Antonio Specia e Fiorelo Zanella, vincitori del &#8220;Premio ai Bellunesi che hanno onorato la Provincia in Italia e nel mondo\u201d\"}]},{\"@type\":\"WebSite\",\"@id\":\"https:\\\/\\\/www.bellunopress.it\\\/#website\",\"url\":\"https:\\\/\\\/www.bellunopress.it\\\/\",\"name\":\"Bellunopress - Dolomiti\",\"description\":\"e-mail: redazione@bellunopress.it\",\"publisher\":{\"@id\":\"https:\\\/\\\/www.bellunopress.it\\\/#organization\"},\"potentialAction\":[{\"@type\":\"SearchAction\",\"target\":{\"@type\":\"EntryPoint\",\"urlTemplate\":\"https:\\\/\\\/www.bellunopress.it\\\/?s={search_term_string}\"},\"query-input\":{\"@type\":\"PropertyValueSpecification\",\"valueRequired\":true,\"valueName\":\"search_term_string\"}}],\"inLanguage\":\"fr-FR\"},{\"@type\":\"Organization\",\"@id\":\"https:\\\/\\\/www.bellunopress.it\\\/#organization\",\"name\":\"Bellunopress\",\"url\":\"https:\\\/\\\/www.bellunopress.it\\\/\",\"logo\":{\"@type\":\"ImageObject\",\"inLanguage\":\"fr-FR\",\"@id\":\"https:\\\/\\\/www.bellunopress.it\\\/#\\\/schema\\\/logo\\\/image\\\/\",\"url\":\"https:\\\/\\\/www.bellunopress.it\\\/wp-content\\\/uploads\\\/2011\\\/05\\\/cropped-logo-bellunopress-.jpg\",\"contentUrl\":\"https:\\\/\\\/www.bellunopress.it\\\/wp-content\\\/uploads\\\/2011\\\/05\\\/cropped-logo-bellunopress-.jpg\",\"width\":512,\"height\":512,\"caption\":\"Bellunopress\"},\"image\":{\"@id\":\"https:\\\/\\\/www.bellunopress.it\\\/#\\\/schema\\\/logo\\\/image\\\/\"},\"sameAs\":[\"https:\\\/\\\/www.facebook.com\\\/profile.php?id=100008943462799\",\"https:\\\/\\\/x.com\\\/bellunopress\",\"https:\\\/\\\/www.linkedin.com\\\/hp\\\/?dnr=JBzUWaJfMUw8vbXJJ2tVW5-I3jZKvC4wsoxE&amp;amp;amp;amp;amp;amp;trk=nav_responsive_tab_home\",\"https:\\\/\\\/www.youtube.com\\\/channel\\\/UCxL0wu1uN0_3_7hGG0306cw\"]},{\"@type\":\"Person\",\"@id\":\"https:\\\/\\\/www.bellunopress.it\\\/#\\\/schema\\\/person\\\/79bb06722b37ece1c03d3e94beb30d73\",\"name\":\"redazione\",\"image\":{\"@type\":\"ImageObject\",\"inLanguage\":\"fr-FR\",\"@id\":\"https:\\\/\\\/secure.gravatar.com\\\/avatar\\\/37d968a2e67a6fd04c169c4bdef102d0bc5d31b2546345219e348575eb80e9a0?s=96&d=mm&r=g\",\"url\":\"https:\\\/\\\/secure.gravatar.com\\\/avatar\\\/37d968a2e67a6fd04c169c4bdef102d0bc5d31b2546345219e348575eb80e9a0?s=96&d=mm&r=g\",\"contentUrl\":\"https:\\\/\\\/secure.gravatar.com\\\/avatar\\\/37d968a2e67a6fd04c169c4bdef102d0bc5d31b2546345219e348575eb80e9a0?s=96&d=mm&r=g\",\"caption\":\"redazione\"},\"sameAs\":[\"http:\\\/\\\/www.bellunopress.it\",\"https:\\\/\\\/x.com\\\/bellunopress\"],\"url\":\"https:\\\/\\\/www.bellunopress.it\\\/fr\\\/author\\\/redazione\\\/\"}]}<\/script>\n<!-- \/ Yoast SEO plugin. -->","yoast_head_json":{"title":"Carlo Doglioni, Antonio Specia e Fiorelo Zanella, vincitori del \"Premio ai Bellunesi che hanno onorato la Provincia in Italia e nel mondo\u201d - Bellunopress - Dolomiti","robots":{"index":"index","follow":"follow","max-snippet":"max-snippet:-1","max-image-preview":"max-image-preview:large","max-video-preview":"max-video-preview:-1"},"canonical":"https:\/\/www.bellunopress.it\/fr\/2009\/11\/30\/carlo-doglioni-antonio-specia-e-fiorelo-zanela-vincitori-del-premio-ai-bellunesi-che-hanno-onorato-la-provincia-in-italia-e-nel-mondo\u201d\/","og_locale":"fr_FR","og_type":"article","og_title":"Carlo Doglioni, Antonio Specia e Fiorelo Zanella, vincitori del \"Premio ai Bellunesi che hanno onorato la Provincia in Italia e nel mondo\u201d - Bellunopress - Dolomiti","og_description":"Un\u2019apposita commissione ha designato i vincitori del \u201cPremio ai Bellunesi che hanno onorato la Provincia in Italia e nel mondo\u201d, promosso dalla Provincia di Belluno insieme all&#8217;associazione Emigranti bellunesi e ai Rotary Clubs provinciali. I premiati della 10ma edizione sono i seguenti: Carlo Doglioni, nato a Feltre e residente a Roma, professore ordinario di geologia [&hellip;]","og_url":"https:\/\/www.bellunopress.it\/fr\/2009\/11\/30\/carlo-doglioni-antonio-specia-e-fiorelo-zanela-vincitori-del-premio-ai-bellunesi-che-hanno-onorato-la-provincia-in-italia-e-nel-mondo\u201d\/","og_site_name":"Bellunopress - Dolomiti","article_publisher":"https:\/\/www.facebook.com\/profile.php?id=100008943462799","article_published_time":"2009-11-30T20:31:03+00:00","article_modified_time":"2009-11-30T20:31:29+00:00","og_image":[{"url":"http:\/\/www.bellunopress.it\/wp-content\/uploads\/2009\/11\/carlo-doglioni.jpg","type":"","width":"","height":""}],"author":"redazione","twitter_card":"summary_large_image","twitter_creator":"@bellunopress","twitter_site":"@bellunopress","twitter_misc":{"\u00c9crit par":"redazione","Dur\u00e9e de lecture estim\u00e9e":"1 minute"},"schema":{"@context":"https:\/\/schema.org","@graph":[{"@type":"Article","@id":"https:\/\/www.bellunopress.it\/2009\/11\/30\/carlo-doglioni-antonio-specia-e-fiorelo-zanela-vincitori-del-premio-ai-bellunesi-che-hanno-onorato-la-provincia-in-italia-e-nel-mondo%e2%80%9d\/#article","isPartOf":{"@id":"https:\/\/www.bellunopress.it\/2009\/11\/30\/carlo-doglioni-antonio-specia-e-fiorelo-zanela-vincitori-del-premio-ai-bellunesi-che-hanno-onorato-la-provincia-in-italia-e-nel-mondo%e2%80%9d\/"},"author":{"name":"redazione","@id":"https:\/\/www.bellunopress.it\/#\/schema\/person\/79bb06722b37ece1c03d3e94beb30d73"},"headline":"Carlo Doglioni, Antonio Specia e Fiorelo Zanella, vincitori del &#8220;Premio ai Bellunesi che hanno onorato la Provincia in Italia e nel mondo\u201d","datePublished":"2009-11-30T20:31:03+00:00","dateModified":"2009-11-30T20:31:29+00:00","mainEntityOfPage":{"@id":"https:\/\/www.bellunopress.it\/2009\/11\/30\/carlo-doglioni-antonio-specia-e-fiorelo-zanela-vincitori-del-premio-ai-bellunesi-che-hanno-onorato-la-provincia-in-italia-e-nel-mondo%e2%80%9d\/"},"wordCount":232,"publisher":{"@id":"https:\/\/www.bellunopress.it\/#organization"},"image":{"@id":"https:\/\/www.bellunopress.it\/2009\/11\/30\/carlo-doglioni-antonio-specia-e-fiorelo-zanela-vincitori-del-premio-ai-bellunesi-che-hanno-onorato-la-provincia-in-italia-e-nel-mondo%e2%80%9d\/#primaryimage"},"thumbnailUrl":"http:\/\/www.bellunopress.it\/wp-content\/uploads\/2009\/11\/carlo-doglioni.jpg","keywords":["Belluno","Feltre"],"articleSection":["Societ\u00e0, Associazioni, Istituzioni"],"inLanguage":"fr-FR"},{"@type":"WebPage","@id":"https:\/\/www.bellunopress.it\/2009\/11\/30\/carlo-doglioni-antonio-specia-e-fiorelo-zanela-vincitori-del-premio-ai-bellunesi-che-hanno-onorato-la-provincia-in-italia-e-nel-mondo%e2%80%9d\/","url":"https:\/\/www.bellunopress.it\/2009\/11\/30\/carlo-doglioni-antonio-specia-e-fiorelo-zanela-vincitori-del-premio-ai-bellunesi-che-hanno-onorato-la-provincia-in-italia-e-nel-mondo%e2%80%9d\/","name":"Carlo Doglioni, Antonio Specia e Fiorelo Zanella, vincitori del \"Premio ai Bellunesi che hanno onorato la Provincia in Italia e nel mondo\u201d - Bellunopress - Dolomiti","isPartOf":{"@id":"https:\/\/www.bellunopress.it\/#website"},"primaryImageOfPage":{"@id":"https:\/\/www.bellunopress.it\/2009\/11\/30\/carlo-doglioni-antonio-specia-e-fiorelo-zanela-vincitori-del-premio-ai-bellunesi-che-hanno-onorato-la-provincia-in-italia-e-nel-mondo%e2%80%9d\/#primaryimage"},"image":{"@id":"https:\/\/www.bellunopress.it\/2009\/11\/30\/carlo-doglioni-antonio-specia-e-fiorelo-zanela-vincitori-del-premio-ai-bellunesi-che-hanno-onorato-la-provincia-in-italia-e-nel-mondo%e2%80%9d\/#primaryimage"},"thumbnailUrl":"http:\/\/www.bellunopress.it\/wp-content\/uploads\/2009\/11\/carlo-doglioni.jpg","datePublished":"2009-11-30T20:31:03+00:00","dateModified":"2009-11-30T20:31:29+00:00","breadcrumb":{"@id":"https:\/\/www.bellunopress.it\/2009\/11\/30\/carlo-doglioni-antonio-specia-e-fiorelo-zanela-vincitori-del-premio-ai-bellunesi-che-hanno-onorato-la-provincia-in-italia-e-nel-mondo%e2%80%9d\/#breadcrumb"},"inLanguage":"fr-FR","potentialAction":[{"@type":"ReadAction","target":["https:\/\/www.bellunopress.it\/2009\/11\/30\/carlo-doglioni-antonio-specia-e-fiorelo-zanela-vincitori-del-premio-ai-bellunesi-che-hanno-onorato-la-provincia-in-italia-e-nel-mondo%e2%80%9d\/"]}]},{"@type":"ImageObject","inLanguage":"fr-FR","@id":"https:\/\/www.bellunopress.it\/2009\/11\/30\/carlo-doglioni-antonio-specia-e-fiorelo-zanela-vincitori-del-premio-ai-bellunesi-che-hanno-onorato-la-provincia-in-italia-e-nel-mondo%e2%80%9d\/#primaryimage","url":"http:\/\/www.bellunopress.it\/wp-content\/uploads\/2009\/11\/carlo-doglioni.jpg","contentUrl":"http:\/\/www.bellunopress.it\/wp-content\/uploads\/2009\/11\/carlo-doglioni.jpg"},{"@type":"BreadcrumbList","@id":"https:\/\/www.bellunopress.it\/2009\/11\/30\/carlo-doglioni-antonio-specia-e-fiorelo-zanela-vincitori-del-premio-ai-bellunesi-che-hanno-onorato-la-provincia-in-italia-e-nel-mondo%e2%80%9d\/#breadcrumb","itemListElement":[{"@type":"ListItem","position":1,"name":"Home","item":"https:\/\/www.bellunopress.it\/"},{"@type":"ListItem","position":2,"name":"Carlo Doglioni, Antonio Specia e Fiorelo Zanella, vincitori del &#8220;Premio ai Bellunesi che hanno onorato la Provincia in Italia e nel mondo\u201d"}]},{"@type":"WebSite","@id":"https:\/\/www.bellunopress.it\/#website","url":"https:\/\/www.bellunopress.it\/","name":"Bellunopress - Dolomiti","description":"e-mail: redazione@bellunopress.it","publisher":{"@id":"https:\/\/www.bellunopress.it\/#organization"},"potentialAction":[{"@type":"SearchAction","target":{"@type":"EntryPoint","urlTemplate":"https:\/\/www.bellunopress.it\/?s={search_term_string}"},"query-input":{"@type":"PropertyValueSpecification","valueRequired":true,"valueName":"search_term_string"}}],"inLanguage":"fr-FR"},{"@type":"Organization","@id":"https:\/\/www.bellunopress.it\/#organization","name":"Bellunopress","url":"https:\/\/www.bellunopress.it\/","logo":{"@type":"ImageObject","inLanguage":"fr-FR","@id":"https:\/\/www.bellunopress.it\/#\/schema\/logo\/image\/","url":"https:\/\/www.bellunopress.it\/wp-content\/uploads\/2011\/05\/cropped-logo-bellunopress-.jpg","contentUrl":"https:\/\/www.bellunopress.it\/wp-content\/uploads\/2011\/05\/cropped-logo-bellunopress-.jpg","width":512,"height":512,"caption":"Bellunopress"},"image":{"@id":"https:\/\/www.bellunopress.it\/#\/schema\/logo\/image\/"},"sameAs":["https:\/\/www.facebook.com\/profile.php?id=100008943462799","https:\/\/x.com\/bellunopress","https:\/\/www.linkedin.com\/hp\/?dnr=JBzUWaJfMUw8vbXJJ2tVW5-I3jZKvC4wsoxE&amp;amp;amp;amp;amp;amp;trk=nav_responsive_tab_home","https:\/\/www.youtube.com\/channel\/UCxL0wu1uN0_3_7hGG0306cw"]},{"@type":"Person","@id":"https:\/\/www.bellunopress.it\/#\/schema\/person\/79bb06722b37ece1c03d3e94beb30d73","name":"r\u00e9daction","image":{"@type":"ImageObject","inLanguage":"fr-FR","@id":"https:\/\/secure.gravatar.com\/avatar\/37d968a2e67a6fd04c169c4bdef102d0bc5d31b2546345219e348575eb80e9a0?s=96&d=mm&r=g","url":"https:\/\/secure.gravatar.com\/avatar\/37d968a2e67a6fd04c169c4bdef102d0bc5d31b2546345219e348575eb80e9a0?s=96&d=mm&r=g","contentUrl":"https:\/\/secure.gravatar.com\/avatar\/37d968a2e67a6fd04c169c4bdef102d0bc5d31b2546345219e348575eb80e9a0?s=96&d=mm&r=g","caption":"redazione"},"sameAs":["http:\/\/www.bellunopress.it","https:\/\/x.com\/bellunopress"],"url":"https:\/\/www.bellunopress.it\/fr\/author\/redazione\/"}]}},"_links":{"self":[{"href":"https:\/\/www.bellunopress.it\/fr\/wp-json\/wp\/v2\/posts\/10220","targetHints":{"allow":["GET"]}}],"collection":[{"href":"https:\/\/www.bellunopress.it\/fr\/wp-json\/wp\/v2\/posts"}],"about":[{"href":"https:\/\/www.bellunopress.it\/fr\/wp-json\/wp\/v2\/types\/post"}],"author":[{"embeddable":true,"href":"https:\/\/www.bellunopress.it\/fr\/wp-json\/wp\/v2\/users\/2"}],"replies":[{"embeddable":true,"href":"https:\/\/www.bellunopress.it\/fr\/wp-json\/wp\/v2\/comments?post=10220"}],"version-history":[{"count":2,"href":"https:\/\/www.bellunopress.it\/fr\/wp-json\/wp\/v2\/posts\/10220\/revisions"}],"predecessor-version":[{"id":10225,"href":"https:\/\/www.bellunopress.it\/fr\/wp-json\/wp\/v2\/posts\/10220\/revisions\/10225"}],"wp:attachment":[{"href":"https:\/\/www.bellunopress.it\/fr\/wp-json\/wp\/v2\/media?parent=10220"}],"wp:term":[{"taxonomy":"category","embeddable":true,"href":"https:\/\/www.bellunopress.it\/fr\/wp-json\/wp\/v2\/categories?post=10220"},{"taxonomy":"post_tag","embeddable":true,"href":"https:\/\/www.bellunopress.it\/fr\/wp-json\/wp\/v2\/tags?post=10220"}],"curies":[{"name":"wp","href":"https:\/\/api.w.org\/{rel}","templated":true}]}}