{"id":102130,"date":"2019-02-18T08:43:35","date_gmt":"2019-02-18T07:43:35","guid":{"rendered":"http:\/\/www.bellunopress.it\/?p=102130"},"modified":"2019-02-18T08:43:36","modified_gmt":"2019-02-18T07:43:36","slug":"due-incidenti-stradali-con-feriti-nella-giornata-di-domenica","status":"publish","type":"post","link":"https:\/\/www.bellunopress.it\/fr\/2019\/02\/18\/due-incidenti-stradali-con-feriti-nella-giornata-di-domenica\/","title":{"rendered":"Due incidenti stradali con feriti nella giornata di domenica"},"content":{"rendered":"<p><a href=\"http:\/\/www.bellunopress.it\/fr\/2019\/02\/18\/due-incidenti-stradali-con-feriti-nella-giornata-di-domenica\/vigili-del-fuoco-incidente\/\" rel=\"attachment wp-att-102131\"><img loading=\"lazy\" decoding=\"async\" class=\"alignleft size-full wp-image-102131\" src=\"http:\/\/www.bellunopress.it\/wp-content\/uploads\/2019\/02\/vigili-del-fuoco-incidente.jpg\" alt=\"\" width=\"300\" height=\"230\" \/><\/a>Belluno, 17 febbraio 2019 \u00a0&#8211; \u00a0Il Comando provinciale dei vigili del fuoco di Belluno \u00e8 intervenuto alle ore 14:20 circa per un incidente stradale che ha coinvolto un autovettura e una moto nella strada provinciale 635 al km 15+200 nei pressi del Passo San Boldo. Lo scontro ha causato due feriti. La squadra dei vigili del fuoco, provenienti da Belluno, ha collaborato con il personale sanitario per le prime cure dei feriti e successivamente ha messo in sicurezza il sito incidentale.<\/p>\n<p>Terminato l&#8217;intervento, alle ore 15:30 circa, la squadra \u00e8 intervuta in un altro incidente stradale tra due autovetture in localit\u00e0 Laste di Limana. Lo scontro frontale tra le due auto ha provocato 2 feriti. La squadra dei vigili del fuoco si \u00e8 occupata della messa in sicurezza delle autovetture e del sito incidentale.\u00a0L&#8217;intervento \u00e8 terminato alle ore 17 circa.<\/p>","protected":false},"excerpt":{"rendered":"<p>Belluno, 17 febbraio 2019 \u00a0&#8211; \u00a0Il Comando provinciale dei vigili del fuoco di Belluno \u00e8 intervenuto alle ore 14:20 circa per un incidente stradale che ha coinvolto un autovettura e una moto nella strada provinciale 635 al km 15+200 nei pressi del Passo San Boldo. Lo scontro ha causato due feriti. La squadra dei vigili [&hellip;]<\/p>\n","protected":false},"author":2,"featured_media":0,"comment_status":"closed","ping_status":"open","sticky":false,"template":"","format":"standard","meta":{"footnotes":""},"categories":[5,26],"tags":[],"class_list":["post-102130","post","type-post","status-publish","format-standard","category-cronaca","category-prima-pagina"],"yoast_head":"<!-- This site is optimized with the Yoast SEO plugin v28.4 - https:\/\/yoast.com\/product\/yoast-seo-wordpress\/ -->\n<title>Due incidenti stradali con feriti nella giornata di domenica - Bellunopress - Dolomiti<\/title>\n<meta name=\"robots\" content=\"index, follow, max-snippet:-1, max-image-preview:large, max-video-preview:-1\" \/>\n<link rel=\"canonical\" href=\"https:\/\/www.bellunopress.it\/fr\/2019\/02\/18\/due-incidenti-stradali-con-feriti-nella-giornata-di-domenica\/\" \/>\n<meta property=\"og:locale\" content=\"fr_FR\" \/>\n<meta property=\"og:type\" content=\"article\" \/>\n<meta property=\"og:title\" content=\"Due incidenti stradali con feriti nella giornata di domenica - Bellunopress - Dolomiti\" \/>\n<meta property=\"og:description\" content=\"Belluno, 17 febbraio 2019 \u00a0&#8211; \u00a0Il Comando provinciale dei vigili del fuoco di Belluno \u00e8 intervenuto alle ore 14:20 circa per un incidente stradale che ha coinvolto un autovettura e una moto nella strada provinciale 635 al km 15+200 nei pressi del Passo San Boldo. Lo scontro ha causato due feriti. La squadra dei vigili [&hellip;]\" \/>\n<meta property=\"og:url\" content=\"https:\/\/www.bellunopress.it\/fr\/2019\/02\/18\/due-incidenti-stradali-con-feriti-nella-giornata-di-domenica\/\" \/>\n<meta property=\"og:site_name\" content=\"Bellunopress - Dolomiti\" \/>\n<meta property=\"article:publisher\" content=\"https:\/\/www.facebook.com\/profile.php?id=100008943462799\" \/>\n<meta property=\"article:published_time\" content=\"2019-02-18T07:43:35+00:00\" \/>\n<meta property=\"article:modified_time\" content=\"2019-02-18T07:43:36+00:00\" \/>\n<meta property=\"og:image\" content=\"http:\/\/www.bellunopress.it\/wp-content\/uploads\/2019\/02\/vigili-del-fuoco-incidente.jpg\" \/>\n<meta name=\"author\" content=\"redazione\" \/>\n<meta name=\"twitter:card\" content=\"summary_large_image\" \/>\n<meta name=\"twitter:creator\" content=\"@bellunopress\" \/>\n<meta name=\"twitter:site\" content=\"@bellunopress\" \/>\n<meta name=\"twitter:label1\" content=\"\u00c9crit par\" \/>\n\t<meta name=\"twitter:data1\" content=\"redazione\" \/>\n\t<meta name=\"twitter:label2\" content=\"Dur\u00e9e de lecture estim\u00e9e\" \/>\n\t<meta name=\"twitter:data2\" content=\"1 minute\" \/>\n<script type=\"application\/ld+json\" class=\"yoast-schema-graph\">{\"@context\":\"https:\\\/\\\/schema.org\",\"@graph\":[{\"@type\":\"Article\",\"@id\":\"https:\\\/\\\/www.bellunopress.it\\\/2019\\\/02\\\/18\\\/due-incidenti-stradali-con-feriti-nella-giornata-di-domenica\\\/#article\",\"isPartOf\":{\"@id\":\"https:\\\/\\\/www.bellunopress.it\\\/2019\\\/02\\\/18\\\/due-incidenti-stradali-con-feriti-nella-giornata-di-domenica\\\/\"},\"author\":{\"name\":\"redazione\",\"@id\":\"https:\\\/\\\/www.bellunopress.it\\\/#\\\/schema\\\/person\\\/79bb06722b37ece1c03d3e94beb30d73\"},\"headline\":\"Due incidenti stradali con feriti nella giornata di domenica\",\"datePublished\":\"2019-02-18T07:43:35+00:00\",\"dateModified\":\"2019-02-18T07:43:36+00:00\",\"mainEntityOfPage\":{\"@id\":\"https:\\\/\\\/www.bellunopress.it\\\/2019\\\/02\\\/18\\\/due-incidenti-stradali-con-feriti-nella-giornata-di-domenica\\\/\"},\"wordCount\":140,\"publisher\":{\"@id\":\"https:\\\/\\\/www.bellunopress.it\\\/#organization\"},\"image\":{\"@id\":\"https:\\\/\\\/www.bellunopress.it\\\/2019\\\/02\\\/18\\\/due-incidenti-stradali-con-feriti-nella-giornata-di-domenica\\\/#primaryimage\"},\"thumbnailUrl\":\"http:\\\/\\\/www.bellunopress.it\\\/wp-content\\\/uploads\\\/2019\\\/02\\\/vigili-del-fuoco-incidente.jpg\",\"articleSection\":[\"Cronaca\\\/Politica\",\"Prima Pagina\"],\"inLanguage\":\"fr-FR\"},{\"@type\":\"WebPage\",\"@id\":\"https:\\\/\\\/www.bellunopress.it\\\/2019\\\/02\\\/18\\\/due-incidenti-stradali-con-feriti-nella-giornata-di-domenica\\\/\",\"url\":\"https:\\\/\\\/www.bellunopress.it\\\/2019\\\/02\\\/18\\\/due-incidenti-stradali-con-feriti-nella-giornata-di-domenica\\\/\",\"name\":\"Due incidenti stradali con feriti nella giornata di domenica - Bellunopress - Dolomiti\",\"isPartOf\":{\"@id\":\"https:\\\/\\\/www.bellunopress.it\\\/#website\"},\"primaryImageOfPage\":{\"@id\":\"https:\\\/\\\/www.bellunopress.it\\\/2019\\\/02\\\/18\\\/due-incidenti-stradali-con-feriti-nella-giornata-di-domenica\\\/#primaryimage\"},\"image\":{\"@id\":\"https:\\\/\\\/www.bellunopress.it\\\/2019\\\/02\\\/18\\\/due-incidenti-stradali-con-feriti-nella-giornata-di-domenica\\\/#primaryimage\"},\"thumbnailUrl\":\"http:\\\/\\\/www.bellunopress.it\\\/wp-content\\\/uploads\\\/2019\\\/02\\\/vigili-del-fuoco-incidente.jpg\",\"datePublished\":\"2019-02-18T07:43:35+00:00\",\"dateModified\":\"2019-02-18T07:43:36+00:00\",\"breadcrumb\":{\"@id\":\"https:\\\/\\\/www.bellunopress.it\\\/2019\\\/02\\\/18\\\/due-incidenti-stradali-con-feriti-nella-giornata-di-domenica\\\/#breadcrumb\"},\"inLanguage\":\"fr-FR\",\"potentialAction\":[{\"@type\":\"ReadAction\",\"target\":[\"https:\\\/\\\/www.bellunopress.it\\\/2019\\\/02\\\/18\\\/due-incidenti-stradali-con-feriti-nella-giornata-di-domenica\\\/\"]}]},{\"@type\":\"ImageObject\",\"inLanguage\":\"fr-FR\",\"@id\":\"https:\\\/\\\/www.bellunopress.it\\\/2019\\\/02\\\/18\\\/due-incidenti-stradali-con-feriti-nella-giornata-di-domenica\\\/#primaryimage\",\"url\":\"http:\\\/\\\/www.bellunopress.it\\\/wp-content\\\/uploads\\\/2019\\\/02\\\/vigili-del-fuoco-incidente.jpg\",\"contentUrl\":\"http:\\\/\\\/www.bellunopress.it\\\/wp-content\\\/uploads\\\/2019\\\/02\\\/vigili-del-fuoco-incidente.jpg\"},{\"@type\":\"BreadcrumbList\",\"@id\":\"https:\\\/\\\/www.bellunopress.it\\\/2019\\\/02\\\/18\\\/due-incidenti-stradali-con-feriti-nella-giornata-di-domenica\\\/#breadcrumb\",\"itemListElement\":[{\"@type\":\"ListItem\",\"position\":1,\"name\":\"Home\",\"item\":\"https:\\\/\\\/www.bellunopress.it\\\/\"},{\"@type\":\"ListItem\",\"position\":2,\"name\":\"Due incidenti stradali con feriti nella giornata di domenica\"}]},{\"@type\":\"WebSite\",\"@id\":\"https:\\\/\\\/www.bellunopress.it\\\/#website\",\"url\":\"https:\\\/\\\/www.bellunopress.it\\\/\",\"name\":\"Bellunopress - Dolomiti\",\"description\":\"e-mail: redazione@bellunopress.it\",\"publisher\":{\"@id\":\"https:\\\/\\\/www.bellunopress.it\\\/#organization\"},\"potentialAction\":[{\"@type\":\"SearchAction\",\"target\":{\"@type\":\"EntryPoint\",\"urlTemplate\":\"https:\\\/\\\/www.bellunopress.it\\\/?s={search_term_string}\"},\"query-input\":{\"@type\":\"PropertyValueSpecification\",\"valueRequired\":true,\"valueName\":\"search_term_string\"}}],\"inLanguage\":\"fr-FR\"},{\"@type\":\"Organization\",\"@id\":\"https:\\\/\\\/www.bellunopress.it\\\/#organization\",\"name\":\"Bellunopress\",\"url\":\"https:\\\/\\\/www.bellunopress.it\\\/\",\"logo\":{\"@type\":\"ImageObject\",\"inLanguage\":\"fr-FR\",\"@id\":\"https:\\\/\\\/www.bellunopress.it\\\/#\\\/schema\\\/logo\\\/image\\\/\",\"url\":\"https:\\\/\\\/www.bellunopress.it\\\/wp-content\\\/uploads\\\/2011\\\/05\\\/cropped-logo-bellunopress-.jpg\",\"contentUrl\":\"https:\\\/\\\/www.bellunopress.it\\\/wp-content\\\/uploads\\\/2011\\\/05\\\/cropped-logo-bellunopress-.jpg\",\"width\":512,\"height\":512,\"caption\":\"Bellunopress\"},\"image\":{\"@id\":\"https:\\\/\\\/www.bellunopress.it\\\/#\\\/schema\\\/logo\\\/image\\\/\"},\"sameAs\":[\"https:\\\/\\\/www.facebook.com\\\/profile.php?id=100008943462799\",\"https:\\\/\\\/x.com\\\/bellunopress\",\"https:\\\/\\\/www.linkedin.com\\\/hp\\\/?dnr=JBzUWaJfMUw8vbXJJ2tVW5-I3jZKvC4wsoxE&amp;amp;amp;amp;amp;amp;trk=nav_responsive_tab_home\",\"https:\\\/\\\/www.youtube.com\\\/channel\\\/UCxL0wu1uN0_3_7hGG0306cw\"]},{\"@type\":\"Person\",\"@id\":\"https:\\\/\\\/www.bellunopress.it\\\/#\\\/schema\\\/person\\\/79bb06722b37ece1c03d3e94beb30d73\",\"name\":\"redazione\",\"image\":{\"@type\":\"ImageObject\",\"inLanguage\":\"fr-FR\",\"@id\":\"https:\\\/\\\/secure.gravatar.com\\\/avatar\\\/37d968a2e67a6fd04c169c4bdef102d0bc5d31b2546345219e348575eb80e9a0?s=96&d=mm&r=g\",\"url\":\"https:\\\/\\\/secure.gravatar.com\\\/avatar\\\/37d968a2e67a6fd04c169c4bdef102d0bc5d31b2546345219e348575eb80e9a0?s=96&d=mm&r=g\",\"contentUrl\":\"https:\\\/\\\/secure.gravatar.com\\\/avatar\\\/37d968a2e67a6fd04c169c4bdef102d0bc5d31b2546345219e348575eb80e9a0?s=96&d=mm&r=g\",\"caption\":\"redazione\"},\"sameAs\":[\"http:\\\/\\\/www.bellunopress.it\",\"https:\\\/\\\/x.com\\\/bellunopress\"],\"url\":\"https:\\\/\\\/www.bellunopress.it\\\/fr\\\/author\\\/redazione\\\/\"}]}<\/script>\n<!-- \/ Yoast SEO plugin. -->","yoast_head_json":{"title":"Due incidenti stradali con feriti nella giornata di domenica - Bellunopress - Dolomiti","robots":{"index":"index","follow":"follow","max-snippet":"max-snippet:-1","max-image-preview":"max-image-preview:large","max-video-preview":"max-video-preview:-1"},"canonical":"https:\/\/www.bellunopress.it\/fr\/2019\/02\/18\/due-incidenti-stradali-con-feriti-nella-giornata-di-domenica\/","og_locale":"fr_FR","og_type":"article","og_title":"Due incidenti stradali con feriti nella giornata di domenica - Bellunopress - Dolomiti","og_description":"Belluno, 17 febbraio 2019 \u00a0&#8211; \u00a0Il Comando provinciale dei vigili del fuoco di Belluno \u00e8 intervenuto alle ore 14:20 circa per un incidente stradale che ha coinvolto un autovettura e una moto nella strada provinciale 635 al km 15+200 nei pressi del Passo San Boldo. Lo scontro ha causato due feriti. La squadra dei vigili [&hellip;]","og_url":"https:\/\/www.bellunopress.it\/fr\/2019\/02\/18\/due-incidenti-stradali-con-feriti-nella-giornata-di-domenica\/","og_site_name":"Bellunopress - Dolomiti","article_publisher":"https:\/\/www.facebook.com\/profile.php?id=100008943462799","article_published_time":"2019-02-18T07:43:35+00:00","article_modified_time":"2019-02-18T07:43:36+00:00","og_image":[{"url":"http:\/\/www.bellunopress.it\/wp-content\/uploads\/2019\/02\/vigili-del-fuoco-incidente.jpg","type":"","width":"","height":""}],"author":"redazione","twitter_card":"summary_large_image","twitter_creator":"@bellunopress","twitter_site":"@bellunopress","twitter_misc":{"\u00c9crit par":"redazione","Dur\u00e9e de lecture estim\u00e9e":"1 minute"},"schema":{"@context":"https:\/\/schema.org","@graph":[{"@type":"Article","@id":"https:\/\/www.bellunopress.it\/2019\/02\/18\/due-incidenti-stradali-con-feriti-nella-giornata-di-domenica\/#article","isPartOf":{"@id":"https:\/\/www.bellunopress.it\/2019\/02\/18\/due-incidenti-stradali-con-feriti-nella-giornata-di-domenica\/"},"author":{"name":"redazione","@id":"https:\/\/www.bellunopress.it\/#\/schema\/person\/79bb06722b37ece1c03d3e94beb30d73"},"headline":"Due incidenti stradali con feriti nella giornata di domenica","datePublished":"2019-02-18T07:43:35+00:00","dateModified":"2019-02-18T07:43:36+00:00","mainEntityOfPage":{"@id":"https:\/\/www.bellunopress.it\/2019\/02\/18\/due-incidenti-stradali-con-feriti-nella-giornata-di-domenica\/"},"wordCount":140,"publisher":{"@id":"https:\/\/www.bellunopress.it\/#organization"},"image":{"@id":"https:\/\/www.bellunopress.it\/2019\/02\/18\/due-incidenti-stradali-con-feriti-nella-giornata-di-domenica\/#primaryimage"},"thumbnailUrl":"http:\/\/www.bellunopress.it\/wp-content\/uploads\/2019\/02\/vigili-del-fuoco-incidente.jpg","articleSection":["Cronaca\/Politica","Prima Pagina"],"inLanguage":"fr-FR"},{"@type":"WebPage","@id":"https:\/\/www.bellunopress.it\/2019\/02\/18\/due-incidenti-stradali-con-feriti-nella-giornata-di-domenica\/","url":"https:\/\/www.bellunopress.it\/2019\/02\/18\/due-incidenti-stradali-con-feriti-nella-giornata-di-domenica\/","name":"Due incidenti stradali con feriti nella giornata di domenica - Bellunopress - Dolomiti","isPartOf":{"@id":"https:\/\/www.bellunopress.it\/#website"},"primaryImageOfPage":{"@id":"https:\/\/www.bellunopress.it\/2019\/02\/18\/due-incidenti-stradali-con-feriti-nella-giornata-di-domenica\/#primaryimage"},"image":{"@id":"https:\/\/www.bellunopress.it\/2019\/02\/18\/due-incidenti-stradali-con-feriti-nella-giornata-di-domenica\/#primaryimage"},"thumbnailUrl":"http:\/\/www.bellunopress.it\/wp-content\/uploads\/2019\/02\/vigili-del-fuoco-incidente.jpg","datePublished":"2019-02-18T07:43:35+00:00","dateModified":"2019-02-18T07:43:36+00:00","breadcrumb":{"@id":"https:\/\/www.bellunopress.it\/2019\/02\/18\/due-incidenti-stradali-con-feriti-nella-giornata-di-domenica\/#breadcrumb"},"inLanguage":"fr-FR","potentialAction":[{"@type":"ReadAction","target":["https:\/\/www.bellunopress.it\/2019\/02\/18\/due-incidenti-stradali-con-feriti-nella-giornata-di-domenica\/"]}]},{"@type":"ImageObject","inLanguage":"fr-FR","@id":"https:\/\/www.bellunopress.it\/2019\/02\/18\/due-incidenti-stradali-con-feriti-nella-giornata-di-domenica\/#primaryimage","url":"http:\/\/www.bellunopress.it\/wp-content\/uploads\/2019\/02\/vigili-del-fuoco-incidente.jpg","contentUrl":"http:\/\/www.bellunopress.it\/wp-content\/uploads\/2019\/02\/vigili-del-fuoco-incidente.jpg"},{"@type":"BreadcrumbList","@id":"https:\/\/www.bellunopress.it\/2019\/02\/18\/due-incidenti-stradali-con-feriti-nella-giornata-di-domenica\/#breadcrumb","itemListElement":[{"@type":"ListItem","position":1,"name":"Home","item":"https:\/\/www.bellunopress.it\/"},{"@type":"ListItem","position":2,"name":"Due incidenti stradali con feriti nella giornata di domenica"}]},{"@type":"WebSite","@id":"https:\/\/www.bellunopress.it\/#website","url":"https:\/\/www.bellunopress.it\/","name":"Bellunopress - Dolomiti","description":"e-mail: redazione@bellunopress.it","publisher":{"@id":"https:\/\/www.bellunopress.it\/#organization"},"potentialAction":[{"@type":"SearchAction","target":{"@type":"EntryPoint","urlTemplate":"https:\/\/www.bellunopress.it\/?s={search_term_string}"},"query-input":{"@type":"PropertyValueSpecification","valueRequired":true,"valueName":"search_term_string"}}],"inLanguage":"fr-FR"},{"@type":"Organization","@id":"https:\/\/www.bellunopress.it\/#organization","name":"Bellunopress","url":"https:\/\/www.bellunopress.it\/","logo":{"@type":"ImageObject","inLanguage":"fr-FR","@id":"https:\/\/www.bellunopress.it\/#\/schema\/logo\/image\/","url":"https:\/\/www.bellunopress.it\/wp-content\/uploads\/2011\/05\/cropped-logo-bellunopress-.jpg","contentUrl":"https:\/\/www.bellunopress.it\/wp-content\/uploads\/2011\/05\/cropped-logo-bellunopress-.jpg","width":512,"height":512,"caption":"Bellunopress"},"image":{"@id":"https:\/\/www.bellunopress.it\/#\/schema\/logo\/image\/"},"sameAs":["https:\/\/www.facebook.com\/profile.php?id=100008943462799","https:\/\/x.com\/bellunopress","https:\/\/www.linkedin.com\/hp\/?dnr=JBzUWaJfMUw8vbXJJ2tVW5-I3jZKvC4wsoxE&amp;amp;amp;amp;amp;amp;trk=nav_responsive_tab_home","https:\/\/www.youtube.com\/channel\/UCxL0wu1uN0_3_7hGG0306cw"]},{"@type":"Person","@id":"https:\/\/www.bellunopress.it\/#\/schema\/person\/79bb06722b37ece1c03d3e94beb30d73","name":"r\u00e9daction","image":{"@type":"ImageObject","inLanguage":"fr-FR","@id":"https:\/\/secure.gravatar.com\/avatar\/37d968a2e67a6fd04c169c4bdef102d0bc5d31b2546345219e348575eb80e9a0?s=96&d=mm&r=g","url":"https:\/\/secure.gravatar.com\/avatar\/37d968a2e67a6fd04c169c4bdef102d0bc5d31b2546345219e348575eb80e9a0?s=96&d=mm&r=g","contentUrl":"https:\/\/secure.gravatar.com\/avatar\/37d968a2e67a6fd04c169c4bdef102d0bc5d31b2546345219e348575eb80e9a0?s=96&d=mm&r=g","caption":"redazione"},"sameAs":["http:\/\/www.bellunopress.it","https:\/\/x.com\/bellunopress"],"url":"https:\/\/www.bellunopress.it\/fr\/author\/redazione\/"}]}},"_links":{"self":[{"href":"https:\/\/www.bellunopress.it\/fr\/wp-json\/wp\/v2\/posts\/102130","targetHints":{"allow":["GET"]}}],"collection":[{"href":"https:\/\/www.bellunopress.it\/fr\/wp-json\/wp\/v2\/posts"}],"about":[{"href":"https:\/\/www.bellunopress.it\/fr\/wp-json\/wp\/v2\/types\/post"}],"author":[{"embeddable":true,"href":"https:\/\/www.bellunopress.it\/fr\/wp-json\/wp\/v2\/users\/2"}],"replies":[{"embeddable":true,"href":"https:\/\/www.bellunopress.it\/fr\/wp-json\/wp\/v2\/comments?post=102130"}],"version-history":[{"count":2,"href":"https:\/\/www.bellunopress.it\/fr\/wp-json\/wp\/v2\/posts\/102130\/revisions"}],"predecessor-version":[{"id":102133,"href":"https:\/\/www.bellunopress.it\/fr\/wp-json\/wp\/v2\/posts\/102130\/revisions\/102133"}],"wp:attachment":[{"href":"https:\/\/www.bellunopress.it\/fr\/wp-json\/wp\/v2\/media?parent=102130"}],"wp:term":[{"taxonomy":"category","embeddable":true,"href":"https:\/\/www.bellunopress.it\/fr\/wp-json\/wp\/v2\/categories?post=102130"},{"taxonomy":"post_tag","embeddable":true,"href":"https:\/\/www.bellunopress.it\/fr\/wp-json\/wp\/v2\/tags?post=102130"}],"curies":[{"name":"wp","href":"https:\/\/api.w.org\/{rel}","templated":true}]}}