{"id":102119,"date":"2019-02-17T18:05:23","date_gmt":"2019-02-17T17:05:23","guid":{"rendered":"http:\/\/www.bellunopress.it\/?p=102119"},"modified":"2019-03-07T08:54:08","modified_gmt":"2019-03-07T07:54:08","slug":"mondiali-di-sci-alpino-inizia-la-grande-avventura-di-cortina-2021-ad-are-il-passaggio-della-bandiera-della-fis-dalla-svezia-allitalia","status":"publish","type":"post","link":"https:\/\/www.bellunopress.it\/fr\/2019\/02\/17\/mondiali-di-sci-alpino-inizia-la-grande-avventura-di-cortina-2021-ad-are-il-passaggio-della-bandiera-della-fis-dalla-svezia-allitalia\/","title":{"rendered":"Mondiali di sci alpino:\u00a0inizia la grande avventura di Cortina 2021.\u00a0Ad \u00c5re il passaggio della bandiera della FIS dalla Svezia all\u2019Italia"},"content":{"rendered":"<p><a href=\"http:\/\/www.bellunopress.it\/fr\/2019\/02\/17\/mondiali-di-sci-alpino-inizia-la-grande-avventura-di-cortina-2021-ad-are-il-passaggio-della-bandiera-della-fis-dalla-svezia-allitalia\/cortina-2021_alessandro-benetton_\/\" rel=\"attachment wp-att-102120\"><img loading=\"lazy\" decoding=\"async\" class=\"alignleft size-full wp-image-102120\" src=\"http:\/\/www.bellunopress.it\/wp-content\/uploads\/2019\/02\/Cortina-2021_Alessandro-Benetton_.jpg\" alt=\"\" width=\"300\" height=\"192\" \/><\/a>Cortina d\u2019Ampezzo (BL), 17 febbraio 2019 \u2013 Il passaggio del testimone \u00e8 avvenuto: per Cortina l\u2019avventura mondiale parte dalla Svezia. Nel corso della cerimonia di chiusura della 45\u00aa edizione dei Campionati del mondo di sci alpino che si sono svolti ad \u00c5re, infatti, c\u2019\u00e8 stato oggi il simbolico passaggio della bandiera della Federazione Internazionale dello Sci dalle mani degli organizzatori svedesi ad Alessandro Benetton, capodelegazione azzurro e Presidente della Fondazione Cortina 2021, comitato organizzatore della rassegna iridata in programma fra 2 anni in Italia, a Cortina d\u2019Ampezzo, dall\u20198 al 21 febbraio 2021.<\/p>\n<p>Un atto formale che segna l&#8217;avvio ufficiale del percorso organizzativo che porter\u00e0 Cortina ad ospitare il pi\u00f9 importante evento sportivo &#8211; <a href=\"https:\/\/www.mygdm.com\/blog\/codice-bonus-netbet\/\">Codice partner Netbet<\/a> &#8211; dei prossimi anni nel nostro Paese con oltre oltre 600 atleti da 70 nazioni, pronti ad aggiudicarsi i 13 titoli mondiali in palio.<\/p>\n<p>Nel ricevere la bandiera, Alessandro Benetton ha voluto cos\u00ec salutare il Comitato organizzatore di \u00c5re 2019 e gli atleti: \u201c\u00c8 per me un onore essere qui oggi a ricevere il testimone dell\u2019organizzazione dei prossimi\u00a0FIS\u00a0Alpine World Ski Championships. Abbiamo ancora tutti negli occhi un momento che passer\u00e0 alla storia e che ha caratterizzato queste giornate: l&#8217;abbraccio e il tributo della leggenda Ingemar Stenmark alla campionessa Lindsey Vonn che, con il suo bronzo nella gara di discesa libera, ha deciso di concludere proprio qui una straordinaria carriera che l&#8217;ha vista tanto legata a Cortina, dove ha trionfato numerose volte. Stenmark e Vonn sono tra gli esempi pi\u00f9 belli dello sci a livello mondiale: 2 talenti di due generazioni diverse che ci hanno emozionato e a cui va tutta la nostra ammirazione. I campionati di \u00c5re ci hanno dimostrato ancora una volta quanto lo sport possa entusiasmare, quanto stia crescendo in tutto il mondo la passione per lo sci e quanto siano seguiti i grandi eventi sulle diverse piattaforme mediatiche, non solo in tv. Parliamo di fantastiche opportunit\u00e0 di visibilit\u00e0 e comunicazione per i territori che li ospitano e per l&#8217;economia delle aree di montagna.\u00a0Siamo perci\u00f2 consapevoli di ricevere una straordinaria eredit\u00e0 di cui avvertiamo tutta la responsabilit\u00e0. Vorremmo che il nostro Mondiale potesse davvero ispirare le future generazioni, nell\u2019ambito sportivo ma anche in quello dell\u2019innovazione e della cura dell\u2019ambiente naturale, perch\u00e9 la legacy che ci lasciamo dietro \u00e8 parte integrante del progetto. Ci aspetta un viaggio ricco di sfide che vogliamo vivere con impegno e grande entusiasmo\u201d.<\/p>\n<p>Con Benetton alla cerimonia, anche il sindaco di Cortina d\u2019Ampezzo, Gianpietro Ghedina che ha cos\u00ec commentato: \u201cEssere qui in questi giorni \u00e8 stata un\u2019esperienza molto importante per acquisire sul campo il know-how necessario per pianificare e gestire al meglio i prossimi campionati che si disputeranno sulle nostre Dolomiti patrimonio dell\u2019Umanit\u00e0. Siamo stati accolti con grande cordialit\u00e0 e amicizia e agli svedesi va perci\u00f2 il nostro grazie. Inizia ora il vero conto alla rovescia di un percorso che ci vedr\u00e0 impegnati quotidianamente insieme a Fondazione per farci trovare pronti e per vincere la grande sfida di un evento che promuove il nome e le bellezze di Cortina in tutto il mondo\u201d.<\/p>\n<p>Ad \u00c5re, Fondazione Cortina 2021 \u00e8 stata presente con un ampio gruppo di lavoro composto da rappresentanti di tutte le aree \u2013 che ha affiancato il Comitato organizzatore di \u00c5re 2019, dando un supporto concreto e mettendo cos\u00ec in campo uno scambio di expertise per la gestione del grande evento; l\u2019obiettivo \u00e8 stato quello di supportare e imparare il pi\u00f9 possibile per far s\u00ec che i prossimi Campionati del Mondo possano far registrare livelli ancora pi\u00f9 alti per qualit\u00e0, sicurezza e competenze tecniche.<\/p>\n<p>Inizia cos\u00ec ufficialmente il countdown verso i Campionati del Mondo di Sci alpino di Cortina 2021: la bandiera della FIS giunger\u00e0 a Cortina e sar\u00e0 festeggiata nel corso dei prossimi Campionati Italiani Assoluti di Sci alpino in programma nella Regina delle Dolomiti dal 18 al 23 marzo prossimo. Un\u2019occasione imperdibile durante la quale saranno inaugurate, insieme agli atleti azzurri, le piste Vertigine e Drusci\u00e9 A, dove si svolgeranno le gare dei Campionati del mondo nel 2021.<\/p>","protected":false},"excerpt":{"rendered":"<p>Cortina d\u2019Ampezzo (BL), 17 febbraio 2019 \u2013 Il passaggio del testimone \u00e8 avvenuto: per Cortina l\u2019avventura mondiale parte dalla Svezia. Nel corso della cerimonia di chiusura della 45\u00aa edizione dei Campionati del mondo di sci alpino che si sono svolti ad \u00c5re, infatti, c\u2019\u00e8 stato oggi il simbolico passaggio della bandiera della Federazione Internazionale dello [&hellip;]<\/p>\n","protected":false},"author":2,"featured_media":0,"comment_status":"closed","ping_status":"open","sticky":false,"template":"","format":"standard","meta":{"footnotes":""},"categories":[36,26,4],"tags":[],"class_list":["post-102119","post","type-post","status-publish","format-standard","category-lavoro-economia","category-prima-pagina","category-sport"],"yoast_head":"<!-- This site is optimized with the Yoast SEO plugin v28.4 - https:\/\/yoast.com\/product\/yoast-seo-wordpress\/ -->\n<title>Mondiali di sci alpino:\u00a0inizia la grande avventura di Cortina 2021.\u00a0Ad \u00c5re il passaggio della bandiera della FIS dalla Svezia all\u2019Italia - Bellunopress - Dolomiti<\/title>\n<meta name=\"robots\" content=\"index, follow, max-snippet:-1, max-image-preview:large, max-video-preview:-1\" \/>\n<link rel=\"canonical\" href=\"https:\/\/www.bellunopress.it\/fr\/2019\/02\/17\/mondiali-di-sci-alpino-inizia-la-grande-avventura-di-cortina-2021-ad-are-il-passaggio-della-bandiera-della-fis-dalla-svezia-allitalia\/\" \/>\n<meta property=\"og:locale\" content=\"fr_FR\" \/>\n<meta property=\"og:type\" content=\"article\" \/>\n<meta property=\"og:title\" content=\"Mondiali di sci alpino:\u00a0inizia la grande avventura di Cortina 2021.\u00a0Ad \u00c5re il passaggio della bandiera della FIS dalla Svezia all\u2019Italia - Bellunopress - Dolomiti\" \/>\n<meta property=\"og:description\" content=\"Cortina d\u2019Ampezzo (BL), 17 febbraio 2019 \u2013 Il passaggio del testimone \u00e8 avvenuto: per Cortina l\u2019avventura mondiale parte dalla Svezia. Nel corso della cerimonia di chiusura della 45\u00aa edizione dei Campionati del mondo di sci alpino che si sono svolti ad \u00c5re, infatti, c\u2019\u00e8 stato oggi il simbolico passaggio della bandiera della Federazione Internazionale dello [&hellip;]\" \/>\n<meta property=\"og:url\" content=\"https:\/\/www.bellunopress.it\/fr\/2019\/02\/17\/mondiali-di-sci-alpino-inizia-la-grande-avventura-di-cortina-2021-ad-are-il-passaggio-della-bandiera-della-fis-dalla-svezia-allitalia\/\" \/>\n<meta property=\"og:site_name\" content=\"Bellunopress - Dolomiti\" \/>\n<meta property=\"article:publisher\" content=\"https:\/\/www.facebook.com\/profile.php?id=100008943462799\" \/>\n<meta property=\"article:published_time\" content=\"2019-02-17T17:05:23+00:00\" \/>\n<meta property=\"article:modified_time\" content=\"2019-03-07T07:54:08+00:00\" \/>\n<meta property=\"og:image\" content=\"http:\/\/www.bellunopress.it\/wp-content\/uploads\/2019\/02\/Cortina-2021_Alessandro-Benetton_.jpg\" \/>\n<meta name=\"author\" content=\"redazione\" \/>\n<meta name=\"twitter:card\" content=\"summary_large_image\" \/>\n<meta name=\"twitter:creator\" content=\"@bellunopress\" \/>\n<meta name=\"twitter:site\" content=\"@bellunopress\" \/>\n<meta name=\"twitter:label1\" content=\"\u00c9crit par\" \/>\n\t<meta name=\"twitter:data1\" content=\"redazione\" \/>\n\t<meta name=\"twitter:label2\" content=\"Dur\u00e9e de lecture estim\u00e9e\" \/>\n\t<meta name=\"twitter:data2\" content=\"3 minutes\" \/>\n<script type=\"application\/ld+json\" class=\"yoast-schema-graph\">{\"@context\":\"https:\\\/\\\/schema.org\",\"@graph\":[{\"@type\":\"Article\",\"@id\":\"https:\\\/\\\/www.bellunopress.it\\\/2019\\\/02\\\/17\\\/mondiali-di-sci-alpino-inizia-la-grande-avventura-di-cortina-2021-ad-are-il-passaggio-della-bandiera-della-fis-dalla-svezia-allitalia\\\/#article\",\"isPartOf\":{\"@id\":\"https:\\\/\\\/www.bellunopress.it\\\/2019\\\/02\\\/17\\\/mondiali-di-sci-alpino-inizia-la-grande-avventura-di-cortina-2021-ad-are-il-passaggio-della-bandiera-della-fis-dalla-svezia-allitalia\\\/\"},\"author\":{\"name\":\"redazione\",\"@id\":\"https:\\\/\\\/www.bellunopress.it\\\/#\\\/schema\\\/person\\\/79bb06722b37ece1c03d3e94beb30d73\"},\"headline\":\"Mondiali di sci alpino:\u00a0inizia la grande avventura di Cortina 2021.\u00a0Ad \u00c5re il passaggio della bandiera della FIS dalla Svezia all\u2019Italia\",\"datePublished\":\"2019-02-17T17:05:23+00:00\",\"dateModified\":\"2019-03-07T07:54:08+00:00\",\"mainEntityOfPage\":{\"@id\":\"https:\\\/\\\/www.bellunopress.it\\\/2019\\\/02\\\/17\\\/mondiali-di-sci-alpino-inizia-la-grande-avventura-di-cortina-2021-ad-are-il-passaggio-della-bandiera-della-fis-dalla-svezia-allitalia\\\/\"},\"wordCount\":679,\"publisher\":{\"@id\":\"https:\\\/\\\/www.bellunopress.it\\\/#organization\"},\"image\":{\"@id\":\"https:\\\/\\\/www.bellunopress.it\\\/2019\\\/02\\\/17\\\/mondiali-di-sci-alpino-inizia-la-grande-avventura-di-cortina-2021-ad-are-il-passaggio-della-bandiera-della-fis-dalla-svezia-allitalia\\\/#primaryimage\"},\"thumbnailUrl\":\"http:\\\/\\\/www.bellunopress.it\\\/wp-content\\\/uploads\\\/2019\\\/02\\\/Cortina-2021_Alessandro-Benetton_.jpg\",\"articleSection\":[\"Lavoro, Economia, Turismo\",\"Prima Pagina\",\"Sport, tempo libero\"],\"inLanguage\":\"fr-FR\"},{\"@type\":\"WebPage\",\"@id\":\"https:\\\/\\\/www.bellunopress.it\\\/2019\\\/02\\\/17\\\/mondiali-di-sci-alpino-inizia-la-grande-avventura-di-cortina-2021-ad-are-il-passaggio-della-bandiera-della-fis-dalla-svezia-allitalia\\\/\",\"url\":\"https:\\\/\\\/www.bellunopress.it\\\/2019\\\/02\\\/17\\\/mondiali-di-sci-alpino-inizia-la-grande-avventura-di-cortina-2021-ad-are-il-passaggio-della-bandiera-della-fis-dalla-svezia-allitalia\\\/\",\"name\":\"Mondiali di sci alpino:\u00a0inizia la grande avventura di Cortina 2021.\u00a0Ad \u00c5re il passaggio della bandiera della FIS dalla Svezia all\u2019Italia - Bellunopress - Dolomiti\",\"isPartOf\":{\"@id\":\"https:\\\/\\\/www.bellunopress.it\\\/#website\"},\"primaryImageOfPage\":{\"@id\":\"https:\\\/\\\/www.bellunopress.it\\\/2019\\\/02\\\/17\\\/mondiali-di-sci-alpino-inizia-la-grande-avventura-di-cortina-2021-ad-are-il-passaggio-della-bandiera-della-fis-dalla-svezia-allitalia\\\/#primaryimage\"},\"image\":{\"@id\":\"https:\\\/\\\/www.bellunopress.it\\\/2019\\\/02\\\/17\\\/mondiali-di-sci-alpino-inizia-la-grande-avventura-di-cortina-2021-ad-are-il-passaggio-della-bandiera-della-fis-dalla-svezia-allitalia\\\/#primaryimage\"},\"thumbnailUrl\":\"http:\\\/\\\/www.bellunopress.it\\\/wp-content\\\/uploads\\\/2019\\\/02\\\/Cortina-2021_Alessandro-Benetton_.jpg\",\"datePublished\":\"2019-02-17T17:05:23+00:00\",\"dateModified\":\"2019-03-07T07:54:08+00:00\",\"breadcrumb\":{\"@id\":\"https:\\\/\\\/www.bellunopress.it\\\/2019\\\/02\\\/17\\\/mondiali-di-sci-alpino-inizia-la-grande-avventura-di-cortina-2021-ad-are-il-passaggio-della-bandiera-della-fis-dalla-svezia-allitalia\\\/#breadcrumb\"},\"inLanguage\":\"fr-FR\",\"potentialAction\":[{\"@type\":\"ReadAction\",\"target\":[\"https:\\\/\\\/www.bellunopress.it\\\/2019\\\/02\\\/17\\\/mondiali-di-sci-alpino-inizia-la-grande-avventura-di-cortina-2021-ad-are-il-passaggio-della-bandiera-della-fis-dalla-svezia-allitalia\\\/\"]}]},{\"@type\":\"ImageObject\",\"inLanguage\":\"fr-FR\",\"@id\":\"https:\\\/\\\/www.bellunopress.it\\\/2019\\\/02\\\/17\\\/mondiali-di-sci-alpino-inizia-la-grande-avventura-di-cortina-2021-ad-are-il-passaggio-della-bandiera-della-fis-dalla-svezia-allitalia\\\/#primaryimage\",\"url\":\"http:\\\/\\\/www.bellunopress.it\\\/wp-content\\\/uploads\\\/2019\\\/02\\\/Cortina-2021_Alessandro-Benetton_.jpg\",\"contentUrl\":\"http:\\\/\\\/www.bellunopress.it\\\/wp-content\\\/uploads\\\/2019\\\/02\\\/Cortina-2021_Alessandro-Benetton_.jpg\"},{\"@type\":\"BreadcrumbList\",\"@id\":\"https:\\\/\\\/www.bellunopress.it\\\/2019\\\/02\\\/17\\\/mondiali-di-sci-alpino-inizia-la-grande-avventura-di-cortina-2021-ad-are-il-passaggio-della-bandiera-della-fis-dalla-svezia-allitalia\\\/#breadcrumb\",\"itemListElement\":[{\"@type\":\"ListItem\",\"position\":1,\"name\":\"Home\",\"item\":\"https:\\\/\\\/www.bellunopress.it\\\/\"},{\"@type\":\"ListItem\",\"position\":2,\"name\":\"Mondiali di sci alpino:\u00a0inizia la grande avventura di Cortina 2021.\u00a0Ad \u00c5re il passaggio della bandiera della FIS dalla Svezia all\u2019Italia\"}]},{\"@type\":\"WebSite\",\"@id\":\"https:\\\/\\\/www.bellunopress.it\\\/#website\",\"url\":\"https:\\\/\\\/www.bellunopress.it\\\/\",\"name\":\"Bellunopress - Dolomiti\",\"description\":\"e-mail: redazione@bellunopress.it\",\"publisher\":{\"@id\":\"https:\\\/\\\/www.bellunopress.it\\\/#organization\"},\"potentialAction\":[{\"@type\":\"SearchAction\",\"target\":{\"@type\":\"EntryPoint\",\"urlTemplate\":\"https:\\\/\\\/www.bellunopress.it\\\/?s={search_term_string}\"},\"query-input\":{\"@type\":\"PropertyValueSpecification\",\"valueRequired\":true,\"valueName\":\"search_term_string\"}}],\"inLanguage\":\"fr-FR\"},{\"@type\":\"Organization\",\"@id\":\"https:\\\/\\\/www.bellunopress.it\\\/#organization\",\"name\":\"Bellunopress\",\"url\":\"https:\\\/\\\/www.bellunopress.it\\\/\",\"logo\":{\"@type\":\"ImageObject\",\"inLanguage\":\"fr-FR\",\"@id\":\"https:\\\/\\\/www.bellunopress.it\\\/#\\\/schema\\\/logo\\\/image\\\/\",\"url\":\"https:\\\/\\\/www.bellunopress.it\\\/wp-content\\\/uploads\\\/2011\\\/05\\\/cropped-logo-bellunopress-.jpg\",\"contentUrl\":\"https:\\\/\\\/www.bellunopress.it\\\/wp-content\\\/uploads\\\/2011\\\/05\\\/cropped-logo-bellunopress-.jpg\",\"width\":512,\"height\":512,\"caption\":\"Bellunopress\"},\"image\":{\"@id\":\"https:\\\/\\\/www.bellunopress.it\\\/#\\\/schema\\\/logo\\\/image\\\/\"},\"sameAs\":[\"https:\\\/\\\/www.facebook.com\\\/profile.php?id=100008943462799\",\"https:\\\/\\\/x.com\\\/bellunopress\",\"https:\\\/\\\/www.linkedin.com\\\/hp\\\/?dnr=JBzUWaJfMUw8vbXJJ2tVW5-I3jZKvC4wsoxE&amp;amp;amp;amp;amp;amp;trk=nav_responsive_tab_home\",\"https:\\\/\\\/www.youtube.com\\\/channel\\\/UCxL0wu1uN0_3_7hGG0306cw\"]},{\"@type\":\"Person\",\"@id\":\"https:\\\/\\\/www.bellunopress.it\\\/#\\\/schema\\\/person\\\/79bb06722b37ece1c03d3e94beb30d73\",\"name\":\"redazione\",\"image\":{\"@type\":\"ImageObject\",\"inLanguage\":\"fr-FR\",\"@id\":\"https:\\\/\\\/secure.gravatar.com\\\/avatar\\\/37d968a2e67a6fd04c169c4bdef102d0bc5d31b2546345219e348575eb80e9a0?s=96&d=mm&r=g\",\"url\":\"https:\\\/\\\/secure.gravatar.com\\\/avatar\\\/37d968a2e67a6fd04c169c4bdef102d0bc5d31b2546345219e348575eb80e9a0?s=96&d=mm&r=g\",\"contentUrl\":\"https:\\\/\\\/secure.gravatar.com\\\/avatar\\\/37d968a2e67a6fd04c169c4bdef102d0bc5d31b2546345219e348575eb80e9a0?s=96&d=mm&r=g\",\"caption\":\"redazione\"},\"sameAs\":[\"http:\\\/\\\/www.bellunopress.it\",\"https:\\\/\\\/x.com\\\/bellunopress\"],\"url\":\"https:\\\/\\\/www.bellunopress.it\\\/fr\\\/author\\\/redazione\\\/\"}]}<\/script>\n<!-- \/ Yoast SEO plugin. -->","yoast_head_json":{"title":"Mondiali di sci alpino:\u00a0inizia la grande avventura di Cortina 2021.\u00a0Ad \u00c5re il passaggio della bandiera della FIS dalla Svezia all\u2019Italia - Bellunopress - Dolomiti","robots":{"index":"index","follow":"follow","max-snippet":"max-snippet:-1","max-image-preview":"max-image-preview:large","max-video-preview":"max-video-preview:-1"},"canonical":"https:\/\/www.bellunopress.it\/fr\/2019\/02\/17\/mondiali-di-sci-alpino-inizia-la-grande-avventura-di-cortina-2021-ad-are-il-passaggio-della-bandiera-della-fis-dalla-svezia-allitalia\/","og_locale":"fr_FR","og_type":"article","og_title":"Mondiali di sci alpino:\u00a0inizia la grande avventura di Cortina 2021.\u00a0Ad \u00c5re il passaggio della bandiera della FIS dalla Svezia all\u2019Italia - Bellunopress - Dolomiti","og_description":"Cortina d\u2019Ampezzo (BL), 17 febbraio 2019 \u2013 Il passaggio del testimone \u00e8 avvenuto: per Cortina l\u2019avventura mondiale parte dalla Svezia. Nel corso della cerimonia di chiusura della 45\u00aa edizione dei Campionati del mondo di sci alpino che si sono svolti ad \u00c5re, infatti, c\u2019\u00e8 stato oggi il simbolico passaggio della bandiera della Federazione Internazionale dello [&hellip;]","og_url":"https:\/\/www.bellunopress.it\/fr\/2019\/02\/17\/mondiali-di-sci-alpino-inizia-la-grande-avventura-di-cortina-2021-ad-are-il-passaggio-della-bandiera-della-fis-dalla-svezia-allitalia\/","og_site_name":"Bellunopress - Dolomiti","article_publisher":"https:\/\/www.facebook.com\/profile.php?id=100008943462799","article_published_time":"2019-02-17T17:05:23+00:00","article_modified_time":"2019-03-07T07:54:08+00:00","og_image":[{"url":"http:\/\/www.bellunopress.it\/wp-content\/uploads\/2019\/02\/Cortina-2021_Alessandro-Benetton_.jpg","type":"","width":"","height":""}],"author":"redazione","twitter_card":"summary_large_image","twitter_creator":"@bellunopress","twitter_site":"@bellunopress","twitter_misc":{"\u00c9crit par":"redazione","Dur\u00e9e de lecture estim\u00e9e":"3 minutes"},"schema":{"@context":"https:\/\/schema.org","@graph":[{"@type":"Article","@id":"https:\/\/www.bellunopress.it\/2019\/02\/17\/mondiali-di-sci-alpino-inizia-la-grande-avventura-di-cortina-2021-ad-are-il-passaggio-della-bandiera-della-fis-dalla-svezia-allitalia\/#article","isPartOf":{"@id":"https:\/\/www.bellunopress.it\/2019\/02\/17\/mondiali-di-sci-alpino-inizia-la-grande-avventura-di-cortina-2021-ad-are-il-passaggio-della-bandiera-della-fis-dalla-svezia-allitalia\/"},"author":{"name":"redazione","@id":"https:\/\/www.bellunopress.it\/#\/schema\/person\/79bb06722b37ece1c03d3e94beb30d73"},"headline":"Mondiali di sci alpino:\u00a0inizia la grande avventura di Cortina 2021.\u00a0Ad \u00c5re il passaggio della bandiera della FIS dalla Svezia all\u2019Italia","datePublished":"2019-02-17T17:05:23+00:00","dateModified":"2019-03-07T07:54:08+00:00","mainEntityOfPage":{"@id":"https:\/\/www.bellunopress.it\/2019\/02\/17\/mondiali-di-sci-alpino-inizia-la-grande-avventura-di-cortina-2021-ad-are-il-passaggio-della-bandiera-della-fis-dalla-svezia-allitalia\/"},"wordCount":679,"publisher":{"@id":"https:\/\/www.bellunopress.it\/#organization"},"image":{"@id":"https:\/\/www.bellunopress.it\/2019\/02\/17\/mondiali-di-sci-alpino-inizia-la-grande-avventura-di-cortina-2021-ad-are-il-passaggio-della-bandiera-della-fis-dalla-svezia-allitalia\/#primaryimage"},"thumbnailUrl":"http:\/\/www.bellunopress.it\/wp-content\/uploads\/2019\/02\/Cortina-2021_Alessandro-Benetton_.jpg","articleSection":["Lavoro, Economia, Turismo","Prima Pagina","Sport, tempo libero"],"inLanguage":"fr-FR"},{"@type":"WebPage","@id":"https:\/\/www.bellunopress.it\/2019\/02\/17\/mondiali-di-sci-alpino-inizia-la-grande-avventura-di-cortina-2021-ad-are-il-passaggio-della-bandiera-della-fis-dalla-svezia-allitalia\/","url":"https:\/\/www.bellunopress.it\/2019\/02\/17\/mondiali-di-sci-alpino-inizia-la-grande-avventura-di-cortina-2021-ad-are-il-passaggio-della-bandiera-della-fis-dalla-svezia-allitalia\/","name":"Mondiali di sci alpino:\u00a0inizia la grande avventura di Cortina 2021.\u00a0Ad \u00c5re il passaggio della bandiera della FIS dalla Svezia all\u2019Italia - Bellunopress - Dolomiti","isPartOf":{"@id":"https:\/\/www.bellunopress.it\/#website"},"primaryImageOfPage":{"@id":"https:\/\/www.bellunopress.it\/2019\/02\/17\/mondiali-di-sci-alpino-inizia-la-grande-avventura-di-cortina-2021-ad-are-il-passaggio-della-bandiera-della-fis-dalla-svezia-allitalia\/#primaryimage"},"image":{"@id":"https:\/\/www.bellunopress.it\/2019\/02\/17\/mondiali-di-sci-alpino-inizia-la-grande-avventura-di-cortina-2021-ad-are-il-passaggio-della-bandiera-della-fis-dalla-svezia-allitalia\/#primaryimage"},"thumbnailUrl":"http:\/\/www.bellunopress.it\/wp-content\/uploads\/2019\/02\/Cortina-2021_Alessandro-Benetton_.jpg","datePublished":"2019-02-17T17:05:23+00:00","dateModified":"2019-03-07T07:54:08+00:00","breadcrumb":{"@id":"https:\/\/www.bellunopress.it\/2019\/02\/17\/mondiali-di-sci-alpino-inizia-la-grande-avventura-di-cortina-2021-ad-are-il-passaggio-della-bandiera-della-fis-dalla-svezia-allitalia\/#breadcrumb"},"inLanguage":"fr-FR","potentialAction":[{"@type":"ReadAction","target":["https:\/\/www.bellunopress.it\/2019\/02\/17\/mondiali-di-sci-alpino-inizia-la-grande-avventura-di-cortina-2021-ad-are-il-passaggio-della-bandiera-della-fis-dalla-svezia-allitalia\/"]}]},{"@type":"ImageObject","inLanguage":"fr-FR","@id":"https:\/\/www.bellunopress.it\/2019\/02\/17\/mondiali-di-sci-alpino-inizia-la-grande-avventura-di-cortina-2021-ad-are-il-passaggio-della-bandiera-della-fis-dalla-svezia-allitalia\/#primaryimage","url":"http:\/\/www.bellunopress.it\/wp-content\/uploads\/2019\/02\/Cortina-2021_Alessandro-Benetton_.jpg","contentUrl":"http:\/\/www.bellunopress.it\/wp-content\/uploads\/2019\/02\/Cortina-2021_Alessandro-Benetton_.jpg"},{"@type":"BreadcrumbList","@id":"https:\/\/www.bellunopress.it\/2019\/02\/17\/mondiali-di-sci-alpino-inizia-la-grande-avventura-di-cortina-2021-ad-are-il-passaggio-della-bandiera-della-fis-dalla-svezia-allitalia\/#breadcrumb","itemListElement":[{"@type":"ListItem","position":1,"name":"Home","item":"https:\/\/www.bellunopress.it\/"},{"@type":"ListItem","position":2,"name":"Mondiali di sci alpino:\u00a0inizia la grande avventura di Cortina 2021.\u00a0Ad \u00c5re il passaggio della bandiera della FIS dalla Svezia all\u2019Italia"}]},{"@type":"WebSite","@id":"https:\/\/www.bellunopress.it\/#website","url":"https:\/\/www.bellunopress.it\/","name":"Bellunopress - Dolomiti","description":"e-mail: redazione@bellunopress.it","publisher":{"@id":"https:\/\/www.bellunopress.it\/#organization"},"potentialAction":[{"@type":"SearchAction","target":{"@type":"EntryPoint","urlTemplate":"https:\/\/www.bellunopress.it\/?s={search_term_string}"},"query-input":{"@type":"PropertyValueSpecification","valueRequired":true,"valueName":"search_term_string"}}],"inLanguage":"fr-FR"},{"@type":"Organization","@id":"https:\/\/www.bellunopress.it\/#organization","name":"Bellunopress","url":"https:\/\/www.bellunopress.it\/","logo":{"@type":"ImageObject","inLanguage":"fr-FR","@id":"https:\/\/www.bellunopress.it\/#\/schema\/logo\/image\/","url":"https:\/\/www.bellunopress.it\/wp-content\/uploads\/2011\/05\/cropped-logo-bellunopress-.jpg","contentUrl":"https:\/\/www.bellunopress.it\/wp-content\/uploads\/2011\/05\/cropped-logo-bellunopress-.jpg","width":512,"height":512,"caption":"Bellunopress"},"image":{"@id":"https:\/\/www.bellunopress.it\/#\/schema\/logo\/image\/"},"sameAs":["https:\/\/www.facebook.com\/profile.php?id=100008943462799","https:\/\/x.com\/bellunopress","https:\/\/www.linkedin.com\/hp\/?dnr=JBzUWaJfMUw8vbXJJ2tVW5-I3jZKvC4wsoxE&amp;amp;amp;amp;amp;amp;trk=nav_responsive_tab_home","https:\/\/www.youtube.com\/channel\/UCxL0wu1uN0_3_7hGG0306cw"]},{"@type":"Person","@id":"https:\/\/www.bellunopress.it\/#\/schema\/person\/79bb06722b37ece1c03d3e94beb30d73","name":"r\u00e9daction","image":{"@type":"ImageObject","inLanguage":"fr-FR","@id":"https:\/\/secure.gravatar.com\/avatar\/37d968a2e67a6fd04c169c4bdef102d0bc5d31b2546345219e348575eb80e9a0?s=96&d=mm&r=g","url":"https:\/\/secure.gravatar.com\/avatar\/37d968a2e67a6fd04c169c4bdef102d0bc5d31b2546345219e348575eb80e9a0?s=96&d=mm&r=g","contentUrl":"https:\/\/secure.gravatar.com\/avatar\/37d968a2e67a6fd04c169c4bdef102d0bc5d31b2546345219e348575eb80e9a0?s=96&d=mm&r=g","caption":"redazione"},"sameAs":["http:\/\/www.bellunopress.it","https:\/\/x.com\/bellunopress"],"url":"https:\/\/www.bellunopress.it\/fr\/author\/redazione\/"}]}},"_links":{"self":[{"href":"https:\/\/www.bellunopress.it\/fr\/wp-json\/wp\/v2\/posts\/102119","targetHints":{"allow":["GET"]}}],"collection":[{"href":"https:\/\/www.bellunopress.it\/fr\/wp-json\/wp\/v2\/posts"}],"about":[{"href":"https:\/\/www.bellunopress.it\/fr\/wp-json\/wp\/v2\/types\/post"}],"author":[{"embeddable":true,"href":"https:\/\/www.bellunopress.it\/fr\/wp-json\/wp\/v2\/users\/2"}],"replies":[{"embeddable":true,"href":"https:\/\/www.bellunopress.it\/fr\/wp-json\/wp\/v2\/comments?post=102119"}],"version-history":[{"count":7,"href":"https:\/\/www.bellunopress.it\/fr\/wp-json\/wp\/v2\/posts\/102119\/revisions"}],"predecessor-version":[{"id":102674,"href":"https:\/\/www.bellunopress.it\/fr\/wp-json\/wp\/v2\/posts\/102119\/revisions\/102674"}],"wp:attachment":[{"href":"https:\/\/www.bellunopress.it\/fr\/wp-json\/wp\/v2\/media?parent=102119"}],"wp:term":[{"taxonomy":"category","embeddable":true,"href":"https:\/\/www.bellunopress.it\/fr\/wp-json\/wp\/v2\/categories?post=102119"},{"taxonomy":"post_tag","embeddable":true,"href":"https:\/\/www.bellunopress.it\/fr\/wp-json\/wp\/v2\/tags?post=102119"}],"curies":[{"name":"wp","href":"https:\/\/api.w.org\/{rel}","templated":true}]}}