{"id":102115,"date":"2019-02-17T17:26:56","date_gmt":"2019-02-17T16:26:56","guid":{"rendered":"http:\/\/www.bellunopress.it\/?p=102115"},"modified":"2019-02-17T17:26:57","modified_gmt":"2019-02-17T16:26:57","slug":"caso-diciotti-lunedi-i-5-stelle-votano-lautorizzazione-a-procedere-a-salvini-quesito-scritto-in-politichese-chi-vota-si-nega-lautorizzazione-a-procedere-chi-vota-no-la-concede","status":"publish","type":"post","link":"https:\/\/www.bellunopress.it\/fr\/2019\/02\/17\/caso-diciotti-lunedi-i-5-stelle-votano-lautorizzazione-a-procedere-a-salvini-quesito-scritto-in-politichese-chi-vota-si-nega-lautorizzazione-a-procedere-chi-vota-no-la-concede\/","title":{"rendered":"Caso Diciotti. Luned\u00ec i 5 Stelle votano l&#8217;autorizzazione a procedere a Salvini. Quesito scritto in politichese, chi vota S\u00ec nega l&#8217;autorizzazione a procedere, chi vota No la concede"},"content":{"rendered":"<p><a href=\"http:\/\/www.bellunopress.it\/fr\/2019\/02\/17\/caso-diciotti-lunedi-i-5-stelle-votano-lautorizzazione-a-procedere-a-salvini-quesito-scritto-in-politichese-chi-vota-si-nega-lautorizzazione-a-procedere-chi-vota-no-la-concede\/voto-digitale\/\" rel=\"attachment wp-att-102116\"><img loading=\"lazy\" decoding=\"async\" class=\"alignleft size-full wp-image-102116\" src=\"http:\/\/www.bellunopress.it\/wp-content\/uploads\/2019\/02\/voto-digitale.jpg\" alt=\"\" width=\"261\" height=\"182\" \/><\/a>&#8220;Il ritardo dello sbarco della nave Diciotti, per redistribuire i migranti nei vari paesi europei, \u00e8 avvenuto per la tutela di un interesse dello Stato&#8221;?<\/p>\n<p>E&#8217; il testo del quesito con il quale sono chiamati al voto luned\u00ec 18 febbraio sul Portale Rousseau gli iscritti del Movimento 5 Stelle,\u00a0 riguardo la concessione dell&#8217;autorizzazione a procedere nei confronti del ministro dell&#8217;Interno Matteo Salvini.<br \/>\nE quindi, con il voto SI si nega l&#8217;autorizzazione a procedere. Mentre con il NO si\u00a0concede l&#8217;autorizzazione a procedere.<\/p>\n<p><strong>I fatti<\/strong><\/p>\n<p>Tra il 20 e 25 agosto 2018, mentre 137 migranti si trovavano a bordo della nave Diciotti, con assistenza sanitaria e alimentare, il ministro degli Esteri e il presidente del Consiglio Conte stavano sentendo i leader degli altri paesi europei affinch\u00e9 ognuno accogliesse la propria quota di migranti. Questo accordo doveva essere raggiunto prima dello sbarco perch\u00e9, altrimenti, sarebbero dovuti rimanere tutti in Italia. E questo a causa del Regolamento di Dublino, che impone che il primo Paese di approdo debba farsi carico di tutti i migranti che arrivano in Europa.<\/p>\n<p>Il ministro dell&#8217;interno Salvini, d&#8217;accordo con il ministro dei Trasporti Toninelli, il vice presidente del Consiglio Di Maio e con il presidente Conte, neg\u00f2 quindi lo sbarco fino a che l&#8217;accordo non fosse stato raggiunto. Per questa vicenda il Tribunale dei Ministri di Catania ha deciso di inquisire il ministro dell&#8217;interno perch\u00e9 ha considerato il ritardo dello sbarco dalla nave un sequestro di persona e ha chiesto al Parlamento l&#8217;autorizzazione a procedere.<\/p>\n<p>Su questo si deve esprimere con un voto prima la Giunta per le autorizzazioni a procedere e poi l&#8217;Assemblea del Senato. Se il Parlamento nega l&#8217;autorizzazione a procedere, sta affermando che il Ministro ha agito per interesse pubblico o interesse dello Stato, e che quindi non sar\u00e0 processato. Nel caso invece venga data l&#8217;autorizzazione, il ministro dell&#8217;interno andr\u00e0 a processo.<\/p>\n<p>Questo quindi &#8211; precisano le istruzioni al voto del Movimento 5 Stelle &#8211; non \u00e8 il solito voto sull&#8217;immunit\u00e0 dei parlamentari. Di quei casi si occupa l&#8217;articolo 68 della Costituzione, e su quelli il MoVimento 5 Stelle \u00e8 sempre stato ed \u00e8 inamovibile: niente immunit\u00e0, niente insindacabilit\u00e0. Nessuna protezione per i politici che devono rispondere delle loro azioni individuali. Noi mandammo a processo i nostri portavoce Paola Taverna e Mario Giarrusso e entrambi votarono per farsi processare.<\/p>\n<p>Questo \u00e8 un caso diverso: stiamo parlando infatti dell&#8217;articolo 96 della Costituzione. Questo \u00e8 un caso senza precedenti perch\u00e9 mai in passato si era verificato che la magistratura chiedesse al Parlamento di autorizzare un processo per un ministro che aveva agito nell&#8217;esercizio delle sue funzioni e non per azioni fatte per tornaconto privato e personale (tangenti, truffa, appalti, etc): in questo caso non ci porremmo neppure il problema e lo spediremmo in tribunale.<\/p>\n<p>&nbsp;<\/p>","protected":false},"excerpt":{"rendered":"<p>&#8220;Il ritardo dello sbarco della nave Diciotti, per redistribuire i migranti nei vari paesi europei, \u00e8 avvenuto per la tutela di un interesse dello Stato&#8221;? E&#8217; il testo del quesito con il quale sono chiamati al voto luned\u00ec 18 febbraio sul Portale Rousseau gli iscritti del Movimento 5 Stelle,\u00a0 riguardo la concessione dell&#8217;autorizzazione a procedere [&hellip;]<\/p>\n","protected":false},"author":2,"featured_media":0,"comment_status":"closed","ping_status":"open","sticky":false,"template":"","format":"standard","meta":{"footnotes":""},"categories":[1],"tags":[],"class_list":["post-102115","post","type-post","status-publish","format-standard","category-leo"],"yoast_head":"<!-- This site is optimized with the Yoast SEO plugin v28.4 - https:\/\/yoast.com\/product\/yoast-seo-wordpress\/ -->\n<title>Caso Diciotti. Luned\u00ec i 5 Stelle votano l&#039;autorizzazione a procedere a Salvini. Quesito scritto in politichese, chi vota S\u00ec nega l&#039;autorizzazione a procedere, chi vota No la concede - Bellunopress - Dolomiti<\/title>\n<meta name=\"robots\" content=\"index, follow, max-snippet:-1, max-image-preview:large, max-video-preview:-1\" \/>\n<link rel=\"canonical\" href=\"https:\/\/www.bellunopress.it\/fr\/2019\/02\/17\/caso-diciotti-lunedi-i-5-stelle-votano-lautorizzazione-a-procedere-a-salvini-quesito-scritto-in-politichese-chi-vota-si-nega-lautorizzazione-a-procedere-chi-vota-no-la-concede\/\" \/>\n<meta property=\"og:locale\" content=\"fr_FR\" \/>\n<meta property=\"og:type\" content=\"article\" \/>\n<meta property=\"og:title\" content=\"Caso Diciotti. Luned\u00ec i 5 Stelle votano l&#039;autorizzazione a procedere a Salvini. Quesito scritto in politichese, chi vota S\u00ec nega l&#039;autorizzazione a procedere, chi vota No la concede - Bellunopress - Dolomiti\" \/>\n<meta property=\"og:description\" content=\"&#8220;Il ritardo dello sbarco della nave Diciotti, per redistribuire i migranti nei vari paesi europei, \u00e8 avvenuto per la tutela di un interesse dello Stato&#8221;? E&#8217; il testo del quesito con il quale sono chiamati al voto luned\u00ec 18 febbraio sul Portale Rousseau gli iscritti del Movimento 5 Stelle,\u00a0 riguardo la concessione dell&#8217;autorizzazione a procedere [&hellip;]\" \/>\n<meta property=\"og:url\" content=\"https:\/\/www.bellunopress.it\/fr\/2019\/02\/17\/caso-diciotti-lunedi-i-5-stelle-votano-lautorizzazione-a-procedere-a-salvini-quesito-scritto-in-politichese-chi-vota-si-nega-lautorizzazione-a-procedere-chi-vota-no-la-concede\/\" \/>\n<meta property=\"og:site_name\" content=\"Bellunopress - Dolomiti\" \/>\n<meta property=\"article:publisher\" content=\"https:\/\/www.facebook.com\/profile.php?id=100008943462799\" \/>\n<meta property=\"article:published_time\" content=\"2019-02-17T16:26:56+00:00\" \/>\n<meta property=\"article:modified_time\" content=\"2019-02-17T16:26:57+00:00\" \/>\n<meta property=\"og:image\" content=\"http:\/\/www.bellunopress.it\/wp-content\/uploads\/2019\/02\/voto-digitale.jpg\" \/>\n<meta name=\"author\" content=\"redazione\" \/>\n<meta name=\"twitter:card\" content=\"summary_large_image\" \/>\n<meta name=\"twitter:creator\" content=\"@bellunopress\" \/>\n<meta name=\"twitter:site\" content=\"@bellunopress\" \/>\n<meta name=\"twitter:label1\" content=\"Written by\" \/>\n\t<meta name=\"twitter:data1\" content=\"redazione\" \/>\n\t<meta name=\"twitter:label2\" content=\"Est. reading time\" \/>\n\t<meta name=\"twitter:data2\" content=\"2 minutes\" \/>\n<script type=\"application\/ld+json\" class=\"yoast-schema-graph\">{\"@context\":\"https:\\\/\\\/schema.org\",\"@graph\":[{\"@type\":\"Article\",\"@id\":\"https:\\\/\\\/www.bellunopress.it\\\/2019\\\/02\\\/17\\\/caso-diciotti-lunedi-i-5-stelle-votano-lautorizzazione-a-procedere-a-salvini-quesito-scritto-in-politichese-chi-vota-si-nega-lautorizzazione-a-procedere-chi-vota-no-la-concede\\\/#article\",\"isPartOf\":{\"@id\":\"https:\\\/\\\/www.bellunopress.it\\\/2019\\\/02\\\/17\\\/caso-diciotti-lunedi-i-5-stelle-votano-lautorizzazione-a-procedere-a-salvini-quesito-scritto-in-politichese-chi-vota-si-nega-lautorizzazione-a-procedere-chi-vota-no-la-concede\\\/\"},\"author\":{\"name\":\"redazione\",\"@id\":\"https:\\\/\\\/www.bellunopress.it\\\/#\\\/schema\\\/person\\\/79bb06722b37ece1c03d3e94beb30d73\"},\"headline\":\"Caso Diciotti. Luned\u00ec i 5 Stelle votano l&#8217;autorizzazione a procedere a Salvini. Quesito scritto in politichese, chi vota S\u00ec nega l&#8217;autorizzazione a procedere, chi vota No la concede\",\"datePublished\":\"2019-02-17T16:26:56+00:00\",\"dateModified\":\"2019-02-17T16:26:57+00:00\",\"mainEntityOfPage\":{\"@id\":\"https:\\\/\\\/www.bellunopress.it\\\/2019\\\/02\\\/17\\\/caso-diciotti-lunedi-i-5-stelle-votano-lautorizzazione-a-procedere-a-salvini-quesito-scritto-in-politichese-chi-vota-si-nega-lautorizzazione-a-procedere-chi-vota-no-la-concede\\\/\"},\"wordCount\":488,\"publisher\":{\"@id\":\"https:\\\/\\\/www.bellunopress.it\\\/#organization\"},\"image\":{\"@id\":\"https:\\\/\\\/www.bellunopress.it\\\/2019\\\/02\\\/17\\\/caso-diciotti-lunedi-i-5-stelle-votano-lautorizzazione-a-procedere-a-salvini-quesito-scritto-in-politichese-chi-vota-si-nega-lautorizzazione-a-procedere-chi-vota-no-la-concede\\\/#primaryimage\"},\"thumbnailUrl\":\"http:\\\/\\\/www.bellunopress.it\\\/wp-content\\\/uploads\\\/2019\\\/02\\\/voto-digitale.jpg\",\"articleSection\":[\"Lettere Opinioni\"],\"inLanguage\":\"fr-FR\"},{\"@type\":\"WebPage\",\"@id\":\"https:\\\/\\\/www.bellunopress.it\\\/2019\\\/02\\\/17\\\/caso-diciotti-lunedi-i-5-stelle-votano-lautorizzazione-a-procedere-a-salvini-quesito-scritto-in-politichese-chi-vota-si-nega-lautorizzazione-a-procedere-chi-vota-no-la-concede\\\/\",\"url\":\"https:\\\/\\\/www.bellunopress.it\\\/2019\\\/02\\\/17\\\/caso-diciotti-lunedi-i-5-stelle-votano-lautorizzazione-a-procedere-a-salvini-quesito-scritto-in-politichese-chi-vota-si-nega-lautorizzazione-a-procedere-chi-vota-no-la-concede\\\/\",\"name\":\"Caso Diciotti. Luned\u00ec i 5 Stelle votano l'autorizzazione a procedere a Salvini. Quesito scritto in politichese, chi vota S\u00ec nega l'autorizzazione a procedere, chi vota No la concede - Bellunopress - Dolomiti\",\"isPartOf\":{\"@id\":\"https:\\\/\\\/www.bellunopress.it\\\/#website\"},\"primaryImageOfPage\":{\"@id\":\"https:\\\/\\\/www.bellunopress.it\\\/2019\\\/02\\\/17\\\/caso-diciotti-lunedi-i-5-stelle-votano-lautorizzazione-a-procedere-a-salvini-quesito-scritto-in-politichese-chi-vota-si-nega-lautorizzazione-a-procedere-chi-vota-no-la-concede\\\/#primaryimage\"},\"image\":{\"@id\":\"https:\\\/\\\/www.bellunopress.it\\\/2019\\\/02\\\/17\\\/caso-diciotti-lunedi-i-5-stelle-votano-lautorizzazione-a-procedere-a-salvini-quesito-scritto-in-politichese-chi-vota-si-nega-lautorizzazione-a-procedere-chi-vota-no-la-concede\\\/#primaryimage\"},\"thumbnailUrl\":\"http:\\\/\\\/www.bellunopress.it\\\/wp-content\\\/uploads\\\/2019\\\/02\\\/voto-digitale.jpg\",\"datePublished\":\"2019-02-17T16:26:56+00:00\",\"dateModified\":\"2019-02-17T16:26:57+00:00\",\"breadcrumb\":{\"@id\":\"https:\\\/\\\/www.bellunopress.it\\\/2019\\\/02\\\/17\\\/caso-diciotti-lunedi-i-5-stelle-votano-lautorizzazione-a-procedere-a-salvini-quesito-scritto-in-politichese-chi-vota-si-nega-lautorizzazione-a-procedere-chi-vota-no-la-concede\\\/#breadcrumb\"},\"inLanguage\":\"fr-FR\",\"potentialAction\":[{\"@type\":\"ReadAction\",\"target\":[\"https:\\\/\\\/www.bellunopress.it\\\/2019\\\/02\\\/17\\\/caso-diciotti-lunedi-i-5-stelle-votano-lautorizzazione-a-procedere-a-salvini-quesito-scritto-in-politichese-chi-vota-si-nega-lautorizzazione-a-procedere-chi-vota-no-la-concede\\\/\"]}]},{\"@type\":\"ImageObject\",\"inLanguage\":\"fr-FR\",\"@id\":\"https:\\\/\\\/www.bellunopress.it\\\/2019\\\/02\\\/17\\\/caso-diciotti-lunedi-i-5-stelle-votano-lautorizzazione-a-procedere-a-salvini-quesito-scritto-in-politichese-chi-vota-si-nega-lautorizzazione-a-procedere-chi-vota-no-la-concede\\\/#primaryimage\",\"url\":\"http:\\\/\\\/www.bellunopress.it\\\/wp-content\\\/uploads\\\/2019\\\/02\\\/voto-digitale.jpg\",\"contentUrl\":\"http:\\\/\\\/www.bellunopress.it\\\/wp-content\\\/uploads\\\/2019\\\/02\\\/voto-digitale.jpg\"},{\"@type\":\"BreadcrumbList\",\"@id\":\"https:\\\/\\\/www.bellunopress.it\\\/2019\\\/02\\\/17\\\/caso-diciotti-lunedi-i-5-stelle-votano-lautorizzazione-a-procedere-a-salvini-quesito-scritto-in-politichese-chi-vota-si-nega-lautorizzazione-a-procedere-chi-vota-no-la-concede\\\/#breadcrumb\",\"itemListElement\":[{\"@type\":\"ListItem\",\"position\":1,\"name\":\"Home\",\"item\":\"https:\\\/\\\/www.bellunopress.it\\\/\"},{\"@type\":\"ListItem\",\"position\":2,\"name\":\"Caso Diciotti. Luned\u00ec i 5 Stelle votano l&#8217;autorizzazione a procedere a Salvini. Quesito scritto in politichese, chi vota S\u00ec nega l&#8217;autorizzazione a procedere, chi vota No la concede\"}]},{\"@type\":\"WebSite\",\"@id\":\"https:\\\/\\\/www.bellunopress.it\\\/#website\",\"url\":\"https:\\\/\\\/www.bellunopress.it\\\/\",\"name\":\"Bellunopress - Dolomiti\",\"description\":\"e-mail: redazione@bellunopress.it\",\"publisher\":{\"@id\":\"https:\\\/\\\/www.bellunopress.it\\\/#organization\"},\"potentialAction\":[{\"@type\":\"SearchAction\",\"target\":{\"@type\":\"EntryPoint\",\"urlTemplate\":\"https:\\\/\\\/www.bellunopress.it\\\/?s={search_term_string}\"},\"query-input\":{\"@type\":\"PropertyValueSpecification\",\"valueRequired\":true,\"valueName\":\"search_term_string\"}}],\"inLanguage\":\"fr-FR\"},{\"@type\":\"Organization\",\"@id\":\"https:\\\/\\\/www.bellunopress.it\\\/#organization\",\"name\":\"Bellunopress\",\"url\":\"https:\\\/\\\/www.bellunopress.it\\\/\",\"logo\":{\"@type\":\"ImageObject\",\"inLanguage\":\"fr-FR\",\"@id\":\"https:\\\/\\\/www.bellunopress.it\\\/#\\\/schema\\\/logo\\\/image\\\/\",\"url\":\"https:\\\/\\\/www.bellunopress.it\\\/wp-content\\\/uploads\\\/2011\\\/05\\\/cropped-logo-bellunopress-.jpg\",\"contentUrl\":\"https:\\\/\\\/www.bellunopress.it\\\/wp-content\\\/uploads\\\/2011\\\/05\\\/cropped-logo-bellunopress-.jpg\",\"width\":512,\"height\":512,\"caption\":\"Bellunopress\"},\"image\":{\"@id\":\"https:\\\/\\\/www.bellunopress.it\\\/#\\\/schema\\\/logo\\\/image\\\/\"},\"sameAs\":[\"https:\\\/\\\/www.facebook.com\\\/profile.php?id=100008943462799\",\"https:\\\/\\\/x.com\\\/bellunopress\",\"https:\\\/\\\/www.linkedin.com\\\/hp\\\/?dnr=JBzUWaJfMUw8vbXJJ2tVW5-I3jZKvC4wsoxE&amp;amp;amp;amp;amp;amp;trk=nav_responsive_tab_home\",\"https:\\\/\\\/www.youtube.com\\\/channel\\\/UCxL0wu1uN0_3_7hGG0306cw\"]},{\"@type\":\"Person\",\"@id\":\"https:\\\/\\\/www.bellunopress.it\\\/#\\\/schema\\\/person\\\/79bb06722b37ece1c03d3e94beb30d73\",\"name\":\"redazione\",\"image\":{\"@type\":\"ImageObject\",\"inLanguage\":\"fr-FR\",\"@id\":\"https:\\\/\\\/secure.gravatar.com\\\/avatar\\\/37d968a2e67a6fd04c169c4bdef102d0bc5d31b2546345219e348575eb80e9a0?s=96&d=mm&r=g\",\"url\":\"https:\\\/\\\/secure.gravatar.com\\\/avatar\\\/37d968a2e67a6fd04c169c4bdef102d0bc5d31b2546345219e348575eb80e9a0?s=96&d=mm&r=g\",\"contentUrl\":\"https:\\\/\\\/secure.gravatar.com\\\/avatar\\\/37d968a2e67a6fd04c169c4bdef102d0bc5d31b2546345219e348575eb80e9a0?s=96&d=mm&r=g\",\"caption\":\"redazione\"},\"sameAs\":[\"http:\\\/\\\/www.bellunopress.it\",\"https:\\\/\\\/x.com\\\/bellunopress\"],\"url\":\"https:\\\/\\\/www.bellunopress.it\\\/fr\\\/author\\\/redazione\\\/\"}]}<\/script>\n<!-- \/ Yoast SEO plugin. -->","yoast_head_json":{"title":"Caso Diciotti. Luned\u00ec i 5 Stelle votano l'autorizzazione a procedere a Salvini. Quesito scritto in politichese, chi vota S\u00ec nega l'autorizzazione a procedere, chi vota No la concede - Bellunopress - Dolomiti","robots":{"index":"index","follow":"follow","max-snippet":"max-snippet:-1","max-image-preview":"max-image-preview:large","max-video-preview":"max-video-preview:-1"},"canonical":"https:\/\/www.bellunopress.it\/fr\/2019\/02\/17\/caso-diciotti-lunedi-i-5-stelle-votano-lautorizzazione-a-procedere-a-salvini-quesito-scritto-in-politichese-chi-vota-si-nega-lautorizzazione-a-procedere-chi-vota-no-la-concede\/","og_locale":"fr_FR","og_type":"article","og_title":"Caso Diciotti. Luned\u00ec i 5 Stelle votano l'autorizzazione a procedere a Salvini. Quesito scritto in politichese, chi vota S\u00ec nega l'autorizzazione a procedere, chi vota No la concede - Bellunopress - Dolomiti","og_description":"&#8220;Il ritardo dello sbarco della nave Diciotti, per redistribuire i migranti nei vari paesi europei, \u00e8 avvenuto per la tutela di un interesse dello Stato&#8221;? E&#8217; il testo del quesito con il quale sono chiamati al voto luned\u00ec 18 febbraio sul Portale Rousseau gli iscritti del Movimento 5 Stelle,\u00a0 riguardo la concessione dell&#8217;autorizzazione a procedere [&hellip;]","og_url":"https:\/\/www.bellunopress.it\/fr\/2019\/02\/17\/caso-diciotti-lunedi-i-5-stelle-votano-lautorizzazione-a-procedere-a-salvini-quesito-scritto-in-politichese-chi-vota-si-nega-lautorizzazione-a-procedere-chi-vota-no-la-concede\/","og_site_name":"Bellunopress - Dolomiti","article_publisher":"https:\/\/www.facebook.com\/profile.php?id=100008943462799","article_published_time":"2019-02-17T16:26:56+00:00","article_modified_time":"2019-02-17T16:26:57+00:00","og_image":[{"url":"http:\/\/www.bellunopress.it\/wp-content\/uploads\/2019\/02\/voto-digitale.jpg","type":"","width":"","height":""}],"author":"redazione","twitter_card":"summary_large_image","twitter_creator":"@bellunopress","twitter_site":"@bellunopress","twitter_misc":{"Written by":"redazione","Est. reading time":"2 minutes"},"schema":{"@context":"https:\/\/schema.org","@graph":[{"@type":"Article","@id":"https:\/\/www.bellunopress.it\/2019\/02\/17\/caso-diciotti-lunedi-i-5-stelle-votano-lautorizzazione-a-procedere-a-salvini-quesito-scritto-in-politichese-chi-vota-si-nega-lautorizzazione-a-procedere-chi-vota-no-la-concede\/#article","isPartOf":{"@id":"https:\/\/www.bellunopress.it\/2019\/02\/17\/caso-diciotti-lunedi-i-5-stelle-votano-lautorizzazione-a-procedere-a-salvini-quesito-scritto-in-politichese-chi-vota-si-nega-lautorizzazione-a-procedere-chi-vota-no-la-concede\/"},"author":{"name":"redazione","@id":"https:\/\/www.bellunopress.it\/#\/schema\/person\/79bb06722b37ece1c03d3e94beb30d73"},"headline":"Caso Diciotti. Luned\u00ec i 5 Stelle votano l&#8217;autorizzazione a procedere a Salvini. Quesito scritto in politichese, chi vota S\u00ec nega l&#8217;autorizzazione a procedere, chi vota No la concede","datePublished":"2019-02-17T16:26:56+00:00","dateModified":"2019-02-17T16:26:57+00:00","mainEntityOfPage":{"@id":"https:\/\/www.bellunopress.it\/2019\/02\/17\/caso-diciotti-lunedi-i-5-stelle-votano-lautorizzazione-a-procedere-a-salvini-quesito-scritto-in-politichese-chi-vota-si-nega-lautorizzazione-a-procedere-chi-vota-no-la-concede\/"},"wordCount":488,"publisher":{"@id":"https:\/\/www.bellunopress.it\/#organization"},"image":{"@id":"https:\/\/www.bellunopress.it\/2019\/02\/17\/caso-diciotti-lunedi-i-5-stelle-votano-lautorizzazione-a-procedere-a-salvini-quesito-scritto-in-politichese-chi-vota-si-nega-lautorizzazione-a-procedere-chi-vota-no-la-concede\/#primaryimage"},"thumbnailUrl":"http:\/\/www.bellunopress.it\/wp-content\/uploads\/2019\/02\/voto-digitale.jpg","articleSection":["Lettere Opinioni"],"inLanguage":"fr-FR"},{"@type":"WebPage","@id":"https:\/\/www.bellunopress.it\/2019\/02\/17\/caso-diciotti-lunedi-i-5-stelle-votano-lautorizzazione-a-procedere-a-salvini-quesito-scritto-in-politichese-chi-vota-si-nega-lautorizzazione-a-procedere-chi-vota-no-la-concede\/","url":"https:\/\/www.bellunopress.it\/2019\/02\/17\/caso-diciotti-lunedi-i-5-stelle-votano-lautorizzazione-a-procedere-a-salvini-quesito-scritto-in-politichese-chi-vota-si-nega-lautorizzazione-a-procedere-chi-vota-no-la-concede\/","name":"Caso Diciotti. Luned\u00ec i 5 Stelle votano l'autorizzazione a procedere a Salvini. Quesito scritto in politichese, chi vota S\u00ec nega l'autorizzazione a procedere, chi vota No la concede - Bellunopress - Dolomiti","isPartOf":{"@id":"https:\/\/www.bellunopress.it\/#website"},"primaryImageOfPage":{"@id":"https:\/\/www.bellunopress.it\/2019\/02\/17\/caso-diciotti-lunedi-i-5-stelle-votano-lautorizzazione-a-procedere-a-salvini-quesito-scritto-in-politichese-chi-vota-si-nega-lautorizzazione-a-procedere-chi-vota-no-la-concede\/#primaryimage"},"image":{"@id":"https:\/\/www.bellunopress.it\/2019\/02\/17\/caso-diciotti-lunedi-i-5-stelle-votano-lautorizzazione-a-procedere-a-salvini-quesito-scritto-in-politichese-chi-vota-si-nega-lautorizzazione-a-procedere-chi-vota-no-la-concede\/#primaryimage"},"thumbnailUrl":"http:\/\/www.bellunopress.it\/wp-content\/uploads\/2019\/02\/voto-digitale.jpg","datePublished":"2019-02-17T16:26:56+00:00","dateModified":"2019-02-17T16:26:57+00:00","breadcrumb":{"@id":"https:\/\/www.bellunopress.it\/2019\/02\/17\/caso-diciotti-lunedi-i-5-stelle-votano-lautorizzazione-a-procedere-a-salvini-quesito-scritto-in-politichese-chi-vota-si-nega-lautorizzazione-a-procedere-chi-vota-no-la-concede\/#breadcrumb"},"inLanguage":"fr-FR","potentialAction":[{"@type":"ReadAction","target":["https:\/\/www.bellunopress.it\/2019\/02\/17\/caso-diciotti-lunedi-i-5-stelle-votano-lautorizzazione-a-procedere-a-salvini-quesito-scritto-in-politichese-chi-vota-si-nega-lautorizzazione-a-procedere-chi-vota-no-la-concede\/"]}]},{"@type":"ImageObject","inLanguage":"fr-FR","@id":"https:\/\/www.bellunopress.it\/2019\/02\/17\/caso-diciotti-lunedi-i-5-stelle-votano-lautorizzazione-a-procedere-a-salvini-quesito-scritto-in-politichese-chi-vota-si-nega-lautorizzazione-a-procedere-chi-vota-no-la-concede\/#primaryimage","url":"http:\/\/www.bellunopress.it\/wp-content\/uploads\/2019\/02\/voto-digitale.jpg","contentUrl":"http:\/\/www.bellunopress.it\/wp-content\/uploads\/2019\/02\/voto-digitale.jpg"},{"@type":"BreadcrumbList","@id":"https:\/\/www.bellunopress.it\/2019\/02\/17\/caso-diciotti-lunedi-i-5-stelle-votano-lautorizzazione-a-procedere-a-salvini-quesito-scritto-in-politichese-chi-vota-si-nega-lautorizzazione-a-procedere-chi-vota-no-la-concede\/#breadcrumb","itemListElement":[{"@type":"ListItem","position":1,"name":"Home","item":"https:\/\/www.bellunopress.it\/"},{"@type":"ListItem","position":2,"name":"Caso Diciotti. Luned\u00ec i 5 Stelle votano l&#8217;autorizzazione a procedere a Salvini. Quesito scritto in politichese, chi vota S\u00ec nega l&#8217;autorizzazione a procedere, chi vota No la concede"}]},{"@type":"WebSite","@id":"https:\/\/www.bellunopress.it\/#website","url":"https:\/\/www.bellunopress.it\/","name":"Bellunopress - Dolomiti","description":"e-mail: redazione@bellunopress.it","publisher":{"@id":"https:\/\/www.bellunopress.it\/#organization"},"potentialAction":[{"@type":"SearchAction","target":{"@type":"EntryPoint","urlTemplate":"https:\/\/www.bellunopress.it\/?s={search_term_string}"},"query-input":{"@type":"PropertyValueSpecification","valueRequired":true,"valueName":"search_term_string"}}],"inLanguage":"fr-FR"},{"@type":"Organization","@id":"https:\/\/www.bellunopress.it\/#organization","name":"Bellunopress","url":"https:\/\/www.bellunopress.it\/","logo":{"@type":"ImageObject","inLanguage":"fr-FR","@id":"https:\/\/www.bellunopress.it\/#\/schema\/logo\/image\/","url":"https:\/\/www.bellunopress.it\/wp-content\/uploads\/2011\/05\/cropped-logo-bellunopress-.jpg","contentUrl":"https:\/\/www.bellunopress.it\/wp-content\/uploads\/2011\/05\/cropped-logo-bellunopress-.jpg","width":512,"height":512,"caption":"Bellunopress"},"image":{"@id":"https:\/\/www.bellunopress.it\/#\/schema\/logo\/image\/"},"sameAs":["https:\/\/www.facebook.com\/profile.php?id=100008943462799","https:\/\/x.com\/bellunopress","https:\/\/www.linkedin.com\/hp\/?dnr=JBzUWaJfMUw8vbXJJ2tVW5-I3jZKvC4wsoxE&amp;amp;amp;amp;amp;amp;trk=nav_responsive_tab_home","https:\/\/www.youtube.com\/channel\/UCxL0wu1uN0_3_7hGG0306cw"]},{"@type":"Person","@id":"https:\/\/www.bellunopress.it\/#\/schema\/person\/79bb06722b37ece1c03d3e94beb30d73","name":"r\u00e9daction","image":{"@type":"ImageObject","inLanguage":"fr-FR","@id":"https:\/\/secure.gravatar.com\/avatar\/37d968a2e67a6fd04c169c4bdef102d0bc5d31b2546345219e348575eb80e9a0?s=96&d=mm&r=g","url":"https:\/\/secure.gravatar.com\/avatar\/37d968a2e67a6fd04c169c4bdef102d0bc5d31b2546345219e348575eb80e9a0?s=96&d=mm&r=g","contentUrl":"https:\/\/secure.gravatar.com\/avatar\/37d968a2e67a6fd04c169c4bdef102d0bc5d31b2546345219e348575eb80e9a0?s=96&d=mm&r=g","caption":"redazione"},"sameAs":["http:\/\/www.bellunopress.it","https:\/\/x.com\/bellunopress"],"url":"https:\/\/www.bellunopress.it\/fr\/author\/redazione\/"}]}},"_links":{"self":[{"href":"https:\/\/www.bellunopress.it\/fr\/wp-json\/wp\/v2\/posts\/102115","targetHints":{"allow":["GET"]}}],"collection":[{"href":"https:\/\/www.bellunopress.it\/fr\/wp-json\/wp\/v2\/posts"}],"about":[{"href":"https:\/\/www.bellunopress.it\/fr\/wp-json\/wp\/v2\/types\/post"}],"author":[{"embeddable":true,"href":"https:\/\/www.bellunopress.it\/fr\/wp-json\/wp\/v2\/users\/2"}],"replies":[{"embeddable":true,"href":"https:\/\/www.bellunopress.it\/fr\/wp-json\/wp\/v2\/comments?post=102115"}],"version-history":[{"count":2,"href":"https:\/\/www.bellunopress.it\/fr\/wp-json\/wp\/v2\/posts\/102115\/revisions"}],"predecessor-version":[{"id":102118,"href":"https:\/\/www.bellunopress.it\/fr\/wp-json\/wp\/v2\/posts\/102115\/revisions\/102118"}],"wp:attachment":[{"href":"https:\/\/www.bellunopress.it\/fr\/wp-json\/wp\/v2\/media?parent=102115"}],"wp:term":[{"taxonomy":"category","embeddable":true,"href":"https:\/\/www.bellunopress.it\/fr\/wp-json\/wp\/v2\/categories?post=102115"},{"taxonomy":"post_tag","embeddable":true,"href":"https:\/\/www.bellunopress.it\/fr\/wp-json\/wp\/v2\/tags?post=102115"}],"curies":[{"name":"wp","href":"https:\/\/api.w.org\/{rel}","templated":true}]}}