{"id":102113,"date":"2019-02-17T16:16:15","date_gmt":"2019-02-17T15:16:15","guid":{"rendered":"http:\/\/www.bellunopress.it\/?p=102113"},"modified":"2019-02-17T16:16:15","modified_gmt":"2019-02-17T15:16:15","slug":"feste-di-carnevale-a-castion-e-belluno-il-programma","status":"publish","type":"post","link":"https:\/\/www.bellunopress.it\/fr\/2019\/02\/17\/feste-di-carnevale-a-castion-e-belluno-il-programma\/","title":{"rendered":"Feste di Carnevale a Castion e Belluno. Il programma"},"content":{"rendered":"<p>Sabato 23 febbraio la compagnia teatrale &#8220;Allegra compagnia&#8221; metter\u00e0 in scena la commedia &#8220;Leonardo, il Genio dei Geni&#8221;.\u00a0Appuntamento al Teatro San Gaetano alle 20:45.\u00a0Il clou a Castion \u00e8 domenica 24 febbraio 2019:<\/p>\n<p>Dalle 10:00 animazione e giochi per bambini con il Mago Bronze<br \/>\nAlle 11:30 la sfilata delle mascherine delle bambine e dei bambini<\/p>\n<p>Dalle 14.15 la sfilata dei carri allegorici delle frazioni\u00a0e per tutto il giorno fornitissimi chioschi gastronomici sul Pian delle Feste\u00a0con intrattenimento, giochi, truccabimbi e musica con Dj Benjix<\/p>\n<p><a href=\"http:\/\/www.bellunopress.it\/fr\/2014\/03\/01\/giornata-dello-sconcerto-sabato-1-marzo-a-belluno\/carnevale-bretelle-lasche-1\/\" rel=\"attachment wp-att-56720\"><img loading=\"lazy\" decoding=\"async\" class=\"alignleft size-full wp-image-56720\" src=\"http:\/\/www.bellunopress.it\/wp-content\/uploads\/2014\/03\/carnevale-bretelle-lasche-1.jpg\" alt=\"\" width=\"152\" height=\"170\" \/><\/a>A Belluno invece la data da ricordare \u00e8 la domenica successiva, 3 marzo 2019!<\/p>\n<p>Alle 10.15 daremo il via alla Carnival color run, corsa in maschera per le vie della citt\u00e0, con la tuta in omaggio e la Carrozzeria Carnevale, dove entrerai bianco e uscirai verniciato!<br \/>\nIl prezzo comprensivo di Gadget e\/o tuta bianca \u00e8 di \u20acur 8,00, con una promozione speciale due adulti + 1 Bambino Omaggio!<br \/>\n(in collaborazione con Gruppo Autismo Belluno, Comitato Pollicino, Levego Crono Run).<\/p>\n<p>Alle 14.15 la sfilata dei carri allegorici in Piazza dei Martiri, con l&#8217;apertura della manifestazione a cura degli Sbandieratori di Port&#8217;Oria di Feltre, l&#8217;esibizione della Prima Banda della Filarmonica 1867 di Belluno, Truccabimbi, animazione, musica con Dj Benjix e il chiosco della Pro Loco Pieve Castionese per dare &#8220;gusto&#8221; alla tua presenza con panini con pastin, patate fritte e altre prelibatezze!<\/p>\n<p>Ma il Carnevale Castionese e di Belluno non si ferma qui!<\/p>\n<p>Luned\u00ec 4 marzo alle 20:30 la Tombola di Carnevale a cura del comitato Genitori delle Scuole Medie di Castion (presso palestra delle scuole medie)<\/p>\n<p>Marted\u00ec 5 marzo &#8211; Marted\u00ec grasso &#8211; nel pomeriggio in Piazza dei Martiri la sfilata delle Mascherine a cura del Consorzio Centro Storico.<\/p>\n<p>Il programma\u00a0\u00a0<a href=\"http:\/\/www.prolocopievecastionese.it\/wp-content\/uploads\/2019\/02\/Pro-Loco-Castion-3-ante-Carnevale-2019.pdf\" target=\"_blank\" rel=\"noopener\"><span style=\"font-family: Verdana, Arial, Helvetica, sans-serif;\">completo \u00e8 scaricabile qui<\/span><\/a><\/p>\n<p><a href=\"http:\/\/www.bellunopress.it\/fr\/2011\/01\/31\/via-al-carnevale-di-sedico-2011-sabato-alla-discoteca-paradiso-lelezione-della-miss\/carri-mascherati-sedico1\/\" rel=\"attachment wp-att-649\"><img loading=\"lazy\" decoding=\"async\" class=\"alignleft size-full wp-image-649\" src=\"http:\/\/www.bellunopress.it\/wp-content\/uploads\/2009\/02\/carri-mascherati-sedico1.jpg\" alt=\"\" width=\"100\" height=\"100\" \/><\/a>Con il patrocinio del Comune di Belluno e la collaborazione di Consorzio Centro Storico Belluno.<\/p>\n<p>E non solo:<\/p>\n<p>Molti spettacoli teatrali brillanti per dare il via alla 1\u00b0 edizione della rassegna di teatro amatoriale &#8220;CORIANDOLI&#8221;.<\/p>\n<p>Sabato 02\/03\/2019<\/p>\n<p>Chiave per due<\/p>\n<p>Compagnia Fon Teatro.<\/p>\n<p>Commedia brillante in due atti.<\/p>\n<p>Di John Chapman e Dave Freeman.<\/p>\n<p>Regia Silvano Zeni.<\/p>\n<p>Enrichetta da due anni vive grazie ai suoi 2 amanti che la mantengono. Per riuscire a districarsi tra le due relazioni ricorre ad una trovata: l\u2019invenzione di una madre bigotta ed oppressiva che interviene al momento opportuno per cacciare l\u2019uno o l\u2019altro amante. Ma il sistema ingegnato da Enrichetta inizia a scricchiolare quando in casa arriva l\u2019amica Anna, in crisi con il marito. Da questo momento la vicenda diventa un susseguirsi di intrighi, finzioni e colpi di scena, in cui ogni attimo potrebbe essere fatale e svelare tutto\u2026<\/p>\n<p>Sabato 09\/03\/2019<\/p>\n<p>Il libertino<\/p>\n<p>Compagnia Las Palabras.<\/p>\n<p>Commedia leggera di donne e filosofia.<\/p>\n<p>Di Eric Emmanuel Schmitt.<\/p>\n<p>Regia di Lara Rossa.<\/p>\n<p>Cercare di spiegare il mondo vuol dire formulare ipotesi, affrontare rischi, mettersi in discussione, perch\u00e9 se la verit\u00e0 \u00e8 la meta, \u00e8 una meta irraggiungibile, come la linea all\u2019orizzonte che indietreggia mentre cerchiamo di andarle incontro.<\/p>\n<p>Le idee sono donne, Baronnet, si annidano, si corteggiano, si amano e quando il desiderio cambia direzione, se ne cercano altre\u2026E\u2019 una bella donna di passaggio, la filosofia, non prenderla per il grande amore.<\/p>\n<p>Sabato 16\/03\/2019<\/p>\n<p>Tornar. Bagagli di memoria<\/p>\n<p>Compagnia Fuori di Quinta<\/p>\n<p>Commedia in un atto.<\/p>\n<p>Regia dei Fuori di Quinta.<\/p>\n<p>Un ritorno, quello dei migranti italiani alla propria terra di origine, ancora da raccontare. Fatto di fortuna, quella trovata di l\u00e0 del confine, e di malattia, quella che si \u00e8 fatta spazio pian piano una volta arrivati di qua. Un \u201ctornar\u201d, quello dei migranti italiani, che ha appesantito valigie e bagagli, che mai dovrebbero essere svuotati, perch\u00e9 fatti di memorie e ricordi.<\/p>\n<p>Sabato 06\/04\/2019<\/p>\n<p>Coppia aperta, quasi spalancata<\/p>\n<p>Compagnia Officina delle pezze<\/p>\n<p>Commedia in un atto.<\/p>\n<p>Liberamente tratto dall\u2019atto unico di Dario Fo e Franca Rame.<\/p>\n<p>Regia Anna de March.<\/p>\n<p>Due attori in scena presentano i pro e i contro della \u201cnuova coppia aperta\u201d, prendendo le distanze da un nuovo liberismo sessuale che stravolge i sentimenti umani in nome di una parit\u00e0 ideologica che in pratica si rivela spesso fasulla e sessista, in cui l\u2019uomo si sente in potere di concedere o approvare le relazioni della donna. Questo atteggiamento di finta avanguardia non porta ad altro che alla depressione o alla sfiducia dei rapporti umani e di coppia.<\/p>\n<p>Tutti gli spettacoli avranno luogo presso il teatro San Gaetano di Castion (BL) alle ore 21:00<\/p>\n<p>Si consiglia caldamente la prenotazione: 345 8238880<\/p>\n<p>E infine:<\/p>\n<p>Le Stanze, il nostro laboratorio di corsi e attivit\u00e0 culturali e artistiche, \u00e8 sempre in piena attivit\u00e0.<\/p>\n<p>Ci sono ancora pochissimi posti per il corso ABC del Vino, in avvio venerd\u00ec 8 marzo e poi a seguire venerd\u00ec 22 marzo, venerd\u00ec 29 marzo e venerd\u00ec 5 aprile.<\/p>","protected":false},"excerpt":{"rendered":"<p>Sabato 23 febbraio la compagnia teatrale &#8220;Allegra compagnia&#8221; metter\u00e0 in scena la commedia &#8220;Leonardo, il Genio dei Geni&#8221;.\u00a0Appuntamento al Teatro San Gaetano alle 20:45.\u00a0Il clou a Castion \u00e8 domenica 24 febbraio 2019: Dalle 10:00 animazione e giochi per bambini con il Mago Bronze Alle 11:30 la sfilata delle mascherine delle bambine e dei bambini Dalle [&hellip;]<\/p>\n","protected":false},"author":2,"featured_media":0,"comment_status":"closed","ping_status":"open","sticky":false,"template":"","format":"standard","meta":{"footnotes":""},"categories":[27,25,4],"tags":[],"class_list":["post-102113","post","type-post","status-publish","format-standard","category-appuntamenti","category-pausa-caffe","category-sport"],"yoast_head":"<!-- This site is optimized with the Yoast SEO plugin v28.4 - https:\/\/yoast.com\/product\/yoast-seo-wordpress\/ -->\n<title>Feste di Carnevale a Castion e Belluno. Il programma - Bellunopress - Dolomiti<\/title>\n<meta name=\"robots\" content=\"index, follow, max-snippet:-1, max-image-preview:large, max-video-preview:-1\" \/>\n<link rel=\"canonical\" href=\"https:\/\/www.bellunopress.it\/fr\/2019\/02\/17\/feste-di-carnevale-a-castion-e-belluno-il-programma\/\" \/>\n<meta property=\"og:locale\" content=\"fr_FR\" \/>\n<meta property=\"og:type\" content=\"article\" \/>\n<meta property=\"og:title\" content=\"Feste di Carnevale a Castion e Belluno. Il programma - Bellunopress - Dolomiti\" \/>\n<meta property=\"og:description\" content=\"Sabato 23 febbraio la compagnia teatrale &#8220;Allegra compagnia&#8221; metter\u00e0 in scena la commedia &#8220;Leonardo, il Genio dei Geni&#8221;.\u00a0Appuntamento al Teatro San Gaetano alle 20:45.\u00a0Il clou a Castion \u00e8 domenica 24 febbraio 2019: Dalle 10:00 animazione e giochi per bambini con il Mago Bronze Alle 11:30 la sfilata delle mascherine delle bambine e dei bambini Dalle [&hellip;]\" \/>\n<meta property=\"og:url\" content=\"https:\/\/www.bellunopress.it\/fr\/2019\/02\/17\/feste-di-carnevale-a-castion-e-belluno-il-programma\/\" \/>\n<meta property=\"og:site_name\" content=\"Bellunopress - Dolomiti\" \/>\n<meta property=\"article:publisher\" content=\"https:\/\/www.facebook.com\/profile.php?id=100008943462799\" \/>\n<meta property=\"article:published_time\" content=\"2019-02-17T15:16:15+00:00\" \/>\n<meta property=\"og:image\" content=\"http:\/\/www.bellunopress.it\/wp-content\/uploads\/2014\/03\/carnevale-bretelle-lasche-1.jpg\" \/>\n<meta name=\"author\" content=\"redazione\" \/>\n<meta name=\"twitter:card\" content=\"summary_large_image\" \/>\n<meta name=\"twitter:creator\" content=\"@bellunopress\" \/>\n<meta name=\"twitter:site\" content=\"@bellunopress\" \/>\n<meta name=\"twitter:label1\" content=\"\u00c9crit par\" \/>\n\t<meta name=\"twitter:data1\" content=\"redazione\" \/>\n\t<meta name=\"twitter:label2\" content=\"Dur\u00e9e de lecture estim\u00e9e\" \/>\n\t<meta name=\"twitter:data2\" content=\"4 minutes\" \/>\n<script type=\"application\/ld+json\" class=\"yoast-schema-graph\">{\"@context\":\"https:\\\/\\\/schema.org\",\"@graph\":[{\"@type\":\"Article\",\"@id\":\"https:\\\/\\\/www.bellunopress.it\\\/2019\\\/02\\\/17\\\/feste-di-carnevale-a-castion-e-belluno-il-programma\\\/#article\",\"isPartOf\":{\"@id\":\"https:\\\/\\\/www.bellunopress.it\\\/2019\\\/02\\\/17\\\/feste-di-carnevale-a-castion-e-belluno-il-programma\\\/\"},\"author\":{\"name\":\"redazione\",\"@id\":\"https:\\\/\\\/www.bellunopress.it\\\/#\\\/schema\\\/person\\\/79bb06722b37ece1c03d3e94beb30d73\"},\"headline\":\"Feste di Carnevale a Castion e Belluno. Il programma\",\"datePublished\":\"2019-02-17T15:16:15+00:00\",\"mainEntityOfPage\":{\"@id\":\"https:\\\/\\\/www.bellunopress.it\\\/2019\\\/02\\\/17\\\/feste-di-carnevale-a-castion-e-belluno-il-programma\\\/\"},\"wordCount\":767,\"publisher\":{\"@id\":\"https:\\\/\\\/www.bellunopress.it\\\/#organization\"},\"image\":{\"@id\":\"https:\\\/\\\/www.bellunopress.it\\\/2019\\\/02\\\/17\\\/feste-di-carnevale-a-castion-e-belluno-il-programma\\\/#primaryimage\"},\"thumbnailUrl\":\"http:\\\/\\\/www.bellunopress.it\\\/wp-content\\\/uploads\\\/2014\\\/03\\\/carnevale-bretelle-lasche-1.jpg\",\"articleSection\":[\"Appuntamenti, Eventi\",\"Pausa Caff\u00e8\",\"Sport, tempo libero\"],\"inLanguage\":\"fr-FR\"},{\"@type\":\"WebPage\",\"@id\":\"https:\\\/\\\/www.bellunopress.it\\\/2019\\\/02\\\/17\\\/feste-di-carnevale-a-castion-e-belluno-il-programma\\\/\",\"url\":\"https:\\\/\\\/www.bellunopress.it\\\/2019\\\/02\\\/17\\\/feste-di-carnevale-a-castion-e-belluno-il-programma\\\/\",\"name\":\"Feste di Carnevale a Castion e Belluno. Il programma - Bellunopress - Dolomiti\",\"isPartOf\":{\"@id\":\"https:\\\/\\\/www.bellunopress.it\\\/#website\"},\"primaryImageOfPage\":{\"@id\":\"https:\\\/\\\/www.bellunopress.it\\\/2019\\\/02\\\/17\\\/feste-di-carnevale-a-castion-e-belluno-il-programma\\\/#primaryimage\"},\"image\":{\"@id\":\"https:\\\/\\\/www.bellunopress.it\\\/2019\\\/02\\\/17\\\/feste-di-carnevale-a-castion-e-belluno-il-programma\\\/#primaryimage\"},\"thumbnailUrl\":\"http:\\\/\\\/www.bellunopress.it\\\/wp-content\\\/uploads\\\/2014\\\/03\\\/carnevale-bretelle-lasche-1.jpg\",\"datePublished\":\"2019-02-17T15:16:15+00:00\",\"breadcrumb\":{\"@id\":\"https:\\\/\\\/www.bellunopress.it\\\/2019\\\/02\\\/17\\\/feste-di-carnevale-a-castion-e-belluno-il-programma\\\/#breadcrumb\"},\"inLanguage\":\"fr-FR\",\"potentialAction\":[{\"@type\":\"ReadAction\",\"target\":[\"https:\\\/\\\/www.bellunopress.it\\\/2019\\\/02\\\/17\\\/feste-di-carnevale-a-castion-e-belluno-il-programma\\\/\"]}]},{\"@type\":\"ImageObject\",\"inLanguage\":\"fr-FR\",\"@id\":\"https:\\\/\\\/www.bellunopress.it\\\/2019\\\/02\\\/17\\\/feste-di-carnevale-a-castion-e-belluno-il-programma\\\/#primaryimage\",\"url\":\"http:\\\/\\\/www.bellunopress.it\\\/wp-content\\\/uploads\\\/2014\\\/03\\\/carnevale-bretelle-lasche-1.jpg\",\"contentUrl\":\"http:\\\/\\\/www.bellunopress.it\\\/wp-content\\\/uploads\\\/2014\\\/03\\\/carnevale-bretelle-lasche-1.jpg\"},{\"@type\":\"BreadcrumbList\",\"@id\":\"https:\\\/\\\/www.bellunopress.it\\\/2019\\\/02\\\/17\\\/feste-di-carnevale-a-castion-e-belluno-il-programma\\\/#breadcrumb\",\"itemListElement\":[{\"@type\":\"ListItem\",\"position\":1,\"name\":\"Home\",\"item\":\"https:\\\/\\\/www.bellunopress.it\\\/\"},{\"@type\":\"ListItem\",\"position\":2,\"name\":\"Feste di Carnevale a Castion e Belluno. Il programma\"}]},{\"@type\":\"WebSite\",\"@id\":\"https:\\\/\\\/www.bellunopress.it\\\/#website\",\"url\":\"https:\\\/\\\/www.bellunopress.it\\\/\",\"name\":\"Bellunopress - Dolomiti\",\"description\":\"e-mail: redazione@bellunopress.it\",\"publisher\":{\"@id\":\"https:\\\/\\\/www.bellunopress.it\\\/#organization\"},\"potentialAction\":[{\"@type\":\"SearchAction\",\"target\":{\"@type\":\"EntryPoint\",\"urlTemplate\":\"https:\\\/\\\/www.bellunopress.it\\\/?s={search_term_string}\"},\"query-input\":{\"@type\":\"PropertyValueSpecification\",\"valueRequired\":true,\"valueName\":\"search_term_string\"}}],\"inLanguage\":\"fr-FR\"},{\"@type\":\"Organization\",\"@id\":\"https:\\\/\\\/www.bellunopress.it\\\/#organization\",\"name\":\"Bellunopress\",\"url\":\"https:\\\/\\\/www.bellunopress.it\\\/\",\"logo\":{\"@type\":\"ImageObject\",\"inLanguage\":\"fr-FR\",\"@id\":\"https:\\\/\\\/www.bellunopress.it\\\/#\\\/schema\\\/logo\\\/image\\\/\",\"url\":\"https:\\\/\\\/www.bellunopress.it\\\/wp-content\\\/uploads\\\/2011\\\/05\\\/cropped-logo-bellunopress-.jpg\",\"contentUrl\":\"https:\\\/\\\/www.bellunopress.it\\\/wp-content\\\/uploads\\\/2011\\\/05\\\/cropped-logo-bellunopress-.jpg\",\"width\":512,\"height\":512,\"caption\":\"Bellunopress\"},\"image\":{\"@id\":\"https:\\\/\\\/www.bellunopress.it\\\/#\\\/schema\\\/logo\\\/image\\\/\"},\"sameAs\":[\"https:\\\/\\\/www.facebook.com\\\/profile.php?id=100008943462799\",\"https:\\\/\\\/x.com\\\/bellunopress\",\"https:\\\/\\\/www.linkedin.com\\\/hp\\\/?dnr=JBzUWaJfMUw8vbXJJ2tVW5-I3jZKvC4wsoxE&amp;amp;amp;amp;amp;amp;trk=nav_responsive_tab_home\",\"https:\\\/\\\/www.youtube.com\\\/channel\\\/UCxL0wu1uN0_3_7hGG0306cw\"]},{\"@type\":\"Person\",\"@id\":\"https:\\\/\\\/www.bellunopress.it\\\/#\\\/schema\\\/person\\\/79bb06722b37ece1c03d3e94beb30d73\",\"name\":\"redazione\",\"image\":{\"@type\":\"ImageObject\",\"inLanguage\":\"fr-FR\",\"@id\":\"https:\\\/\\\/secure.gravatar.com\\\/avatar\\\/37d968a2e67a6fd04c169c4bdef102d0bc5d31b2546345219e348575eb80e9a0?s=96&d=mm&r=g\",\"url\":\"https:\\\/\\\/secure.gravatar.com\\\/avatar\\\/37d968a2e67a6fd04c169c4bdef102d0bc5d31b2546345219e348575eb80e9a0?s=96&d=mm&r=g\",\"contentUrl\":\"https:\\\/\\\/secure.gravatar.com\\\/avatar\\\/37d968a2e67a6fd04c169c4bdef102d0bc5d31b2546345219e348575eb80e9a0?s=96&d=mm&r=g\",\"caption\":\"redazione\"},\"sameAs\":[\"http:\\\/\\\/www.bellunopress.it\",\"https:\\\/\\\/x.com\\\/bellunopress\"],\"url\":\"https:\\\/\\\/www.bellunopress.it\\\/fr\\\/author\\\/redazione\\\/\"}]}<\/script>\n<!-- \/ Yoast SEO plugin. -->","yoast_head_json":{"title":"Feste di Carnevale a Castion e Belluno. Il programma - Bellunopress - Dolomiti","robots":{"index":"index","follow":"follow","max-snippet":"max-snippet:-1","max-image-preview":"max-image-preview:large","max-video-preview":"max-video-preview:-1"},"canonical":"https:\/\/www.bellunopress.it\/fr\/2019\/02\/17\/feste-di-carnevale-a-castion-e-belluno-il-programma\/","og_locale":"fr_FR","og_type":"article","og_title":"Feste di Carnevale a Castion e Belluno. Il programma - Bellunopress - Dolomiti","og_description":"Sabato 23 febbraio la compagnia teatrale &#8220;Allegra compagnia&#8221; metter\u00e0 in scena la commedia &#8220;Leonardo, il Genio dei Geni&#8221;.\u00a0Appuntamento al Teatro San Gaetano alle 20:45.\u00a0Il clou a Castion \u00e8 domenica 24 febbraio 2019: Dalle 10:00 animazione e giochi per bambini con il Mago Bronze Alle 11:30 la sfilata delle mascherine delle bambine e dei bambini Dalle [&hellip;]","og_url":"https:\/\/www.bellunopress.it\/fr\/2019\/02\/17\/feste-di-carnevale-a-castion-e-belluno-il-programma\/","og_site_name":"Bellunopress - Dolomiti","article_publisher":"https:\/\/www.facebook.com\/profile.php?id=100008943462799","article_published_time":"2019-02-17T15:16:15+00:00","og_image":[{"url":"http:\/\/www.bellunopress.it\/wp-content\/uploads\/2014\/03\/carnevale-bretelle-lasche-1.jpg","type":"","width":"","height":""}],"author":"redazione","twitter_card":"summary_large_image","twitter_creator":"@bellunopress","twitter_site":"@bellunopress","twitter_misc":{"\u00c9crit par":"redazione","Dur\u00e9e de lecture estim\u00e9e":"4 minutes"},"schema":{"@context":"https:\/\/schema.org","@graph":[{"@type":"Article","@id":"https:\/\/www.bellunopress.it\/2019\/02\/17\/feste-di-carnevale-a-castion-e-belluno-il-programma\/#article","isPartOf":{"@id":"https:\/\/www.bellunopress.it\/2019\/02\/17\/feste-di-carnevale-a-castion-e-belluno-il-programma\/"},"author":{"name":"redazione","@id":"https:\/\/www.bellunopress.it\/#\/schema\/person\/79bb06722b37ece1c03d3e94beb30d73"},"headline":"Feste di Carnevale a Castion e Belluno. Il programma","datePublished":"2019-02-17T15:16:15+00:00","mainEntityOfPage":{"@id":"https:\/\/www.bellunopress.it\/2019\/02\/17\/feste-di-carnevale-a-castion-e-belluno-il-programma\/"},"wordCount":767,"publisher":{"@id":"https:\/\/www.bellunopress.it\/#organization"},"image":{"@id":"https:\/\/www.bellunopress.it\/2019\/02\/17\/feste-di-carnevale-a-castion-e-belluno-il-programma\/#primaryimage"},"thumbnailUrl":"http:\/\/www.bellunopress.it\/wp-content\/uploads\/2014\/03\/carnevale-bretelle-lasche-1.jpg","articleSection":["Appuntamenti, Eventi","Pausa Caff\u00e8","Sport, tempo libero"],"inLanguage":"fr-FR"},{"@type":"WebPage","@id":"https:\/\/www.bellunopress.it\/2019\/02\/17\/feste-di-carnevale-a-castion-e-belluno-il-programma\/","url":"https:\/\/www.bellunopress.it\/2019\/02\/17\/feste-di-carnevale-a-castion-e-belluno-il-programma\/","name":"Feste di Carnevale a Castion e Belluno. Il programma - Bellunopress - Dolomiti","isPartOf":{"@id":"https:\/\/www.bellunopress.it\/#website"},"primaryImageOfPage":{"@id":"https:\/\/www.bellunopress.it\/2019\/02\/17\/feste-di-carnevale-a-castion-e-belluno-il-programma\/#primaryimage"},"image":{"@id":"https:\/\/www.bellunopress.it\/2019\/02\/17\/feste-di-carnevale-a-castion-e-belluno-il-programma\/#primaryimage"},"thumbnailUrl":"http:\/\/www.bellunopress.it\/wp-content\/uploads\/2014\/03\/carnevale-bretelle-lasche-1.jpg","datePublished":"2019-02-17T15:16:15+00:00","breadcrumb":{"@id":"https:\/\/www.bellunopress.it\/2019\/02\/17\/feste-di-carnevale-a-castion-e-belluno-il-programma\/#breadcrumb"},"inLanguage":"fr-FR","potentialAction":[{"@type":"ReadAction","target":["https:\/\/www.bellunopress.it\/2019\/02\/17\/feste-di-carnevale-a-castion-e-belluno-il-programma\/"]}]},{"@type":"ImageObject","inLanguage":"fr-FR","@id":"https:\/\/www.bellunopress.it\/2019\/02\/17\/feste-di-carnevale-a-castion-e-belluno-il-programma\/#primaryimage","url":"http:\/\/www.bellunopress.it\/wp-content\/uploads\/2014\/03\/carnevale-bretelle-lasche-1.jpg","contentUrl":"http:\/\/www.bellunopress.it\/wp-content\/uploads\/2014\/03\/carnevale-bretelle-lasche-1.jpg"},{"@type":"BreadcrumbList","@id":"https:\/\/www.bellunopress.it\/2019\/02\/17\/feste-di-carnevale-a-castion-e-belluno-il-programma\/#breadcrumb","itemListElement":[{"@type":"ListItem","position":1,"name":"Home","item":"https:\/\/www.bellunopress.it\/"},{"@type":"ListItem","position":2,"name":"Feste di Carnevale a Castion e Belluno. Il programma"}]},{"@type":"WebSite","@id":"https:\/\/www.bellunopress.it\/#website","url":"https:\/\/www.bellunopress.it\/","name":"Bellunopress - Dolomiti","description":"e-mail: redazione@bellunopress.it","publisher":{"@id":"https:\/\/www.bellunopress.it\/#organization"},"potentialAction":[{"@type":"SearchAction","target":{"@type":"EntryPoint","urlTemplate":"https:\/\/www.bellunopress.it\/?s={search_term_string}"},"query-input":{"@type":"PropertyValueSpecification","valueRequired":true,"valueName":"search_term_string"}}],"inLanguage":"fr-FR"},{"@type":"Organization","@id":"https:\/\/www.bellunopress.it\/#organization","name":"Bellunopress","url":"https:\/\/www.bellunopress.it\/","logo":{"@type":"ImageObject","inLanguage":"fr-FR","@id":"https:\/\/www.bellunopress.it\/#\/schema\/logo\/image\/","url":"https:\/\/www.bellunopress.it\/wp-content\/uploads\/2011\/05\/cropped-logo-bellunopress-.jpg","contentUrl":"https:\/\/www.bellunopress.it\/wp-content\/uploads\/2011\/05\/cropped-logo-bellunopress-.jpg","width":512,"height":512,"caption":"Bellunopress"},"image":{"@id":"https:\/\/www.bellunopress.it\/#\/schema\/logo\/image\/"},"sameAs":["https:\/\/www.facebook.com\/profile.php?id=100008943462799","https:\/\/x.com\/bellunopress","https:\/\/www.linkedin.com\/hp\/?dnr=JBzUWaJfMUw8vbXJJ2tVW5-I3jZKvC4wsoxE&amp;amp;amp;amp;amp;amp;trk=nav_responsive_tab_home","https:\/\/www.youtube.com\/channel\/UCxL0wu1uN0_3_7hGG0306cw"]},{"@type":"Person","@id":"https:\/\/www.bellunopress.it\/#\/schema\/person\/79bb06722b37ece1c03d3e94beb30d73","name":"r\u00e9daction","image":{"@type":"ImageObject","inLanguage":"fr-FR","@id":"https:\/\/secure.gravatar.com\/avatar\/37d968a2e67a6fd04c169c4bdef102d0bc5d31b2546345219e348575eb80e9a0?s=96&d=mm&r=g","url":"https:\/\/secure.gravatar.com\/avatar\/37d968a2e67a6fd04c169c4bdef102d0bc5d31b2546345219e348575eb80e9a0?s=96&d=mm&r=g","contentUrl":"https:\/\/secure.gravatar.com\/avatar\/37d968a2e67a6fd04c169c4bdef102d0bc5d31b2546345219e348575eb80e9a0?s=96&d=mm&r=g","caption":"redazione"},"sameAs":["http:\/\/www.bellunopress.it","https:\/\/x.com\/bellunopress"],"url":"https:\/\/www.bellunopress.it\/fr\/author\/redazione\/"}]}},"_links":{"self":[{"href":"https:\/\/www.bellunopress.it\/fr\/wp-json\/wp\/v2\/posts\/102113","targetHints":{"allow":["GET"]}}],"collection":[{"href":"https:\/\/www.bellunopress.it\/fr\/wp-json\/wp\/v2\/posts"}],"about":[{"href":"https:\/\/www.bellunopress.it\/fr\/wp-json\/wp\/v2\/types\/post"}],"author":[{"embeddable":true,"href":"https:\/\/www.bellunopress.it\/fr\/wp-json\/wp\/v2\/users\/2"}],"replies":[{"embeddable":true,"href":"https:\/\/www.bellunopress.it\/fr\/wp-json\/wp\/v2\/comments?post=102113"}],"version-history":[{"count":1,"href":"https:\/\/www.bellunopress.it\/fr\/wp-json\/wp\/v2\/posts\/102113\/revisions"}],"predecessor-version":[{"id":102114,"href":"https:\/\/www.bellunopress.it\/fr\/wp-json\/wp\/v2\/posts\/102113\/revisions\/102114"}],"wp:attachment":[{"href":"https:\/\/www.bellunopress.it\/fr\/wp-json\/wp\/v2\/media?parent=102113"}],"wp:term":[{"taxonomy":"category","embeddable":true,"href":"https:\/\/www.bellunopress.it\/fr\/wp-json\/wp\/v2\/categories?post=102113"},{"taxonomy":"post_tag","embeddable":true,"href":"https:\/\/www.bellunopress.it\/fr\/wp-json\/wp\/v2\/tags?post=102113"}],"curies":[{"name":"wp","href":"https:\/\/api.w.org\/{rel}","templated":true}]}}